{"id":9050,"date":"2022-06-14T10:30:36","date_gmt":"2022-06-14T13:30:36","guid":{"rendered":"https:\/\/talcomosoy.com.ar\/?p=9050"},"modified":"2022-06-14T10:33:55","modified_gmt":"2022-06-14T13:33:55","slug":"llega-a-mendoza-la-fotografa-de-rock-mas-importante-del-pais","status":"publish","type":"post","link":"https:\/\/talcomosoy.com.ar\/index.php\/llega-a-mendoza-la-fotografa-de-rock-mas-importante-del-pais\/","title":{"rendered":"Llega a Mendoza la fot\u00f3grafa de rock m\u00e1s importante del pa\u00eds"},"content":{"rendered":"<h3>Nora Lezano presenta su muestra Fan. La inauguraci\u00f3n ser\u00e1 el viernes 17 de junio, a las 20, en el Espacio Contempor\u00e1neo de Arte Eliana Molinelli (9 de julio y Guti\u00e9rrez, ciudad de Mendoza).<\/h3>\n<p>&nbsp;<\/p>\n<p>Lezano es una artista que se expresa principalmente a trav\u00e9s del lenguaje fotogr\u00e1fico. Su principal foco es el universo de la m\u00fasica. En 25 a\u00f1os de trayectoria cre\u00f3 una imagen particular y reconocible que identifica su naturaleza creativa pero tambi\u00e9n sus principios, el no renunciar a la pasi\u00f3n por aquello que retrata.<\/p>\n<p>La m\u00fasica y los m\u00fasicos son el tema de su obra y su valor no radica en haber estado en el momento justo, sino de lo que ella decidi\u00f3 hacer en ese momento. As\u00ed, esta artista se convirti\u00f3 es una de las fot\u00f3grafas del g\u00e9nero m\u00e1s destacadas del pa\u00eds.<\/p>\n<p><strong>Junto a Fan se presentar\u00e1 Pogo, una muestra colectiva de fot\u00f3grafos mendocinos del rock integrada por los Marcos Garc\u00eda, Laura Musere, Pablo Donna, Tati Faingold, Pachy Reynoso y Facundo Serio.<\/strong><\/p>\n<p>La exposici\u00f3n permanecer\u00e1 abierta al p\u00fablico desde el 17 de junio hasta el 6 de agosto, con entrada libre y gratuita. Podr\u00e1 visitarse de lunes a s\u00e1bados y feriados de 9 a 19, en el Espacio de arte ubicado en 9 de Julio y Guti\u00e9rrez de la Ciudad de Mendoza.<\/p>\n<p>&nbsp;<\/p>\n<h3>Fan<\/h3>\n<p>&nbsp;<\/p>\n<p>Este no es solo el nombre de una muestra, es la principal operaci\u00f3n art\u00edstica de Lezano, ya que construye su imagen desde la admiraci\u00f3n. Ese es su manifiesto y ha demostrado que ese punto de vista no obnubila su mirada ni cae rendida frente al personaje que retrata sino que, por el contrario, eso le aporta un poder inusitado, ya que no necesita copiar la realidad en busca de la autenticidad sino recrear aquello que la motiva, imagin\u00f3 y ve.<\/p>\n<p>Conviven en esta selecci\u00f3n de im\u00e1genes sus proyectos personales, su vida social, los encargos de trabajo y una combinaci\u00f3n de todos juntos.<\/p>\n<p>&nbsp;<\/p>\n<h3>Nora Lezano<\/h3>\n<p>&nbsp;<\/p>\n<p>Es fot\u00f3grafa y artista visual. Naci\u00f3 en Buenos Aires en 1970. Comenz\u00f3 a desarrollar su trabajo en la d\u00e9cada de los 90, destac\u00e1ndose inmediatamente en el \u00e1mbito del rock.<\/p>\n<figure id=\"attachment_9051\" aria-describedby=\"caption-attachment-9051\" style=\"width: 216px\" class=\"wp-caption alignright\"><img data-recalc-dims=\"1\" loading=\"lazy\" decoding=\"async\" class=\"size-medium wp-image-9051\" src=\"https:\/\/i0.wp.com\/talcomosoy.com.ar\/wp-content\/uploads\/2022\/06\/Nora-Lezano-2.jpg?resize=216%2C300&#038;ssl=1\" alt=\"\" width=\"216\" height=\"300\" srcset=\"https:\/\/i0.wp.com\/talcomosoy.com.ar\/wp-content\/uploads\/2022\/06\/Nora-Lezano-2-scaled.jpg?resize=216%2C300&amp;ssl=1 216w, https:\/\/i0.wp.com\/talcomosoy.com.ar\/wp-content\/uploads\/2022\/06\/Nora-Lezano-2-scaled.jpg?resize=737%2C1024&amp;ssl=1 737w, https:\/\/i0.wp.com\/talcomosoy.com.ar\/wp-content\/uploads\/2022\/06\/Nora-Lezano-2-scaled.jpg?resize=768%2C1067&amp;ssl=1 768w, https:\/\/i0.wp.com\/talcomosoy.com.ar\/wp-content\/uploads\/2022\/06\/Nora-Lezano-2-scaled.jpg?resize=1105%2C1536&amp;ssl=1 1105w, https:\/\/i0.wp.com\/talcomosoy.com.ar\/wp-content\/uploads\/2022\/06\/Nora-Lezano-2-scaled.jpg?resize=1474%2C2048&amp;ssl=1 1474w, https:\/\/i0.wp.com\/talcomosoy.com.ar\/wp-content\/uploads\/2022\/06\/Nora-Lezano-2-scaled.jpg?resize=1024%2C1423&amp;ssl=1 1024w, https:\/\/i0.wp.com\/talcomosoy.com.ar\/wp-content\/uploads\/2022\/06\/Nora-Lezano-2-scaled.jpg?w=1842&amp;ssl=1 1842w, https:\/\/i0.wp.com\/talcomosoy.com.ar\/wp-content\/uploads\/2022\/06\/Nora-Lezano-2-scaled.jpg?w=1280&amp;ssl=1 1280w\" sizes=\"auto, (max-width: 216px) 100vw, 216px\" \/><figcaption id=\"caption-attachment-9051\" class=\"wp-caption-text\"><strong><em>Nora Lezano<\/em><\/strong><\/figcaption><\/figure>\n<p>Sus retratos de reconocidos artistas de la m\u00fasica como Charly Garc\u00eda, Luis Alberto Spinetta, Gustavo Cerati, Le\u00f3n Gieco, Liliana Herrero, Andr\u00e9s Calamaro, Vicentico, Illya Kuryaki y Fito P\u00e1ez, entre muchos otros, constituyen lo m\u00e1s representativo de su obra.<\/p>\n<p>Realiz\u00f3 adem\u00e1s las fotos de tapa de numerosos discos, tanto de int\u00e9rpretes de rock como de otros g\u00e9neros musicales.<\/p>\n<p>En el campo teatral, su labor abarca diversos roles e intereses. Dirigi\u00f3 diversos espect\u00e1culos y el dise\u00f1o de iluminaci\u00f3n de numerosas obras. Para 58 indicios sobre el cuerpo, performance dirigida por Emilio Garc\u00eda Wehbi, realiz\u00f3 una exhaustiva documentaci\u00f3n fotogr\u00e1fica a lo largo de todo el a\u00f1o 2014. Resultado de esa experiencia, el libro de im\u00e1genes y textos que publica con Wehbi: Communitas (Editorial Planeta, 2015).<\/p>\n<p>De sus numerosas colaboraciones con directores de cine se destacan Brisas heladas (2015), de Gustavo Postiglione; Los santos sucios (2009) y Luz y Fer (2006), de Luis Ortega, y Zapada, una comedia beat, de Ra\u00fal Perrone (1999). En esos trabajos tuvo a su cargo la realizaci\u00f3n de foto fija y foto de afiches y piezas gr\u00e1ficas.<\/p>\n<p>Dirigi\u00f3 los videoclips Parte por Parte, de Iv\u00e1n Noble (2012); La vuelta entera, de Francisco Bochat\u00f3n (2012) y A lo mejor, de Acorazado Potemkin (2014).<\/p>\n<p>Junto con los fot\u00f3grafos Andrea Casta\u00f1o, Mauro L\u00f3pez y Alejandro Pihu\u00e9, Lezano fue fundadora y creadora de Proyecto Espinosa, que interviene art\u00edsticamente vidriera y v\u00eda p\u00fablica de un espacio ubicado en el barrio de San Telmo. Proyecto Espinosa se describe como un colectivo art\u00edstico que desarrolla actividades con implicancias sociales, culturales y pol\u00edticas.<\/p>\n<p>Edit\u00f3 de forma independiente su primer libro de textos, Sin sue\u00f1o se duerme tambi\u00e9n (2012). Present\u00f3 su trabajo en varias muestras individuales y colectivas tanto dentro del pa\u00eds como en Brasil, Espa\u00f1a y Colombia, entre otros.<\/p>\n<p>Su obra fotogr\u00e1fica se ha publicado en importantes medios gr\u00e1ficos tanto de la Argentina como del exterior. Desde 1996 ilustra el suplemento cultural Radar del diario P\u00e1gina\/12.<\/p>\n<p>&nbsp;<\/p>\n<h3>Pogo, una muestra colectiva<\/h3>\n<p>&nbsp;<\/p>\n<p>La muestra integrada por <strong>Marcos Garc\u00eda, Laura Musere, Pablo Donna, Tati Faingold, Pachy Reynoso<\/strong> y <strong>Facundo Serio<\/strong> recorre el camino que une la fotograf\u00eda con la m\u00fasica, dos disciplinas que han vivido siempre en conexi\u00f3n permanente.<\/p>\n<p>La artista visual y curadora de la muestra, Vivian Levinson, sintetiza: <em>\u201cReunimos a seis fot\u00f3grafos que visualizan la vitalidad del rock y su impacto social, pero tambi\u00e9n revela momentos que los seguidores de la m\u00fasica no llegan a ver, desde la intimidad del estudio, actuaciones tempranas o en peque\u00f1os escenarios de la periferia, m\u00fasicos de gran impacto que tuvieron influencia en otros estilos\u201d<\/em>.<\/p>\n<p>&nbsp;<\/p>\n<h3>Integrantes de Pogo<\/h3>\n<p>&nbsp;<\/p>\n<p><strong>Tati Faingold<\/strong>: naci\u00f3 en Mendoza, tiene 22 a\u00f1os de edad y est\u00e1 cursando su \u00faltimo a\u00f1o en la carrera de Direcci\u00f3n Cinematogr\u00e1fica en la Universidad del Cine en la Ciudad de Buenos Aires. Realiz\u00f3 estudios en la Universidad Nueva York Film Academy, con sede en Los \u00c1ngeles. Se desempe\u00f1a tambi\u00e9n como directora de arte, fot\u00f3grafa en digital y anal\u00f3gico, armado de escenograf\u00eda, est\u00e9tica, vestuario, producci\u00f3n y guion en diversos proyectos en Mendoza, Buenos Aires, Uruguay y Barcelona.<\/p>\n<p>Facundo Serio es fot\u00f3grafo y cineasta. Estudiante de la tecnicatura de cine en la Escuela Regional y de Cine y Video y realiz\u00f3 el curso de dos a\u00f1os de director de fotograf\u00eda en la Escuela de Cinematograf\u00eda Argentina, en la ciudad de Buenos Aires. Se desempe\u00f1a como fot\u00f3grafo en el estudio fotogr\u00e1fico de Daniel Serio Mendoza y, desde 2008, trabaja en la producci\u00f3n audiovisual mendocina.<\/p>\n<p><strong>Laura Musere<\/strong> es fot\u00f3grafa. Inicia su actividad en el 2013 incursionando en todas las \u00e1reas de fotograf\u00eda: eventos sociales, trabajos documentales, coberturas period\u00edsticas, art\u00edsticas y comerciales. Actualmente ejerce la docencia, participa en la organizaci\u00f3n de talleres y producciones cinematogr\u00e1ficas y se especializa en el fotoperiodismo de show eventos privados. Desde el a\u00f1o 2020 es productora de contenidos en Prendete on line, medio period\u00edstico independiente cuyo objetivo es difundir la m\u00fasica local y la cultura general.<\/p>\n<p><strong>Marcos Ernesto Garc\u00eda<\/strong>: Estudi\u00f3 en la Escuela Argentina de Fotograf\u00eda, empez\u00f3 con trabajos en blanco y negro, revelando y copia manual. Comienza su carrera de fotoperiodista en diario Los Andes. Durante este per\u00edodo trabaj\u00f3 para la agencia internacional AP y otros privados de Mendoza. Actualmente es parte de una agencia de marketing digital generando contenido.<\/p>\n<p><strong>Pachy Reynoso<\/strong> es mendocino por adopci\u00f3n. Generador de contenidos audiovisuales con m\u00e1s de 20 a\u00f1os de trayectoria publicando en medios nacionales e internacionales. Un amante del rock.<\/p>\n<p><strong>Pablo Donna<\/strong> es fot\u00f3grafo independiente. Desde 2010 est\u00e1 vinculado a la m\u00fasica, realiza colaboraciones con medios de comunicaci\u00f3n, productoras audiovisuales y trabaja en la imagen de bandas.<\/p>\n<p>&nbsp;<\/p>\n<p><img data-recalc-dims=\"1\" loading=\"lazy\" decoding=\"async\" class=\"aligncenter size-full wp-image-9055\" src=\"https:\/\/i0.wp.com\/talcomosoy.com.ar\/wp-content\/uploads\/2022\/06\/IMG-20220613-WA0010.jpg?resize=640%2C640&#038;ssl=1\" alt=\"\" width=\"640\" height=\"640\" srcset=\"https:\/\/i0.wp.com\/talcomosoy.com.ar\/wp-content\/uploads\/2022\/06\/IMG-20220613-WA0010.jpg?w=1280&amp;ssl=1 1280w, https:\/\/i0.wp.com\/talcomosoy.com.ar\/wp-content\/uploads\/2022\/06\/IMG-20220613-WA0010.jpg?resize=300%2C300&amp;ssl=1 300w, https:\/\/i0.wp.com\/talcomosoy.com.ar\/wp-content\/uploads\/2022\/06\/IMG-20220613-WA0010.jpg?resize=1024%2C1023&amp;ssl=1 1024w, https:\/\/i0.wp.com\/talcomosoy.com.ar\/wp-content\/uploads\/2022\/06\/IMG-20220613-WA0010.jpg?resize=150%2C150&amp;ssl=1 150w, https:\/\/i0.wp.com\/talcomosoy.com.ar\/wp-content\/uploads\/2022\/06\/IMG-20220613-WA0010.jpg?resize=768%2C767&amp;ssl=1 768w, https:\/\/i0.wp.com\/talcomosoy.com.ar\/wp-content\/uploads\/2022\/06\/IMG-20220613-WA0010.jpg?resize=50%2C50&amp;ssl=1 50w\" sizes=\"auto, (max-width: 640px) 100vw, 640px\" \/><\/p>\n","protected":false},"excerpt":{"rendered":"<p>Nora Lezano presenta su muestra Fan. La inauguraci\u00f3n ser\u00e1 el viernes 17 de junio, a<\/p>\n","protected":false},"author":1,"featured_media":9052,"comment_status":"closed","ping_status":"closed","sticky":false,"template":"","format":"standard","meta":{"_jetpack_memberships_contains_paid_content":false,"footnotes":"","jetpack_publicize_message":"","jetpack_publicize_feature_enabled":true,"jetpack_social_post_already_shared":true,"jetpack_social_options":{"image_generator_settings":{"template":"highway","default_image_id":0,"font":"","enabled":false},"version":2}},"categories":[122,317,87,79],"tags":[],"class_list":["post-9050","post","type-post","status-publish","format-standard","has-post-thumbnail","hentry","category-fotografia","category-muestra","category-rock-argentino","category-rock-mendocino"],"yoast_head":"<!-- This site is optimized with the Yoast SEO plugin v27.5 - https:\/\/yoast.com\/product\/yoast-seo-wordpress\/ -->\n<title>Llega a Mendoza la fot\u00f3grafa de rock m\u00e1s importante del pa\u00eds - Tal Como Soy<\/title>\n<meta name=\"robots\" content=\"index, follow, max-snippet:-1, max-image-preview:large, max-video-preview:-1\" \/>\n<link rel=\"canonical\" href=\"https:\/\/talcomosoy.com.ar\/index.php\/llega-a-mendoza-la-fotografa-de-rock-mas-importante-del-pais\/\" \/>\n<meta property=\"og:locale\" content=\"es_ES\" \/>\n<meta property=\"og:type\" content=\"article\" \/>\n<meta property=\"og:title\" content=\"Llega a Mendoza la fot\u00f3grafa de rock m\u00e1s importante del pa\u00eds - Tal Como Soy\" \/>\n<meta property=\"og:description\" content=\"Nora Lezano presenta su muestra Fan. La inauguraci\u00f3n ser\u00e1 el viernes 17 de junio, a\" \/>\n<meta property=\"og:url\" content=\"https:\/\/talcomosoy.com.ar\/index.php\/llega-a-mendoza-la-fotografa-de-rock-mas-importante-del-pais\/\" \/>\n<meta property=\"og:site_name\" content=\"Tal Como Soy\" \/>\n<meta property=\"article:publisher\" content=\"https:\/\/www.facebook.com\/talcomosoyok\" \/>\n<meta property=\"article:author\" content=\"https:\/\/www.facebook.com\/sindamiranda\" \/>\n<meta property=\"article:published_time\" content=\"2022-06-14T13:30:36+00:00\" \/>\n<meta property=\"article:modified_time\" content=\"2022-06-14T13:33:55+00:00\" \/>\n<meta property=\"og:image\" content=\"https:\/\/i0.wp.com\/talcomosoy.com.ar\/wp-content\/uploads\/2022\/06\/Charly-Garcia-x-Nora-Lezano-700x467-1.jpg?fit=700%2C467&ssl=1\" \/>\n\t<meta property=\"og:image:width\" content=\"700\" \/>\n\t<meta property=\"og:image:height\" content=\"467\" \/>\n\t<meta property=\"og:image:type\" content=\"image\/jpeg\" \/>\n<meta name=\"author\" content=\"Sinda Miranda\" \/>\n<meta name=\"twitter:card\" content=\"summary_large_image\" \/>\n<meta name=\"twitter:creator\" content=\"@sindamiranda\" \/>\n<meta name=\"twitter:site\" content=\"@talcomosoyok\" \/>\n<meta name=\"twitter:label1\" content=\"Escrito por\" \/>\n\t<meta name=\"twitter:data1\" content=\"Sinda Miranda\" \/>\n\t<meta name=\"twitter:label2\" content=\"Tiempo de lectura\" \/>\n\t<meta name=\"twitter:data2\" content=\"6 minutos\" \/>\n<script type=\"application\/ld+json\" class=\"yoast-schema-graph\">{\"@context\":\"https:\\\/\\\/schema.org\",\"@graph\":[{\"@type\":\"Article\",\"@id\":\"https:\\\/\\\/talcomosoy.com.ar\\\/index.php\\\/llega-a-mendoza-la-fotografa-de-rock-mas-importante-del-pais\\\/#article\",\"isPartOf\":{\"@id\":\"https:\\\/\\\/talcomosoy.com.ar\\\/index.php\\\/llega-a-mendoza-la-fotografa-de-rock-mas-importante-del-pais\\\/\"},\"author\":{\"name\":\"Sinda Miranda\",\"@id\":\"https:\\\/\\\/talcomosoy.com.ar\\\/#\\\/schema\\\/person\\\/496b3561bd436afcf2be92147ff855c9\"},\"headline\":\"Llega a Mendoza la fot\u00f3grafa de rock m\u00e1s importante del pa\u00eds\",\"datePublished\":\"2022-06-14T13:30:36+00:00\",\"dateModified\":\"2022-06-14T13:33:55+00:00\",\"mainEntityOfPage\":{\"@id\":\"https:\\\/\\\/talcomosoy.com.ar\\\/index.php\\\/llega-a-mendoza-la-fotografa-de-rock-mas-importante-del-pais\\\/\"},\"wordCount\":1216,\"publisher\":{\"@id\":\"https:\\\/\\\/talcomosoy.com.ar\\\/#organization\"},\"image\":{\"@id\":\"https:\\\/\\\/talcomosoy.com.ar\\\/index.php\\\/llega-a-mendoza-la-fotografa-de-rock-mas-importante-del-pais\\\/#primaryimage\"},\"thumbnailUrl\":\"https:\\\/\\\/i0.wp.com\\\/talcomosoy.com.ar\\\/wp-content\\\/uploads\\\/2022\\\/06\\\/Charly-Garcia-x-Nora-Lezano-700x467-1.jpg?fit=700%2C467&ssl=1\",\"articleSection\":[\"Fotograf\u00eda\",\"Muestra\",\"Rock Argentino\",\"Rock Mendocino\"],\"inLanguage\":\"es\"},{\"@type\":\"WebPage\",\"@id\":\"https:\\\/\\\/talcomosoy.com.ar\\\/index.php\\\/llega-a-mendoza-la-fotografa-de-rock-mas-importante-del-pais\\\/\",\"url\":\"https:\\\/\\\/talcomosoy.com.ar\\\/index.php\\\/llega-a-mendoza-la-fotografa-de-rock-mas-importante-del-pais\\\/\",\"name\":\"Llega a Mendoza la fot\u00f3grafa de rock m\u00e1s importante del pa\u00eds - Tal Como Soy\",\"isPartOf\":{\"@id\":\"https:\\\/\\\/talcomosoy.com.ar\\\/#website\"},\"primaryImageOfPage\":{\"@id\":\"https:\\\/\\\/talcomosoy.com.ar\\\/index.php\\\/llega-a-mendoza-la-fotografa-de-rock-mas-importante-del-pais\\\/#primaryimage\"},\"image\":{\"@id\":\"https:\\\/\\\/talcomosoy.com.ar\\\/index.php\\\/llega-a-mendoza-la-fotografa-de-rock-mas-importante-del-pais\\\/#primaryimage\"},\"thumbnailUrl\":\"https:\\\/\\\/i0.wp.com\\\/talcomosoy.com.ar\\\/wp-content\\\/uploads\\\/2022\\\/06\\\/Charly-Garcia-x-Nora-Lezano-700x467-1.jpg?fit=700%2C467&ssl=1\",\"datePublished\":\"2022-06-14T13:30:36+00:00\",\"dateModified\":\"2022-06-14T13:33:55+00:00\",\"inLanguage\":\"es\",\"potentialAction\":[{\"@type\":\"ReadAction\",\"target\":[\"https:\\\/\\\/talcomosoy.com.ar\\\/index.php\\\/llega-a-mendoza-la-fotografa-de-rock-mas-importante-del-pais\\\/\"]}]},{\"@type\":\"ImageObject\",\"inLanguage\":\"es\",\"@id\":\"https:\\\/\\\/talcomosoy.com.ar\\\/index.php\\\/llega-a-mendoza-la-fotografa-de-rock-mas-importante-del-pais\\\/#primaryimage\",\"url\":\"https:\\\/\\\/i0.wp.com\\\/talcomosoy.com.ar\\\/wp-content\\\/uploads\\\/2022\\\/06\\\/Charly-Garcia-x-Nora-Lezano-700x467-1.jpg?fit=700%2C467&ssl=1\",\"contentUrl\":\"https:\\\/\\\/i0.wp.com\\\/talcomosoy.com.ar\\\/wp-content\\\/uploads\\\/2022\\\/06\\\/Charly-Garcia-x-Nora-Lezano-700x467-1.jpg?fit=700%2C467&ssl=1\",\"width\":700,\"height\":467},{\"@type\":\"WebSite\",\"@id\":\"https:\\\/\\\/talcomosoy.com.ar\\\/#website\",\"url\":\"https:\\\/\\\/talcomosoy.com.ar\\\/\",\"name\":\"Tal Como Soy\",\"description\":\"Magazine Musical Digital\",\"publisher\":{\"@id\":\"https:\\\/\\\/talcomosoy.com.ar\\\/#organization\"},\"potentialAction\":[{\"@type\":\"SearchAction\",\"target\":{\"@type\":\"EntryPoint\",\"urlTemplate\":\"https:\\\/\\\/talcomosoy.com.ar\\\/?s={search_term_string}\"},\"query-input\":{\"@type\":\"PropertyValueSpecification\",\"valueRequired\":true,\"valueName\":\"search_term_string\"}}],\"inLanguage\":\"es\"},{\"@type\":\"Organization\",\"@id\":\"https:\\\/\\\/talcomosoy.com.ar\\\/#organization\",\"name\":\"Tal Como Soy\",\"url\":\"https:\\\/\\\/talcomosoy.com.ar\\\/\",\"logo\":{\"@type\":\"ImageObject\",\"inLanguage\":\"es\",\"@id\":\"https:\\\/\\\/talcomosoy.com.ar\\\/#\\\/schema\\\/logo\\\/image\\\/\",\"url\":\"https:\\\/\\\/i0.wp.com\\\/talcomosoy.com.ar\\\/wp-content\\\/uploads\\\/2020\\\/02\\\/PUA-2020-TRANSPARENTE.png?fit=570%2C382&ssl=1\",\"contentUrl\":\"https:\\\/\\\/i0.wp.com\\\/talcomosoy.com.ar\\\/wp-content\\\/uploads\\\/2020\\\/02\\\/PUA-2020-TRANSPARENTE.png?fit=570%2C382&ssl=1\",\"width\":570,\"height\":382,\"caption\":\"Tal Como Soy\"},\"image\":{\"@id\":\"https:\\\/\\\/talcomosoy.com.ar\\\/#\\\/schema\\\/logo\\\/image\\\/\"},\"sameAs\":[\"https:\\\/\\\/www.facebook.com\\\/talcomosoyok\",\"https:\\\/\\\/x.com\\\/talcomosoyok\",\"https:\\\/\\\/www.instagram.com\\\/talcomosoyok\",\"https:\\\/\\\/www.youtube.com\\\/channel\\\/UCrutZzYQmd9Fe8pEm5wqsiw\"]},{\"@type\":\"Person\",\"@id\":\"https:\\\/\\\/talcomosoy.com.ar\\\/#\\\/schema\\\/person\\\/496b3561bd436afcf2be92147ff855c9\",\"name\":\"Sinda Miranda\",\"image\":{\"@type\":\"ImageObject\",\"inLanguage\":\"es\",\"@id\":\"https:\\\/\\\/secure.gravatar.com\\\/avatar\\\/ab0e992fc0b7117fe730d00fb0e44073b1fd6e28d69de8e7ac3103f1396f445e?s=96&d=mm&r=g\",\"url\":\"https:\\\/\\\/secure.gravatar.com\\\/avatar\\\/ab0e992fc0b7117fe730d00fb0e44073b1fd6e28d69de8e7ac3103f1396f445e?s=96&d=mm&r=g\",\"contentUrl\":\"https:\\\/\\\/secure.gravatar.com\\\/avatar\\\/ab0e992fc0b7117fe730d00fb0e44073b1fd6e28d69de8e7ac3103f1396f445e?s=96&d=mm&r=g\",\"caption\":\"Sinda Miranda\"},\"description\":\"Escritora, Fot\u00f3grafa, Agente de Prensa\",\"sameAs\":[\"https:\\\/\\\/www.facebook.com\\\/sindamiranda\",\"https:\\\/\\\/www.instagram.com\\\/sindamiranda\",\"https:\\\/\\\/x.com\\\/sindamiranda\"],\"url\":\"https:\\\/\\\/talcomosoy.com.ar\\\/index.php\\\/author\\\/sindamirandatcs\\\/\"}]}<\/script>\n<!-- \/ Yoast SEO plugin. -->","yoast_head_json":{"title":"Llega a Mendoza la fot\u00f3grafa de rock m\u00e1s importante del pa\u00eds - Tal Como Soy","robots":{"index":"index","follow":"follow","max-snippet":"max-snippet:-1","max-image-preview":"max-image-preview:large","max-video-preview":"max-video-preview:-1"},"canonical":"https:\/\/talcomosoy.com.ar\/index.php\/llega-a-mendoza-la-fotografa-de-rock-mas-importante-del-pais\/","og_locale":"es_ES","og_type":"article","og_title":"Llega a Mendoza la fot\u00f3grafa de rock m\u00e1s importante del pa\u00eds - Tal Como Soy","og_description":"Nora Lezano presenta su muestra Fan. La inauguraci\u00f3n ser\u00e1 el viernes 17 de junio, a","og_url":"https:\/\/talcomosoy.com.ar\/index.php\/llega-a-mendoza-la-fotografa-de-rock-mas-importante-del-pais\/","og_site_name":"Tal Como Soy","article_publisher":"https:\/\/www.facebook.com\/talcomosoyok","article_author":"https:\/\/www.facebook.com\/sindamiranda","article_published_time":"2022-06-14T13:30:36+00:00","article_modified_time":"2022-06-14T13:33:55+00:00","og_image":[{"width":700,"height":467,"url":"https:\/\/i0.wp.com\/talcomosoy.com.ar\/wp-content\/uploads\/2022\/06\/Charly-Garcia-x-Nora-Lezano-700x467-1.jpg?fit=700%2C467&ssl=1","type":"image\/jpeg"}],"author":"Sinda Miranda","twitter_card":"summary_large_image","twitter_creator":"@sindamiranda","twitter_site":"@talcomosoyok","twitter_misc":{"Escrito por":"Sinda Miranda","Tiempo de lectura":"6 minutos"},"schema":{"@context":"https:\/\/schema.org","@graph":[{"@type":"Article","@id":"https:\/\/talcomosoy.com.ar\/index.php\/llega-a-mendoza-la-fotografa-de-rock-mas-importante-del-pais\/#article","isPartOf":{"@id":"https:\/\/talcomosoy.com.ar\/index.php\/llega-a-mendoza-la-fotografa-de-rock-mas-importante-del-pais\/"},"author":{"name":"Sinda Miranda","@id":"https:\/\/talcomosoy.com.ar\/#\/schema\/person\/496b3561bd436afcf2be92147ff855c9"},"headline":"Llega a Mendoza la fot\u00f3grafa de rock m\u00e1s importante del pa\u00eds","datePublished":"2022-06-14T13:30:36+00:00","dateModified":"2022-06-14T13:33:55+00:00","mainEntityOfPage":{"@id":"https:\/\/talcomosoy.com.ar\/index.php\/llega-a-mendoza-la-fotografa-de-rock-mas-importante-del-pais\/"},"wordCount":1216,"publisher":{"@id":"https:\/\/talcomosoy.com.ar\/#organization"},"image":{"@id":"https:\/\/talcomosoy.com.ar\/index.php\/llega-a-mendoza-la-fotografa-de-rock-mas-importante-del-pais\/#primaryimage"},"thumbnailUrl":"https:\/\/i0.wp.com\/talcomosoy.com.ar\/wp-content\/uploads\/2022\/06\/Charly-Garcia-x-Nora-Lezano-700x467-1.jpg?fit=700%2C467&ssl=1","articleSection":["Fotograf\u00eda","Muestra","Rock Argentino","Rock Mendocino"],"inLanguage":"es"},{"@type":"WebPage","@id":"https:\/\/talcomosoy.com.ar\/index.php\/llega-a-mendoza-la-fotografa-de-rock-mas-importante-del-pais\/","url":"https:\/\/talcomosoy.com.ar\/index.php\/llega-a-mendoza-la-fotografa-de-rock-mas-importante-del-pais\/","name":"Llega a Mendoza la fot\u00f3grafa de rock m\u00e1s importante del pa\u00eds - Tal Como Soy","isPartOf":{"@id":"https:\/\/talcomosoy.com.ar\/#website"},"primaryImageOfPage":{"@id":"https:\/\/talcomosoy.com.ar\/index.php\/llega-a-mendoza-la-fotografa-de-rock-mas-importante-del-pais\/#primaryimage"},"image":{"@id":"https:\/\/talcomosoy.com.ar\/index.php\/llega-a-mendoza-la-fotografa-de-rock-mas-importante-del-pais\/#primaryimage"},"thumbnailUrl":"https:\/\/i0.wp.com\/talcomosoy.com.ar\/wp-content\/uploads\/2022\/06\/Charly-Garcia-x-Nora-Lezano-700x467-1.jpg?fit=700%2C467&ssl=1","datePublished":"2022-06-14T13:30:36+00:00","dateModified":"2022-06-14T13:33:55+00:00","inLanguage":"es","potentialAction":[{"@type":"ReadAction","target":["https:\/\/talcomosoy.com.ar\/index.php\/llega-a-mendoza-la-fotografa-de-rock-mas-importante-del-pais\/"]}]},{"@type":"ImageObject","inLanguage":"es","@id":"https:\/\/talcomosoy.com.ar\/index.php\/llega-a-mendoza-la-fotografa-de-rock-mas-importante-del-pais\/#primaryimage","url":"https:\/\/i0.wp.com\/talcomosoy.com.ar\/wp-content\/uploads\/2022\/06\/Charly-Garcia-x-Nora-Lezano-700x467-1.jpg?fit=700%2C467&ssl=1","contentUrl":"https:\/\/i0.wp.com\/talcomosoy.com.ar\/wp-content\/uploads\/2022\/06\/Charly-Garcia-x-Nora-Lezano-700x467-1.jpg?fit=700%2C467&ssl=1","width":700,"height":467},{"@type":"WebSite","@id":"https:\/\/talcomosoy.com.ar\/#website","url":"https:\/\/talcomosoy.com.ar\/","name":"Tal Como Soy","description":"Magazine Musical Digital","publisher":{"@id":"https:\/\/talcomosoy.com.ar\/#organization"},"potentialAction":[{"@type":"SearchAction","target":{"@type":"EntryPoint","urlTemplate":"https:\/\/talcomosoy.com.ar\/?s={search_term_string}"},"query-input":{"@type":"PropertyValueSpecification","valueRequired":true,"valueName":"search_term_string"}}],"inLanguage":"es"},{"@type":"Organization","@id":"https:\/\/talcomosoy.com.ar\/#organization","name":"Tal Como Soy","url":"https:\/\/talcomosoy.com.ar\/","logo":{"@type":"ImageObject","inLanguage":"es","@id":"https:\/\/talcomosoy.com.ar\/#\/schema\/logo\/image\/","url":"https:\/\/i0.wp.com\/talcomosoy.com.ar\/wp-content\/uploads\/2020\/02\/PUA-2020-TRANSPARENTE.png?fit=570%2C382&ssl=1","contentUrl":"https:\/\/i0.wp.com\/talcomosoy.com.ar\/wp-content\/uploads\/2020\/02\/PUA-2020-TRANSPARENTE.png?fit=570%2C382&ssl=1","width":570,"height":382,"caption":"Tal Como Soy"},"image":{"@id":"https:\/\/talcomosoy.com.ar\/#\/schema\/logo\/image\/"},"sameAs":["https:\/\/www.facebook.com\/talcomosoyok","https:\/\/x.com\/talcomosoyok","https:\/\/www.instagram.com\/talcomosoyok","https:\/\/www.youtube.com\/channel\/UCrutZzYQmd9Fe8pEm5wqsiw"]},{"@type":"Person","@id":"https:\/\/talcomosoy.com.ar\/#\/schema\/person\/496b3561bd436afcf2be92147ff855c9","name":"Sinda Miranda","image":{"@type":"ImageObject","inLanguage":"es","@id":"https:\/\/secure.gravatar.com\/avatar\/ab0e992fc0b7117fe730d00fb0e44073b1fd6e28d69de8e7ac3103f1396f445e?s=96&d=mm&r=g","url":"https:\/\/secure.gravatar.com\/avatar\/ab0e992fc0b7117fe730d00fb0e44073b1fd6e28d69de8e7ac3103f1396f445e?s=96&d=mm&r=g","contentUrl":"https:\/\/secure.gravatar.com\/avatar\/ab0e992fc0b7117fe730d00fb0e44073b1fd6e28d69de8e7ac3103f1396f445e?s=96&d=mm&r=g","caption":"Sinda Miranda"},"description":"Escritora, Fot\u00f3grafa, Agente de Prensa","sameAs":["https:\/\/www.facebook.com\/sindamiranda","https:\/\/www.instagram.com\/sindamiranda","https:\/\/x.com\/sindamiranda"],"url":"https:\/\/talcomosoy.com.ar\/index.php\/author\/sindamirandatcs\/"}]}},"jetpack_publicize_connections":[],"jetpack_featured_media_url":"https:\/\/i0.wp.com\/talcomosoy.com.ar\/wp-content\/uploads\/2022\/06\/Charly-Garcia-x-Nora-Lezano-700x467-1.jpg?fit=700%2C467&ssl=1","jetpack_sharing_enabled":true,"jetpack_likes_enabled":true,"_links":{"self":[{"href":"https:\/\/talcomosoy.com.ar\/index.php\/wp-json\/wp\/v2\/posts\/9050","targetHints":{"allow":["GET"]}}],"collection":[{"href":"https:\/\/talcomosoy.com.ar\/index.php\/wp-json\/wp\/v2\/posts"}],"about":[{"href":"https:\/\/talcomosoy.com.ar\/index.php\/wp-json\/wp\/v2\/types\/post"}],"author":[{"embeddable":true,"href":"https:\/\/talcomosoy.com.ar\/index.php\/wp-json\/wp\/v2\/users\/1"}],"replies":[{"embeddable":true,"href":"https:\/\/talcomosoy.com.ar\/index.php\/wp-json\/wp\/v2\/comments?post=9050"}],"version-history":[{"count":3,"href":"https:\/\/talcomosoy.com.ar\/index.php\/wp-json\/wp\/v2\/posts\/9050\/revisions"}],"predecessor-version":[{"id":9056,"href":"https:\/\/talcomosoy.com.ar\/index.php\/wp-json\/wp\/v2\/posts\/9050\/revisions\/9056"}],"wp:featuredmedia":[{"embeddable":true,"href":"https:\/\/talcomosoy.com.ar\/index.php\/wp-json\/wp\/v2\/media\/9052"}],"wp:attachment":[{"href":"https:\/\/talcomosoy.com.ar\/index.php\/wp-json\/wp\/v2\/media?parent=9050"}],"wp:term":[{"taxonomy":"category","embeddable":true,"href":"https:\/\/talcomosoy.com.ar\/index.php\/wp-json\/wp\/v2\/categories?post=9050"},{"taxonomy":"post_tag","embeddable":true,"href":"https:\/\/talcomosoy.com.ar\/index.php\/wp-json\/wp\/v2\/tags?post=9050"}],"curies":[{"name":"wp","href":"https:\/\/api.w.org\/{rel}","templated":true}]}}