{"id":8917,"date":"2022-06-09T12:34:45","date_gmt":"2022-06-09T15:34:45","guid":{"rendered":"https:\/\/talcomosoy.com.ar\/?p=8917"},"modified":"2022-06-09T12:34:45","modified_gmt":"2022-06-09T15:34:45","slug":"fran-figueroa-y-facu-jofre-le-ponen-musica-a-godoy-cruz","status":"publish","type":"post","link":"https:\/\/talcomosoy.com.ar\/index.php\/fran-figueroa-y-facu-jofre-le-ponen-musica-a-godoy-cruz\/","title":{"rendered":"Fran Figueroa y Facu Jofr\u00e9 le ponen m\u00fasica a Godoy Cruz"},"content":{"rendered":"<h3>Las instalaciones de la calle Lavalle 88 de Godoy Cruz ofrecen recitales \u00edntimos, donde la canci\u00f3n es protagonista.<\/h3>\n<p>&nbsp;<\/p>\n<p>La grilla tambi\u00e9n contempla espect\u00e1culos para que j\u00f3venes, adultos y ni\u00f1os disfruten de pel\u00edculas, obras de t\u00edteres y charlas filos\u00f3ficas.<\/p>\n<p>En todos los casos, el ingreso ser\u00e1 gratuito y por orden de llegada, hasta agotar la capacidad de la sala.<\/p>\n<p>En este nuevo refugio del arte, el s\u00e1bado 11, a las 21 horas, el p\u00fablico podr\u00e1 disfrutar de una nueva edici\u00f3n de \u201cQue el canto se vuelva necesario\u201d.<\/p>\n<p>Fran Figueroa y Facu Jofr\u00e9 subir\u00e1n al escenario, cada uno con su set, donde van a convivir letras y melod\u00edas despojadas de artificios.<\/p>\n<p>&nbsp;<\/p>\n<h3>Los artistas invitados<\/h3>\n<p>&nbsp;<\/p>\n<p>Cantante, guitarrista y gestor cultural, <strong>Facu Jofr\u00e9<\/strong> ha recorrido un largo kilometraje en la ruta de nuestros sonidos.\u00a0En sus canciones decanta un lenguaje compositivo y ritmos que abrazan el latir latinoamericano,el rock y pop.<\/p>\n<p>Entretanto, <strong>Fran Figueroa<\/strong> se afianza como cantautora dentro del panorama sonoro mendocino.\u00a0Posee un disco, \u201cCruda\u201d, que hace surgir canciones de impronta urbana y sonido sofisticado.<\/p>\n<p>&nbsp;<\/p>\n<h3>La agenda de un fin de semana imperdible<\/h3>\n<p>&nbsp;<\/p>\n<p>\u201cCuesti\u00f3n cine\u201d traer\u00e1 a la pantalla \u201cMissing\u201d (Desaparecido). Ser\u00e1 el viernes 10, a las 20:30 horas.<\/p>\n<p>El s\u00e1bado 11, a las 16, ser\u00e1 una ocasi\u00f3n ideal para reflexionar sobre diversos temas que nos interpelan.<\/p>\n<p>Una nueva Mateada Filos\u00f3fica se centrar\u00e1 en La filosof\u00eda y las minor\u00edas, con Jos\u00e9 Luis Trejo y Agust\u00edn Hern\u00e1ndez.<\/p>\n<p>Las ocurrencias de los t\u00edteres cierran la programaci\u00f3n el domingo. A las 16:30 llega el elenco Kapaieie y la obra \u201cPolen un h\u00e9roe hecho de flores\u201d.<\/p>\n","protected":false},"excerpt":{"rendered":"<p>Las instalaciones de la calle Lavalle 88 de Godoy Cruz ofrecen recitales \u00edntimos, donde la<\/p>\n","protected":false},"author":1,"featured_media":8918,"comment_status":"closed","ping_status":"closed","sticky":false,"template":"","format":"standard","meta":{"_jetpack_newsletter_access":"","_jetpack_dont_email_post_to_subs":false,"_jetpack_newsletter_tier_id":0,"_jetpack_memberships_contains_paywalled_content":false,"_jetpack_feature_clip_id":0,"_jetpack_memberships_contains_paid_content":false,"footnotes":"","jetpack_publicize_message":"","jetpack_publicize_feature_enabled":true,"jetpack_social_post_already_shared":true,"jetpack_social_options":{"image_generator_settings":{"template":"highway","default_image_id":0,"font":"","enabled":false},"version":2},"jetpack_post_was_ever_published":false},"categories":[2],"tags":[],"class_list":["post-8917","post","type-post","status-publish","format-standard","has-post-thumbnail","hentry","category-musica"],"yoast_head":"<!-- This site is optimized with the Yoast SEO plugin v28.4 - https:\/\/yoast.com\/product\/yoast-seo-wordpress\/ -->\n<title>Fran Figueroa y Facu Jofr\u00e9 le ponen m\u00fasica a Godoy Cruz - Tal Como Soy<\/title>\n<meta name=\"robots\" content=\"index, follow, max-snippet:-1, max-image-preview:large, max-video-preview:-1\" \/>\n<link rel=\"canonical\" href=\"https:\/\/talcomosoy.com.ar\/index.php\/fran-figueroa-y-facu-jofre-le-ponen-musica-a-godoy-cruz\/\" \/>\n<meta property=\"og:locale\" content=\"es_ES\" \/>\n<meta property=\"og:type\" content=\"article\" \/>\n<meta property=\"og:title\" content=\"Fran Figueroa y Facu Jofr\u00e9 le ponen m\u00fasica a Godoy Cruz - Tal Como Soy\" \/>\n<meta property=\"og:description\" content=\"Las instalaciones de la calle Lavalle 88 de Godoy Cruz ofrecen recitales \u00edntimos, donde la\" \/>\n<meta property=\"og:url\" content=\"https:\/\/talcomosoy.com.ar\/index.php\/fran-figueroa-y-facu-jofre-le-ponen-musica-a-godoy-cruz\/\" \/>\n<meta property=\"og:site_name\" content=\"Tal Como Soy\" \/>\n<meta property=\"article:publisher\" content=\"https:\/\/www.facebook.com\/talcomosoyok\" \/>\n<meta property=\"article:author\" content=\"https:\/\/www.facebook.com\/sindamiranda\" \/>\n<meta property=\"article:published_time\" content=\"2022-06-09T15:34:45+00:00\" \/>\n<meta property=\"og:image\" content=\"https:\/\/i0.wp.com\/talcomosoy.com.ar\/wp-content\/uploads\/2022\/06\/Facu-Jofre.jpg?fit=772%2C624&ssl=1\" \/>\n\t<meta property=\"og:image:width\" content=\"772\" \/>\n\t<meta property=\"og:image:height\" content=\"624\" \/>\n\t<meta property=\"og:image:type\" content=\"image\/jpeg\" \/>\n<meta name=\"author\" content=\"Sinda Miranda\" \/>\n<meta name=\"twitter:card\" content=\"summary_large_image\" \/>\n<meta name=\"twitter:creator\" content=\"@sindamiranda\" \/>\n<meta name=\"twitter:site\" content=\"@talcomosoyok\" \/>\n<meta name=\"twitter:label1\" content=\"Escrito por\" \/>\n\t<meta name=\"twitter:data1\" content=\"Sinda Miranda\" \/>\n\t<meta name=\"twitter:label2\" content=\"Tiempo de lectura\" \/>\n\t<meta name=\"twitter:data2\" content=\"2 minutos\" \/>\n<script type=\"application\/ld+json\" class=\"yoast-schema-graph\">{\"@context\":\"https:\\\/\\\/schema.org\",\"@graph\":[{\"@type\":\"Article\",\"@id\":\"https:\\\/\\\/talcomosoy.com.ar\\\/index.php\\\/fran-figueroa-y-facu-jofre-le-ponen-musica-a-godoy-cruz\\\/#article\",\"isPartOf\":{\"@id\":\"https:\\\/\\\/talcomosoy.com.ar\\\/index.php\\\/fran-figueroa-y-facu-jofre-le-ponen-musica-a-godoy-cruz\\\/\"},\"author\":{\"name\":\"Sinda Miranda\",\"@id\":\"https:\\\/\\\/talcomosoy.com.ar\\\/#\\\/schema\\\/person\\\/496b3561bd436afcf2be92147ff855c9\"},\"headline\":\"Fran Figueroa y Facu Jofr\u00e9 le ponen m\u00fasica a Godoy Cruz\",\"datePublished\":\"2022-06-09T15:34:45+00:00\",\"mainEntityOfPage\":{\"@id\":\"https:\\\/\\\/talcomosoy.com.ar\\\/index.php\\\/fran-figueroa-y-facu-jofre-le-ponen-musica-a-godoy-cruz\\\/\"},\"wordCount\":294,\"publisher\":{\"@id\":\"https:\\\/\\\/talcomosoy.com.ar\\\/#organization\"},\"image\":{\"@id\":\"https:\\\/\\\/talcomosoy.com.ar\\\/index.php\\\/fran-figueroa-y-facu-jofre-le-ponen-musica-a-godoy-cruz\\\/#primaryimage\"},\"thumbnailUrl\":\"https:\\\/\\\/i0.wp.com\\\/talcomosoy.com.ar\\\/wp-content\\\/uploads\\\/2022\\\/06\\\/Facu-Jofre.jpg?fit=772%2C624&ssl=1\",\"articleSection\":[\"M\u00fasica\"],\"inLanguage\":\"es\"},{\"@type\":\"WebPage\",\"@id\":\"https:\\\/\\\/talcomosoy.com.ar\\\/index.php\\\/fran-figueroa-y-facu-jofre-le-ponen-musica-a-godoy-cruz\\\/\",\"url\":\"https:\\\/\\\/talcomosoy.com.ar\\\/index.php\\\/fran-figueroa-y-facu-jofre-le-ponen-musica-a-godoy-cruz\\\/\",\"name\":\"Fran Figueroa y Facu Jofr\u00e9 le ponen m\u00fasica a Godoy Cruz - Tal Como Soy\",\"isPartOf\":{\"@id\":\"https:\\\/\\\/talcomosoy.com.ar\\\/#website\"},\"primaryImageOfPage\":{\"@id\":\"https:\\\/\\\/talcomosoy.com.ar\\\/index.php\\\/fran-figueroa-y-facu-jofre-le-ponen-musica-a-godoy-cruz\\\/#primaryimage\"},\"image\":{\"@id\":\"https:\\\/\\\/talcomosoy.com.ar\\\/index.php\\\/fran-figueroa-y-facu-jofre-le-ponen-musica-a-godoy-cruz\\\/#primaryimage\"},\"thumbnailUrl\":\"https:\\\/\\\/i0.wp.com\\\/talcomosoy.com.ar\\\/wp-content\\\/uploads\\\/2022\\\/06\\\/Facu-Jofre.jpg?fit=772%2C624&ssl=1\",\"datePublished\":\"2022-06-09T15:34:45+00:00\",\"inLanguage\":\"es\",\"potentialAction\":[{\"@type\":\"ReadAction\",\"target\":[\"https:\\\/\\\/talcomosoy.com.ar\\\/index.php\\\/fran-figueroa-y-facu-jofre-le-ponen-musica-a-godoy-cruz\\\/\"]}]},{\"@type\":\"ImageObject\",\"inLanguage\":\"es\",\"@id\":\"https:\\\/\\\/talcomosoy.com.ar\\\/index.php\\\/fran-figueroa-y-facu-jofre-le-ponen-musica-a-godoy-cruz\\\/#primaryimage\",\"url\":\"https:\\\/\\\/i0.wp.com\\\/talcomosoy.com.ar\\\/wp-content\\\/uploads\\\/2022\\\/06\\\/Facu-Jofre.jpg?fit=772%2C624&ssl=1\",\"contentUrl\":\"https:\\\/\\\/i0.wp.com\\\/talcomosoy.com.ar\\\/wp-content\\\/uploads\\\/2022\\\/06\\\/Facu-Jofre.jpg?fit=772%2C624&ssl=1\",\"width\":772,\"height\":624},{\"@type\":\"WebSite\",\"@id\":\"https:\\\/\\\/talcomosoy.com.ar\\\/#website\",\"url\":\"https:\\\/\\\/talcomosoy.com.ar\\\/\",\"name\":\"Tal Como Soy\",\"description\":\"Magazine Musical Digital\",\"publisher\":{\"@id\":\"https:\\\/\\\/talcomosoy.com.ar\\\/#organization\"},\"potentialAction\":[{\"@type\":\"SearchAction\",\"target\":{\"@type\":\"EntryPoint\",\"urlTemplate\":\"https:\\\/\\\/talcomosoy.com.ar\\\/?s={search_term_string}\"},\"query-input\":{\"@type\":\"PropertyValueSpecification\",\"valueRequired\":true,\"valueName\":\"search_term_string\"}}],\"inLanguage\":\"es\"},{\"@type\":\"Organization\",\"@id\":\"https:\\\/\\\/talcomosoy.com.ar\\\/#organization\",\"name\":\"Tal Como Soy\",\"url\":\"https:\\\/\\\/talcomosoy.com.ar\\\/\",\"logo\":{\"@type\":\"ImageObject\",\"inLanguage\":\"es\",\"@id\":\"https:\\\/\\\/talcomosoy.com.ar\\\/#\\\/schema\\\/logo\\\/image\\\/\",\"url\":\"https:\\\/\\\/i0.wp.com\\\/talcomosoy.com.ar\\\/wp-content\\\/uploads\\\/2020\\\/02\\\/PUA-2020-TRANSPARENTE.png?fit=570%2C382&ssl=1\",\"contentUrl\":\"https:\\\/\\\/i0.wp.com\\\/talcomosoy.com.ar\\\/wp-content\\\/uploads\\\/2020\\\/02\\\/PUA-2020-TRANSPARENTE.png?fit=570%2C382&ssl=1\",\"width\":570,\"height\":382,\"caption\":\"Tal Como Soy\"},\"image\":{\"@id\":\"https:\\\/\\\/talcomosoy.com.ar\\\/#\\\/schema\\\/logo\\\/image\\\/\"},\"sameAs\":[\"https:\\\/\\\/www.facebook.com\\\/talcomosoyok\",\"https:\\\/\\\/x.com\\\/talcomosoyok\",\"https:\\\/\\\/www.instagram.com\\\/talcomosoyok\",\"https:\\\/\\\/www.youtube.com\\\/channel\\\/UCrutZzYQmd9Fe8pEm5wqsiw\"]},{\"@type\":\"Person\",\"@id\":\"https:\\\/\\\/talcomosoy.com.ar\\\/#\\\/schema\\\/person\\\/496b3561bd436afcf2be92147ff855c9\",\"name\":\"Sinda Miranda\",\"image\":{\"@type\":\"ImageObject\",\"inLanguage\":\"es\",\"@id\":\"https:\\\/\\\/secure.gravatar.com\\\/avatar\\\/ab0e992fc0b7117fe730d00fb0e44073b1fd6e28d69de8e7ac3103f1396f445e?s=96&d=mm&r=g\",\"url\":\"https:\\\/\\\/secure.gravatar.com\\\/avatar\\\/ab0e992fc0b7117fe730d00fb0e44073b1fd6e28d69de8e7ac3103f1396f445e?s=96&d=mm&r=g\",\"contentUrl\":\"https:\\\/\\\/secure.gravatar.com\\\/avatar\\\/ab0e992fc0b7117fe730d00fb0e44073b1fd6e28d69de8e7ac3103f1396f445e?s=96&d=mm&r=g\",\"caption\":\"Sinda Miranda\"},\"description\":\"Escritora, Fot\u00f3grafa, Agente de Prensa\",\"sameAs\":[\"https:\\\/\\\/www.facebook.com\\\/sindamiranda\",\"https:\\\/\\\/www.instagram.com\\\/sindamiranda\",\"https:\\\/\\\/x.com\\\/sindamiranda\"],\"url\":\"https:\\\/\\\/talcomosoy.com.ar\\\/index.php\\\/author\\\/sindamirandatcs\\\/\"}]}<\/script>\n<!-- \/ Yoast SEO plugin. -->","yoast_head_json":{"title":"Fran Figueroa y Facu Jofr\u00e9 le ponen m\u00fasica a Godoy Cruz - Tal Como Soy","robots":{"index":"index","follow":"follow","max-snippet":"max-snippet:-1","max-image-preview":"max-image-preview:large","max-video-preview":"max-video-preview:-1"},"canonical":"https:\/\/talcomosoy.com.ar\/index.php\/fran-figueroa-y-facu-jofre-le-ponen-musica-a-godoy-cruz\/","og_locale":"es_ES","og_type":"article","og_title":"Fran Figueroa y Facu Jofr\u00e9 le ponen m\u00fasica a Godoy Cruz - Tal Como Soy","og_description":"Las instalaciones de la calle Lavalle 88 de Godoy Cruz ofrecen recitales \u00edntimos, donde la","og_url":"https:\/\/talcomosoy.com.ar\/index.php\/fran-figueroa-y-facu-jofre-le-ponen-musica-a-godoy-cruz\/","og_site_name":"Tal Como Soy","article_publisher":"https:\/\/www.facebook.com\/talcomosoyok","article_author":"https:\/\/www.facebook.com\/sindamiranda","article_published_time":"2022-06-09T15:34:45+00:00","og_image":[{"width":772,"height":624,"url":"https:\/\/i0.wp.com\/talcomosoy.com.ar\/wp-content\/uploads\/2022\/06\/Facu-Jofre.jpg?fit=772%2C624&ssl=1","type":"image\/jpeg"}],"author":"Sinda Miranda","twitter_card":"summary_large_image","twitter_creator":"@sindamiranda","twitter_site":"@talcomosoyok","twitter_misc":{"Escrito por":"Sinda Miranda","Tiempo de lectura":"2 minutos"},"schema":{"@context":"https:\/\/schema.org","@graph":[{"@type":"Article","@id":"https:\/\/talcomosoy.com.ar\/index.php\/fran-figueroa-y-facu-jofre-le-ponen-musica-a-godoy-cruz\/#article","isPartOf":{"@id":"https:\/\/talcomosoy.com.ar\/index.php\/fran-figueroa-y-facu-jofre-le-ponen-musica-a-godoy-cruz\/"},"author":{"name":"Sinda Miranda","@id":"https:\/\/talcomosoy.com.ar\/#\/schema\/person\/496b3561bd436afcf2be92147ff855c9"},"headline":"Fran Figueroa y Facu Jofr\u00e9 le ponen m\u00fasica a Godoy Cruz","datePublished":"2022-06-09T15:34:45+00:00","mainEntityOfPage":{"@id":"https:\/\/talcomosoy.com.ar\/index.php\/fran-figueroa-y-facu-jofre-le-ponen-musica-a-godoy-cruz\/"},"wordCount":294,"publisher":{"@id":"https:\/\/talcomosoy.com.ar\/#organization"},"image":{"@id":"https:\/\/talcomosoy.com.ar\/index.php\/fran-figueroa-y-facu-jofre-le-ponen-musica-a-godoy-cruz\/#primaryimage"},"thumbnailUrl":"https:\/\/i0.wp.com\/talcomosoy.com.ar\/wp-content\/uploads\/2022\/06\/Facu-Jofre.jpg?fit=772%2C624&ssl=1","articleSection":["M\u00fasica"],"inLanguage":"es"},{"@type":"WebPage","@id":"https:\/\/talcomosoy.com.ar\/index.php\/fran-figueroa-y-facu-jofre-le-ponen-musica-a-godoy-cruz\/","url":"https:\/\/talcomosoy.com.ar\/index.php\/fran-figueroa-y-facu-jofre-le-ponen-musica-a-godoy-cruz\/","name":"Fran Figueroa y Facu Jofr\u00e9 le ponen m\u00fasica a Godoy Cruz - Tal Como Soy","isPartOf":{"@id":"https:\/\/talcomosoy.com.ar\/#website"},"primaryImageOfPage":{"@id":"https:\/\/talcomosoy.com.ar\/index.php\/fran-figueroa-y-facu-jofre-le-ponen-musica-a-godoy-cruz\/#primaryimage"},"image":{"@id":"https:\/\/talcomosoy.com.ar\/index.php\/fran-figueroa-y-facu-jofre-le-ponen-musica-a-godoy-cruz\/#primaryimage"},"thumbnailUrl":"https:\/\/i0.wp.com\/talcomosoy.com.ar\/wp-content\/uploads\/2022\/06\/Facu-Jofre.jpg?fit=772%2C624&ssl=1","datePublished":"2022-06-09T15:34:45+00:00","inLanguage":"es","potentialAction":[{"@type":"ReadAction","target":["https:\/\/talcomosoy.com.ar\/index.php\/fran-figueroa-y-facu-jofre-le-ponen-musica-a-godoy-cruz\/"]}]},{"@type":"ImageObject","inLanguage":"es","@id":"https:\/\/talcomosoy.com.ar\/index.php\/fran-figueroa-y-facu-jofre-le-ponen-musica-a-godoy-cruz\/#primaryimage","url":"https:\/\/i0.wp.com\/talcomosoy.com.ar\/wp-content\/uploads\/2022\/06\/Facu-Jofre.jpg?fit=772%2C624&ssl=1","contentUrl":"https:\/\/i0.wp.com\/talcomosoy.com.ar\/wp-content\/uploads\/2022\/06\/Facu-Jofre.jpg?fit=772%2C624&ssl=1","width":772,"height":624},{"@type":"WebSite","@id":"https:\/\/talcomosoy.com.ar\/#website","url":"https:\/\/talcomosoy.com.ar\/","name":"Tal Como Soy","description":"Magazine Musical Digital","publisher":{"@id":"https:\/\/talcomosoy.com.ar\/#organization"},"potentialAction":[{"@type":"SearchAction","target":{"@type":"EntryPoint","urlTemplate":"https:\/\/talcomosoy.com.ar\/?s={search_term_string}"},"query-input":{"@type":"PropertyValueSpecification","valueRequired":true,"valueName":"search_term_string"}}],"inLanguage":"es"},{"@type":"Organization","@id":"https:\/\/talcomosoy.com.ar\/#organization","name":"Tal Como Soy","url":"https:\/\/talcomosoy.com.ar\/","logo":{"@type":"ImageObject","inLanguage":"es","@id":"https:\/\/talcomosoy.com.ar\/#\/schema\/logo\/image\/","url":"https:\/\/i0.wp.com\/talcomosoy.com.ar\/wp-content\/uploads\/2020\/02\/PUA-2020-TRANSPARENTE.png?fit=570%2C382&ssl=1","contentUrl":"https:\/\/i0.wp.com\/talcomosoy.com.ar\/wp-content\/uploads\/2020\/02\/PUA-2020-TRANSPARENTE.png?fit=570%2C382&ssl=1","width":570,"height":382,"caption":"Tal Como Soy"},"image":{"@id":"https:\/\/talcomosoy.com.ar\/#\/schema\/logo\/image\/"},"sameAs":["https:\/\/www.facebook.com\/talcomosoyok","https:\/\/x.com\/talcomosoyok","https:\/\/www.instagram.com\/talcomosoyok","https:\/\/www.youtube.com\/channel\/UCrutZzYQmd9Fe8pEm5wqsiw"]},{"@type":"Person","@id":"https:\/\/talcomosoy.com.ar\/#\/schema\/person\/496b3561bd436afcf2be92147ff855c9","name":"Sinda Miranda","image":{"@type":"ImageObject","inLanguage":"es","@id":"https:\/\/secure.gravatar.com\/avatar\/ab0e992fc0b7117fe730d00fb0e44073b1fd6e28d69de8e7ac3103f1396f445e?s=96&d=mm&r=g","url":"https:\/\/secure.gravatar.com\/avatar\/ab0e992fc0b7117fe730d00fb0e44073b1fd6e28d69de8e7ac3103f1396f445e?s=96&d=mm&r=g","contentUrl":"https:\/\/secure.gravatar.com\/avatar\/ab0e992fc0b7117fe730d00fb0e44073b1fd6e28d69de8e7ac3103f1396f445e?s=96&d=mm&r=g","caption":"Sinda Miranda"},"description":"Escritora, Fot\u00f3grafa, Agente de Prensa","sameAs":["https:\/\/www.facebook.com\/sindamiranda","https:\/\/www.instagram.com\/sindamiranda","https:\/\/x.com\/sindamiranda"],"url":"https:\/\/talcomosoy.com.ar\/index.php\/author\/sindamirandatcs\/"}]}},"jetpack_publicize_connections":[],"jetpack_sharing_enabled":true,"jetpack_likes_enabled":true,"jetpack_featured_media_url":"https:\/\/i0.wp.com\/talcomosoy.com.ar\/wp-content\/uploads\/2022\/06\/Facu-Jofre.jpg?fit=772%2C624&ssl=1","_links":{"self":[{"href":"https:\/\/talcomosoy.com.ar\/index.php\/wp-json\/wp\/v2\/posts\/8917","targetHints":{"allow":["GET"]}}],"collection":[{"href":"https:\/\/talcomosoy.com.ar\/index.php\/wp-json\/wp\/v2\/posts"}],"about":[{"href":"https:\/\/talcomosoy.com.ar\/index.php\/wp-json\/wp\/v2\/types\/post"}],"author":[{"embeddable":true,"href":"https:\/\/talcomosoy.com.ar\/index.php\/wp-json\/wp\/v2\/users\/1"}],"replies":[{"embeddable":true,"href":"https:\/\/talcomosoy.com.ar\/index.php\/wp-json\/wp\/v2\/comments?post=8917"}],"version-history":[{"count":2,"href":"https:\/\/talcomosoy.com.ar\/index.php\/wp-json\/wp\/v2\/posts\/8917\/revisions"}],"predecessor-version":[{"id":8920,"href":"https:\/\/talcomosoy.com.ar\/index.php\/wp-json\/wp\/v2\/posts\/8917\/revisions\/8920"}],"wp:featuredmedia":[{"embeddable":true,"href":"https:\/\/talcomosoy.com.ar\/index.php\/wp-json\/wp\/v2\/media\/8918"}],"wp:attachment":[{"href":"https:\/\/talcomosoy.com.ar\/index.php\/wp-json\/wp\/v2\/media?parent=8917"}],"wp:term":[{"taxonomy":"category","embeddable":true,"href":"https:\/\/talcomosoy.com.ar\/index.php\/wp-json\/wp\/v2\/categories?post=8917"},{"taxonomy":"post_tag","embeddable":true,"href":"https:\/\/talcomosoy.com.ar\/index.php\/wp-json\/wp\/v2\/tags?post=8917"}],"curies":[{"name":"wp","href":"https:\/\/api.w.org\/{rel}","templated":true}]}}