{"id":8914,"date":"2022-06-09T12:27:44","date_gmt":"2022-06-09T15:27:44","guid":{"rendered":"https:\/\/talcomosoy.com.ar\/?p=8914"},"modified":"2022-06-09T12:27:44","modified_gmt":"2022-06-09T15:27:44","slug":"algarroba-com-este-domingo-en-el-independencia","status":"publish","type":"post","link":"https:\/\/talcomosoy.com.ar\/index.php\/algarroba-com-este-domingo-en-el-independencia\/","title":{"rendered":"Algarroba.com este domingo en el Independencia"},"content":{"rendered":"<h3>Despu\u00e9s de 2 a\u00f1os y medio sin presentarse en vivo y tras un impasse de la banda, regresa a los escenarios Algarroba.com, el grupo puntano folcl\u00f3rico de mayor convocatoria de Cuyo.<\/h3>\n<p>&nbsp;<\/p>\n<p>Un banda compuesta por 8 m\u00fasicos y que tiene como l\u00edderes a Julio Zalazar (voz) y Hern\u00e1n Tarasconi (guitarra y voz), quienes fueron los creadores de la agrupaci\u00f3n cuando comenzaron como d\u00fao. Actualmente Algarroba est\u00e1 integrado por: Jorge Paredes, Guillermo Anzulovich, Martin Barros, Marcelo Herrera, Marcelo Reinoso,, Sebasti\u00e1n Su\u00e1rez y Emanuel Escudero y el percusionista mendocino, Ricardo Vaccari.<\/p>\n<p>El grupo, que tiene m\u00e1s de 20 a\u00f1os de trayectoria, los cuales ha plasmados en 5 trabajos discogr\u00e1ficos,<strong> se presentar\u00e1 este domingo 12 de junio en el Teatro Independencia, desde las 20.<\/strong><\/p>\n<p>En la sala mayor de los mendocinos, Algarroba presentar\u00e1 un espect\u00e1culo que dura alrededor de dos horas, con un repertorio renovado, pero adem\u00e1s, har\u00e1 un repaso de sus temas m\u00e1s conocidos y de nuestra cuyan\u00eda.<\/p>\n<p>Esta versi\u00f3n 2022 de Algarroba, adem\u00e1s de material musical, ha incorporado nuevos integrantes a la banda, teniendo en cuenta que en junio de 2021 falleci\u00f3 el reconocido y destacado vientista, Sergio Ochoa, a causa de Covid. Ochoa adem\u00e1s de integrar Algarroba fue un destacad\u00edsimo m\u00fasico y un gran formador de la m\u00fasica puntana.<\/p>\n<p>El grupo Algarroba est\u00e1 ofreciendo una serie de conciertos desde su regreso, gira que ha denominado: \u201cVolvemos\u201d.<br \/>\nEl Teatro Independencia de Mendoza ser\u00e1 la segunda parada, siendo la primera el pasado 4 de junio en la Sala Hugo del Carril de San Luis. El 18 de junio se presentar\u00e1n en San Juan, en el Teatro Municipal y cerrar\u00e1n el tours, el 25 de junio, en el Teatro del Viejo Mercado de Villa Mercedes de San Luis.<\/p>\n<p>Tras la primera presentaci\u00f3n en San Luis, que tuvo un lleno absoluto, el cantante Julio Zalazar coment\u00f3: <em>\u00abEs emocionante para nosotros saber que sigue esa comuni\u00f3n y ese cari\u00f1o con el p\u00fablico, que pudo verse reflejado en un teatro lleno y con entradas agotada, donde pudimos mostrar nuestras canciones nuevas. Hay un trabajo m\u00e1s profesional y se dice que uno no es profesional por el dinero que gana sino de la manera trabaja. Hubo mucha emoci\u00f3n por el Jejo (Sergio Ochoa) extra\u00f1arlo much\u00edsimo. Al gordito lo extra\u00f1amos much\u00edsimo y hemos decidido no reemplazarlo, porque justamente es irremplazable\u201d.<\/em><\/p>\n<p><em>\u00abMientras que me quedo con la misma sensaci\u00f3n que tuvimos aquella vez en el Teatro Berta, estaba lleno, ahora pas\u00f3 lo mismo y la sensaci\u00f3n fue la misma. Con una banda super grande en aquella oportunidad y ahora se vio algo muy parecido, tras una gran producci\u00f3n. Por ese motivo estamos muy estamos muy contentos\u201d<\/em>, dijo el Polaco Tarasconi.<\/p>\n<p>&nbsp;<\/p>\n<p>&nbsp;<\/p>\n","protected":false},"excerpt":{"rendered":"<p>Despu\u00e9s de 2 a\u00f1os y medio sin presentarse en vivo y tras un impasse de<\/p>\n","protected":false},"author":1,"featured_media":0,"comment_status":"closed","ping_status":"closed","sticky":false,"template":"","format":"standard","meta":{"_jetpack_newsletter_access":"","_jetpack_dont_email_post_to_subs":false,"_jetpack_newsletter_tier_id":0,"_jetpack_memberships_contains_paywalled_content":false,"_jetpack_feature_clip_id":0,"_jetpack_memberships_contains_paid_content":false,"footnotes":"","jetpack_publicize_message":"","jetpack_publicize_feature_enabled":true,"jetpack_social_post_already_shared":true,"jetpack_social_options":{"image_generator_settings":{"template":"highway","default_image_id":0,"font":"","enabled":false},"version":2},"jetpack_post_was_ever_published":false},"categories":[2],"tags":[],"class_list":["post-8914","post","type-post","status-publish","format-standard","hentry","category-musica"],"yoast_head":"<!-- This site is optimized with the Yoast SEO plugin v28.4 - https:\/\/yoast.com\/product\/yoast-seo-wordpress\/ -->\n<title>Algarroba.com este domingo en el Independencia - Tal Como Soy<\/title>\n<meta name=\"robots\" content=\"index, follow, max-snippet:-1, max-image-preview:large, max-video-preview:-1\" \/>\n<link rel=\"canonical\" href=\"https:\/\/talcomosoy.com.ar\/index.php\/algarroba-com-este-domingo-en-el-independencia\/\" \/>\n<meta property=\"og:locale\" content=\"es_ES\" \/>\n<meta property=\"og:type\" content=\"article\" \/>\n<meta property=\"og:title\" content=\"Algarroba.com este domingo en el Independencia - Tal Como Soy\" \/>\n<meta property=\"og:description\" content=\"Despu\u00e9s de 2 a\u00f1os y medio sin presentarse en vivo y tras un impasse de\" \/>\n<meta property=\"og:url\" content=\"https:\/\/talcomosoy.com.ar\/index.php\/algarroba-com-este-domingo-en-el-independencia\/\" \/>\n<meta property=\"og:site_name\" content=\"Tal Como Soy\" \/>\n<meta property=\"article:publisher\" content=\"https:\/\/www.facebook.com\/talcomosoyok\" \/>\n<meta property=\"article:author\" content=\"https:\/\/www.facebook.com\/sindamiranda\" \/>\n<meta property=\"article:published_time\" content=\"2022-06-09T15:27:44+00:00\" \/>\n<meta property=\"og:image\" content=\"https:\/\/i0.wp.com\/talcomosoy.com.ar\/wp-content\/uploads\/2020\/02\/LOGO-PUA-2020-NEGRO.png?fit=570%2C382&ssl=1\" \/>\n\t<meta property=\"og:image:width\" content=\"570\" \/>\n\t<meta property=\"og:image:height\" content=\"382\" \/>\n\t<meta property=\"og:image:type\" content=\"image\/png\" \/>\n<meta name=\"author\" content=\"Sinda Miranda\" \/>\n<meta name=\"twitter:card\" content=\"summary_large_image\" \/>\n<meta name=\"twitter:creator\" content=\"@sindamiranda\" \/>\n<meta name=\"twitter:site\" content=\"@talcomosoyok\" \/>\n<meta name=\"twitter:label1\" content=\"Escrito por\" \/>\n\t<meta name=\"twitter:data1\" content=\"Sinda Miranda\" \/>\n\t<meta name=\"twitter:label2\" content=\"Tiempo de lectura\" \/>\n\t<meta name=\"twitter:data2\" content=\"3 minutos\" \/>\n<script type=\"application\/ld+json\" class=\"yoast-schema-graph\">{\"@context\":\"https:\\\/\\\/schema.org\",\"@graph\":[{\"@type\":\"Article\",\"@id\":\"https:\\\/\\\/talcomosoy.com.ar\\\/index.php\\\/algarroba-com-este-domingo-en-el-independencia\\\/#article\",\"isPartOf\":{\"@id\":\"https:\\\/\\\/talcomosoy.com.ar\\\/index.php\\\/algarroba-com-este-domingo-en-el-independencia\\\/\"},\"author\":{\"name\":\"Sinda Miranda\",\"@id\":\"https:\\\/\\\/talcomosoy.com.ar\\\/#\\\/schema\\\/person\\\/496b3561bd436afcf2be92147ff855c9\"},\"headline\":\"Algarroba.com este domingo en el Independencia\",\"datePublished\":\"2022-06-09T15:27:44+00:00\",\"mainEntityOfPage\":{\"@id\":\"https:\\\/\\\/talcomosoy.com.ar\\\/index.php\\\/algarroba-com-este-domingo-en-el-independencia\\\/\"},\"wordCount\":479,\"publisher\":{\"@id\":\"https:\\\/\\\/talcomosoy.com.ar\\\/#organization\"},\"articleSection\":[\"M\u00fasica\"],\"inLanguage\":\"es\"},{\"@type\":\"WebPage\",\"@id\":\"https:\\\/\\\/talcomosoy.com.ar\\\/index.php\\\/algarroba-com-este-domingo-en-el-independencia\\\/\",\"url\":\"https:\\\/\\\/talcomosoy.com.ar\\\/index.php\\\/algarroba-com-este-domingo-en-el-independencia\\\/\",\"name\":\"Algarroba.com este domingo en el Independencia - Tal Como Soy\",\"isPartOf\":{\"@id\":\"https:\\\/\\\/talcomosoy.com.ar\\\/#website\"},\"datePublished\":\"2022-06-09T15:27:44+00:00\",\"inLanguage\":\"es\",\"potentialAction\":[{\"@type\":\"ReadAction\",\"target\":[\"https:\\\/\\\/talcomosoy.com.ar\\\/index.php\\\/algarroba-com-este-domingo-en-el-independencia\\\/\"]}]},{\"@type\":\"WebSite\",\"@id\":\"https:\\\/\\\/talcomosoy.com.ar\\\/#website\",\"url\":\"https:\\\/\\\/talcomosoy.com.ar\\\/\",\"name\":\"Tal Como Soy\",\"description\":\"Magazine Musical Digital\",\"publisher\":{\"@id\":\"https:\\\/\\\/talcomosoy.com.ar\\\/#organization\"},\"potentialAction\":[{\"@type\":\"SearchAction\",\"target\":{\"@type\":\"EntryPoint\",\"urlTemplate\":\"https:\\\/\\\/talcomosoy.com.ar\\\/?s={search_term_string}\"},\"query-input\":{\"@type\":\"PropertyValueSpecification\",\"valueRequired\":true,\"valueName\":\"search_term_string\"}}],\"inLanguage\":\"es\"},{\"@type\":\"Organization\",\"@id\":\"https:\\\/\\\/talcomosoy.com.ar\\\/#organization\",\"name\":\"Tal Como Soy\",\"url\":\"https:\\\/\\\/talcomosoy.com.ar\\\/\",\"logo\":{\"@type\":\"ImageObject\",\"inLanguage\":\"es\",\"@id\":\"https:\\\/\\\/talcomosoy.com.ar\\\/#\\\/schema\\\/logo\\\/image\\\/\",\"url\":\"https:\\\/\\\/i0.wp.com\\\/talcomosoy.com.ar\\\/wp-content\\\/uploads\\\/2020\\\/02\\\/PUA-2020-TRANSPARENTE.png?fit=570%2C382&ssl=1\",\"contentUrl\":\"https:\\\/\\\/i0.wp.com\\\/talcomosoy.com.ar\\\/wp-content\\\/uploads\\\/2020\\\/02\\\/PUA-2020-TRANSPARENTE.png?fit=570%2C382&ssl=1\",\"width\":570,\"height\":382,\"caption\":\"Tal Como Soy\"},\"image\":{\"@id\":\"https:\\\/\\\/talcomosoy.com.ar\\\/#\\\/schema\\\/logo\\\/image\\\/\"},\"sameAs\":[\"https:\\\/\\\/www.facebook.com\\\/talcomosoyok\",\"https:\\\/\\\/x.com\\\/talcomosoyok\",\"https:\\\/\\\/www.instagram.com\\\/talcomosoyok\",\"https:\\\/\\\/www.youtube.com\\\/channel\\\/UCrutZzYQmd9Fe8pEm5wqsiw\"]},{\"@type\":\"Person\",\"@id\":\"https:\\\/\\\/talcomosoy.com.ar\\\/#\\\/schema\\\/person\\\/496b3561bd436afcf2be92147ff855c9\",\"name\":\"Sinda Miranda\",\"image\":{\"@type\":\"ImageObject\",\"inLanguage\":\"es\",\"@id\":\"https:\\\/\\\/secure.gravatar.com\\\/avatar\\\/ab0e992fc0b7117fe730d00fb0e44073b1fd6e28d69de8e7ac3103f1396f445e?s=96&d=mm&r=g\",\"url\":\"https:\\\/\\\/secure.gravatar.com\\\/avatar\\\/ab0e992fc0b7117fe730d00fb0e44073b1fd6e28d69de8e7ac3103f1396f445e?s=96&d=mm&r=g\",\"contentUrl\":\"https:\\\/\\\/secure.gravatar.com\\\/avatar\\\/ab0e992fc0b7117fe730d00fb0e44073b1fd6e28d69de8e7ac3103f1396f445e?s=96&d=mm&r=g\",\"caption\":\"Sinda Miranda\"},\"description\":\"Escritora, Fot\u00f3grafa, Agente de Prensa\",\"sameAs\":[\"https:\\\/\\\/www.facebook.com\\\/sindamiranda\",\"https:\\\/\\\/www.instagram.com\\\/sindamiranda\",\"https:\\\/\\\/x.com\\\/sindamiranda\"],\"url\":\"https:\\\/\\\/talcomosoy.com.ar\\\/index.php\\\/author\\\/sindamirandatcs\\\/\"}]}<\/script>\n<!-- \/ Yoast SEO plugin. -->","yoast_head_json":{"title":"Algarroba.com este domingo en el Independencia - Tal Como Soy","robots":{"index":"index","follow":"follow","max-snippet":"max-snippet:-1","max-image-preview":"max-image-preview:large","max-video-preview":"max-video-preview:-1"},"canonical":"https:\/\/talcomosoy.com.ar\/index.php\/algarroba-com-este-domingo-en-el-independencia\/","og_locale":"es_ES","og_type":"article","og_title":"Algarroba.com este domingo en el Independencia - Tal Como Soy","og_description":"Despu\u00e9s de 2 a\u00f1os y medio sin presentarse en vivo y tras un impasse de","og_url":"https:\/\/talcomosoy.com.ar\/index.php\/algarroba-com-este-domingo-en-el-independencia\/","og_site_name":"Tal Como Soy","article_publisher":"https:\/\/www.facebook.com\/talcomosoyok","article_author":"https:\/\/www.facebook.com\/sindamiranda","article_published_time":"2022-06-09T15:27:44+00:00","og_image":[{"width":570,"height":382,"url":"https:\/\/i0.wp.com\/talcomosoy.com.ar\/wp-content\/uploads\/2020\/02\/LOGO-PUA-2020-NEGRO.png?fit=570%2C382&ssl=1","type":"image\/png"}],"author":"Sinda Miranda","twitter_card":"summary_large_image","twitter_creator":"@sindamiranda","twitter_site":"@talcomosoyok","twitter_misc":{"Escrito por":"Sinda Miranda","Tiempo de lectura":"3 minutos"},"schema":{"@context":"https:\/\/schema.org","@graph":[{"@type":"Article","@id":"https:\/\/talcomosoy.com.ar\/index.php\/algarroba-com-este-domingo-en-el-independencia\/#article","isPartOf":{"@id":"https:\/\/talcomosoy.com.ar\/index.php\/algarroba-com-este-domingo-en-el-independencia\/"},"author":{"name":"Sinda Miranda","@id":"https:\/\/talcomosoy.com.ar\/#\/schema\/person\/496b3561bd436afcf2be92147ff855c9"},"headline":"Algarroba.com este domingo en el Independencia","datePublished":"2022-06-09T15:27:44+00:00","mainEntityOfPage":{"@id":"https:\/\/talcomosoy.com.ar\/index.php\/algarroba-com-este-domingo-en-el-independencia\/"},"wordCount":479,"publisher":{"@id":"https:\/\/talcomosoy.com.ar\/#organization"},"articleSection":["M\u00fasica"],"inLanguage":"es"},{"@type":"WebPage","@id":"https:\/\/talcomosoy.com.ar\/index.php\/algarroba-com-este-domingo-en-el-independencia\/","url":"https:\/\/talcomosoy.com.ar\/index.php\/algarroba-com-este-domingo-en-el-independencia\/","name":"Algarroba.com este domingo en el Independencia - Tal Como Soy","isPartOf":{"@id":"https:\/\/talcomosoy.com.ar\/#website"},"datePublished":"2022-06-09T15:27:44+00:00","inLanguage":"es","potentialAction":[{"@type":"ReadAction","target":["https:\/\/talcomosoy.com.ar\/index.php\/algarroba-com-este-domingo-en-el-independencia\/"]}]},{"@type":"WebSite","@id":"https:\/\/talcomosoy.com.ar\/#website","url":"https:\/\/talcomosoy.com.ar\/","name":"Tal Como Soy","description":"Magazine Musical Digital","publisher":{"@id":"https:\/\/talcomosoy.com.ar\/#organization"},"potentialAction":[{"@type":"SearchAction","target":{"@type":"EntryPoint","urlTemplate":"https:\/\/talcomosoy.com.ar\/?s={search_term_string}"},"query-input":{"@type":"PropertyValueSpecification","valueRequired":true,"valueName":"search_term_string"}}],"inLanguage":"es"},{"@type":"Organization","@id":"https:\/\/talcomosoy.com.ar\/#organization","name":"Tal Como Soy","url":"https:\/\/talcomosoy.com.ar\/","logo":{"@type":"ImageObject","inLanguage":"es","@id":"https:\/\/talcomosoy.com.ar\/#\/schema\/logo\/image\/","url":"https:\/\/i0.wp.com\/talcomosoy.com.ar\/wp-content\/uploads\/2020\/02\/PUA-2020-TRANSPARENTE.png?fit=570%2C382&ssl=1","contentUrl":"https:\/\/i0.wp.com\/talcomosoy.com.ar\/wp-content\/uploads\/2020\/02\/PUA-2020-TRANSPARENTE.png?fit=570%2C382&ssl=1","width":570,"height":382,"caption":"Tal Como Soy"},"image":{"@id":"https:\/\/talcomosoy.com.ar\/#\/schema\/logo\/image\/"},"sameAs":["https:\/\/www.facebook.com\/talcomosoyok","https:\/\/x.com\/talcomosoyok","https:\/\/www.instagram.com\/talcomosoyok","https:\/\/www.youtube.com\/channel\/UCrutZzYQmd9Fe8pEm5wqsiw"]},{"@type":"Person","@id":"https:\/\/talcomosoy.com.ar\/#\/schema\/person\/496b3561bd436afcf2be92147ff855c9","name":"Sinda Miranda","image":{"@type":"ImageObject","inLanguage":"es","@id":"https:\/\/secure.gravatar.com\/avatar\/ab0e992fc0b7117fe730d00fb0e44073b1fd6e28d69de8e7ac3103f1396f445e?s=96&d=mm&r=g","url":"https:\/\/secure.gravatar.com\/avatar\/ab0e992fc0b7117fe730d00fb0e44073b1fd6e28d69de8e7ac3103f1396f445e?s=96&d=mm&r=g","contentUrl":"https:\/\/secure.gravatar.com\/avatar\/ab0e992fc0b7117fe730d00fb0e44073b1fd6e28d69de8e7ac3103f1396f445e?s=96&d=mm&r=g","caption":"Sinda Miranda"},"description":"Escritora, Fot\u00f3grafa, Agente de Prensa","sameAs":["https:\/\/www.facebook.com\/sindamiranda","https:\/\/www.instagram.com\/sindamiranda","https:\/\/x.com\/sindamiranda"],"url":"https:\/\/talcomosoy.com.ar\/index.php\/author\/sindamirandatcs\/"}]}},"jetpack_publicize_connections":[],"jetpack_sharing_enabled":true,"jetpack_likes_enabled":true,"jetpack_featured_media_url":"","_links":{"self":[{"href":"https:\/\/talcomosoy.com.ar\/index.php\/wp-json\/wp\/v2\/posts\/8914","targetHints":{"allow":["GET"]}}],"collection":[{"href":"https:\/\/talcomosoy.com.ar\/index.php\/wp-json\/wp\/v2\/posts"}],"about":[{"href":"https:\/\/talcomosoy.com.ar\/index.php\/wp-json\/wp\/v2\/types\/post"}],"author":[{"embeddable":true,"href":"https:\/\/talcomosoy.com.ar\/index.php\/wp-json\/wp\/v2\/users\/1"}],"replies":[{"embeddable":true,"href":"https:\/\/talcomosoy.com.ar\/index.php\/wp-json\/wp\/v2\/comments?post=8914"}],"version-history":[{"count":2,"href":"https:\/\/talcomosoy.com.ar\/index.php\/wp-json\/wp\/v2\/posts\/8914\/revisions"}],"predecessor-version":[{"id":8916,"href":"https:\/\/talcomosoy.com.ar\/index.php\/wp-json\/wp\/v2\/posts\/8914\/revisions\/8916"}],"wp:attachment":[{"href":"https:\/\/talcomosoy.com.ar\/index.php\/wp-json\/wp\/v2\/media?parent=8914"}],"wp:term":[{"taxonomy":"category","embeddable":true,"href":"https:\/\/talcomosoy.com.ar\/index.php\/wp-json\/wp\/v2\/categories?post=8914"},{"taxonomy":"post_tag","embeddable":true,"href":"https:\/\/talcomosoy.com.ar\/index.php\/wp-json\/wp\/v2\/tags?post=8914"}],"curies":[{"name":"wp","href":"https:\/\/api.w.org\/{rel}","templated":true}]}}