{"id":8839,"date":"2022-06-07T11:15:01","date_gmt":"2022-06-07T14:15:01","guid":{"rendered":"https:\/\/talcomosoy.com.ar\/?p=8839"},"modified":"2022-06-07T11:15:01","modified_gmt":"2022-06-07T14:15:01","slug":"llega-a-mendoza-el-reconocido-musico-santiago-arias-con-un-gran-concierto-y-una-catedra-abierta","status":"publish","type":"post","link":"https:\/\/talcomosoy.com.ar\/index.php\/llega-a-mendoza-el-reconocido-musico-santiago-arias-con-un-gran-concierto-y-una-catedra-abierta\/","title":{"rendered":"Llega a Mendoza el reconocido m\u00fasico Santiago Arias con un gran concierto y una c\u00e1tedra abierta"},"content":{"rendered":"<h3>El bandoneonista juje\u00f1o Santiago Arias presenta en Mendoza su segundo disco como solista \u201cEvocaci\u00f3n de carnaval\u201d, editado por el sello discogr\u00e1fico Shagrada Medra. Como invitados estar\u00e1n los reconocidos m\u00fasicos Polo Mart\u00ed y Fabrizio Colombo.<\/h3>\n<p>&nbsp;<\/p>\n<p><strong>El s\u00e1bado 11 de junio, a las 21, se presentar\u00e1 el destacado m\u00fasico en la Sala Vilma R\u00fapolo del Espacio Cultural Julio Le Parc, Mitre y Godoy Cruz de Guaymall\u00e9n. La entrada general costar\u00e1 $800 y para estudiantes y jubilados $500. Ya est\u00e1n a la venta en www.entradaweb.com<\/strong><\/p>\n<p>Adem\u00e1s, brindar\u00e1 una C\u00e1tedra Abierta \u00abC\u00e9lulas R\u00edtmicas Andinas\u00bb, a cargo del m\u00fasico juje\u00f1o. Est\u00e1 organizado por la Facultad de Artes y Dise\u00f1o de la UNCuyo y la actividad cuenta con el auspicio del Ministerio de Cultura y Turismo de Mendoza. Para inscripciones ingresar a la p\u00e1gina www.mendoza.gov.ar\/cultura<\/p>\n<p>Ser\u00e1 el viernes 10 de junio, de 16 a 19, en el Aula 1 &#8211; Edificio de M\u00fasica (Centro Universitario). La actividad est\u00e1 dirigida a estudiantes de la Licenciatura en M\u00fasica Popular, y hay un cupo de 15 m\u00fasicos de la provincia a trav\u00e9s del Ministerio de Cultura y Turismo. En el mismo, se analizar\u00e1 y abordar\u00e1 los g\u00e9neros t\u00edpicos del Noroeste argentino.<\/p>\n<p>&nbsp;<\/p>\n<h3>Sobre Santiago Arias<\/h3>\n<p>&nbsp;<\/p>\n<p>Hijo de madre bonaerense y padre tucumano, Santiago Manuel Arias naci\u00f3 el 4 de mayo de 1988 en San Salvador de Jujuy y se cri\u00f3 en el pueblo de Tilcara. All\u00ed empez\u00f3 a conocer la m\u00fasica en el bombo leg\u00fcero y luego en la guitarra con la ense\u00f1anza de sus padres. Estudi\u00f3 piano durante un per\u00edodo de su infancia, luego bajo el\u00e9ctrico en San Salvador de Jujuy y m\u00e1s tarde se iniciar\u00eda en el bandone\u00f3n con Juan Carlos Mar\u00edn, en Salta. A los 18 a\u00f1os se radic\u00f3 en Buenos Aires y curs\u00f3 hasta el 4to a\u00f1o en el Conservatorio Manuel de Falla de la Ciudad de Buenos Aires. Tom\u00f3 clases de bandone\u00f3n con Dino Saluzzi, de bajo el\u00e9ctrico con C\u00e9sar Franov y m\u00fasica en general con Juan Carlos \u201cMono\u201d Fontana.<\/p>\n<p>En 2014, recibi\u00f3 el segundo premio del Fondo Nacional de las Artes 2013, con el cual edit\u00f3 su primer disco solista \u00abFuellisto\u00bb (bandone\u00f3n s\u00f3lo, folklore). En 2016 recibi\u00f3 id\u00e9ntico premio y public\u00f3 \u201cCriollo\u201d del d\u00fao Arias-Castro (junto a Sebasti\u00e1n Castro en guitarra). Y, en 2018 grab\u00f3 el disco \u201cAbsinthe\u201d (para el sello alem\u00e1n ECM de Manfred Eicher) del guitarrista y compositor ingl\u00e9s Dominic Miller (hist\u00f3rico integrante del grupo de Sting). Conjunto que completan Manu Katch\u00e9 (Francia), Nicolas Fizsman (B\u00e9lgica) y Mike Lindup (Inglaterra) y con el que ha girado por Europa y Asia por m\u00e1s de 50 ciudades entre 2019 y 2020.<\/p>\n<p>La mayor parte de su formaci\u00f3n se atribuye a lo compartido y aprendido de los m\u00fasicos, desde su ni\u00f1ez hasta la actualidad. Integra \u00abLa Cangola Trunca\u00bb junto a Hugo Maldonado, Mariano Agustoni y Quintino Cinalli; grupo con el cual tiene dos discos editados: \u201cCalisaya\u201d (2012) y \u201cSajra\u201d (2018).<\/p>\n<p>&nbsp;<\/p>\n<h3>Evocaci\u00f3n del Carnaval<\/h3>\n<p>&nbsp;<\/p>\n<p>El repertorio va desde lo tradicional norte\u00f1o-andino (como una selecci\u00f3n de cuecas bolivianas -\u00abElenita\/Urpi\u00bb-, una \u00abSelecci\u00f3n de caporales\u00bb o una selecci\u00f3n de huaynos de Bonny Alberto Ter\u00e1n), a algo menos tradicional como son las obras del gran Cuchi Leguizam\u00f3n \u00abDe solo estar\u00bb, \u00abChacarera del zorro\u00bb y \u00abZamba del mar\u00bb, que suenan en versiones solistas de bandone\u00f3n, diferenci\u00e1ndose notablemente de las versiones originales grabadas en piano por el autor. El disco completa la variedad con dos improvisaciones libres en torno a ideas folkl\u00f3ricas, evocando colores tradicionales en sus melod\u00edas en \u00abDi\u00e1logo con el abuelo\u00bb y \u00abMala Macha\u00bb, del propio Arias. Por \u00faltimo \u00abDanny boy \/ Por el cerro Negro\u00bb combina sensiblemente dos m\u00fasicas folkl\u00f3ricas, una de Irlanda y otra de la Quebrada de Humahuaca.<\/p>\n<p>El disco fue grabado en dos etapas: la primera en la residencia art\u00edstica Musib\u00e9ria, en Serpa-Portugal en 2019, y la segunda en el m\u00edtico estudio ION de Buenos Aires durante la pandemia en 2020.<\/p>\n<p>\u00abEvocaci\u00f3n de carnaval\u00bb se edit\u00f3 en formato f\u00edsico, con un libro interno de ocho p\u00e1ginas, con fotograf\u00edas de los juje\u00f1os Inti Pati\u00f1o y Hern\u00e1n Paganini y coplas de Santiago Arias dedicadas al carnaval durante su ausencia de tres a\u00f1os consecutivos, y se encuentra tambi\u00e9n disponible en todas las plataformas digitales (Spotify, Apple Music, iTunes, etc).<\/p>\n<p>&nbsp;<\/p>\n<h3>C\u00e1tedra Abierta<\/h3>\n<p>&nbsp;<\/p>\n<p>El destacado m\u00fasico ofrecer\u00e1 la c\u00e1tedra \u00abC\u00e9lulas R\u00edtmicas Andinas\u00bb, a cargo del m\u00fasico juje\u00f1o Santiago Arias. Ser\u00e1 el viernes 10, de 16 a 19. Est\u00e1 destinado a alumnos de las diversas orientaciones de la Licenciatura en M\u00fasica Popular, egresados, docentes, m\u00fasicos y p\u00fablico general.<\/p>\n<p>Los objetivos son interpretar alguno de los g\u00e9neros de la m\u00fasica andina en su instrumento, tanto como solista o conformando ensambles formados in situ; Comprender las particularidades r\u00edtmicas de los g\u00e9neros huay\u00f1o, bailecito, cueca, caporal, takirari, pim pim, desde la percepci\u00f3n, activando el reconocimiento para la lecto-escritura y poner en funcionamiento aspectos creativos de la interpretaci\u00f3n musical, adquiriendo ideas y habilidades de reelaboraci\u00f3n, arreglos e improvisaci\u00f3n, considerando preeminentemente las caracter\u00edsticas r\u00edtmicas de los g\u00e9neros andinos.<\/p>\n<p>La metodolog\u00eda es exposici\u00f3n oral, con ejemplos interpretados en bandone\u00f3n, percusi\u00f3n, guitarra, piano y canto; An\u00e1lisis y reconocimiento auditivo de las r\u00edtmicas de los g\u00e9neros de la m\u00fasica andina; Interpretaci\u00f3n por parte de los participantes, de diversos ejemplos de la m\u00fasica andina, para la incorporaci\u00f3n de sus r\u00edtmicas caracter\u00edsticas.<\/p>\n<p>Cada participante activo llevar\u00e1 su instrumento (se dispondr\u00e1 de un piano en la sala), de modo tal de conformar ensambles in situ. El profesor a cargo interpretar\u00e1 diversos ejemplos de los g\u00e9neros andinos en distintos instrumentos, as\u00ed como compartir\u00e1 ejemplos en audio de los CD\u201fs \u201cFuellisto\u201d y \u201cEvocaci\u00f3n de carnaval\u201d (Santiago Arias), \u201cCriollo\u201d (S. Arias \u2013 S. Castro), y \u201cCalisaya\u201d y \u201cSajra\u201d (La Cangola Trunca).<\/p>\n","protected":false},"excerpt":{"rendered":"<p>El bandoneonista juje\u00f1o Santiago Arias presenta en Mendoza su segundo disco como solista \u201cEvocaci\u00f3n de<\/p>\n","protected":false},"author":1,"featured_media":8840,"comment_status":"closed","ping_status":"closed","sticky":false,"template":"","format":"standard","meta":{"_jetpack_newsletter_access":"","_jetpack_dont_email_post_to_subs":false,"_jetpack_newsletter_tier_id":0,"_jetpack_memberships_contains_paywalled_content":false,"_jetpack_feature_clip_id":0,"_jetpack_memberships_contains_paid_content":false,"footnotes":"","jetpack_publicize_message":"","jetpack_publicize_feature_enabled":true,"jetpack_social_post_already_shared":true,"jetpack_social_options":{"image_generator_settings":{"template":"highway","default_image_id":0,"font":"","enabled":false},"version":2},"jetpack_post_was_ever_published":false},"categories":[2],"tags":[],"class_list":["post-8839","post","type-post","status-publish","format-standard","has-post-thumbnail","hentry","category-musica"],"yoast_head":"<!-- This site is optimized with the Yoast SEO plugin v28.4 - https:\/\/yoast.com\/product\/yoast-seo-wordpress\/ -->\n<title>Llega a Mendoza el reconocido m\u00fasico Santiago Arias con un gran concierto y una c\u00e1tedra abierta - Tal Como Soy<\/title>\n<meta name=\"robots\" content=\"index, follow, max-snippet:-1, max-image-preview:large, max-video-preview:-1\" \/>\n<link rel=\"canonical\" href=\"https:\/\/talcomosoy.com.ar\/index.php\/llega-a-mendoza-el-reconocido-musico-santiago-arias-con-un-gran-concierto-y-una-catedra-abierta\/\" \/>\n<meta property=\"og:locale\" content=\"es_ES\" \/>\n<meta property=\"og:type\" content=\"article\" \/>\n<meta property=\"og:title\" content=\"Llega a Mendoza el reconocido m\u00fasico Santiago Arias con un gran concierto y una c\u00e1tedra abierta - Tal Como Soy\" \/>\n<meta property=\"og:description\" content=\"El bandoneonista juje\u00f1o Santiago Arias presenta en Mendoza su segundo disco como solista \u201cEvocaci\u00f3n de\" \/>\n<meta property=\"og:url\" content=\"https:\/\/talcomosoy.com.ar\/index.php\/llega-a-mendoza-el-reconocido-musico-santiago-arias-con-un-gran-concierto-y-una-catedra-abierta\/\" \/>\n<meta property=\"og:site_name\" content=\"Tal Como Soy\" \/>\n<meta property=\"article:publisher\" content=\"https:\/\/www.facebook.com\/talcomosoyok\" \/>\n<meta property=\"article:author\" content=\"https:\/\/www.facebook.com\/sindamiranda\" \/>\n<meta property=\"article:published_time\" content=\"2022-06-07T14:15:01+00:00\" \/>\n<meta property=\"og:image\" content=\"https:\/\/i0.wp.com\/talcomosoy.com.ar\/wp-content\/uploads\/2022\/06\/Foto-Santiago-Arias.jpg?fit=1772%2C1181&ssl=1\" \/>\n\t<meta property=\"og:image:width\" content=\"1772\" \/>\n\t<meta property=\"og:image:height\" content=\"1181\" \/>\n\t<meta property=\"og:image:type\" content=\"image\/jpeg\" \/>\n<meta name=\"author\" content=\"Sinda Miranda\" \/>\n<meta name=\"twitter:card\" content=\"summary_large_image\" \/>\n<meta name=\"twitter:creator\" content=\"@sindamiranda\" \/>\n<meta name=\"twitter:site\" content=\"@talcomosoyok\" \/>\n<meta name=\"twitter:label1\" content=\"Escrito por\" \/>\n\t<meta name=\"twitter:data1\" content=\"Sinda Miranda\" \/>\n\t<meta name=\"twitter:label2\" content=\"Tiempo de lectura\" \/>\n\t<meta name=\"twitter:data2\" content=\"5 minutos\" \/>\n<script type=\"application\/ld+json\" class=\"yoast-schema-graph\">{\"@context\":\"https:\\\/\\\/schema.org\",\"@graph\":[{\"@type\":\"Article\",\"@id\":\"https:\\\/\\\/talcomosoy.com.ar\\\/index.php\\\/llega-a-mendoza-el-reconocido-musico-santiago-arias-con-un-gran-concierto-y-una-catedra-abierta\\\/#article\",\"isPartOf\":{\"@id\":\"https:\\\/\\\/talcomosoy.com.ar\\\/index.php\\\/llega-a-mendoza-el-reconocido-musico-santiago-arias-con-un-gran-concierto-y-una-catedra-abierta\\\/\"},\"author\":{\"name\":\"Sinda Miranda\",\"@id\":\"https:\\\/\\\/talcomosoy.com.ar\\\/#\\\/schema\\\/person\\\/496b3561bd436afcf2be92147ff855c9\"},\"headline\":\"Llega a Mendoza el reconocido m\u00fasico Santiago Arias con un gran concierto y una c\u00e1tedra abierta\",\"datePublished\":\"2022-06-07T14:15:01+00:00\",\"mainEntityOfPage\":{\"@id\":\"https:\\\/\\\/talcomosoy.com.ar\\\/index.php\\\/llega-a-mendoza-el-reconocido-musico-santiago-arias-con-un-gran-concierto-y-una-catedra-abierta\\\/\"},\"wordCount\":1047,\"publisher\":{\"@id\":\"https:\\\/\\\/talcomosoy.com.ar\\\/#organization\"},\"image\":{\"@id\":\"https:\\\/\\\/talcomosoy.com.ar\\\/index.php\\\/llega-a-mendoza-el-reconocido-musico-santiago-arias-con-un-gran-concierto-y-una-catedra-abierta\\\/#primaryimage\"},\"thumbnailUrl\":\"https:\\\/\\\/i0.wp.com\\\/talcomosoy.com.ar\\\/wp-content\\\/uploads\\\/2022\\\/06\\\/Foto-Santiago-Arias.jpg?fit=1772%2C1181&ssl=1\",\"articleSection\":[\"M\u00fasica\"],\"inLanguage\":\"es\"},{\"@type\":\"WebPage\",\"@id\":\"https:\\\/\\\/talcomosoy.com.ar\\\/index.php\\\/llega-a-mendoza-el-reconocido-musico-santiago-arias-con-un-gran-concierto-y-una-catedra-abierta\\\/\",\"url\":\"https:\\\/\\\/talcomosoy.com.ar\\\/index.php\\\/llega-a-mendoza-el-reconocido-musico-santiago-arias-con-un-gran-concierto-y-una-catedra-abierta\\\/\",\"name\":\"Llega a Mendoza el reconocido m\u00fasico Santiago Arias con un gran concierto y una c\u00e1tedra abierta - Tal Como Soy\",\"isPartOf\":{\"@id\":\"https:\\\/\\\/talcomosoy.com.ar\\\/#website\"},\"primaryImageOfPage\":{\"@id\":\"https:\\\/\\\/talcomosoy.com.ar\\\/index.php\\\/llega-a-mendoza-el-reconocido-musico-santiago-arias-con-un-gran-concierto-y-una-catedra-abierta\\\/#primaryimage\"},\"image\":{\"@id\":\"https:\\\/\\\/talcomosoy.com.ar\\\/index.php\\\/llega-a-mendoza-el-reconocido-musico-santiago-arias-con-un-gran-concierto-y-una-catedra-abierta\\\/#primaryimage\"},\"thumbnailUrl\":\"https:\\\/\\\/i0.wp.com\\\/talcomosoy.com.ar\\\/wp-content\\\/uploads\\\/2022\\\/06\\\/Foto-Santiago-Arias.jpg?fit=1772%2C1181&ssl=1\",\"datePublished\":\"2022-06-07T14:15:01+00:00\",\"inLanguage\":\"es\",\"potentialAction\":[{\"@type\":\"ReadAction\",\"target\":[\"https:\\\/\\\/talcomosoy.com.ar\\\/index.php\\\/llega-a-mendoza-el-reconocido-musico-santiago-arias-con-un-gran-concierto-y-una-catedra-abierta\\\/\"]}]},{\"@type\":\"ImageObject\",\"inLanguage\":\"es\",\"@id\":\"https:\\\/\\\/talcomosoy.com.ar\\\/index.php\\\/llega-a-mendoza-el-reconocido-musico-santiago-arias-con-un-gran-concierto-y-una-catedra-abierta\\\/#primaryimage\",\"url\":\"https:\\\/\\\/i0.wp.com\\\/talcomosoy.com.ar\\\/wp-content\\\/uploads\\\/2022\\\/06\\\/Foto-Santiago-Arias.jpg?fit=1772%2C1181&ssl=1\",\"contentUrl\":\"https:\\\/\\\/i0.wp.com\\\/talcomosoy.com.ar\\\/wp-content\\\/uploads\\\/2022\\\/06\\\/Foto-Santiago-Arias.jpg?fit=1772%2C1181&ssl=1\",\"width\":1772,\"height\":1181},{\"@type\":\"WebSite\",\"@id\":\"https:\\\/\\\/talcomosoy.com.ar\\\/#website\",\"url\":\"https:\\\/\\\/talcomosoy.com.ar\\\/\",\"name\":\"Tal Como Soy\",\"description\":\"Magazine Musical Digital\",\"publisher\":{\"@id\":\"https:\\\/\\\/talcomosoy.com.ar\\\/#organization\"},\"potentialAction\":[{\"@type\":\"SearchAction\",\"target\":{\"@type\":\"EntryPoint\",\"urlTemplate\":\"https:\\\/\\\/talcomosoy.com.ar\\\/?s={search_term_string}\"},\"query-input\":{\"@type\":\"PropertyValueSpecification\",\"valueRequired\":true,\"valueName\":\"search_term_string\"}}],\"inLanguage\":\"es\"},{\"@type\":\"Organization\",\"@id\":\"https:\\\/\\\/talcomosoy.com.ar\\\/#organization\",\"name\":\"Tal Como Soy\",\"url\":\"https:\\\/\\\/talcomosoy.com.ar\\\/\",\"logo\":{\"@type\":\"ImageObject\",\"inLanguage\":\"es\",\"@id\":\"https:\\\/\\\/talcomosoy.com.ar\\\/#\\\/schema\\\/logo\\\/image\\\/\",\"url\":\"https:\\\/\\\/i0.wp.com\\\/talcomosoy.com.ar\\\/wp-content\\\/uploads\\\/2020\\\/02\\\/PUA-2020-TRANSPARENTE.png?fit=570%2C382&ssl=1\",\"contentUrl\":\"https:\\\/\\\/i0.wp.com\\\/talcomosoy.com.ar\\\/wp-content\\\/uploads\\\/2020\\\/02\\\/PUA-2020-TRANSPARENTE.png?fit=570%2C382&ssl=1\",\"width\":570,\"height\":382,\"caption\":\"Tal Como Soy\"},\"image\":{\"@id\":\"https:\\\/\\\/talcomosoy.com.ar\\\/#\\\/schema\\\/logo\\\/image\\\/\"},\"sameAs\":[\"https:\\\/\\\/www.facebook.com\\\/talcomosoyok\",\"https:\\\/\\\/x.com\\\/talcomosoyok\",\"https:\\\/\\\/www.instagram.com\\\/talcomosoyok\",\"https:\\\/\\\/www.youtube.com\\\/channel\\\/UCrutZzYQmd9Fe8pEm5wqsiw\"]},{\"@type\":\"Person\",\"@id\":\"https:\\\/\\\/talcomosoy.com.ar\\\/#\\\/schema\\\/person\\\/496b3561bd436afcf2be92147ff855c9\",\"name\":\"Sinda Miranda\",\"image\":{\"@type\":\"ImageObject\",\"inLanguage\":\"es\",\"@id\":\"https:\\\/\\\/secure.gravatar.com\\\/avatar\\\/ab0e992fc0b7117fe730d00fb0e44073b1fd6e28d69de8e7ac3103f1396f445e?s=96&d=mm&r=g\",\"url\":\"https:\\\/\\\/secure.gravatar.com\\\/avatar\\\/ab0e992fc0b7117fe730d00fb0e44073b1fd6e28d69de8e7ac3103f1396f445e?s=96&d=mm&r=g\",\"contentUrl\":\"https:\\\/\\\/secure.gravatar.com\\\/avatar\\\/ab0e992fc0b7117fe730d00fb0e44073b1fd6e28d69de8e7ac3103f1396f445e?s=96&d=mm&r=g\",\"caption\":\"Sinda Miranda\"},\"description\":\"Escritora, Fot\u00f3grafa, Agente de Prensa\",\"sameAs\":[\"https:\\\/\\\/www.facebook.com\\\/sindamiranda\",\"https:\\\/\\\/www.instagram.com\\\/sindamiranda\",\"https:\\\/\\\/x.com\\\/sindamiranda\"],\"url\":\"https:\\\/\\\/talcomosoy.com.ar\\\/index.php\\\/author\\\/sindamirandatcs\\\/\"}]}<\/script>\n<!-- \/ Yoast SEO plugin. -->","yoast_head_json":{"title":"Llega a Mendoza el reconocido m\u00fasico Santiago Arias con un gran concierto y una c\u00e1tedra abierta - Tal Como Soy","robots":{"index":"index","follow":"follow","max-snippet":"max-snippet:-1","max-image-preview":"max-image-preview:large","max-video-preview":"max-video-preview:-1"},"canonical":"https:\/\/talcomosoy.com.ar\/index.php\/llega-a-mendoza-el-reconocido-musico-santiago-arias-con-un-gran-concierto-y-una-catedra-abierta\/","og_locale":"es_ES","og_type":"article","og_title":"Llega a Mendoza el reconocido m\u00fasico Santiago Arias con un gran concierto y una c\u00e1tedra abierta - Tal Como Soy","og_description":"El bandoneonista juje\u00f1o Santiago Arias presenta en Mendoza su segundo disco como solista \u201cEvocaci\u00f3n de","og_url":"https:\/\/talcomosoy.com.ar\/index.php\/llega-a-mendoza-el-reconocido-musico-santiago-arias-con-un-gran-concierto-y-una-catedra-abierta\/","og_site_name":"Tal Como Soy","article_publisher":"https:\/\/www.facebook.com\/talcomosoyok","article_author":"https:\/\/www.facebook.com\/sindamiranda","article_published_time":"2022-06-07T14:15:01+00:00","og_image":[{"width":1772,"height":1181,"url":"https:\/\/i0.wp.com\/talcomosoy.com.ar\/wp-content\/uploads\/2022\/06\/Foto-Santiago-Arias.jpg?fit=1772%2C1181&ssl=1","type":"image\/jpeg"}],"author":"Sinda Miranda","twitter_card":"summary_large_image","twitter_creator":"@sindamiranda","twitter_site":"@talcomosoyok","twitter_misc":{"Escrito por":"Sinda Miranda","Tiempo de lectura":"5 minutos"},"schema":{"@context":"https:\/\/schema.org","@graph":[{"@type":"Article","@id":"https:\/\/talcomosoy.com.ar\/index.php\/llega-a-mendoza-el-reconocido-musico-santiago-arias-con-un-gran-concierto-y-una-catedra-abierta\/#article","isPartOf":{"@id":"https:\/\/talcomosoy.com.ar\/index.php\/llega-a-mendoza-el-reconocido-musico-santiago-arias-con-un-gran-concierto-y-una-catedra-abierta\/"},"author":{"name":"Sinda Miranda","@id":"https:\/\/talcomosoy.com.ar\/#\/schema\/person\/496b3561bd436afcf2be92147ff855c9"},"headline":"Llega a Mendoza el reconocido m\u00fasico Santiago Arias con un gran concierto y una c\u00e1tedra abierta","datePublished":"2022-06-07T14:15:01+00:00","mainEntityOfPage":{"@id":"https:\/\/talcomosoy.com.ar\/index.php\/llega-a-mendoza-el-reconocido-musico-santiago-arias-con-un-gran-concierto-y-una-catedra-abierta\/"},"wordCount":1047,"publisher":{"@id":"https:\/\/talcomosoy.com.ar\/#organization"},"image":{"@id":"https:\/\/talcomosoy.com.ar\/index.php\/llega-a-mendoza-el-reconocido-musico-santiago-arias-con-un-gran-concierto-y-una-catedra-abierta\/#primaryimage"},"thumbnailUrl":"https:\/\/i0.wp.com\/talcomosoy.com.ar\/wp-content\/uploads\/2022\/06\/Foto-Santiago-Arias.jpg?fit=1772%2C1181&ssl=1","articleSection":["M\u00fasica"],"inLanguage":"es"},{"@type":"WebPage","@id":"https:\/\/talcomosoy.com.ar\/index.php\/llega-a-mendoza-el-reconocido-musico-santiago-arias-con-un-gran-concierto-y-una-catedra-abierta\/","url":"https:\/\/talcomosoy.com.ar\/index.php\/llega-a-mendoza-el-reconocido-musico-santiago-arias-con-un-gran-concierto-y-una-catedra-abierta\/","name":"Llega a Mendoza el reconocido m\u00fasico Santiago Arias con un gran concierto y una c\u00e1tedra abierta - Tal Como Soy","isPartOf":{"@id":"https:\/\/talcomosoy.com.ar\/#website"},"primaryImageOfPage":{"@id":"https:\/\/talcomosoy.com.ar\/index.php\/llega-a-mendoza-el-reconocido-musico-santiago-arias-con-un-gran-concierto-y-una-catedra-abierta\/#primaryimage"},"image":{"@id":"https:\/\/talcomosoy.com.ar\/index.php\/llega-a-mendoza-el-reconocido-musico-santiago-arias-con-un-gran-concierto-y-una-catedra-abierta\/#primaryimage"},"thumbnailUrl":"https:\/\/i0.wp.com\/talcomosoy.com.ar\/wp-content\/uploads\/2022\/06\/Foto-Santiago-Arias.jpg?fit=1772%2C1181&ssl=1","datePublished":"2022-06-07T14:15:01+00:00","inLanguage":"es","potentialAction":[{"@type":"ReadAction","target":["https:\/\/talcomosoy.com.ar\/index.php\/llega-a-mendoza-el-reconocido-musico-santiago-arias-con-un-gran-concierto-y-una-catedra-abierta\/"]}]},{"@type":"ImageObject","inLanguage":"es","@id":"https:\/\/talcomosoy.com.ar\/index.php\/llega-a-mendoza-el-reconocido-musico-santiago-arias-con-un-gran-concierto-y-una-catedra-abierta\/#primaryimage","url":"https:\/\/i0.wp.com\/talcomosoy.com.ar\/wp-content\/uploads\/2022\/06\/Foto-Santiago-Arias.jpg?fit=1772%2C1181&ssl=1","contentUrl":"https:\/\/i0.wp.com\/talcomosoy.com.ar\/wp-content\/uploads\/2022\/06\/Foto-Santiago-Arias.jpg?fit=1772%2C1181&ssl=1","width":1772,"height":1181},{"@type":"WebSite","@id":"https:\/\/talcomosoy.com.ar\/#website","url":"https:\/\/talcomosoy.com.ar\/","name":"Tal Como Soy","description":"Magazine Musical Digital","publisher":{"@id":"https:\/\/talcomosoy.com.ar\/#organization"},"potentialAction":[{"@type":"SearchAction","target":{"@type":"EntryPoint","urlTemplate":"https:\/\/talcomosoy.com.ar\/?s={search_term_string}"},"query-input":{"@type":"PropertyValueSpecification","valueRequired":true,"valueName":"search_term_string"}}],"inLanguage":"es"},{"@type":"Organization","@id":"https:\/\/talcomosoy.com.ar\/#organization","name":"Tal Como Soy","url":"https:\/\/talcomosoy.com.ar\/","logo":{"@type":"ImageObject","inLanguage":"es","@id":"https:\/\/talcomosoy.com.ar\/#\/schema\/logo\/image\/","url":"https:\/\/i0.wp.com\/talcomosoy.com.ar\/wp-content\/uploads\/2020\/02\/PUA-2020-TRANSPARENTE.png?fit=570%2C382&ssl=1","contentUrl":"https:\/\/i0.wp.com\/talcomosoy.com.ar\/wp-content\/uploads\/2020\/02\/PUA-2020-TRANSPARENTE.png?fit=570%2C382&ssl=1","width":570,"height":382,"caption":"Tal Como Soy"},"image":{"@id":"https:\/\/talcomosoy.com.ar\/#\/schema\/logo\/image\/"},"sameAs":["https:\/\/www.facebook.com\/talcomosoyok","https:\/\/x.com\/talcomosoyok","https:\/\/www.instagram.com\/talcomosoyok","https:\/\/www.youtube.com\/channel\/UCrutZzYQmd9Fe8pEm5wqsiw"]},{"@type":"Person","@id":"https:\/\/talcomosoy.com.ar\/#\/schema\/person\/496b3561bd436afcf2be92147ff855c9","name":"Sinda Miranda","image":{"@type":"ImageObject","inLanguage":"es","@id":"https:\/\/secure.gravatar.com\/avatar\/ab0e992fc0b7117fe730d00fb0e44073b1fd6e28d69de8e7ac3103f1396f445e?s=96&d=mm&r=g","url":"https:\/\/secure.gravatar.com\/avatar\/ab0e992fc0b7117fe730d00fb0e44073b1fd6e28d69de8e7ac3103f1396f445e?s=96&d=mm&r=g","contentUrl":"https:\/\/secure.gravatar.com\/avatar\/ab0e992fc0b7117fe730d00fb0e44073b1fd6e28d69de8e7ac3103f1396f445e?s=96&d=mm&r=g","caption":"Sinda Miranda"},"description":"Escritora, Fot\u00f3grafa, Agente de Prensa","sameAs":["https:\/\/www.facebook.com\/sindamiranda","https:\/\/www.instagram.com\/sindamiranda","https:\/\/x.com\/sindamiranda"],"url":"https:\/\/talcomosoy.com.ar\/index.php\/author\/sindamirandatcs\/"}]}},"jetpack_publicize_connections":[],"jetpack_sharing_enabled":true,"jetpack_likes_enabled":true,"jetpack_featured_media_url":"https:\/\/i0.wp.com\/talcomosoy.com.ar\/wp-content\/uploads\/2022\/06\/Foto-Santiago-Arias.jpg?fit=1772%2C1181&ssl=1","_links":{"self":[{"href":"https:\/\/talcomosoy.com.ar\/index.php\/wp-json\/wp\/v2\/posts\/8839","targetHints":{"allow":["GET"]}}],"collection":[{"href":"https:\/\/talcomosoy.com.ar\/index.php\/wp-json\/wp\/v2\/posts"}],"about":[{"href":"https:\/\/talcomosoy.com.ar\/index.php\/wp-json\/wp\/v2\/types\/post"}],"author":[{"embeddable":true,"href":"https:\/\/talcomosoy.com.ar\/index.php\/wp-json\/wp\/v2\/users\/1"}],"replies":[{"embeddable":true,"href":"https:\/\/talcomosoy.com.ar\/index.php\/wp-json\/wp\/v2\/comments?post=8839"}],"version-history":[{"count":2,"href":"https:\/\/talcomosoy.com.ar\/index.php\/wp-json\/wp\/v2\/posts\/8839\/revisions"}],"predecessor-version":[{"id":8842,"href":"https:\/\/talcomosoy.com.ar\/index.php\/wp-json\/wp\/v2\/posts\/8839\/revisions\/8842"}],"wp:featuredmedia":[{"embeddable":true,"href":"https:\/\/talcomosoy.com.ar\/index.php\/wp-json\/wp\/v2\/media\/8840"}],"wp:attachment":[{"href":"https:\/\/talcomosoy.com.ar\/index.php\/wp-json\/wp\/v2\/media?parent=8839"}],"wp:term":[{"taxonomy":"category","embeddable":true,"href":"https:\/\/talcomosoy.com.ar\/index.php\/wp-json\/wp\/v2\/categories?post=8839"},{"taxonomy":"post_tag","embeddable":true,"href":"https:\/\/talcomosoy.com.ar\/index.php\/wp-json\/wp\/v2\/tags?post=8839"}],"curies":[{"name":"wp","href":"https:\/\/api.w.org\/{rel}","templated":true}]}}