{"id":8835,"date":"2022-06-07T11:09:27","date_gmt":"2022-06-07T14:09:27","guid":{"rendered":"https:\/\/talcomosoy.com.ar\/?p=8835"},"modified":"2022-06-07T11:09:27","modified_gmt":"2022-06-07T14:09:27","slug":"eduardo-quiroga-le-canta-al-amor-en-el-teatro-plaza","status":"publish","type":"post","link":"https:\/\/talcomosoy.com.ar\/index.php\/eduardo-quiroga-le-canta-al-amor-en-el-teatro-plaza\/","title":{"rendered":"Eduardo Quiroga le canta al amor en el Teatro Plaza"},"content":{"rendered":"<h3>El cantautor mendocino presentar\u00e1 su nuevo \u00e1lbum, \u201cEl \u00faltimo rom\u00e1ntico\u201d, con m\u00e1s de 30 artistas invitados. La cita ser\u00e1 el 9 de junio a las 21:30 horas.<\/h3>\n<p>&nbsp;<\/p>\n<p>El artista llega a la sala mayor de Godoy Cruz para entregarle al p\u00fablico las canciones de su 4\u00b0 \u00e1lbum de estudio y, a su vez, celebrar los 28 a\u00f1os de su trayectoria en el arte.<\/p>\n<p>Los tickets para la velada se pueden obtener por internet en https:\/\/bit.ly\/EduardoQuirogaEntradas o en la boleter\u00eda, de lunes a s\u00e1bado de 9 a 18 horas.<\/p>\n<p>&nbsp;<\/p>\n<h3>Sonidos para enamorarse<\/h3>\n<p>&nbsp;<\/p>\n<p>El m\u00fasico propone un recorrido por distintas emociones, a trav\u00e9s de cl\u00e1sicas y nuevas canciones desbordadas de romanticismo.<\/p>\n<p>Para el deleite de los oyentes m\u00e1s apasionados, Eduardo Quiroga revivir\u00e1 grandes obras de la m\u00fasica hispanoamericana y un amplio abanico de g\u00e9neros como la balada, la bossa nova, el pop y el rock, entre otros.<\/p>\n<p>Como si esto fuera poco habr\u00e1 una gran selecci\u00f3n de reconocidos artistas que acompa\u00f1ar\u00e1n al anfitri\u00f3n en su gran noche.<\/p>\n<p>La lista incluye a Adri\u00e1n Sorrentino; Johana Quinteros; Gabriel Quiroga; Paula Guerra; Roxana Tello; Thelma Dom\u00ednguez; Trinidad G\u00f3mez; Ezequiel Salinas; la banda Camale\u00f3nica, la Colectiva Danza Luna Llena y la Agrupaci\u00f3n Vocal Hunuc.<\/p>\n<p>&nbsp;<\/p>\n<h3>Sobre el disco \u201cEl \u00faltimo rom\u00e1ntico\u201d<\/h3>\n<p>&nbsp;<\/p>\n<p>Es un \u00e1lbum con canciones de diversos sonidos, donde el artista pretende rescatar el romanticismo y el valor del mensaje de cada pieza, a trav\u00e9s de su interpretaci\u00f3n.<\/p>\n<p>En palabras de Eduardo Quiroga: <em>\u201cEste disco es el primer volumen de una selecci\u00f3n de temas propios y cl\u00e1sicos musicales, que busca reivindicar en sus letras el sentido del amor\u201d<\/em>.<\/p>\n<p>Finalmente destaca que el disco cuenta con un tema especial interpretado por su madre, la escritora Margarita Knezetic, quien falleci\u00f3 hace algunos meses.<\/p>\n<p><em>\u201cIncluirlo en este CD ha sido una de mis tantas maneras de homenajearla. Otra forma, es a trav\u00e9s de este concierto, dedicado a su memoria\u201d<\/em>, concluy\u00f3.<\/p>\n","protected":false},"excerpt":{"rendered":"<p>El cantautor mendocino presentar\u00e1 su nuevo \u00e1lbum, \u201cEl \u00faltimo rom\u00e1ntico\u201d, con m\u00e1s de 30 artistas<\/p>\n","protected":false},"author":1,"featured_media":8836,"comment_status":"closed","ping_status":"closed","sticky":false,"template":"","format":"standard","meta":{"_jetpack_newsletter_access":"","_jetpack_dont_email_post_to_subs":false,"_jetpack_newsletter_tier_id":0,"_jetpack_memberships_contains_paywalled_content":false,"_jetpack_feature_clip_id":0,"_jetpack_memberships_contains_paid_content":false,"footnotes":"","jetpack_publicize_message":"","jetpack_publicize_feature_enabled":true,"jetpack_social_post_already_shared":true,"jetpack_social_options":{"image_generator_settings":{"template":"highway","default_image_id":0,"font":"","enabled":false},"version":2},"jetpack_post_was_ever_published":false},"categories":[44,2],"tags":[],"class_list":["post-8835","post","type-post","status-publish","format-standard","has-post-thumbnail","hentry","category-godoy-cruz","category-musica"],"yoast_head":"<!-- This site is optimized with the Yoast SEO plugin v28.4 - https:\/\/yoast.com\/product\/yoast-seo-wordpress\/ -->\n<title>Eduardo Quiroga le canta al amor en el Teatro Plaza - Tal Como Soy<\/title>\n<meta name=\"robots\" content=\"index, follow, max-snippet:-1, max-image-preview:large, max-video-preview:-1\" \/>\n<link rel=\"canonical\" href=\"https:\/\/talcomosoy.com.ar\/index.php\/eduardo-quiroga-le-canta-al-amor-en-el-teatro-plaza\/\" \/>\n<meta property=\"og:locale\" content=\"es_ES\" \/>\n<meta property=\"og:type\" content=\"article\" \/>\n<meta property=\"og:title\" content=\"Eduardo Quiroga le canta al amor en el Teatro Plaza - Tal Como Soy\" \/>\n<meta property=\"og:description\" content=\"El cantautor mendocino presentar\u00e1 su nuevo \u00e1lbum, \u201cEl \u00faltimo rom\u00e1ntico\u201d, con m\u00e1s de 30 artistas\" \/>\n<meta property=\"og:url\" content=\"https:\/\/talcomosoy.com.ar\/index.php\/eduardo-quiroga-le-canta-al-amor-en-el-teatro-plaza\/\" \/>\n<meta property=\"og:site_name\" content=\"Tal Como Soy\" \/>\n<meta property=\"article:publisher\" content=\"https:\/\/www.facebook.com\/talcomosoyok\" \/>\n<meta property=\"article:author\" content=\"https:\/\/www.facebook.com\/sindamiranda\" \/>\n<meta property=\"article:published_time\" content=\"2022-06-07T14:09:27+00:00\" \/>\n<meta property=\"og:image\" content=\"https:\/\/i0.wp.com\/talcomosoy.com.ar\/wp-content\/uploads\/2022\/06\/01.jpg?fit=772%2C624&ssl=1\" \/>\n\t<meta property=\"og:image:width\" content=\"772\" \/>\n\t<meta property=\"og:image:height\" content=\"624\" \/>\n\t<meta property=\"og:image:type\" content=\"image\/jpeg\" \/>\n<meta name=\"author\" content=\"Sinda Miranda\" \/>\n<meta name=\"twitter:card\" content=\"summary_large_image\" \/>\n<meta name=\"twitter:creator\" content=\"@sindamiranda\" \/>\n<meta name=\"twitter:site\" content=\"@talcomosoyok\" \/>\n<meta name=\"twitter:label1\" content=\"Escrito por\" \/>\n\t<meta name=\"twitter:data1\" content=\"Sinda Miranda\" \/>\n\t<meta name=\"twitter:label2\" content=\"Tiempo de lectura\" \/>\n\t<meta name=\"twitter:data2\" content=\"2 minutos\" \/>\n<script type=\"application\/ld+json\" class=\"yoast-schema-graph\">{\"@context\":\"https:\\\/\\\/schema.org\",\"@graph\":[{\"@type\":\"Article\",\"@id\":\"https:\\\/\\\/talcomosoy.com.ar\\\/index.php\\\/eduardo-quiroga-le-canta-al-amor-en-el-teatro-plaza\\\/#article\",\"isPartOf\":{\"@id\":\"https:\\\/\\\/talcomosoy.com.ar\\\/index.php\\\/eduardo-quiroga-le-canta-al-amor-en-el-teatro-plaza\\\/\"},\"author\":{\"name\":\"Sinda Miranda\",\"@id\":\"https:\\\/\\\/talcomosoy.com.ar\\\/#\\\/schema\\\/person\\\/496b3561bd436afcf2be92147ff855c9\"},\"headline\":\"Eduardo Quiroga le canta al amor en el Teatro Plaza\",\"datePublished\":\"2022-06-07T14:09:27+00:00\",\"mainEntityOfPage\":{\"@id\":\"https:\\\/\\\/talcomosoy.com.ar\\\/index.php\\\/eduardo-quiroga-le-canta-al-amor-en-el-teatro-plaza\\\/\"},\"wordCount\":349,\"publisher\":{\"@id\":\"https:\\\/\\\/talcomosoy.com.ar\\\/#organization\"},\"image\":{\"@id\":\"https:\\\/\\\/talcomosoy.com.ar\\\/index.php\\\/eduardo-quiroga-le-canta-al-amor-en-el-teatro-plaza\\\/#primaryimage\"},\"thumbnailUrl\":\"https:\\\/\\\/i0.wp.com\\\/talcomosoy.com.ar\\\/wp-content\\\/uploads\\\/2022\\\/06\\\/01.jpg?fit=772%2C624&ssl=1\",\"articleSection\":[\"Godoy Cruz\",\"M\u00fasica\"],\"inLanguage\":\"es\"},{\"@type\":\"WebPage\",\"@id\":\"https:\\\/\\\/talcomosoy.com.ar\\\/index.php\\\/eduardo-quiroga-le-canta-al-amor-en-el-teatro-plaza\\\/\",\"url\":\"https:\\\/\\\/talcomosoy.com.ar\\\/index.php\\\/eduardo-quiroga-le-canta-al-amor-en-el-teatro-plaza\\\/\",\"name\":\"Eduardo Quiroga le canta al amor en el Teatro Plaza - Tal Como Soy\",\"isPartOf\":{\"@id\":\"https:\\\/\\\/talcomosoy.com.ar\\\/#website\"},\"primaryImageOfPage\":{\"@id\":\"https:\\\/\\\/talcomosoy.com.ar\\\/index.php\\\/eduardo-quiroga-le-canta-al-amor-en-el-teatro-plaza\\\/#primaryimage\"},\"image\":{\"@id\":\"https:\\\/\\\/talcomosoy.com.ar\\\/index.php\\\/eduardo-quiroga-le-canta-al-amor-en-el-teatro-plaza\\\/#primaryimage\"},\"thumbnailUrl\":\"https:\\\/\\\/i0.wp.com\\\/talcomosoy.com.ar\\\/wp-content\\\/uploads\\\/2022\\\/06\\\/01.jpg?fit=772%2C624&ssl=1\",\"datePublished\":\"2022-06-07T14:09:27+00:00\",\"inLanguage\":\"es\",\"potentialAction\":[{\"@type\":\"ReadAction\",\"target\":[\"https:\\\/\\\/talcomosoy.com.ar\\\/index.php\\\/eduardo-quiroga-le-canta-al-amor-en-el-teatro-plaza\\\/\"]}]},{\"@type\":\"ImageObject\",\"inLanguage\":\"es\",\"@id\":\"https:\\\/\\\/talcomosoy.com.ar\\\/index.php\\\/eduardo-quiroga-le-canta-al-amor-en-el-teatro-plaza\\\/#primaryimage\",\"url\":\"https:\\\/\\\/i0.wp.com\\\/talcomosoy.com.ar\\\/wp-content\\\/uploads\\\/2022\\\/06\\\/01.jpg?fit=772%2C624&ssl=1\",\"contentUrl\":\"https:\\\/\\\/i0.wp.com\\\/talcomosoy.com.ar\\\/wp-content\\\/uploads\\\/2022\\\/06\\\/01.jpg?fit=772%2C624&ssl=1\",\"width\":772,\"height\":624},{\"@type\":\"WebSite\",\"@id\":\"https:\\\/\\\/talcomosoy.com.ar\\\/#website\",\"url\":\"https:\\\/\\\/talcomosoy.com.ar\\\/\",\"name\":\"Tal Como Soy\",\"description\":\"Magazine Musical Digital\",\"publisher\":{\"@id\":\"https:\\\/\\\/talcomosoy.com.ar\\\/#organization\"},\"potentialAction\":[{\"@type\":\"SearchAction\",\"target\":{\"@type\":\"EntryPoint\",\"urlTemplate\":\"https:\\\/\\\/talcomosoy.com.ar\\\/?s={search_term_string}\"},\"query-input\":{\"@type\":\"PropertyValueSpecification\",\"valueRequired\":true,\"valueName\":\"search_term_string\"}}],\"inLanguage\":\"es\"},{\"@type\":\"Organization\",\"@id\":\"https:\\\/\\\/talcomosoy.com.ar\\\/#organization\",\"name\":\"Tal Como Soy\",\"url\":\"https:\\\/\\\/talcomosoy.com.ar\\\/\",\"logo\":{\"@type\":\"ImageObject\",\"inLanguage\":\"es\",\"@id\":\"https:\\\/\\\/talcomosoy.com.ar\\\/#\\\/schema\\\/logo\\\/image\\\/\",\"url\":\"https:\\\/\\\/i0.wp.com\\\/talcomosoy.com.ar\\\/wp-content\\\/uploads\\\/2020\\\/02\\\/PUA-2020-TRANSPARENTE.png?fit=570%2C382&ssl=1\",\"contentUrl\":\"https:\\\/\\\/i0.wp.com\\\/talcomosoy.com.ar\\\/wp-content\\\/uploads\\\/2020\\\/02\\\/PUA-2020-TRANSPARENTE.png?fit=570%2C382&ssl=1\",\"width\":570,\"height\":382,\"caption\":\"Tal Como Soy\"},\"image\":{\"@id\":\"https:\\\/\\\/talcomosoy.com.ar\\\/#\\\/schema\\\/logo\\\/image\\\/\"},\"sameAs\":[\"https:\\\/\\\/www.facebook.com\\\/talcomosoyok\",\"https:\\\/\\\/x.com\\\/talcomosoyok\",\"https:\\\/\\\/www.instagram.com\\\/talcomosoyok\",\"https:\\\/\\\/www.youtube.com\\\/channel\\\/UCrutZzYQmd9Fe8pEm5wqsiw\"]},{\"@type\":\"Person\",\"@id\":\"https:\\\/\\\/talcomosoy.com.ar\\\/#\\\/schema\\\/person\\\/496b3561bd436afcf2be92147ff855c9\",\"name\":\"Sinda Miranda\",\"image\":{\"@type\":\"ImageObject\",\"inLanguage\":\"es\",\"@id\":\"https:\\\/\\\/secure.gravatar.com\\\/avatar\\\/ab0e992fc0b7117fe730d00fb0e44073b1fd6e28d69de8e7ac3103f1396f445e?s=96&d=mm&r=g\",\"url\":\"https:\\\/\\\/secure.gravatar.com\\\/avatar\\\/ab0e992fc0b7117fe730d00fb0e44073b1fd6e28d69de8e7ac3103f1396f445e?s=96&d=mm&r=g\",\"contentUrl\":\"https:\\\/\\\/secure.gravatar.com\\\/avatar\\\/ab0e992fc0b7117fe730d00fb0e44073b1fd6e28d69de8e7ac3103f1396f445e?s=96&d=mm&r=g\",\"caption\":\"Sinda Miranda\"},\"description\":\"Escritora, Fot\u00f3grafa, Agente de Prensa\",\"sameAs\":[\"https:\\\/\\\/www.facebook.com\\\/sindamiranda\",\"https:\\\/\\\/www.instagram.com\\\/sindamiranda\",\"https:\\\/\\\/x.com\\\/sindamiranda\"],\"url\":\"https:\\\/\\\/talcomosoy.com.ar\\\/index.php\\\/author\\\/sindamirandatcs\\\/\"}]}<\/script>\n<!-- \/ Yoast SEO plugin. -->","yoast_head_json":{"title":"Eduardo Quiroga le canta al amor en el Teatro Plaza - Tal Como Soy","robots":{"index":"index","follow":"follow","max-snippet":"max-snippet:-1","max-image-preview":"max-image-preview:large","max-video-preview":"max-video-preview:-1"},"canonical":"https:\/\/talcomosoy.com.ar\/index.php\/eduardo-quiroga-le-canta-al-amor-en-el-teatro-plaza\/","og_locale":"es_ES","og_type":"article","og_title":"Eduardo Quiroga le canta al amor en el Teatro Plaza - Tal Como Soy","og_description":"El cantautor mendocino presentar\u00e1 su nuevo \u00e1lbum, \u201cEl \u00faltimo rom\u00e1ntico\u201d, con m\u00e1s de 30 artistas","og_url":"https:\/\/talcomosoy.com.ar\/index.php\/eduardo-quiroga-le-canta-al-amor-en-el-teatro-plaza\/","og_site_name":"Tal Como Soy","article_publisher":"https:\/\/www.facebook.com\/talcomosoyok","article_author":"https:\/\/www.facebook.com\/sindamiranda","article_published_time":"2022-06-07T14:09:27+00:00","og_image":[{"width":772,"height":624,"url":"https:\/\/i0.wp.com\/talcomosoy.com.ar\/wp-content\/uploads\/2022\/06\/01.jpg?fit=772%2C624&ssl=1","type":"image\/jpeg"}],"author":"Sinda Miranda","twitter_card":"summary_large_image","twitter_creator":"@sindamiranda","twitter_site":"@talcomosoyok","twitter_misc":{"Escrito por":"Sinda Miranda","Tiempo de lectura":"2 minutos"},"schema":{"@context":"https:\/\/schema.org","@graph":[{"@type":"Article","@id":"https:\/\/talcomosoy.com.ar\/index.php\/eduardo-quiroga-le-canta-al-amor-en-el-teatro-plaza\/#article","isPartOf":{"@id":"https:\/\/talcomosoy.com.ar\/index.php\/eduardo-quiroga-le-canta-al-amor-en-el-teatro-plaza\/"},"author":{"name":"Sinda Miranda","@id":"https:\/\/talcomosoy.com.ar\/#\/schema\/person\/496b3561bd436afcf2be92147ff855c9"},"headline":"Eduardo Quiroga le canta al amor en el Teatro Plaza","datePublished":"2022-06-07T14:09:27+00:00","mainEntityOfPage":{"@id":"https:\/\/talcomosoy.com.ar\/index.php\/eduardo-quiroga-le-canta-al-amor-en-el-teatro-plaza\/"},"wordCount":349,"publisher":{"@id":"https:\/\/talcomosoy.com.ar\/#organization"},"image":{"@id":"https:\/\/talcomosoy.com.ar\/index.php\/eduardo-quiroga-le-canta-al-amor-en-el-teatro-plaza\/#primaryimage"},"thumbnailUrl":"https:\/\/i0.wp.com\/talcomosoy.com.ar\/wp-content\/uploads\/2022\/06\/01.jpg?fit=772%2C624&ssl=1","articleSection":["Godoy Cruz","M\u00fasica"],"inLanguage":"es"},{"@type":"WebPage","@id":"https:\/\/talcomosoy.com.ar\/index.php\/eduardo-quiroga-le-canta-al-amor-en-el-teatro-plaza\/","url":"https:\/\/talcomosoy.com.ar\/index.php\/eduardo-quiroga-le-canta-al-amor-en-el-teatro-plaza\/","name":"Eduardo Quiroga le canta al amor en el Teatro Plaza - Tal Como Soy","isPartOf":{"@id":"https:\/\/talcomosoy.com.ar\/#website"},"primaryImageOfPage":{"@id":"https:\/\/talcomosoy.com.ar\/index.php\/eduardo-quiroga-le-canta-al-amor-en-el-teatro-plaza\/#primaryimage"},"image":{"@id":"https:\/\/talcomosoy.com.ar\/index.php\/eduardo-quiroga-le-canta-al-amor-en-el-teatro-plaza\/#primaryimage"},"thumbnailUrl":"https:\/\/i0.wp.com\/talcomosoy.com.ar\/wp-content\/uploads\/2022\/06\/01.jpg?fit=772%2C624&ssl=1","datePublished":"2022-06-07T14:09:27+00:00","inLanguage":"es","potentialAction":[{"@type":"ReadAction","target":["https:\/\/talcomosoy.com.ar\/index.php\/eduardo-quiroga-le-canta-al-amor-en-el-teatro-plaza\/"]}]},{"@type":"ImageObject","inLanguage":"es","@id":"https:\/\/talcomosoy.com.ar\/index.php\/eduardo-quiroga-le-canta-al-amor-en-el-teatro-plaza\/#primaryimage","url":"https:\/\/i0.wp.com\/talcomosoy.com.ar\/wp-content\/uploads\/2022\/06\/01.jpg?fit=772%2C624&ssl=1","contentUrl":"https:\/\/i0.wp.com\/talcomosoy.com.ar\/wp-content\/uploads\/2022\/06\/01.jpg?fit=772%2C624&ssl=1","width":772,"height":624},{"@type":"WebSite","@id":"https:\/\/talcomosoy.com.ar\/#website","url":"https:\/\/talcomosoy.com.ar\/","name":"Tal Como Soy","description":"Magazine Musical Digital","publisher":{"@id":"https:\/\/talcomosoy.com.ar\/#organization"},"potentialAction":[{"@type":"SearchAction","target":{"@type":"EntryPoint","urlTemplate":"https:\/\/talcomosoy.com.ar\/?s={search_term_string}"},"query-input":{"@type":"PropertyValueSpecification","valueRequired":true,"valueName":"search_term_string"}}],"inLanguage":"es"},{"@type":"Organization","@id":"https:\/\/talcomosoy.com.ar\/#organization","name":"Tal Como Soy","url":"https:\/\/talcomosoy.com.ar\/","logo":{"@type":"ImageObject","inLanguage":"es","@id":"https:\/\/talcomosoy.com.ar\/#\/schema\/logo\/image\/","url":"https:\/\/i0.wp.com\/talcomosoy.com.ar\/wp-content\/uploads\/2020\/02\/PUA-2020-TRANSPARENTE.png?fit=570%2C382&ssl=1","contentUrl":"https:\/\/i0.wp.com\/talcomosoy.com.ar\/wp-content\/uploads\/2020\/02\/PUA-2020-TRANSPARENTE.png?fit=570%2C382&ssl=1","width":570,"height":382,"caption":"Tal Como Soy"},"image":{"@id":"https:\/\/talcomosoy.com.ar\/#\/schema\/logo\/image\/"},"sameAs":["https:\/\/www.facebook.com\/talcomosoyok","https:\/\/x.com\/talcomosoyok","https:\/\/www.instagram.com\/talcomosoyok","https:\/\/www.youtube.com\/channel\/UCrutZzYQmd9Fe8pEm5wqsiw"]},{"@type":"Person","@id":"https:\/\/talcomosoy.com.ar\/#\/schema\/person\/496b3561bd436afcf2be92147ff855c9","name":"Sinda Miranda","image":{"@type":"ImageObject","inLanguage":"es","@id":"https:\/\/secure.gravatar.com\/avatar\/ab0e992fc0b7117fe730d00fb0e44073b1fd6e28d69de8e7ac3103f1396f445e?s=96&d=mm&r=g","url":"https:\/\/secure.gravatar.com\/avatar\/ab0e992fc0b7117fe730d00fb0e44073b1fd6e28d69de8e7ac3103f1396f445e?s=96&d=mm&r=g","contentUrl":"https:\/\/secure.gravatar.com\/avatar\/ab0e992fc0b7117fe730d00fb0e44073b1fd6e28d69de8e7ac3103f1396f445e?s=96&d=mm&r=g","caption":"Sinda Miranda"},"description":"Escritora, Fot\u00f3grafa, Agente de Prensa","sameAs":["https:\/\/www.facebook.com\/sindamiranda","https:\/\/www.instagram.com\/sindamiranda","https:\/\/x.com\/sindamiranda"],"url":"https:\/\/talcomosoy.com.ar\/index.php\/author\/sindamirandatcs\/"}]}},"jetpack_publicize_connections":[],"jetpack_sharing_enabled":true,"jetpack_likes_enabled":true,"jetpack_featured_media_url":"https:\/\/i0.wp.com\/talcomosoy.com.ar\/wp-content\/uploads\/2022\/06\/01.jpg?fit=772%2C624&ssl=1","_links":{"self":[{"href":"https:\/\/talcomosoy.com.ar\/index.php\/wp-json\/wp\/v2\/posts\/8835","targetHints":{"allow":["GET"]}}],"collection":[{"href":"https:\/\/talcomosoy.com.ar\/index.php\/wp-json\/wp\/v2\/posts"}],"about":[{"href":"https:\/\/talcomosoy.com.ar\/index.php\/wp-json\/wp\/v2\/types\/post"}],"author":[{"embeddable":true,"href":"https:\/\/talcomosoy.com.ar\/index.php\/wp-json\/wp\/v2\/users\/1"}],"replies":[{"embeddable":true,"href":"https:\/\/talcomosoy.com.ar\/index.php\/wp-json\/wp\/v2\/comments?post=8835"}],"version-history":[{"count":2,"href":"https:\/\/talcomosoy.com.ar\/index.php\/wp-json\/wp\/v2\/posts\/8835\/revisions"}],"predecessor-version":[{"id":8838,"href":"https:\/\/talcomosoy.com.ar\/index.php\/wp-json\/wp\/v2\/posts\/8835\/revisions\/8838"}],"wp:featuredmedia":[{"embeddable":true,"href":"https:\/\/talcomosoy.com.ar\/index.php\/wp-json\/wp\/v2\/media\/8836"}],"wp:attachment":[{"href":"https:\/\/talcomosoy.com.ar\/index.php\/wp-json\/wp\/v2\/media?parent=8835"}],"wp:term":[{"taxonomy":"category","embeddable":true,"href":"https:\/\/talcomosoy.com.ar\/index.php\/wp-json\/wp\/v2\/categories?post=8835"},{"taxonomy":"post_tag","embeddable":true,"href":"https:\/\/talcomosoy.com.ar\/index.php\/wp-json\/wp\/v2\/tags?post=8835"}],"curies":[{"name":"wp","href":"https:\/\/api.w.org\/{rel}","templated":true}]}}