{"id":8796,"date":"2022-06-06T12:20:10","date_gmt":"2022-06-06T15:20:10","guid":{"rendered":"https:\/\/talcomosoy.com.ar\/?p=8796"},"modified":"2022-06-06T12:20:10","modified_gmt":"2022-06-06T15:20:10","slug":"kevin-johansen-viene-a-mendoza","status":"publish","type":"post","link":"https:\/\/talcomosoy.com.ar\/index.php\/kevin-johansen-viene-a-mendoza\/","title":{"rendered":"KEVIN JOHANSEN viene a Mendoza"},"content":{"rendered":"<h3>El m\u00fasico y compositor presenta su nuevo disco \u00abT\u00fa Ve\u00bb, en el marco de su gira nacional llega a Mendoza, el viernes 9 de septiembre, en el Teatro Mendoza. Las entradas est\u00e1n disponibles en Tuentrada.com.<\/h3>\n<p>&nbsp;<\/p>\n<p>El cantante, compositor y m\u00fasico lanz\u00f3 su nuevo disco \u00abT\u00fa Ve\u00bb y anunci\u00f3 una serie de presentaciones en distintos escenarios. El viernes 9 de septiembre debuta en la sala de calle San Juan, en el marco del Ciclo Cultura Mendoza en el Teatro Mendoza.<\/p>\n<p>Kevin Johansen anunci\u00f3 la salida de su \u00faltimo \u00e1lbum de estudio el pasado 12 de mayo, que incluye once temas, en el que versiona canciones de su autor\u00eda y de otros artistas. Adem\u00e1s cuenta con la colaboraciones con Jorge Drexler, Ruben Rada, Wiranda Johansen, David Byrne, Natalia Lafourcade y Silvia P\u00e9rez Cruz.<\/p>\n<p>En el disco aparecen nuevas interpretaciones de canciones cl\u00e1sicas de Kevin, como la que le da t\u00edtulo a este \u00e1lbum, \u201cT\u00fa Ve\u201d \u2013 de Algo ritmos (2019) \u2013 junto a la mexicana Natalia Lafourcade, una versi\u00f3n en ingl\u00e9s de \u201cAnoche so\u00f1\u00e9 contigo\u201d \u2013 de Logo (2007) \u2013 a d\u00fao con David Byrne, y \u201cDesde que te perd\u00ed\u201d \u2013 de City Zen (2004) -, junto a la catalana Silvia P\u00e9rez Cruz.<\/p>\n<p>Adem\u00e1s, Johansen se anima a abordar canciones como \u201cA Little Respect\u201d de Erasure, \u201cEl Albert\u00edo\u201d de Violeta Parra, \u201cSuzanne\u201d de Leonard Cohen, \u201cEl cielo\u201d de Talking Heads, \u201cOraci\u00f3n al tiempo\u201d de Caetano Veloso, \u201c16 Tons\u201d de Merle Travis, \u201cEl Tungue L\u00e9\u201d de Eduardo Mateo, o y \u201cPerfect Day\u201d de Lou Reed. En discos anteriores ya hab\u00eda incluido versiones de temas como \u201cModern Love\u201d de David Bowie.<\/p>\n<p>Una clave de este nuevo \u00e1lbum es que se trata de un sincero y acabado reflejo del \u201cuniverso Kevin\u201d, donde las colaboraciones se perciben como juegos musicales, reuniones l\u00fadicas entre talentosos amigos y colegas. El repertorio es tan variado como la curiosidad musical de Johansen: aunque pase de un estilo a otro, o incluso de un idioma a otro, se mantiene siempre como constante su voz \u00fanica y personal.<\/p>\n<p>La producci\u00f3n se centr\u00f3 justamente en resaltar ese registro vocal tan caracter\u00edstico del artista, que es el centro de este universo sonoro como en ninguno otro de sus anteriores trabajos. alcanzando aqu\u00ed un nivel de madurez y sobriedad notables. La sonoridad a la vez moderna y despojada con la que se visten estas canciones de aqu\u00ed, all\u00e1 y todas partes, es clave para redondear el concepto que se transmite.<\/p>\n<p>El mismo Johansen explica ese esp\u00edritu del disco: <em>\u201cQuiz\u00e1s la pandemia produjo en uno la posibilidad de poder soltarse y devolver un poco lo que te dieron grandes compositores que te han marcado. Los compositores descubrimos, tanto en nuestro material propio como en el ajeno, esa suerte de querer sortear el tiempo y ser atemporales o eternos. O negar la finitud, negar la mortalidad propia. La canci\u00f3n desaf\u00eda al tiempo. Una buena canci\u00f3n suena bien hoy, y puede sonar bien en 50 \u00f3 100 a\u00f1os\u201d.<\/em><\/p>\n<p>La producci\u00f3n estuvo a cargo del m\u00fasico uruguayo Juan Campod\u00f3nico (Bajofondo, Jorge Drexler, El Cuarteto de Nos), con coproducci\u00f3n del argentino Diego Mema. La grabaci\u00f3n se realiz\u00f3 en los estudios Zorzal, de Montevideo, con algunas de las voces de los invitados grabadas en Nueva York, Barcelona y Veracruz (M\u00e9xico).<\/p>\n<p><strong>En el marco de su gira nacional, Kevin Johansen vuelve a la provincia, el viernes 9 de septiembre, en el Teatro Mendoza. Las entradas est\u00e1n a la venta en Tuentrada.com.<\/strong><\/p>\n","protected":false},"excerpt":{"rendered":"<p>El m\u00fasico y compositor presenta su nuevo disco \u00abT\u00fa Ve\u00bb, en el marco de su<\/p>\n","protected":false},"author":1,"featured_media":8797,"comment_status":"closed","ping_status":"closed","sticky":false,"template":"","format":"standard","meta":{"_jetpack_newsletter_access":"","_jetpack_dont_email_post_to_subs":false,"_jetpack_newsletter_tier_id":0,"_jetpack_memberships_contains_paywalled_content":false,"_jetpack_feature_clip_id":0,"_jetpack_memberships_contains_paid_content":false,"footnotes":"","jetpack_publicize_message":"","jetpack_publicize_feature_enabled":true,"jetpack_social_post_already_shared":true,"jetpack_social_options":{"image_generator_settings":{"template":"highway","default_image_id":0,"font":"","enabled":false},"version":2},"jetpack_post_was_ever_published":false},"categories":[2],"tags":[],"class_list":["post-8796","post","type-post","status-publish","format-standard","has-post-thumbnail","hentry","category-musica"],"yoast_head":"<!-- This site is optimized with the Yoast SEO plugin v28.4 - https:\/\/yoast.com\/product\/yoast-seo-wordpress\/ -->\n<title>KEVIN JOHANSEN viene a Mendoza - Tal Como Soy<\/title>\n<meta name=\"robots\" content=\"index, follow, max-snippet:-1, max-image-preview:large, max-video-preview:-1\" \/>\n<link rel=\"canonical\" href=\"https:\/\/talcomosoy.com.ar\/index.php\/kevin-johansen-viene-a-mendoza\/\" \/>\n<meta property=\"og:locale\" content=\"es_ES\" \/>\n<meta property=\"og:type\" content=\"article\" \/>\n<meta property=\"og:title\" content=\"KEVIN JOHANSEN viene a Mendoza - Tal Como Soy\" \/>\n<meta property=\"og:description\" content=\"El m\u00fasico y compositor presenta su nuevo disco \u00abT\u00fa Ve\u00bb, en el marco de su\" \/>\n<meta property=\"og:url\" content=\"https:\/\/talcomosoy.com.ar\/index.php\/kevin-johansen-viene-a-mendoza\/\" \/>\n<meta property=\"og:site_name\" content=\"Tal Como Soy\" \/>\n<meta property=\"article:publisher\" content=\"https:\/\/www.facebook.com\/talcomosoyok\" \/>\n<meta property=\"article:author\" content=\"https:\/\/www.facebook.com\/sindamiranda\" \/>\n<meta property=\"article:published_time\" content=\"2022-06-06T15:20:10+00:00\" \/>\n<meta property=\"og:image\" content=\"https:\/\/i0.wp.com\/talcomosoy.com.ar\/wp-content\/uploads\/2022\/06\/unnamed-1-1.jpg?fit=795%2C818&ssl=1\" \/>\n\t<meta property=\"og:image:width\" content=\"795\" \/>\n\t<meta property=\"og:image:height\" content=\"818\" \/>\n\t<meta property=\"og:image:type\" content=\"image\/jpeg\" \/>\n<meta name=\"author\" content=\"Sinda Miranda\" \/>\n<meta name=\"twitter:card\" content=\"summary_large_image\" \/>\n<meta name=\"twitter:creator\" content=\"@sindamiranda\" \/>\n<meta name=\"twitter:site\" content=\"@talcomosoyok\" \/>\n<meta name=\"twitter:label1\" content=\"Escrito por\" \/>\n\t<meta name=\"twitter:data1\" content=\"Sinda Miranda\" \/>\n\t<meta name=\"twitter:label2\" content=\"Tiempo de lectura\" \/>\n\t<meta name=\"twitter:data2\" content=\"3 minutos\" \/>\n<script type=\"application\/ld+json\" class=\"yoast-schema-graph\">{\"@context\":\"https:\\\/\\\/schema.org\",\"@graph\":[{\"@type\":\"Article\",\"@id\":\"https:\\\/\\\/talcomosoy.com.ar\\\/index.php\\\/kevin-johansen-viene-a-mendoza\\\/#article\",\"isPartOf\":{\"@id\":\"https:\\\/\\\/talcomosoy.com.ar\\\/index.php\\\/kevin-johansen-viene-a-mendoza\\\/\"},\"author\":{\"name\":\"Sinda Miranda\",\"@id\":\"https:\\\/\\\/talcomosoy.com.ar\\\/#\\\/schema\\\/person\\\/496b3561bd436afcf2be92147ff855c9\"},\"headline\":\"KEVIN JOHANSEN viene a Mendoza\",\"datePublished\":\"2022-06-06T15:20:10+00:00\",\"mainEntityOfPage\":{\"@id\":\"https:\\\/\\\/talcomosoy.com.ar\\\/index.php\\\/kevin-johansen-viene-a-mendoza\\\/\"},\"wordCount\":593,\"publisher\":{\"@id\":\"https:\\\/\\\/talcomosoy.com.ar\\\/#organization\"},\"image\":{\"@id\":\"https:\\\/\\\/talcomosoy.com.ar\\\/index.php\\\/kevin-johansen-viene-a-mendoza\\\/#primaryimage\"},\"thumbnailUrl\":\"https:\\\/\\\/i0.wp.com\\\/talcomosoy.com.ar\\\/wp-content\\\/uploads\\\/2022\\\/06\\\/unnamed-1-1.jpg?fit=795%2C818&ssl=1\",\"articleSection\":[\"M\u00fasica\"],\"inLanguage\":\"es\"},{\"@type\":\"WebPage\",\"@id\":\"https:\\\/\\\/talcomosoy.com.ar\\\/index.php\\\/kevin-johansen-viene-a-mendoza\\\/\",\"url\":\"https:\\\/\\\/talcomosoy.com.ar\\\/index.php\\\/kevin-johansen-viene-a-mendoza\\\/\",\"name\":\"KEVIN JOHANSEN viene a Mendoza - Tal Como Soy\",\"isPartOf\":{\"@id\":\"https:\\\/\\\/talcomosoy.com.ar\\\/#website\"},\"primaryImageOfPage\":{\"@id\":\"https:\\\/\\\/talcomosoy.com.ar\\\/index.php\\\/kevin-johansen-viene-a-mendoza\\\/#primaryimage\"},\"image\":{\"@id\":\"https:\\\/\\\/talcomosoy.com.ar\\\/index.php\\\/kevin-johansen-viene-a-mendoza\\\/#primaryimage\"},\"thumbnailUrl\":\"https:\\\/\\\/i0.wp.com\\\/talcomosoy.com.ar\\\/wp-content\\\/uploads\\\/2022\\\/06\\\/unnamed-1-1.jpg?fit=795%2C818&ssl=1\",\"datePublished\":\"2022-06-06T15:20:10+00:00\",\"inLanguage\":\"es\",\"potentialAction\":[{\"@type\":\"ReadAction\",\"target\":[\"https:\\\/\\\/talcomosoy.com.ar\\\/index.php\\\/kevin-johansen-viene-a-mendoza\\\/\"]}]},{\"@type\":\"ImageObject\",\"inLanguage\":\"es\",\"@id\":\"https:\\\/\\\/talcomosoy.com.ar\\\/index.php\\\/kevin-johansen-viene-a-mendoza\\\/#primaryimage\",\"url\":\"https:\\\/\\\/i0.wp.com\\\/talcomosoy.com.ar\\\/wp-content\\\/uploads\\\/2022\\\/06\\\/unnamed-1-1.jpg?fit=795%2C818&ssl=1\",\"contentUrl\":\"https:\\\/\\\/i0.wp.com\\\/talcomosoy.com.ar\\\/wp-content\\\/uploads\\\/2022\\\/06\\\/unnamed-1-1.jpg?fit=795%2C818&ssl=1\",\"width\":795,\"height\":818},{\"@type\":\"WebSite\",\"@id\":\"https:\\\/\\\/talcomosoy.com.ar\\\/#website\",\"url\":\"https:\\\/\\\/talcomosoy.com.ar\\\/\",\"name\":\"Tal Como Soy\",\"description\":\"Magazine Musical Digital\",\"publisher\":{\"@id\":\"https:\\\/\\\/talcomosoy.com.ar\\\/#organization\"},\"potentialAction\":[{\"@type\":\"SearchAction\",\"target\":{\"@type\":\"EntryPoint\",\"urlTemplate\":\"https:\\\/\\\/talcomosoy.com.ar\\\/?s={search_term_string}\"},\"query-input\":{\"@type\":\"PropertyValueSpecification\",\"valueRequired\":true,\"valueName\":\"search_term_string\"}}],\"inLanguage\":\"es\"},{\"@type\":\"Organization\",\"@id\":\"https:\\\/\\\/talcomosoy.com.ar\\\/#organization\",\"name\":\"Tal Como Soy\",\"url\":\"https:\\\/\\\/talcomosoy.com.ar\\\/\",\"logo\":{\"@type\":\"ImageObject\",\"inLanguage\":\"es\",\"@id\":\"https:\\\/\\\/talcomosoy.com.ar\\\/#\\\/schema\\\/logo\\\/image\\\/\",\"url\":\"https:\\\/\\\/i0.wp.com\\\/talcomosoy.com.ar\\\/wp-content\\\/uploads\\\/2020\\\/02\\\/PUA-2020-TRANSPARENTE.png?fit=570%2C382&ssl=1\",\"contentUrl\":\"https:\\\/\\\/i0.wp.com\\\/talcomosoy.com.ar\\\/wp-content\\\/uploads\\\/2020\\\/02\\\/PUA-2020-TRANSPARENTE.png?fit=570%2C382&ssl=1\",\"width\":570,\"height\":382,\"caption\":\"Tal Como Soy\"},\"image\":{\"@id\":\"https:\\\/\\\/talcomosoy.com.ar\\\/#\\\/schema\\\/logo\\\/image\\\/\"},\"sameAs\":[\"https:\\\/\\\/www.facebook.com\\\/talcomosoyok\",\"https:\\\/\\\/x.com\\\/talcomosoyok\",\"https:\\\/\\\/www.instagram.com\\\/talcomosoyok\",\"https:\\\/\\\/www.youtube.com\\\/channel\\\/UCrutZzYQmd9Fe8pEm5wqsiw\"]},{\"@type\":\"Person\",\"@id\":\"https:\\\/\\\/talcomosoy.com.ar\\\/#\\\/schema\\\/person\\\/496b3561bd436afcf2be92147ff855c9\",\"name\":\"Sinda Miranda\",\"image\":{\"@type\":\"ImageObject\",\"inLanguage\":\"es\",\"@id\":\"https:\\\/\\\/secure.gravatar.com\\\/avatar\\\/ab0e992fc0b7117fe730d00fb0e44073b1fd6e28d69de8e7ac3103f1396f445e?s=96&d=mm&r=g\",\"url\":\"https:\\\/\\\/secure.gravatar.com\\\/avatar\\\/ab0e992fc0b7117fe730d00fb0e44073b1fd6e28d69de8e7ac3103f1396f445e?s=96&d=mm&r=g\",\"contentUrl\":\"https:\\\/\\\/secure.gravatar.com\\\/avatar\\\/ab0e992fc0b7117fe730d00fb0e44073b1fd6e28d69de8e7ac3103f1396f445e?s=96&d=mm&r=g\",\"caption\":\"Sinda Miranda\"},\"description\":\"Escritora, Fot\u00f3grafa, Agente de Prensa\",\"sameAs\":[\"https:\\\/\\\/www.facebook.com\\\/sindamiranda\",\"https:\\\/\\\/www.instagram.com\\\/sindamiranda\",\"https:\\\/\\\/x.com\\\/sindamiranda\"],\"url\":\"https:\\\/\\\/talcomosoy.com.ar\\\/index.php\\\/author\\\/sindamirandatcs\\\/\"}]}<\/script>\n<!-- \/ Yoast SEO plugin. -->","yoast_head_json":{"title":"KEVIN JOHANSEN viene a Mendoza - Tal Como Soy","robots":{"index":"index","follow":"follow","max-snippet":"max-snippet:-1","max-image-preview":"max-image-preview:large","max-video-preview":"max-video-preview:-1"},"canonical":"https:\/\/talcomosoy.com.ar\/index.php\/kevin-johansen-viene-a-mendoza\/","og_locale":"es_ES","og_type":"article","og_title":"KEVIN JOHANSEN viene a Mendoza - Tal Como Soy","og_description":"El m\u00fasico y compositor presenta su nuevo disco \u00abT\u00fa Ve\u00bb, en el marco de su","og_url":"https:\/\/talcomosoy.com.ar\/index.php\/kevin-johansen-viene-a-mendoza\/","og_site_name":"Tal Como Soy","article_publisher":"https:\/\/www.facebook.com\/talcomosoyok","article_author":"https:\/\/www.facebook.com\/sindamiranda","article_published_time":"2022-06-06T15:20:10+00:00","og_image":[{"width":795,"height":818,"url":"https:\/\/i0.wp.com\/talcomosoy.com.ar\/wp-content\/uploads\/2022\/06\/unnamed-1-1.jpg?fit=795%2C818&ssl=1","type":"image\/jpeg"}],"author":"Sinda Miranda","twitter_card":"summary_large_image","twitter_creator":"@sindamiranda","twitter_site":"@talcomosoyok","twitter_misc":{"Escrito por":"Sinda Miranda","Tiempo de lectura":"3 minutos"},"schema":{"@context":"https:\/\/schema.org","@graph":[{"@type":"Article","@id":"https:\/\/talcomosoy.com.ar\/index.php\/kevin-johansen-viene-a-mendoza\/#article","isPartOf":{"@id":"https:\/\/talcomosoy.com.ar\/index.php\/kevin-johansen-viene-a-mendoza\/"},"author":{"name":"Sinda Miranda","@id":"https:\/\/talcomosoy.com.ar\/#\/schema\/person\/496b3561bd436afcf2be92147ff855c9"},"headline":"KEVIN JOHANSEN viene a Mendoza","datePublished":"2022-06-06T15:20:10+00:00","mainEntityOfPage":{"@id":"https:\/\/talcomosoy.com.ar\/index.php\/kevin-johansen-viene-a-mendoza\/"},"wordCount":593,"publisher":{"@id":"https:\/\/talcomosoy.com.ar\/#organization"},"image":{"@id":"https:\/\/talcomosoy.com.ar\/index.php\/kevin-johansen-viene-a-mendoza\/#primaryimage"},"thumbnailUrl":"https:\/\/i0.wp.com\/talcomosoy.com.ar\/wp-content\/uploads\/2022\/06\/unnamed-1-1.jpg?fit=795%2C818&ssl=1","articleSection":["M\u00fasica"],"inLanguage":"es"},{"@type":"WebPage","@id":"https:\/\/talcomosoy.com.ar\/index.php\/kevin-johansen-viene-a-mendoza\/","url":"https:\/\/talcomosoy.com.ar\/index.php\/kevin-johansen-viene-a-mendoza\/","name":"KEVIN JOHANSEN viene a Mendoza - Tal Como Soy","isPartOf":{"@id":"https:\/\/talcomosoy.com.ar\/#website"},"primaryImageOfPage":{"@id":"https:\/\/talcomosoy.com.ar\/index.php\/kevin-johansen-viene-a-mendoza\/#primaryimage"},"image":{"@id":"https:\/\/talcomosoy.com.ar\/index.php\/kevin-johansen-viene-a-mendoza\/#primaryimage"},"thumbnailUrl":"https:\/\/i0.wp.com\/talcomosoy.com.ar\/wp-content\/uploads\/2022\/06\/unnamed-1-1.jpg?fit=795%2C818&ssl=1","datePublished":"2022-06-06T15:20:10+00:00","inLanguage":"es","potentialAction":[{"@type":"ReadAction","target":["https:\/\/talcomosoy.com.ar\/index.php\/kevin-johansen-viene-a-mendoza\/"]}]},{"@type":"ImageObject","inLanguage":"es","@id":"https:\/\/talcomosoy.com.ar\/index.php\/kevin-johansen-viene-a-mendoza\/#primaryimage","url":"https:\/\/i0.wp.com\/talcomosoy.com.ar\/wp-content\/uploads\/2022\/06\/unnamed-1-1.jpg?fit=795%2C818&ssl=1","contentUrl":"https:\/\/i0.wp.com\/talcomosoy.com.ar\/wp-content\/uploads\/2022\/06\/unnamed-1-1.jpg?fit=795%2C818&ssl=1","width":795,"height":818},{"@type":"WebSite","@id":"https:\/\/talcomosoy.com.ar\/#website","url":"https:\/\/talcomosoy.com.ar\/","name":"Tal Como Soy","description":"Magazine Musical Digital","publisher":{"@id":"https:\/\/talcomosoy.com.ar\/#organization"},"potentialAction":[{"@type":"SearchAction","target":{"@type":"EntryPoint","urlTemplate":"https:\/\/talcomosoy.com.ar\/?s={search_term_string}"},"query-input":{"@type":"PropertyValueSpecification","valueRequired":true,"valueName":"search_term_string"}}],"inLanguage":"es"},{"@type":"Organization","@id":"https:\/\/talcomosoy.com.ar\/#organization","name":"Tal Como Soy","url":"https:\/\/talcomosoy.com.ar\/","logo":{"@type":"ImageObject","inLanguage":"es","@id":"https:\/\/talcomosoy.com.ar\/#\/schema\/logo\/image\/","url":"https:\/\/i0.wp.com\/talcomosoy.com.ar\/wp-content\/uploads\/2020\/02\/PUA-2020-TRANSPARENTE.png?fit=570%2C382&ssl=1","contentUrl":"https:\/\/i0.wp.com\/talcomosoy.com.ar\/wp-content\/uploads\/2020\/02\/PUA-2020-TRANSPARENTE.png?fit=570%2C382&ssl=1","width":570,"height":382,"caption":"Tal Como Soy"},"image":{"@id":"https:\/\/talcomosoy.com.ar\/#\/schema\/logo\/image\/"},"sameAs":["https:\/\/www.facebook.com\/talcomosoyok","https:\/\/x.com\/talcomosoyok","https:\/\/www.instagram.com\/talcomosoyok","https:\/\/www.youtube.com\/channel\/UCrutZzYQmd9Fe8pEm5wqsiw"]},{"@type":"Person","@id":"https:\/\/talcomosoy.com.ar\/#\/schema\/person\/496b3561bd436afcf2be92147ff855c9","name":"Sinda Miranda","image":{"@type":"ImageObject","inLanguage":"es","@id":"https:\/\/secure.gravatar.com\/avatar\/ab0e992fc0b7117fe730d00fb0e44073b1fd6e28d69de8e7ac3103f1396f445e?s=96&d=mm&r=g","url":"https:\/\/secure.gravatar.com\/avatar\/ab0e992fc0b7117fe730d00fb0e44073b1fd6e28d69de8e7ac3103f1396f445e?s=96&d=mm&r=g","contentUrl":"https:\/\/secure.gravatar.com\/avatar\/ab0e992fc0b7117fe730d00fb0e44073b1fd6e28d69de8e7ac3103f1396f445e?s=96&d=mm&r=g","caption":"Sinda Miranda"},"description":"Escritora, Fot\u00f3grafa, Agente de Prensa","sameAs":["https:\/\/www.facebook.com\/sindamiranda","https:\/\/www.instagram.com\/sindamiranda","https:\/\/x.com\/sindamiranda"],"url":"https:\/\/talcomosoy.com.ar\/index.php\/author\/sindamirandatcs\/"}]}},"jetpack_publicize_connections":[],"jetpack_sharing_enabled":true,"jetpack_likes_enabled":true,"jetpack_featured_media_url":"https:\/\/i0.wp.com\/talcomosoy.com.ar\/wp-content\/uploads\/2022\/06\/unnamed-1-1.jpg?fit=795%2C818&ssl=1","_links":{"self":[{"href":"https:\/\/talcomosoy.com.ar\/index.php\/wp-json\/wp\/v2\/posts\/8796","targetHints":{"allow":["GET"]}}],"collection":[{"href":"https:\/\/talcomosoy.com.ar\/index.php\/wp-json\/wp\/v2\/posts"}],"about":[{"href":"https:\/\/talcomosoy.com.ar\/index.php\/wp-json\/wp\/v2\/types\/post"}],"author":[{"embeddable":true,"href":"https:\/\/talcomosoy.com.ar\/index.php\/wp-json\/wp\/v2\/users\/1"}],"replies":[{"embeddable":true,"href":"https:\/\/talcomosoy.com.ar\/index.php\/wp-json\/wp\/v2\/comments?post=8796"}],"version-history":[{"count":1,"href":"https:\/\/talcomosoy.com.ar\/index.php\/wp-json\/wp\/v2\/posts\/8796\/revisions"}],"predecessor-version":[{"id":8798,"href":"https:\/\/talcomosoy.com.ar\/index.php\/wp-json\/wp\/v2\/posts\/8796\/revisions\/8798"}],"wp:featuredmedia":[{"embeddable":true,"href":"https:\/\/talcomosoy.com.ar\/index.php\/wp-json\/wp\/v2\/media\/8797"}],"wp:attachment":[{"href":"https:\/\/talcomosoy.com.ar\/index.php\/wp-json\/wp\/v2\/media?parent=8796"}],"wp:term":[{"taxonomy":"category","embeddable":true,"href":"https:\/\/talcomosoy.com.ar\/index.php\/wp-json\/wp\/v2\/categories?post=8796"},{"taxonomy":"post_tag","embeddable":true,"href":"https:\/\/talcomosoy.com.ar\/index.php\/wp-json\/wp\/v2\/tags?post=8796"}],"curies":[{"name":"wp","href":"https:\/\/api.w.org\/{rel}","templated":true}]}}