{"id":8760,"date":"2022-06-03T12:51:21","date_gmt":"2022-06-03T15:51:21","guid":{"rendered":"https:\/\/talcomosoy.com.ar\/?p=8760"},"modified":"2022-06-03T12:51:21","modified_gmt":"2022-06-03T15:51:21","slug":"recomendados-culturales-y-turisticos-imperdibles-para-el-fin-de-semana","status":"publish","type":"post","link":"https:\/\/talcomosoy.com.ar\/index.php\/recomendados-culturales-y-turisticos-imperdibles-para-el-fin-de-semana\/","title":{"rendered":"Recomendados culturales y tur\u00edsticos imperdibles para el fin de semana"},"content":{"rendered":"<h3>Una atractiva agenda cultural y tur\u00edstica con propuestas para todos los gustos ofrece nuestra provincia el primer fin de semana de junio. Se podr\u00e1 disfrutar de artes visuales, teatro, paseos, m\u00fasica y la despedida del gran musical \u201cDr\u00e1cula\u201d. Todo esto en la siguiente nota.<\/h3>\n<p>&nbsp;<\/p>\n<h4>Viernes 3<\/h4>\n<ul>\n<li>A las 20, se presentar\u00e1 el Concierto de M\u00fasica de C\u00e1mara con la actuaci\u00f3n del Quinteto \u201cAires de Jard\u00edn\u201d. Ser\u00e1 en el Museo Carlos Alonso &#8211; Mansi\u00f3n Stoppel, Av. Emilio Civit 348, Ciudad de Mendoza.<\/li>\n<\/ul>\n<p style=\"padding-left: 40px;\">El Quinteto de Vientos Aires del Jard\u00edn est\u00e1 integrado por j\u00f3venes m\u00fasicos de la ciudad de San Miguel de Tucum\u00e1n; quienes forman parte de la Orquesta Sinf\u00f3nica de la Universidad Nacional de Tucum\u00e1n, la Orquesta Acad\u00e9mica de la Fundaci\u00f3n Cristian Zarb y la Orquesta Juvenil de la Universidad Nacional de Tucum\u00e1n. La entrada es gratuita y puede adquirirse a trav\u00e9s de www.entradaweb.com.ar<\/p>\n<p>&nbsp;<\/p>\n<ul>\n<li>A las 20.30, ser\u00e1 el turno del XVIII Festival de oto\u00f1o con los Coros de la Facultad de Derecho UNCuyo, Dir. Paula Zabaleta; Passeri, Dir. Alfonso Giunta; Coro de Ni\u00f1os Cantores de Mendoza, Dir. Eleonora Fern\u00e1ndez; Coro AMICANA, Dir. M\u00f3nica Pacheco. La cita es en la Sala Elina Alba, Av. Espa\u00f1a y Guti\u00e9rrez, de Ciudad con entrada gratuita.<\/li>\n<\/ul>\n<p>&nbsp;<\/p>\n<ul>\n<li>Y, a las 22, en el Teatro Independencia el musical \u201cDr\u00e1cula. La Despedida\u201d. Uno de los musicales argentinos m\u00e1s importantes. Escrito y dirigido por la dupla conformada por Cibri\u00e1n-Mahler, la puesta est\u00e1 protagonizada por Juan Rod\u00f3 (Dr\u00e1cula), Cecilia Milone (Mina), Laura Silva (Nani), Pehu\u00e9n Naranjo (Van Helsing), Karina Levine (La Condesa), entre otros. Completan los protag\u00f3nicos centrales Josefina Scaglione (Lucy) y Mariano Taccagni (Jonathan). Las entradas pueden adquirirse en entradaweb.com.ar o en boleter\u00eda del teatro desde las 16.<\/li>\n<\/ul>\n<p>&nbsp;<\/p>\n<h4>S\u00e1bado 4<\/h4>\n<p>&nbsp;<\/p>\n<ul>\n<li>A las 8.30, se realizar\u00e1 el Foro Vendimia en las Salas Magna, Uspallata y Cacheuta, 1er Piso, del Centro de Congresos y Exposiciones Gobernador Emilio Civit, Av. Peltier 611, Ciudad. Organiza el Ministerio de Cultura y Turismo, a trav\u00e9s de la Direcci\u00f3n de Producci\u00f3n Cultural y Vendimia.<\/li>\n<\/ul>\n<p>&nbsp;<\/p>\n<ul>\n<li>A las 16, habr\u00e1 teatro infantil en el Ciclo Arriba el Pulgarcito. La obra que podr\u00e1n disfrutar este s\u00e1bado chicos y grandes es \u00abCuenta que te cuenta princesa a la pimienta\u00bb, del elenco Sin peluca. La entrada es libre y salida al sombrero.<\/li>\n<\/ul>\n<p style=\"padding-left: 40px;\">Ser\u00e1 en el m\u00edtico Teatro Pulgarcito ubicado en el coraz\u00f3n del Parque General San Mart\u00edn, Ciudad.<\/p>\n<p style=\"padding-left: 40px;\">Tambi\u00e9n, a las 18 y a las 22, en doble funci\u00f3n, se presentar\u00e1 el musical \u201cDr\u00e1cula. La Despedida\u201d en el Teatro Independencia, Chile y Espejo, de Ciudad. Las entradas pueden adquirirse en entradaweb.com.ar o en boleter\u00eda del teatro, desde las 16.<\/p>\n<p>&nbsp;<\/p>\n<ul>\n<li>A las 20, se inaugurar\u00e1 la muestra \u201cPreludio\u201d, de Gustavo Morales, en el Centro de Congresos y Exposiciones Thesaurus, de Malarg\u00fce con entrada libre y gratuita.<\/li>\n<\/ul>\n<p style=\"padding-left: 40px;\">El artista malarg\u00fcino, nos muestra con sus obras los temores, inquietudes e incertidumbres que en estos tiempos se han vivido, pero tambi\u00e9n, que en lo incierto hay certezas, hay fuerza, hay nuevos comienzos.<\/p>\n<p style=\"padding-left: 40px;\">Asimismo, a las 21, habr\u00e1 m\u00fasica en la Sala Armando Tejada G\u00f3mez, del Espacio Cultural Julio Le Parc, Mitre y Godoy Cruz, de Guaymall\u00e9n, con el Show de Oto\u00f1o El Faro.<\/p>\n<p style=\"padding-left: 40px;\">En esta oportunidad se presenta en formato de duetos vocales, con acompa\u00f1amiento en estilo ac\u00fastico (piano, guitarra y percusi\u00f3n) en el que se interpretar\u00e1n canciones de diversos estilos. La entrada general costar\u00e1 $600, y puede adquirirse en entradaweb.com.ar<\/p>\n<p>&nbsp;<\/p>\n<ul>\n<li>Y, a las 21.30, la Orquesta Filarm\u00f3nica de Mendoza, con el director invitado, maestro Miguel Pineda y los solistas Julio Lonigro y Fernando L\u00f3pez Ballesteros, se presentar\u00e1 en Rivadavia en el Cine Teatro Ducal. La entrada es gratuita.<\/li>\n<\/ul>\n<p>&nbsp;<\/p>\n<h4>Domingo 5<\/h4>\n<p>&nbsp;<\/p>\n<ul>\n<li>A las 16, contin\u00faa el Ciclo Arriba el Pulgarcito, con la colorida obra \u201cLas locuras de Ludiem\u201d, un desopilante mago que est\u00e1 listo para demostrar que la verdadera risa viene del desconcierto. La entrada al Teatro Pulgarcito es libre y salida al sombrero.<\/li>\n<\/ul>\n<p style=\"padding-left: 40px;\">Igualmente, se presentar\u00e1 a las 18, en el Teatro Independencia de \u201cDr\u00e1cula. La Despedida\u201d. Uno de los musicales argentinos m\u00e1s importantes, protagonizado por Juan Rod\u00f3 (Dr\u00e1cula), Cecilia Milone (Mina), Laura Silva (Nani), Pehu\u00e9n Naranjo (Van Helsing), Karina Levine (La Condesa), entre otros. Completan los protag\u00f3nicos centrales Josefina Scaglione (Lucy) y Mariano Taccagni (Jonathan).<\/p>\n<p>&nbsp;<\/p>\n<ul>\n<li>Y, a las 20, vuelve la Liga Mendocina de Improvisaci\u00f3n al Le Parc, en la Sala Ernesto Suarez, del espacio cultural ubicado en Mitre y Godoy Cruz, Guaymall\u00e9n.<\/li>\n<\/ul>\n<p style=\"padding-left: 40px;\">La LMI se basa en lo que, en la jerga y especializaci\u00f3n teatral, se conoce como \u201cTeatro como deporte\u201d, que consiste en agrupar a todos los integrantes del elenco en diferentes equipos y hacer que se \u201cenfrenten\u201d todos contra todos en la modalidad de matches. La entrada anticipada cuesta $500, y pueden adquirirse en entradaweb.com.ar<\/p>\n<p>&nbsp;<\/p>\n<h4>Tres muestras de fotograf\u00eda en el M\u00e1ximo Arias<\/h4>\n<p>&nbsp;<\/p>\n<p>Tres interesantes muestras se pueden disfrutar en el Espacio de Fotograf\u00eda M\u00e1ximo Arias, ubicado en Padre Jorge Contreras 1250 del Parque General San Mart\u00edn.<\/p>\n<p>Las muestras son Historias m\u00ednimas, del Grupo de Reporteros Gr\u00e1ficos Covid Photo Mendoza; ALBA Fotograf\u00eda 2021 y Tapices on\u00edricos, de Vanesa Pawlowski. Podr\u00e1n visitarse con entrada gratuita, de martes a s\u00e1bados, de 10 a 20 y domingos y feriados, de 12 a 20.<\/p>\n<p>&nbsp;<\/p>\n<h4>Mujer Portal en el ECA Sur Enrique Sobisch<\/h4>\n<p>&nbsp;<\/p>\n<p>La muestra Mujer Portal en el ECA Sur Enrique Sobisch de San Rafael cuenta con las obras de Debby Escobedo Pellerite (Santa Cruz, Bolivia); Francesca Carena (San Rafael); Victoria Crovo (Bogot\u00e1, Colombia) y Reginalmendra Gibilisco (San Rafael).<\/p>\n<p>Con entrada libre y gratuita, la muestra puede visitarse en el Espacio Cultural ubicado en el km 0 de la ciudad de San Rafael.<\/p>\n<p>&nbsp;<\/p>\n<h4>Serie Documental \u00a8The Hindu Tradition\u00a8<\/h4>\n<p>&nbsp;<\/p>\n<p>Todos los s\u00e1bados de mayo y julio, a las 19, en el Cine Universidad se proyectar\u00e1 la serie documental del fil\u00f3sofo y escritor Julio Oz\u00e1n Lavoisier y Carlos Canale, co-director y editor.<\/p>\n<p>Un documental que refleja una manera de ver y sentir, vigente y eficaz en la India por m\u00e1s de 4000 a\u00f1os. La serie contiene 24 cap\u00edtulos de 30 minutos y se proyectar\u00e1n dos episodios por fecha. En esta oportunidad ser\u00e1: Grandes Festivales: Jagannath \u2013 Diwali y Maha Kumbh Mela.<\/p>\n<p>Las funciones ser\u00e1n en la Sala Tito Francia, con un costo de $200 para p\u00fablico en general. Se pueden comprar de forma anticipada a trav\u00e9s de www.entradaweb.com o en boleter\u00eda de la Nave UNCuyo, Maza 250 de Ciudad, de martes a domingos de 18 a 22.<\/p>\n<p>&nbsp;<\/p>\n<h4>Feria de Dise\u00f1o Libre<\/h4>\n<p>&nbsp;<\/p>\n<p>Nuevamente, la Rotonda del Rosedal, ubicada en el Parque General San Mart\u00edn, ser\u00e1 el escenario para que mendocinos y turistas pueda disfrutar de la Feria de Dise\u00f1o Libre \u201cOto\u00f1o 10\u201d que re\u00fane artesanos, dise\u00f1adores locales y emprendedores en general. Esta nueva edici\u00f3n se realizar\u00e1 los d\u00edas 3, 4 y 5 de junio, de 10 a 18, con entrada libre y gratuita.<\/p>\n<p>Esta nueva edici\u00f3n en el Parque contar\u00e1 con la participaci\u00f3n de m\u00e1s de 70 feriantes, destacando una gran variedad de propuestas para que mendocinos y turistas que recorren este espacio verde puedan encontrar aquello que andan buscando.<\/p>\n<p>Los visitantes podr\u00e1n disfrutar de productos de decoraci\u00f3n, cer\u00e1mica, autos de colecci\u00f3n, figuras en 3D. Plantas, mini jardines y arom\u00e1ticas y kokedamas, Encuadernaciones, Productos de Hierro y Cuchiller\u00eda; Artesan\u00edas; Bazar y decoraci\u00f3n, Pantuflas, Pijamas y lencer\u00eda, Ropa deportiva, Tejidos y un renovado Patio de Comidas.<\/p>\n<p>&nbsp;<\/p>\n<h4>Circuito de monta\u00f1a<\/h4>\n<p>&nbsp;<\/p>\n<p>El municipio de San Rafael ofrece una variada agenda de actividades culturales y tur\u00edsticas para que mendocinos y turistas puedan disfrutar de este bello departamento del sur provincial. Consultar programaci\u00f3n en https:\/\/sanrafaelturismo.gov.ar\/turismo\/<\/p>\n<p>&nbsp;<\/p>\n<h4>Vinos y bodegas<\/h4>\n<p>&nbsp;<\/p>\n<p>El Roble Wake Complex, invita a su temporada oto\u00f1o invierno con Winter Seajon, con nueva carta, fuegos, m\u00fasica, degustaciones y maridajes. Julio A. Roca esquina Castro Barros, Coquimbito, Maip\u00fa. Reservas al 261 5751995.<\/p>\n<p>Bodega A16, amor por el vino, tiene programada su Temporada Sunset, los d\u00edas jueves, viernes y s\u00e1bados, de 18 a 00. Una propuesta que re\u00fane vino, m\u00fasica en vivo, food truck y un atardecer especial al aire libre. Reservas al 261 6538963.<\/p>\n<p>Tambi\u00e9n, habr\u00e1 un sunset en Bodega Viamonte. Para solicitar reserva del Sunset Edici\u00f3n Especial hay que gestionarla desde el link: https:\/\/viamontewinery.com\/es\/reservas-sunset\/<\/p>\n","protected":false},"excerpt":{"rendered":"<p>Una atractiva agenda cultural y tur\u00edstica con propuestas para todos los gustos ofrece nuestra provincia<\/p>\n","protected":false},"author":1,"featured_media":8761,"comment_status":"closed","ping_status":"closed","sticky":false,"template":"","format":"standard","meta":{"_jetpack_newsletter_access":"","_jetpack_dont_email_post_to_subs":false,"_jetpack_newsletter_tier_id":0,"_jetpack_memberships_contains_paywalled_content":false,"_jetpack_feature_clip_id":0,"_jetpack_memberships_contains_paid_content":false,"footnotes":"","jetpack_publicize_message":"","jetpack_publicize_feature_enabled":true,"jetpack_social_post_already_shared":true,"jetpack_social_options":{"image_generator_settings":{"template":"highway","default_image_id":0,"font":"","enabled":false},"version":2},"jetpack_post_was_ever_published":false},"categories":[308],"tags":[],"class_list":["post-8760","post","type-post","status-publish","format-standard","has-post-thumbnail","hentry","category-agenda-cultural-y-turistica"],"yoast_head":"<!-- This site is optimized with the Yoast SEO plugin v28.4 - https:\/\/yoast.com\/product\/yoast-seo-wordpress\/ -->\n<title>Recomendados culturales y tur\u00edsticos imperdibles para el fin de semana - Tal Como Soy<\/title>\n<meta name=\"robots\" content=\"index, follow, max-snippet:-1, max-image-preview:large, max-video-preview:-1\" \/>\n<link rel=\"canonical\" href=\"https:\/\/talcomosoy.com.ar\/index.php\/recomendados-culturales-y-turisticos-imperdibles-para-el-fin-de-semana\/\" \/>\n<meta property=\"og:locale\" content=\"es_ES\" \/>\n<meta property=\"og:type\" content=\"article\" \/>\n<meta property=\"og:title\" content=\"Recomendados culturales y tur\u00edsticos imperdibles para el fin de semana - Tal Como Soy\" \/>\n<meta property=\"og:description\" content=\"Una atractiva agenda cultural y tur\u00edstica con propuestas para todos los gustos ofrece nuestra provincia\" \/>\n<meta property=\"og:url\" content=\"https:\/\/talcomosoy.com.ar\/index.php\/recomendados-culturales-y-turisticos-imperdibles-para-el-fin-de-semana\/\" \/>\n<meta property=\"og:site_name\" content=\"Tal Como Soy\" \/>\n<meta property=\"article:publisher\" content=\"https:\/\/www.facebook.com\/talcomosoyok\" \/>\n<meta property=\"article:author\" content=\"https:\/\/www.facebook.com\/sindamiranda\" \/>\n<meta property=\"article:published_time\" content=\"2022-06-03T15:51:21+00:00\" \/>\n<meta property=\"og:image\" content=\"https:\/\/i0.wp.com\/talcomosoy.com.ar\/wp-content\/uploads\/2022\/06\/Teatro-Pulgarcito.jpg?fit=1280%2C825&ssl=1\" \/>\n\t<meta property=\"og:image:width\" content=\"1280\" \/>\n\t<meta property=\"og:image:height\" content=\"825\" \/>\n\t<meta property=\"og:image:type\" content=\"image\/jpeg\" \/>\n<meta name=\"author\" content=\"Sinda Miranda\" \/>\n<meta name=\"twitter:card\" content=\"summary_large_image\" \/>\n<meta name=\"twitter:creator\" content=\"@sindamiranda\" \/>\n<meta name=\"twitter:site\" content=\"@talcomosoyok\" \/>\n<meta name=\"twitter:label1\" content=\"Escrito por\" \/>\n\t<meta name=\"twitter:data1\" content=\"Sinda Miranda\" \/>\n\t<meta name=\"twitter:label2\" content=\"Tiempo de lectura\" \/>\n\t<meta name=\"twitter:data2\" content=\"7 minutos\" \/>\n<script type=\"application\/ld+json\" class=\"yoast-schema-graph\">{\"@context\":\"https:\\\/\\\/schema.org\",\"@graph\":[{\"@type\":\"Article\",\"@id\":\"https:\\\/\\\/talcomosoy.com.ar\\\/index.php\\\/recomendados-culturales-y-turisticos-imperdibles-para-el-fin-de-semana\\\/#article\",\"isPartOf\":{\"@id\":\"https:\\\/\\\/talcomosoy.com.ar\\\/index.php\\\/recomendados-culturales-y-turisticos-imperdibles-para-el-fin-de-semana\\\/\"},\"author\":{\"name\":\"Sinda Miranda\",\"@id\":\"https:\\\/\\\/talcomosoy.com.ar\\\/#\\\/schema\\\/person\\\/496b3561bd436afcf2be92147ff855c9\"},\"headline\":\"Recomendados culturales y tur\u00edsticos imperdibles para el fin de semana\",\"datePublished\":\"2022-06-03T15:51:21+00:00\",\"mainEntityOfPage\":{\"@id\":\"https:\\\/\\\/talcomosoy.com.ar\\\/index.php\\\/recomendados-culturales-y-turisticos-imperdibles-para-el-fin-de-semana\\\/\"},\"wordCount\":1455,\"publisher\":{\"@id\":\"https:\\\/\\\/talcomosoy.com.ar\\\/#organization\"},\"image\":{\"@id\":\"https:\\\/\\\/talcomosoy.com.ar\\\/index.php\\\/recomendados-culturales-y-turisticos-imperdibles-para-el-fin-de-semana\\\/#primaryimage\"},\"thumbnailUrl\":\"https:\\\/\\\/i0.wp.com\\\/talcomosoy.com.ar\\\/wp-content\\\/uploads\\\/2022\\\/06\\\/Teatro-Pulgarcito.jpg?fit=1280%2C825&ssl=1\",\"articleSection\":[\"Agenda Cultural y Tur\u00edstica\"],\"inLanguage\":\"es\"},{\"@type\":\"WebPage\",\"@id\":\"https:\\\/\\\/talcomosoy.com.ar\\\/index.php\\\/recomendados-culturales-y-turisticos-imperdibles-para-el-fin-de-semana\\\/\",\"url\":\"https:\\\/\\\/talcomosoy.com.ar\\\/index.php\\\/recomendados-culturales-y-turisticos-imperdibles-para-el-fin-de-semana\\\/\",\"name\":\"Recomendados culturales y tur\u00edsticos imperdibles para el fin de semana - Tal Como Soy\",\"isPartOf\":{\"@id\":\"https:\\\/\\\/talcomosoy.com.ar\\\/#website\"},\"primaryImageOfPage\":{\"@id\":\"https:\\\/\\\/talcomosoy.com.ar\\\/index.php\\\/recomendados-culturales-y-turisticos-imperdibles-para-el-fin-de-semana\\\/#primaryimage\"},\"image\":{\"@id\":\"https:\\\/\\\/talcomosoy.com.ar\\\/index.php\\\/recomendados-culturales-y-turisticos-imperdibles-para-el-fin-de-semana\\\/#primaryimage\"},\"thumbnailUrl\":\"https:\\\/\\\/i0.wp.com\\\/talcomosoy.com.ar\\\/wp-content\\\/uploads\\\/2022\\\/06\\\/Teatro-Pulgarcito.jpg?fit=1280%2C825&ssl=1\",\"datePublished\":\"2022-06-03T15:51:21+00:00\",\"inLanguage\":\"es\",\"potentialAction\":[{\"@type\":\"ReadAction\",\"target\":[\"https:\\\/\\\/talcomosoy.com.ar\\\/index.php\\\/recomendados-culturales-y-turisticos-imperdibles-para-el-fin-de-semana\\\/\"]}]},{\"@type\":\"ImageObject\",\"inLanguage\":\"es\",\"@id\":\"https:\\\/\\\/talcomosoy.com.ar\\\/index.php\\\/recomendados-culturales-y-turisticos-imperdibles-para-el-fin-de-semana\\\/#primaryimage\",\"url\":\"https:\\\/\\\/i0.wp.com\\\/talcomosoy.com.ar\\\/wp-content\\\/uploads\\\/2022\\\/06\\\/Teatro-Pulgarcito.jpg?fit=1280%2C825&ssl=1\",\"contentUrl\":\"https:\\\/\\\/i0.wp.com\\\/talcomosoy.com.ar\\\/wp-content\\\/uploads\\\/2022\\\/06\\\/Teatro-Pulgarcito.jpg?fit=1280%2C825&ssl=1\",\"width\":1280,\"height\":825},{\"@type\":\"WebSite\",\"@id\":\"https:\\\/\\\/talcomosoy.com.ar\\\/#website\",\"url\":\"https:\\\/\\\/talcomosoy.com.ar\\\/\",\"name\":\"Tal Como Soy\",\"description\":\"Magazine Musical Digital\",\"publisher\":{\"@id\":\"https:\\\/\\\/talcomosoy.com.ar\\\/#organization\"},\"potentialAction\":[{\"@type\":\"SearchAction\",\"target\":{\"@type\":\"EntryPoint\",\"urlTemplate\":\"https:\\\/\\\/talcomosoy.com.ar\\\/?s={search_term_string}\"},\"query-input\":{\"@type\":\"PropertyValueSpecification\",\"valueRequired\":true,\"valueName\":\"search_term_string\"}}],\"inLanguage\":\"es\"},{\"@type\":\"Organization\",\"@id\":\"https:\\\/\\\/talcomosoy.com.ar\\\/#organization\",\"name\":\"Tal Como Soy\",\"url\":\"https:\\\/\\\/talcomosoy.com.ar\\\/\",\"logo\":{\"@type\":\"ImageObject\",\"inLanguage\":\"es\",\"@id\":\"https:\\\/\\\/talcomosoy.com.ar\\\/#\\\/schema\\\/logo\\\/image\\\/\",\"url\":\"https:\\\/\\\/i0.wp.com\\\/talcomosoy.com.ar\\\/wp-content\\\/uploads\\\/2020\\\/02\\\/PUA-2020-TRANSPARENTE.png?fit=570%2C382&ssl=1\",\"contentUrl\":\"https:\\\/\\\/i0.wp.com\\\/talcomosoy.com.ar\\\/wp-content\\\/uploads\\\/2020\\\/02\\\/PUA-2020-TRANSPARENTE.png?fit=570%2C382&ssl=1\",\"width\":570,\"height\":382,\"caption\":\"Tal Como Soy\"},\"image\":{\"@id\":\"https:\\\/\\\/talcomosoy.com.ar\\\/#\\\/schema\\\/logo\\\/image\\\/\"},\"sameAs\":[\"https:\\\/\\\/www.facebook.com\\\/talcomosoyok\",\"https:\\\/\\\/x.com\\\/talcomosoyok\",\"https:\\\/\\\/www.instagram.com\\\/talcomosoyok\",\"https:\\\/\\\/www.youtube.com\\\/channel\\\/UCrutZzYQmd9Fe8pEm5wqsiw\"]},{\"@type\":\"Person\",\"@id\":\"https:\\\/\\\/talcomosoy.com.ar\\\/#\\\/schema\\\/person\\\/496b3561bd436afcf2be92147ff855c9\",\"name\":\"Sinda Miranda\",\"image\":{\"@type\":\"ImageObject\",\"inLanguage\":\"es\",\"@id\":\"https:\\\/\\\/secure.gravatar.com\\\/avatar\\\/ab0e992fc0b7117fe730d00fb0e44073b1fd6e28d69de8e7ac3103f1396f445e?s=96&d=mm&r=g\",\"url\":\"https:\\\/\\\/secure.gravatar.com\\\/avatar\\\/ab0e992fc0b7117fe730d00fb0e44073b1fd6e28d69de8e7ac3103f1396f445e?s=96&d=mm&r=g\",\"contentUrl\":\"https:\\\/\\\/secure.gravatar.com\\\/avatar\\\/ab0e992fc0b7117fe730d00fb0e44073b1fd6e28d69de8e7ac3103f1396f445e?s=96&d=mm&r=g\",\"caption\":\"Sinda Miranda\"},\"description\":\"Escritora, Fot\u00f3grafa, Agente de Prensa\",\"sameAs\":[\"https:\\\/\\\/www.facebook.com\\\/sindamiranda\",\"https:\\\/\\\/www.instagram.com\\\/sindamiranda\",\"https:\\\/\\\/x.com\\\/sindamiranda\"],\"url\":\"https:\\\/\\\/talcomosoy.com.ar\\\/index.php\\\/author\\\/sindamirandatcs\\\/\"}]}<\/script>\n<!-- \/ Yoast SEO plugin. -->","yoast_head_json":{"title":"Recomendados culturales y tur\u00edsticos imperdibles para el fin de semana - Tal Como Soy","robots":{"index":"index","follow":"follow","max-snippet":"max-snippet:-1","max-image-preview":"max-image-preview:large","max-video-preview":"max-video-preview:-1"},"canonical":"https:\/\/talcomosoy.com.ar\/index.php\/recomendados-culturales-y-turisticos-imperdibles-para-el-fin-de-semana\/","og_locale":"es_ES","og_type":"article","og_title":"Recomendados culturales y tur\u00edsticos imperdibles para el fin de semana - Tal Como Soy","og_description":"Una atractiva agenda cultural y tur\u00edstica con propuestas para todos los gustos ofrece nuestra provincia","og_url":"https:\/\/talcomosoy.com.ar\/index.php\/recomendados-culturales-y-turisticos-imperdibles-para-el-fin-de-semana\/","og_site_name":"Tal Como Soy","article_publisher":"https:\/\/www.facebook.com\/talcomosoyok","article_author":"https:\/\/www.facebook.com\/sindamiranda","article_published_time":"2022-06-03T15:51:21+00:00","og_image":[{"width":1280,"height":825,"url":"https:\/\/i0.wp.com\/talcomosoy.com.ar\/wp-content\/uploads\/2022\/06\/Teatro-Pulgarcito.jpg?fit=1280%2C825&ssl=1","type":"image\/jpeg"}],"author":"Sinda Miranda","twitter_card":"summary_large_image","twitter_creator":"@sindamiranda","twitter_site":"@talcomosoyok","twitter_misc":{"Escrito por":"Sinda Miranda","Tiempo de lectura":"7 minutos"},"schema":{"@context":"https:\/\/schema.org","@graph":[{"@type":"Article","@id":"https:\/\/talcomosoy.com.ar\/index.php\/recomendados-culturales-y-turisticos-imperdibles-para-el-fin-de-semana\/#article","isPartOf":{"@id":"https:\/\/talcomosoy.com.ar\/index.php\/recomendados-culturales-y-turisticos-imperdibles-para-el-fin-de-semana\/"},"author":{"name":"Sinda Miranda","@id":"https:\/\/talcomosoy.com.ar\/#\/schema\/person\/496b3561bd436afcf2be92147ff855c9"},"headline":"Recomendados culturales y tur\u00edsticos imperdibles para el fin de semana","datePublished":"2022-06-03T15:51:21+00:00","mainEntityOfPage":{"@id":"https:\/\/talcomosoy.com.ar\/index.php\/recomendados-culturales-y-turisticos-imperdibles-para-el-fin-de-semana\/"},"wordCount":1455,"publisher":{"@id":"https:\/\/talcomosoy.com.ar\/#organization"},"image":{"@id":"https:\/\/talcomosoy.com.ar\/index.php\/recomendados-culturales-y-turisticos-imperdibles-para-el-fin-de-semana\/#primaryimage"},"thumbnailUrl":"https:\/\/i0.wp.com\/talcomosoy.com.ar\/wp-content\/uploads\/2022\/06\/Teatro-Pulgarcito.jpg?fit=1280%2C825&ssl=1","articleSection":["Agenda Cultural y Tur\u00edstica"],"inLanguage":"es"},{"@type":"WebPage","@id":"https:\/\/talcomosoy.com.ar\/index.php\/recomendados-culturales-y-turisticos-imperdibles-para-el-fin-de-semana\/","url":"https:\/\/talcomosoy.com.ar\/index.php\/recomendados-culturales-y-turisticos-imperdibles-para-el-fin-de-semana\/","name":"Recomendados culturales y tur\u00edsticos imperdibles para el fin de semana - Tal Como Soy","isPartOf":{"@id":"https:\/\/talcomosoy.com.ar\/#website"},"primaryImageOfPage":{"@id":"https:\/\/talcomosoy.com.ar\/index.php\/recomendados-culturales-y-turisticos-imperdibles-para-el-fin-de-semana\/#primaryimage"},"image":{"@id":"https:\/\/talcomosoy.com.ar\/index.php\/recomendados-culturales-y-turisticos-imperdibles-para-el-fin-de-semana\/#primaryimage"},"thumbnailUrl":"https:\/\/i0.wp.com\/talcomosoy.com.ar\/wp-content\/uploads\/2022\/06\/Teatro-Pulgarcito.jpg?fit=1280%2C825&ssl=1","datePublished":"2022-06-03T15:51:21+00:00","inLanguage":"es","potentialAction":[{"@type":"ReadAction","target":["https:\/\/talcomosoy.com.ar\/index.php\/recomendados-culturales-y-turisticos-imperdibles-para-el-fin-de-semana\/"]}]},{"@type":"ImageObject","inLanguage":"es","@id":"https:\/\/talcomosoy.com.ar\/index.php\/recomendados-culturales-y-turisticos-imperdibles-para-el-fin-de-semana\/#primaryimage","url":"https:\/\/i0.wp.com\/talcomosoy.com.ar\/wp-content\/uploads\/2022\/06\/Teatro-Pulgarcito.jpg?fit=1280%2C825&ssl=1","contentUrl":"https:\/\/i0.wp.com\/talcomosoy.com.ar\/wp-content\/uploads\/2022\/06\/Teatro-Pulgarcito.jpg?fit=1280%2C825&ssl=1","width":1280,"height":825},{"@type":"WebSite","@id":"https:\/\/talcomosoy.com.ar\/#website","url":"https:\/\/talcomosoy.com.ar\/","name":"Tal Como Soy","description":"Magazine Musical Digital","publisher":{"@id":"https:\/\/talcomosoy.com.ar\/#organization"},"potentialAction":[{"@type":"SearchAction","target":{"@type":"EntryPoint","urlTemplate":"https:\/\/talcomosoy.com.ar\/?s={search_term_string}"},"query-input":{"@type":"PropertyValueSpecification","valueRequired":true,"valueName":"search_term_string"}}],"inLanguage":"es"},{"@type":"Organization","@id":"https:\/\/talcomosoy.com.ar\/#organization","name":"Tal Como Soy","url":"https:\/\/talcomosoy.com.ar\/","logo":{"@type":"ImageObject","inLanguage":"es","@id":"https:\/\/talcomosoy.com.ar\/#\/schema\/logo\/image\/","url":"https:\/\/i0.wp.com\/talcomosoy.com.ar\/wp-content\/uploads\/2020\/02\/PUA-2020-TRANSPARENTE.png?fit=570%2C382&ssl=1","contentUrl":"https:\/\/i0.wp.com\/talcomosoy.com.ar\/wp-content\/uploads\/2020\/02\/PUA-2020-TRANSPARENTE.png?fit=570%2C382&ssl=1","width":570,"height":382,"caption":"Tal Como Soy"},"image":{"@id":"https:\/\/talcomosoy.com.ar\/#\/schema\/logo\/image\/"},"sameAs":["https:\/\/www.facebook.com\/talcomosoyok","https:\/\/x.com\/talcomosoyok","https:\/\/www.instagram.com\/talcomosoyok","https:\/\/www.youtube.com\/channel\/UCrutZzYQmd9Fe8pEm5wqsiw"]},{"@type":"Person","@id":"https:\/\/talcomosoy.com.ar\/#\/schema\/person\/496b3561bd436afcf2be92147ff855c9","name":"Sinda Miranda","image":{"@type":"ImageObject","inLanguage":"es","@id":"https:\/\/secure.gravatar.com\/avatar\/ab0e992fc0b7117fe730d00fb0e44073b1fd6e28d69de8e7ac3103f1396f445e?s=96&d=mm&r=g","url":"https:\/\/secure.gravatar.com\/avatar\/ab0e992fc0b7117fe730d00fb0e44073b1fd6e28d69de8e7ac3103f1396f445e?s=96&d=mm&r=g","contentUrl":"https:\/\/secure.gravatar.com\/avatar\/ab0e992fc0b7117fe730d00fb0e44073b1fd6e28d69de8e7ac3103f1396f445e?s=96&d=mm&r=g","caption":"Sinda Miranda"},"description":"Escritora, Fot\u00f3grafa, Agente de Prensa","sameAs":["https:\/\/www.facebook.com\/sindamiranda","https:\/\/www.instagram.com\/sindamiranda","https:\/\/x.com\/sindamiranda"],"url":"https:\/\/talcomosoy.com.ar\/index.php\/author\/sindamirandatcs\/"}]}},"jetpack_publicize_connections":[],"jetpack_sharing_enabled":true,"jetpack_likes_enabled":true,"jetpack_featured_media_url":"https:\/\/i0.wp.com\/talcomosoy.com.ar\/wp-content\/uploads\/2022\/06\/Teatro-Pulgarcito.jpg?fit=1280%2C825&ssl=1","_links":{"self":[{"href":"https:\/\/talcomosoy.com.ar\/index.php\/wp-json\/wp\/v2\/posts\/8760","targetHints":{"allow":["GET"]}}],"collection":[{"href":"https:\/\/talcomosoy.com.ar\/index.php\/wp-json\/wp\/v2\/posts"}],"about":[{"href":"https:\/\/talcomosoy.com.ar\/index.php\/wp-json\/wp\/v2\/types\/post"}],"author":[{"embeddable":true,"href":"https:\/\/talcomosoy.com.ar\/index.php\/wp-json\/wp\/v2\/users\/1"}],"replies":[{"embeddable":true,"href":"https:\/\/talcomosoy.com.ar\/index.php\/wp-json\/wp\/v2\/comments?post=8760"}],"version-history":[{"count":2,"href":"https:\/\/talcomosoy.com.ar\/index.php\/wp-json\/wp\/v2\/posts\/8760\/revisions"}],"predecessor-version":[{"id":8763,"href":"https:\/\/talcomosoy.com.ar\/index.php\/wp-json\/wp\/v2\/posts\/8760\/revisions\/8763"}],"wp:featuredmedia":[{"embeddable":true,"href":"https:\/\/talcomosoy.com.ar\/index.php\/wp-json\/wp\/v2\/media\/8761"}],"wp:attachment":[{"href":"https:\/\/talcomosoy.com.ar\/index.php\/wp-json\/wp\/v2\/media?parent=8760"}],"wp:term":[{"taxonomy":"category","embeddable":true,"href":"https:\/\/talcomosoy.com.ar\/index.php\/wp-json\/wp\/v2\/categories?post=8760"},{"taxonomy":"post_tag","embeddable":true,"href":"https:\/\/talcomosoy.com.ar\/index.php\/wp-json\/wp\/v2\/tags?post=8760"}],"curies":[{"name":"wp","href":"https:\/\/api.w.org\/{rel}","templated":true}]}}