{"id":8545,"date":"2022-05-31T10:24:50","date_gmt":"2022-05-31T13:24:50","guid":{"rendered":"https:\/\/talcomosoy.com.ar\/?p=8545"},"modified":"2022-05-31T10:24:50","modified_gmt":"2022-05-31T13:24:50","slug":"sandra-peralta-y-leandro-cacioni-presentan-amor-viajero-el-disco-homenaje-a-chabuca-granda","status":"publish","type":"post","link":"https:\/\/talcomosoy.com.ar\/index.php\/sandra-peralta-y-leandro-cacioni-presentan-amor-viajero-el-disco-homenaje-a-chabuca-granda\/","title":{"rendered":"Sandra Peralta y Leandro Cacioni presentan \u00abAmor Viajero\u00bb, el disco homenaje a Chabuca Granda"},"content":{"rendered":"<h3>La presentaci\u00f3n tendr\u00e1 lugar el s\u00e1bado 4 de junio a las 21hs en la Nave UNCUYO. Adem\u00e1s el d\u00eda anterior, viernes 3 de junio, Sandra y Leandro ofrecer\u00e1n un taller de m\u00fasica de la costa del Per\u00fa a las 16hs en la Sala Azul.<\/h3>\n<p>&nbsp;<\/p>\n<p>La cantante y compositora peruana, radicada en Argentina, Sandra Peralta y el guitarrista, compositor y arreglador argentino, Leandro Cacioni realizar\u00e1n un concierto tributo a la formidable compositora que fue Chabuca Granda.<\/p>\n<p>El espect\u00e1culo rescata el esp\u00edritu rupturista de la cantautora y la belleza de su mundo mel\u00f3dico, a partir de composiciones menos conocidas. El guitarrista, compositor y productor musical, Oscar Puebla, ser\u00e1 quien acompa\u00f1e a esta dupla.<\/p>\n<p>Previo a la presentaci\u00f3n del disco la dupla brindar\u00e1 un taller de Ritmos de la Costa del Per\u00fa el d\u00eda viernes 3 de 16 a 18 hs en las instalaciones de la Nave UNCUYO. Mientras que el s\u00e1bado 4 de junio a las 21 hs se podr\u00e1 disfrutar del espect\u00e1culo homenaje a Chabuca Granda con \u201cAmor Viajero\u201d en la Sala Roja de la Nave (Maza 250 de Ciudad). La entrada general tiene un valor de $600 pesos y pueden conseguirse haciendo click aqu\u00ed o en la boleter\u00eda de la Nave de martes a domingos de 18:00 a 22:00 hs.<\/p>\n<p>&nbsp;<\/p>\n<h3>Sobre Sandra Peralta y Leandro Cacioni<\/h3>\n<p>&nbsp;<\/p>\n<p>Desde 2011 Sandra y Leandro conforman uno de los d\u00faos m\u00e1s exquisitos y atractivos de la m\u00fasica latinoamericana. Desde el canto y el caj\u00f3n peruano Sandra y desde la m\u00fasica instrumental Leandro, congregaron fuerzas e intereses.<\/p>\n<p>Su primer disco como d\u00fao, \u201cAmor viajero\u201d, homenaje a la compositora peruana Chabuca Granda, fue declarado de Inter\u00e9s Cultural por el Ministerio de Cultura de la Ciudad de Buenos Aires y fue elegido por el Club del disco para su \u00abSelecci\u00f3n de Folklore del mundo\u201d.<\/p>\n<p>Tambi\u00e9n fueron ganadores de Mecenazgo 2015-2018, Fondo Nacional de las Artes y Fondo de Desarrollo (2016). Han realizado conciertos en Uruguay, Per\u00fa, M\u00e9xico, Brasil, Francia, Alemania y Argentina.<\/p>\n<p>Se han presentado en destacadas salas de nuestro pa\u00eds y el exterior, como lo es el patio Federal de Tecn\u00f3polis, La Usina del Arte, Centro Cultural Kirchner, Sala Zitarrosa (Uruguay), Memorial de Am\u00e9rica Latina (Brasil), Auditorio del ICPNA (Lima-Per\u00fa), Anfiteatro del Parque Centenario (Argentina).<\/p>\n<p>&nbsp;<\/p>\n<h3>Dale Play<\/h3>\n<div class=\"jetpack-video-wrapper\"><iframe loading=\"lazy\" title=\"Sandra Peralta y Leandro Cacioni con La Charo - Maria sue\u00f1os (Chabuca Granda)\" width=\"640\" height=\"360\" src=\"https:\/\/www.youtube.com\/embed\/D3NlU7HT3V4?feature=oembed\" frameborder=\"0\" allow=\"accelerometer; autoplay; clipboard-write; encrypted-media; gyroscope; picture-in-picture; web-share\" referrerpolicy=\"strict-origin-when-cross-origin\" allowfullscreen><\/iframe><\/div>\n<p>&nbsp;<\/p>\n<h3>Sobre sus obras como solistas<\/h3>\n<p>&nbsp;<\/p>\n<p>Los discos \u00abAromas\u00bb, \u00abDesde aqu\u00ed\u00bb y \u00abSudamericano\u00bb recorren obras de nuevos\/as poetas y poetisas de la canci\u00f3n, tanto de sus pa\u00edses de origen, como de Am\u00e9rica Latina, incorporando tambi\u00e9n composiciones propias. Est\u00e1 dupla trabaja con la inmensa convicci\u00f3n de generar nuevas formas para la interpretaci\u00f3n, y sin dejar de lado la profunda conexi\u00f3n con sus ra\u00edces se han sumergido en la honda tarea de fundar y recorrer un camino propio.<\/p>\n<p>&nbsp;<\/p>\n<h3>Sobre Chabuca Granda<\/h3>\n<p>&nbsp;<\/p>\n<p>Mar\u00eda Isabel Granda y Larco (Apur\u00edmac, 1920 &#8211; Miami, 1983), m\u00e1s conocida como Chabuca Granda, fue una letrista, cantautora y folclorista peruana. Descubri\u00f3 su vocaci\u00f3n musical a la temprana edad de 12 a\u00f1os, momento en el que fue escogida como vicepresidenta de la Asociaci\u00f3n de Canto de su colegio. A lo largo de su carrera compuso m\u00e1s de un centenar de canciones, basadas en el folclore y en la historia de Per\u00fa, en este recorrido trabaj\u00f3 diversos ritmos como el tondero, el vals criollo y los ritmos negroides. Tambi\u00e9n es reconocida por sus poes\u00edas as\u00ed como por sus guiones teatrales y cinematogr\u00e1ficos.<\/p>\n<p>&nbsp;<\/p>\n<h3>Taller: \u00abLa influencia de la cultura negra en la m\u00fasica de Latinoam\u00e9rica\u201d<\/h3>\n<p>&nbsp;<\/p>\n<p>En el encuentro se tratar\u00e1n las particularidades r\u00edtmicas, mel\u00f3dicas y arm\u00f3nicas de la m\u00fasica de la costa del Per\u00fa. Esto permitir\u00e1 a quienes participen de la charla ampliar y enriquecer el universo de posibilidades a la hora de interpretar, arreglar, improvisar y\/o componer sobre distintos g\u00e9neros musicales.<\/p>\n<p>Los elementos r\u00edtmicos presentes guardan una estrecha relaci\u00f3n con algunos g\u00e9neros\u00a0folkl\u00f3ricos de Argentina.<\/p>\n<p>Con una mirada amplia este taller pretende revalorizar y difundir la m\u00fasica de la costa del Per\u00fa, como parte del patrimonio cultural latinoamericano pero tambi\u00e9n como un fen\u00f3meno vivo, sujeto al cambio y al enriquecimiento constantes.<\/p>\n<p>El objetivo principal es que el alumnado y docentes de m\u00fasica obtengan herramientas espec\u00edficas para el abordaje de la m\u00fasica de la costa del Per\u00fa. Y tambi\u00e9n se brindar\u00e1n elementos para la interpretaci\u00f3n de la m\u00fasica de la costa del vecino pa\u00eds.<\/p>\n<p>En la clase se trabajar\u00e1 a partir de los siguientes ejes:<\/p>\n<ul>\n<li>Una breve introducci\u00f3n hist\u00f3rica y audici\u00f3n de los principales compositores e int\u00e9rpretes.<\/li>\n<li>La percepci\u00f3n, el an\u00e1lisis y la interpretaci\u00f3n de los elementos r\u00edtmicos caracter\u00edsticos.<\/li>\n<li>La realizaci\u00f3n de ejercicios para el abordaje de cada g\u00e9nero haciendo uso del cuerpo y la voz.<\/li>\n<li>La exposici\u00f3n y pr\u00e1ctica de t\u00e9cnicas espec\u00edficas de cada instrumento.<\/li>\n<li>El ensamble grupal.<\/li>\n<\/ul>\n<p>Por \u00faltimo, se har\u00e1 mayor \u00e9nfasis en los ritmos de vals, festejo y land\u00f3.<\/p>\n<p>El taller \u00abLa influencia de la cultura negra en la m\u00fasica de Latinoam\u00e9rica\u201d ser\u00e1 el pr\u00f3ximo viernes 3 de junio de 16 a 18:30 hs. en la Sala Azul de la Nave UNCUYO. La entrada tiene un valor de $1500. La inscripci\u00f3n al taller es a trav\u00e9s del siguiente mail: sandraperaltam@gmail.com.<\/p>\n","protected":false},"excerpt":{"rendered":"<p>La presentaci\u00f3n tendr\u00e1 lugar el s\u00e1bado 4 de junio a las 21hs en la Nave<\/p>\n","protected":false},"author":1,"featured_media":8546,"comment_status":"closed","ping_status":"closed","sticky":false,"template":"","format":"standard","meta":{"_jetpack_memberships_contains_paid_content":false,"footnotes":"","jetpack_publicize_message":"","jetpack_publicize_feature_enabled":true,"jetpack_social_post_already_shared":true,"jetpack_social_options":{"image_generator_settings":{"template":"highway","default_image_id":0,"font":"","enabled":false},"version":2}},"categories":[142,217],"tags":[],"class_list":["post-8545","post","type-post","status-publish","format-standard","has-post-thumbnail","hentry","category-homenajes","category-taller"],"yoast_head":"<!-- This site is optimized with the Yoast SEO plugin v27.5 - https:\/\/yoast.com\/product\/yoast-seo-wordpress\/ -->\n<title>Sandra Peralta y Leandro Cacioni presentan &quot;Amor Viajero&quot;, el disco homenaje a Chabuca Granda - Tal Como Soy<\/title>\n<meta name=\"robots\" content=\"index, follow, max-snippet:-1, max-image-preview:large, max-video-preview:-1\" \/>\n<link rel=\"canonical\" href=\"https:\/\/talcomosoy.com.ar\/index.php\/sandra-peralta-y-leandro-cacioni-presentan-amor-viajero-el-disco-homenaje-a-chabuca-granda\/\" \/>\n<meta property=\"og:locale\" content=\"es_ES\" \/>\n<meta property=\"og:type\" content=\"article\" \/>\n<meta property=\"og:title\" content=\"Sandra Peralta y Leandro Cacioni presentan &quot;Amor Viajero&quot;, el disco homenaje a Chabuca Granda - Tal Como Soy\" \/>\n<meta property=\"og:description\" content=\"La presentaci\u00f3n tendr\u00e1 lugar el s\u00e1bado 4 de junio a las 21hs en la Nave\" \/>\n<meta property=\"og:url\" content=\"https:\/\/talcomosoy.com.ar\/index.php\/sandra-peralta-y-leandro-cacioni-presentan-amor-viajero-el-disco-homenaje-a-chabuca-granda\/\" \/>\n<meta property=\"og:site_name\" content=\"Tal Como Soy\" \/>\n<meta property=\"article:publisher\" content=\"https:\/\/www.facebook.com\/talcomosoyok\" \/>\n<meta property=\"article:author\" content=\"https:\/\/www.facebook.com\/sindamiranda\" \/>\n<meta property=\"article:published_time\" content=\"2022-05-31T13:24:50+00:00\" \/>\n<meta property=\"og:image\" content=\"https:\/\/i0.wp.com\/talcomosoy.com.ar\/wp-content\/uploads\/2022\/05\/SPLC_OK-222.jpg?fit=1141%2C761&ssl=1\" \/>\n\t<meta property=\"og:image:width\" content=\"1141\" \/>\n\t<meta property=\"og:image:height\" content=\"761\" \/>\n\t<meta property=\"og:image:type\" content=\"image\/jpeg\" \/>\n<meta name=\"author\" content=\"Sinda Miranda\" \/>\n<meta name=\"twitter:card\" content=\"summary_large_image\" \/>\n<meta name=\"twitter:creator\" content=\"@sindamiranda\" \/>\n<meta name=\"twitter:site\" content=\"@talcomosoyok\" \/>\n<meta name=\"twitter:label1\" content=\"Escrito por\" \/>\n\t<meta name=\"twitter:data1\" content=\"Sinda Miranda\" \/>\n\t<meta name=\"twitter:label2\" content=\"Tiempo de lectura\" \/>\n\t<meta name=\"twitter:data2\" content=\"4 minutos\" \/>\n<script type=\"application\/ld+json\" class=\"yoast-schema-graph\">{\"@context\":\"https:\\\/\\\/schema.org\",\"@graph\":[{\"@type\":\"Article\",\"@id\":\"https:\\\/\\\/talcomosoy.com.ar\\\/index.php\\\/sandra-peralta-y-leandro-cacioni-presentan-amor-viajero-el-disco-homenaje-a-chabuca-granda\\\/#article\",\"isPartOf\":{\"@id\":\"https:\\\/\\\/talcomosoy.com.ar\\\/index.php\\\/sandra-peralta-y-leandro-cacioni-presentan-amor-viajero-el-disco-homenaje-a-chabuca-granda\\\/\"},\"author\":{\"name\":\"Sinda Miranda\",\"@id\":\"https:\\\/\\\/talcomosoy.com.ar\\\/#\\\/schema\\\/person\\\/496b3561bd436afcf2be92147ff855c9\"},\"headline\":\"Sandra Peralta y Leandro Cacioni presentan \u00abAmor Viajero\u00bb, el disco homenaje a Chabuca Granda\",\"datePublished\":\"2022-05-31T13:24:50+00:00\",\"mainEntityOfPage\":{\"@id\":\"https:\\\/\\\/talcomosoy.com.ar\\\/index.php\\\/sandra-peralta-y-leandro-cacioni-presentan-amor-viajero-el-disco-homenaje-a-chabuca-granda\\\/\"},\"wordCount\":937,\"publisher\":{\"@id\":\"https:\\\/\\\/talcomosoy.com.ar\\\/#organization\"},\"image\":{\"@id\":\"https:\\\/\\\/talcomosoy.com.ar\\\/index.php\\\/sandra-peralta-y-leandro-cacioni-presentan-amor-viajero-el-disco-homenaje-a-chabuca-granda\\\/#primaryimage\"},\"thumbnailUrl\":\"https:\\\/\\\/i0.wp.com\\\/talcomosoy.com.ar\\\/wp-content\\\/uploads\\\/2022\\\/05\\\/SPLC_OK-222.jpg?fit=1141%2C761&ssl=1\",\"articleSection\":[\"Homenajes\",\"Taller\"],\"inLanguage\":\"es\"},{\"@type\":\"WebPage\",\"@id\":\"https:\\\/\\\/talcomosoy.com.ar\\\/index.php\\\/sandra-peralta-y-leandro-cacioni-presentan-amor-viajero-el-disco-homenaje-a-chabuca-granda\\\/\",\"url\":\"https:\\\/\\\/talcomosoy.com.ar\\\/index.php\\\/sandra-peralta-y-leandro-cacioni-presentan-amor-viajero-el-disco-homenaje-a-chabuca-granda\\\/\",\"name\":\"Sandra Peralta y Leandro Cacioni presentan \\\"Amor Viajero\\\", el disco homenaje a Chabuca Granda - Tal Como Soy\",\"isPartOf\":{\"@id\":\"https:\\\/\\\/talcomosoy.com.ar\\\/#website\"},\"primaryImageOfPage\":{\"@id\":\"https:\\\/\\\/talcomosoy.com.ar\\\/index.php\\\/sandra-peralta-y-leandro-cacioni-presentan-amor-viajero-el-disco-homenaje-a-chabuca-granda\\\/#primaryimage\"},\"image\":{\"@id\":\"https:\\\/\\\/talcomosoy.com.ar\\\/index.php\\\/sandra-peralta-y-leandro-cacioni-presentan-amor-viajero-el-disco-homenaje-a-chabuca-granda\\\/#primaryimage\"},\"thumbnailUrl\":\"https:\\\/\\\/i0.wp.com\\\/talcomosoy.com.ar\\\/wp-content\\\/uploads\\\/2022\\\/05\\\/SPLC_OK-222.jpg?fit=1141%2C761&ssl=1\",\"datePublished\":\"2022-05-31T13:24:50+00:00\",\"inLanguage\":\"es\",\"potentialAction\":[{\"@type\":\"ReadAction\",\"target\":[\"https:\\\/\\\/talcomosoy.com.ar\\\/index.php\\\/sandra-peralta-y-leandro-cacioni-presentan-amor-viajero-el-disco-homenaje-a-chabuca-granda\\\/\"]}]},{\"@type\":\"ImageObject\",\"inLanguage\":\"es\",\"@id\":\"https:\\\/\\\/talcomosoy.com.ar\\\/index.php\\\/sandra-peralta-y-leandro-cacioni-presentan-amor-viajero-el-disco-homenaje-a-chabuca-granda\\\/#primaryimage\",\"url\":\"https:\\\/\\\/i0.wp.com\\\/talcomosoy.com.ar\\\/wp-content\\\/uploads\\\/2022\\\/05\\\/SPLC_OK-222.jpg?fit=1141%2C761&ssl=1\",\"contentUrl\":\"https:\\\/\\\/i0.wp.com\\\/talcomosoy.com.ar\\\/wp-content\\\/uploads\\\/2022\\\/05\\\/SPLC_OK-222.jpg?fit=1141%2C761&ssl=1\",\"width\":1141,\"height\":761},{\"@type\":\"WebSite\",\"@id\":\"https:\\\/\\\/talcomosoy.com.ar\\\/#website\",\"url\":\"https:\\\/\\\/talcomosoy.com.ar\\\/\",\"name\":\"Tal Como Soy\",\"description\":\"Magazine Musical Digital\",\"publisher\":{\"@id\":\"https:\\\/\\\/talcomosoy.com.ar\\\/#organization\"},\"potentialAction\":[{\"@type\":\"SearchAction\",\"target\":{\"@type\":\"EntryPoint\",\"urlTemplate\":\"https:\\\/\\\/talcomosoy.com.ar\\\/?s={search_term_string}\"},\"query-input\":{\"@type\":\"PropertyValueSpecification\",\"valueRequired\":true,\"valueName\":\"search_term_string\"}}],\"inLanguage\":\"es\"},{\"@type\":\"Organization\",\"@id\":\"https:\\\/\\\/talcomosoy.com.ar\\\/#organization\",\"name\":\"Tal Como Soy\",\"url\":\"https:\\\/\\\/talcomosoy.com.ar\\\/\",\"logo\":{\"@type\":\"ImageObject\",\"inLanguage\":\"es\",\"@id\":\"https:\\\/\\\/talcomosoy.com.ar\\\/#\\\/schema\\\/logo\\\/image\\\/\",\"url\":\"https:\\\/\\\/i0.wp.com\\\/talcomosoy.com.ar\\\/wp-content\\\/uploads\\\/2020\\\/02\\\/PUA-2020-TRANSPARENTE.png?fit=570%2C382&ssl=1\",\"contentUrl\":\"https:\\\/\\\/i0.wp.com\\\/talcomosoy.com.ar\\\/wp-content\\\/uploads\\\/2020\\\/02\\\/PUA-2020-TRANSPARENTE.png?fit=570%2C382&ssl=1\",\"width\":570,\"height\":382,\"caption\":\"Tal Como Soy\"},\"image\":{\"@id\":\"https:\\\/\\\/talcomosoy.com.ar\\\/#\\\/schema\\\/logo\\\/image\\\/\"},\"sameAs\":[\"https:\\\/\\\/www.facebook.com\\\/talcomosoyok\",\"https:\\\/\\\/x.com\\\/talcomosoyok\",\"https:\\\/\\\/www.instagram.com\\\/talcomosoyok\",\"https:\\\/\\\/www.youtube.com\\\/channel\\\/UCrutZzYQmd9Fe8pEm5wqsiw\"]},{\"@type\":\"Person\",\"@id\":\"https:\\\/\\\/talcomosoy.com.ar\\\/#\\\/schema\\\/person\\\/496b3561bd436afcf2be92147ff855c9\",\"name\":\"Sinda Miranda\",\"image\":{\"@type\":\"ImageObject\",\"inLanguage\":\"es\",\"@id\":\"https:\\\/\\\/secure.gravatar.com\\\/avatar\\\/ab0e992fc0b7117fe730d00fb0e44073b1fd6e28d69de8e7ac3103f1396f445e?s=96&d=mm&r=g\",\"url\":\"https:\\\/\\\/secure.gravatar.com\\\/avatar\\\/ab0e992fc0b7117fe730d00fb0e44073b1fd6e28d69de8e7ac3103f1396f445e?s=96&d=mm&r=g\",\"contentUrl\":\"https:\\\/\\\/secure.gravatar.com\\\/avatar\\\/ab0e992fc0b7117fe730d00fb0e44073b1fd6e28d69de8e7ac3103f1396f445e?s=96&d=mm&r=g\",\"caption\":\"Sinda Miranda\"},\"description\":\"Escritora, Fot\u00f3grafa, Agente de Prensa\",\"sameAs\":[\"https:\\\/\\\/www.facebook.com\\\/sindamiranda\",\"https:\\\/\\\/www.instagram.com\\\/sindamiranda\",\"https:\\\/\\\/x.com\\\/sindamiranda\"],\"url\":\"https:\\\/\\\/talcomosoy.com.ar\\\/index.php\\\/author\\\/sindamirandatcs\\\/\"}]}<\/script>\n<!-- \/ Yoast SEO plugin. -->","yoast_head_json":{"title":"Sandra Peralta y Leandro Cacioni presentan \"Amor Viajero\", el disco homenaje a Chabuca Granda - Tal Como Soy","robots":{"index":"index","follow":"follow","max-snippet":"max-snippet:-1","max-image-preview":"max-image-preview:large","max-video-preview":"max-video-preview:-1"},"canonical":"https:\/\/talcomosoy.com.ar\/index.php\/sandra-peralta-y-leandro-cacioni-presentan-amor-viajero-el-disco-homenaje-a-chabuca-granda\/","og_locale":"es_ES","og_type":"article","og_title":"Sandra Peralta y Leandro Cacioni presentan \"Amor Viajero\", el disco homenaje a Chabuca Granda - Tal Como Soy","og_description":"La presentaci\u00f3n tendr\u00e1 lugar el s\u00e1bado 4 de junio a las 21hs en la Nave","og_url":"https:\/\/talcomosoy.com.ar\/index.php\/sandra-peralta-y-leandro-cacioni-presentan-amor-viajero-el-disco-homenaje-a-chabuca-granda\/","og_site_name":"Tal Como Soy","article_publisher":"https:\/\/www.facebook.com\/talcomosoyok","article_author":"https:\/\/www.facebook.com\/sindamiranda","article_published_time":"2022-05-31T13:24:50+00:00","og_image":[{"width":1141,"height":761,"url":"https:\/\/i0.wp.com\/talcomosoy.com.ar\/wp-content\/uploads\/2022\/05\/SPLC_OK-222.jpg?fit=1141%2C761&ssl=1","type":"image\/jpeg"}],"author":"Sinda Miranda","twitter_card":"summary_large_image","twitter_creator":"@sindamiranda","twitter_site":"@talcomosoyok","twitter_misc":{"Escrito por":"Sinda Miranda","Tiempo de lectura":"4 minutos"},"schema":{"@context":"https:\/\/schema.org","@graph":[{"@type":"Article","@id":"https:\/\/talcomosoy.com.ar\/index.php\/sandra-peralta-y-leandro-cacioni-presentan-amor-viajero-el-disco-homenaje-a-chabuca-granda\/#article","isPartOf":{"@id":"https:\/\/talcomosoy.com.ar\/index.php\/sandra-peralta-y-leandro-cacioni-presentan-amor-viajero-el-disco-homenaje-a-chabuca-granda\/"},"author":{"name":"Sinda Miranda","@id":"https:\/\/talcomosoy.com.ar\/#\/schema\/person\/496b3561bd436afcf2be92147ff855c9"},"headline":"Sandra Peralta y Leandro Cacioni presentan \u00abAmor Viajero\u00bb, el disco homenaje a Chabuca Granda","datePublished":"2022-05-31T13:24:50+00:00","mainEntityOfPage":{"@id":"https:\/\/talcomosoy.com.ar\/index.php\/sandra-peralta-y-leandro-cacioni-presentan-amor-viajero-el-disco-homenaje-a-chabuca-granda\/"},"wordCount":937,"publisher":{"@id":"https:\/\/talcomosoy.com.ar\/#organization"},"image":{"@id":"https:\/\/talcomosoy.com.ar\/index.php\/sandra-peralta-y-leandro-cacioni-presentan-amor-viajero-el-disco-homenaje-a-chabuca-granda\/#primaryimage"},"thumbnailUrl":"https:\/\/i0.wp.com\/talcomosoy.com.ar\/wp-content\/uploads\/2022\/05\/SPLC_OK-222.jpg?fit=1141%2C761&ssl=1","articleSection":["Homenajes","Taller"],"inLanguage":"es"},{"@type":"WebPage","@id":"https:\/\/talcomosoy.com.ar\/index.php\/sandra-peralta-y-leandro-cacioni-presentan-amor-viajero-el-disco-homenaje-a-chabuca-granda\/","url":"https:\/\/talcomosoy.com.ar\/index.php\/sandra-peralta-y-leandro-cacioni-presentan-amor-viajero-el-disco-homenaje-a-chabuca-granda\/","name":"Sandra Peralta y Leandro Cacioni presentan \"Amor Viajero\", el disco homenaje a Chabuca Granda - Tal Como Soy","isPartOf":{"@id":"https:\/\/talcomosoy.com.ar\/#website"},"primaryImageOfPage":{"@id":"https:\/\/talcomosoy.com.ar\/index.php\/sandra-peralta-y-leandro-cacioni-presentan-amor-viajero-el-disco-homenaje-a-chabuca-granda\/#primaryimage"},"image":{"@id":"https:\/\/talcomosoy.com.ar\/index.php\/sandra-peralta-y-leandro-cacioni-presentan-amor-viajero-el-disco-homenaje-a-chabuca-granda\/#primaryimage"},"thumbnailUrl":"https:\/\/i0.wp.com\/talcomosoy.com.ar\/wp-content\/uploads\/2022\/05\/SPLC_OK-222.jpg?fit=1141%2C761&ssl=1","datePublished":"2022-05-31T13:24:50+00:00","inLanguage":"es","potentialAction":[{"@type":"ReadAction","target":["https:\/\/talcomosoy.com.ar\/index.php\/sandra-peralta-y-leandro-cacioni-presentan-amor-viajero-el-disco-homenaje-a-chabuca-granda\/"]}]},{"@type":"ImageObject","inLanguage":"es","@id":"https:\/\/talcomosoy.com.ar\/index.php\/sandra-peralta-y-leandro-cacioni-presentan-amor-viajero-el-disco-homenaje-a-chabuca-granda\/#primaryimage","url":"https:\/\/i0.wp.com\/talcomosoy.com.ar\/wp-content\/uploads\/2022\/05\/SPLC_OK-222.jpg?fit=1141%2C761&ssl=1","contentUrl":"https:\/\/i0.wp.com\/talcomosoy.com.ar\/wp-content\/uploads\/2022\/05\/SPLC_OK-222.jpg?fit=1141%2C761&ssl=1","width":1141,"height":761},{"@type":"WebSite","@id":"https:\/\/talcomosoy.com.ar\/#website","url":"https:\/\/talcomosoy.com.ar\/","name":"Tal Como Soy","description":"Magazine Musical Digital","publisher":{"@id":"https:\/\/talcomosoy.com.ar\/#organization"},"potentialAction":[{"@type":"SearchAction","target":{"@type":"EntryPoint","urlTemplate":"https:\/\/talcomosoy.com.ar\/?s={search_term_string}"},"query-input":{"@type":"PropertyValueSpecification","valueRequired":true,"valueName":"search_term_string"}}],"inLanguage":"es"},{"@type":"Organization","@id":"https:\/\/talcomosoy.com.ar\/#organization","name":"Tal Como Soy","url":"https:\/\/talcomosoy.com.ar\/","logo":{"@type":"ImageObject","inLanguage":"es","@id":"https:\/\/talcomosoy.com.ar\/#\/schema\/logo\/image\/","url":"https:\/\/i0.wp.com\/talcomosoy.com.ar\/wp-content\/uploads\/2020\/02\/PUA-2020-TRANSPARENTE.png?fit=570%2C382&ssl=1","contentUrl":"https:\/\/i0.wp.com\/talcomosoy.com.ar\/wp-content\/uploads\/2020\/02\/PUA-2020-TRANSPARENTE.png?fit=570%2C382&ssl=1","width":570,"height":382,"caption":"Tal Como Soy"},"image":{"@id":"https:\/\/talcomosoy.com.ar\/#\/schema\/logo\/image\/"},"sameAs":["https:\/\/www.facebook.com\/talcomosoyok","https:\/\/x.com\/talcomosoyok","https:\/\/www.instagram.com\/talcomosoyok","https:\/\/www.youtube.com\/channel\/UCrutZzYQmd9Fe8pEm5wqsiw"]},{"@type":"Person","@id":"https:\/\/talcomosoy.com.ar\/#\/schema\/person\/496b3561bd436afcf2be92147ff855c9","name":"Sinda Miranda","image":{"@type":"ImageObject","inLanguage":"es","@id":"https:\/\/secure.gravatar.com\/avatar\/ab0e992fc0b7117fe730d00fb0e44073b1fd6e28d69de8e7ac3103f1396f445e?s=96&d=mm&r=g","url":"https:\/\/secure.gravatar.com\/avatar\/ab0e992fc0b7117fe730d00fb0e44073b1fd6e28d69de8e7ac3103f1396f445e?s=96&d=mm&r=g","contentUrl":"https:\/\/secure.gravatar.com\/avatar\/ab0e992fc0b7117fe730d00fb0e44073b1fd6e28d69de8e7ac3103f1396f445e?s=96&d=mm&r=g","caption":"Sinda Miranda"},"description":"Escritora, Fot\u00f3grafa, Agente de Prensa","sameAs":["https:\/\/www.facebook.com\/sindamiranda","https:\/\/www.instagram.com\/sindamiranda","https:\/\/x.com\/sindamiranda"],"url":"https:\/\/talcomosoy.com.ar\/index.php\/author\/sindamirandatcs\/"}]}},"jetpack_publicize_connections":[],"jetpack_featured_media_url":"https:\/\/i0.wp.com\/talcomosoy.com.ar\/wp-content\/uploads\/2022\/05\/SPLC_OK-222.jpg?fit=1141%2C761&ssl=1","jetpack_sharing_enabled":true,"jetpack_likes_enabled":true,"_links":{"self":[{"href":"https:\/\/talcomosoy.com.ar\/index.php\/wp-json\/wp\/v2\/posts\/8545","targetHints":{"allow":["GET"]}}],"collection":[{"href":"https:\/\/talcomosoy.com.ar\/index.php\/wp-json\/wp\/v2\/posts"}],"about":[{"href":"https:\/\/talcomosoy.com.ar\/index.php\/wp-json\/wp\/v2\/types\/post"}],"author":[{"embeddable":true,"href":"https:\/\/talcomosoy.com.ar\/index.php\/wp-json\/wp\/v2\/users\/1"}],"replies":[{"embeddable":true,"href":"https:\/\/talcomosoy.com.ar\/index.php\/wp-json\/wp\/v2\/comments?post=8545"}],"version-history":[{"count":1,"href":"https:\/\/talcomosoy.com.ar\/index.php\/wp-json\/wp\/v2\/posts\/8545\/revisions"}],"predecessor-version":[{"id":8547,"href":"https:\/\/talcomosoy.com.ar\/index.php\/wp-json\/wp\/v2\/posts\/8545\/revisions\/8547"}],"wp:featuredmedia":[{"embeddable":true,"href":"https:\/\/talcomosoy.com.ar\/index.php\/wp-json\/wp\/v2\/media\/8546"}],"wp:attachment":[{"href":"https:\/\/talcomosoy.com.ar\/index.php\/wp-json\/wp\/v2\/media?parent=8545"}],"wp:term":[{"taxonomy":"category","embeddable":true,"href":"https:\/\/talcomosoy.com.ar\/index.php\/wp-json\/wp\/v2\/categories?post=8545"},{"taxonomy":"post_tag","embeddable":true,"href":"https:\/\/talcomosoy.com.ar\/index.php\/wp-json\/wp\/v2\/tags?post=8545"}],"curies":[{"name":"wp","href":"https:\/\/api.w.org\/{rel}","templated":true}]}}