{"id":7828,"date":"2022-04-21T11:13:30","date_gmt":"2022-04-21T14:13:30","guid":{"rendered":"https:\/\/talcomosoy.com.ar\/?p=7828"},"modified":"2022-04-21T11:13:30","modified_gmt":"2022-04-21T14:13:30","slug":"a-93-anos-de-su-nacimiento-guaymallen-realizara-un-homenaje-a-tejada-gomez","status":"publish","type":"post","link":"https:\/\/talcomosoy.com.ar\/index.php\/a-93-anos-de-su-nacimiento-guaymallen-realizara-un-homenaje-a-tejada-gomez\/","title":{"rendered":"A 93 a\u00f1os de su nacimiento, Guaymall\u00e9n realizar\u00e1 un homenaje a Tejada G\u00f3mez"},"content":{"rendered":"<h3>En un nuevo aniversario del nacimiento de Armando Tejada G\u00f3mez, la Municipalidad de Guaymall\u00e9n le rendir\u00e1 una vez m\u00e1s homenaje a este gran cantautor que contribuy\u00f3 a forjar y difundir la identidad del departamento. El encuentro tendr\u00e1 lugar el jueves 21 de abril, a partir de las 20h, en la sede de la Biblioteca P\u00fablica Municipal Almafuerte (Libertad 710 de Villa Nueva).<\/h3>\n<p>&nbsp;<\/p>\n<p><strong>Contar\u00e1 con la participaci\u00f3n de los escritores locales Luciano Ortega, Omar Ochi, Mariel Alberdi, Santiago Navarra y Sergio Mart\u00ednez, quienes leer\u00e1n textos de la autor\u00eda de Tejada G\u00f3mez. La actividad estar\u00e1 acompa\u00f1ada por la m\u00fasica de Pablo Budini.<\/strong><\/p>\n<p>Para m\u00e1s informaci\u00f3n, comunicarse al tel\u00e9fono 4498123, de lunes a viernes de 8 a 14h.<\/p>\n<p>&nbsp;<\/p>\n<h3>Biograf\u00eda<\/h3>\n<p>&nbsp;<\/p>\n<p>Armando Tejada G\u00f3mez naci\u00f3 en el Barrio de las Latas, de Guaymall\u00e9n, a orillas del por entonces Canal Zanj\u00f3n (Cacique Guaymall\u00e9n), el 21 de abril de 1929; y falleci\u00f3 en Buenos Aires, el 3 de noviembre de 1992, con 63 a\u00f1os.<\/p>\n<p>De ascendencia huarpe, fue el pen\u00faltimo de 24 hermanos. Su familia estaba compuesta por trabajadores rurales de escasos recursos. Hijo de Florencia G\u00f3mez y Lucas Tejada, tropero que llevaba ganado desde Mendoza a San Juan y a Chile.<\/p>\n<p>A la muerte de su padre, con tan solo 4 a\u00f1os, su madre no pod\u00eda alimentar a todos sus hijos, por lo que vivi\u00f3 un tiempo en una casa en Tres Porte\u00f1as con su t\u00eda Fidela Pav\u00f3n, quien le ense\u00f1\u00f3 las primeras letras en un breviario. Esa fue la \u00fanica instrucci\u00f3n que recibi\u00f3 Armando. Cuando regres\u00f3 a su hogar materno, en la Media Luna (Pedro Molina), empez\u00f3 su oficio de canillita.<\/p>\n<p>A los 15 a\u00f1os se compr\u00f3 un ejemplar del Mart\u00edn Fierro, que le despert\u00f3 la pasi\u00f3n por la lectura y la poes\u00eda, instruy\u00e9ndose por su cuenta. De origen humilde y formaci\u00f3n autodidacta, trabaj\u00f3 tambi\u00e9n como lustrabotas y alba\u00f1il. Simult\u00e1neamente, comenz\u00f3 su inquietud por las injusticias sociales y se volvi\u00f3 un activista pol\u00edtico, siendo delegado del gremio de la construcci\u00f3n. En 1950 empez\u00f3 a trabajar como locutor en LV10 Radio de Cuyo, que altern\u00f3 con su trabajo como obrero.<\/p>\n<p>Fue diputado provincial en 1958 por la Uni\u00f3n C\u00edvica Radical Intransigente, sector que abandon\u00f3 al a\u00f1o siguiente para formar un bloque independiente. Integrante de una delegaci\u00f3n parlamentaria que visit\u00f3 China, la ex URSS, Checoslovaquia y Francia, a su regreso se afili\u00f3 al Partido Comunista.<\/p>\n<p>En 1960, al terminar su mandato como legislador, volvi\u00f3 a su trabajo de locutor e inici\u00f3 su camino por la m\u00fasica con la zamba \u201cLa de los humildes\u201d, colaborando como letrista junto al cantautor Manuel Oscar Matus -quien por entonces era esposo de Mercedes Sosa-, y con quienes, en 1963, sentar\u00edan las bases del Movimiento del Nuevo Cancionero.<\/p>\n<p>Entre 1954 y 1994 public\u00f3 trece poemarios, una autobiograf\u00eda, dos novelas y varios discos, entre audiolibros y canciones, en coautor\u00eda con diversos m\u00fasicos. Entre sus obras m\u00e1s reconocidas se encuentra \u201cCanci\u00f3n con todos\u201d, que se convirti\u00f3 en un himno para Am\u00e9rica Latina.<\/p>\n<p>Fue un gran poeta, escritor y cantautor, y dej\u00f3 un legado muy importante para la cultura argentina. Desde 2018 se estableci\u00f3 el 21 de abril de cada a\u00f1o como el D\u00eda del Poeta Mendocino, en conmemoraci\u00f3n al natalicio de este gran artista maestro.<\/p>\n","protected":false},"excerpt":{"rendered":"<p>En un nuevo aniversario del nacimiento de Armando Tejada G\u00f3mez, la Municipalidad de Guaymall\u00e9n le<\/p>\n","protected":false},"author":1,"featured_media":7829,"comment_status":"closed","ping_status":"closed","sticky":false,"template":"","format":"standard","meta":{"_jetpack_newsletter_access":"","_jetpack_dont_email_post_to_subs":false,"_jetpack_newsletter_tier_id":0,"_jetpack_memberships_contains_paywalled_content":false,"_jetpack_feature_clip_id":0,"_jetpack_memberships_contains_paid_content":false,"footnotes":"","jetpack_publicize_message":"","jetpack_publicize_feature_enabled":true,"jetpack_social_post_already_shared":true,"jetpack_social_options":{"image_generator_settings":{"template":"highway","default_image_id":0,"font":"","enabled":false},"version":2},"jetpack_post_was_ever_published":false},"categories":[142,38,2],"tags":[],"class_list":["post-7828","post","type-post","status-publish","format-standard","has-post-thumbnail","hentry","category-homenajes","category-literatura","category-musica"],"yoast_head":"<!-- This site is optimized with the Yoast SEO plugin v28.4 - https:\/\/yoast.com\/product\/yoast-seo-wordpress\/ -->\n<title>A 93 a\u00f1os de su nacimiento, Guaymall\u00e9n realizar\u00e1 un homenaje a Tejada G\u00f3mez - Tal Como Soy<\/title>\n<meta name=\"robots\" content=\"index, follow, max-snippet:-1, max-image-preview:large, max-video-preview:-1\" \/>\n<link rel=\"canonical\" href=\"https:\/\/talcomosoy.com.ar\/index.php\/a-93-anos-de-su-nacimiento-guaymallen-realizara-un-homenaje-a-tejada-gomez\/\" \/>\n<meta property=\"og:locale\" content=\"es_ES\" \/>\n<meta property=\"og:type\" content=\"article\" \/>\n<meta property=\"og:title\" content=\"A 93 a\u00f1os de su nacimiento, Guaymall\u00e9n realizar\u00e1 un homenaje a Tejada G\u00f3mez - Tal Como Soy\" \/>\n<meta property=\"og:description\" content=\"En un nuevo aniversario del nacimiento de Armando Tejada G\u00f3mez, la Municipalidad de Guaymall\u00e9n le\" \/>\n<meta property=\"og:url\" content=\"https:\/\/talcomosoy.com.ar\/index.php\/a-93-anos-de-su-nacimiento-guaymallen-realizara-un-homenaje-a-tejada-gomez\/\" \/>\n<meta property=\"og:site_name\" content=\"Tal Como Soy\" \/>\n<meta property=\"article:publisher\" content=\"https:\/\/www.facebook.com\/talcomosoyok\" \/>\n<meta property=\"article:author\" content=\"https:\/\/www.facebook.com\/sindamiranda\" \/>\n<meta property=\"article:published_time\" content=\"2022-04-21T14:13:30+00:00\" \/>\n<meta property=\"og:image\" content=\"https:\/\/i0.wp.com\/talcomosoy.com.ar\/wp-content\/uploads\/2022\/04\/Homenaje-a-Armando-Tejada-Gomez-placa.jpg?fit=2134%2C1068&ssl=1\" \/>\n\t<meta property=\"og:image:width\" content=\"2134\" \/>\n\t<meta property=\"og:image:height\" content=\"1068\" \/>\n\t<meta property=\"og:image:type\" content=\"image\/jpeg\" \/>\n<meta name=\"author\" content=\"Sinda Miranda\" \/>\n<meta name=\"twitter:card\" content=\"summary_large_image\" \/>\n<meta name=\"twitter:creator\" content=\"@sindamiranda\" \/>\n<meta name=\"twitter:site\" content=\"@talcomosoyok\" \/>\n<meta name=\"twitter:label1\" content=\"Escrito por\" \/>\n\t<meta name=\"twitter:data1\" content=\"Sinda Miranda\" \/>\n\t<meta name=\"twitter:label2\" content=\"Tiempo de lectura\" \/>\n\t<meta name=\"twitter:data2\" content=\"3 minutos\" \/>\n<script type=\"application\/ld+json\" class=\"yoast-schema-graph\">{\"@context\":\"https:\\\/\\\/schema.org\",\"@graph\":[{\"@type\":\"Article\",\"@id\":\"https:\\\/\\\/talcomosoy.com.ar\\\/index.php\\\/a-93-anos-de-su-nacimiento-guaymallen-realizara-un-homenaje-a-tejada-gomez\\\/#article\",\"isPartOf\":{\"@id\":\"https:\\\/\\\/talcomosoy.com.ar\\\/index.php\\\/a-93-anos-de-su-nacimiento-guaymallen-realizara-un-homenaje-a-tejada-gomez\\\/\"},\"author\":{\"name\":\"Sinda Miranda\",\"@id\":\"https:\\\/\\\/talcomosoy.com.ar\\\/#\\\/schema\\\/person\\\/496b3561bd436afcf2be92147ff855c9\"},\"headline\":\"A 93 a\u00f1os de su nacimiento, Guaymall\u00e9n realizar\u00e1 un homenaje a Tejada G\u00f3mez\",\"datePublished\":\"2022-04-21T14:13:30+00:00\",\"mainEntityOfPage\":{\"@id\":\"https:\\\/\\\/talcomosoy.com.ar\\\/index.php\\\/a-93-anos-de-su-nacimiento-guaymallen-realizara-un-homenaje-a-tejada-gomez\\\/\"},\"wordCount\":583,\"publisher\":{\"@id\":\"https:\\\/\\\/talcomosoy.com.ar\\\/#organization\"},\"image\":{\"@id\":\"https:\\\/\\\/talcomosoy.com.ar\\\/index.php\\\/a-93-anos-de-su-nacimiento-guaymallen-realizara-un-homenaje-a-tejada-gomez\\\/#primaryimage\"},\"thumbnailUrl\":\"https:\\\/\\\/i0.wp.com\\\/talcomosoy.com.ar\\\/wp-content\\\/uploads\\\/2022\\\/04\\\/Homenaje-a-Armando-Tejada-Gomez-placa.jpg?fit=2134%2C1068&ssl=1\",\"articleSection\":[\"Homenajes\",\"Literatura\",\"M\u00fasica\"],\"inLanguage\":\"es\"},{\"@type\":\"WebPage\",\"@id\":\"https:\\\/\\\/talcomosoy.com.ar\\\/index.php\\\/a-93-anos-de-su-nacimiento-guaymallen-realizara-un-homenaje-a-tejada-gomez\\\/\",\"url\":\"https:\\\/\\\/talcomosoy.com.ar\\\/index.php\\\/a-93-anos-de-su-nacimiento-guaymallen-realizara-un-homenaje-a-tejada-gomez\\\/\",\"name\":\"A 93 a\u00f1os de su nacimiento, Guaymall\u00e9n realizar\u00e1 un homenaje a Tejada G\u00f3mez - Tal Como Soy\",\"isPartOf\":{\"@id\":\"https:\\\/\\\/talcomosoy.com.ar\\\/#website\"},\"primaryImageOfPage\":{\"@id\":\"https:\\\/\\\/talcomosoy.com.ar\\\/index.php\\\/a-93-anos-de-su-nacimiento-guaymallen-realizara-un-homenaje-a-tejada-gomez\\\/#primaryimage\"},\"image\":{\"@id\":\"https:\\\/\\\/talcomosoy.com.ar\\\/index.php\\\/a-93-anos-de-su-nacimiento-guaymallen-realizara-un-homenaje-a-tejada-gomez\\\/#primaryimage\"},\"thumbnailUrl\":\"https:\\\/\\\/i0.wp.com\\\/talcomosoy.com.ar\\\/wp-content\\\/uploads\\\/2022\\\/04\\\/Homenaje-a-Armando-Tejada-Gomez-placa.jpg?fit=2134%2C1068&ssl=1\",\"datePublished\":\"2022-04-21T14:13:30+00:00\",\"inLanguage\":\"es\",\"potentialAction\":[{\"@type\":\"ReadAction\",\"target\":[\"https:\\\/\\\/talcomosoy.com.ar\\\/index.php\\\/a-93-anos-de-su-nacimiento-guaymallen-realizara-un-homenaje-a-tejada-gomez\\\/\"]}]},{\"@type\":\"ImageObject\",\"inLanguage\":\"es\",\"@id\":\"https:\\\/\\\/talcomosoy.com.ar\\\/index.php\\\/a-93-anos-de-su-nacimiento-guaymallen-realizara-un-homenaje-a-tejada-gomez\\\/#primaryimage\",\"url\":\"https:\\\/\\\/i0.wp.com\\\/talcomosoy.com.ar\\\/wp-content\\\/uploads\\\/2022\\\/04\\\/Homenaje-a-Armando-Tejada-Gomez-placa.jpg?fit=2134%2C1068&ssl=1\",\"contentUrl\":\"https:\\\/\\\/i0.wp.com\\\/talcomosoy.com.ar\\\/wp-content\\\/uploads\\\/2022\\\/04\\\/Homenaje-a-Armando-Tejada-Gomez-placa.jpg?fit=2134%2C1068&ssl=1\",\"width\":2134,\"height\":1068},{\"@type\":\"WebSite\",\"@id\":\"https:\\\/\\\/talcomosoy.com.ar\\\/#website\",\"url\":\"https:\\\/\\\/talcomosoy.com.ar\\\/\",\"name\":\"Tal Como Soy\",\"description\":\"Magazine Musical Digital\",\"publisher\":{\"@id\":\"https:\\\/\\\/talcomosoy.com.ar\\\/#organization\"},\"potentialAction\":[{\"@type\":\"SearchAction\",\"target\":{\"@type\":\"EntryPoint\",\"urlTemplate\":\"https:\\\/\\\/talcomosoy.com.ar\\\/?s={search_term_string}\"},\"query-input\":{\"@type\":\"PropertyValueSpecification\",\"valueRequired\":true,\"valueName\":\"search_term_string\"}}],\"inLanguage\":\"es\"},{\"@type\":\"Organization\",\"@id\":\"https:\\\/\\\/talcomosoy.com.ar\\\/#organization\",\"name\":\"Tal Como Soy\",\"url\":\"https:\\\/\\\/talcomosoy.com.ar\\\/\",\"logo\":{\"@type\":\"ImageObject\",\"inLanguage\":\"es\",\"@id\":\"https:\\\/\\\/talcomosoy.com.ar\\\/#\\\/schema\\\/logo\\\/image\\\/\",\"url\":\"https:\\\/\\\/i0.wp.com\\\/talcomosoy.com.ar\\\/wp-content\\\/uploads\\\/2020\\\/02\\\/PUA-2020-TRANSPARENTE.png?fit=570%2C382&ssl=1\",\"contentUrl\":\"https:\\\/\\\/i0.wp.com\\\/talcomosoy.com.ar\\\/wp-content\\\/uploads\\\/2020\\\/02\\\/PUA-2020-TRANSPARENTE.png?fit=570%2C382&ssl=1\",\"width\":570,\"height\":382,\"caption\":\"Tal Como Soy\"},\"image\":{\"@id\":\"https:\\\/\\\/talcomosoy.com.ar\\\/#\\\/schema\\\/logo\\\/image\\\/\"},\"sameAs\":[\"https:\\\/\\\/www.facebook.com\\\/talcomosoyok\",\"https:\\\/\\\/x.com\\\/talcomosoyok\",\"https:\\\/\\\/www.instagram.com\\\/talcomosoyok\",\"https:\\\/\\\/www.youtube.com\\\/channel\\\/UCrutZzYQmd9Fe8pEm5wqsiw\"]},{\"@type\":\"Person\",\"@id\":\"https:\\\/\\\/talcomosoy.com.ar\\\/#\\\/schema\\\/person\\\/496b3561bd436afcf2be92147ff855c9\",\"name\":\"Sinda Miranda\",\"image\":{\"@type\":\"ImageObject\",\"inLanguage\":\"es\",\"@id\":\"https:\\\/\\\/secure.gravatar.com\\\/avatar\\\/ab0e992fc0b7117fe730d00fb0e44073b1fd6e28d69de8e7ac3103f1396f445e?s=96&d=mm&r=g\",\"url\":\"https:\\\/\\\/secure.gravatar.com\\\/avatar\\\/ab0e992fc0b7117fe730d00fb0e44073b1fd6e28d69de8e7ac3103f1396f445e?s=96&d=mm&r=g\",\"contentUrl\":\"https:\\\/\\\/secure.gravatar.com\\\/avatar\\\/ab0e992fc0b7117fe730d00fb0e44073b1fd6e28d69de8e7ac3103f1396f445e?s=96&d=mm&r=g\",\"caption\":\"Sinda Miranda\"},\"description\":\"Escritora, Fot\u00f3grafa, Agente de Prensa\",\"sameAs\":[\"https:\\\/\\\/www.facebook.com\\\/sindamiranda\",\"https:\\\/\\\/www.instagram.com\\\/sindamiranda\",\"https:\\\/\\\/x.com\\\/sindamiranda\"],\"url\":\"https:\\\/\\\/talcomosoy.com.ar\\\/index.php\\\/author\\\/sindamirandatcs\\\/\"}]}<\/script>\n<!-- \/ Yoast SEO plugin. -->","yoast_head_json":{"title":"A 93 a\u00f1os de su nacimiento, Guaymall\u00e9n realizar\u00e1 un homenaje a Tejada G\u00f3mez - Tal Como Soy","robots":{"index":"index","follow":"follow","max-snippet":"max-snippet:-1","max-image-preview":"max-image-preview:large","max-video-preview":"max-video-preview:-1"},"canonical":"https:\/\/talcomosoy.com.ar\/index.php\/a-93-anos-de-su-nacimiento-guaymallen-realizara-un-homenaje-a-tejada-gomez\/","og_locale":"es_ES","og_type":"article","og_title":"A 93 a\u00f1os de su nacimiento, Guaymall\u00e9n realizar\u00e1 un homenaje a Tejada G\u00f3mez - Tal Como Soy","og_description":"En un nuevo aniversario del nacimiento de Armando Tejada G\u00f3mez, la Municipalidad de Guaymall\u00e9n le","og_url":"https:\/\/talcomosoy.com.ar\/index.php\/a-93-anos-de-su-nacimiento-guaymallen-realizara-un-homenaje-a-tejada-gomez\/","og_site_name":"Tal Como Soy","article_publisher":"https:\/\/www.facebook.com\/talcomosoyok","article_author":"https:\/\/www.facebook.com\/sindamiranda","article_published_time":"2022-04-21T14:13:30+00:00","og_image":[{"width":2134,"height":1068,"url":"https:\/\/i0.wp.com\/talcomosoy.com.ar\/wp-content\/uploads\/2022\/04\/Homenaje-a-Armando-Tejada-Gomez-placa.jpg?fit=2134%2C1068&ssl=1","type":"image\/jpeg"}],"author":"Sinda Miranda","twitter_card":"summary_large_image","twitter_creator":"@sindamiranda","twitter_site":"@talcomosoyok","twitter_misc":{"Escrito por":"Sinda Miranda","Tiempo de lectura":"3 minutos"},"schema":{"@context":"https:\/\/schema.org","@graph":[{"@type":"Article","@id":"https:\/\/talcomosoy.com.ar\/index.php\/a-93-anos-de-su-nacimiento-guaymallen-realizara-un-homenaje-a-tejada-gomez\/#article","isPartOf":{"@id":"https:\/\/talcomosoy.com.ar\/index.php\/a-93-anos-de-su-nacimiento-guaymallen-realizara-un-homenaje-a-tejada-gomez\/"},"author":{"name":"Sinda Miranda","@id":"https:\/\/talcomosoy.com.ar\/#\/schema\/person\/496b3561bd436afcf2be92147ff855c9"},"headline":"A 93 a\u00f1os de su nacimiento, Guaymall\u00e9n realizar\u00e1 un homenaje a Tejada G\u00f3mez","datePublished":"2022-04-21T14:13:30+00:00","mainEntityOfPage":{"@id":"https:\/\/talcomosoy.com.ar\/index.php\/a-93-anos-de-su-nacimiento-guaymallen-realizara-un-homenaje-a-tejada-gomez\/"},"wordCount":583,"publisher":{"@id":"https:\/\/talcomosoy.com.ar\/#organization"},"image":{"@id":"https:\/\/talcomosoy.com.ar\/index.php\/a-93-anos-de-su-nacimiento-guaymallen-realizara-un-homenaje-a-tejada-gomez\/#primaryimage"},"thumbnailUrl":"https:\/\/i0.wp.com\/talcomosoy.com.ar\/wp-content\/uploads\/2022\/04\/Homenaje-a-Armando-Tejada-Gomez-placa.jpg?fit=2134%2C1068&ssl=1","articleSection":["Homenajes","Literatura","M\u00fasica"],"inLanguage":"es"},{"@type":"WebPage","@id":"https:\/\/talcomosoy.com.ar\/index.php\/a-93-anos-de-su-nacimiento-guaymallen-realizara-un-homenaje-a-tejada-gomez\/","url":"https:\/\/talcomosoy.com.ar\/index.php\/a-93-anos-de-su-nacimiento-guaymallen-realizara-un-homenaje-a-tejada-gomez\/","name":"A 93 a\u00f1os de su nacimiento, Guaymall\u00e9n realizar\u00e1 un homenaje a Tejada G\u00f3mez - Tal Como Soy","isPartOf":{"@id":"https:\/\/talcomosoy.com.ar\/#website"},"primaryImageOfPage":{"@id":"https:\/\/talcomosoy.com.ar\/index.php\/a-93-anos-de-su-nacimiento-guaymallen-realizara-un-homenaje-a-tejada-gomez\/#primaryimage"},"image":{"@id":"https:\/\/talcomosoy.com.ar\/index.php\/a-93-anos-de-su-nacimiento-guaymallen-realizara-un-homenaje-a-tejada-gomez\/#primaryimage"},"thumbnailUrl":"https:\/\/i0.wp.com\/talcomosoy.com.ar\/wp-content\/uploads\/2022\/04\/Homenaje-a-Armando-Tejada-Gomez-placa.jpg?fit=2134%2C1068&ssl=1","datePublished":"2022-04-21T14:13:30+00:00","inLanguage":"es","potentialAction":[{"@type":"ReadAction","target":["https:\/\/talcomosoy.com.ar\/index.php\/a-93-anos-de-su-nacimiento-guaymallen-realizara-un-homenaje-a-tejada-gomez\/"]}]},{"@type":"ImageObject","inLanguage":"es","@id":"https:\/\/talcomosoy.com.ar\/index.php\/a-93-anos-de-su-nacimiento-guaymallen-realizara-un-homenaje-a-tejada-gomez\/#primaryimage","url":"https:\/\/i0.wp.com\/talcomosoy.com.ar\/wp-content\/uploads\/2022\/04\/Homenaje-a-Armando-Tejada-Gomez-placa.jpg?fit=2134%2C1068&ssl=1","contentUrl":"https:\/\/i0.wp.com\/talcomosoy.com.ar\/wp-content\/uploads\/2022\/04\/Homenaje-a-Armando-Tejada-Gomez-placa.jpg?fit=2134%2C1068&ssl=1","width":2134,"height":1068},{"@type":"WebSite","@id":"https:\/\/talcomosoy.com.ar\/#website","url":"https:\/\/talcomosoy.com.ar\/","name":"Tal Como Soy","description":"Magazine Musical Digital","publisher":{"@id":"https:\/\/talcomosoy.com.ar\/#organization"},"potentialAction":[{"@type":"SearchAction","target":{"@type":"EntryPoint","urlTemplate":"https:\/\/talcomosoy.com.ar\/?s={search_term_string}"},"query-input":{"@type":"PropertyValueSpecification","valueRequired":true,"valueName":"search_term_string"}}],"inLanguage":"es"},{"@type":"Organization","@id":"https:\/\/talcomosoy.com.ar\/#organization","name":"Tal Como Soy","url":"https:\/\/talcomosoy.com.ar\/","logo":{"@type":"ImageObject","inLanguage":"es","@id":"https:\/\/talcomosoy.com.ar\/#\/schema\/logo\/image\/","url":"https:\/\/i0.wp.com\/talcomosoy.com.ar\/wp-content\/uploads\/2020\/02\/PUA-2020-TRANSPARENTE.png?fit=570%2C382&ssl=1","contentUrl":"https:\/\/i0.wp.com\/talcomosoy.com.ar\/wp-content\/uploads\/2020\/02\/PUA-2020-TRANSPARENTE.png?fit=570%2C382&ssl=1","width":570,"height":382,"caption":"Tal Como Soy"},"image":{"@id":"https:\/\/talcomosoy.com.ar\/#\/schema\/logo\/image\/"},"sameAs":["https:\/\/www.facebook.com\/talcomosoyok","https:\/\/x.com\/talcomosoyok","https:\/\/www.instagram.com\/talcomosoyok","https:\/\/www.youtube.com\/channel\/UCrutZzYQmd9Fe8pEm5wqsiw"]},{"@type":"Person","@id":"https:\/\/talcomosoy.com.ar\/#\/schema\/person\/496b3561bd436afcf2be92147ff855c9","name":"Sinda Miranda","image":{"@type":"ImageObject","inLanguage":"es","@id":"https:\/\/secure.gravatar.com\/avatar\/ab0e992fc0b7117fe730d00fb0e44073b1fd6e28d69de8e7ac3103f1396f445e?s=96&d=mm&r=g","url":"https:\/\/secure.gravatar.com\/avatar\/ab0e992fc0b7117fe730d00fb0e44073b1fd6e28d69de8e7ac3103f1396f445e?s=96&d=mm&r=g","contentUrl":"https:\/\/secure.gravatar.com\/avatar\/ab0e992fc0b7117fe730d00fb0e44073b1fd6e28d69de8e7ac3103f1396f445e?s=96&d=mm&r=g","caption":"Sinda Miranda"},"description":"Escritora, Fot\u00f3grafa, Agente de Prensa","sameAs":["https:\/\/www.facebook.com\/sindamiranda","https:\/\/www.instagram.com\/sindamiranda","https:\/\/x.com\/sindamiranda"],"url":"https:\/\/talcomosoy.com.ar\/index.php\/author\/sindamirandatcs\/"}]}},"jetpack_publicize_connections":[],"jetpack_sharing_enabled":true,"jetpack_likes_enabled":true,"jetpack_featured_media_url":"https:\/\/i0.wp.com\/talcomosoy.com.ar\/wp-content\/uploads\/2022\/04\/Homenaje-a-Armando-Tejada-Gomez-placa.jpg?fit=2134%2C1068&ssl=1","_links":{"self":[{"href":"https:\/\/talcomosoy.com.ar\/index.php\/wp-json\/wp\/v2\/posts\/7828","targetHints":{"allow":["GET"]}}],"collection":[{"href":"https:\/\/talcomosoy.com.ar\/index.php\/wp-json\/wp\/v2\/posts"}],"about":[{"href":"https:\/\/talcomosoy.com.ar\/index.php\/wp-json\/wp\/v2\/types\/post"}],"author":[{"embeddable":true,"href":"https:\/\/talcomosoy.com.ar\/index.php\/wp-json\/wp\/v2\/users\/1"}],"replies":[{"embeddable":true,"href":"https:\/\/talcomosoy.com.ar\/index.php\/wp-json\/wp\/v2\/comments?post=7828"}],"version-history":[{"count":1,"href":"https:\/\/talcomosoy.com.ar\/index.php\/wp-json\/wp\/v2\/posts\/7828\/revisions"}],"predecessor-version":[{"id":7830,"href":"https:\/\/talcomosoy.com.ar\/index.php\/wp-json\/wp\/v2\/posts\/7828\/revisions\/7830"}],"wp:featuredmedia":[{"embeddable":true,"href":"https:\/\/talcomosoy.com.ar\/index.php\/wp-json\/wp\/v2\/media\/7829"}],"wp:attachment":[{"href":"https:\/\/talcomosoy.com.ar\/index.php\/wp-json\/wp\/v2\/media?parent=7828"}],"wp:term":[{"taxonomy":"category","embeddable":true,"href":"https:\/\/talcomosoy.com.ar\/index.php\/wp-json\/wp\/v2\/categories?post=7828"},{"taxonomy":"post_tag","embeddable":true,"href":"https:\/\/talcomosoy.com.ar\/index.php\/wp-json\/wp\/v2\/tags?post=7828"}],"curies":[{"name":"wp","href":"https:\/\/api.w.org\/{rel}","templated":true}]}}