{"id":7519,"date":"2022-04-05T11:41:56","date_gmt":"2022-04-05T14:41:56","guid":{"rendered":"https:\/\/talcomosoy.com.ar\/?p=7519"},"modified":"2022-04-05T12:05:13","modified_gmt":"2022-04-05T15:05:13","slug":"vikingos-rinde-homenaje-a-ex-combatientes-de-malvinas","status":"publish","type":"post","link":"https:\/\/talcomosoy.com.ar\/index.php\/vikingos-rinde-homenaje-a-ex-combatientes-de-malvinas\/","title":{"rendered":"Vikingos rinde homenaje a ex combatientes de Malvinas"},"content":{"rendered":"<h3>El grupo aprovechara dicha ocasi\u00f3n para presentar nuevo tema y video clip.<\/h3>\n<p>&nbsp;<\/p>\n<p><strong>El s\u00e1bado 9 de abril del 2022 a las 19:00hs, la banda mendocina de hardrock liderada por Alejandro \u201cChicho Carabajal, homenajear\u00e1 a ex &#8211; combatientes de Malvinas en el contexto de los 40 a\u00f1os de la guerra. El acto se realizar\u00e1 en la Sala Cultural Islas Malvinas (San Miguel 1540 Las Heras Mendoza) y se contar\u00e1 con la presentaci\u00f3n oficial de la canci\u00f3n \u201cMalvinas ex combatientes\u201d y con la proyecci\u00f3n de su video clip respectivo. En este caso en concreto se invitara ACUVEMA (Asociaci\u00f3n Cuyana Veteranos de Malvinas.<\/strong><\/p>\n<p>&nbsp;<\/p>\n<h3>Dale Play<\/h3>\n<p>&nbsp;<\/p>\n<div class=\"jetpack-video-wrapper\"><iframe loading=\"lazy\" title=\"VIKINGOS - Malvinas Ex combatiente\" width=\"640\" height=\"360\" src=\"https:\/\/www.youtube.com\/embed\/s53S13U77uA?feature=oembed\" frameborder=\"0\" allow=\"accelerometer; autoplay; clipboard-write; encrypted-media; gyroscope; picture-in-picture; web-share\" referrerpolicy=\"strict-origin-when-cross-origin\" allowfullscreen><\/iframe><\/div>\n<p>&nbsp;<\/p>\n<h3>Sobre Vikingos<\/h3>\n<p>&nbsp;<\/p>\n<p>Es una banda de Hardrock independiente y de autogesti\u00f3n, que naci\u00f3 en el a\u00f1o 2000 en el Departamento de Las Heras, Mendoza, Argentina. Actualmente el grupo tiene 22 a\u00f1os de trayectoria y est\u00e1 integrado por <strong>Alejandro \u201cChicho\u201d Carabajal<\/strong> en guitarra voz, <strong>Mart\u00edn Sosa<\/strong> en bajo y <strong>Luis Viale<\/strong> en bater\u00eda.<\/p>\n<p>En el 2004 lanzaron su primer demo denominado \u201cDemo 2004\u201d, y hacia el 2007 editaron Vikingos 2007. En el 2008, participaron en el disco \u201cGuerreros Cuyanos\u201d, compilado de bandas oriundas de Mendoza, San Juan y San Luis.<\/p>\n<p><strong>Vikingos<\/strong> ha tocado en escenarios provinciales, nacionales e internacionales. En todo ese tiempo participaron con artistas de renombre como Luis Robinson (ex armoniquista de Pappo Blues y de la Missisipi), Almafuerte, Chizzo Napoli (cantante y guitarrista de La Renga) Horcas, IAN, entre otros.<\/p>\n<p>En el a\u00f1o 2009, Vikingos obtuvo un premio a los 9 a\u00f1os de trayectoria, por este suceso son reconocidos por grandes exponentes del rock argentino e invitados por IAN, a un show desarrollando en Capital federal.<\/p>\n<p>Tambi\u00e9n hacia el 2009 el grupo public\u00f3 su primer disco de estudio denominado \u201cEntre calles y suburbios\u201d producido por Marcelo \u201cEl Bicho\u201d Camarda (guitarrista de Pari\u00f3 la Choca).<\/p>\n<p>En el a\u00f1o 2012, Vikingos fue seleccionado como banda sonora de la miniserie \u201cBHIPER DUMAS\u201d creada por el cineasta independiente Javier Correa (nominado al Martin Fierro del interior y transmitido por canal 7 en el medio local).<\/p>\n<p>En el 2014, la banda lanz\u00f3 su segundo trabajo en estudio: \u201cReyes y Conquistadores\u201d. El disco cont\u00f3 con producci\u00f3n propia en el cual particip\u00f3 como invitado \u201cClaudio \u201cEl Tano\u201d Marciello (guitarrista de ALMAFUERTE) en la canci\u00f3n Sandokan. El material fue grabado en Fuentes sonoras.<\/p>\n<p>En el a\u00f1o 2018 el grupo grab\u00f3 \u201cJulio Pablo\u201d canci\u00f3n dedicada a Pablo Chac\u00f3n, ex campe\u00f3n mundial de boxeo. Este material le sirvi\u00f3 la banda como adelanto de su pr\u00f3ximo disco: Rocka mula\u201d.<\/p>\n<p>Tambi\u00e9n compartieron escenario con Logos, Tren Loco, Kapanga, Lovorne (hijo de Pappo), Viticus (ex Riff), Alejandro Sokol (ex Sumo y Las Pelotas), Motor Loco (ex Viejas Locas), Verdades Parias (liderada por Eduardo Ezcurra ex Mal\u00f3n y Razones Consientes). Y como fuera poco en el 2009 realizaron una gira por San Luis, San juan y Mendoza junto a Horcas.<\/p>\n<p>Vikingos particip\u00f3 de grandes producciones Internacionales: \u00abENCUENTRO CUMBRE DEL METAL\u00bb, RIPPER OWENS (ex JUDAS PRIEST banda de trayectoria mundial y una de las creadoras del genero heavy metal) en su \u00fanica visita como solista al pa\u00eds y en Mendoza.<\/p>\n<p>Ya es habitual que sean convocados todos los a\u00f1os a los festejos del aniversario del club Hurac\u00e1n Las Heras como parte de su cultura territorial.<\/p>\n<p>Para m\u00e1s informaci\u00f3n sobre Vikingos, visit\u00e1 su\u00a0<a href=\"https:\/\/www.facebook.com\/Vikingos-Hard-Rock-Oficial-100424495936655\">fanpage<\/a>.<\/p>\n","protected":false},"excerpt":{"rendered":"<p>El grupo aprovechara dicha ocasi\u00f3n para presentar nuevo tema y video clip. &nbsp; El s\u00e1bado<\/p>\n","protected":false},"author":1,"featured_media":7520,"comment_status":"closed","ping_status":"closed","sticky":false,"template":"","format":"standard","meta":{"_jetpack_memberships_contains_paid_content":false,"footnotes":"","jetpack_publicize_message":"","jetpack_publicize_feature_enabled":true,"jetpack_social_post_already_shared":true,"jetpack_social_options":{"image_generator_settings":{"template":"highway","default_image_id":0,"font":"","enabled":false},"version":2}},"categories":[142,2],"tags":[],"class_list":["post-7519","post","type-post","status-publish","format-standard","has-post-thumbnail","hentry","category-homenajes","category-musica"],"yoast_head":"<!-- This site is optimized with the Yoast SEO plugin v27.5 - https:\/\/yoast.com\/product\/yoast-seo-wordpress\/ -->\n<title>Vikingos rinde homenaje a ex combatientes de Malvinas - Tal Como Soy<\/title>\n<meta name=\"robots\" content=\"index, follow, max-snippet:-1, max-image-preview:large, max-video-preview:-1\" \/>\n<link rel=\"canonical\" href=\"https:\/\/talcomosoy.com.ar\/index.php\/vikingos-rinde-homenaje-a-ex-combatientes-de-malvinas\/\" \/>\n<meta property=\"og:locale\" content=\"es_ES\" \/>\n<meta property=\"og:type\" content=\"article\" \/>\n<meta property=\"og:title\" content=\"Vikingos rinde homenaje a ex combatientes de Malvinas - Tal Como Soy\" \/>\n<meta property=\"og:description\" content=\"El grupo aprovechara dicha ocasi\u00f3n para presentar nuevo tema y video clip. &nbsp; El s\u00e1bado\" \/>\n<meta property=\"og:url\" content=\"https:\/\/talcomosoy.com.ar\/index.php\/vikingos-rinde-homenaje-a-ex-combatientes-de-malvinas\/\" \/>\n<meta property=\"og:site_name\" content=\"Tal Como Soy\" \/>\n<meta property=\"article:publisher\" content=\"https:\/\/www.facebook.com\/talcomosoyok\" \/>\n<meta property=\"article:author\" content=\"https:\/\/www.facebook.com\/sindamiranda\" \/>\n<meta property=\"article:published_time\" content=\"2022-04-05T14:41:56+00:00\" \/>\n<meta property=\"article:modified_time\" content=\"2022-04-05T15:05:13+00:00\" \/>\n<meta property=\"og:image\" content=\"https:\/\/i0.wp.com\/talcomosoy.com.ar\/wp-content\/uploads\/2022\/04\/IMG-20220222-WA0079.jpg?fit=1280%2C960&ssl=1\" \/>\n\t<meta property=\"og:image:width\" content=\"1280\" \/>\n\t<meta property=\"og:image:height\" content=\"960\" \/>\n\t<meta property=\"og:image:type\" content=\"image\/jpeg\" \/>\n<meta name=\"author\" content=\"Sinda Miranda\" \/>\n<meta name=\"twitter:card\" content=\"summary_large_image\" \/>\n<meta name=\"twitter:creator\" content=\"@sindamiranda\" \/>\n<meta name=\"twitter:site\" content=\"@talcomosoyok\" \/>\n<meta name=\"twitter:label1\" content=\"Escrito por\" \/>\n\t<meta name=\"twitter:data1\" content=\"Sinda Miranda\" \/>\n\t<meta name=\"twitter:label2\" content=\"Tiempo de lectura\" \/>\n\t<meta name=\"twitter:data2\" content=\"3 minutos\" \/>\n<script type=\"application\/ld+json\" class=\"yoast-schema-graph\">{\"@context\":\"https:\\\/\\\/schema.org\",\"@graph\":[{\"@type\":\"Article\",\"@id\":\"https:\\\/\\\/talcomosoy.com.ar\\\/index.php\\\/vikingos-rinde-homenaje-a-ex-combatientes-de-malvinas\\\/#article\",\"isPartOf\":{\"@id\":\"https:\\\/\\\/talcomosoy.com.ar\\\/index.php\\\/vikingos-rinde-homenaje-a-ex-combatientes-de-malvinas\\\/\"},\"author\":{\"name\":\"Sinda Miranda\",\"@id\":\"https:\\\/\\\/talcomosoy.com.ar\\\/#\\\/schema\\\/person\\\/496b3561bd436afcf2be92147ff855c9\"},\"headline\":\"Vikingos rinde homenaje a ex combatientes de Malvinas\",\"datePublished\":\"2022-04-05T14:41:56+00:00\",\"dateModified\":\"2022-04-05T15:05:13+00:00\",\"mainEntityOfPage\":{\"@id\":\"https:\\\/\\\/talcomosoy.com.ar\\\/index.php\\\/vikingos-rinde-homenaje-a-ex-combatientes-de-malvinas\\\/\"},\"wordCount\":576,\"publisher\":{\"@id\":\"https:\\\/\\\/talcomosoy.com.ar\\\/#organization\"},\"image\":{\"@id\":\"https:\\\/\\\/talcomosoy.com.ar\\\/index.php\\\/vikingos-rinde-homenaje-a-ex-combatientes-de-malvinas\\\/#primaryimage\"},\"thumbnailUrl\":\"https:\\\/\\\/i0.wp.com\\\/talcomosoy.com.ar\\\/wp-content\\\/uploads\\\/2022\\\/04\\\/IMG-20220222-WA0079.jpg?fit=1280%2C960&ssl=1\",\"articleSection\":[\"Homenajes\",\"M\u00fasica\"],\"inLanguage\":\"es\"},{\"@type\":\"WebPage\",\"@id\":\"https:\\\/\\\/talcomosoy.com.ar\\\/index.php\\\/vikingos-rinde-homenaje-a-ex-combatientes-de-malvinas\\\/\",\"url\":\"https:\\\/\\\/talcomosoy.com.ar\\\/index.php\\\/vikingos-rinde-homenaje-a-ex-combatientes-de-malvinas\\\/\",\"name\":\"Vikingos rinde homenaje a ex combatientes de Malvinas - Tal Como Soy\",\"isPartOf\":{\"@id\":\"https:\\\/\\\/talcomosoy.com.ar\\\/#website\"},\"primaryImageOfPage\":{\"@id\":\"https:\\\/\\\/talcomosoy.com.ar\\\/index.php\\\/vikingos-rinde-homenaje-a-ex-combatientes-de-malvinas\\\/#primaryimage\"},\"image\":{\"@id\":\"https:\\\/\\\/talcomosoy.com.ar\\\/index.php\\\/vikingos-rinde-homenaje-a-ex-combatientes-de-malvinas\\\/#primaryimage\"},\"thumbnailUrl\":\"https:\\\/\\\/i0.wp.com\\\/talcomosoy.com.ar\\\/wp-content\\\/uploads\\\/2022\\\/04\\\/IMG-20220222-WA0079.jpg?fit=1280%2C960&ssl=1\",\"datePublished\":\"2022-04-05T14:41:56+00:00\",\"dateModified\":\"2022-04-05T15:05:13+00:00\",\"inLanguage\":\"es\",\"potentialAction\":[{\"@type\":\"ReadAction\",\"target\":[\"https:\\\/\\\/talcomosoy.com.ar\\\/index.php\\\/vikingos-rinde-homenaje-a-ex-combatientes-de-malvinas\\\/\"]}]},{\"@type\":\"ImageObject\",\"inLanguage\":\"es\",\"@id\":\"https:\\\/\\\/talcomosoy.com.ar\\\/index.php\\\/vikingos-rinde-homenaje-a-ex-combatientes-de-malvinas\\\/#primaryimage\",\"url\":\"https:\\\/\\\/i0.wp.com\\\/talcomosoy.com.ar\\\/wp-content\\\/uploads\\\/2022\\\/04\\\/IMG-20220222-WA0079.jpg?fit=1280%2C960&ssl=1\",\"contentUrl\":\"https:\\\/\\\/i0.wp.com\\\/talcomosoy.com.ar\\\/wp-content\\\/uploads\\\/2022\\\/04\\\/IMG-20220222-WA0079.jpg?fit=1280%2C960&ssl=1\",\"width\":1280,\"height\":960},{\"@type\":\"WebSite\",\"@id\":\"https:\\\/\\\/talcomosoy.com.ar\\\/#website\",\"url\":\"https:\\\/\\\/talcomosoy.com.ar\\\/\",\"name\":\"Tal Como Soy\",\"description\":\"Magazine Musical Digital\",\"publisher\":{\"@id\":\"https:\\\/\\\/talcomosoy.com.ar\\\/#organization\"},\"potentialAction\":[{\"@type\":\"SearchAction\",\"target\":{\"@type\":\"EntryPoint\",\"urlTemplate\":\"https:\\\/\\\/talcomosoy.com.ar\\\/?s={search_term_string}\"},\"query-input\":{\"@type\":\"PropertyValueSpecification\",\"valueRequired\":true,\"valueName\":\"search_term_string\"}}],\"inLanguage\":\"es\"},{\"@type\":\"Organization\",\"@id\":\"https:\\\/\\\/talcomosoy.com.ar\\\/#organization\",\"name\":\"Tal Como Soy\",\"url\":\"https:\\\/\\\/talcomosoy.com.ar\\\/\",\"logo\":{\"@type\":\"ImageObject\",\"inLanguage\":\"es\",\"@id\":\"https:\\\/\\\/talcomosoy.com.ar\\\/#\\\/schema\\\/logo\\\/image\\\/\",\"url\":\"https:\\\/\\\/i0.wp.com\\\/talcomosoy.com.ar\\\/wp-content\\\/uploads\\\/2020\\\/02\\\/PUA-2020-TRANSPARENTE.png?fit=570%2C382&ssl=1\",\"contentUrl\":\"https:\\\/\\\/i0.wp.com\\\/talcomosoy.com.ar\\\/wp-content\\\/uploads\\\/2020\\\/02\\\/PUA-2020-TRANSPARENTE.png?fit=570%2C382&ssl=1\",\"width\":570,\"height\":382,\"caption\":\"Tal Como Soy\"},\"image\":{\"@id\":\"https:\\\/\\\/talcomosoy.com.ar\\\/#\\\/schema\\\/logo\\\/image\\\/\"},\"sameAs\":[\"https:\\\/\\\/www.facebook.com\\\/talcomosoyok\",\"https:\\\/\\\/x.com\\\/talcomosoyok\",\"https:\\\/\\\/www.instagram.com\\\/talcomosoyok\",\"https:\\\/\\\/www.youtube.com\\\/channel\\\/UCrutZzYQmd9Fe8pEm5wqsiw\"]},{\"@type\":\"Person\",\"@id\":\"https:\\\/\\\/talcomosoy.com.ar\\\/#\\\/schema\\\/person\\\/496b3561bd436afcf2be92147ff855c9\",\"name\":\"Sinda Miranda\",\"image\":{\"@type\":\"ImageObject\",\"inLanguage\":\"es\",\"@id\":\"https:\\\/\\\/secure.gravatar.com\\\/avatar\\\/ab0e992fc0b7117fe730d00fb0e44073b1fd6e28d69de8e7ac3103f1396f445e?s=96&d=mm&r=g\",\"url\":\"https:\\\/\\\/secure.gravatar.com\\\/avatar\\\/ab0e992fc0b7117fe730d00fb0e44073b1fd6e28d69de8e7ac3103f1396f445e?s=96&d=mm&r=g\",\"contentUrl\":\"https:\\\/\\\/secure.gravatar.com\\\/avatar\\\/ab0e992fc0b7117fe730d00fb0e44073b1fd6e28d69de8e7ac3103f1396f445e?s=96&d=mm&r=g\",\"caption\":\"Sinda Miranda\"},\"description\":\"Escritora, Fot\u00f3grafa, Agente de Prensa\",\"sameAs\":[\"https:\\\/\\\/www.facebook.com\\\/sindamiranda\",\"https:\\\/\\\/www.instagram.com\\\/sindamiranda\",\"https:\\\/\\\/x.com\\\/sindamiranda\"],\"url\":\"https:\\\/\\\/talcomosoy.com.ar\\\/index.php\\\/author\\\/sindamirandatcs\\\/\"}]}<\/script>\n<!-- \/ Yoast SEO plugin. -->","yoast_head_json":{"title":"Vikingos rinde homenaje a ex combatientes de Malvinas - Tal Como Soy","robots":{"index":"index","follow":"follow","max-snippet":"max-snippet:-1","max-image-preview":"max-image-preview:large","max-video-preview":"max-video-preview:-1"},"canonical":"https:\/\/talcomosoy.com.ar\/index.php\/vikingos-rinde-homenaje-a-ex-combatientes-de-malvinas\/","og_locale":"es_ES","og_type":"article","og_title":"Vikingos rinde homenaje a ex combatientes de Malvinas - Tal Como Soy","og_description":"El grupo aprovechara dicha ocasi\u00f3n para presentar nuevo tema y video clip. &nbsp; El s\u00e1bado","og_url":"https:\/\/talcomosoy.com.ar\/index.php\/vikingos-rinde-homenaje-a-ex-combatientes-de-malvinas\/","og_site_name":"Tal Como Soy","article_publisher":"https:\/\/www.facebook.com\/talcomosoyok","article_author":"https:\/\/www.facebook.com\/sindamiranda","article_published_time":"2022-04-05T14:41:56+00:00","article_modified_time":"2022-04-05T15:05:13+00:00","og_image":[{"width":1280,"height":960,"url":"https:\/\/i0.wp.com\/talcomosoy.com.ar\/wp-content\/uploads\/2022\/04\/IMG-20220222-WA0079.jpg?fit=1280%2C960&ssl=1","type":"image\/jpeg"}],"author":"Sinda Miranda","twitter_card":"summary_large_image","twitter_creator":"@sindamiranda","twitter_site":"@talcomosoyok","twitter_misc":{"Escrito por":"Sinda Miranda","Tiempo de lectura":"3 minutos"},"schema":{"@context":"https:\/\/schema.org","@graph":[{"@type":"Article","@id":"https:\/\/talcomosoy.com.ar\/index.php\/vikingos-rinde-homenaje-a-ex-combatientes-de-malvinas\/#article","isPartOf":{"@id":"https:\/\/talcomosoy.com.ar\/index.php\/vikingos-rinde-homenaje-a-ex-combatientes-de-malvinas\/"},"author":{"name":"Sinda Miranda","@id":"https:\/\/talcomosoy.com.ar\/#\/schema\/person\/496b3561bd436afcf2be92147ff855c9"},"headline":"Vikingos rinde homenaje a ex combatientes de Malvinas","datePublished":"2022-04-05T14:41:56+00:00","dateModified":"2022-04-05T15:05:13+00:00","mainEntityOfPage":{"@id":"https:\/\/talcomosoy.com.ar\/index.php\/vikingos-rinde-homenaje-a-ex-combatientes-de-malvinas\/"},"wordCount":576,"publisher":{"@id":"https:\/\/talcomosoy.com.ar\/#organization"},"image":{"@id":"https:\/\/talcomosoy.com.ar\/index.php\/vikingos-rinde-homenaje-a-ex-combatientes-de-malvinas\/#primaryimage"},"thumbnailUrl":"https:\/\/i0.wp.com\/talcomosoy.com.ar\/wp-content\/uploads\/2022\/04\/IMG-20220222-WA0079.jpg?fit=1280%2C960&ssl=1","articleSection":["Homenajes","M\u00fasica"],"inLanguage":"es"},{"@type":"WebPage","@id":"https:\/\/talcomosoy.com.ar\/index.php\/vikingos-rinde-homenaje-a-ex-combatientes-de-malvinas\/","url":"https:\/\/talcomosoy.com.ar\/index.php\/vikingos-rinde-homenaje-a-ex-combatientes-de-malvinas\/","name":"Vikingos rinde homenaje a ex combatientes de Malvinas - Tal Como Soy","isPartOf":{"@id":"https:\/\/talcomosoy.com.ar\/#website"},"primaryImageOfPage":{"@id":"https:\/\/talcomosoy.com.ar\/index.php\/vikingos-rinde-homenaje-a-ex-combatientes-de-malvinas\/#primaryimage"},"image":{"@id":"https:\/\/talcomosoy.com.ar\/index.php\/vikingos-rinde-homenaje-a-ex-combatientes-de-malvinas\/#primaryimage"},"thumbnailUrl":"https:\/\/i0.wp.com\/talcomosoy.com.ar\/wp-content\/uploads\/2022\/04\/IMG-20220222-WA0079.jpg?fit=1280%2C960&ssl=1","datePublished":"2022-04-05T14:41:56+00:00","dateModified":"2022-04-05T15:05:13+00:00","inLanguage":"es","potentialAction":[{"@type":"ReadAction","target":["https:\/\/talcomosoy.com.ar\/index.php\/vikingos-rinde-homenaje-a-ex-combatientes-de-malvinas\/"]}]},{"@type":"ImageObject","inLanguage":"es","@id":"https:\/\/talcomosoy.com.ar\/index.php\/vikingos-rinde-homenaje-a-ex-combatientes-de-malvinas\/#primaryimage","url":"https:\/\/i0.wp.com\/talcomosoy.com.ar\/wp-content\/uploads\/2022\/04\/IMG-20220222-WA0079.jpg?fit=1280%2C960&ssl=1","contentUrl":"https:\/\/i0.wp.com\/talcomosoy.com.ar\/wp-content\/uploads\/2022\/04\/IMG-20220222-WA0079.jpg?fit=1280%2C960&ssl=1","width":1280,"height":960},{"@type":"WebSite","@id":"https:\/\/talcomosoy.com.ar\/#website","url":"https:\/\/talcomosoy.com.ar\/","name":"Tal Como Soy","description":"Magazine Musical Digital","publisher":{"@id":"https:\/\/talcomosoy.com.ar\/#organization"},"potentialAction":[{"@type":"SearchAction","target":{"@type":"EntryPoint","urlTemplate":"https:\/\/talcomosoy.com.ar\/?s={search_term_string}"},"query-input":{"@type":"PropertyValueSpecification","valueRequired":true,"valueName":"search_term_string"}}],"inLanguage":"es"},{"@type":"Organization","@id":"https:\/\/talcomosoy.com.ar\/#organization","name":"Tal Como Soy","url":"https:\/\/talcomosoy.com.ar\/","logo":{"@type":"ImageObject","inLanguage":"es","@id":"https:\/\/talcomosoy.com.ar\/#\/schema\/logo\/image\/","url":"https:\/\/i0.wp.com\/talcomosoy.com.ar\/wp-content\/uploads\/2020\/02\/PUA-2020-TRANSPARENTE.png?fit=570%2C382&ssl=1","contentUrl":"https:\/\/i0.wp.com\/talcomosoy.com.ar\/wp-content\/uploads\/2020\/02\/PUA-2020-TRANSPARENTE.png?fit=570%2C382&ssl=1","width":570,"height":382,"caption":"Tal Como Soy"},"image":{"@id":"https:\/\/talcomosoy.com.ar\/#\/schema\/logo\/image\/"},"sameAs":["https:\/\/www.facebook.com\/talcomosoyok","https:\/\/x.com\/talcomosoyok","https:\/\/www.instagram.com\/talcomosoyok","https:\/\/www.youtube.com\/channel\/UCrutZzYQmd9Fe8pEm5wqsiw"]},{"@type":"Person","@id":"https:\/\/talcomosoy.com.ar\/#\/schema\/person\/496b3561bd436afcf2be92147ff855c9","name":"Sinda Miranda","image":{"@type":"ImageObject","inLanguage":"es","@id":"https:\/\/secure.gravatar.com\/avatar\/ab0e992fc0b7117fe730d00fb0e44073b1fd6e28d69de8e7ac3103f1396f445e?s=96&d=mm&r=g","url":"https:\/\/secure.gravatar.com\/avatar\/ab0e992fc0b7117fe730d00fb0e44073b1fd6e28d69de8e7ac3103f1396f445e?s=96&d=mm&r=g","contentUrl":"https:\/\/secure.gravatar.com\/avatar\/ab0e992fc0b7117fe730d00fb0e44073b1fd6e28d69de8e7ac3103f1396f445e?s=96&d=mm&r=g","caption":"Sinda Miranda"},"description":"Escritora, Fot\u00f3grafa, Agente de Prensa","sameAs":["https:\/\/www.facebook.com\/sindamiranda","https:\/\/www.instagram.com\/sindamiranda","https:\/\/x.com\/sindamiranda"],"url":"https:\/\/talcomosoy.com.ar\/index.php\/author\/sindamirandatcs\/"}]}},"jetpack_publicize_connections":[],"jetpack_featured_media_url":"https:\/\/i0.wp.com\/talcomosoy.com.ar\/wp-content\/uploads\/2022\/04\/IMG-20220222-WA0079.jpg?fit=1280%2C960&ssl=1","jetpack_sharing_enabled":true,"jetpack_likes_enabled":true,"_links":{"self":[{"href":"https:\/\/talcomosoy.com.ar\/index.php\/wp-json\/wp\/v2\/posts\/7519","targetHints":{"allow":["GET"]}}],"collection":[{"href":"https:\/\/talcomosoy.com.ar\/index.php\/wp-json\/wp\/v2\/posts"}],"about":[{"href":"https:\/\/talcomosoy.com.ar\/index.php\/wp-json\/wp\/v2\/types\/post"}],"author":[{"embeddable":true,"href":"https:\/\/talcomosoy.com.ar\/index.php\/wp-json\/wp\/v2\/users\/1"}],"replies":[{"embeddable":true,"href":"https:\/\/talcomosoy.com.ar\/index.php\/wp-json\/wp\/v2\/comments?post=7519"}],"version-history":[{"count":2,"href":"https:\/\/talcomosoy.com.ar\/index.php\/wp-json\/wp\/v2\/posts\/7519\/revisions"}],"predecessor-version":[{"id":7522,"href":"https:\/\/talcomosoy.com.ar\/index.php\/wp-json\/wp\/v2\/posts\/7519\/revisions\/7522"}],"wp:featuredmedia":[{"embeddable":true,"href":"https:\/\/talcomosoy.com.ar\/index.php\/wp-json\/wp\/v2\/media\/7520"}],"wp:attachment":[{"href":"https:\/\/talcomosoy.com.ar\/index.php\/wp-json\/wp\/v2\/media?parent=7519"}],"wp:term":[{"taxonomy":"category","embeddable":true,"href":"https:\/\/talcomosoy.com.ar\/index.php\/wp-json\/wp\/v2\/categories?post=7519"},{"taxonomy":"post_tag","embeddable":true,"href":"https:\/\/talcomosoy.com.ar\/index.php\/wp-json\/wp\/v2\/tags?post=7519"}],"curies":[{"name":"wp","href":"https:\/\/api.w.org\/{rel}","templated":true}]}}