{"id":6983,"date":"2022-03-07T19:19:51","date_gmt":"2022-03-07T22:19:51","guid":{"rendered":"https:\/\/talcomosoy.com.ar\/?p=6983"},"modified":"2022-03-07T19:25:00","modified_gmt":"2022-03-07T22:25:00","slug":"actividades-por-el-dia-internacional-de-la-mujer-en-guaymallen","status":"publish","type":"post","link":"https:\/\/talcomosoy.com.ar\/index.php\/actividades-por-el-dia-internacional-de-la-mujer-en-guaymallen\/","title":{"rendered":"Actividades por el D\u00eda Internacional de la Mujer en Guaymall\u00e9n"},"content":{"rendered":"<h3>Muestra art\u00edstica, mesa de di\u00e1logo, feria artesanal, m\u00fasica e intervenciones en vivo<\/h3>\n<p>&nbsp;<\/p>\n<p>El 8 de marzo se conmemora el D\u00eda Internacional de la Mujer, una fecha que invita a la reflexi\u00f3n y recuerda el lamentable suceso ocurrido en 1908, cuando un grupo de mujeres muri\u00f3 en un incendio en la f\u00e1brica Cotton (Nueva York). Esto marc\u00f3 la historia del trabajo y la lucha sindical en el mundo entero, ya que se hab\u00edan declarado en huelga reclamando una reducci\u00f3n de las jornadas laborales, igualdad en los salarios y mejores condiciones.<\/p>\n<p>En el marco de este d\u00eda, el municipio invita a compartir dos eventos art\u00edsticos y culturales con entrada libre y gratuita. Este martes 8, a las 20h, Salas de Arte Libertad abrir\u00e1 la muestra \u00abMujeres artistas de Guaymall\u00e9n\u00bb, donde se expondr\u00e1n las pinturas y esculturas en cer\u00e1mica de Mar\u00eda Celina Dell&#8217;Isola, Hilda Fern\u00e1ndez, Susana Spalluto, Alejandra Civit, Beatriz Delbono, Claudia Vergara, Griselda y Rosana Demar\u00eda, Nancy Dalmasso, Florencia Azcona, Cecilia Plana, Alejandra Pastor, Claudia Castello, Adriana Guill\u00e9n, Mariana Pelichone, Raquel Nieva, Andrea Lorca, Tulli Driussi, Laura Migliore, Marcela Manzur, Cecilia Bielli, Liliana Cimino, Ivana Palma, Ver\u00f3nica Arguello y Silvia Trajtenberg. Seguidamente, en ese mismo lugar, se realizar\u00e1 el conversatorio \u00abLas mujeres en la pol\u00edtica y techo de cristal en las instituciones\u00bb.<\/p>\n<p>Las actividades continuar\u00e1n el domingo 13 de marzo, desde las 19h, en el Parque Unimev. Participar\u00e1n el grupo de artesanas y emprendedoras \u00abChica Club\u00bb, Hippocampus DJS y stands informativos de distintas \u00e1reas de la comuna. A esto se sumar\u00e1n intervenciones art\u00edsticas en vivo.<\/p>\n<p>&nbsp;<\/p>\n<h3>Un poco m\u00e1s de historia<\/h3>\n<p>&nbsp;<\/p>\n<p>Tras el incendio, sucedieron distintos eventos que sirvieron como antecedente para declarar la fecha. El 3 de mayo de 1908 se realiz\u00f3 un acto en Chicago, que fue el pre\u00e1mbulo para que el 28 de febrero de 1909 se conmemorara por primera vez el D\u00eda Nacional de la Mujer. Luego, en 1910, se llev\u00f3 adelante la Segunda Conferencia Internacional de Mujeres Socialistas en Copenhague. El tema central fue el sufragio universal para todas las mujeres y por moci\u00f3n de Clara Zetkin, l\u00edder del \u201cLevantamiento de las 20.000\u201d, se proclam\u00f3 el 8 de marzo como el D\u00eda Internacional de la Mujer Trabajadora en homenaje a las v\u00edctimas de la f\u00e1brica Cotton. Ya en 1977, la Asamblea General de la Organizaci\u00f3n de las Naciones Unidas (ONU) design\u00f3 oficialmente el 8 de marzo como el D\u00eda Internacional de la Mujer.<\/p>\n<p>&nbsp;<\/p>\n<h3>Para agendar<\/h3>\n<p>&nbsp;<\/p>\n<h4>D\u00eda Internacional de la Mujer<\/h4>\n<p>&nbsp;<\/p>\n<p>&#8211; Martes 8 de marzo, 20h, Salas de Arte Libertad (Libertad 466, Villa Nueva): muestra \u00abMujeres artistas de Guaymall\u00e9n\u00bb y conversatorio \u00abLas mujeres en la pol\u00edtica y techo de cristal en las instituciones\u00bb.<\/p>\n<p>&#8211; Domingo 13 de marzo, 19h, Parque Unimev (Bernardo Houssay y S\u00e1enz A., Villa Nueva): artesanas y emprendedoras, arte, m\u00fasica en vivo y stands informativos.<\/p>\n","protected":false},"excerpt":{"rendered":"<p>Muestra art\u00edstica, mesa de di\u00e1logo, feria artesanal, m\u00fasica e intervenciones en vivo &nbsp; El 8<\/p>\n","protected":false},"author":1,"featured_media":6984,"comment_status":"closed","ping_status":"closed","sticky":false,"template":"","format":"standard","meta":{"_jetpack_memberships_contains_paid_content":false,"footnotes":"","jetpack_publicize_message":"","jetpack_publicize_feature_enabled":true,"jetpack_social_post_already_shared":true,"jetpack_social_options":{"image_generator_settings":{"template":"highway","default_image_id":0,"font":"","enabled":false},"version":2}},"categories":[138,90,5,2],"tags":[],"class_list":["post-6983","post","type-post","status-publish","format-standard","has-post-thumbnail","hentry","category-artes-plasticas","category-dia-internacional-de-la-mujer","category-guaymallen","category-musica"],"yoast_head":"<!-- This site is optimized with the Yoast SEO plugin v27.5 - https:\/\/yoast.com\/product\/yoast-seo-wordpress\/ -->\n<title>Actividades por el D\u00eda Internacional de la Mujer en Guaymall\u00e9n - Tal Como Soy<\/title>\n<meta name=\"robots\" content=\"index, follow, max-snippet:-1, max-image-preview:large, max-video-preview:-1\" \/>\n<link rel=\"canonical\" href=\"https:\/\/talcomosoy.com.ar\/index.php\/actividades-por-el-dia-internacional-de-la-mujer-en-guaymallen\/\" \/>\n<meta property=\"og:locale\" content=\"es_ES\" \/>\n<meta property=\"og:type\" content=\"article\" \/>\n<meta property=\"og:title\" content=\"Actividades por el D\u00eda Internacional de la Mujer en Guaymall\u00e9n - Tal Como Soy\" \/>\n<meta property=\"og:description\" content=\"Muestra art\u00edstica, mesa de di\u00e1logo, feria artesanal, m\u00fasica e intervenciones en vivo &nbsp; El 8\" \/>\n<meta property=\"og:url\" content=\"https:\/\/talcomosoy.com.ar\/index.php\/actividades-por-el-dia-internacional-de-la-mujer-en-guaymallen\/\" \/>\n<meta property=\"og:site_name\" content=\"Tal Como Soy\" \/>\n<meta property=\"article:publisher\" content=\"https:\/\/www.facebook.com\/talcomosoyok\" \/>\n<meta property=\"article:author\" content=\"https:\/\/www.facebook.com\/sindamiranda\" \/>\n<meta property=\"article:published_time\" content=\"2022-03-07T22:19:51+00:00\" \/>\n<meta property=\"article:modified_time\" content=\"2022-03-07T22:25:00+00:00\" \/>\n<meta property=\"og:image\" content=\"https:\/\/i0.wp.com\/talcomosoy.com.ar\/wp-content\/uploads\/2022\/03\/Dia-Internacional-de-la-Mujer-2.jpg?fit=2135%2C1068&ssl=1\" \/>\n\t<meta property=\"og:image:width\" content=\"2135\" \/>\n\t<meta property=\"og:image:height\" content=\"1068\" \/>\n\t<meta property=\"og:image:type\" content=\"image\/jpeg\" \/>\n<meta name=\"author\" content=\"Sinda Miranda\" \/>\n<meta name=\"twitter:card\" content=\"summary_large_image\" \/>\n<meta name=\"twitter:creator\" content=\"@sindamiranda\" \/>\n<meta name=\"twitter:site\" content=\"@talcomosoyok\" \/>\n<meta name=\"twitter:label1\" content=\"Escrito por\" \/>\n\t<meta name=\"twitter:data1\" content=\"Sinda Miranda\" \/>\n\t<meta name=\"twitter:label2\" content=\"Tiempo de lectura\" \/>\n\t<meta name=\"twitter:data2\" content=\"3 minutos\" \/>\n<script type=\"application\/ld+json\" class=\"yoast-schema-graph\">{\"@context\":\"https:\\\/\\\/schema.org\",\"@graph\":[{\"@type\":\"Article\",\"@id\":\"https:\\\/\\\/talcomosoy.com.ar\\\/index.php\\\/actividades-por-el-dia-internacional-de-la-mujer-en-guaymallen\\\/#article\",\"isPartOf\":{\"@id\":\"https:\\\/\\\/talcomosoy.com.ar\\\/index.php\\\/actividades-por-el-dia-internacional-de-la-mujer-en-guaymallen\\\/\"},\"author\":{\"name\":\"Sinda Miranda\",\"@id\":\"https:\\\/\\\/talcomosoy.com.ar\\\/#\\\/schema\\\/person\\\/496b3561bd436afcf2be92147ff855c9\"},\"headline\":\"Actividades por el D\u00eda Internacional de la Mujer en Guaymall\u00e9n\",\"datePublished\":\"2022-03-07T22:19:51+00:00\",\"dateModified\":\"2022-03-07T22:25:00+00:00\",\"mainEntityOfPage\":{\"@id\":\"https:\\\/\\\/talcomosoy.com.ar\\\/index.php\\\/actividades-por-el-dia-internacional-de-la-mujer-en-guaymallen\\\/\"},\"wordCount\":501,\"publisher\":{\"@id\":\"https:\\\/\\\/talcomosoy.com.ar\\\/#organization\"},\"image\":{\"@id\":\"https:\\\/\\\/talcomosoy.com.ar\\\/index.php\\\/actividades-por-el-dia-internacional-de-la-mujer-en-guaymallen\\\/#primaryimage\"},\"thumbnailUrl\":\"https:\\\/\\\/i0.wp.com\\\/talcomosoy.com.ar\\\/wp-content\\\/uploads\\\/2022\\\/03\\\/Dia-Internacional-de-la-Mujer-2.jpg?fit=2135%2C1068&ssl=1\",\"articleSection\":[\"Artes Pl\u00e1sticas\",\"D\u00eda Internacional de la Mujer\",\"Guaymall\u00e9n\",\"M\u00fasica\"],\"inLanguage\":\"es\"},{\"@type\":\"WebPage\",\"@id\":\"https:\\\/\\\/talcomosoy.com.ar\\\/index.php\\\/actividades-por-el-dia-internacional-de-la-mujer-en-guaymallen\\\/\",\"url\":\"https:\\\/\\\/talcomosoy.com.ar\\\/index.php\\\/actividades-por-el-dia-internacional-de-la-mujer-en-guaymallen\\\/\",\"name\":\"Actividades por el D\u00eda Internacional de la Mujer en Guaymall\u00e9n - Tal Como Soy\",\"isPartOf\":{\"@id\":\"https:\\\/\\\/talcomosoy.com.ar\\\/#website\"},\"primaryImageOfPage\":{\"@id\":\"https:\\\/\\\/talcomosoy.com.ar\\\/index.php\\\/actividades-por-el-dia-internacional-de-la-mujer-en-guaymallen\\\/#primaryimage\"},\"image\":{\"@id\":\"https:\\\/\\\/talcomosoy.com.ar\\\/index.php\\\/actividades-por-el-dia-internacional-de-la-mujer-en-guaymallen\\\/#primaryimage\"},\"thumbnailUrl\":\"https:\\\/\\\/i0.wp.com\\\/talcomosoy.com.ar\\\/wp-content\\\/uploads\\\/2022\\\/03\\\/Dia-Internacional-de-la-Mujer-2.jpg?fit=2135%2C1068&ssl=1\",\"datePublished\":\"2022-03-07T22:19:51+00:00\",\"dateModified\":\"2022-03-07T22:25:00+00:00\",\"inLanguage\":\"es\",\"potentialAction\":[{\"@type\":\"ReadAction\",\"target\":[\"https:\\\/\\\/talcomosoy.com.ar\\\/index.php\\\/actividades-por-el-dia-internacional-de-la-mujer-en-guaymallen\\\/\"]}]},{\"@type\":\"ImageObject\",\"inLanguage\":\"es\",\"@id\":\"https:\\\/\\\/talcomosoy.com.ar\\\/index.php\\\/actividades-por-el-dia-internacional-de-la-mujer-en-guaymallen\\\/#primaryimage\",\"url\":\"https:\\\/\\\/i0.wp.com\\\/talcomosoy.com.ar\\\/wp-content\\\/uploads\\\/2022\\\/03\\\/Dia-Internacional-de-la-Mujer-2.jpg?fit=2135%2C1068&ssl=1\",\"contentUrl\":\"https:\\\/\\\/i0.wp.com\\\/talcomosoy.com.ar\\\/wp-content\\\/uploads\\\/2022\\\/03\\\/Dia-Internacional-de-la-Mujer-2.jpg?fit=2135%2C1068&ssl=1\",\"width\":2135,\"height\":1068},{\"@type\":\"WebSite\",\"@id\":\"https:\\\/\\\/talcomosoy.com.ar\\\/#website\",\"url\":\"https:\\\/\\\/talcomosoy.com.ar\\\/\",\"name\":\"Tal Como Soy\",\"description\":\"Magazine Musical Digital\",\"publisher\":{\"@id\":\"https:\\\/\\\/talcomosoy.com.ar\\\/#organization\"},\"potentialAction\":[{\"@type\":\"SearchAction\",\"target\":{\"@type\":\"EntryPoint\",\"urlTemplate\":\"https:\\\/\\\/talcomosoy.com.ar\\\/?s={search_term_string}\"},\"query-input\":{\"@type\":\"PropertyValueSpecification\",\"valueRequired\":true,\"valueName\":\"search_term_string\"}}],\"inLanguage\":\"es\"},{\"@type\":\"Organization\",\"@id\":\"https:\\\/\\\/talcomosoy.com.ar\\\/#organization\",\"name\":\"Tal Como Soy\",\"url\":\"https:\\\/\\\/talcomosoy.com.ar\\\/\",\"logo\":{\"@type\":\"ImageObject\",\"inLanguage\":\"es\",\"@id\":\"https:\\\/\\\/talcomosoy.com.ar\\\/#\\\/schema\\\/logo\\\/image\\\/\",\"url\":\"https:\\\/\\\/i0.wp.com\\\/talcomosoy.com.ar\\\/wp-content\\\/uploads\\\/2020\\\/02\\\/PUA-2020-TRANSPARENTE.png?fit=570%2C382&ssl=1\",\"contentUrl\":\"https:\\\/\\\/i0.wp.com\\\/talcomosoy.com.ar\\\/wp-content\\\/uploads\\\/2020\\\/02\\\/PUA-2020-TRANSPARENTE.png?fit=570%2C382&ssl=1\",\"width\":570,\"height\":382,\"caption\":\"Tal Como Soy\"},\"image\":{\"@id\":\"https:\\\/\\\/talcomosoy.com.ar\\\/#\\\/schema\\\/logo\\\/image\\\/\"},\"sameAs\":[\"https:\\\/\\\/www.facebook.com\\\/talcomosoyok\",\"https:\\\/\\\/x.com\\\/talcomosoyok\",\"https:\\\/\\\/www.instagram.com\\\/talcomosoyok\",\"https:\\\/\\\/www.youtube.com\\\/channel\\\/UCrutZzYQmd9Fe8pEm5wqsiw\"]},{\"@type\":\"Person\",\"@id\":\"https:\\\/\\\/talcomosoy.com.ar\\\/#\\\/schema\\\/person\\\/496b3561bd436afcf2be92147ff855c9\",\"name\":\"Sinda Miranda\",\"image\":{\"@type\":\"ImageObject\",\"inLanguage\":\"es\",\"@id\":\"https:\\\/\\\/secure.gravatar.com\\\/avatar\\\/ab0e992fc0b7117fe730d00fb0e44073b1fd6e28d69de8e7ac3103f1396f445e?s=96&d=mm&r=g\",\"url\":\"https:\\\/\\\/secure.gravatar.com\\\/avatar\\\/ab0e992fc0b7117fe730d00fb0e44073b1fd6e28d69de8e7ac3103f1396f445e?s=96&d=mm&r=g\",\"contentUrl\":\"https:\\\/\\\/secure.gravatar.com\\\/avatar\\\/ab0e992fc0b7117fe730d00fb0e44073b1fd6e28d69de8e7ac3103f1396f445e?s=96&d=mm&r=g\",\"caption\":\"Sinda Miranda\"},\"description\":\"Escritora, Fot\u00f3grafa, Agente de Prensa\",\"sameAs\":[\"https:\\\/\\\/www.facebook.com\\\/sindamiranda\",\"https:\\\/\\\/www.instagram.com\\\/sindamiranda\",\"https:\\\/\\\/x.com\\\/sindamiranda\"],\"url\":\"https:\\\/\\\/talcomosoy.com.ar\\\/index.php\\\/author\\\/sindamirandatcs\\\/\"}]}<\/script>\n<!-- \/ Yoast SEO plugin. -->","yoast_head_json":{"title":"Actividades por el D\u00eda Internacional de la Mujer en Guaymall\u00e9n - Tal Como Soy","robots":{"index":"index","follow":"follow","max-snippet":"max-snippet:-1","max-image-preview":"max-image-preview:large","max-video-preview":"max-video-preview:-1"},"canonical":"https:\/\/talcomosoy.com.ar\/index.php\/actividades-por-el-dia-internacional-de-la-mujer-en-guaymallen\/","og_locale":"es_ES","og_type":"article","og_title":"Actividades por el D\u00eda Internacional de la Mujer en Guaymall\u00e9n - Tal Como Soy","og_description":"Muestra art\u00edstica, mesa de di\u00e1logo, feria artesanal, m\u00fasica e intervenciones en vivo &nbsp; El 8","og_url":"https:\/\/talcomosoy.com.ar\/index.php\/actividades-por-el-dia-internacional-de-la-mujer-en-guaymallen\/","og_site_name":"Tal Como Soy","article_publisher":"https:\/\/www.facebook.com\/talcomosoyok","article_author":"https:\/\/www.facebook.com\/sindamiranda","article_published_time":"2022-03-07T22:19:51+00:00","article_modified_time":"2022-03-07T22:25:00+00:00","og_image":[{"width":2135,"height":1068,"url":"https:\/\/i0.wp.com\/talcomosoy.com.ar\/wp-content\/uploads\/2022\/03\/Dia-Internacional-de-la-Mujer-2.jpg?fit=2135%2C1068&ssl=1","type":"image\/jpeg"}],"author":"Sinda Miranda","twitter_card":"summary_large_image","twitter_creator":"@sindamiranda","twitter_site":"@talcomosoyok","twitter_misc":{"Escrito por":"Sinda Miranda","Tiempo de lectura":"3 minutos"},"schema":{"@context":"https:\/\/schema.org","@graph":[{"@type":"Article","@id":"https:\/\/talcomosoy.com.ar\/index.php\/actividades-por-el-dia-internacional-de-la-mujer-en-guaymallen\/#article","isPartOf":{"@id":"https:\/\/talcomosoy.com.ar\/index.php\/actividades-por-el-dia-internacional-de-la-mujer-en-guaymallen\/"},"author":{"name":"Sinda Miranda","@id":"https:\/\/talcomosoy.com.ar\/#\/schema\/person\/496b3561bd436afcf2be92147ff855c9"},"headline":"Actividades por el D\u00eda Internacional de la Mujer en Guaymall\u00e9n","datePublished":"2022-03-07T22:19:51+00:00","dateModified":"2022-03-07T22:25:00+00:00","mainEntityOfPage":{"@id":"https:\/\/talcomosoy.com.ar\/index.php\/actividades-por-el-dia-internacional-de-la-mujer-en-guaymallen\/"},"wordCount":501,"publisher":{"@id":"https:\/\/talcomosoy.com.ar\/#organization"},"image":{"@id":"https:\/\/talcomosoy.com.ar\/index.php\/actividades-por-el-dia-internacional-de-la-mujer-en-guaymallen\/#primaryimage"},"thumbnailUrl":"https:\/\/i0.wp.com\/talcomosoy.com.ar\/wp-content\/uploads\/2022\/03\/Dia-Internacional-de-la-Mujer-2.jpg?fit=2135%2C1068&ssl=1","articleSection":["Artes Pl\u00e1sticas","D\u00eda Internacional de la Mujer","Guaymall\u00e9n","M\u00fasica"],"inLanguage":"es"},{"@type":"WebPage","@id":"https:\/\/talcomosoy.com.ar\/index.php\/actividades-por-el-dia-internacional-de-la-mujer-en-guaymallen\/","url":"https:\/\/talcomosoy.com.ar\/index.php\/actividades-por-el-dia-internacional-de-la-mujer-en-guaymallen\/","name":"Actividades por el D\u00eda Internacional de la Mujer en Guaymall\u00e9n - Tal Como Soy","isPartOf":{"@id":"https:\/\/talcomosoy.com.ar\/#website"},"primaryImageOfPage":{"@id":"https:\/\/talcomosoy.com.ar\/index.php\/actividades-por-el-dia-internacional-de-la-mujer-en-guaymallen\/#primaryimage"},"image":{"@id":"https:\/\/talcomosoy.com.ar\/index.php\/actividades-por-el-dia-internacional-de-la-mujer-en-guaymallen\/#primaryimage"},"thumbnailUrl":"https:\/\/i0.wp.com\/talcomosoy.com.ar\/wp-content\/uploads\/2022\/03\/Dia-Internacional-de-la-Mujer-2.jpg?fit=2135%2C1068&ssl=1","datePublished":"2022-03-07T22:19:51+00:00","dateModified":"2022-03-07T22:25:00+00:00","inLanguage":"es","potentialAction":[{"@type":"ReadAction","target":["https:\/\/talcomosoy.com.ar\/index.php\/actividades-por-el-dia-internacional-de-la-mujer-en-guaymallen\/"]}]},{"@type":"ImageObject","inLanguage":"es","@id":"https:\/\/talcomosoy.com.ar\/index.php\/actividades-por-el-dia-internacional-de-la-mujer-en-guaymallen\/#primaryimage","url":"https:\/\/i0.wp.com\/talcomosoy.com.ar\/wp-content\/uploads\/2022\/03\/Dia-Internacional-de-la-Mujer-2.jpg?fit=2135%2C1068&ssl=1","contentUrl":"https:\/\/i0.wp.com\/talcomosoy.com.ar\/wp-content\/uploads\/2022\/03\/Dia-Internacional-de-la-Mujer-2.jpg?fit=2135%2C1068&ssl=1","width":2135,"height":1068},{"@type":"WebSite","@id":"https:\/\/talcomosoy.com.ar\/#website","url":"https:\/\/talcomosoy.com.ar\/","name":"Tal Como Soy","description":"Magazine Musical Digital","publisher":{"@id":"https:\/\/talcomosoy.com.ar\/#organization"},"potentialAction":[{"@type":"SearchAction","target":{"@type":"EntryPoint","urlTemplate":"https:\/\/talcomosoy.com.ar\/?s={search_term_string}"},"query-input":{"@type":"PropertyValueSpecification","valueRequired":true,"valueName":"search_term_string"}}],"inLanguage":"es"},{"@type":"Organization","@id":"https:\/\/talcomosoy.com.ar\/#organization","name":"Tal Como Soy","url":"https:\/\/talcomosoy.com.ar\/","logo":{"@type":"ImageObject","inLanguage":"es","@id":"https:\/\/talcomosoy.com.ar\/#\/schema\/logo\/image\/","url":"https:\/\/i0.wp.com\/talcomosoy.com.ar\/wp-content\/uploads\/2020\/02\/PUA-2020-TRANSPARENTE.png?fit=570%2C382&ssl=1","contentUrl":"https:\/\/i0.wp.com\/talcomosoy.com.ar\/wp-content\/uploads\/2020\/02\/PUA-2020-TRANSPARENTE.png?fit=570%2C382&ssl=1","width":570,"height":382,"caption":"Tal Como Soy"},"image":{"@id":"https:\/\/talcomosoy.com.ar\/#\/schema\/logo\/image\/"},"sameAs":["https:\/\/www.facebook.com\/talcomosoyok","https:\/\/x.com\/talcomosoyok","https:\/\/www.instagram.com\/talcomosoyok","https:\/\/www.youtube.com\/channel\/UCrutZzYQmd9Fe8pEm5wqsiw"]},{"@type":"Person","@id":"https:\/\/talcomosoy.com.ar\/#\/schema\/person\/496b3561bd436afcf2be92147ff855c9","name":"Sinda Miranda","image":{"@type":"ImageObject","inLanguage":"es","@id":"https:\/\/secure.gravatar.com\/avatar\/ab0e992fc0b7117fe730d00fb0e44073b1fd6e28d69de8e7ac3103f1396f445e?s=96&d=mm&r=g","url":"https:\/\/secure.gravatar.com\/avatar\/ab0e992fc0b7117fe730d00fb0e44073b1fd6e28d69de8e7ac3103f1396f445e?s=96&d=mm&r=g","contentUrl":"https:\/\/secure.gravatar.com\/avatar\/ab0e992fc0b7117fe730d00fb0e44073b1fd6e28d69de8e7ac3103f1396f445e?s=96&d=mm&r=g","caption":"Sinda Miranda"},"description":"Escritora, Fot\u00f3grafa, Agente de Prensa","sameAs":["https:\/\/www.facebook.com\/sindamiranda","https:\/\/www.instagram.com\/sindamiranda","https:\/\/x.com\/sindamiranda"],"url":"https:\/\/talcomosoy.com.ar\/index.php\/author\/sindamirandatcs\/"}]}},"jetpack_publicize_connections":[],"jetpack_featured_media_url":"https:\/\/i0.wp.com\/talcomosoy.com.ar\/wp-content\/uploads\/2022\/03\/Dia-Internacional-de-la-Mujer-2.jpg?fit=2135%2C1068&ssl=1","jetpack_sharing_enabled":true,"jetpack_likes_enabled":true,"_links":{"self":[{"href":"https:\/\/talcomosoy.com.ar\/index.php\/wp-json\/wp\/v2\/posts\/6983","targetHints":{"allow":["GET"]}}],"collection":[{"href":"https:\/\/talcomosoy.com.ar\/index.php\/wp-json\/wp\/v2\/posts"}],"about":[{"href":"https:\/\/talcomosoy.com.ar\/index.php\/wp-json\/wp\/v2\/types\/post"}],"author":[{"embeddable":true,"href":"https:\/\/talcomosoy.com.ar\/index.php\/wp-json\/wp\/v2\/users\/1"}],"replies":[{"embeddable":true,"href":"https:\/\/talcomosoy.com.ar\/index.php\/wp-json\/wp\/v2\/comments?post=6983"}],"version-history":[{"count":1,"href":"https:\/\/talcomosoy.com.ar\/index.php\/wp-json\/wp\/v2\/posts\/6983\/revisions"}],"predecessor-version":[{"id":6985,"href":"https:\/\/talcomosoy.com.ar\/index.php\/wp-json\/wp\/v2\/posts\/6983\/revisions\/6985"}],"wp:featuredmedia":[{"embeddable":true,"href":"https:\/\/talcomosoy.com.ar\/index.php\/wp-json\/wp\/v2\/media\/6984"}],"wp:attachment":[{"href":"https:\/\/talcomosoy.com.ar\/index.php\/wp-json\/wp\/v2\/media?parent=6983"}],"wp:term":[{"taxonomy":"category","embeddable":true,"href":"https:\/\/talcomosoy.com.ar\/index.php\/wp-json\/wp\/v2\/categories?post=6983"},{"taxonomy":"post_tag","embeddable":true,"href":"https:\/\/talcomosoy.com.ar\/index.php\/wp-json\/wp\/v2\/tags?post=6983"}],"curies":[{"name":"wp","href":"https:\/\/api.w.org\/{rel}","templated":true}]}}