{"id":6702,"date":"2022-02-09T10:24:14","date_gmt":"2022-02-09T13:24:14","guid":{"rendered":"https:\/\/talcomosoy.com.ar\/?p=6702"},"modified":"2022-02-09T10:24:14","modified_gmt":"2022-02-09T13:24:14","slug":"guaymallen-rendira-homenaje-a-luis-quesada-y-gladys-ravalle-en-su-vendimia-departamental","status":"publish","type":"post","link":"https:\/\/talcomosoy.com.ar\/index.php\/guaymallen-rendira-homenaje-a-luis-quesada-y-gladys-ravalle-en-su-vendimia-departamental\/","title":{"rendered":"Guaymall\u00e9n rendir\u00e1 homenaje a Luis Quesada y Gladys Ravalle en su Vendimia departamental"},"content":{"rendered":"<h3>Este viernes 11 de febrero, Guaymall\u00e9n invita a compartir su fiesta de la Vendimia en la Rotonda de Salcedo, ubicada en el coraz\u00f3n del distrito Los Corralitos. Para esta edici\u00f3n 2022, se ha propuesto un despliegue art\u00edstico y visual completo para disfrutar en familia.<\/h3>\n<p>&nbsp;<\/p>\n<p>El evento comenzar\u00e1 a las 19h, con la bendici\u00f3n ecum\u00e9nica de los frutos. Seguidamente, se realizar\u00e1 una previa con bailarines y m\u00fasicos locales del folclore, el rock y el tango. Pasar\u00e1n por el escenario <strong>\u00abQuiero volar\u00bb<\/strong>, con Ezequiel Acosta, Ana Yannelli, Oscar Vangieri, Sergio Zlotolow, Fernando Abdala, Antonella Loggia y Mario Araniti; la agrupaci\u00f3n <strong>\u00abJ\u00f3venes del folclore\u00bb<\/strong>; <strong>Ricardo Dimar\u00eda<\/strong>; y el <strong>elenco de danza de Pablo Mancilla<\/strong>.<\/p>\n<p>A las 22h, comenzar\u00e1 el espect\u00e1culo central denominado \u00ab<strong>Melchora<\/strong>\u00ab, una producci\u00f3n original inspirada en la vida de <strong>Melchora Lemos<\/strong>. Se trata de una personalidad enigm\u00e1tica de fines del siglo XVII, que transform\u00f3 la industria local e impact\u00f3 fuertemente en la \u00e9poca a trav\u00e9s del trabajo y de sus s\u00f3lidas convicciones. Cuenta con m\u00e1s de 200 artistas y profesionales mendocinos de distintas disciplinas esc\u00e9nicas, entre ellos actores, bailarines, core\u00f3grafos, m\u00fasicos y concertistas que tocar\u00e1n en vivo, dramaturgos, directores de teatro, guionistas, cineastas, ilustradores, animadores, editores, escen\u00f3grafos, utileros, vestuaristas, iluminadores, asistentes, traspuntes, t\u00e9cnicos y una arquitecta.<\/p>\n<p>La fiesta dar\u00e1 paso a un emotivo homenaje en memoria de dos grandes y queridos artistas: Luis Quesada y Gladys Ravalle. Desde el arte pl\u00e1stico y el teatro, ambos forjaron sus carreras en el departamento y traspasaron fronteras como solo los talentos prodigiosos pueden lograr.<\/p>\n<p>Finalmente, llegar\u00e1 el cierre de la noche junto al cantante y compositor<strong> Lisandro Bert\u00edn<\/strong>.<\/p>\n<p>Toda esta puesta creativa y multisensorial estar\u00e1 acompa\u00f1ada por una serie de propuestas que reflejar\u00e1n la riqueza y diversidad de Guaymall\u00e9n. Habr\u00e1 un sector con artistas visuales, un espacio literario de escritores, una selecci\u00f3n de ediciones culturales con textos de autores mendocinos, puestos de artesanos, food trucks, patio de comidas, bodegas, cervecer\u00edas artesanales, un stand de Ambiente y la carpa institucional de Turismo, que invitar\u00e1 a jugar y a conocer m\u00e1s sobre la Capital del Espumante. A esto se sumar\u00e1n representantes del sector productivo local con sus especialidades y productos: estar\u00e1n presentes la Asociaci\u00f3n San Cayetano, Verallia, R\u00ede La Huerta, Expo Verde, Italiani, La Terre, Huerta Roma, Euro Envases y Mercado agrario.<\/p>\n<p>Adem\u00e1s, y como parte del operativo municipal de vacunaci\u00f3n contra el Covid, estar\u00e1 el m\u00f3vil de salud para que las personas mayores de 18 a\u00f1os inicien o completen el esquema de inmunizaci\u00f3n contra la enfermedad. Se colocar\u00e1n primeras y segundas dosis y refuerzos.<\/p>\n<p>&nbsp;<\/p>\n<h3>Vendimia en agenda<\/h3>\n<p>&nbsp;<\/p>\n<p><strong>Viernes 11 de febrero, en la Rotonda de Salcedo (Severo del Castillo y Godoy Cruz, Los Corralitos).<\/strong><\/p>\n<p>&#8211; 19h, bendici\u00f3n ecum\u00e9nica de los frutos y previa de artistas locales.<br \/>\n&#8211; 22h, espect\u00e1culo central \u00abMelchora\u00bb.<br \/>\n&#8211; 23h, homenaje a Luis Quesada y Gladys Ravalle.<br \/>\n&#8211; Cierre de Lisandro Bert\u00edn.<br \/>\n&#8211; Sector de cultura, artesan\u00edas, referentes del sector productivo local, carpa de turismo, gastronom\u00eda, stand de Ambiente y m\u00f3vil de salud para vacunaci\u00f3n contra el Covid (mayores de 18 a\u00f1os).<br \/>\n&#8211; Entrada libre y gratuita.<\/p>\n","protected":false},"excerpt":{"rendered":"<p>Este viernes 11 de febrero, Guaymall\u00e9n invita a compartir su fiesta de la Vendimia en<\/p>\n","protected":false},"author":1,"featured_media":6703,"comment_status":"closed","ping_status":"closed","sticky":false,"template":"","format":"standard","meta":{"_jetpack_memberships_contains_paid_content":false,"footnotes":"","jetpack_publicize_message":"","jetpack_publicize_feature_enabled":true,"jetpack_social_post_already_shared":true,"jetpack_social_options":{"image_generator_settings":{"template":"highway","default_image_id":0,"font":"","enabled":false},"version":2}},"categories":[5,40],"tags":[],"class_list":["post-6702","post","type-post","status-publish","format-standard","has-post-thumbnail","hentry","category-guaymallen","category-vendimia"],"yoast_head":"<!-- This site is optimized with the Yoast SEO plugin v27.5 - https:\/\/yoast.com\/product\/yoast-seo-wordpress\/ -->\n<title>Guaymall\u00e9n rendir\u00e1 homenaje a Luis Quesada y Gladys Ravalle en su Vendimia departamental - Tal Como Soy<\/title>\n<meta name=\"robots\" content=\"index, follow, max-snippet:-1, max-image-preview:large, max-video-preview:-1\" \/>\n<link rel=\"canonical\" href=\"https:\/\/talcomosoy.com.ar\/index.php\/guaymallen-rendira-homenaje-a-luis-quesada-y-gladys-ravalle-en-su-vendimia-departamental\/\" \/>\n<meta property=\"og:locale\" content=\"es_ES\" \/>\n<meta property=\"og:type\" content=\"article\" \/>\n<meta property=\"og:title\" content=\"Guaymall\u00e9n rendir\u00e1 homenaje a Luis Quesada y Gladys Ravalle en su Vendimia departamental - Tal Como Soy\" \/>\n<meta property=\"og:description\" content=\"Este viernes 11 de febrero, Guaymall\u00e9n invita a compartir su fiesta de la Vendimia en\" \/>\n<meta property=\"og:url\" content=\"https:\/\/talcomosoy.com.ar\/index.php\/guaymallen-rendira-homenaje-a-luis-quesada-y-gladys-ravalle-en-su-vendimia-departamental\/\" \/>\n<meta property=\"og:site_name\" content=\"Tal Como Soy\" \/>\n<meta property=\"article:publisher\" content=\"https:\/\/www.facebook.com\/talcomosoyok\" \/>\n<meta property=\"article:author\" content=\"https:\/\/www.facebook.com\/sindamiranda\" \/>\n<meta property=\"article:published_time\" content=\"2022-02-09T13:24:14+00:00\" \/>\n<meta property=\"og:image\" content=\"https:\/\/i0.wp.com\/talcomosoy.com.ar\/wp-content\/uploads\/2022\/02\/Vendimia-Guaymallen-2-scaled.jpg?fit=2560%2C1707&ssl=1\" \/>\n\t<meta property=\"og:image:width\" content=\"2560\" \/>\n\t<meta property=\"og:image:height\" content=\"1707\" \/>\n\t<meta property=\"og:image:type\" content=\"image\/jpeg\" \/>\n<meta name=\"author\" content=\"Sinda Miranda\" \/>\n<meta name=\"twitter:card\" content=\"summary_large_image\" \/>\n<meta name=\"twitter:creator\" content=\"@sindamiranda\" \/>\n<meta name=\"twitter:site\" content=\"@talcomosoyok\" \/>\n<meta name=\"twitter:label1\" content=\"Escrito por\" \/>\n\t<meta name=\"twitter:data1\" content=\"Sinda Miranda\" \/>\n\t<meta name=\"twitter:label2\" content=\"Tiempo de lectura\" \/>\n\t<meta name=\"twitter:data2\" content=\"3 minutos\" \/>\n<script type=\"application\/ld+json\" class=\"yoast-schema-graph\">{\"@context\":\"https:\\\/\\\/schema.org\",\"@graph\":[{\"@type\":\"Article\",\"@id\":\"https:\\\/\\\/talcomosoy.com.ar\\\/index.php\\\/guaymallen-rendira-homenaje-a-luis-quesada-y-gladys-ravalle-en-su-vendimia-departamental\\\/#article\",\"isPartOf\":{\"@id\":\"https:\\\/\\\/talcomosoy.com.ar\\\/index.php\\\/guaymallen-rendira-homenaje-a-luis-quesada-y-gladys-ravalle-en-su-vendimia-departamental\\\/\"},\"author\":{\"name\":\"Sinda Miranda\",\"@id\":\"https:\\\/\\\/talcomosoy.com.ar\\\/#\\\/schema\\\/person\\\/496b3561bd436afcf2be92147ff855c9\"},\"headline\":\"Guaymall\u00e9n rendir\u00e1 homenaje a Luis Quesada y Gladys Ravalle en su Vendimia departamental\",\"datePublished\":\"2022-02-09T13:24:14+00:00\",\"mainEntityOfPage\":{\"@id\":\"https:\\\/\\\/talcomosoy.com.ar\\\/index.php\\\/guaymallen-rendira-homenaje-a-luis-quesada-y-gladys-ravalle-en-su-vendimia-departamental\\\/\"},\"wordCount\":566,\"publisher\":{\"@id\":\"https:\\\/\\\/talcomosoy.com.ar\\\/#organization\"},\"image\":{\"@id\":\"https:\\\/\\\/talcomosoy.com.ar\\\/index.php\\\/guaymallen-rendira-homenaje-a-luis-quesada-y-gladys-ravalle-en-su-vendimia-departamental\\\/#primaryimage\"},\"thumbnailUrl\":\"https:\\\/\\\/i0.wp.com\\\/talcomosoy.com.ar\\\/wp-content\\\/uploads\\\/2022\\\/02\\\/Vendimia-Guaymallen-2-scaled.jpg?fit=2560%2C1707&ssl=1\",\"articleSection\":[\"Guaymall\u00e9n\",\"Vendimia\"],\"inLanguage\":\"es\"},{\"@type\":\"WebPage\",\"@id\":\"https:\\\/\\\/talcomosoy.com.ar\\\/index.php\\\/guaymallen-rendira-homenaje-a-luis-quesada-y-gladys-ravalle-en-su-vendimia-departamental\\\/\",\"url\":\"https:\\\/\\\/talcomosoy.com.ar\\\/index.php\\\/guaymallen-rendira-homenaje-a-luis-quesada-y-gladys-ravalle-en-su-vendimia-departamental\\\/\",\"name\":\"Guaymall\u00e9n rendir\u00e1 homenaje a Luis Quesada y Gladys Ravalle en su Vendimia departamental - Tal Como Soy\",\"isPartOf\":{\"@id\":\"https:\\\/\\\/talcomosoy.com.ar\\\/#website\"},\"primaryImageOfPage\":{\"@id\":\"https:\\\/\\\/talcomosoy.com.ar\\\/index.php\\\/guaymallen-rendira-homenaje-a-luis-quesada-y-gladys-ravalle-en-su-vendimia-departamental\\\/#primaryimage\"},\"image\":{\"@id\":\"https:\\\/\\\/talcomosoy.com.ar\\\/index.php\\\/guaymallen-rendira-homenaje-a-luis-quesada-y-gladys-ravalle-en-su-vendimia-departamental\\\/#primaryimage\"},\"thumbnailUrl\":\"https:\\\/\\\/i0.wp.com\\\/talcomosoy.com.ar\\\/wp-content\\\/uploads\\\/2022\\\/02\\\/Vendimia-Guaymallen-2-scaled.jpg?fit=2560%2C1707&ssl=1\",\"datePublished\":\"2022-02-09T13:24:14+00:00\",\"inLanguage\":\"es\",\"potentialAction\":[{\"@type\":\"ReadAction\",\"target\":[\"https:\\\/\\\/talcomosoy.com.ar\\\/index.php\\\/guaymallen-rendira-homenaje-a-luis-quesada-y-gladys-ravalle-en-su-vendimia-departamental\\\/\"]}]},{\"@type\":\"ImageObject\",\"inLanguage\":\"es\",\"@id\":\"https:\\\/\\\/talcomosoy.com.ar\\\/index.php\\\/guaymallen-rendira-homenaje-a-luis-quesada-y-gladys-ravalle-en-su-vendimia-departamental\\\/#primaryimage\",\"url\":\"https:\\\/\\\/i0.wp.com\\\/talcomosoy.com.ar\\\/wp-content\\\/uploads\\\/2022\\\/02\\\/Vendimia-Guaymallen-2-scaled.jpg?fit=2560%2C1707&ssl=1\",\"contentUrl\":\"https:\\\/\\\/i0.wp.com\\\/talcomosoy.com.ar\\\/wp-content\\\/uploads\\\/2022\\\/02\\\/Vendimia-Guaymallen-2-scaled.jpg?fit=2560%2C1707&ssl=1\",\"width\":2560,\"height\":1707},{\"@type\":\"WebSite\",\"@id\":\"https:\\\/\\\/talcomosoy.com.ar\\\/#website\",\"url\":\"https:\\\/\\\/talcomosoy.com.ar\\\/\",\"name\":\"Tal Como Soy\",\"description\":\"Magazine Musical Digital\",\"publisher\":{\"@id\":\"https:\\\/\\\/talcomosoy.com.ar\\\/#organization\"},\"potentialAction\":[{\"@type\":\"SearchAction\",\"target\":{\"@type\":\"EntryPoint\",\"urlTemplate\":\"https:\\\/\\\/talcomosoy.com.ar\\\/?s={search_term_string}\"},\"query-input\":{\"@type\":\"PropertyValueSpecification\",\"valueRequired\":true,\"valueName\":\"search_term_string\"}}],\"inLanguage\":\"es\"},{\"@type\":\"Organization\",\"@id\":\"https:\\\/\\\/talcomosoy.com.ar\\\/#organization\",\"name\":\"Tal Como Soy\",\"url\":\"https:\\\/\\\/talcomosoy.com.ar\\\/\",\"logo\":{\"@type\":\"ImageObject\",\"inLanguage\":\"es\",\"@id\":\"https:\\\/\\\/talcomosoy.com.ar\\\/#\\\/schema\\\/logo\\\/image\\\/\",\"url\":\"https:\\\/\\\/i0.wp.com\\\/talcomosoy.com.ar\\\/wp-content\\\/uploads\\\/2020\\\/02\\\/PUA-2020-TRANSPARENTE.png?fit=570%2C382&ssl=1\",\"contentUrl\":\"https:\\\/\\\/i0.wp.com\\\/talcomosoy.com.ar\\\/wp-content\\\/uploads\\\/2020\\\/02\\\/PUA-2020-TRANSPARENTE.png?fit=570%2C382&ssl=1\",\"width\":570,\"height\":382,\"caption\":\"Tal Como Soy\"},\"image\":{\"@id\":\"https:\\\/\\\/talcomosoy.com.ar\\\/#\\\/schema\\\/logo\\\/image\\\/\"},\"sameAs\":[\"https:\\\/\\\/www.facebook.com\\\/talcomosoyok\",\"https:\\\/\\\/x.com\\\/talcomosoyok\",\"https:\\\/\\\/www.instagram.com\\\/talcomosoyok\",\"https:\\\/\\\/www.youtube.com\\\/channel\\\/UCrutZzYQmd9Fe8pEm5wqsiw\"]},{\"@type\":\"Person\",\"@id\":\"https:\\\/\\\/talcomosoy.com.ar\\\/#\\\/schema\\\/person\\\/496b3561bd436afcf2be92147ff855c9\",\"name\":\"Sinda Miranda\",\"image\":{\"@type\":\"ImageObject\",\"inLanguage\":\"es\",\"@id\":\"https:\\\/\\\/secure.gravatar.com\\\/avatar\\\/ab0e992fc0b7117fe730d00fb0e44073b1fd6e28d69de8e7ac3103f1396f445e?s=96&d=mm&r=g\",\"url\":\"https:\\\/\\\/secure.gravatar.com\\\/avatar\\\/ab0e992fc0b7117fe730d00fb0e44073b1fd6e28d69de8e7ac3103f1396f445e?s=96&d=mm&r=g\",\"contentUrl\":\"https:\\\/\\\/secure.gravatar.com\\\/avatar\\\/ab0e992fc0b7117fe730d00fb0e44073b1fd6e28d69de8e7ac3103f1396f445e?s=96&d=mm&r=g\",\"caption\":\"Sinda Miranda\"},\"description\":\"Escritora, Fot\u00f3grafa, Agente de Prensa\",\"sameAs\":[\"https:\\\/\\\/www.facebook.com\\\/sindamiranda\",\"https:\\\/\\\/www.instagram.com\\\/sindamiranda\",\"https:\\\/\\\/x.com\\\/sindamiranda\"],\"url\":\"https:\\\/\\\/talcomosoy.com.ar\\\/index.php\\\/author\\\/sindamirandatcs\\\/\"}]}<\/script>\n<!-- \/ Yoast SEO plugin. -->","yoast_head_json":{"title":"Guaymall\u00e9n rendir\u00e1 homenaje a Luis Quesada y Gladys Ravalle en su Vendimia departamental - Tal Como Soy","robots":{"index":"index","follow":"follow","max-snippet":"max-snippet:-1","max-image-preview":"max-image-preview:large","max-video-preview":"max-video-preview:-1"},"canonical":"https:\/\/talcomosoy.com.ar\/index.php\/guaymallen-rendira-homenaje-a-luis-quesada-y-gladys-ravalle-en-su-vendimia-departamental\/","og_locale":"es_ES","og_type":"article","og_title":"Guaymall\u00e9n rendir\u00e1 homenaje a Luis Quesada y Gladys Ravalle en su Vendimia departamental - Tal Como Soy","og_description":"Este viernes 11 de febrero, Guaymall\u00e9n invita a compartir su fiesta de la Vendimia en","og_url":"https:\/\/talcomosoy.com.ar\/index.php\/guaymallen-rendira-homenaje-a-luis-quesada-y-gladys-ravalle-en-su-vendimia-departamental\/","og_site_name":"Tal Como Soy","article_publisher":"https:\/\/www.facebook.com\/talcomosoyok","article_author":"https:\/\/www.facebook.com\/sindamiranda","article_published_time":"2022-02-09T13:24:14+00:00","og_image":[{"width":2560,"height":1707,"url":"https:\/\/i0.wp.com\/talcomosoy.com.ar\/wp-content\/uploads\/2022\/02\/Vendimia-Guaymallen-2-scaled.jpg?fit=2560%2C1707&ssl=1","type":"image\/jpeg"}],"author":"Sinda Miranda","twitter_card":"summary_large_image","twitter_creator":"@sindamiranda","twitter_site":"@talcomosoyok","twitter_misc":{"Escrito por":"Sinda Miranda","Tiempo de lectura":"3 minutos"},"schema":{"@context":"https:\/\/schema.org","@graph":[{"@type":"Article","@id":"https:\/\/talcomosoy.com.ar\/index.php\/guaymallen-rendira-homenaje-a-luis-quesada-y-gladys-ravalle-en-su-vendimia-departamental\/#article","isPartOf":{"@id":"https:\/\/talcomosoy.com.ar\/index.php\/guaymallen-rendira-homenaje-a-luis-quesada-y-gladys-ravalle-en-su-vendimia-departamental\/"},"author":{"name":"Sinda Miranda","@id":"https:\/\/talcomosoy.com.ar\/#\/schema\/person\/496b3561bd436afcf2be92147ff855c9"},"headline":"Guaymall\u00e9n rendir\u00e1 homenaje a Luis Quesada y Gladys Ravalle en su Vendimia departamental","datePublished":"2022-02-09T13:24:14+00:00","mainEntityOfPage":{"@id":"https:\/\/talcomosoy.com.ar\/index.php\/guaymallen-rendira-homenaje-a-luis-quesada-y-gladys-ravalle-en-su-vendimia-departamental\/"},"wordCount":566,"publisher":{"@id":"https:\/\/talcomosoy.com.ar\/#organization"},"image":{"@id":"https:\/\/talcomosoy.com.ar\/index.php\/guaymallen-rendira-homenaje-a-luis-quesada-y-gladys-ravalle-en-su-vendimia-departamental\/#primaryimage"},"thumbnailUrl":"https:\/\/i0.wp.com\/talcomosoy.com.ar\/wp-content\/uploads\/2022\/02\/Vendimia-Guaymallen-2-scaled.jpg?fit=2560%2C1707&ssl=1","articleSection":["Guaymall\u00e9n","Vendimia"],"inLanguage":"es"},{"@type":"WebPage","@id":"https:\/\/talcomosoy.com.ar\/index.php\/guaymallen-rendira-homenaje-a-luis-quesada-y-gladys-ravalle-en-su-vendimia-departamental\/","url":"https:\/\/talcomosoy.com.ar\/index.php\/guaymallen-rendira-homenaje-a-luis-quesada-y-gladys-ravalle-en-su-vendimia-departamental\/","name":"Guaymall\u00e9n rendir\u00e1 homenaje a Luis Quesada y Gladys Ravalle en su Vendimia departamental - Tal Como Soy","isPartOf":{"@id":"https:\/\/talcomosoy.com.ar\/#website"},"primaryImageOfPage":{"@id":"https:\/\/talcomosoy.com.ar\/index.php\/guaymallen-rendira-homenaje-a-luis-quesada-y-gladys-ravalle-en-su-vendimia-departamental\/#primaryimage"},"image":{"@id":"https:\/\/talcomosoy.com.ar\/index.php\/guaymallen-rendira-homenaje-a-luis-quesada-y-gladys-ravalle-en-su-vendimia-departamental\/#primaryimage"},"thumbnailUrl":"https:\/\/i0.wp.com\/talcomosoy.com.ar\/wp-content\/uploads\/2022\/02\/Vendimia-Guaymallen-2-scaled.jpg?fit=2560%2C1707&ssl=1","datePublished":"2022-02-09T13:24:14+00:00","inLanguage":"es","potentialAction":[{"@type":"ReadAction","target":["https:\/\/talcomosoy.com.ar\/index.php\/guaymallen-rendira-homenaje-a-luis-quesada-y-gladys-ravalle-en-su-vendimia-departamental\/"]}]},{"@type":"ImageObject","inLanguage":"es","@id":"https:\/\/talcomosoy.com.ar\/index.php\/guaymallen-rendira-homenaje-a-luis-quesada-y-gladys-ravalle-en-su-vendimia-departamental\/#primaryimage","url":"https:\/\/i0.wp.com\/talcomosoy.com.ar\/wp-content\/uploads\/2022\/02\/Vendimia-Guaymallen-2-scaled.jpg?fit=2560%2C1707&ssl=1","contentUrl":"https:\/\/i0.wp.com\/talcomosoy.com.ar\/wp-content\/uploads\/2022\/02\/Vendimia-Guaymallen-2-scaled.jpg?fit=2560%2C1707&ssl=1","width":2560,"height":1707},{"@type":"WebSite","@id":"https:\/\/talcomosoy.com.ar\/#website","url":"https:\/\/talcomosoy.com.ar\/","name":"Tal Como Soy","description":"Magazine Musical Digital","publisher":{"@id":"https:\/\/talcomosoy.com.ar\/#organization"},"potentialAction":[{"@type":"SearchAction","target":{"@type":"EntryPoint","urlTemplate":"https:\/\/talcomosoy.com.ar\/?s={search_term_string}"},"query-input":{"@type":"PropertyValueSpecification","valueRequired":true,"valueName":"search_term_string"}}],"inLanguage":"es"},{"@type":"Organization","@id":"https:\/\/talcomosoy.com.ar\/#organization","name":"Tal Como Soy","url":"https:\/\/talcomosoy.com.ar\/","logo":{"@type":"ImageObject","inLanguage":"es","@id":"https:\/\/talcomosoy.com.ar\/#\/schema\/logo\/image\/","url":"https:\/\/i0.wp.com\/talcomosoy.com.ar\/wp-content\/uploads\/2020\/02\/PUA-2020-TRANSPARENTE.png?fit=570%2C382&ssl=1","contentUrl":"https:\/\/i0.wp.com\/talcomosoy.com.ar\/wp-content\/uploads\/2020\/02\/PUA-2020-TRANSPARENTE.png?fit=570%2C382&ssl=1","width":570,"height":382,"caption":"Tal Como Soy"},"image":{"@id":"https:\/\/talcomosoy.com.ar\/#\/schema\/logo\/image\/"},"sameAs":["https:\/\/www.facebook.com\/talcomosoyok","https:\/\/x.com\/talcomosoyok","https:\/\/www.instagram.com\/talcomosoyok","https:\/\/www.youtube.com\/channel\/UCrutZzYQmd9Fe8pEm5wqsiw"]},{"@type":"Person","@id":"https:\/\/talcomosoy.com.ar\/#\/schema\/person\/496b3561bd436afcf2be92147ff855c9","name":"Sinda Miranda","image":{"@type":"ImageObject","inLanguage":"es","@id":"https:\/\/secure.gravatar.com\/avatar\/ab0e992fc0b7117fe730d00fb0e44073b1fd6e28d69de8e7ac3103f1396f445e?s=96&d=mm&r=g","url":"https:\/\/secure.gravatar.com\/avatar\/ab0e992fc0b7117fe730d00fb0e44073b1fd6e28d69de8e7ac3103f1396f445e?s=96&d=mm&r=g","contentUrl":"https:\/\/secure.gravatar.com\/avatar\/ab0e992fc0b7117fe730d00fb0e44073b1fd6e28d69de8e7ac3103f1396f445e?s=96&d=mm&r=g","caption":"Sinda Miranda"},"description":"Escritora, Fot\u00f3grafa, Agente de Prensa","sameAs":["https:\/\/www.facebook.com\/sindamiranda","https:\/\/www.instagram.com\/sindamiranda","https:\/\/x.com\/sindamiranda"],"url":"https:\/\/talcomosoy.com.ar\/index.php\/author\/sindamirandatcs\/"}]}},"jetpack_publicize_connections":[],"jetpack_featured_media_url":"https:\/\/i0.wp.com\/talcomosoy.com.ar\/wp-content\/uploads\/2022\/02\/Vendimia-Guaymallen-2-scaled.jpg?fit=2560%2C1707&ssl=1","jetpack_sharing_enabled":true,"jetpack_likes_enabled":true,"_links":{"self":[{"href":"https:\/\/talcomosoy.com.ar\/index.php\/wp-json\/wp\/v2\/posts\/6702","targetHints":{"allow":["GET"]}}],"collection":[{"href":"https:\/\/talcomosoy.com.ar\/index.php\/wp-json\/wp\/v2\/posts"}],"about":[{"href":"https:\/\/talcomosoy.com.ar\/index.php\/wp-json\/wp\/v2\/types\/post"}],"author":[{"embeddable":true,"href":"https:\/\/talcomosoy.com.ar\/index.php\/wp-json\/wp\/v2\/users\/1"}],"replies":[{"embeddable":true,"href":"https:\/\/talcomosoy.com.ar\/index.php\/wp-json\/wp\/v2\/comments?post=6702"}],"version-history":[{"count":2,"href":"https:\/\/talcomosoy.com.ar\/index.php\/wp-json\/wp\/v2\/posts\/6702\/revisions"}],"predecessor-version":[{"id":6705,"href":"https:\/\/talcomosoy.com.ar\/index.php\/wp-json\/wp\/v2\/posts\/6702\/revisions\/6705"}],"wp:featuredmedia":[{"embeddable":true,"href":"https:\/\/talcomosoy.com.ar\/index.php\/wp-json\/wp\/v2\/media\/6703"}],"wp:attachment":[{"href":"https:\/\/talcomosoy.com.ar\/index.php\/wp-json\/wp\/v2\/media?parent=6702"}],"wp:term":[{"taxonomy":"category","embeddable":true,"href":"https:\/\/talcomosoy.com.ar\/index.php\/wp-json\/wp\/v2\/categories?post=6702"},{"taxonomy":"post_tag","embeddable":true,"href":"https:\/\/talcomosoy.com.ar\/index.php\/wp-json\/wp\/v2\/tags?post=6702"}],"curies":[{"name":"wp","href":"https:\/\/api.w.org\/{rel}","templated":true}]}}