{"id":6572,"date":"2022-01-29T13:04:58","date_gmt":"2022-01-29T16:04:58","guid":{"rendered":"https:\/\/talcomosoy.com.ar\/?p=6572"},"modified":"2022-01-29T13:05:41","modified_gmt":"2022-01-29T16:05:41","slug":"ailin-mayorga-es-la-nueva-reina-de-la-vendimia-de-las-heras-2022","status":"publish","type":"post","link":"https:\/\/talcomosoy.com.ar\/index.php\/ailin-mayorga-es-la-nueva-reina-de-la-vendimia-de-las-heras-2022\/","title":{"rendered":"Ail\u00edn Mayorga es la nueva reina de la Vendimia de Las Heras 2022"},"content":{"rendered":"<h3>Con 44 votos, la representante de El Challao se coron\u00f3 este viernes tras el espect\u00e1culo \u201cRacimo de h\u00e9roes\u201d que maravill\u00f3 a los 10 mil asistentes a fuerza de combinar tradici\u00f3n y modernidad en su puesta, donde la mujer tuvo un rol protag\u00f3nico. El intendente Daniel Orozco recibi\u00f3 a autoridades municipales, provinciales y nacionales que participaron de la fiesta en el Parque de la Ni\u00f1ez.<\/h3>\n<p>&nbsp;<\/p>\n<p>\u201c<em>Si nos organizamos, reinamos todas<\/em>\u201d, expres\u00f3 <strong>Ail\u00edn Mayorga<\/strong>, la joven de 21 a\u00f1os del distrito El Challao que este viernes se coron\u00f3 reina departamental de Las Heras en su Vendimia 2022 \u201cRacimo de h\u00e9roes\u201d celebrada en el Parque de la Ni\u00f1ez. El esperado momento por unos 10 mil espectadores fue corolario de una noche inolvidable, que llen\u00f3 de emociones y alegr\u00edas a la gente a fuerza de una original fusi\u00f3n de tradici\u00f3n y modernidad en la puesta en escena del espect\u00e1culo central.<\/p>\n<p>La frase de inicio del discurso de la flamante soberana refiri\u00f3 a un lema interno que mantuvieron durante este mes de capacitaciones las 12 candidatas, y que se prometieron trabajar todo el a\u00f1o en equipo, m\u00e1s all\u00e1 de los resultados, fortaleciendo el rol de la mujer en la sociedad y su empoderamiento necesario para construir un mundo m\u00e1s libre e igualitario. De hecho, el blanco vestuario de las reinas distritales, dise\u00f1ado con un fald\u00f3n abierto que dejaba entrever un fino pantal\u00f3n honr\u00f3 el legado de Pascula Meneses, quien durante los preparativos del Ej\u00e9rcito de los Andes se visti\u00f3 de hombre y cambi\u00f3 su identidad femenina para formar filar y luchar por la libertad bajo las \u00f3rdenes del General San Mart\u00edn.<\/p>\n<p>Los aplausos y ovaciones fueron tambi\u00e9n para los 150 artistas que, bajo la direcci\u00f3n del tridente Hugo Moreno-An\u00edbal Villa- Godo Gim\u00e9nez, cautivaron gracias a su talento en una obra vendimial que rescat\u00f3 la tradici\u00f3n e identidad del pueblo lasherino y se fusion\u00f3 con un relato audiovisual moderno.<\/p>\n<p>El intendente Daniel Orozco disfrut\u00f3 de la Vendimia de su gente junto a autoridades municipales, provinciales y municipales, adem\u00e1s de reinas de mandato cumplido y trabajadores de la prensa. La conducci\u00f3n de la fiesta estuvo en las voces de dos expertos en Vendimia: Gisela Campos y Sergio \u201cCoco\u201d Gras.<\/p>\n<p>Tras dos a\u00f1os de reinado, debido a que en 2021 no hubo vendimia presencial ni elecci\u00f3n por pandemia, la uspallatina Candela \u00c1vila hizo el traspaso de los atributos reales a Ail\u00edn Mayorga, estudiante de Licenciatura en Psicolog\u00eda, mientras que Romina Mart\u00ednez (26) de El Zapallar entreg\u00f3 sus atributos de virreina a Sof\u00eda Estebes de La Cieneguita, quien result\u00f3 electa con 34 votos.<\/p>\n<p>La elecci\u00f3n result\u00f3 de la suma de votaci\u00f3n de parte del p\u00fablico (50 votos, por sorteo de n\u00famero de terminaci\u00f3n de DNI), autoridades (90), prensa (24) y reinas nacionales y departamentales de mandato cumplido (36).<\/p>\n<p>\u201c<em>Desde el principio, con las chicas coincidimos en que si nos organizamos, reinamos todas. Y es la frase que nos uni\u00f3, as\u00ed que todas vamos a trabajar en proyectos sociales y comunitarios<\/em>\u201d, expres\u00f3 la soberana electa que buscar\u00e1 devolver la corona nacional a Las Heras tras una d\u00e9cada de la memorable coronaci\u00f3n de Wanda Kalici\u00f1ski.<\/p>\n<p>El intendente Orozco se mostr\u00f3 emocionado por el reencuentro con los vecinos en una esperada fiesta presencial, y apel\u00f3 a que \u201c<em>sigamos cuid\u00e1ndonos para que estas cosas sigan sucediendo<\/em>\u201d. Por ello, el predio del Parque de la Ni\u00f1ez cont\u00f3 con dos puestos de vacunaci\u00f3n Covid-19 y el ingreso gratuito fue a trav\u00e9s del pase sanitario y con el aforo permitido.<\/p>\n<p>&nbsp;<\/p>\n<p><img data-recalc-dims=\"1\" loading=\"lazy\" decoding=\"async\" class=\"aligncenter size-full wp-image-6574\" src=\"https:\/\/i0.wp.com\/talcomosoy.com.ar\/wp-content\/uploads\/2022\/01\/5MRA5340.jpg?resize=640%2C427&#038;ssl=1\" alt=\"\" width=\"640\" height=\"427\" srcset=\"https:\/\/i0.wp.com\/talcomosoy.com.ar\/wp-content\/uploads\/2022\/01\/5MRA5340.jpg?w=2500&amp;ssl=1 2500w, https:\/\/i0.wp.com\/talcomosoy.com.ar\/wp-content\/uploads\/2022\/01\/5MRA5340.jpg?resize=300%2C200&amp;ssl=1 300w, https:\/\/i0.wp.com\/talcomosoy.com.ar\/wp-content\/uploads\/2022\/01\/5MRA5340.jpg?resize=1024%2C683&amp;ssl=1 1024w, https:\/\/i0.wp.com\/talcomosoy.com.ar\/wp-content\/uploads\/2022\/01\/5MRA5340.jpg?resize=768%2C512&amp;ssl=1 768w, https:\/\/i0.wp.com\/talcomosoy.com.ar\/wp-content\/uploads\/2022\/01\/5MRA5340.jpg?resize=1536%2C1024&amp;ssl=1 1536w, https:\/\/i0.wp.com\/talcomosoy.com.ar\/wp-content\/uploads\/2022\/01\/5MRA5340.jpg?resize=2048%2C1366&amp;ssl=1 2048w, https:\/\/i0.wp.com\/talcomosoy.com.ar\/wp-content\/uploads\/2022\/01\/5MRA5340.jpg?w=1280&amp;ssl=1 1280w, https:\/\/i0.wp.com\/talcomosoy.com.ar\/wp-content\/uploads\/2022\/01\/5MRA5340.jpg?w=1920&amp;ssl=1 1920w\" sizes=\"auto, (max-width: 640px) 100vw, 640px\" \/><\/p>\n<p>&nbsp;<\/p>\n<p>\u201c<em>Ese ruido de las barras de las reinas, esos aplausos de la gente, el color y el alma que le ponen los artistas, para m\u00ed es hermoso. La vendimia es un canto a la vida, un canto a la cultura y al trabajo, m\u00e1s a\u00fan en estos tiempos de pandemia<\/em>\u201d, expres\u00f3 el jefe comunal.<\/p>\n<p>La Reina Nacional de la Vendimia 2020-2021, Mayra Tous, ocup\u00f3 la primera fila de invitados, acompa\u00f1ada por soberanas departamentales electas en estas \u00faltimas semanas de celebraci\u00f3n en la provincia. \u201cEstoy muy feliz de estar en Las Heras que siempre hace unas vendimias incre\u00edbles, en un escenario magn\u00edfico y esperando a la nueva reina de la Vendimia con los brazos abiertos\u201d, expres\u00f3 durante la previa de la fiesta lasherina.<\/p>\n<p>Ante las sentidas palabras de la reina departamental Candela \u00c1vila y su virreina Romina Mart\u00ednez, quien no pudo evitar las l\u00e1grimas al despedirse del trono, dio comienzo \u201cRacimo de h\u00e9roes\u201d.<\/p>\n<p>El espect\u00e1culo repas\u00f3 cuadros t\u00edpicos de vendimia y otros modernos, para contar una historia de h\u00e9roes y hero\u00ednas, figuras que todos pudimos reconocer, otras menos populares como las mujeres de la Gesta Libertadora en la cuna sanmartiniana que es Las Heras; y los vecinos y las vecinas de la vida cotidiana de este pueblo que hacen a la identidad del departamento. Un lugar que lleva el orgullo de su historia y presente, de valores solidarios, orgulloso de su tierra y bellezas naturales, de pasiones y esp\u00edritu pujante.<\/p>\n<p>Una hora fue suficiente para conmover y divertir al p\u00fablico por igual, en una puesta escenogr\u00e1fica de gran magnitud, que destac\u00f3 en la fusi\u00f3n de texturas, colores y dise\u00f1os del vestuario, la utilizaci\u00f3n del fl\u00faor en utiler\u00eda y un tejido visual donde las cinco grandes pantallas de diferentes dimensiones fueron protagonistas.<\/p>\n<p>&nbsp;<\/p>\n<p><em>Fotograf\u00edas y texto, gentileza de Prensa Las Heras<\/em><\/p>\n","protected":false},"excerpt":{"rendered":"<p>Con 44 votos, la representante de El Challao se coron\u00f3 este viernes tras el espect\u00e1culo<\/p>\n","protected":false},"author":1,"featured_media":6573,"comment_status":"closed","ping_status":"closed","sticky":false,"template":"","format":"standard","meta":{"_jetpack_newsletter_access":"","_jetpack_dont_email_post_to_subs":false,"_jetpack_newsletter_tier_id":0,"_jetpack_memberships_contains_paywalled_content":false,"_jetpack_feature_clip_id":0,"_jetpack_memberships_contains_paid_content":false,"footnotes":"","jetpack_publicize_message":"","jetpack_publicize_feature_enabled":true,"jetpack_social_post_already_shared":true,"jetpack_social_options":{"image_generator_settings":{"template":"highway","default_image_id":0,"font":"","enabled":false},"version":2},"jetpack_post_was_ever_published":false},"categories":[59,40],"tags":[],"class_list":["post-6572","post","type-post","status-publish","format-standard","has-post-thumbnail","hentry","category-las-heras","category-vendimia"],"yoast_head":"<!-- This site is optimized with the Yoast SEO plugin v28.4 - https:\/\/yoast.com\/product\/yoast-seo-wordpress\/ -->\n<title>Ail\u00edn Mayorga es la nueva reina de la Vendimia de Las Heras 2022 - Tal Como Soy<\/title>\n<meta name=\"robots\" content=\"index, follow, max-snippet:-1, max-image-preview:large, max-video-preview:-1\" \/>\n<link rel=\"canonical\" href=\"https:\/\/talcomosoy.com.ar\/index.php\/ailin-mayorga-es-la-nueva-reina-de-la-vendimia-de-las-heras-2022\/\" \/>\n<meta property=\"og:locale\" content=\"es_ES\" \/>\n<meta property=\"og:type\" content=\"article\" \/>\n<meta property=\"og:title\" content=\"Ail\u00edn Mayorga es la nueva reina de la Vendimia de Las Heras 2022 - Tal Como Soy\" \/>\n<meta property=\"og:description\" content=\"Con 44 votos, la representante de El Challao se coron\u00f3 este viernes tras el espect\u00e1culo\" \/>\n<meta property=\"og:url\" content=\"https:\/\/talcomosoy.com.ar\/index.php\/ailin-mayorga-es-la-nueva-reina-de-la-vendimia-de-las-heras-2022\/\" \/>\n<meta property=\"og:site_name\" content=\"Tal Como Soy\" \/>\n<meta property=\"article:publisher\" content=\"https:\/\/www.facebook.com\/talcomosoyok\" \/>\n<meta property=\"article:author\" content=\"https:\/\/www.facebook.com\/sindamiranda\" \/>\n<meta property=\"article:published_time\" content=\"2022-01-29T16:04:58+00:00\" \/>\n<meta property=\"article:modified_time\" content=\"2022-01-29T16:05:41+00:00\" \/>\n<meta property=\"og:image\" content=\"https:\/\/i0.wp.com\/talcomosoy.com.ar\/wp-content\/uploads\/2022\/01\/5MRA5345-1.jpg?fit=2500%2C1667&ssl=1\" \/>\n\t<meta property=\"og:image:width\" content=\"2500\" \/>\n\t<meta property=\"og:image:height\" content=\"1667\" \/>\n\t<meta property=\"og:image:type\" content=\"image\/jpeg\" \/>\n<meta name=\"author\" content=\"Sinda Miranda\" \/>\n<meta name=\"twitter:card\" content=\"summary_large_image\" \/>\n<meta name=\"twitter:creator\" content=\"@sindamiranda\" \/>\n<meta name=\"twitter:site\" content=\"@talcomosoyok\" \/>\n<meta name=\"twitter:label1\" content=\"Escrito por\" \/>\n\t<meta name=\"twitter:data1\" content=\"Sinda Miranda\" \/>\n\t<meta name=\"twitter:label2\" content=\"Tiempo de lectura\" \/>\n\t<meta name=\"twitter:data2\" content=\"5 minutos\" \/>\n<script type=\"application\/ld+json\" class=\"yoast-schema-graph\">{\"@context\":\"https:\\\/\\\/schema.org\",\"@graph\":[{\"@type\":\"Article\",\"@id\":\"https:\\\/\\\/talcomosoy.com.ar\\\/index.php\\\/ailin-mayorga-es-la-nueva-reina-de-la-vendimia-de-las-heras-2022\\\/#article\",\"isPartOf\":{\"@id\":\"https:\\\/\\\/talcomosoy.com.ar\\\/index.php\\\/ailin-mayorga-es-la-nueva-reina-de-la-vendimia-de-las-heras-2022\\\/\"},\"author\":{\"name\":\"Sinda Miranda\",\"@id\":\"https:\\\/\\\/talcomosoy.com.ar\\\/#\\\/schema\\\/person\\\/496b3561bd436afcf2be92147ff855c9\"},\"headline\":\"Ail\u00edn Mayorga es la nueva reina de la Vendimia de Las Heras 2022\",\"datePublished\":\"2022-01-29T16:04:58+00:00\",\"dateModified\":\"2022-01-29T16:05:41+00:00\",\"mainEntityOfPage\":{\"@id\":\"https:\\\/\\\/talcomosoy.com.ar\\\/index.php\\\/ailin-mayorga-es-la-nueva-reina-de-la-vendimia-de-las-heras-2022\\\/\"},\"wordCount\":943,\"publisher\":{\"@id\":\"https:\\\/\\\/talcomosoy.com.ar\\\/#organization\"},\"image\":{\"@id\":\"https:\\\/\\\/talcomosoy.com.ar\\\/index.php\\\/ailin-mayorga-es-la-nueva-reina-de-la-vendimia-de-las-heras-2022\\\/#primaryimage\"},\"thumbnailUrl\":\"https:\\\/\\\/i0.wp.com\\\/talcomosoy.com.ar\\\/wp-content\\\/uploads\\\/2022\\\/01\\\/5MRA5345-1.jpg?fit=2500%2C1667&ssl=1\",\"articleSection\":[\"Las Heras\",\"Vendimia\"],\"inLanguage\":\"es\"},{\"@type\":\"WebPage\",\"@id\":\"https:\\\/\\\/talcomosoy.com.ar\\\/index.php\\\/ailin-mayorga-es-la-nueva-reina-de-la-vendimia-de-las-heras-2022\\\/\",\"url\":\"https:\\\/\\\/talcomosoy.com.ar\\\/index.php\\\/ailin-mayorga-es-la-nueva-reina-de-la-vendimia-de-las-heras-2022\\\/\",\"name\":\"Ail\u00edn Mayorga es la nueva reina de la Vendimia de Las Heras 2022 - Tal Como Soy\",\"isPartOf\":{\"@id\":\"https:\\\/\\\/talcomosoy.com.ar\\\/#website\"},\"primaryImageOfPage\":{\"@id\":\"https:\\\/\\\/talcomosoy.com.ar\\\/index.php\\\/ailin-mayorga-es-la-nueva-reina-de-la-vendimia-de-las-heras-2022\\\/#primaryimage\"},\"image\":{\"@id\":\"https:\\\/\\\/talcomosoy.com.ar\\\/index.php\\\/ailin-mayorga-es-la-nueva-reina-de-la-vendimia-de-las-heras-2022\\\/#primaryimage\"},\"thumbnailUrl\":\"https:\\\/\\\/i0.wp.com\\\/talcomosoy.com.ar\\\/wp-content\\\/uploads\\\/2022\\\/01\\\/5MRA5345-1.jpg?fit=2500%2C1667&ssl=1\",\"datePublished\":\"2022-01-29T16:04:58+00:00\",\"dateModified\":\"2022-01-29T16:05:41+00:00\",\"inLanguage\":\"es\",\"potentialAction\":[{\"@type\":\"ReadAction\",\"target\":[\"https:\\\/\\\/talcomosoy.com.ar\\\/index.php\\\/ailin-mayorga-es-la-nueva-reina-de-la-vendimia-de-las-heras-2022\\\/\"]}]},{\"@type\":\"ImageObject\",\"inLanguage\":\"es\",\"@id\":\"https:\\\/\\\/talcomosoy.com.ar\\\/index.php\\\/ailin-mayorga-es-la-nueva-reina-de-la-vendimia-de-las-heras-2022\\\/#primaryimage\",\"url\":\"https:\\\/\\\/i0.wp.com\\\/talcomosoy.com.ar\\\/wp-content\\\/uploads\\\/2022\\\/01\\\/5MRA5345-1.jpg?fit=2500%2C1667&ssl=1\",\"contentUrl\":\"https:\\\/\\\/i0.wp.com\\\/talcomosoy.com.ar\\\/wp-content\\\/uploads\\\/2022\\\/01\\\/5MRA5345-1.jpg?fit=2500%2C1667&ssl=1\",\"width\":2500,\"height\":1667},{\"@type\":\"WebSite\",\"@id\":\"https:\\\/\\\/talcomosoy.com.ar\\\/#website\",\"url\":\"https:\\\/\\\/talcomosoy.com.ar\\\/\",\"name\":\"Tal Como Soy\",\"description\":\"Magazine Musical Digital\",\"publisher\":{\"@id\":\"https:\\\/\\\/talcomosoy.com.ar\\\/#organization\"},\"potentialAction\":[{\"@type\":\"SearchAction\",\"target\":{\"@type\":\"EntryPoint\",\"urlTemplate\":\"https:\\\/\\\/talcomosoy.com.ar\\\/?s={search_term_string}\"},\"query-input\":{\"@type\":\"PropertyValueSpecification\",\"valueRequired\":true,\"valueName\":\"search_term_string\"}}],\"inLanguage\":\"es\"},{\"@type\":\"Organization\",\"@id\":\"https:\\\/\\\/talcomosoy.com.ar\\\/#organization\",\"name\":\"Tal Como Soy\",\"url\":\"https:\\\/\\\/talcomosoy.com.ar\\\/\",\"logo\":{\"@type\":\"ImageObject\",\"inLanguage\":\"es\",\"@id\":\"https:\\\/\\\/talcomosoy.com.ar\\\/#\\\/schema\\\/logo\\\/image\\\/\",\"url\":\"https:\\\/\\\/i0.wp.com\\\/talcomosoy.com.ar\\\/wp-content\\\/uploads\\\/2020\\\/02\\\/PUA-2020-TRANSPARENTE.png?fit=570%2C382&ssl=1\",\"contentUrl\":\"https:\\\/\\\/i0.wp.com\\\/talcomosoy.com.ar\\\/wp-content\\\/uploads\\\/2020\\\/02\\\/PUA-2020-TRANSPARENTE.png?fit=570%2C382&ssl=1\",\"width\":570,\"height\":382,\"caption\":\"Tal Como Soy\"},\"image\":{\"@id\":\"https:\\\/\\\/talcomosoy.com.ar\\\/#\\\/schema\\\/logo\\\/image\\\/\"},\"sameAs\":[\"https:\\\/\\\/www.facebook.com\\\/talcomosoyok\",\"https:\\\/\\\/x.com\\\/talcomosoyok\",\"https:\\\/\\\/www.instagram.com\\\/talcomosoyok\",\"https:\\\/\\\/www.youtube.com\\\/channel\\\/UCrutZzYQmd9Fe8pEm5wqsiw\"]},{\"@type\":\"Person\",\"@id\":\"https:\\\/\\\/talcomosoy.com.ar\\\/#\\\/schema\\\/person\\\/496b3561bd436afcf2be92147ff855c9\",\"name\":\"Sinda Miranda\",\"image\":{\"@type\":\"ImageObject\",\"inLanguage\":\"es\",\"@id\":\"https:\\\/\\\/secure.gravatar.com\\\/avatar\\\/ab0e992fc0b7117fe730d00fb0e44073b1fd6e28d69de8e7ac3103f1396f445e?s=96&d=mm&r=g\",\"url\":\"https:\\\/\\\/secure.gravatar.com\\\/avatar\\\/ab0e992fc0b7117fe730d00fb0e44073b1fd6e28d69de8e7ac3103f1396f445e?s=96&d=mm&r=g\",\"contentUrl\":\"https:\\\/\\\/secure.gravatar.com\\\/avatar\\\/ab0e992fc0b7117fe730d00fb0e44073b1fd6e28d69de8e7ac3103f1396f445e?s=96&d=mm&r=g\",\"caption\":\"Sinda Miranda\"},\"description\":\"Escritora, Fot\u00f3grafa, Agente de Prensa\",\"sameAs\":[\"https:\\\/\\\/www.facebook.com\\\/sindamiranda\",\"https:\\\/\\\/www.instagram.com\\\/sindamiranda\",\"https:\\\/\\\/x.com\\\/sindamiranda\"],\"url\":\"https:\\\/\\\/talcomosoy.com.ar\\\/index.php\\\/author\\\/sindamirandatcs\\\/\"}]}<\/script>\n<!-- \/ Yoast SEO plugin. -->","yoast_head_json":{"title":"Ail\u00edn Mayorga es la nueva reina de la Vendimia de Las Heras 2022 - Tal Como Soy","robots":{"index":"index","follow":"follow","max-snippet":"max-snippet:-1","max-image-preview":"max-image-preview:large","max-video-preview":"max-video-preview:-1"},"canonical":"https:\/\/talcomosoy.com.ar\/index.php\/ailin-mayorga-es-la-nueva-reina-de-la-vendimia-de-las-heras-2022\/","og_locale":"es_ES","og_type":"article","og_title":"Ail\u00edn Mayorga es la nueva reina de la Vendimia de Las Heras 2022 - Tal Como Soy","og_description":"Con 44 votos, la representante de El Challao se coron\u00f3 este viernes tras el espect\u00e1culo","og_url":"https:\/\/talcomosoy.com.ar\/index.php\/ailin-mayorga-es-la-nueva-reina-de-la-vendimia-de-las-heras-2022\/","og_site_name":"Tal Como Soy","article_publisher":"https:\/\/www.facebook.com\/talcomosoyok","article_author":"https:\/\/www.facebook.com\/sindamiranda","article_published_time":"2022-01-29T16:04:58+00:00","article_modified_time":"2022-01-29T16:05:41+00:00","og_image":[{"width":2500,"height":1667,"url":"https:\/\/i0.wp.com\/talcomosoy.com.ar\/wp-content\/uploads\/2022\/01\/5MRA5345-1.jpg?fit=2500%2C1667&ssl=1","type":"image\/jpeg"}],"author":"Sinda Miranda","twitter_card":"summary_large_image","twitter_creator":"@sindamiranda","twitter_site":"@talcomosoyok","twitter_misc":{"Escrito por":"Sinda Miranda","Tiempo de lectura":"5 minutos"},"schema":{"@context":"https:\/\/schema.org","@graph":[{"@type":"Article","@id":"https:\/\/talcomosoy.com.ar\/index.php\/ailin-mayorga-es-la-nueva-reina-de-la-vendimia-de-las-heras-2022\/#article","isPartOf":{"@id":"https:\/\/talcomosoy.com.ar\/index.php\/ailin-mayorga-es-la-nueva-reina-de-la-vendimia-de-las-heras-2022\/"},"author":{"name":"Sinda Miranda","@id":"https:\/\/talcomosoy.com.ar\/#\/schema\/person\/496b3561bd436afcf2be92147ff855c9"},"headline":"Ail\u00edn Mayorga es la nueva reina de la Vendimia de Las Heras 2022","datePublished":"2022-01-29T16:04:58+00:00","dateModified":"2022-01-29T16:05:41+00:00","mainEntityOfPage":{"@id":"https:\/\/talcomosoy.com.ar\/index.php\/ailin-mayorga-es-la-nueva-reina-de-la-vendimia-de-las-heras-2022\/"},"wordCount":943,"publisher":{"@id":"https:\/\/talcomosoy.com.ar\/#organization"},"image":{"@id":"https:\/\/talcomosoy.com.ar\/index.php\/ailin-mayorga-es-la-nueva-reina-de-la-vendimia-de-las-heras-2022\/#primaryimage"},"thumbnailUrl":"https:\/\/i0.wp.com\/talcomosoy.com.ar\/wp-content\/uploads\/2022\/01\/5MRA5345-1.jpg?fit=2500%2C1667&ssl=1","articleSection":["Las Heras","Vendimia"],"inLanguage":"es"},{"@type":"WebPage","@id":"https:\/\/talcomosoy.com.ar\/index.php\/ailin-mayorga-es-la-nueva-reina-de-la-vendimia-de-las-heras-2022\/","url":"https:\/\/talcomosoy.com.ar\/index.php\/ailin-mayorga-es-la-nueva-reina-de-la-vendimia-de-las-heras-2022\/","name":"Ail\u00edn Mayorga es la nueva reina de la Vendimia de Las Heras 2022 - Tal Como Soy","isPartOf":{"@id":"https:\/\/talcomosoy.com.ar\/#website"},"primaryImageOfPage":{"@id":"https:\/\/talcomosoy.com.ar\/index.php\/ailin-mayorga-es-la-nueva-reina-de-la-vendimia-de-las-heras-2022\/#primaryimage"},"image":{"@id":"https:\/\/talcomosoy.com.ar\/index.php\/ailin-mayorga-es-la-nueva-reina-de-la-vendimia-de-las-heras-2022\/#primaryimage"},"thumbnailUrl":"https:\/\/i0.wp.com\/talcomosoy.com.ar\/wp-content\/uploads\/2022\/01\/5MRA5345-1.jpg?fit=2500%2C1667&ssl=1","datePublished":"2022-01-29T16:04:58+00:00","dateModified":"2022-01-29T16:05:41+00:00","inLanguage":"es","potentialAction":[{"@type":"ReadAction","target":["https:\/\/talcomosoy.com.ar\/index.php\/ailin-mayorga-es-la-nueva-reina-de-la-vendimia-de-las-heras-2022\/"]}]},{"@type":"ImageObject","inLanguage":"es","@id":"https:\/\/talcomosoy.com.ar\/index.php\/ailin-mayorga-es-la-nueva-reina-de-la-vendimia-de-las-heras-2022\/#primaryimage","url":"https:\/\/i0.wp.com\/talcomosoy.com.ar\/wp-content\/uploads\/2022\/01\/5MRA5345-1.jpg?fit=2500%2C1667&ssl=1","contentUrl":"https:\/\/i0.wp.com\/talcomosoy.com.ar\/wp-content\/uploads\/2022\/01\/5MRA5345-1.jpg?fit=2500%2C1667&ssl=1","width":2500,"height":1667},{"@type":"WebSite","@id":"https:\/\/talcomosoy.com.ar\/#website","url":"https:\/\/talcomosoy.com.ar\/","name":"Tal Como Soy","description":"Magazine Musical Digital","publisher":{"@id":"https:\/\/talcomosoy.com.ar\/#organization"},"potentialAction":[{"@type":"SearchAction","target":{"@type":"EntryPoint","urlTemplate":"https:\/\/talcomosoy.com.ar\/?s={search_term_string}"},"query-input":{"@type":"PropertyValueSpecification","valueRequired":true,"valueName":"search_term_string"}}],"inLanguage":"es"},{"@type":"Organization","@id":"https:\/\/talcomosoy.com.ar\/#organization","name":"Tal Como Soy","url":"https:\/\/talcomosoy.com.ar\/","logo":{"@type":"ImageObject","inLanguage":"es","@id":"https:\/\/talcomosoy.com.ar\/#\/schema\/logo\/image\/","url":"https:\/\/i0.wp.com\/talcomosoy.com.ar\/wp-content\/uploads\/2020\/02\/PUA-2020-TRANSPARENTE.png?fit=570%2C382&ssl=1","contentUrl":"https:\/\/i0.wp.com\/talcomosoy.com.ar\/wp-content\/uploads\/2020\/02\/PUA-2020-TRANSPARENTE.png?fit=570%2C382&ssl=1","width":570,"height":382,"caption":"Tal Como Soy"},"image":{"@id":"https:\/\/talcomosoy.com.ar\/#\/schema\/logo\/image\/"},"sameAs":["https:\/\/www.facebook.com\/talcomosoyok","https:\/\/x.com\/talcomosoyok","https:\/\/www.instagram.com\/talcomosoyok","https:\/\/www.youtube.com\/channel\/UCrutZzYQmd9Fe8pEm5wqsiw"]},{"@type":"Person","@id":"https:\/\/talcomosoy.com.ar\/#\/schema\/person\/496b3561bd436afcf2be92147ff855c9","name":"Sinda Miranda","image":{"@type":"ImageObject","inLanguage":"es","@id":"https:\/\/secure.gravatar.com\/avatar\/ab0e992fc0b7117fe730d00fb0e44073b1fd6e28d69de8e7ac3103f1396f445e?s=96&d=mm&r=g","url":"https:\/\/secure.gravatar.com\/avatar\/ab0e992fc0b7117fe730d00fb0e44073b1fd6e28d69de8e7ac3103f1396f445e?s=96&d=mm&r=g","contentUrl":"https:\/\/secure.gravatar.com\/avatar\/ab0e992fc0b7117fe730d00fb0e44073b1fd6e28d69de8e7ac3103f1396f445e?s=96&d=mm&r=g","caption":"Sinda Miranda"},"description":"Escritora, Fot\u00f3grafa, Agente de Prensa","sameAs":["https:\/\/www.facebook.com\/sindamiranda","https:\/\/www.instagram.com\/sindamiranda","https:\/\/x.com\/sindamiranda"],"url":"https:\/\/talcomosoy.com.ar\/index.php\/author\/sindamirandatcs\/"}]}},"jetpack_publicize_connections":[],"jetpack_sharing_enabled":true,"jetpack_likes_enabled":true,"jetpack_featured_media_url":"https:\/\/i0.wp.com\/talcomosoy.com.ar\/wp-content\/uploads\/2022\/01\/5MRA5345-1.jpg?fit=2500%2C1667&ssl=1","_links":{"self":[{"href":"https:\/\/talcomosoy.com.ar\/index.php\/wp-json\/wp\/v2\/posts\/6572","targetHints":{"allow":["GET"]}}],"collection":[{"href":"https:\/\/talcomosoy.com.ar\/index.php\/wp-json\/wp\/v2\/posts"}],"about":[{"href":"https:\/\/talcomosoy.com.ar\/index.php\/wp-json\/wp\/v2\/types\/post"}],"author":[{"embeddable":true,"href":"https:\/\/talcomosoy.com.ar\/index.php\/wp-json\/wp\/v2\/users\/1"}],"replies":[{"embeddable":true,"href":"https:\/\/talcomosoy.com.ar\/index.php\/wp-json\/wp\/v2\/comments?post=6572"}],"version-history":[{"count":2,"href":"https:\/\/talcomosoy.com.ar\/index.php\/wp-json\/wp\/v2\/posts\/6572\/revisions"}],"predecessor-version":[{"id":6576,"href":"https:\/\/talcomosoy.com.ar\/index.php\/wp-json\/wp\/v2\/posts\/6572\/revisions\/6576"}],"wp:featuredmedia":[{"embeddable":true,"href":"https:\/\/talcomosoy.com.ar\/index.php\/wp-json\/wp\/v2\/media\/6573"}],"wp:attachment":[{"href":"https:\/\/talcomosoy.com.ar\/index.php\/wp-json\/wp\/v2\/media?parent=6572"}],"wp:term":[{"taxonomy":"category","embeddable":true,"href":"https:\/\/talcomosoy.com.ar\/index.php\/wp-json\/wp\/v2\/categories?post=6572"},{"taxonomy":"post_tag","embeddable":true,"href":"https:\/\/talcomosoy.com.ar\/index.php\/wp-json\/wp\/v2\/tags?post=6572"}],"curies":[{"name":"wp","href":"https:\/\/api.w.org\/{rel}","templated":true}]}}