{"id":6548,"date":"2022-01-27T11:26:38","date_gmt":"2022-01-27T14:26:38","guid":{"rendered":"https:\/\/talcomosoy.com.ar\/?p=6548"},"modified":"2022-01-27T11:26:38","modified_gmt":"2022-01-27T14:26:38","slug":"atardecer-en-arizu-musica-electronica-cuando-se-esconde-el-sol-en-godoy-cruz","status":"publish","type":"post","link":"https:\/\/talcomosoy.com.ar\/index.php\/atardecer-en-arizu-musica-electronica-cuando-se-esconde-el-sol-en-godoy-cruz\/","title":{"rendered":"\u00abAtardecer en Arizu\u00bb: M\u00fasica electr\u00f3nica cuando se esconde el sol en Godoy Cruz"},"content":{"rendered":"<h3>Una nueva alternativa llega para copar el verano. Se trata de \u201cAtardecer en Arizu\u201d, un ciclo en el que destacados Djs de nuestra provincia prender\u00e1n la escena con sus creaciones musicales.<\/h3>\n<p>&nbsp;<\/p>\n<p><strong>El pr\u00f3ximo viernes 28, a las 20 horas, al caer el sol los sonidos se encienden, con una propuesta pensada para relajarse entre amigos, con la mejor m\u00fasica e importantes artistas en las bandejas.<\/strong><\/p>\n<p>Uno de los puntos culturales m\u00e1s importantes del <strong>Veraneando Ando<\/strong> vuelve a ser el centro de la actividad cultural del departamento, con sets comandados por el <strong>d\u00fao Myoos y Agustina Aliaga<\/strong>.<\/p>\n<p>Quienes visiten el predio, podr\u00e1n sentarse y apreciar de cerca a los anfitriones de la fecha en vivo o dejarse llevar por el ritmo y bailar en la pista sin inhibiciones.<\/p>\n<p><strong>La entrada ser\u00e1 gratuita y por orden de llegada, hasta alcanzar la capacidad de 250 personas.<\/strong><\/p>\n<p>Adem\u00e1s de una en\u00e9rgica sesi\u00f3n de variados ritmos, el p\u00fablico podr\u00e1 elegir entre distintas ofertas gastron\u00f3micas de Foodtrucks, en un clima rodeado de la mejor onda y el disfrute.<\/p>\n<p>&nbsp;<\/p>\n<h3>Sobre los artistas<\/h3>\n<p>&nbsp;<\/p>\n<p>En 2018, <strong>Myoos<\/strong> empez\u00f3 a incursionar en la producci\u00f3n propia de m\u00fasica electr\u00f3nica. Luego decidi\u00f3 avanzar en la formalizaci\u00f3n y unificaci\u00f3n del d\u00fao.<\/p>\n<p>El proceso evolutivo de su estilo fue mutando debido a los nuevos conocimientos de producci\u00f3n musical que adquirieron sus integrantes.<\/p>\n<p>Esto les permiti\u00f3 mantener una l\u00ednea de crecimiento, adaptaci\u00f3n y cambio permanente para tocar en diversos formatos.<\/p>\n<p>Por otro lado, <strong>Agustina Aliaga<\/strong> es una Dj y productora mendocina que se introdujo en la m\u00fasica a temprana edad.<\/p>\n<p>En el 2019 comenz\u00f3 su inter\u00e9s por la electr\u00f3nica, lo que la llev\u00f3 a tomar clases para poder profesionalizarse en este \u00e1mbito.<\/p>\n<p>En la actualidad ya cuenta con temas realizados y producciones que ver\u00e1n la luz muy pronto. La versatilidad es una caracter\u00edstica que est\u00e1 presente en sus sets.<\/p>\n","protected":false},"excerpt":{"rendered":"<p>Una nueva alternativa llega para copar el verano. Se trata de \u201cAtardecer en Arizu\u201d, un<\/p>\n","protected":false},"author":1,"featured_media":6549,"comment_status":"closed","ping_status":"closed","sticky":false,"template":"","format":"standard","meta":{"_jetpack_newsletter_access":"","_jetpack_dont_email_post_to_subs":false,"_jetpack_newsletter_tier_id":0,"_jetpack_memberships_contains_paywalled_content":false,"_jetpack_feature_clip_id":0,"_jetpack_memberships_contains_paid_content":false,"footnotes":"","jetpack_publicize_message":"","jetpack_publicize_feature_enabled":true,"jetpack_social_post_already_shared":true,"jetpack_social_options":{"image_generator_settings":{"template":"highway","default_image_id":0,"font":"","enabled":false},"version":2},"jetpack_post_was_ever_published":false},"categories":[44,2],"tags":[],"class_list":["post-6548","post","type-post","status-publish","format-standard","has-post-thumbnail","hentry","category-godoy-cruz","category-musica"],"yoast_head":"<!-- This site is optimized with the Yoast SEO plugin v28.4 - https:\/\/yoast.com\/product\/yoast-seo-wordpress\/ -->\n<title>&quot;Atardecer en Arizu&quot;: M\u00fasica electr\u00f3nica cuando se esconde el sol en Godoy Cruz - Tal Como Soy<\/title>\n<meta name=\"robots\" content=\"index, follow, max-snippet:-1, max-image-preview:large, max-video-preview:-1\" \/>\n<link rel=\"canonical\" href=\"https:\/\/talcomosoy.com.ar\/index.php\/atardecer-en-arizu-musica-electronica-cuando-se-esconde-el-sol-en-godoy-cruz\/\" \/>\n<meta property=\"og:locale\" content=\"es_ES\" \/>\n<meta property=\"og:type\" content=\"article\" \/>\n<meta property=\"og:title\" content=\"&quot;Atardecer en Arizu&quot;: M\u00fasica electr\u00f3nica cuando se esconde el sol en Godoy Cruz - Tal Como Soy\" \/>\n<meta property=\"og:description\" content=\"Una nueva alternativa llega para copar el verano. Se trata de \u201cAtardecer en Arizu\u201d, un\" \/>\n<meta property=\"og:url\" content=\"https:\/\/talcomosoy.com.ar\/index.php\/atardecer-en-arizu-musica-electronica-cuando-se-esconde-el-sol-en-godoy-cruz\/\" \/>\n<meta property=\"og:site_name\" content=\"Tal Como Soy\" \/>\n<meta property=\"article:publisher\" content=\"https:\/\/www.facebook.com\/talcomosoyok\" \/>\n<meta property=\"article:author\" content=\"https:\/\/www.facebook.com\/sindamiranda\" \/>\n<meta property=\"article:published_time\" content=\"2022-01-27T14:26:38+00:00\" \/>\n<meta property=\"og:image\" content=\"https:\/\/i0.wp.com\/talcomosoy.com.ar\/wp-content\/uploads\/2022\/01\/Agus-Aliaga-1.jpg?fit=772%2C624&ssl=1\" \/>\n\t<meta property=\"og:image:width\" content=\"772\" \/>\n\t<meta property=\"og:image:height\" content=\"624\" \/>\n\t<meta property=\"og:image:type\" content=\"image\/jpeg\" \/>\n<meta name=\"author\" content=\"Sinda Miranda\" \/>\n<meta name=\"twitter:card\" content=\"summary_large_image\" \/>\n<meta name=\"twitter:creator\" content=\"@sindamiranda\" \/>\n<meta name=\"twitter:site\" content=\"@talcomosoyok\" \/>\n<meta name=\"twitter:label1\" content=\"Escrito por\" \/>\n\t<meta name=\"twitter:data1\" content=\"Sinda Miranda\" \/>\n\t<meta name=\"twitter:label2\" content=\"Tiempo de lectura\" \/>\n\t<meta name=\"twitter:data2\" content=\"2 minutos\" \/>\n<script type=\"application\/ld+json\" class=\"yoast-schema-graph\">{\"@context\":\"https:\\\/\\\/schema.org\",\"@graph\":[{\"@type\":\"Article\",\"@id\":\"https:\\\/\\\/talcomosoy.com.ar\\\/index.php\\\/atardecer-en-arizu-musica-electronica-cuando-se-esconde-el-sol-en-godoy-cruz\\\/#article\",\"isPartOf\":{\"@id\":\"https:\\\/\\\/talcomosoy.com.ar\\\/index.php\\\/atardecer-en-arizu-musica-electronica-cuando-se-esconde-el-sol-en-godoy-cruz\\\/\"},\"author\":{\"name\":\"Sinda Miranda\",\"@id\":\"https:\\\/\\\/talcomosoy.com.ar\\\/#\\\/schema\\\/person\\\/496b3561bd436afcf2be92147ff855c9\"},\"headline\":\"\u00abAtardecer en Arizu\u00bb: M\u00fasica electr\u00f3nica cuando se esconde el sol en Godoy Cruz\",\"datePublished\":\"2022-01-27T14:26:38+00:00\",\"mainEntityOfPage\":{\"@id\":\"https:\\\/\\\/talcomosoy.com.ar\\\/index.php\\\/atardecer-en-arizu-musica-electronica-cuando-se-esconde-el-sol-en-godoy-cruz\\\/\"},\"wordCount\":342,\"publisher\":{\"@id\":\"https:\\\/\\\/talcomosoy.com.ar\\\/#organization\"},\"image\":{\"@id\":\"https:\\\/\\\/talcomosoy.com.ar\\\/index.php\\\/atardecer-en-arizu-musica-electronica-cuando-se-esconde-el-sol-en-godoy-cruz\\\/#primaryimage\"},\"thumbnailUrl\":\"https:\\\/\\\/i0.wp.com\\\/talcomosoy.com.ar\\\/wp-content\\\/uploads\\\/2022\\\/01\\\/Agus-Aliaga-1.jpg?fit=772%2C624&ssl=1\",\"articleSection\":[\"Godoy Cruz\",\"M\u00fasica\"],\"inLanguage\":\"es\"},{\"@type\":\"WebPage\",\"@id\":\"https:\\\/\\\/talcomosoy.com.ar\\\/index.php\\\/atardecer-en-arizu-musica-electronica-cuando-se-esconde-el-sol-en-godoy-cruz\\\/\",\"url\":\"https:\\\/\\\/talcomosoy.com.ar\\\/index.php\\\/atardecer-en-arizu-musica-electronica-cuando-se-esconde-el-sol-en-godoy-cruz\\\/\",\"name\":\"\\\"Atardecer en Arizu\\\": M\u00fasica electr\u00f3nica cuando se esconde el sol en Godoy Cruz - Tal Como Soy\",\"isPartOf\":{\"@id\":\"https:\\\/\\\/talcomosoy.com.ar\\\/#website\"},\"primaryImageOfPage\":{\"@id\":\"https:\\\/\\\/talcomosoy.com.ar\\\/index.php\\\/atardecer-en-arizu-musica-electronica-cuando-se-esconde-el-sol-en-godoy-cruz\\\/#primaryimage\"},\"image\":{\"@id\":\"https:\\\/\\\/talcomosoy.com.ar\\\/index.php\\\/atardecer-en-arizu-musica-electronica-cuando-se-esconde-el-sol-en-godoy-cruz\\\/#primaryimage\"},\"thumbnailUrl\":\"https:\\\/\\\/i0.wp.com\\\/talcomosoy.com.ar\\\/wp-content\\\/uploads\\\/2022\\\/01\\\/Agus-Aliaga-1.jpg?fit=772%2C624&ssl=1\",\"datePublished\":\"2022-01-27T14:26:38+00:00\",\"inLanguage\":\"es\",\"potentialAction\":[{\"@type\":\"ReadAction\",\"target\":[\"https:\\\/\\\/talcomosoy.com.ar\\\/index.php\\\/atardecer-en-arizu-musica-electronica-cuando-se-esconde-el-sol-en-godoy-cruz\\\/\"]}]},{\"@type\":\"ImageObject\",\"inLanguage\":\"es\",\"@id\":\"https:\\\/\\\/talcomosoy.com.ar\\\/index.php\\\/atardecer-en-arizu-musica-electronica-cuando-se-esconde-el-sol-en-godoy-cruz\\\/#primaryimage\",\"url\":\"https:\\\/\\\/i0.wp.com\\\/talcomosoy.com.ar\\\/wp-content\\\/uploads\\\/2022\\\/01\\\/Agus-Aliaga-1.jpg?fit=772%2C624&ssl=1\",\"contentUrl\":\"https:\\\/\\\/i0.wp.com\\\/talcomosoy.com.ar\\\/wp-content\\\/uploads\\\/2022\\\/01\\\/Agus-Aliaga-1.jpg?fit=772%2C624&ssl=1\",\"width\":772,\"height\":624},{\"@type\":\"WebSite\",\"@id\":\"https:\\\/\\\/talcomosoy.com.ar\\\/#website\",\"url\":\"https:\\\/\\\/talcomosoy.com.ar\\\/\",\"name\":\"Tal Como Soy\",\"description\":\"Magazine Musical Digital\",\"publisher\":{\"@id\":\"https:\\\/\\\/talcomosoy.com.ar\\\/#organization\"},\"potentialAction\":[{\"@type\":\"SearchAction\",\"target\":{\"@type\":\"EntryPoint\",\"urlTemplate\":\"https:\\\/\\\/talcomosoy.com.ar\\\/?s={search_term_string}\"},\"query-input\":{\"@type\":\"PropertyValueSpecification\",\"valueRequired\":true,\"valueName\":\"search_term_string\"}}],\"inLanguage\":\"es\"},{\"@type\":\"Organization\",\"@id\":\"https:\\\/\\\/talcomosoy.com.ar\\\/#organization\",\"name\":\"Tal Como Soy\",\"url\":\"https:\\\/\\\/talcomosoy.com.ar\\\/\",\"logo\":{\"@type\":\"ImageObject\",\"inLanguage\":\"es\",\"@id\":\"https:\\\/\\\/talcomosoy.com.ar\\\/#\\\/schema\\\/logo\\\/image\\\/\",\"url\":\"https:\\\/\\\/i0.wp.com\\\/talcomosoy.com.ar\\\/wp-content\\\/uploads\\\/2020\\\/02\\\/PUA-2020-TRANSPARENTE.png?fit=570%2C382&ssl=1\",\"contentUrl\":\"https:\\\/\\\/i0.wp.com\\\/talcomosoy.com.ar\\\/wp-content\\\/uploads\\\/2020\\\/02\\\/PUA-2020-TRANSPARENTE.png?fit=570%2C382&ssl=1\",\"width\":570,\"height\":382,\"caption\":\"Tal Como Soy\"},\"image\":{\"@id\":\"https:\\\/\\\/talcomosoy.com.ar\\\/#\\\/schema\\\/logo\\\/image\\\/\"},\"sameAs\":[\"https:\\\/\\\/www.facebook.com\\\/talcomosoyok\",\"https:\\\/\\\/x.com\\\/talcomosoyok\",\"https:\\\/\\\/www.instagram.com\\\/talcomosoyok\",\"https:\\\/\\\/www.youtube.com\\\/channel\\\/UCrutZzYQmd9Fe8pEm5wqsiw\"]},{\"@type\":\"Person\",\"@id\":\"https:\\\/\\\/talcomosoy.com.ar\\\/#\\\/schema\\\/person\\\/496b3561bd436afcf2be92147ff855c9\",\"name\":\"Sinda Miranda\",\"image\":{\"@type\":\"ImageObject\",\"inLanguage\":\"es\",\"@id\":\"https:\\\/\\\/secure.gravatar.com\\\/avatar\\\/ab0e992fc0b7117fe730d00fb0e44073b1fd6e28d69de8e7ac3103f1396f445e?s=96&d=mm&r=g\",\"url\":\"https:\\\/\\\/secure.gravatar.com\\\/avatar\\\/ab0e992fc0b7117fe730d00fb0e44073b1fd6e28d69de8e7ac3103f1396f445e?s=96&d=mm&r=g\",\"contentUrl\":\"https:\\\/\\\/secure.gravatar.com\\\/avatar\\\/ab0e992fc0b7117fe730d00fb0e44073b1fd6e28d69de8e7ac3103f1396f445e?s=96&d=mm&r=g\",\"caption\":\"Sinda Miranda\"},\"description\":\"Escritora, Fot\u00f3grafa, Agente de Prensa\",\"sameAs\":[\"https:\\\/\\\/www.facebook.com\\\/sindamiranda\",\"https:\\\/\\\/www.instagram.com\\\/sindamiranda\",\"https:\\\/\\\/x.com\\\/sindamiranda\"],\"url\":\"https:\\\/\\\/talcomosoy.com.ar\\\/index.php\\\/author\\\/sindamirandatcs\\\/\"}]}<\/script>\n<!-- \/ Yoast SEO plugin. -->","yoast_head_json":{"title":"\"Atardecer en Arizu\": M\u00fasica electr\u00f3nica cuando se esconde el sol en Godoy Cruz - Tal Como Soy","robots":{"index":"index","follow":"follow","max-snippet":"max-snippet:-1","max-image-preview":"max-image-preview:large","max-video-preview":"max-video-preview:-1"},"canonical":"https:\/\/talcomosoy.com.ar\/index.php\/atardecer-en-arizu-musica-electronica-cuando-se-esconde-el-sol-en-godoy-cruz\/","og_locale":"es_ES","og_type":"article","og_title":"\"Atardecer en Arizu\": M\u00fasica electr\u00f3nica cuando se esconde el sol en Godoy Cruz - Tal Como Soy","og_description":"Una nueva alternativa llega para copar el verano. Se trata de \u201cAtardecer en Arizu\u201d, un","og_url":"https:\/\/talcomosoy.com.ar\/index.php\/atardecer-en-arizu-musica-electronica-cuando-se-esconde-el-sol-en-godoy-cruz\/","og_site_name":"Tal Como Soy","article_publisher":"https:\/\/www.facebook.com\/talcomosoyok","article_author":"https:\/\/www.facebook.com\/sindamiranda","article_published_time":"2022-01-27T14:26:38+00:00","og_image":[{"width":772,"height":624,"url":"https:\/\/i0.wp.com\/talcomosoy.com.ar\/wp-content\/uploads\/2022\/01\/Agus-Aliaga-1.jpg?fit=772%2C624&ssl=1","type":"image\/jpeg"}],"author":"Sinda Miranda","twitter_card":"summary_large_image","twitter_creator":"@sindamiranda","twitter_site":"@talcomosoyok","twitter_misc":{"Escrito por":"Sinda Miranda","Tiempo de lectura":"2 minutos"},"schema":{"@context":"https:\/\/schema.org","@graph":[{"@type":"Article","@id":"https:\/\/talcomosoy.com.ar\/index.php\/atardecer-en-arizu-musica-electronica-cuando-se-esconde-el-sol-en-godoy-cruz\/#article","isPartOf":{"@id":"https:\/\/talcomosoy.com.ar\/index.php\/atardecer-en-arizu-musica-electronica-cuando-se-esconde-el-sol-en-godoy-cruz\/"},"author":{"name":"Sinda Miranda","@id":"https:\/\/talcomosoy.com.ar\/#\/schema\/person\/496b3561bd436afcf2be92147ff855c9"},"headline":"\u00abAtardecer en Arizu\u00bb: M\u00fasica electr\u00f3nica cuando se esconde el sol en Godoy Cruz","datePublished":"2022-01-27T14:26:38+00:00","mainEntityOfPage":{"@id":"https:\/\/talcomosoy.com.ar\/index.php\/atardecer-en-arizu-musica-electronica-cuando-se-esconde-el-sol-en-godoy-cruz\/"},"wordCount":342,"publisher":{"@id":"https:\/\/talcomosoy.com.ar\/#organization"},"image":{"@id":"https:\/\/talcomosoy.com.ar\/index.php\/atardecer-en-arizu-musica-electronica-cuando-se-esconde-el-sol-en-godoy-cruz\/#primaryimage"},"thumbnailUrl":"https:\/\/i0.wp.com\/talcomosoy.com.ar\/wp-content\/uploads\/2022\/01\/Agus-Aliaga-1.jpg?fit=772%2C624&ssl=1","articleSection":["Godoy Cruz","M\u00fasica"],"inLanguage":"es"},{"@type":"WebPage","@id":"https:\/\/talcomosoy.com.ar\/index.php\/atardecer-en-arizu-musica-electronica-cuando-se-esconde-el-sol-en-godoy-cruz\/","url":"https:\/\/talcomosoy.com.ar\/index.php\/atardecer-en-arizu-musica-electronica-cuando-se-esconde-el-sol-en-godoy-cruz\/","name":"\"Atardecer en Arizu\": M\u00fasica electr\u00f3nica cuando se esconde el sol en Godoy Cruz - Tal Como Soy","isPartOf":{"@id":"https:\/\/talcomosoy.com.ar\/#website"},"primaryImageOfPage":{"@id":"https:\/\/talcomosoy.com.ar\/index.php\/atardecer-en-arizu-musica-electronica-cuando-se-esconde-el-sol-en-godoy-cruz\/#primaryimage"},"image":{"@id":"https:\/\/talcomosoy.com.ar\/index.php\/atardecer-en-arizu-musica-electronica-cuando-se-esconde-el-sol-en-godoy-cruz\/#primaryimage"},"thumbnailUrl":"https:\/\/i0.wp.com\/talcomosoy.com.ar\/wp-content\/uploads\/2022\/01\/Agus-Aliaga-1.jpg?fit=772%2C624&ssl=1","datePublished":"2022-01-27T14:26:38+00:00","inLanguage":"es","potentialAction":[{"@type":"ReadAction","target":["https:\/\/talcomosoy.com.ar\/index.php\/atardecer-en-arizu-musica-electronica-cuando-se-esconde-el-sol-en-godoy-cruz\/"]}]},{"@type":"ImageObject","inLanguage":"es","@id":"https:\/\/talcomosoy.com.ar\/index.php\/atardecer-en-arizu-musica-electronica-cuando-se-esconde-el-sol-en-godoy-cruz\/#primaryimage","url":"https:\/\/i0.wp.com\/talcomosoy.com.ar\/wp-content\/uploads\/2022\/01\/Agus-Aliaga-1.jpg?fit=772%2C624&ssl=1","contentUrl":"https:\/\/i0.wp.com\/talcomosoy.com.ar\/wp-content\/uploads\/2022\/01\/Agus-Aliaga-1.jpg?fit=772%2C624&ssl=1","width":772,"height":624},{"@type":"WebSite","@id":"https:\/\/talcomosoy.com.ar\/#website","url":"https:\/\/talcomosoy.com.ar\/","name":"Tal Como Soy","description":"Magazine Musical Digital","publisher":{"@id":"https:\/\/talcomosoy.com.ar\/#organization"},"potentialAction":[{"@type":"SearchAction","target":{"@type":"EntryPoint","urlTemplate":"https:\/\/talcomosoy.com.ar\/?s={search_term_string}"},"query-input":{"@type":"PropertyValueSpecification","valueRequired":true,"valueName":"search_term_string"}}],"inLanguage":"es"},{"@type":"Organization","@id":"https:\/\/talcomosoy.com.ar\/#organization","name":"Tal Como Soy","url":"https:\/\/talcomosoy.com.ar\/","logo":{"@type":"ImageObject","inLanguage":"es","@id":"https:\/\/talcomosoy.com.ar\/#\/schema\/logo\/image\/","url":"https:\/\/i0.wp.com\/talcomosoy.com.ar\/wp-content\/uploads\/2020\/02\/PUA-2020-TRANSPARENTE.png?fit=570%2C382&ssl=1","contentUrl":"https:\/\/i0.wp.com\/talcomosoy.com.ar\/wp-content\/uploads\/2020\/02\/PUA-2020-TRANSPARENTE.png?fit=570%2C382&ssl=1","width":570,"height":382,"caption":"Tal Como Soy"},"image":{"@id":"https:\/\/talcomosoy.com.ar\/#\/schema\/logo\/image\/"},"sameAs":["https:\/\/www.facebook.com\/talcomosoyok","https:\/\/x.com\/talcomosoyok","https:\/\/www.instagram.com\/talcomosoyok","https:\/\/www.youtube.com\/channel\/UCrutZzYQmd9Fe8pEm5wqsiw"]},{"@type":"Person","@id":"https:\/\/talcomosoy.com.ar\/#\/schema\/person\/496b3561bd436afcf2be92147ff855c9","name":"Sinda Miranda","image":{"@type":"ImageObject","inLanguage":"es","@id":"https:\/\/secure.gravatar.com\/avatar\/ab0e992fc0b7117fe730d00fb0e44073b1fd6e28d69de8e7ac3103f1396f445e?s=96&d=mm&r=g","url":"https:\/\/secure.gravatar.com\/avatar\/ab0e992fc0b7117fe730d00fb0e44073b1fd6e28d69de8e7ac3103f1396f445e?s=96&d=mm&r=g","contentUrl":"https:\/\/secure.gravatar.com\/avatar\/ab0e992fc0b7117fe730d00fb0e44073b1fd6e28d69de8e7ac3103f1396f445e?s=96&d=mm&r=g","caption":"Sinda Miranda"},"description":"Escritora, Fot\u00f3grafa, Agente de Prensa","sameAs":["https:\/\/www.facebook.com\/sindamiranda","https:\/\/www.instagram.com\/sindamiranda","https:\/\/x.com\/sindamiranda"],"url":"https:\/\/talcomosoy.com.ar\/index.php\/author\/sindamirandatcs\/"}]}},"jetpack_publicize_connections":[],"jetpack_sharing_enabled":true,"jetpack_likes_enabled":true,"jetpack_featured_media_url":"https:\/\/i0.wp.com\/talcomosoy.com.ar\/wp-content\/uploads\/2022\/01\/Agus-Aliaga-1.jpg?fit=772%2C624&ssl=1","_links":{"self":[{"href":"https:\/\/talcomosoy.com.ar\/index.php\/wp-json\/wp\/v2\/posts\/6548","targetHints":{"allow":["GET"]}}],"collection":[{"href":"https:\/\/talcomosoy.com.ar\/index.php\/wp-json\/wp\/v2\/posts"}],"about":[{"href":"https:\/\/talcomosoy.com.ar\/index.php\/wp-json\/wp\/v2\/types\/post"}],"author":[{"embeddable":true,"href":"https:\/\/talcomosoy.com.ar\/index.php\/wp-json\/wp\/v2\/users\/1"}],"replies":[{"embeddable":true,"href":"https:\/\/talcomosoy.com.ar\/index.php\/wp-json\/wp\/v2\/comments?post=6548"}],"version-history":[{"count":2,"href":"https:\/\/talcomosoy.com.ar\/index.php\/wp-json\/wp\/v2\/posts\/6548\/revisions"}],"predecessor-version":[{"id":6551,"href":"https:\/\/talcomosoy.com.ar\/index.php\/wp-json\/wp\/v2\/posts\/6548\/revisions\/6551"}],"wp:featuredmedia":[{"embeddable":true,"href":"https:\/\/talcomosoy.com.ar\/index.php\/wp-json\/wp\/v2\/media\/6549"}],"wp:attachment":[{"href":"https:\/\/talcomosoy.com.ar\/index.php\/wp-json\/wp\/v2\/media?parent=6548"}],"wp:term":[{"taxonomy":"category","embeddable":true,"href":"https:\/\/talcomosoy.com.ar\/index.php\/wp-json\/wp\/v2\/categories?post=6548"},{"taxonomy":"post_tag","embeddable":true,"href":"https:\/\/talcomosoy.com.ar\/index.php\/wp-json\/wp\/v2\/tags?post=6548"}],"curies":[{"name":"wp","href":"https:\/\/api.w.org\/{rel}","templated":true}]}}