{"id":6363,"date":"2022-01-07T10:38:49","date_gmt":"2022-01-07T13:38:49","guid":{"rendered":"https:\/\/talcomosoy.com.ar\/?p=6363"},"modified":"2022-01-07T10:38:49","modified_gmt":"2022-01-07T13:38:49","slug":"las-heras-recibe-el-campeonato-mendocino-de-ciclismo","status":"publish","type":"post","link":"https:\/\/talcomosoy.com.ar\/index.php\/las-heras-recibe-el-campeonato-mendocino-de-ciclismo\/","title":{"rendered":"Las Heras recibe el campeonato mendocino de ciclismo"},"content":{"rendered":"<h3>Con el equipo de ciclismo del municipio como anfitri\u00f3n, y con m\u00e1s de 100 competidores, en el Club El Algarrobal arrancar\u00e1 la 9\u00b0 fecha de la temporada rutera 2021\/22. Ser\u00e1 este domingo a las 9 horas.<\/h3>\n<p>&nbsp;<\/p>\n<p>Una vez m\u00e1s, como en ediciones anteriores, el departamento lasherino ofrece sus escenarios urbanos y naturales para recibir el Campeonato Mendocino de Ruta 2021-22 \u00abHomenaje Aldo Federico Minelli\u00bb, y donde el distrito de El Algarrobal y la zona monta\u00f1osa de Villavicencio ser\u00e1n los polos de atracci\u00f3n del certamen cicl\u00edstico.<\/p>\n<p>La novena fecha arrancar\u00e1 este domingo 9 con 110 pedalistas en el Club El Algarrobal (Arist\u00f3bulo del Valle 1190), desde las 9 horas, donde el pelot\u00f3n iniciar\u00e1 su camino de 139,5 kil\u00f3metros. Habr\u00e1 competencias para todas las categor\u00edas. En una campa\u00f1a marcada por las estrategias ofensivas y la gran cantidad de fugas que llegaron a destino, el pelot\u00f3n ciclista le pondr\u00e1 color al distrito lasherino el fin de semana.<\/p>\n<p>Organizado por la Asociaci\u00f3n Mendocina de Ciclismo, y con el apoyo de la Municipalidad de Las Heras, cuenta con la participaci\u00f3n del equipo de Ciclismo de Las Heras.<\/p>\n<p>El tradicional trazado pasar\u00e1 por detr\u00e1s del Aeropuerto y regresar\u00e1 por El Borboll\u00f3n, hasta llegar nuevamente a El Algarrobal. Emanuel Mart\u00ednez (Mun. Las Heras) y Leonardo Estela (CSC Sport) correr\u00e1n \u00aben casa\u00bb y ser\u00e1n las promesas lasherinas.<\/p>\n<p>Para los fan\u00e1ticos del deporte de las dos ruedas, el recorrido es: Por Arist\u00f3bulo Del Valle hacia el sur, a la derecha por General Paz hasta Independencia, a la derecha Ruta 40 hacia el norte, a la derecha calle Casimiro Recuero, a la derecha por Paso Hondo, Lavalle, Arist\u00f3bulo del Valle hasta l\u00ednea de meta frente al Club Social y Deportivo Algarrobal.<\/p>\n<p>Nicol\u00e1s Coletta, subdirector de Deportes de Las Heras dijo: \u00bb este campeonato pone en valor no solo al departamento como escenario de actividades de primer nivel, sino que fortalece el desarrollo deportivo lasherino, como es el caso de nuestro equipo de Ciclismo de Las Heras\u00bb.<\/p>\n<p>Por su parte, la 11\u00b0 fecha del Campeonato de Ciclismo en Ruta, volver\u00e1 a Las Heras, concretamente a Villavicencio como escenario mayor, ser\u00e1 el 23 de enero, y tendr\u00e1 como nombre \u201cCopa 151\u00b0 Aniversario de Las Heras\u201d.<\/p>\n","protected":false},"excerpt":{"rendered":"<p>Con el equipo de ciclismo del municipio como anfitri\u00f3n, y con m\u00e1s de 100 competidores,<\/p>\n","protected":false},"author":1,"featured_media":6364,"comment_status":"closed","ping_status":"closed","sticky":false,"template":"","format":"standard","meta":{"_jetpack_memberships_contains_paid_content":false,"footnotes":"","jetpack_publicize_message":"","jetpack_publicize_feature_enabled":true,"jetpack_social_post_already_shared":true,"jetpack_social_options":{"image_generator_settings":{"template":"highway","default_image_id":0,"font":"","enabled":false},"version":2}},"categories":[65,59],"tags":[],"class_list":["post-6363","post","type-post","status-publish","format-standard","has-post-thumbnail","hentry","category-deportes","category-las-heras"],"yoast_head":"<!-- This site is optimized with the Yoast SEO plugin v27.5 - https:\/\/yoast.com\/product\/yoast-seo-wordpress\/ -->\n<title>Las Heras recibe el campeonato mendocino de ciclismo - Tal Como Soy<\/title>\n<meta name=\"robots\" content=\"index, follow, max-snippet:-1, max-image-preview:large, max-video-preview:-1\" \/>\n<link rel=\"canonical\" href=\"https:\/\/talcomosoy.com.ar\/index.php\/las-heras-recibe-el-campeonato-mendocino-de-ciclismo\/\" \/>\n<meta property=\"og:locale\" content=\"es_ES\" \/>\n<meta property=\"og:type\" content=\"article\" \/>\n<meta property=\"og:title\" content=\"Las Heras recibe el campeonato mendocino de ciclismo - Tal Como Soy\" \/>\n<meta property=\"og:description\" content=\"Con el equipo de ciclismo del municipio como anfitri\u00f3n, y con m\u00e1s de 100 competidores,\" \/>\n<meta property=\"og:url\" content=\"https:\/\/talcomosoy.com.ar\/index.php\/las-heras-recibe-el-campeonato-mendocino-de-ciclismo\/\" \/>\n<meta property=\"og:site_name\" content=\"Tal Como Soy\" \/>\n<meta property=\"article:publisher\" content=\"https:\/\/www.facebook.com\/talcomosoyok\" \/>\n<meta property=\"article:author\" content=\"https:\/\/www.facebook.com\/sindamiranda\" \/>\n<meta property=\"article:published_time\" content=\"2022-01-07T13:38:49+00:00\" \/>\n<meta property=\"og:image\" content=\"https:\/\/i0.wp.com\/talcomosoy.com.ar\/wp-content\/uploads\/2022\/01\/CAMPEONATO-DE-CICLISMO-DE-RUTA-2022-FECHAS-EN-LAS-HERAS-1.jpg?fit=2500%2C1667&ssl=1\" \/>\n\t<meta property=\"og:image:width\" content=\"2500\" \/>\n\t<meta property=\"og:image:height\" content=\"1667\" \/>\n\t<meta property=\"og:image:type\" content=\"image\/jpeg\" \/>\n<meta name=\"author\" content=\"Sinda Miranda\" \/>\n<meta name=\"twitter:card\" content=\"summary_large_image\" \/>\n<meta name=\"twitter:creator\" content=\"@sindamiranda\" \/>\n<meta name=\"twitter:site\" content=\"@talcomosoyok\" \/>\n<meta name=\"twitter:label1\" content=\"Escrito por\" \/>\n\t<meta name=\"twitter:data1\" content=\"Sinda Miranda\" \/>\n\t<meta name=\"twitter:label2\" content=\"Tiempo de lectura\" \/>\n\t<meta name=\"twitter:data2\" content=\"2 minutos\" \/>\n<script type=\"application\/ld+json\" class=\"yoast-schema-graph\">{\"@context\":\"https:\\\/\\\/schema.org\",\"@graph\":[{\"@type\":\"Article\",\"@id\":\"https:\\\/\\\/talcomosoy.com.ar\\\/index.php\\\/las-heras-recibe-el-campeonato-mendocino-de-ciclismo\\\/#article\",\"isPartOf\":{\"@id\":\"https:\\\/\\\/talcomosoy.com.ar\\\/index.php\\\/las-heras-recibe-el-campeonato-mendocino-de-ciclismo\\\/\"},\"author\":{\"name\":\"Sinda Miranda\",\"@id\":\"https:\\\/\\\/talcomosoy.com.ar\\\/#\\\/schema\\\/person\\\/496b3561bd436afcf2be92147ff855c9\"},\"headline\":\"Las Heras recibe el campeonato mendocino de ciclismo\",\"datePublished\":\"2022-01-07T13:38:49+00:00\",\"mainEntityOfPage\":{\"@id\":\"https:\\\/\\\/talcomosoy.com.ar\\\/index.php\\\/las-heras-recibe-el-campeonato-mendocino-de-ciclismo\\\/\"},\"wordCount\":383,\"publisher\":{\"@id\":\"https:\\\/\\\/talcomosoy.com.ar\\\/#organization\"},\"image\":{\"@id\":\"https:\\\/\\\/talcomosoy.com.ar\\\/index.php\\\/las-heras-recibe-el-campeonato-mendocino-de-ciclismo\\\/#primaryimage\"},\"thumbnailUrl\":\"https:\\\/\\\/i0.wp.com\\\/talcomosoy.com.ar\\\/wp-content\\\/uploads\\\/2022\\\/01\\\/CAMPEONATO-DE-CICLISMO-DE-RUTA-2022-FECHAS-EN-LAS-HERAS-1.jpg?fit=2500%2C1667&ssl=1\",\"articleSection\":[\"Deportes\",\"Las Heras\"],\"inLanguage\":\"es\"},{\"@type\":\"WebPage\",\"@id\":\"https:\\\/\\\/talcomosoy.com.ar\\\/index.php\\\/las-heras-recibe-el-campeonato-mendocino-de-ciclismo\\\/\",\"url\":\"https:\\\/\\\/talcomosoy.com.ar\\\/index.php\\\/las-heras-recibe-el-campeonato-mendocino-de-ciclismo\\\/\",\"name\":\"Las Heras recibe el campeonato mendocino de ciclismo - Tal Como Soy\",\"isPartOf\":{\"@id\":\"https:\\\/\\\/talcomosoy.com.ar\\\/#website\"},\"primaryImageOfPage\":{\"@id\":\"https:\\\/\\\/talcomosoy.com.ar\\\/index.php\\\/las-heras-recibe-el-campeonato-mendocino-de-ciclismo\\\/#primaryimage\"},\"image\":{\"@id\":\"https:\\\/\\\/talcomosoy.com.ar\\\/index.php\\\/las-heras-recibe-el-campeonato-mendocino-de-ciclismo\\\/#primaryimage\"},\"thumbnailUrl\":\"https:\\\/\\\/i0.wp.com\\\/talcomosoy.com.ar\\\/wp-content\\\/uploads\\\/2022\\\/01\\\/CAMPEONATO-DE-CICLISMO-DE-RUTA-2022-FECHAS-EN-LAS-HERAS-1.jpg?fit=2500%2C1667&ssl=1\",\"datePublished\":\"2022-01-07T13:38:49+00:00\",\"inLanguage\":\"es\",\"potentialAction\":[{\"@type\":\"ReadAction\",\"target\":[\"https:\\\/\\\/talcomosoy.com.ar\\\/index.php\\\/las-heras-recibe-el-campeonato-mendocino-de-ciclismo\\\/\"]}]},{\"@type\":\"ImageObject\",\"inLanguage\":\"es\",\"@id\":\"https:\\\/\\\/talcomosoy.com.ar\\\/index.php\\\/las-heras-recibe-el-campeonato-mendocino-de-ciclismo\\\/#primaryimage\",\"url\":\"https:\\\/\\\/i0.wp.com\\\/talcomosoy.com.ar\\\/wp-content\\\/uploads\\\/2022\\\/01\\\/CAMPEONATO-DE-CICLISMO-DE-RUTA-2022-FECHAS-EN-LAS-HERAS-1.jpg?fit=2500%2C1667&ssl=1\",\"contentUrl\":\"https:\\\/\\\/i0.wp.com\\\/talcomosoy.com.ar\\\/wp-content\\\/uploads\\\/2022\\\/01\\\/CAMPEONATO-DE-CICLISMO-DE-RUTA-2022-FECHAS-EN-LAS-HERAS-1.jpg?fit=2500%2C1667&ssl=1\",\"width\":2500,\"height\":1667,\"caption\":\"Fotograf\u00eda: Prensa Las Heras \\\/ Marcelo Aguilar\"},{\"@type\":\"WebSite\",\"@id\":\"https:\\\/\\\/talcomosoy.com.ar\\\/#website\",\"url\":\"https:\\\/\\\/talcomosoy.com.ar\\\/\",\"name\":\"Tal Como Soy\",\"description\":\"Magazine Musical Digital\",\"publisher\":{\"@id\":\"https:\\\/\\\/talcomosoy.com.ar\\\/#organization\"},\"potentialAction\":[{\"@type\":\"SearchAction\",\"target\":{\"@type\":\"EntryPoint\",\"urlTemplate\":\"https:\\\/\\\/talcomosoy.com.ar\\\/?s={search_term_string}\"},\"query-input\":{\"@type\":\"PropertyValueSpecification\",\"valueRequired\":true,\"valueName\":\"search_term_string\"}}],\"inLanguage\":\"es\"},{\"@type\":\"Organization\",\"@id\":\"https:\\\/\\\/talcomosoy.com.ar\\\/#organization\",\"name\":\"Tal Como Soy\",\"url\":\"https:\\\/\\\/talcomosoy.com.ar\\\/\",\"logo\":{\"@type\":\"ImageObject\",\"inLanguage\":\"es\",\"@id\":\"https:\\\/\\\/talcomosoy.com.ar\\\/#\\\/schema\\\/logo\\\/image\\\/\",\"url\":\"https:\\\/\\\/i0.wp.com\\\/talcomosoy.com.ar\\\/wp-content\\\/uploads\\\/2020\\\/02\\\/PUA-2020-TRANSPARENTE.png?fit=570%2C382&ssl=1\",\"contentUrl\":\"https:\\\/\\\/i0.wp.com\\\/talcomosoy.com.ar\\\/wp-content\\\/uploads\\\/2020\\\/02\\\/PUA-2020-TRANSPARENTE.png?fit=570%2C382&ssl=1\",\"width\":570,\"height\":382,\"caption\":\"Tal Como Soy\"},\"image\":{\"@id\":\"https:\\\/\\\/talcomosoy.com.ar\\\/#\\\/schema\\\/logo\\\/image\\\/\"},\"sameAs\":[\"https:\\\/\\\/www.facebook.com\\\/talcomosoyok\",\"https:\\\/\\\/x.com\\\/talcomosoyok\",\"https:\\\/\\\/www.instagram.com\\\/talcomosoyok\",\"https:\\\/\\\/www.youtube.com\\\/channel\\\/UCrutZzYQmd9Fe8pEm5wqsiw\"]},{\"@type\":\"Person\",\"@id\":\"https:\\\/\\\/talcomosoy.com.ar\\\/#\\\/schema\\\/person\\\/496b3561bd436afcf2be92147ff855c9\",\"name\":\"Sinda Miranda\",\"image\":{\"@type\":\"ImageObject\",\"inLanguage\":\"es\",\"@id\":\"https:\\\/\\\/secure.gravatar.com\\\/avatar\\\/ab0e992fc0b7117fe730d00fb0e44073b1fd6e28d69de8e7ac3103f1396f445e?s=96&d=mm&r=g\",\"url\":\"https:\\\/\\\/secure.gravatar.com\\\/avatar\\\/ab0e992fc0b7117fe730d00fb0e44073b1fd6e28d69de8e7ac3103f1396f445e?s=96&d=mm&r=g\",\"contentUrl\":\"https:\\\/\\\/secure.gravatar.com\\\/avatar\\\/ab0e992fc0b7117fe730d00fb0e44073b1fd6e28d69de8e7ac3103f1396f445e?s=96&d=mm&r=g\",\"caption\":\"Sinda Miranda\"},\"description\":\"Escritora, Fot\u00f3grafa, Agente de Prensa\",\"sameAs\":[\"https:\\\/\\\/www.facebook.com\\\/sindamiranda\",\"https:\\\/\\\/www.instagram.com\\\/sindamiranda\",\"https:\\\/\\\/x.com\\\/sindamiranda\"],\"url\":\"https:\\\/\\\/talcomosoy.com.ar\\\/index.php\\\/author\\\/sindamirandatcs\\\/\"}]}<\/script>\n<!-- \/ Yoast SEO plugin. -->","yoast_head_json":{"title":"Las Heras recibe el campeonato mendocino de ciclismo - Tal Como Soy","robots":{"index":"index","follow":"follow","max-snippet":"max-snippet:-1","max-image-preview":"max-image-preview:large","max-video-preview":"max-video-preview:-1"},"canonical":"https:\/\/talcomosoy.com.ar\/index.php\/las-heras-recibe-el-campeonato-mendocino-de-ciclismo\/","og_locale":"es_ES","og_type":"article","og_title":"Las Heras recibe el campeonato mendocino de ciclismo - Tal Como Soy","og_description":"Con el equipo de ciclismo del municipio como anfitri\u00f3n, y con m\u00e1s de 100 competidores,","og_url":"https:\/\/talcomosoy.com.ar\/index.php\/las-heras-recibe-el-campeonato-mendocino-de-ciclismo\/","og_site_name":"Tal Como Soy","article_publisher":"https:\/\/www.facebook.com\/talcomosoyok","article_author":"https:\/\/www.facebook.com\/sindamiranda","article_published_time":"2022-01-07T13:38:49+00:00","og_image":[{"width":2500,"height":1667,"url":"https:\/\/i0.wp.com\/talcomosoy.com.ar\/wp-content\/uploads\/2022\/01\/CAMPEONATO-DE-CICLISMO-DE-RUTA-2022-FECHAS-EN-LAS-HERAS-1.jpg?fit=2500%2C1667&ssl=1","type":"image\/jpeg"}],"author":"Sinda Miranda","twitter_card":"summary_large_image","twitter_creator":"@sindamiranda","twitter_site":"@talcomosoyok","twitter_misc":{"Escrito por":"Sinda Miranda","Tiempo de lectura":"2 minutos"},"schema":{"@context":"https:\/\/schema.org","@graph":[{"@type":"Article","@id":"https:\/\/talcomosoy.com.ar\/index.php\/las-heras-recibe-el-campeonato-mendocino-de-ciclismo\/#article","isPartOf":{"@id":"https:\/\/talcomosoy.com.ar\/index.php\/las-heras-recibe-el-campeonato-mendocino-de-ciclismo\/"},"author":{"name":"Sinda Miranda","@id":"https:\/\/talcomosoy.com.ar\/#\/schema\/person\/496b3561bd436afcf2be92147ff855c9"},"headline":"Las Heras recibe el campeonato mendocino de ciclismo","datePublished":"2022-01-07T13:38:49+00:00","mainEntityOfPage":{"@id":"https:\/\/talcomosoy.com.ar\/index.php\/las-heras-recibe-el-campeonato-mendocino-de-ciclismo\/"},"wordCount":383,"publisher":{"@id":"https:\/\/talcomosoy.com.ar\/#organization"},"image":{"@id":"https:\/\/talcomosoy.com.ar\/index.php\/las-heras-recibe-el-campeonato-mendocino-de-ciclismo\/#primaryimage"},"thumbnailUrl":"https:\/\/i0.wp.com\/talcomosoy.com.ar\/wp-content\/uploads\/2022\/01\/CAMPEONATO-DE-CICLISMO-DE-RUTA-2022-FECHAS-EN-LAS-HERAS-1.jpg?fit=2500%2C1667&ssl=1","articleSection":["Deportes","Las Heras"],"inLanguage":"es"},{"@type":"WebPage","@id":"https:\/\/talcomosoy.com.ar\/index.php\/las-heras-recibe-el-campeonato-mendocino-de-ciclismo\/","url":"https:\/\/talcomosoy.com.ar\/index.php\/las-heras-recibe-el-campeonato-mendocino-de-ciclismo\/","name":"Las Heras recibe el campeonato mendocino de ciclismo - Tal Como Soy","isPartOf":{"@id":"https:\/\/talcomosoy.com.ar\/#website"},"primaryImageOfPage":{"@id":"https:\/\/talcomosoy.com.ar\/index.php\/las-heras-recibe-el-campeonato-mendocino-de-ciclismo\/#primaryimage"},"image":{"@id":"https:\/\/talcomosoy.com.ar\/index.php\/las-heras-recibe-el-campeonato-mendocino-de-ciclismo\/#primaryimage"},"thumbnailUrl":"https:\/\/i0.wp.com\/talcomosoy.com.ar\/wp-content\/uploads\/2022\/01\/CAMPEONATO-DE-CICLISMO-DE-RUTA-2022-FECHAS-EN-LAS-HERAS-1.jpg?fit=2500%2C1667&ssl=1","datePublished":"2022-01-07T13:38:49+00:00","inLanguage":"es","potentialAction":[{"@type":"ReadAction","target":["https:\/\/talcomosoy.com.ar\/index.php\/las-heras-recibe-el-campeonato-mendocino-de-ciclismo\/"]}]},{"@type":"ImageObject","inLanguage":"es","@id":"https:\/\/talcomosoy.com.ar\/index.php\/las-heras-recibe-el-campeonato-mendocino-de-ciclismo\/#primaryimage","url":"https:\/\/i0.wp.com\/talcomosoy.com.ar\/wp-content\/uploads\/2022\/01\/CAMPEONATO-DE-CICLISMO-DE-RUTA-2022-FECHAS-EN-LAS-HERAS-1.jpg?fit=2500%2C1667&ssl=1","contentUrl":"https:\/\/i0.wp.com\/talcomosoy.com.ar\/wp-content\/uploads\/2022\/01\/CAMPEONATO-DE-CICLISMO-DE-RUTA-2022-FECHAS-EN-LAS-HERAS-1.jpg?fit=2500%2C1667&ssl=1","width":2500,"height":1667,"caption":"Fotograf\u00eda: Prensa Las Heras \/ Marcelo Aguilar"},{"@type":"WebSite","@id":"https:\/\/talcomosoy.com.ar\/#website","url":"https:\/\/talcomosoy.com.ar\/","name":"Tal Como Soy","description":"Magazine Musical Digital","publisher":{"@id":"https:\/\/talcomosoy.com.ar\/#organization"},"potentialAction":[{"@type":"SearchAction","target":{"@type":"EntryPoint","urlTemplate":"https:\/\/talcomosoy.com.ar\/?s={search_term_string}"},"query-input":{"@type":"PropertyValueSpecification","valueRequired":true,"valueName":"search_term_string"}}],"inLanguage":"es"},{"@type":"Organization","@id":"https:\/\/talcomosoy.com.ar\/#organization","name":"Tal Como Soy","url":"https:\/\/talcomosoy.com.ar\/","logo":{"@type":"ImageObject","inLanguage":"es","@id":"https:\/\/talcomosoy.com.ar\/#\/schema\/logo\/image\/","url":"https:\/\/i0.wp.com\/talcomosoy.com.ar\/wp-content\/uploads\/2020\/02\/PUA-2020-TRANSPARENTE.png?fit=570%2C382&ssl=1","contentUrl":"https:\/\/i0.wp.com\/talcomosoy.com.ar\/wp-content\/uploads\/2020\/02\/PUA-2020-TRANSPARENTE.png?fit=570%2C382&ssl=1","width":570,"height":382,"caption":"Tal Como Soy"},"image":{"@id":"https:\/\/talcomosoy.com.ar\/#\/schema\/logo\/image\/"},"sameAs":["https:\/\/www.facebook.com\/talcomosoyok","https:\/\/x.com\/talcomosoyok","https:\/\/www.instagram.com\/talcomosoyok","https:\/\/www.youtube.com\/channel\/UCrutZzYQmd9Fe8pEm5wqsiw"]},{"@type":"Person","@id":"https:\/\/talcomosoy.com.ar\/#\/schema\/person\/496b3561bd436afcf2be92147ff855c9","name":"Sinda Miranda","image":{"@type":"ImageObject","inLanguage":"es","@id":"https:\/\/secure.gravatar.com\/avatar\/ab0e992fc0b7117fe730d00fb0e44073b1fd6e28d69de8e7ac3103f1396f445e?s=96&d=mm&r=g","url":"https:\/\/secure.gravatar.com\/avatar\/ab0e992fc0b7117fe730d00fb0e44073b1fd6e28d69de8e7ac3103f1396f445e?s=96&d=mm&r=g","contentUrl":"https:\/\/secure.gravatar.com\/avatar\/ab0e992fc0b7117fe730d00fb0e44073b1fd6e28d69de8e7ac3103f1396f445e?s=96&d=mm&r=g","caption":"Sinda Miranda"},"description":"Escritora, Fot\u00f3grafa, Agente de Prensa","sameAs":["https:\/\/www.facebook.com\/sindamiranda","https:\/\/www.instagram.com\/sindamiranda","https:\/\/x.com\/sindamiranda"],"url":"https:\/\/talcomosoy.com.ar\/index.php\/author\/sindamirandatcs\/"}]}},"jetpack_publicize_connections":[],"jetpack_featured_media_url":"https:\/\/i0.wp.com\/talcomosoy.com.ar\/wp-content\/uploads\/2022\/01\/CAMPEONATO-DE-CICLISMO-DE-RUTA-2022-FECHAS-EN-LAS-HERAS-1.jpg?fit=2500%2C1667&ssl=1","jetpack_sharing_enabled":true,"jetpack_likes_enabled":true,"_links":{"self":[{"href":"https:\/\/talcomosoy.com.ar\/index.php\/wp-json\/wp\/v2\/posts\/6363","targetHints":{"allow":["GET"]}}],"collection":[{"href":"https:\/\/talcomosoy.com.ar\/index.php\/wp-json\/wp\/v2\/posts"}],"about":[{"href":"https:\/\/talcomosoy.com.ar\/index.php\/wp-json\/wp\/v2\/types\/post"}],"author":[{"embeddable":true,"href":"https:\/\/talcomosoy.com.ar\/index.php\/wp-json\/wp\/v2\/users\/1"}],"replies":[{"embeddable":true,"href":"https:\/\/talcomosoy.com.ar\/index.php\/wp-json\/wp\/v2\/comments?post=6363"}],"version-history":[{"count":1,"href":"https:\/\/talcomosoy.com.ar\/index.php\/wp-json\/wp\/v2\/posts\/6363\/revisions"}],"predecessor-version":[{"id":6365,"href":"https:\/\/talcomosoy.com.ar\/index.php\/wp-json\/wp\/v2\/posts\/6363\/revisions\/6365"}],"wp:featuredmedia":[{"embeddable":true,"href":"https:\/\/talcomosoy.com.ar\/index.php\/wp-json\/wp\/v2\/media\/6364"}],"wp:attachment":[{"href":"https:\/\/talcomosoy.com.ar\/index.php\/wp-json\/wp\/v2\/media?parent=6363"}],"wp:term":[{"taxonomy":"category","embeddable":true,"href":"https:\/\/talcomosoy.com.ar\/index.php\/wp-json\/wp\/v2\/categories?post=6363"},{"taxonomy":"post_tag","embeddable":true,"href":"https:\/\/talcomosoy.com.ar\/index.php\/wp-json\/wp\/v2\/tags?post=6363"}],"curies":[{"name":"wp","href":"https:\/\/api.w.org\/{rel}","templated":true}]}}