{"id":5191,"date":"2021-09-08T19:41:11","date_gmt":"2021-09-08T22:41:11","guid":{"rendered":"https:\/\/talcomosoy.com.ar\/?p=5191"},"modified":"2021-09-08T19:41:11","modified_gmt":"2021-09-08T22:41:11","slug":"tangos-al-alma-en-la-sala-elina-alba","status":"publish","type":"post","link":"https:\/\/talcomosoy.com.ar\/index.php\/tangos-al-alma-en-la-sala-elina-alba\/","title":{"rendered":"\u201cTangos al alma\u201d en la Sala Elina Alba"},"content":{"rendered":"<h3>\u201cTangos al alma\u201d, es la propuesta que re\u00fane a cuatro reconocidos m\u00fasicos del g\u00e9nero en nuestra provincia. Ser\u00e1 el 10 de septiembre, a las 20, con entrada gratuita.<\/h3>\n<p>&nbsp;<\/p>\n<p>Ser\u00e1 un espacio para los amantes del 2&#215;4, donde disfrutar de cl\u00e1sicos del g\u00e9nero, como as\u00ed tambi\u00e9n de otros temas de menor difusi\u00f3n, poniendo en valor la m\u00fasica que nos valiera el reconocimiento cultural a nivel mundial.<\/p>\n<p>El concierto abarca temas que van desde los \u201940 hasta la actualidad, con g\u00e9neros del folklore que se fusionan con la m\u00fasica ciudadana, haciendo foco principalmente en nuestro tango. Integran esta propuesta \u00c9rica Ritman, en voz; Hugo Budini, en guitarra; Walter Anselmi, en bandone\u00f3n y Pato Ripamonti, en contrabajo.<\/p>\n<p><strong>La cita es el viernes 10 de septiembre, a las 20, en la Sala Elina Alba del Ministerio de Cultura y Turismo, ubicada en Espa\u00f1a y Guti\u00e9rrez de Ciudad. La entrada es gratuita, pero a los fines de respetar los aforos habilitados seg\u00fan los protocolos vigentes deben adquirirse en www.entradaweb.com.ar<\/strong><\/p>\n<p>&nbsp;<\/p>\n<h4>ERICA RITMAN<\/h4>\n<p>Su formaci\u00f3n musical comenz\u00f3 desde muy peque\u00f1a en el g\u00e9nero del folklore, estudiando guitarra, canto e interpretaci\u00f3n con distinguidos artistas referentes de Mendoza. Integr\u00f3 prestigiosos coros como \u201cV\u00edctor Volpe\u201d de la Municipalidad de Godoy Cruz, dirigido por Hebe Yacante; \u201cCoral de las Arenas\u201d, dirigido por Dami\u00e1n S\u00e1nchez y la formaci\u00f3n coral a cargo del maestro Felipe Vallesi que recibiera a Su Santidad Juan Pablo II, en su visita a la provincia en 1982.<\/p>\n<p>Ha obtenido destacados galardones del g\u00e9nero del tango, representando con su voz a la provincia y el pa\u00eds como \u201cCuyotango Mendoza\u201d (2010), \u201cFestival Nacional de Tango La Falda\u201d (2014), \u201cFestival Internacional de Tango de Medell\u00edn\u201d (Colombia \u2013 2015), \u201cPre \u2013 Cosqu\u00edn 2016\u201d (Sede Mendoza \u2013 g\u00e9nero Tango).<\/p>\n<p>&nbsp;<\/p>\n<h4>HUGO BUDINI<\/h4>\n<p>Es co-director, m\u00fasico y arreglador de la \u201cOrquesta de Guitarras Tito Francia\u201d de la Municipalidad de Guaymall\u00e9n (Mendoza). Asimismo, se desempe\u00f1a como director, docente y arreglador de la \u201cOrquesta Juvenil de Guitarras de Guaymall\u00e9n\u201d.<\/p>\n<p>Es licenciado en M\u00fasica popular, con orientaci\u00f3n guitarra, de la FAD UNCuyo. En su pr\u00e1ctica art\u00edstica ha acompa\u00f1ado a Jorge Sosa, Lars Nilsson, D\u00fao Romero \u2013 Budini, Lisandro Bert\u00edn, Cacace \u2013 Aliaga, Ecos de los Andes, entre otros.<\/p>\n<p>Ha participado de eventos en los cuales ha sido parte del staff de m\u00fasicos que acompa\u00f1aron a grandes artistas como D\u00fao Nuevo Cuyo, Sergio Santi, Gabriela Fern\u00e1ndez, Pa\u00edto Figueroa, Susana Vaca (Per\u00fa), entre otros.<\/p>\n<p>&nbsp;<\/p>\n<h4>WALTER ANSELMI<\/h4>\n<p>Inici\u00f3 sus estudios de bandone\u00f3n a los 9 a\u00f1os. A los 14, ingres\u00f3 a la orquesta \u201cLos reyes del comp\u00e1s\u201d de C\u00f3rdoba, donde solidific\u00f3 su formaci\u00f3n musical con el maestro bandoneonista Osvaldo Montes. En R\u00edo IV (C\u00f3rdoba), integr\u00f3 \u201cTr\u00edo Tango\u201d. En Capital Federal, acompa\u00f1\u00f3 a cantores de la talla de Jorge Falc\u00f3n, Floreal Ru\u00edz, Roberto Goyeneche.<\/p>\n<p>Radicado en Mendoza desde 1972, integra agrupaciones de renombre en la provincia, como \u201cContramarca\u201d y acompa\u00f1a con regularidad a m\u00fasicos y cantores de gran trayectoria. Es parte habitual del staff de m\u00fasicos ejecutantes en diferentes ediciones de la Fiesta Nacional de la Vendimia.<\/p>\n<p>&nbsp;<\/p>\n<h4>PATO RIPAMONTI<\/h4>\n<p>Es estudiante del \u00faltimo a\u00f1o de la Licenciatura en M\u00fasica Popular, especialidad Contrabajo. Se desempe\u00f1a en la provincia como profesor de dicho instrumento de modo particular y en diferentes escuelas art\u00edsticas de la provincia.<\/p>\n<p>Integra la \u201cOrquesta de guitarras Tito Francia\u201d y la \u201cSparkling Big Band\u201d. Ha sido parte de notables formaciones musicales provinciales, como la Orquesta Sinf\u00f3nica de la UNCuyo, la Orquesta Filarm\u00f3nica y la \u201cCabur\u00e9 Tango T\u00edpica\u201d y acompa\u00f1ado a destacados m\u00fasicos y cantores de Mendoza.<\/p>\n","protected":false},"excerpt":{"rendered":"<p>\u201cTangos al alma\u201d, es la propuesta que re\u00fane a cuatro reconocidos m\u00fasicos del g\u00e9nero en<\/p>\n","protected":false},"author":1,"featured_media":5192,"comment_status":"closed","ping_status":"closed","sticky":false,"template":"","format":"standard","meta":{"_jetpack_memberships_contains_paid_content":false,"footnotes":"","jetpack_publicize_message":"","jetpack_publicize_feature_enabled":true,"jetpack_social_post_already_shared":true,"jetpack_social_options":{"image_generator_settings":{"template":"highway","default_image_id":0,"font":"","enabled":false},"version":2}},"categories":[155,247,202],"tags":[],"class_list":["post-5191","post","type-post","status-publish","format-standard","has-post-thumbnail","hentry","category-gratis","category-musica-de-mendoza","category-tango"],"yoast_head":"<!-- This site is optimized with the Yoast SEO plugin v27.5 - https:\/\/yoast.com\/product\/yoast-seo-wordpress\/ -->\n<title>\u201cTangos al alma\u201d en la Sala Elina Alba - Tal Como Soy<\/title>\n<meta name=\"robots\" content=\"index, follow, max-snippet:-1, max-image-preview:large, max-video-preview:-1\" \/>\n<link rel=\"canonical\" href=\"https:\/\/talcomosoy.com.ar\/index.php\/tangos-al-alma-en-la-sala-elina-alba\/\" \/>\n<meta property=\"og:locale\" content=\"es_ES\" \/>\n<meta property=\"og:type\" content=\"article\" \/>\n<meta property=\"og:title\" content=\"\u201cTangos al alma\u201d en la Sala Elina Alba - Tal Como Soy\" \/>\n<meta property=\"og:description\" content=\"\u201cTangos al alma\u201d, es la propuesta que re\u00fane a cuatro reconocidos m\u00fasicos del g\u00e9nero en\" \/>\n<meta property=\"og:url\" content=\"https:\/\/talcomosoy.com.ar\/index.php\/tangos-al-alma-en-la-sala-elina-alba\/\" \/>\n<meta property=\"og:site_name\" content=\"Tal Como Soy\" \/>\n<meta property=\"article:publisher\" content=\"https:\/\/www.facebook.com\/talcomosoyok\" \/>\n<meta property=\"article:author\" content=\"https:\/\/www.facebook.com\/sindamiranda\" \/>\n<meta property=\"article:published_time\" content=\"2021-09-08T22:41:11+00:00\" \/>\n<meta property=\"og:image\" content=\"https:\/\/i0.wp.com\/talcomosoy.com.ar\/wp-content\/uploads\/2021\/09\/Erica-Ritman-.jpg?fit=521%2C693&ssl=1\" \/>\n\t<meta property=\"og:image:width\" content=\"521\" \/>\n\t<meta property=\"og:image:height\" content=\"693\" \/>\n\t<meta property=\"og:image:type\" content=\"image\/jpeg\" \/>\n<meta name=\"author\" content=\"Sinda Miranda\" \/>\n<meta name=\"twitter:card\" content=\"summary_large_image\" \/>\n<meta name=\"twitter:creator\" content=\"@sindamiranda\" \/>\n<meta name=\"twitter:site\" content=\"@talcomosoyok\" \/>\n<meta name=\"twitter:label1\" content=\"Escrito por\" \/>\n\t<meta name=\"twitter:data1\" content=\"Sinda Miranda\" \/>\n\t<meta name=\"twitter:label2\" content=\"Tiempo de lectura\" \/>\n\t<meta name=\"twitter:data2\" content=\"3 minutos\" \/>\n<script type=\"application\/ld+json\" class=\"yoast-schema-graph\">{\"@context\":\"https:\\\/\\\/schema.org\",\"@graph\":[{\"@type\":\"Article\",\"@id\":\"https:\\\/\\\/talcomosoy.com.ar\\\/index.php\\\/tangos-al-alma-en-la-sala-elina-alba\\\/#article\",\"isPartOf\":{\"@id\":\"https:\\\/\\\/talcomosoy.com.ar\\\/index.php\\\/tangos-al-alma-en-la-sala-elina-alba\\\/\"},\"author\":{\"name\":\"Sinda Miranda\",\"@id\":\"https:\\\/\\\/talcomosoy.com.ar\\\/#\\\/schema\\\/person\\\/496b3561bd436afcf2be92147ff855c9\"},\"headline\":\"\u201cTangos al alma\u201d en la Sala Elina Alba\",\"datePublished\":\"2021-09-08T22:41:11+00:00\",\"mainEntityOfPage\":{\"@id\":\"https:\\\/\\\/talcomosoy.com.ar\\\/index.php\\\/tangos-al-alma-en-la-sala-elina-alba\\\/\"},\"wordCount\":638,\"publisher\":{\"@id\":\"https:\\\/\\\/talcomosoy.com.ar\\\/#organization\"},\"image\":{\"@id\":\"https:\\\/\\\/talcomosoy.com.ar\\\/index.php\\\/tangos-al-alma-en-la-sala-elina-alba\\\/#primaryimage\"},\"thumbnailUrl\":\"https:\\\/\\\/i0.wp.com\\\/talcomosoy.com.ar\\\/wp-content\\\/uploads\\\/2021\\\/09\\\/Erica-Ritman-.jpg?fit=521%2C693&ssl=1\",\"articleSection\":[\"#Gratis\",\"M\u00fasica de Mendoza\",\"Tango\"],\"inLanguage\":\"es\"},{\"@type\":\"WebPage\",\"@id\":\"https:\\\/\\\/talcomosoy.com.ar\\\/index.php\\\/tangos-al-alma-en-la-sala-elina-alba\\\/\",\"url\":\"https:\\\/\\\/talcomosoy.com.ar\\\/index.php\\\/tangos-al-alma-en-la-sala-elina-alba\\\/\",\"name\":\"\u201cTangos al alma\u201d en la Sala Elina Alba - Tal Como Soy\",\"isPartOf\":{\"@id\":\"https:\\\/\\\/talcomosoy.com.ar\\\/#website\"},\"primaryImageOfPage\":{\"@id\":\"https:\\\/\\\/talcomosoy.com.ar\\\/index.php\\\/tangos-al-alma-en-la-sala-elina-alba\\\/#primaryimage\"},\"image\":{\"@id\":\"https:\\\/\\\/talcomosoy.com.ar\\\/index.php\\\/tangos-al-alma-en-la-sala-elina-alba\\\/#primaryimage\"},\"thumbnailUrl\":\"https:\\\/\\\/i0.wp.com\\\/talcomosoy.com.ar\\\/wp-content\\\/uploads\\\/2021\\\/09\\\/Erica-Ritman-.jpg?fit=521%2C693&ssl=1\",\"datePublished\":\"2021-09-08T22:41:11+00:00\",\"inLanguage\":\"es\",\"potentialAction\":[{\"@type\":\"ReadAction\",\"target\":[\"https:\\\/\\\/talcomosoy.com.ar\\\/index.php\\\/tangos-al-alma-en-la-sala-elina-alba\\\/\"]}]},{\"@type\":\"ImageObject\",\"inLanguage\":\"es\",\"@id\":\"https:\\\/\\\/talcomosoy.com.ar\\\/index.php\\\/tangos-al-alma-en-la-sala-elina-alba\\\/#primaryimage\",\"url\":\"https:\\\/\\\/i0.wp.com\\\/talcomosoy.com.ar\\\/wp-content\\\/uploads\\\/2021\\\/09\\\/Erica-Ritman-.jpg?fit=521%2C693&ssl=1\",\"contentUrl\":\"https:\\\/\\\/i0.wp.com\\\/talcomosoy.com.ar\\\/wp-content\\\/uploads\\\/2021\\\/09\\\/Erica-Ritman-.jpg?fit=521%2C693&ssl=1\",\"width\":521,\"height\":693,\"caption\":\"\u00c9rica Ritman\"},{\"@type\":\"WebSite\",\"@id\":\"https:\\\/\\\/talcomosoy.com.ar\\\/#website\",\"url\":\"https:\\\/\\\/talcomosoy.com.ar\\\/\",\"name\":\"Tal Como Soy\",\"description\":\"Magazine Musical Digital\",\"publisher\":{\"@id\":\"https:\\\/\\\/talcomosoy.com.ar\\\/#organization\"},\"potentialAction\":[{\"@type\":\"SearchAction\",\"target\":{\"@type\":\"EntryPoint\",\"urlTemplate\":\"https:\\\/\\\/talcomosoy.com.ar\\\/?s={search_term_string}\"},\"query-input\":{\"@type\":\"PropertyValueSpecification\",\"valueRequired\":true,\"valueName\":\"search_term_string\"}}],\"inLanguage\":\"es\"},{\"@type\":\"Organization\",\"@id\":\"https:\\\/\\\/talcomosoy.com.ar\\\/#organization\",\"name\":\"Tal Como Soy\",\"url\":\"https:\\\/\\\/talcomosoy.com.ar\\\/\",\"logo\":{\"@type\":\"ImageObject\",\"inLanguage\":\"es\",\"@id\":\"https:\\\/\\\/talcomosoy.com.ar\\\/#\\\/schema\\\/logo\\\/image\\\/\",\"url\":\"https:\\\/\\\/i0.wp.com\\\/talcomosoy.com.ar\\\/wp-content\\\/uploads\\\/2020\\\/02\\\/PUA-2020-TRANSPARENTE.png?fit=570%2C382&ssl=1\",\"contentUrl\":\"https:\\\/\\\/i0.wp.com\\\/talcomosoy.com.ar\\\/wp-content\\\/uploads\\\/2020\\\/02\\\/PUA-2020-TRANSPARENTE.png?fit=570%2C382&ssl=1\",\"width\":570,\"height\":382,\"caption\":\"Tal Como Soy\"},\"image\":{\"@id\":\"https:\\\/\\\/talcomosoy.com.ar\\\/#\\\/schema\\\/logo\\\/image\\\/\"},\"sameAs\":[\"https:\\\/\\\/www.facebook.com\\\/talcomosoyok\",\"https:\\\/\\\/x.com\\\/talcomosoyok\",\"https:\\\/\\\/www.instagram.com\\\/talcomosoyok\",\"https:\\\/\\\/www.youtube.com\\\/channel\\\/UCrutZzYQmd9Fe8pEm5wqsiw\"]},{\"@type\":\"Person\",\"@id\":\"https:\\\/\\\/talcomosoy.com.ar\\\/#\\\/schema\\\/person\\\/496b3561bd436afcf2be92147ff855c9\",\"name\":\"Sinda Miranda\",\"image\":{\"@type\":\"ImageObject\",\"inLanguage\":\"es\",\"@id\":\"https:\\\/\\\/secure.gravatar.com\\\/avatar\\\/ab0e992fc0b7117fe730d00fb0e44073b1fd6e28d69de8e7ac3103f1396f445e?s=96&d=mm&r=g\",\"url\":\"https:\\\/\\\/secure.gravatar.com\\\/avatar\\\/ab0e992fc0b7117fe730d00fb0e44073b1fd6e28d69de8e7ac3103f1396f445e?s=96&d=mm&r=g\",\"contentUrl\":\"https:\\\/\\\/secure.gravatar.com\\\/avatar\\\/ab0e992fc0b7117fe730d00fb0e44073b1fd6e28d69de8e7ac3103f1396f445e?s=96&d=mm&r=g\",\"caption\":\"Sinda Miranda\"},\"description\":\"Escritora, Fot\u00f3grafa, Agente de Prensa\",\"sameAs\":[\"https:\\\/\\\/www.facebook.com\\\/sindamiranda\",\"https:\\\/\\\/www.instagram.com\\\/sindamiranda\",\"https:\\\/\\\/x.com\\\/sindamiranda\"],\"url\":\"https:\\\/\\\/talcomosoy.com.ar\\\/index.php\\\/author\\\/sindamirandatcs\\\/\"}]}<\/script>\n<!-- \/ Yoast SEO plugin. -->","yoast_head_json":{"title":"\u201cTangos al alma\u201d en la Sala Elina Alba - Tal Como Soy","robots":{"index":"index","follow":"follow","max-snippet":"max-snippet:-1","max-image-preview":"max-image-preview:large","max-video-preview":"max-video-preview:-1"},"canonical":"https:\/\/talcomosoy.com.ar\/index.php\/tangos-al-alma-en-la-sala-elina-alba\/","og_locale":"es_ES","og_type":"article","og_title":"\u201cTangos al alma\u201d en la Sala Elina Alba - Tal Como Soy","og_description":"\u201cTangos al alma\u201d, es la propuesta que re\u00fane a cuatro reconocidos m\u00fasicos del g\u00e9nero en","og_url":"https:\/\/talcomosoy.com.ar\/index.php\/tangos-al-alma-en-la-sala-elina-alba\/","og_site_name":"Tal Como Soy","article_publisher":"https:\/\/www.facebook.com\/talcomosoyok","article_author":"https:\/\/www.facebook.com\/sindamiranda","article_published_time":"2021-09-08T22:41:11+00:00","og_image":[{"width":521,"height":693,"url":"https:\/\/i0.wp.com\/talcomosoy.com.ar\/wp-content\/uploads\/2021\/09\/Erica-Ritman-.jpg?fit=521%2C693&ssl=1","type":"image\/jpeg"}],"author":"Sinda Miranda","twitter_card":"summary_large_image","twitter_creator":"@sindamiranda","twitter_site":"@talcomosoyok","twitter_misc":{"Escrito por":"Sinda Miranda","Tiempo de lectura":"3 minutos"},"schema":{"@context":"https:\/\/schema.org","@graph":[{"@type":"Article","@id":"https:\/\/talcomosoy.com.ar\/index.php\/tangos-al-alma-en-la-sala-elina-alba\/#article","isPartOf":{"@id":"https:\/\/talcomosoy.com.ar\/index.php\/tangos-al-alma-en-la-sala-elina-alba\/"},"author":{"name":"Sinda Miranda","@id":"https:\/\/talcomosoy.com.ar\/#\/schema\/person\/496b3561bd436afcf2be92147ff855c9"},"headline":"\u201cTangos al alma\u201d en la Sala Elina Alba","datePublished":"2021-09-08T22:41:11+00:00","mainEntityOfPage":{"@id":"https:\/\/talcomosoy.com.ar\/index.php\/tangos-al-alma-en-la-sala-elina-alba\/"},"wordCount":638,"publisher":{"@id":"https:\/\/talcomosoy.com.ar\/#organization"},"image":{"@id":"https:\/\/talcomosoy.com.ar\/index.php\/tangos-al-alma-en-la-sala-elina-alba\/#primaryimage"},"thumbnailUrl":"https:\/\/i0.wp.com\/talcomosoy.com.ar\/wp-content\/uploads\/2021\/09\/Erica-Ritman-.jpg?fit=521%2C693&ssl=1","articleSection":["#Gratis","M\u00fasica de Mendoza","Tango"],"inLanguage":"es"},{"@type":"WebPage","@id":"https:\/\/talcomosoy.com.ar\/index.php\/tangos-al-alma-en-la-sala-elina-alba\/","url":"https:\/\/talcomosoy.com.ar\/index.php\/tangos-al-alma-en-la-sala-elina-alba\/","name":"\u201cTangos al alma\u201d en la Sala Elina Alba - Tal Como Soy","isPartOf":{"@id":"https:\/\/talcomosoy.com.ar\/#website"},"primaryImageOfPage":{"@id":"https:\/\/talcomosoy.com.ar\/index.php\/tangos-al-alma-en-la-sala-elina-alba\/#primaryimage"},"image":{"@id":"https:\/\/talcomosoy.com.ar\/index.php\/tangos-al-alma-en-la-sala-elina-alba\/#primaryimage"},"thumbnailUrl":"https:\/\/i0.wp.com\/talcomosoy.com.ar\/wp-content\/uploads\/2021\/09\/Erica-Ritman-.jpg?fit=521%2C693&ssl=1","datePublished":"2021-09-08T22:41:11+00:00","inLanguage":"es","potentialAction":[{"@type":"ReadAction","target":["https:\/\/talcomosoy.com.ar\/index.php\/tangos-al-alma-en-la-sala-elina-alba\/"]}]},{"@type":"ImageObject","inLanguage":"es","@id":"https:\/\/talcomosoy.com.ar\/index.php\/tangos-al-alma-en-la-sala-elina-alba\/#primaryimage","url":"https:\/\/i0.wp.com\/talcomosoy.com.ar\/wp-content\/uploads\/2021\/09\/Erica-Ritman-.jpg?fit=521%2C693&ssl=1","contentUrl":"https:\/\/i0.wp.com\/talcomosoy.com.ar\/wp-content\/uploads\/2021\/09\/Erica-Ritman-.jpg?fit=521%2C693&ssl=1","width":521,"height":693,"caption":"\u00c9rica Ritman"},{"@type":"WebSite","@id":"https:\/\/talcomosoy.com.ar\/#website","url":"https:\/\/talcomosoy.com.ar\/","name":"Tal Como Soy","description":"Magazine Musical Digital","publisher":{"@id":"https:\/\/talcomosoy.com.ar\/#organization"},"potentialAction":[{"@type":"SearchAction","target":{"@type":"EntryPoint","urlTemplate":"https:\/\/talcomosoy.com.ar\/?s={search_term_string}"},"query-input":{"@type":"PropertyValueSpecification","valueRequired":true,"valueName":"search_term_string"}}],"inLanguage":"es"},{"@type":"Organization","@id":"https:\/\/talcomosoy.com.ar\/#organization","name":"Tal Como Soy","url":"https:\/\/talcomosoy.com.ar\/","logo":{"@type":"ImageObject","inLanguage":"es","@id":"https:\/\/talcomosoy.com.ar\/#\/schema\/logo\/image\/","url":"https:\/\/i0.wp.com\/talcomosoy.com.ar\/wp-content\/uploads\/2020\/02\/PUA-2020-TRANSPARENTE.png?fit=570%2C382&ssl=1","contentUrl":"https:\/\/i0.wp.com\/talcomosoy.com.ar\/wp-content\/uploads\/2020\/02\/PUA-2020-TRANSPARENTE.png?fit=570%2C382&ssl=1","width":570,"height":382,"caption":"Tal Como Soy"},"image":{"@id":"https:\/\/talcomosoy.com.ar\/#\/schema\/logo\/image\/"},"sameAs":["https:\/\/www.facebook.com\/talcomosoyok","https:\/\/x.com\/talcomosoyok","https:\/\/www.instagram.com\/talcomosoyok","https:\/\/www.youtube.com\/channel\/UCrutZzYQmd9Fe8pEm5wqsiw"]},{"@type":"Person","@id":"https:\/\/talcomosoy.com.ar\/#\/schema\/person\/496b3561bd436afcf2be92147ff855c9","name":"Sinda Miranda","image":{"@type":"ImageObject","inLanguage":"es","@id":"https:\/\/secure.gravatar.com\/avatar\/ab0e992fc0b7117fe730d00fb0e44073b1fd6e28d69de8e7ac3103f1396f445e?s=96&d=mm&r=g","url":"https:\/\/secure.gravatar.com\/avatar\/ab0e992fc0b7117fe730d00fb0e44073b1fd6e28d69de8e7ac3103f1396f445e?s=96&d=mm&r=g","contentUrl":"https:\/\/secure.gravatar.com\/avatar\/ab0e992fc0b7117fe730d00fb0e44073b1fd6e28d69de8e7ac3103f1396f445e?s=96&d=mm&r=g","caption":"Sinda Miranda"},"description":"Escritora, Fot\u00f3grafa, Agente de Prensa","sameAs":["https:\/\/www.facebook.com\/sindamiranda","https:\/\/www.instagram.com\/sindamiranda","https:\/\/x.com\/sindamiranda"],"url":"https:\/\/talcomosoy.com.ar\/index.php\/author\/sindamirandatcs\/"}]}},"jetpack_publicize_connections":[],"jetpack_featured_media_url":"https:\/\/i0.wp.com\/talcomosoy.com.ar\/wp-content\/uploads\/2021\/09\/Erica-Ritman-.jpg?fit=521%2C693&ssl=1","jetpack_sharing_enabled":true,"jetpack_likes_enabled":true,"_links":{"self":[{"href":"https:\/\/talcomosoy.com.ar\/index.php\/wp-json\/wp\/v2\/posts\/5191","targetHints":{"allow":["GET"]}}],"collection":[{"href":"https:\/\/talcomosoy.com.ar\/index.php\/wp-json\/wp\/v2\/posts"}],"about":[{"href":"https:\/\/talcomosoy.com.ar\/index.php\/wp-json\/wp\/v2\/types\/post"}],"author":[{"embeddable":true,"href":"https:\/\/talcomosoy.com.ar\/index.php\/wp-json\/wp\/v2\/users\/1"}],"replies":[{"embeddable":true,"href":"https:\/\/talcomosoy.com.ar\/index.php\/wp-json\/wp\/v2\/comments?post=5191"}],"version-history":[{"count":1,"href":"https:\/\/talcomosoy.com.ar\/index.php\/wp-json\/wp\/v2\/posts\/5191\/revisions"}],"predecessor-version":[{"id":5193,"href":"https:\/\/talcomosoy.com.ar\/index.php\/wp-json\/wp\/v2\/posts\/5191\/revisions\/5193"}],"wp:featuredmedia":[{"embeddable":true,"href":"https:\/\/talcomosoy.com.ar\/index.php\/wp-json\/wp\/v2\/media\/5192"}],"wp:attachment":[{"href":"https:\/\/talcomosoy.com.ar\/index.php\/wp-json\/wp\/v2\/media?parent=5191"}],"wp:term":[{"taxonomy":"category","embeddable":true,"href":"https:\/\/talcomosoy.com.ar\/index.php\/wp-json\/wp\/v2\/categories?post=5191"},{"taxonomy":"post_tag","embeddable":true,"href":"https:\/\/talcomosoy.com.ar\/index.php\/wp-json\/wp\/v2\/tags?post=5191"}],"curies":[{"name":"wp","href":"https:\/\/api.w.org\/{rel}","templated":true}]}}