{"id":5186,"date":"2021-09-08T19:35:30","date_gmt":"2021-09-08T22:35:30","guid":{"rendered":"https:\/\/talcomosoy.com.ar\/?p=5186"},"modified":"2021-09-08T19:35:30","modified_gmt":"2021-09-08T22:35:30","slug":"nonpalidece-presentara-nuevas-canciones-en-mendoza","status":"publish","type":"post","link":"https:\/\/talcomosoy.com.ar\/index.php\/nonpalidece-presentara-nuevas-canciones-en-mendoza\/","title":{"rendered":"Nonpalidece presentar\u00e1 nuevas canciones en Mendoza"},"content":{"rendered":"<h3>A casi dos a\u00f1os de su \u00faltima presentaci\u00f3n por estas tierras, una de las bandas m\u00e1s emblem\u00e1ticas del reggae nacional y latino regresa a la provincia. De esta forma, el\u00a0viernes 1 de octubre\u00a0a las\u00a022 hs,\u00a0Nonpalidece\u00a0se presenta en el\u00a0Cine Teatro Plaza\u00a0(Col\u00f3n 27, Godoy Cruz) para\u00a0repasar sus 25 a\u00f1os de trayectoria y adelantar canciones de lo que ser\u00e1 su pr\u00f3ximo disco de estudio.<\/h3>\n<p>&nbsp;<\/p>\n<h4>Nonpalidece, 25 a\u00f1os de m\u00fasica<\/h4>\n<p>&nbsp;<\/p>\n<p>La banda se form\u00f3 en Tigre (BsAs) en 1996. Si bien la fusi\u00f3n de ritmos sign\u00f3 el proyecto, desde el inicio ya se notaba una clara tendencia hacia el reggae. En 1997 grab\u00f3 un demo con cuatro temas y luego encar\u00f3 su primera producci\u00f3n independiente \u00abDread al control\u00bb, la cual fue grabada en los estudios de Karamelo Santo y cont\u00f3 con la producci\u00f3n art\u00edstica de Nonpalidece y Goy Ogalde.<\/p>\n<p>En 2004 lanz\u00f3 su segunda placa \u00abNuevo d\u00eda\u00bb, editada a trav\u00e9s del sello Quatro K Records y distribuida por Universal Music. Bien volcada hacia el reggae roots, la misma cuenta con canciones como \u201cRevoluci\u00f3n\u201d, \u00abTu sue\u00f1o\u00bb y \u00abLa Flor\u201d, las cuales con el tiempo se transformaron en himnos del grupo.<\/p>\n<p>En 2006 vio la luz \u00abHagan correr la voz\u00bb. Grabado en los estudios Circo Beat con canciones como \u00abReggae en el universo\u00bb, \u201cTu presencia\u201d y \u201cPara d\u00f3nde corr\u00e9s\u201d, este fue sin dudas el disco que termin\u00f3 de posicionar a Nonpalidece en el plano nacional.<\/p>\n<p>A fines de 2008 edit\u00f3 \u201cNonpalidecenchufado\u201d, una producci\u00f3n en formato CD y DVD. Dicho material fue el resultado de un show ac\u00fastico que el grupo brind\u00f3 en La Trastienda en octubre de ese mismo a\u00f1o. De \u00e9ste trabajo se desprendi\u00f3 el DVD \u00abEn el r\u00edo es mejor\u00bb, el cual muestra escenas del backstage, ensayos y mucho m\u00e1s.<\/p>\n<p>Siempre con una carrera en acenso luego llegar\u00edan \u00abEl fuego en nosotros\u00bb (2010), \u00abLiving Memory &#8211; El tributo nuestro\u00bb (un recordado \u00abTributo a Bob Marley\u00bb en el Luna Park, en el que participaron Carajo, Ciro Pertusi, Ricardo Mollo, y el Negro Garc\u00eda L\u00f3pez, entre otros). Y \u00abActivistas\u00bb (2013), disco grabado en vivo en La Casa de la M\u00fasica, en Villa Mercedes (San Luis).<\/p>\n<p>Desde entonces la banda fue lanzando material en formato single, en 2017\u201cTotal Destruction\u201d y \u00abKeep the Fyah Burning\u00bb, ambos junto al ingl\u00e9s Brinsley Forde (Aswad) y al jamaiquino Flabba Holt (Roots Radics). En 2019\u201cSoy Latino\u201d en combinaci\u00f3n con los brasileros Ponto de Equilibrio. Y ya en 2020\u201cSlogan\u201d y \u201cVuela Alto\u201d, dos cortes que ser\u00e1n parte de su pr\u00f3ximo disco de estudio previsto para fines de 2021.<\/p>\n<p>Con un 1 mill\u00f3n y medio de seguidores en redes sociales, Nonpalidece es sin duda la agrupaci\u00f3n de reggae m\u00e1s querida y una de las de mayor poder de convocatoria de Argentina, con s\u00f3lidas bases en toda la regi\u00f3n. Un referente indiscutido y un cabal exponente del movimiento a nivel latinoamericano, habiendo recorrido todo el Continente incluyendo Estados Unidos, y en 2016 llegando por primera vez a Europa.<\/p>\n<p><strong>Nonpalidece<\/strong> son: <strong>Facundo Cimas<\/strong> en bajo, <strong>Germ\u00e1n Bonilla<\/strong> en bater\u00eda, <strong>Bruno Signaroli<\/strong> en guitarra, <strong>Agust\u00edn Azubel<\/strong> en saxo tenor, <strong>Mart\u00edn M\u00f3rtola<\/strong> en teclado, <strong>Ariel Sciacaluga<\/strong> en percusi\u00f3n y <strong>N\u00e9stor Ramljak<\/strong> en voz.<\/p>\n<p>&nbsp;<\/p>\n<h3>ANTICIPADAS EN VENTA<\/h3>\n<ul>\n<li>Haus Ticket &gt; https:\/\/bit.ly\/NonpaTicketsMendoza<\/li>\n<li>Boleter\u00edas del Teatro (Col\u00f3n 27, Godoy Cruz)<\/li>\n<li>Mantis Paradise (Galer\u00eda Independencia, L 32, Ciudad)<\/li>\n<li>Happy Farm Grow (San Mart\u00edn 1269, Godoy Cruz)<\/li>\n<li>Siempre Deportes (Serpa 392, Luj\u00e1n)<\/li>\n<\/ul>\n","protected":false},"excerpt":{"rendered":"<p>A casi dos a\u00f1os de su \u00faltima presentaci\u00f3n por estas tierras, una de las bandas<\/p>\n","protected":false},"author":1,"featured_media":5187,"comment_status":"closed","ping_status":"closed","sticky":false,"template":"","format":"standard","meta":{"_jetpack_memberships_contains_paid_content":false,"footnotes":"","jetpack_publicize_message":"","jetpack_publicize_feature_enabled":true,"jetpack_social_post_already_shared":true,"jetpack_social_options":{"image_generator_settings":{"template":"highway","default_image_id":0,"font":"","enabled":false},"version":2}},"categories":[166,248],"tags":[],"class_list":["post-5186","post","type-post","status-publish","format-standard","has-post-thumbnail","hentry","category-musica-de-buenos-aires","category-reggae"],"yoast_head":"<!-- This site is optimized with the Yoast SEO plugin v27.5 - https:\/\/yoast.com\/product\/yoast-seo-wordpress\/ -->\n<title>Nonpalidece presentar\u00e1 nuevas canciones en Mendoza - Tal Como Soy<\/title>\n<meta name=\"robots\" content=\"index, follow, max-snippet:-1, max-image-preview:large, max-video-preview:-1\" \/>\n<link rel=\"canonical\" href=\"https:\/\/talcomosoy.com.ar\/index.php\/nonpalidece-presentara-nuevas-canciones-en-mendoza\/\" \/>\n<meta property=\"og:locale\" content=\"es_ES\" \/>\n<meta property=\"og:type\" content=\"article\" \/>\n<meta property=\"og:title\" content=\"Nonpalidece presentar\u00e1 nuevas canciones en Mendoza - Tal Como Soy\" \/>\n<meta property=\"og:description\" content=\"A casi dos a\u00f1os de su \u00faltima presentaci\u00f3n por estas tierras, una de las bandas\" \/>\n<meta property=\"og:url\" content=\"https:\/\/talcomosoy.com.ar\/index.php\/nonpalidece-presentara-nuevas-canciones-en-mendoza\/\" \/>\n<meta property=\"og:site_name\" content=\"Tal Como Soy\" \/>\n<meta property=\"article:publisher\" content=\"https:\/\/www.facebook.com\/talcomosoyok\" \/>\n<meta property=\"article:author\" content=\"https:\/\/www.facebook.com\/sindamiranda\" \/>\n<meta property=\"article:published_time\" content=\"2021-09-08T22:35:30+00:00\" \/>\n<meta property=\"og:image\" content=\"https:\/\/i0.wp.com\/talcomosoy.com.ar\/wp-content\/uploads\/2021\/09\/unnamed-2.jpg?fit=660%2C437&ssl=1\" \/>\n\t<meta property=\"og:image:width\" content=\"660\" \/>\n\t<meta property=\"og:image:height\" content=\"437\" \/>\n\t<meta property=\"og:image:type\" content=\"image\/jpeg\" \/>\n<meta name=\"author\" content=\"Sinda Miranda\" \/>\n<meta name=\"twitter:card\" content=\"summary_large_image\" \/>\n<meta name=\"twitter:creator\" content=\"@sindamiranda\" \/>\n<meta name=\"twitter:site\" content=\"@talcomosoyok\" \/>\n<meta name=\"twitter:label1\" content=\"Escrito por\" \/>\n\t<meta name=\"twitter:data1\" content=\"Sinda Miranda\" \/>\n\t<meta name=\"twitter:label2\" content=\"Tiempo de lectura\" \/>\n\t<meta name=\"twitter:data2\" content=\"3 minutos\" \/>\n<script type=\"application\/ld+json\" class=\"yoast-schema-graph\">{\"@context\":\"https:\\\/\\\/schema.org\",\"@graph\":[{\"@type\":\"Article\",\"@id\":\"https:\\\/\\\/talcomosoy.com.ar\\\/index.php\\\/nonpalidece-presentara-nuevas-canciones-en-mendoza\\\/#article\",\"isPartOf\":{\"@id\":\"https:\\\/\\\/talcomosoy.com.ar\\\/index.php\\\/nonpalidece-presentara-nuevas-canciones-en-mendoza\\\/\"},\"author\":{\"name\":\"Sinda Miranda\",\"@id\":\"https:\\\/\\\/talcomosoy.com.ar\\\/#\\\/schema\\\/person\\\/496b3561bd436afcf2be92147ff855c9\"},\"headline\":\"Nonpalidece presentar\u00e1 nuevas canciones en Mendoza\",\"datePublished\":\"2021-09-08T22:35:30+00:00\",\"mainEntityOfPage\":{\"@id\":\"https:\\\/\\\/talcomosoy.com.ar\\\/index.php\\\/nonpalidece-presentara-nuevas-canciones-en-mendoza\\\/\"},\"wordCount\":599,\"publisher\":{\"@id\":\"https:\\\/\\\/talcomosoy.com.ar\\\/#organization\"},\"image\":{\"@id\":\"https:\\\/\\\/talcomosoy.com.ar\\\/index.php\\\/nonpalidece-presentara-nuevas-canciones-en-mendoza\\\/#primaryimage\"},\"thumbnailUrl\":\"https:\\\/\\\/i0.wp.com\\\/talcomosoy.com.ar\\\/wp-content\\\/uploads\\\/2021\\\/09\\\/unnamed-2.jpg?fit=660%2C437&ssl=1\",\"articleSection\":[\"M\u00fasica de Buenos Aires\",\"Reggae\"],\"inLanguage\":\"es\"},{\"@type\":\"WebPage\",\"@id\":\"https:\\\/\\\/talcomosoy.com.ar\\\/index.php\\\/nonpalidece-presentara-nuevas-canciones-en-mendoza\\\/\",\"url\":\"https:\\\/\\\/talcomosoy.com.ar\\\/index.php\\\/nonpalidece-presentara-nuevas-canciones-en-mendoza\\\/\",\"name\":\"Nonpalidece presentar\u00e1 nuevas canciones en Mendoza - Tal Como Soy\",\"isPartOf\":{\"@id\":\"https:\\\/\\\/talcomosoy.com.ar\\\/#website\"},\"primaryImageOfPage\":{\"@id\":\"https:\\\/\\\/talcomosoy.com.ar\\\/index.php\\\/nonpalidece-presentara-nuevas-canciones-en-mendoza\\\/#primaryimage\"},\"image\":{\"@id\":\"https:\\\/\\\/talcomosoy.com.ar\\\/index.php\\\/nonpalidece-presentara-nuevas-canciones-en-mendoza\\\/#primaryimage\"},\"thumbnailUrl\":\"https:\\\/\\\/i0.wp.com\\\/talcomosoy.com.ar\\\/wp-content\\\/uploads\\\/2021\\\/09\\\/unnamed-2.jpg?fit=660%2C437&ssl=1\",\"datePublished\":\"2021-09-08T22:35:30+00:00\",\"inLanguage\":\"es\",\"potentialAction\":[{\"@type\":\"ReadAction\",\"target\":[\"https:\\\/\\\/talcomosoy.com.ar\\\/index.php\\\/nonpalidece-presentara-nuevas-canciones-en-mendoza\\\/\"]}]},{\"@type\":\"ImageObject\",\"inLanguage\":\"es\",\"@id\":\"https:\\\/\\\/talcomosoy.com.ar\\\/index.php\\\/nonpalidece-presentara-nuevas-canciones-en-mendoza\\\/#primaryimage\",\"url\":\"https:\\\/\\\/i0.wp.com\\\/talcomosoy.com.ar\\\/wp-content\\\/uploads\\\/2021\\\/09\\\/unnamed-2.jpg?fit=660%2C437&ssl=1\",\"contentUrl\":\"https:\\\/\\\/i0.wp.com\\\/talcomosoy.com.ar\\\/wp-content\\\/uploads\\\/2021\\\/09\\\/unnamed-2.jpg?fit=660%2C437&ssl=1\",\"width\":660,\"height\":437,\"caption\":\"Nonpalidece\"},{\"@type\":\"WebSite\",\"@id\":\"https:\\\/\\\/talcomosoy.com.ar\\\/#website\",\"url\":\"https:\\\/\\\/talcomosoy.com.ar\\\/\",\"name\":\"Tal Como Soy\",\"description\":\"Magazine Musical Digital\",\"publisher\":{\"@id\":\"https:\\\/\\\/talcomosoy.com.ar\\\/#organization\"},\"potentialAction\":[{\"@type\":\"SearchAction\",\"target\":{\"@type\":\"EntryPoint\",\"urlTemplate\":\"https:\\\/\\\/talcomosoy.com.ar\\\/?s={search_term_string}\"},\"query-input\":{\"@type\":\"PropertyValueSpecification\",\"valueRequired\":true,\"valueName\":\"search_term_string\"}}],\"inLanguage\":\"es\"},{\"@type\":\"Organization\",\"@id\":\"https:\\\/\\\/talcomosoy.com.ar\\\/#organization\",\"name\":\"Tal Como Soy\",\"url\":\"https:\\\/\\\/talcomosoy.com.ar\\\/\",\"logo\":{\"@type\":\"ImageObject\",\"inLanguage\":\"es\",\"@id\":\"https:\\\/\\\/talcomosoy.com.ar\\\/#\\\/schema\\\/logo\\\/image\\\/\",\"url\":\"https:\\\/\\\/i0.wp.com\\\/talcomosoy.com.ar\\\/wp-content\\\/uploads\\\/2020\\\/02\\\/PUA-2020-TRANSPARENTE.png?fit=570%2C382&ssl=1\",\"contentUrl\":\"https:\\\/\\\/i0.wp.com\\\/talcomosoy.com.ar\\\/wp-content\\\/uploads\\\/2020\\\/02\\\/PUA-2020-TRANSPARENTE.png?fit=570%2C382&ssl=1\",\"width\":570,\"height\":382,\"caption\":\"Tal Como Soy\"},\"image\":{\"@id\":\"https:\\\/\\\/talcomosoy.com.ar\\\/#\\\/schema\\\/logo\\\/image\\\/\"},\"sameAs\":[\"https:\\\/\\\/www.facebook.com\\\/talcomosoyok\",\"https:\\\/\\\/x.com\\\/talcomosoyok\",\"https:\\\/\\\/www.instagram.com\\\/talcomosoyok\",\"https:\\\/\\\/www.youtube.com\\\/channel\\\/UCrutZzYQmd9Fe8pEm5wqsiw\"]},{\"@type\":\"Person\",\"@id\":\"https:\\\/\\\/talcomosoy.com.ar\\\/#\\\/schema\\\/person\\\/496b3561bd436afcf2be92147ff855c9\",\"name\":\"Sinda Miranda\",\"image\":{\"@type\":\"ImageObject\",\"inLanguage\":\"es\",\"@id\":\"https:\\\/\\\/secure.gravatar.com\\\/avatar\\\/ab0e992fc0b7117fe730d00fb0e44073b1fd6e28d69de8e7ac3103f1396f445e?s=96&d=mm&r=g\",\"url\":\"https:\\\/\\\/secure.gravatar.com\\\/avatar\\\/ab0e992fc0b7117fe730d00fb0e44073b1fd6e28d69de8e7ac3103f1396f445e?s=96&d=mm&r=g\",\"contentUrl\":\"https:\\\/\\\/secure.gravatar.com\\\/avatar\\\/ab0e992fc0b7117fe730d00fb0e44073b1fd6e28d69de8e7ac3103f1396f445e?s=96&d=mm&r=g\",\"caption\":\"Sinda Miranda\"},\"description\":\"Escritora, Fot\u00f3grafa, Agente de Prensa\",\"sameAs\":[\"https:\\\/\\\/www.facebook.com\\\/sindamiranda\",\"https:\\\/\\\/www.instagram.com\\\/sindamiranda\",\"https:\\\/\\\/x.com\\\/sindamiranda\"],\"url\":\"https:\\\/\\\/talcomosoy.com.ar\\\/index.php\\\/author\\\/sindamirandatcs\\\/\"}]}<\/script>\n<!-- \/ Yoast SEO plugin. -->","yoast_head_json":{"title":"Nonpalidece presentar\u00e1 nuevas canciones en Mendoza - Tal Como Soy","robots":{"index":"index","follow":"follow","max-snippet":"max-snippet:-1","max-image-preview":"max-image-preview:large","max-video-preview":"max-video-preview:-1"},"canonical":"https:\/\/talcomosoy.com.ar\/index.php\/nonpalidece-presentara-nuevas-canciones-en-mendoza\/","og_locale":"es_ES","og_type":"article","og_title":"Nonpalidece presentar\u00e1 nuevas canciones en Mendoza - Tal Como Soy","og_description":"A casi dos a\u00f1os de su \u00faltima presentaci\u00f3n por estas tierras, una de las bandas","og_url":"https:\/\/talcomosoy.com.ar\/index.php\/nonpalidece-presentara-nuevas-canciones-en-mendoza\/","og_site_name":"Tal Como Soy","article_publisher":"https:\/\/www.facebook.com\/talcomosoyok","article_author":"https:\/\/www.facebook.com\/sindamiranda","article_published_time":"2021-09-08T22:35:30+00:00","og_image":[{"width":660,"height":437,"url":"https:\/\/i0.wp.com\/talcomosoy.com.ar\/wp-content\/uploads\/2021\/09\/unnamed-2.jpg?fit=660%2C437&ssl=1","type":"image\/jpeg"}],"author":"Sinda Miranda","twitter_card":"summary_large_image","twitter_creator":"@sindamiranda","twitter_site":"@talcomosoyok","twitter_misc":{"Escrito por":"Sinda Miranda","Tiempo de lectura":"3 minutos"},"schema":{"@context":"https:\/\/schema.org","@graph":[{"@type":"Article","@id":"https:\/\/talcomosoy.com.ar\/index.php\/nonpalidece-presentara-nuevas-canciones-en-mendoza\/#article","isPartOf":{"@id":"https:\/\/talcomosoy.com.ar\/index.php\/nonpalidece-presentara-nuevas-canciones-en-mendoza\/"},"author":{"name":"Sinda Miranda","@id":"https:\/\/talcomosoy.com.ar\/#\/schema\/person\/496b3561bd436afcf2be92147ff855c9"},"headline":"Nonpalidece presentar\u00e1 nuevas canciones en Mendoza","datePublished":"2021-09-08T22:35:30+00:00","mainEntityOfPage":{"@id":"https:\/\/talcomosoy.com.ar\/index.php\/nonpalidece-presentara-nuevas-canciones-en-mendoza\/"},"wordCount":599,"publisher":{"@id":"https:\/\/talcomosoy.com.ar\/#organization"},"image":{"@id":"https:\/\/talcomosoy.com.ar\/index.php\/nonpalidece-presentara-nuevas-canciones-en-mendoza\/#primaryimage"},"thumbnailUrl":"https:\/\/i0.wp.com\/talcomosoy.com.ar\/wp-content\/uploads\/2021\/09\/unnamed-2.jpg?fit=660%2C437&ssl=1","articleSection":["M\u00fasica de Buenos Aires","Reggae"],"inLanguage":"es"},{"@type":"WebPage","@id":"https:\/\/talcomosoy.com.ar\/index.php\/nonpalidece-presentara-nuevas-canciones-en-mendoza\/","url":"https:\/\/talcomosoy.com.ar\/index.php\/nonpalidece-presentara-nuevas-canciones-en-mendoza\/","name":"Nonpalidece presentar\u00e1 nuevas canciones en Mendoza - Tal Como Soy","isPartOf":{"@id":"https:\/\/talcomosoy.com.ar\/#website"},"primaryImageOfPage":{"@id":"https:\/\/talcomosoy.com.ar\/index.php\/nonpalidece-presentara-nuevas-canciones-en-mendoza\/#primaryimage"},"image":{"@id":"https:\/\/talcomosoy.com.ar\/index.php\/nonpalidece-presentara-nuevas-canciones-en-mendoza\/#primaryimage"},"thumbnailUrl":"https:\/\/i0.wp.com\/talcomosoy.com.ar\/wp-content\/uploads\/2021\/09\/unnamed-2.jpg?fit=660%2C437&ssl=1","datePublished":"2021-09-08T22:35:30+00:00","inLanguage":"es","potentialAction":[{"@type":"ReadAction","target":["https:\/\/talcomosoy.com.ar\/index.php\/nonpalidece-presentara-nuevas-canciones-en-mendoza\/"]}]},{"@type":"ImageObject","inLanguage":"es","@id":"https:\/\/talcomosoy.com.ar\/index.php\/nonpalidece-presentara-nuevas-canciones-en-mendoza\/#primaryimage","url":"https:\/\/i0.wp.com\/talcomosoy.com.ar\/wp-content\/uploads\/2021\/09\/unnamed-2.jpg?fit=660%2C437&ssl=1","contentUrl":"https:\/\/i0.wp.com\/talcomosoy.com.ar\/wp-content\/uploads\/2021\/09\/unnamed-2.jpg?fit=660%2C437&ssl=1","width":660,"height":437,"caption":"Nonpalidece"},{"@type":"WebSite","@id":"https:\/\/talcomosoy.com.ar\/#website","url":"https:\/\/talcomosoy.com.ar\/","name":"Tal Como Soy","description":"Magazine Musical Digital","publisher":{"@id":"https:\/\/talcomosoy.com.ar\/#organization"},"potentialAction":[{"@type":"SearchAction","target":{"@type":"EntryPoint","urlTemplate":"https:\/\/talcomosoy.com.ar\/?s={search_term_string}"},"query-input":{"@type":"PropertyValueSpecification","valueRequired":true,"valueName":"search_term_string"}}],"inLanguage":"es"},{"@type":"Organization","@id":"https:\/\/talcomosoy.com.ar\/#organization","name":"Tal Como Soy","url":"https:\/\/talcomosoy.com.ar\/","logo":{"@type":"ImageObject","inLanguage":"es","@id":"https:\/\/talcomosoy.com.ar\/#\/schema\/logo\/image\/","url":"https:\/\/i0.wp.com\/talcomosoy.com.ar\/wp-content\/uploads\/2020\/02\/PUA-2020-TRANSPARENTE.png?fit=570%2C382&ssl=1","contentUrl":"https:\/\/i0.wp.com\/talcomosoy.com.ar\/wp-content\/uploads\/2020\/02\/PUA-2020-TRANSPARENTE.png?fit=570%2C382&ssl=1","width":570,"height":382,"caption":"Tal Como Soy"},"image":{"@id":"https:\/\/talcomosoy.com.ar\/#\/schema\/logo\/image\/"},"sameAs":["https:\/\/www.facebook.com\/talcomosoyok","https:\/\/x.com\/talcomosoyok","https:\/\/www.instagram.com\/talcomosoyok","https:\/\/www.youtube.com\/channel\/UCrutZzYQmd9Fe8pEm5wqsiw"]},{"@type":"Person","@id":"https:\/\/talcomosoy.com.ar\/#\/schema\/person\/496b3561bd436afcf2be92147ff855c9","name":"Sinda Miranda","image":{"@type":"ImageObject","inLanguage":"es","@id":"https:\/\/secure.gravatar.com\/avatar\/ab0e992fc0b7117fe730d00fb0e44073b1fd6e28d69de8e7ac3103f1396f445e?s=96&d=mm&r=g","url":"https:\/\/secure.gravatar.com\/avatar\/ab0e992fc0b7117fe730d00fb0e44073b1fd6e28d69de8e7ac3103f1396f445e?s=96&d=mm&r=g","contentUrl":"https:\/\/secure.gravatar.com\/avatar\/ab0e992fc0b7117fe730d00fb0e44073b1fd6e28d69de8e7ac3103f1396f445e?s=96&d=mm&r=g","caption":"Sinda Miranda"},"description":"Escritora, Fot\u00f3grafa, Agente de Prensa","sameAs":["https:\/\/www.facebook.com\/sindamiranda","https:\/\/www.instagram.com\/sindamiranda","https:\/\/x.com\/sindamiranda"],"url":"https:\/\/talcomosoy.com.ar\/index.php\/author\/sindamirandatcs\/"}]}},"jetpack_publicize_connections":[],"jetpack_featured_media_url":"https:\/\/i0.wp.com\/talcomosoy.com.ar\/wp-content\/uploads\/2021\/09\/unnamed-2.jpg?fit=660%2C437&ssl=1","jetpack_sharing_enabled":true,"jetpack_likes_enabled":true,"_links":{"self":[{"href":"https:\/\/talcomosoy.com.ar\/index.php\/wp-json\/wp\/v2\/posts\/5186","targetHints":{"allow":["GET"]}}],"collection":[{"href":"https:\/\/talcomosoy.com.ar\/index.php\/wp-json\/wp\/v2\/posts"}],"about":[{"href":"https:\/\/talcomosoy.com.ar\/index.php\/wp-json\/wp\/v2\/types\/post"}],"author":[{"embeddable":true,"href":"https:\/\/talcomosoy.com.ar\/index.php\/wp-json\/wp\/v2\/users\/1"}],"replies":[{"embeddable":true,"href":"https:\/\/talcomosoy.com.ar\/index.php\/wp-json\/wp\/v2\/comments?post=5186"}],"version-history":[{"count":3,"href":"https:\/\/talcomosoy.com.ar\/index.php\/wp-json\/wp\/v2\/posts\/5186\/revisions"}],"predecessor-version":[{"id":5190,"href":"https:\/\/talcomosoy.com.ar\/index.php\/wp-json\/wp\/v2\/posts\/5186\/revisions\/5190"}],"wp:featuredmedia":[{"embeddable":true,"href":"https:\/\/talcomosoy.com.ar\/index.php\/wp-json\/wp\/v2\/media\/5187"}],"wp:attachment":[{"href":"https:\/\/talcomosoy.com.ar\/index.php\/wp-json\/wp\/v2\/media?parent=5186"}],"wp:term":[{"taxonomy":"category","embeddable":true,"href":"https:\/\/talcomosoy.com.ar\/index.php\/wp-json\/wp\/v2\/categories?post=5186"},{"taxonomy":"post_tag","embeddable":true,"href":"https:\/\/talcomosoy.com.ar\/index.php\/wp-json\/wp\/v2\/tags?post=5186"}],"curies":[{"name":"wp","href":"https:\/\/api.w.org\/{rel}","templated":true}]}}