{"id":5077,"date":"2021-08-20T20:03:48","date_gmt":"2021-08-20T23:03:48","guid":{"rendered":"https:\/\/talcomosoy.com.ar\/?p=5077"},"modified":"2021-08-20T20:03:48","modified_gmt":"2021-08-20T23:03:48","slug":"los-autenticos-decadentes-festejan-35-anos-en-el-estadio-obras","status":"publish","type":"post","link":"https:\/\/talcomosoy.com.ar\/index.php\/los-autenticos-decadentes-festejan-35-anos-en-el-estadio-obras\/","title":{"rendered":"Los Aut\u00e9nticos Decadentes festejan 35 a\u00f1os en el Estadio Obras"},"content":{"rendered":"<h3>El s\u00e1bado 18 de septiembre se reencuentran junto a su p\u00fablico para celebrar este aniversario tan especial. Entradas ya a la venta en LIVEPASS. 3 cuotas sin inter\u00e9s con BBVA.<\/h3>\n<p>&nbsp;<\/p>\n<p><strong>Los Aut\u00e9nticos Decadentes<\/strong> dieron el puntapi\u00e9 inicial hacia su nuevo y esperado trabajo de estudio presentando \u00a8<strong>Los Viejos Vinagres<\/strong>\u00a8<strong><em> ft. Pante\u00f3n Rococ\u00f3<\/em><\/strong> este es el primer single oficial de una trilog\u00eda discogr\u00e1fica colosal que llevar\u00e1 por t\u00edtulo <strong>A D N<\/strong>. El primer \u00e1lbum ser\u00e1 el <strong>A<\/strong> y llegar\u00e1 en el mes de Noviembre. Con la participaci\u00f3n especial de <strong>Roberto Pettinato<\/strong>.<\/p>\n<p><strong>A D N<\/strong> es una obra de concepto dividida en tres discos a lo largo de los cuales <strong>Los Aut\u00e9nticos Decadentes<\/strong> visitar\u00e1n algunas de las hermosas canciones y maravillosos artistas que, con el paso del tiempo, fueron delineando su genoma musical\u2026 adem\u00e1s de movilizar su esp\u00edritu y alegrar sus vidas. Con humildad, gratitud, amor, oficio y respeto el grupo latinoamericano ofrecer\u00e1 a lo largo de cada \u00e1lbum versiones de grandes cl\u00e1sicos del rock y la canci\u00f3n popular de diferentes estilos, ra\u00edces, g\u00e9neros y culturas, acompa\u00f1ados por enormes artistas de todo el continente.<\/p>\n<p>&nbsp;<\/p>\n<h3>Dale Play<\/h3>\n<p>&nbsp;<\/p>\n<p><iframe title=\"Spotify Embed: Los Viejos Vinagres\" style=\"border-radius: 12px\" width=\"100%\" height=\"352\" frameborder=\"0\" allowfullscreen allow=\"autoplay; clipboard-write; encrypted-media; fullscreen; picture-in-picture\" loading=\"lazy\" src=\"https:\/\/open.spotify.com\/embed\/album\/0HPyIrvLK6bMIjA9q8HSFC?utm_source=oembed\"><\/iframe><\/p>\n<p>&nbsp;<\/p>\n<p><strong>Los Viejos Vinagres<\/strong> es un tema original de <strong>Sumo<\/strong> y fue uno de los hits m\u00e1s explosivos del \u00e1lbum <em><strong>Llegando los monos<\/strong><\/em>, segundo LP de la banda liderada por el legendario <strong>Luca Prodan<\/strong>, editado por Sony Music en 1986. Con esp\u00edritu punk, fuertes mensajes entre l\u00edneas y un sonido funk pop que nunca antes se hab\u00eda escuchado en Sudam\u00e9rica, m\u00e1s que una canci\u00f3n Los Viejos Vinagres fue una tremenda patada que lo sacudi\u00f3 todo. Ese fuego anarco- musical cautiv\u00f3 a Los Aut\u00e9nticos Decadentes en sus comienzos convirti\u00e9ndose de manera inconsciente y colectiva en la base que ciment\u00f3 la arquitectura de su gen\u00e9tica art\u00edstica.<\/p>\n<p><strong>Los Viejos Vinagres <em>ft. Pante\u00f3n Rococ\u00f3<\/em><\/strong> es entonces el primer single de esta gran obra de versiones y cuenta tambi\u00e9n con la<strong> participaci\u00f3n especial del m\u00fasico, humorista, periodista y conductor argentino Roberto Pettinato, quien fuera saxofonista de Sumo, adem\u00e1s de co-autor y co-compositor del tema.<\/strong> El videoclip es una fantas\u00eda audiovisual que con ingenio cinematogr\u00e1fico y bajo la direcci\u00f3n Pablo Armesto y Octavio \u201cEl Vikingo\u201d Lovisolo nos transporta m\u00e1gicamente al momento del aut\u00e9ntico big-bang, all\u00e1 por los dorados a\u00f1os \u00b480.<\/p>\n<p>Este primer single de <strong>A D N<\/strong> fue realizado bajo la producci\u00f3n art\u00edstica de Mart\u00edn \u201cMoska\u201d Lorenzo, Mariano Franceschelli y Los Aut\u00e9nticos Decadentes. La grabaci\u00f3n estuvo a cargo de Gustavo Borner en los estudios de Sony Music M\u00e9xico, quien tambi\u00e9n estuvo al frente de los procesos de mezcla y mastering en los estudios Igloo Music de Los \u00c1ngeles. El arte de portada de este sencillo fue creado por el artista tatuador mexicano El Chanok.<\/p>\n<p>Tras un impresionante recorrido internacional que incluye 10 discos de estudio, un multi-premiado MTV Unplugged, 3 Dvds e incontables giras de salas y estadios repletos a lo largo de Am\u00e9rica Latina y el mundo, Los Aut\u00e9nticos Decadentes descifran y ofrecen su A D N en honor y reconocimiento a los que con su arte les alumbraron el camino.<\/p>\n<p><img data-recalc-dims=\"1\" loading=\"lazy\" decoding=\"async\" class=\"alignright size-full wp-image-5079\" src=\"https:\/\/i0.wp.com\/talcomosoy.com.ar\/wp-content\/uploads\/2021\/08\/unnamed-14.jpg?resize=640%2C641&#038;ssl=1\" alt=\"\" width=\"640\" height=\"641\" srcset=\"https:\/\/i0.wp.com\/talcomosoy.com.ar\/wp-content\/uploads\/2021\/08\/unnamed-14.jpg?w=834&amp;ssl=1 834w, https:\/\/i0.wp.com\/talcomosoy.com.ar\/wp-content\/uploads\/2021\/08\/unnamed-14.jpg?resize=300%2C300&amp;ssl=1 300w, https:\/\/i0.wp.com\/talcomosoy.com.ar\/wp-content\/uploads\/2021\/08\/unnamed-14.jpg?resize=150%2C150&amp;ssl=1 150w, https:\/\/i0.wp.com\/talcomosoy.com.ar\/wp-content\/uploads\/2021\/08\/unnamed-14.jpg?resize=768%2C769&amp;ssl=1 768w, https:\/\/i0.wp.com\/talcomosoy.com.ar\/wp-content\/uploads\/2021\/08\/unnamed-14.jpg?resize=50%2C50&amp;ssl=1 50w\" sizes=\"auto, (max-width: 640px) 100vw, 640px\" \/><\/p>\n","protected":false},"excerpt":{"rendered":"<p>El s\u00e1bado 18 de septiembre se reencuentran junto a su p\u00fablico para celebrar este aniversario<\/p>\n","protected":false},"author":1,"featured_media":5078,"comment_status":"closed","ping_status":"closed","sticky":false,"template":"","format":"standard","meta":{"_jetpack_memberships_contains_paid_content":false,"footnotes":"","jetpack_publicize_message":"","jetpack_publicize_feature_enabled":true,"jetpack_social_post_already_shared":true,"jetpack_social_options":{"image_generator_settings":{"template":"highway","default_image_id":0,"font":"","enabled":false},"version":2}},"categories":[2,87],"tags":[],"class_list":["post-5077","post","type-post","status-publish","format-standard","has-post-thumbnail","hentry","category-musica","category-rock-argentino"],"yoast_head":"<!-- This site is optimized with the Yoast SEO plugin v27.5 - https:\/\/yoast.com\/product\/yoast-seo-wordpress\/ -->\n<title>Los Aut\u00e9nticos Decadentes festejan 35 a\u00f1os en el Estadio Obras - Tal Como Soy<\/title>\n<meta name=\"robots\" content=\"index, follow, max-snippet:-1, max-image-preview:large, max-video-preview:-1\" \/>\n<link rel=\"canonical\" href=\"https:\/\/talcomosoy.com.ar\/index.php\/los-autenticos-decadentes-festejan-35-anos-en-el-estadio-obras\/\" \/>\n<meta property=\"og:locale\" content=\"es_ES\" \/>\n<meta property=\"og:type\" content=\"article\" \/>\n<meta property=\"og:title\" content=\"Los Aut\u00e9nticos Decadentes festejan 35 a\u00f1os en el Estadio Obras - Tal Como Soy\" \/>\n<meta property=\"og:description\" content=\"El s\u00e1bado 18 de septiembre se reencuentran junto a su p\u00fablico para celebrar este aniversario\" \/>\n<meta property=\"og:url\" content=\"https:\/\/talcomosoy.com.ar\/index.php\/los-autenticos-decadentes-festejan-35-anos-en-el-estadio-obras\/\" \/>\n<meta property=\"og:site_name\" content=\"Tal Como Soy\" \/>\n<meta property=\"article:publisher\" content=\"https:\/\/www.facebook.com\/talcomosoyok\" \/>\n<meta property=\"article:author\" content=\"https:\/\/www.facebook.com\/sindamiranda\" \/>\n<meta property=\"article:published_time\" content=\"2021-08-20T23:03:48+00:00\" \/>\n<meta property=\"og:image\" content=\"https:\/\/i0.wp.com\/talcomosoy.com.ar\/wp-content\/uploads\/2021\/08\/unnamed-15.png?fit=1200%2C773&ssl=1\" \/>\n\t<meta property=\"og:image:width\" content=\"1200\" \/>\n\t<meta property=\"og:image:height\" content=\"773\" \/>\n\t<meta property=\"og:image:type\" content=\"image\/png\" \/>\n<meta name=\"author\" content=\"Sinda Miranda\" \/>\n<meta name=\"twitter:card\" content=\"summary_large_image\" \/>\n<meta name=\"twitter:creator\" content=\"@sindamiranda\" \/>\n<meta name=\"twitter:site\" content=\"@talcomosoyok\" \/>\n<meta name=\"twitter:label1\" content=\"Escrito por\" \/>\n\t<meta name=\"twitter:data1\" content=\"Sinda Miranda\" \/>\n\t<meta name=\"twitter:label2\" content=\"Tiempo de lectura\" \/>\n\t<meta name=\"twitter:data2\" content=\"3 minutos\" \/>\n<script type=\"application\/ld+json\" class=\"yoast-schema-graph\">{\"@context\":\"https:\\\/\\\/schema.org\",\"@graph\":[{\"@type\":\"Article\",\"@id\":\"https:\\\/\\\/talcomosoy.com.ar\\\/index.php\\\/los-autenticos-decadentes-festejan-35-anos-en-el-estadio-obras\\\/#article\",\"isPartOf\":{\"@id\":\"https:\\\/\\\/talcomosoy.com.ar\\\/index.php\\\/los-autenticos-decadentes-festejan-35-anos-en-el-estadio-obras\\\/\"},\"author\":{\"name\":\"Sinda Miranda\",\"@id\":\"https:\\\/\\\/talcomosoy.com.ar\\\/#\\\/schema\\\/person\\\/496b3561bd436afcf2be92147ff855c9\"},\"headline\":\"Los Aut\u00e9nticos Decadentes festejan 35 a\u00f1os en el Estadio Obras\",\"datePublished\":\"2021-08-20T23:03:48+00:00\",\"mainEntityOfPage\":{\"@id\":\"https:\\\/\\\/talcomosoy.com.ar\\\/index.php\\\/los-autenticos-decadentes-festejan-35-anos-en-el-estadio-obras\\\/\"},\"wordCount\":566,\"publisher\":{\"@id\":\"https:\\\/\\\/talcomosoy.com.ar\\\/#organization\"},\"image\":{\"@id\":\"https:\\\/\\\/talcomosoy.com.ar\\\/index.php\\\/los-autenticos-decadentes-festejan-35-anos-en-el-estadio-obras\\\/#primaryimage\"},\"thumbnailUrl\":\"https:\\\/\\\/i0.wp.com\\\/talcomosoy.com.ar\\\/wp-content\\\/uploads\\\/2021\\\/08\\\/unnamed-15.png?fit=1200%2C773&ssl=1\",\"articleSection\":[\"M\u00fasica\",\"Rock Argentino\"],\"inLanguage\":\"es\"},{\"@type\":\"WebPage\",\"@id\":\"https:\\\/\\\/talcomosoy.com.ar\\\/index.php\\\/los-autenticos-decadentes-festejan-35-anos-en-el-estadio-obras\\\/\",\"url\":\"https:\\\/\\\/talcomosoy.com.ar\\\/index.php\\\/los-autenticos-decadentes-festejan-35-anos-en-el-estadio-obras\\\/\",\"name\":\"Los Aut\u00e9nticos Decadentes festejan 35 a\u00f1os en el Estadio Obras - Tal Como Soy\",\"isPartOf\":{\"@id\":\"https:\\\/\\\/talcomosoy.com.ar\\\/#website\"},\"primaryImageOfPage\":{\"@id\":\"https:\\\/\\\/talcomosoy.com.ar\\\/index.php\\\/los-autenticos-decadentes-festejan-35-anos-en-el-estadio-obras\\\/#primaryimage\"},\"image\":{\"@id\":\"https:\\\/\\\/talcomosoy.com.ar\\\/index.php\\\/los-autenticos-decadentes-festejan-35-anos-en-el-estadio-obras\\\/#primaryimage\"},\"thumbnailUrl\":\"https:\\\/\\\/i0.wp.com\\\/talcomosoy.com.ar\\\/wp-content\\\/uploads\\\/2021\\\/08\\\/unnamed-15.png?fit=1200%2C773&ssl=1\",\"datePublished\":\"2021-08-20T23:03:48+00:00\",\"inLanguage\":\"es\",\"potentialAction\":[{\"@type\":\"ReadAction\",\"target\":[\"https:\\\/\\\/talcomosoy.com.ar\\\/index.php\\\/los-autenticos-decadentes-festejan-35-anos-en-el-estadio-obras\\\/\"]}]},{\"@type\":\"ImageObject\",\"inLanguage\":\"es\",\"@id\":\"https:\\\/\\\/talcomosoy.com.ar\\\/index.php\\\/los-autenticos-decadentes-festejan-35-anos-en-el-estadio-obras\\\/#primaryimage\",\"url\":\"https:\\\/\\\/i0.wp.com\\\/talcomosoy.com.ar\\\/wp-content\\\/uploads\\\/2021\\\/08\\\/unnamed-15.png?fit=1200%2C773&ssl=1\",\"contentUrl\":\"https:\\\/\\\/i0.wp.com\\\/talcomosoy.com.ar\\\/wp-content\\\/uploads\\\/2021\\\/08\\\/unnamed-15.png?fit=1200%2C773&ssl=1\",\"width\":1200,\"height\":773},{\"@type\":\"WebSite\",\"@id\":\"https:\\\/\\\/talcomosoy.com.ar\\\/#website\",\"url\":\"https:\\\/\\\/talcomosoy.com.ar\\\/\",\"name\":\"Tal Como Soy\",\"description\":\"Magazine Musical Digital\",\"publisher\":{\"@id\":\"https:\\\/\\\/talcomosoy.com.ar\\\/#organization\"},\"potentialAction\":[{\"@type\":\"SearchAction\",\"target\":{\"@type\":\"EntryPoint\",\"urlTemplate\":\"https:\\\/\\\/talcomosoy.com.ar\\\/?s={search_term_string}\"},\"query-input\":{\"@type\":\"PropertyValueSpecification\",\"valueRequired\":true,\"valueName\":\"search_term_string\"}}],\"inLanguage\":\"es\"},{\"@type\":\"Organization\",\"@id\":\"https:\\\/\\\/talcomosoy.com.ar\\\/#organization\",\"name\":\"Tal Como Soy\",\"url\":\"https:\\\/\\\/talcomosoy.com.ar\\\/\",\"logo\":{\"@type\":\"ImageObject\",\"inLanguage\":\"es\",\"@id\":\"https:\\\/\\\/talcomosoy.com.ar\\\/#\\\/schema\\\/logo\\\/image\\\/\",\"url\":\"https:\\\/\\\/i0.wp.com\\\/talcomosoy.com.ar\\\/wp-content\\\/uploads\\\/2020\\\/02\\\/PUA-2020-TRANSPARENTE.png?fit=570%2C382&ssl=1\",\"contentUrl\":\"https:\\\/\\\/i0.wp.com\\\/talcomosoy.com.ar\\\/wp-content\\\/uploads\\\/2020\\\/02\\\/PUA-2020-TRANSPARENTE.png?fit=570%2C382&ssl=1\",\"width\":570,\"height\":382,\"caption\":\"Tal Como Soy\"},\"image\":{\"@id\":\"https:\\\/\\\/talcomosoy.com.ar\\\/#\\\/schema\\\/logo\\\/image\\\/\"},\"sameAs\":[\"https:\\\/\\\/www.facebook.com\\\/talcomosoyok\",\"https:\\\/\\\/x.com\\\/talcomosoyok\",\"https:\\\/\\\/www.instagram.com\\\/talcomosoyok\",\"https:\\\/\\\/www.youtube.com\\\/channel\\\/UCrutZzYQmd9Fe8pEm5wqsiw\"]},{\"@type\":\"Person\",\"@id\":\"https:\\\/\\\/talcomosoy.com.ar\\\/#\\\/schema\\\/person\\\/496b3561bd436afcf2be92147ff855c9\",\"name\":\"Sinda Miranda\",\"image\":{\"@type\":\"ImageObject\",\"inLanguage\":\"es\",\"@id\":\"https:\\\/\\\/secure.gravatar.com\\\/avatar\\\/ab0e992fc0b7117fe730d00fb0e44073b1fd6e28d69de8e7ac3103f1396f445e?s=96&d=mm&r=g\",\"url\":\"https:\\\/\\\/secure.gravatar.com\\\/avatar\\\/ab0e992fc0b7117fe730d00fb0e44073b1fd6e28d69de8e7ac3103f1396f445e?s=96&d=mm&r=g\",\"contentUrl\":\"https:\\\/\\\/secure.gravatar.com\\\/avatar\\\/ab0e992fc0b7117fe730d00fb0e44073b1fd6e28d69de8e7ac3103f1396f445e?s=96&d=mm&r=g\",\"caption\":\"Sinda Miranda\"},\"description\":\"Escritora, Fot\u00f3grafa, Agente de Prensa\",\"sameAs\":[\"https:\\\/\\\/www.facebook.com\\\/sindamiranda\",\"https:\\\/\\\/www.instagram.com\\\/sindamiranda\",\"https:\\\/\\\/x.com\\\/sindamiranda\"],\"url\":\"https:\\\/\\\/talcomosoy.com.ar\\\/index.php\\\/author\\\/sindamirandatcs\\\/\"}]}<\/script>\n<!-- \/ Yoast SEO plugin. -->","yoast_head_json":{"title":"Los Aut\u00e9nticos Decadentes festejan 35 a\u00f1os en el Estadio Obras - Tal Como Soy","robots":{"index":"index","follow":"follow","max-snippet":"max-snippet:-1","max-image-preview":"max-image-preview:large","max-video-preview":"max-video-preview:-1"},"canonical":"https:\/\/talcomosoy.com.ar\/index.php\/los-autenticos-decadentes-festejan-35-anos-en-el-estadio-obras\/","og_locale":"es_ES","og_type":"article","og_title":"Los Aut\u00e9nticos Decadentes festejan 35 a\u00f1os en el Estadio Obras - Tal Como Soy","og_description":"El s\u00e1bado 18 de septiembre se reencuentran junto a su p\u00fablico para celebrar este aniversario","og_url":"https:\/\/talcomosoy.com.ar\/index.php\/los-autenticos-decadentes-festejan-35-anos-en-el-estadio-obras\/","og_site_name":"Tal Como Soy","article_publisher":"https:\/\/www.facebook.com\/talcomosoyok","article_author":"https:\/\/www.facebook.com\/sindamiranda","article_published_time":"2021-08-20T23:03:48+00:00","og_image":[{"width":1200,"height":773,"url":"https:\/\/i0.wp.com\/talcomosoy.com.ar\/wp-content\/uploads\/2021\/08\/unnamed-15.png?fit=1200%2C773&ssl=1","type":"image\/png"}],"author":"Sinda Miranda","twitter_card":"summary_large_image","twitter_creator":"@sindamiranda","twitter_site":"@talcomosoyok","twitter_misc":{"Escrito por":"Sinda Miranda","Tiempo de lectura":"3 minutos"},"schema":{"@context":"https:\/\/schema.org","@graph":[{"@type":"Article","@id":"https:\/\/talcomosoy.com.ar\/index.php\/los-autenticos-decadentes-festejan-35-anos-en-el-estadio-obras\/#article","isPartOf":{"@id":"https:\/\/talcomosoy.com.ar\/index.php\/los-autenticos-decadentes-festejan-35-anos-en-el-estadio-obras\/"},"author":{"name":"Sinda Miranda","@id":"https:\/\/talcomosoy.com.ar\/#\/schema\/person\/496b3561bd436afcf2be92147ff855c9"},"headline":"Los Aut\u00e9nticos Decadentes festejan 35 a\u00f1os en el Estadio Obras","datePublished":"2021-08-20T23:03:48+00:00","mainEntityOfPage":{"@id":"https:\/\/talcomosoy.com.ar\/index.php\/los-autenticos-decadentes-festejan-35-anos-en-el-estadio-obras\/"},"wordCount":566,"publisher":{"@id":"https:\/\/talcomosoy.com.ar\/#organization"},"image":{"@id":"https:\/\/talcomosoy.com.ar\/index.php\/los-autenticos-decadentes-festejan-35-anos-en-el-estadio-obras\/#primaryimage"},"thumbnailUrl":"https:\/\/i0.wp.com\/talcomosoy.com.ar\/wp-content\/uploads\/2021\/08\/unnamed-15.png?fit=1200%2C773&ssl=1","articleSection":["M\u00fasica","Rock Argentino"],"inLanguage":"es"},{"@type":"WebPage","@id":"https:\/\/talcomosoy.com.ar\/index.php\/los-autenticos-decadentes-festejan-35-anos-en-el-estadio-obras\/","url":"https:\/\/talcomosoy.com.ar\/index.php\/los-autenticos-decadentes-festejan-35-anos-en-el-estadio-obras\/","name":"Los Aut\u00e9nticos Decadentes festejan 35 a\u00f1os en el Estadio Obras - Tal Como Soy","isPartOf":{"@id":"https:\/\/talcomosoy.com.ar\/#website"},"primaryImageOfPage":{"@id":"https:\/\/talcomosoy.com.ar\/index.php\/los-autenticos-decadentes-festejan-35-anos-en-el-estadio-obras\/#primaryimage"},"image":{"@id":"https:\/\/talcomosoy.com.ar\/index.php\/los-autenticos-decadentes-festejan-35-anos-en-el-estadio-obras\/#primaryimage"},"thumbnailUrl":"https:\/\/i0.wp.com\/talcomosoy.com.ar\/wp-content\/uploads\/2021\/08\/unnamed-15.png?fit=1200%2C773&ssl=1","datePublished":"2021-08-20T23:03:48+00:00","inLanguage":"es","potentialAction":[{"@type":"ReadAction","target":["https:\/\/talcomosoy.com.ar\/index.php\/los-autenticos-decadentes-festejan-35-anos-en-el-estadio-obras\/"]}]},{"@type":"ImageObject","inLanguage":"es","@id":"https:\/\/talcomosoy.com.ar\/index.php\/los-autenticos-decadentes-festejan-35-anos-en-el-estadio-obras\/#primaryimage","url":"https:\/\/i0.wp.com\/talcomosoy.com.ar\/wp-content\/uploads\/2021\/08\/unnamed-15.png?fit=1200%2C773&ssl=1","contentUrl":"https:\/\/i0.wp.com\/talcomosoy.com.ar\/wp-content\/uploads\/2021\/08\/unnamed-15.png?fit=1200%2C773&ssl=1","width":1200,"height":773},{"@type":"WebSite","@id":"https:\/\/talcomosoy.com.ar\/#website","url":"https:\/\/talcomosoy.com.ar\/","name":"Tal Como Soy","description":"Magazine Musical Digital","publisher":{"@id":"https:\/\/talcomosoy.com.ar\/#organization"},"potentialAction":[{"@type":"SearchAction","target":{"@type":"EntryPoint","urlTemplate":"https:\/\/talcomosoy.com.ar\/?s={search_term_string}"},"query-input":{"@type":"PropertyValueSpecification","valueRequired":true,"valueName":"search_term_string"}}],"inLanguage":"es"},{"@type":"Organization","@id":"https:\/\/talcomosoy.com.ar\/#organization","name":"Tal Como Soy","url":"https:\/\/talcomosoy.com.ar\/","logo":{"@type":"ImageObject","inLanguage":"es","@id":"https:\/\/talcomosoy.com.ar\/#\/schema\/logo\/image\/","url":"https:\/\/i0.wp.com\/talcomosoy.com.ar\/wp-content\/uploads\/2020\/02\/PUA-2020-TRANSPARENTE.png?fit=570%2C382&ssl=1","contentUrl":"https:\/\/i0.wp.com\/talcomosoy.com.ar\/wp-content\/uploads\/2020\/02\/PUA-2020-TRANSPARENTE.png?fit=570%2C382&ssl=1","width":570,"height":382,"caption":"Tal Como Soy"},"image":{"@id":"https:\/\/talcomosoy.com.ar\/#\/schema\/logo\/image\/"},"sameAs":["https:\/\/www.facebook.com\/talcomosoyok","https:\/\/x.com\/talcomosoyok","https:\/\/www.instagram.com\/talcomosoyok","https:\/\/www.youtube.com\/channel\/UCrutZzYQmd9Fe8pEm5wqsiw"]},{"@type":"Person","@id":"https:\/\/talcomosoy.com.ar\/#\/schema\/person\/496b3561bd436afcf2be92147ff855c9","name":"Sinda Miranda","image":{"@type":"ImageObject","inLanguage":"es","@id":"https:\/\/secure.gravatar.com\/avatar\/ab0e992fc0b7117fe730d00fb0e44073b1fd6e28d69de8e7ac3103f1396f445e?s=96&d=mm&r=g","url":"https:\/\/secure.gravatar.com\/avatar\/ab0e992fc0b7117fe730d00fb0e44073b1fd6e28d69de8e7ac3103f1396f445e?s=96&d=mm&r=g","contentUrl":"https:\/\/secure.gravatar.com\/avatar\/ab0e992fc0b7117fe730d00fb0e44073b1fd6e28d69de8e7ac3103f1396f445e?s=96&d=mm&r=g","caption":"Sinda Miranda"},"description":"Escritora, Fot\u00f3grafa, Agente de Prensa","sameAs":["https:\/\/www.facebook.com\/sindamiranda","https:\/\/www.instagram.com\/sindamiranda","https:\/\/x.com\/sindamiranda"],"url":"https:\/\/talcomosoy.com.ar\/index.php\/author\/sindamirandatcs\/"}]}},"jetpack_publicize_connections":[],"jetpack_featured_media_url":"https:\/\/i0.wp.com\/talcomosoy.com.ar\/wp-content\/uploads\/2021\/08\/unnamed-15.png?fit=1200%2C773&ssl=1","jetpack_sharing_enabled":true,"jetpack_likes_enabled":true,"_links":{"self":[{"href":"https:\/\/talcomosoy.com.ar\/index.php\/wp-json\/wp\/v2\/posts\/5077","targetHints":{"allow":["GET"]}}],"collection":[{"href":"https:\/\/talcomosoy.com.ar\/index.php\/wp-json\/wp\/v2\/posts"}],"about":[{"href":"https:\/\/talcomosoy.com.ar\/index.php\/wp-json\/wp\/v2\/types\/post"}],"author":[{"embeddable":true,"href":"https:\/\/talcomosoy.com.ar\/index.php\/wp-json\/wp\/v2\/users\/1"}],"replies":[{"embeddable":true,"href":"https:\/\/talcomosoy.com.ar\/index.php\/wp-json\/wp\/v2\/comments?post=5077"}],"version-history":[{"count":2,"href":"https:\/\/talcomosoy.com.ar\/index.php\/wp-json\/wp\/v2\/posts\/5077\/revisions"}],"predecessor-version":[{"id":5081,"href":"https:\/\/talcomosoy.com.ar\/index.php\/wp-json\/wp\/v2\/posts\/5077\/revisions\/5081"}],"wp:featuredmedia":[{"embeddable":true,"href":"https:\/\/talcomosoy.com.ar\/index.php\/wp-json\/wp\/v2\/media\/5078"}],"wp:attachment":[{"href":"https:\/\/talcomosoy.com.ar\/index.php\/wp-json\/wp\/v2\/media?parent=5077"}],"wp:term":[{"taxonomy":"category","embeddable":true,"href":"https:\/\/talcomosoy.com.ar\/index.php\/wp-json\/wp\/v2\/categories?post=5077"},{"taxonomy":"post_tag","embeddable":true,"href":"https:\/\/talcomosoy.com.ar\/index.php\/wp-json\/wp\/v2\/tags?post=5077"}],"curies":[{"name":"wp","href":"https:\/\/api.w.org\/{rel}","templated":true}]}}