{"id":5050,"date":"2021-08-10T12:04:13","date_gmt":"2021-08-10T15:04:13","guid":{"rendered":"https:\/\/talcomosoy.com.ar\/?p=5050"},"modified":"2021-08-10T12:04:13","modified_gmt":"2021-08-10T15:04:13","slug":"ricardo-iorio-vuelve-al-estadio-obras","status":"publish","type":"post","link":"https:\/\/talcomosoy.com.ar\/index.php\/ricardo-iorio-vuelve-al-estadio-obras\/","title":{"rendered":"Ricardo Iorio vuelve al Estadio Obras"},"content":{"rendered":"<h3>IORIO regresa a Buenos Aires en modo presencial con su \u00faltimo disco \u201cAVIVANDO LA LLAMA DE LA LEY NATURAL\u201d. Ser\u00e1 el Domingo 10 de octubre a las 21.00 hs. en el ESTADIO OBRAS. Av. Del Libertador 7395 CABA.<\/h3>\n<p>&nbsp;<\/p>\n<p>Las entradas est\u00e1n disponibles a trav\u00e9s del sistema <em>Passline.com<\/em><\/p>\n<p><strong>RICARDO HORACIO IORIO<\/strong>, se constituy\u00f3 como el fundador y l\u00edder indiscutible de las tres bandas pilares, que marcaron los cimientos del movimiento de la m\u00fasica de metal pesado en la Argentina. (<strong>V8<\/strong>&#8211; <strong>HERMETICA<\/strong>&#8211; <strong>ALMAFUERTE<\/strong>).<\/p>\n<p>Actualmente supera los 40 a\u00f1os de trayectoria ininterrumpidos, donde se desempe\u00f1\u00f3 como bajista, compositor y autor de las principales obras del g\u00e9nero.<\/p>\n<p>A lo largo de su carrera posee 24 discos editados, un DVD en vivo, colaboraciones como invitado y un disco doble presentado en un show streaming, pronto a editar.<\/p>\n<p>Su poes\u00eda supo capturar y analizar con una crudeza \u00fanica, las realidades sociales, cotidianas de estos y otros tiempos, creando una entidad nacional a las mismas, como pocos autores lo han logrado. A\u00fan hoy en sus shows en vivo, reafirma orgullosamente una frase infaltable: <strong>METAL PESADO ARGENTINO<\/strong>.<\/p>\n<p>Desde 2016 <strong>Ricardo<\/strong> lidera su actual Proyecto <strong>IORIO<\/strong>. Con la que realiz\u00f3 gran cantidad de shows en todo el pa\u00eds y la que se ha ganado el respeto y el cari\u00f1o del p\u00fablico, que fielmente sigue reconociendo a RICARDO como el l\u00edder del movimiento.<\/p>\n<p>Los m\u00fasicos que lo acompa\u00f1an son WALTER MART\u00cdNEZ en Bater\u00eda, su hermano RUB\u00c9N MART\u00cdNEZ en guitarra r\u00edtmica, JOANA GIECO en teclados, m\u00e1s los hermanos FACUNDO LE\u00d3N en bajo y ALEJO LE\u00d3N a cargo de la primera guitarra.<\/p>\n<p>&nbsp;<\/p>\n<p><img data-recalc-dims=\"1\" loading=\"lazy\" decoding=\"async\" class=\"aligncenter size-full wp-image-5052\" src=\"https:\/\/i0.wp.com\/talcomosoy.com.ar\/wp-content\/uploads\/2021\/08\/Screenshot_20210810-114250_Gmail.jpg?resize=640%2C423&#038;ssl=1\" alt=\"\" width=\"640\" height=\"423\" srcset=\"https:\/\/i0.wp.com\/talcomosoy.com.ar\/wp-content\/uploads\/2021\/08\/Screenshot_20210810-114250_Gmail.jpg?w=829&amp;ssl=1 829w, https:\/\/i0.wp.com\/talcomosoy.com.ar\/wp-content\/uploads\/2021\/08\/Screenshot_20210810-114250_Gmail.jpg?resize=300%2C198&amp;ssl=1 300w, https:\/\/i0.wp.com\/talcomosoy.com.ar\/wp-content\/uploads\/2021\/08\/Screenshot_20210810-114250_Gmail.jpg?resize=768%2C508&amp;ssl=1 768w\" sizes=\"auto, (max-width: 640px) 100vw, 640px\" \/><\/p>\n","protected":false},"excerpt":{"rendered":"<p>IORIO regresa a Buenos Aires en modo presencial con su \u00faltimo disco \u201cAVIVANDO LA LLAMA<\/p>\n","protected":false},"author":1,"featured_media":5051,"comment_status":"closed","ping_status":"closed","sticky":false,"template":"","format":"standard","meta":{"_jetpack_newsletter_access":"","_jetpack_dont_email_post_to_subs":false,"_jetpack_newsletter_tier_id":0,"_jetpack_memberships_contains_paywalled_content":false,"_jetpack_feature_clip_id":0,"_jetpack_memberships_contains_paid_content":false,"footnotes":"","jetpack_publicize_message":"","jetpack_publicize_feature_enabled":true,"jetpack_social_post_already_shared":true,"jetpack_social_options":{"image_generator_settings":{"template":"highway","default_image_id":0,"font":"","enabled":false},"version":2},"jetpack_post_was_ever_published":false},"categories":[239,2,87],"tags":[],"class_list":["post-5050","post","type-post","status-publish","format-standard","has-post-thumbnail","hentry","category-metal-pesado-argentino","category-musica","category-rock-argentino"],"yoast_head":"<!-- This site is optimized with the Yoast SEO plugin v28.3 - https:\/\/yoast.com\/product\/yoast-seo-wordpress\/ -->\n<title>Ricardo Iorio vuelve al Estadio Obras - Tal Como Soy<\/title>\n<meta name=\"robots\" content=\"index, follow, max-snippet:-1, max-image-preview:large, max-video-preview:-1\" \/>\n<link rel=\"canonical\" href=\"https:\/\/talcomosoy.com.ar\/index.php\/ricardo-iorio-vuelve-al-estadio-obras\/\" \/>\n<meta property=\"og:locale\" content=\"es_ES\" \/>\n<meta property=\"og:type\" content=\"article\" \/>\n<meta property=\"og:title\" content=\"Ricardo Iorio vuelve al Estadio Obras - Tal Como Soy\" \/>\n<meta property=\"og:description\" content=\"IORIO regresa a Buenos Aires en modo presencial con su \u00faltimo disco \u201cAVIVANDO LA LLAMA\" \/>\n<meta property=\"og:url\" content=\"https:\/\/talcomosoy.com.ar\/index.php\/ricardo-iorio-vuelve-al-estadio-obras\/\" \/>\n<meta property=\"og:site_name\" content=\"Tal Como Soy\" \/>\n<meta property=\"article:publisher\" content=\"https:\/\/www.facebook.com\/talcomosoyok\" \/>\n<meta property=\"article:author\" content=\"https:\/\/www.facebook.com\/sindamiranda\" \/>\n<meta property=\"article:published_time\" content=\"2021-08-10T15:04:13+00:00\" \/>\n<meta property=\"og:image\" content=\"https:\/\/i0.wp.com\/talcomosoy.com.ar\/wp-content\/uploads\/2021\/08\/Screenshot_20210810-114222_Gmail.jpg?fit=984%2C798&ssl=1\" \/>\n\t<meta property=\"og:image:width\" content=\"984\" \/>\n\t<meta property=\"og:image:height\" content=\"798\" \/>\n\t<meta property=\"og:image:type\" content=\"image\/jpeg\" \/>\n<meta name=\"author\" content=\"Sinda Miranda\" \/>\n<meta name=\"twitter:card\" content=\"summary_large_image\" \/>\n<meta name=\"twitter:creator\" content=\"@sindamiranda\" \/>\n<meta name=\"twitter:site\" content=\"@talcomosoyok\" \/>\n<meta name=\"twitter:label1\" content=\"Escrito por\" \/>\n\t<meta name=\"twitter:data1\" content=\"Sinda Miranda\" \/>\n\t<meta name=\"twitter:label2\" content=\"Tiempo de lectura\" \/>\n\t<meta name=\"twitter:data2\" content=\"2 minutos\" \/>\n<script type=\"application\/ld+json\" class=\"yoast-schema-graph\">{\"@context\":\"https:\\\/\\\/schema.org\",\"@graph\":[{\"@type\":\"Article\",\"@id\":\"https:\\\/\\\/talcomosoy.com.ar\\\/index.php\\\/ricardo-iorio-vuelve-al-estadio-obras\\\/#article\",\"isPartOf\":{\"@id\":\"https:\\\/\\\/talcomosoy.com.ar\\\/index.php\\\/ricardo-iorio-vuelve-al-estadio-obras\\\/\"},\"author\":{\"name\":\"Sinda Miranda\",\"@id\":\"https:\\\/\\\/talcomosoy.com.ar\\\/#\\\/schema\\\/person\\\/496b3561bd436afcf2be92147ff855c9\"},\"headline\":\"Ricardo Iorio vuelve al Estadio Obras\",\"datePublished\":\"2021-08-10T15:04:13+00:00\",\"mainEntityOfPage\":{\"@id\":\"https:\\\/\\\/talcomosoy.com.ar\\\/index.php\\\/ricardo-iorio-vuelve-al-estadio-obras\\\/\"},\"wordCount\":286,\"publisher\":{\"@id\":\"https:\\\/\\\/talcomosoy.com.ar\\\/#organization\"},\"image\":{\"@id\":\"https:\\\/\\\/talcomosoy.com.ar\\\/index.php\\\/ricardo-iorio-vuelve-al-estadio-obras\\\/#primaryimage\"},\"thumbnailUrl\":\"https:\\\/\\\/i0.wp.com\\\/talcomosoy.com.ar\\\/wp-content\\\/uploads\\\/2021\\\/08\\\/Screenshot_20210810-114222_Gmail.jpg?fit=984%2C798&ssl=1\",\"articleSection\":[\"Metal Pesado Argentino\",\"M\u00fasica\",\"Rock Argentino\"],\"inLanguage\":\"es\"},{\"@type\":\"WebPage\",\"@id\":\"https:\\\/\\\/talcomosoy.com.ar\\\/index.php\\\/ricardo-iorio-vuelve-al-estadio-obras\\\/\",\"url\":\"https:\\\/\\\/talcomosoy.com.ar\\\/index.php\\\/ricardo-iorio-vuelve-al-estadio-obras\\\/\",\"name\":\"Ricardo Iorio vuelve al Estadio Obras - Tal Como Soy\",\"isPartOf\":{\"@id\":\"https:\\\/\\\/talcomosoy.com.ar\\\/#website\"},\"primaryImageOfPage\":{\"@id\":\"https:\\\/\\\/talcomosoy.com.ar\\\/index.php\\\/ricardo-iorio-vuelve-al-estadio-obras\\\/#primaryimage\"},\"image\":{\"@id\":\"https:\\\/\\\/talcomosoy.com.ar\\\/index.php\\\/ricardo-iorio-vuelve-al-estadio-obras\\\/#primaryimage\"},\"thumbnailUrl\":\"https:\\\/\\\/i0.wp.com\\\/talcomosoy.com.ar\\\/wp-content\\\/uploads\\\/2021\\\/08\\\/Screenshot_20210810-114222_Gmail.jpg?fit=984%2C798&ssl=1\",\"datePublished\":\"2021-08-10T15:04:13+00:00\",\"inLanguage\":\"es\",\"potentialAction\":[{\"@type\":\"ReadAction\",\"target\":[\"https:\\\/\\\/talcomosoy.com.ar\\\/index.php\\\/ricardo-iorio-vuelve-al-estadio-obras\\\/\"]}]},{\"@type\":\"ImageObject\",\"inLanguage\":\"es\",\"@id\":\"https:\\\/\\\/talcomosoy.com.ar\\\/index.php\\\/ricardo-iorio-vuelve-al-estadio-obras\\\/#primaryimage\",\"url\":\"https:\\\/\\\/i0.wp.com\\\/talcomosoy.com.ar\\\/wp-content\\\/uploads\\\/2021\\\/08\\\/Screenshot_20210810-114222_Gmail.jpg?fit=984%2C798&ssl=1\",\"contentUrl\":\"https:\\\/\\\/i0.wp.com\\\/talcomosoy.com.ar\\\/wp-content\\\/uploads\\\/2021\\\/08\\\/Screenshot_20210810-114222_Gmail.jpg?fit=984%2C798&ssl=1\",\"width\":984,\"height\":798},{\"@type\":\"WebSite\",\"@id\":\"https:\\\/\\\/talcomosoy.com.ar\\\/#website\",\"url\":\"https:\\\/\\\/talcomosoy.com.ar\\\/\",\"name\":\"Tal Como Soy\",\"description\":\"Magazine Musical Digital\",\"publisher\":{\"@id\":\"https:\\\/\\\/talcomosoy.com.ar\\\/#organization\"},\"potentialAction\":[{\"@type\":\"SearchAction\",\"target\":{\"@type\":\"EntryPoint\",\"urlTemplate\":\"https:\\\/\\\/talcomosoy.com.ar\\\/?s={search_term_string}\"},\"query-input\":{\"@type\":\"PropertyValueSpecification\",\"valueRequired\":true,\"valueName\":\"search_term_string\"}}],\"inLanguage\":\"es\"},{\"@type\":\"Organization\",\"@id\":\"https:\\\/\\\/talcomosoy.com.ar\\\/#organization\",\"name\":\"Tal Como Soy\",\"url\":\"https:\\\/\\\/talcomosoy.com.ar\\\/\",\"logo\":{\"@type\":\"ImageObject\",\"inLanguage\":\"es\",\"@id\":\"https:\\\/\\\/talcomosoy.com.ar\\\/#\\\/schema\\\/logo\\\/image\\\/\",\"url\":\"https:\\\/\\\/i0.wp.com\\\/talcomosoy.com.ar\\\/wp-content\\\/uploads\\\/2020\\\/02\\\/PUA-2020-TRANSPARENTE.png?fit=570%2C382&ssl=1\",\"contentUrl\":\"https:\\\/\\\/i0.wp.com\\\/talcomosoy.com.ar\\\/wp-content\\\/uploads\\\/2020\\\/02\\\/PUA-2020-TRANSPARENTE.png?fit=570%2C382&ssl=1\",\"width\":570,\"height\":382,\"caption\":\"Tal Como Soy\"},\"image\":{\"@id\":\"https:\\\/\\\/talcomosoy.com.ar\\\/#\\\/schema\\\/logo\\\/image\\\/\"},\"sameAs\":[\"https:\\\/\\\/www.facebook.com\\\/talcomosoyok\",\"https:\\\/\\\/x.com\\\/talcomosoyok\",\"https:\\\/\\\/www.instagram.com\\\/talcomosoyok\",\"https:\\\/\\\/www.youtube.com\\\/channel\\\/UCrutZzYQmd9Fe8pEm5wqsiw\"]},{\"@type\":\"Person\",\"@id\":\"https:\\\/\\\/talcomosoy.com.ar\\\/#\\\/schema\\\/person\\\/496b3561bd436afcf2be92147ff855c9\",\"name\":\"Sinda Miranda\",\"image\":{\"@type\":\"ImageObject\",\"inLanguage\":\"es\",\"@id\":\"https:\\\/\\\/secure.gravatar.com\\\/avatar\\\/ab0e992fc0b7117fe730d00fb0e44073b1fd6e28d69de8e7ac3103f1396f445e?s=96&d=mm&r=g\",\"url\":\"https:\\\/\\\/secure.gravatar.com\\\/avatar\\\/ab0e992fc0b7117fe730d00fb0e44073b1fd6e28d69de8e7ac3103f1396f445e?s=96&d=mm&r=g\",\"contentUrl\":\"https:\\\/\\\/secure.gravatar.com\\\/avatar\\\/ab0e992fc0b7117fe730d00fb0e44073b1fd6e28d69de8e7ac3103f1396f445e?s=96&d=mm&r=g\",\"caption\":\"Sinda Miranda\"},\"description\":\"Escritora, Fot\u00f3grafa, Agente de Prensa\",\"sameAs\":[\"https:\\\/\\\/www.facebook.com\\\/sindamiranda\",\"https:\\\/\\\/www.instagram.com\\\/sindamiranda\",\"https:\\\/\\\/x.com\\\/sindamiranda\"],\"url\":\"https:\\\/\\\/talcomosoy.com.ar\\\/index.php\\\/author\\\/sindamirandatcs\\\/\"}]}<\/script>\n<!-- \/ Yoast SEO plugin. -->","yoast_head_json":{"title":"Ricardo Iorio vuelve al Estadio Obras - Tal Como Soy","robots":{"index":"index","follow":"follow","max-snippet":"max-snippet:-1","max-image-preview":"max-image-preview:large","max-video-preview":"max-video-preview:-1"},"canonical":"https:\/\/talcomosoy.com.ar\/index.php\/ricardo-iorio-vuelve-al-estadio-obras\/","og_locale":"es_ES","og_type":"article","og_title":"Ricardo Iorio vuelve al Estadio Obras - Tal Como Soy","og_description":"IORIO regresa a Buenos Aires en modo presencial con su \u00faltimo disco \u201cAVIVANDO LA LLAMA","og_url":"https:\/\/talcomosoy.com.ar\/index.php\/ricardo-iorio-vuelve-al-estadio-obras\/","og_site_name":"Tal Como Soy","article_publisher":"https:\/\/www.facebook.com\/talcomosoyok","article_author":"https:\/\/www.facebook.com\/sindamiranda","article_published_time":"2021-08-10T15:04:13+00:00","og_image":[{"width":984,"height":798,"url":"https:\/\/i0.wp.com\/talcomosoy.com.ar\/wp-content\/uploads\/2021\/08\/Screenshot_20210810-114222_Gmail.jpg?fit=984%2C798&ssl=1","type":"image\/jpeg"}],"author":"Sinda Miranda","twitter_card":"summary_large_image","twitter_creator":"@sindamiranda","twitter_site":"@talcomosoyok","twitter_misc":{"Escrito por":"Sinda Miranda","Tiempo de lectura":"2 minutos"},"schema":{"@context":"https:\/\/schema.org","@graph":[{"@type":"Article","@id":"https:\/\/talcomosoy.com.ar\/index.php\/ricardo-iorio-vuelve-al-estadio-obras\/#article","isPartOf":{"@id":"https:\/\/talcomosoy.com.ar\/index.php\/ricardo-iorio-vuelve-al-estadio-obras\/"},"author":{"name":"Sinda Miranda","@id":"https:\/\/talcomosoy.com.ar\/#\/schema\/person\/496b3561bd436afcf2be92147ff855c9"},"headline":"Ricardo Iorio vuelve al Estadio Obras","datePublished":"2021-08-10T15:04:13+00:00","mainEntityOfPage":{"@id":"https:\/\/talcomosoy.com.ar\/index.php\/ricardo-iorio-vuelve-al-estadio-obras\/"},"wordCount":286,"publisher":{"@id":"https:\/\/talcomosoy.com.ar\/#organization"},"image":{"@id":"https:\/\/talcomosoy.com.ar\/index.php\/ricardo-iorio-vuelve-al-estadio-obras\/#primaryimage"},"thumbnailUrl":"https:\/\/i0.wp.com\/talcomosoy.com.ar\/wp-content\/uploads\/2021\/08\/Screenshot_20210810-114222_Gmail.jpg?fit=984%2C798&ssl=1","articleSection":["Metal Pesado Argentino","M\u00fasica","Rock Argentino"],"inLanguage":"es"},{"@type":"WebPage","@id":"https:\/\/talcomosoy.com.ar\/index.php\/ricardo-iorio-vuelve-al-estadio-obras\/","url":"https:\/\/talcomosoy.com.ar\/index.php\/ricardo-iorio-vuelve-al-estadio-obras\/","name":"Ricardo Iorio vuelve al Estadio Obras - Tal Como Soy","isPartOf":{"@id":"https:\/\/talcomosoy.com.ar\/#website"},"primaryImageOfPage":{"@id":"https:\/\/talcomosoy.com.ar\/index.php\/ricardo-iorio-vuelve-al-estadio-obras\/#primaryimage"},"image":{"@id":"https:\/\/talcomosoy.com.ar\/index.php\/ricardo-iorio-vuelve-al-estadio-obras\/#primaryimage"},"thumbnailUrl":"https:\/\/i0.wp.com\/talcomosoy.com.ar\/wp-content\/uploads\/2021\/08\/Screenshot_20210810-114222_Gmail.jpg?fit=984%2C798&ssl=1","datePublished":"2021-08-10T15:04:13+00:00","inLanguage":"es","potentialAction":[{"@type":"ReadAction","target":["https:\/\/talcomosoy.com.ar\/index.php\/ricardo-iorio-vuelve-al-estadio-obras\/"]}]},{"@type":"ImageObject","inLanguage":"es","@id":"https:\/\/talcomosoy.com.ar\/index.php\/ricardo-iorio-vuelve-al-estadio-obras\/#primaryimage","url":"https:\/\/i0.wp.com\/talcomosoy.com.ar\/wp-content\/uploads\/2021\/08\/Screenshot_20210810-114222_Gmail.jpg?fit=984%2C798&ssl=1","contentUrl":"https:\/\/i0.wp.com\/talcomosoy.com.ar\/wp-content\/uploads\/2021\/08\/Screenshot_20210810-114222_Gmail.jpg?fit=984%2C798&ssl=1","width":984,"height":798},{"@type":"WebSite","@id":"https:\/\/talcomosoy.com.ar\/#website","url":"https:\/\/talcomosoy.com.ar\/","name":"Tal Como Soy","description":"Magazine Musical Digital","publisher":{"@id":"https:\/\/talcomosoy.com.ar\/#organization"},"potentialAction":[{"@type":"SearchAction","target":{"@type":"EntryPoint","urlTemplate":"https:\/\/talcomosoy.com.ar\/?s={search_term_string}"},"query-input":{"@type":"PropertyValueSpecification","valueRequired":true,"valueName":"search_term_string"}}],"inLanguage":"es"},{"@type":"Organization","@id":"https:\/\/talcomosoy.com.ar\/#organization","name":"Tal Como Soy","url":"https:\/\/talcomosoy.com.ar\/","logo":{"@type":"ImageObject","inLanguage":"es","@id":"https:\/\/talcomosoy.com.ar\/#\/schema\/logo\/image\/","url":"https:\/\/i0.wp.com\/talcomosoy.com.ar\/wp-content\/uploads\/2020\/02\/PUA-2020-TRANSPARENTE.png?fit=570%2C382&ssl=1","contentUrl":"https:\/\/i0.wp.com\/talcomosoy.com.ar\/wp-content\/uploads\/2020\/02\/PUA-2020-TRANSPARENTE.png?fit=570%2C382&ssl=1","width":570,"height":382,"caption":"Tal Como Soy"},"image":{"@id":"https:\/\/talcomosoy.com.ar\/#\/schema\/logo\/image\/"},"sameAs":["https:\/\/www.facebook.com\/talcomosoyok","https:\/\/x.com\/talcomosoyok","https:\/\/www.instagram.com\/talcomosoyok","https:\/\/www.youtube.com\/channel\/UCrutZzYQmd9Fe8pEm5wqsiw"]},{"@type":"Person","@id":"https:\/\/talcomosoy.com.ar\/#\/schema\/person\/496b3561bd436afcf2be92147ff855c9","name":"Sinda Miranda","image":{"@type":"ImageObject","inLanguage":"es","@id":"https:\/\/secure.gravatar.com\/avatar\/ab0e992fc0b7117fe730d00fb0e44073b1fd6e28d69de8e7ac3103f1396f445e?s=96&d=mm&r=g","url":"https:\/\/secure.gravatar.com\/avatar\/ab0e992fc0b7117fe730d00fb0e44073b1fd6e28d69de8e7ac3103f1396f445e?s=96&d=mm&r=g","contentUrl":"https:\/\/secure.gravatar.com\/avatar\/ab0e992fc0b7117fe730d00fb0e44073b1fd6e28d69de8e7ac3103f1396f445e?s=96&d=mm&r=g","caption":"Sinda Miranda"},"description":"Escritora, Fot\u00f3grafa, Agente de Prensa","sameAs":["https:\/\/www.facebook.com\/sindamiranda","https:\/\/www.instagram.com\/sindamiranda","https:\/\/x.com\/sindamiranda"],"url":"https:\/\/talcomosoy.com.ar\/index.php\/author\/sindamirandatcs\/"}]}},"jetpack_publicize_connections":[],"jetpack_sharing_enabled":true,"jetpack_likes_enabled":true,"jetpack_featured_media_url":"https:\/\/i0.wp.com\/talcomosoy.com.ar\/wp-content\/uploads\/2021\/08\/Screenshot_20210810-114222_Gmail.jpg?fit=984%2C798&ssl=1","_links":{"self":[{"href":"https:\/\/talcomosoy.com.ar\/index.php\/wp-json\/wp\/v2\/posts\/5050","targetHints":{"allow":["GET"]}}],"collection":[{"href":"https:\/\/talcomosoy.com.ar\/index.php\/wp-json\/wp\/v2\/posts"}],"about":[{"href":"https:\/\/talcomosoy.com.ar\/index.php\/wp-json\/wp\/v2\/types\/post"}],"author":[{"embeddable":true,"href":"https:\/\/talcomosoy.com.ar\/index.php\/wp-json\/wp\/v2\/users\/1"}],"replies":[{"embeddable":true,"href":"https:\/\/talcomosoy.com.ar\/index.php\/wp-json\/wp\/v2\/comments?post=5050"}],"version-history":[{"count":1,"href":"https:\/\/talcomosoy.com.ar\/index.php\/wp-json\/wp\/v2\/posts\/5050\/revisions"}],"predecessor-version":[{"id":5053,"href":"https:\/\/talcomosoy.com.ar\/index.php\/wp-json\/wp\/v2\/posts\/5050\/revisions\/5053"}],"wp:featuredmedia":[{"embeddable":true,"href":"https:\/\/talcomosoy.com.ar\/index.php\/wp-json\/wp\/v2\/media\/5051"}],"wp:attachment":[{"href":"https:\/\/talcomosoy.com.ar\/index.php\/wp-json\/wp\/v2\/media?parent=5050"}],"wp:term":[{"taxonomy":"category","embeddable":true,"href":"https:\/\/talcomosoy.com.ar\/index.php\/wp-json\/wp\/v2\/categories?post=5050"},{"taxonomy":"post_tag","embeddable":true,"href":"https:\/\/talcomosoy.com.ar\/index.php\/wp-json\/wp\/v2\/tags?post=5050"}],"curies":[{"name":"wp","href":"https:\/\/api.w.org\/{rel}","templated":true}]}}