{"id":4814,"date":"2021-07-02T13:33:06","date_gmt":"2021-07-02T16:33:06","guid":{"rendered":"https:\/\/talcomosoy.com.ar\/?p=4814"},"modified":"2021-07-02T13:51:50","modified_gmt":"2021-07-02T16:51:50","slug":"raul-willy-topeka-rodriguez-la-banda-extrana","status":"publish","type":"post","link":"https:\/\/talcomosoy.com.ar\/index.php\/raul-willy-topeka-rodriguez-la-banda-extrana\/","title":{"rendered":"Ra\u00fal \u00abWilly Topeka\u00bb Rodr\u00edguez: La Banda Extra\u00f1a"},"content":{"rendered":"<h3>Ra\u00fal \u201cWilly Topeka\u201d Rodr\u00edguez naci\u00f3 en la ciudad de Mendoza Argentina, el 14 de Mayo de 1959. Fue maestro panadero, chef, cantante, compositor, arreglador y m\u00fasico. Toc\u00f3 la guitarra, el bajo y la bater\u00eda.<\/h3>\n<p>&nbsp;<\/p>\n<p>Su hermana<strong> Stella Rodr\u00edguez<\/strong>, recuerda que la carrera musical de <strong>Topeka<\/strong> comenz\u00f3 en el a\u00f1o 76, cuando \u201c<em>junto con su amigo entra\u00f1able y compa\u00f1ero el Negro Carlos, formaron la Banda Extra\u00f1a<\/em>\u201d.<\/p>\n<p><strong>La Banda Extra\u00f1a<\/strong> ten\u00eda un repertorio de temas propios y estuvo activa desde 1976 hasta 1982, coincidiendo con la etapa de la Dictadura Militar en Argentina.<\/p>\n<p>El p\u00fablico que segu\u00eda a <strong>Topeka<\/strong>, era muy humilde y la mayor\u00eda pertenec\u00eda a los barrios de Las Heras. Sus conciertos jam\u00e1s se suspend\u00edan, as\u00ed asistieran solo 10 personas, <strong>Topeka<\/strong> tocaba igual.<\/p>\n<p>Por <strong>La Banda Extra\u00f1a<\/strong> pasaron muchos m\u00fasicos de Mendoza: adem\u00e1s de<strong> Topeka<\/strong> en bajo y voz, estuvieron <strong>Carlos \u201cNegro\u201d \u00c1lvarez<\/strong> (guitarra),<strong> Julio<\/strong> (bater\u00eda), <strong>\u201cLito\u201d Raddino<\/strong> (bater\u00eda), <strong>Jorge Videla<\/strong> (guitarra), <strong>Jorge \u201cColorado\u201d Castellino<\/strong> (bater\u00eda), <strong>C\u00e9sar \u201cGordo\u201d Barro<\/strong>s (guitarra.), <strong>Dante Zappalorti<\/strong> (bater\u00eda), <strong>\u201cScooby Doo\u201d<\/strong> (bater\u00eda), <strong>Daniel Johnson<\/strong> (bajo), <strong>Gerardo Lucero<\/strong> (bajo), <strong>Pierino Ragusso<\/strong> (guitarra), <strong>Omar Sarmiento<\/strong> (guitarra), <strong>David \u201cZurdo\u201d Paz<\/strong> (bater\u00eda), <strong>Luis Andrada<\/strong> (guitarra), <strong>\u201cTato\u201d<\/strong> (guitarra), <strong>\u201cColorado\u201d Mart\u00ednez<\/strong> (bater\u00eda); entre otros.<\/p>\n<p><strong>Ra\u00fal \u201cWilly Topeka\u201d Rodr\u00edguez<\/strong> fue tambi\u00e9n miembro de las siguientes bandas:<\/p>\n<ul>\n<li>Black Jack (1989)<\/li>\n<li>Arrabal (1993)<\/li>\n<li>Octubre (1998)<\/li>\n<li>Ave Band Hot (2001)<\/li>\n<li>Caliente (2001)<\/li>\n<li>y Topeka (2005), en \u00e9sta su \u00faltima estuvieron junto a \u00e9l: <strong>Negro Carlos<\/strong> (guitarra), <strong>Tito Alv\u00e1rez<\/strong> (guitarra), <strong>Isra Gonzalez<\/strong> (bajo), <strong>Ariel Cort\u00e9s<\/strong> (bater\u00eda), <strong>Sol Alv\u00e1rez<\/strong> (teclado y coros).<\/li>\n<\/ul>\n<p>En el 2003, <strong>Topeka<\/strong> grab\u00f3 su primer disco llamado <em><strong>\u201cTopeka Rock &amp; Roll\u201d.<\/strong><\/em><\/p>\n<blockquote><p><strong>Ra\u00fal \u201cWilly Topeka\u201d Rodr\u00edguez se fue de gira el 19 de noviembre de 2017.<\/strong><\/p><\/blockquote>\n<p>Para que nos cuente alguna an\u00e9cdota que haya tenido al <strong>Topeka<\/strong> como protagonista, hemos invitado a <strong>Roly Gim\u00e9nez<\/strong>, periodista de rock y autor del libro <em><strong>\u201cA\u00fan sigue cantando, 55 a\u00f1os de Rock Mendocino\u201d<\/strong><\/em>.<\/p>\n<p>&nbsp;<\/p>\n<h3>Dale Play<\/h3>\n<p>&nbsp;<\/p>\n<p>https:\/\/open.spotify.com\/episode\/5vomGxGjOuM0Q5ZeviY1FC?si=NNwph1BlSj6yCnNGOTnr7Q&#038;dl_branch=1<\/p>\n<p>&nbsp;<\/p>\n<h3>Datos T\u00e9cnicos Episodio N\u00ba 21 \u00abHomenaje a Topeka\u00bb<\/h3>\n<p>&nbsp;<\/p>\n<ul>\n<li><strong>Cortina de entrada:<\/strong> A Discepol\u00edn, JORGE BENEGAS<\/li>\n<li><strong>Presenta:<\/strong> <a href=\"https:\/\/www.facebook.com\/sindamiranda\/\">Sinda Miranda<\/a><\/li>\n<li><strong>Invitad@s:<\/strong> <a href=\"https:\/\/www.facebook.com\/stellita.maris22\">Stella Maris Rodr\u00edguez<\/a> y <a href=\"https:\/\/www.facebook.com\/roly.gimenez.14\">Roly Gim\u00e9nez<\/a><\/li>\n<li><strong>Canci\u00f3n de cierre:<\/strong> <a href=\"https:\/\/www.youtube.com\/watch?v=s3emWLT7jG0\">La Danza del Celta<\/a>, TOPEKA<\/li>\n<li><strong>Fotograf\u00eda original:<\/strong> <a href=\"https:\/\/www.facebook.com\/photo\/?fbid=2591707993383&amp;set=p.2591707993383&amp;opaqueCursor=AbqVDZEkvehlDTJEgWoH1MEfWcngXKDGCZpoH2K3xicZr0kNEXx_Gwe_XnDaqinOzfsu4SU-Ke-0kjkNBK3zJj7e0HanjJxhJmtl_Z--AM75sWqcQUzrT3bnpE94pkFvLyAx7mOKtU6y1-uX2awmdfgpmtyEpU-CHXRyrX4G-oI03IjQj3_96SuMVI3bg2cojlCF47zY_m3VMMXcnP9mSpliEvhxGnSyB-lvg5Qn4tbpU3pHC1s9mvpaaluivsxFN1JG9cKTsWlAsGSZmHZcllY94v9pFdYmiGZdnHQ4MuoD58Gn1Idt6GwO_P5iqdRy2oCzZpDhGaCe5bPkTXLQOM3J4rLDFx9bBb9y2yYUl7OZR1NrCTzdC73bHTBr0YEP6WaTPie13Or4XM8gcQxA8oOvofCjnXuBCYP_pRyVjFda08X1fhXEEqbore7BPTrqkjzOVMLz0ni10E8115thAax8nZ256CjmjAgMiACHsLFKtxU4ZSHXMfxdVN81U7gQfA8M6uMl1fa_8qZUW4GP1XTb3wbywvti0GmeTDYsSMC8tD-F9tSNQvDMQA5X5_Y6j6Y\">Facebook de Andr\u00e9s Carri\u00f3n<\/a><\/li>\n<\/ul>\n","protected":false},"excerpt":{"rendered":"<p>Ra\u00fal \u201cWilly Topeka\u201d Rodr\u00edguez naci\u00f3 en la ciudad de Mendoza Argentina, el 14 de Mayo<\/p>\n","protected":false},"author":1,"featured_media":4815,"comment_status":"closed","ping_status":"closed","sticky":false,"template":"","format":"standard","meta":{"_jetpack_newsletter_access":"","_jetpack_dont_email_post_to_subs":false,"_jetpack_newsletter_tier_id":0,"_jetpack_memberships_contains_paywalled_content":false,"_jetpack_feature_clip_id":0,"_jetpack_memberships_contains_paid_content":false,"footnotes":"","jetpack_publicize_message":"","jetpack_publicize_feature_enabled":true,"jetpack_social_post_already_shared":true,"jetpack_social_options":{"image_generator_settings":{"template":"highway","default_image_id":0,"font":"","enabled":false},"version":2},"jetpack_post_was_ever_published":false},"categories":[220,2],"tags":[],"class_list":["post-4814","post","type-post","status-publish","format-standard","has-post-thumbnail","hentry","category-anecdotas-del-rock-mendocino","category-musica"],"yoast_head":"<!-- This site is optimized with the Yoast SEO plugin v28.3 - https:\/\/yoast.com\/product\/yoast-seo-wordpress\/ -->\n<title>Ra\u00fal &quot;Willy Topeka&quot; Rodr\u00edguez: La Banda Extra\u00f1a - Tal Como Soy<\/title>\n<meta name=\"robots\" content=\"index, follow, max-snippet:-1, max-image-preview:large, max-video-preview:-1\" \/>\n<link rel=\"canonical\" href=\"https:\/\/talcomosoy.com.ar\/index.php\/raul-willy-topeka-rodriguez-la-banda-extrana\/\" \/>\n<meta property=\"og:locale\" content=\"es_ES\" \/>\n<meta property=\"og:type\" content=\"article\" \/>\n<meta property=\"og:title\" content=\"Ra\u00fal &quot;Willy Topeka&quot; Rodr\u00edguez: La Banda Extra\u00f1a - Tal Como Soy\" \/>\n<meta property=\"og:description\" content=\"Ra\u00fal \u201cWilly Topeka\u201d Rodr\u00edguez naci\u00f3 en la ciudad de Mendoza Argentina, el 14 de Mayo\" \/>\n<meta property=\"og:url\" content=\"https:\/\/talcomosoy.com.ar\/index.php\/raul-willy-topeka-rodriguez-la-banda-extrana\/\" \/>\n<meta property=\"og:site_name\" content=\"Tal Como Soy\" \/>\n<meta property=\"article:publisher\" content=\"https:\/\/www.facebook.com\/talcomosoyok\" \/>\n<meta property=\"article:author\" content=\"https:\/\/www.facebook.com\/sindamiranda\" \/>\n<meta property=\"article:published_time\" content=\"2021-07-02T16:33:06+00:00\" \/>\n<meta property=\"article:modified_time\" content=\"2021-07-02T16:51:50+00:00\" \/>\n<meta property=\"og:image\" content=\"https:\/\/i0.wp.com\/talcomosoy.com.ar\/wp-content\/uploads\/2021\/07\/topeka.jpg?fit=747%2C909&ssl=1\" \/>\n\t<meta property=\"og:image:width\" content=\"747\" \/>\n\t<meta property=\"og:image:height\" content=\"909\" \/>\n\t<meta property=\"og:image:type\" content=\"image\/jpeg\" \/>\n<meta name=\"author\" content=\"Sinda Miranda\" \/>\n<meta name=\"twitter:card\" content=\"summary_large_image\" \/>\n<meta name=\"twitter:creator\" content=\"@sindamiranda\" \/>\n<meta name=\"twitter:site\" content=\"@talcomosoyok\" \/>\n<meta name=\"twitter:label1\" content=\"Escrito por\" \/>\n\t<meta name=\"twitter:data1\" content=\"Sinda Miranda\" \/>\n\t<meta name=\"twitter:label2\" content=\"Tiempo de lectura\" \/>\n\t<meta name=\"twitter:data2\" content=\"2 minutos\" \/>\n<script type=\"application\/ld+json\" class=\"yoast-schema-graph\">{\"@context\":\"https:\\\/\\\/schema.org\",\"@graph\":[{\"@type\":\"Article\",\"@id\":\"https:\\\/\\\/talcomosoy.com.ar\\\/index.php\\\/raul-willy-topeka-rodriguez-la-banda-extrana\\\/#article\",\"isPartOf\":{\"@id\":\"https:\\\/\\\/talcomosoy.com.ar\\\/index.php\\\/raul-willy-topeka-rodriguez-la-banda-extrana\\\/\"},\"author\":{\"name\":\"Sinda Miranda\",\"@id\":\"https:\\\/\\\/talcomosoy.com.ar\\\/#\\\/schema\\\/person\\\/496b3561bd436afcf2be92147ff855c9\"},\"headline\":\"Ra\u00fal \u00abWilly Topeka\u00bb Rodr\u00edguez: La Banda Extra\u00f1a\",\"datePublished\":\"2021-07-02T16:33:06+00:00\",\"dateModified\":\"2021-07-02T16:51:50+00:00\",\"mainEntityOfPage\":{\"@id\":\"https:\\\/\\\/talcomosoy.com.ar\\\/index.php\\\/raul-willy-topeka-rodriguez-la-banda-extrana\\\/\"},\"wordCount\":411,\"publisher\":{\"@id\":\"https:\\\/\\\/talcomosoy.com.ar\\\/#organization\"},\"image\":{\"@id\":\"https:\\\/\\\/talcomosoy.com.ar\\\/index.php\\\/raul-willy-topeka-rodriguez-la-banda-extrana\\\/#primaryimage\"},\"thumbnailUrl\":\"https:\\\/\\\/i0.wp.com\\\/talcomosoy.com.ar\\\/wp-content\\\/uploads\\\/2021\\\/07\\\/topeka.jpg?fit=747%2C909&ssl=1\",\"articleSection\":[\"An\u00e9cdotas del Rock Mendocino\",\"M\u00fasica\"],\"inLanguage\":\"es\"},{\"@type\":\"WebPage\",\"@id\":\"https:\\\/\\\/talcomosoy.com.ar\\\/index.php\\\/raul-willy-topeka-rodriguez-la-banda-extrana\\\/\",\"url\":\"https:\\\/\\\/talcomosoy.com.ar\\\/index.php\\\/raul-willy-topeka-rodriguez-la-banda-extrana\\\/\",\"name\":\"Ra\u00fal \\\"Willy Topeka\\\" Rodr\u00edguez: La Banda Extra\u00f1a - Tal Como Soy\",\"isPartOf\":{\"@id\":\"https:\\\/\\\/talcomosoy.com.ar\\\/#website\"},\"primaryImageOfPage\":{\"@id\":\"https:\\\/\\\/talcomosoy.com.ar\\\/index.php\\\/raul-willy-topeka-rodriguez-la-banda-extrana\\\/#primaryimage\"},\"image\":{\"@id\":\"https:\\\/\\\/talcomosoy.com.ar\\\/index.php\\\/raul-willy-topeka-rodriguez-la-banda-extrana\\\/#primaryimage\"},\"thumbnailUrl\":\"https:\\\/\\\/i0.wp.com\\\/talcomosoy.com.ar\\\/wp-content\\\/uploads\\\/2021\\\/07\\\/topeka.jpg?fit=747%2C909&ssl=1\",\"datePublished\":\"2021-07-02T16:33:06+00:00\",\"dateModified\":\"2021-07-02T16:51:50+00:00\",\"inLanguage\":\"es\",\"potentialAction\":[{\"@type\":\"ReadAction\",\"target\":[\"https:\\\/\\\/talcomosoy.com.ar\\\/index.php\\\/raul-willy-topeka-rodriguez-la-banda-extrana\\\/\"]}]},{\"@type\":\"ImageObject\",\"inLanguage\":\"es\",\"@id\":\"https:\\\/\\\/talcomosoy.com.ar\\\/index.php\\\/raul-willy-topeka-rodriguez-la-banda-extrana\\\/#primaryimage\",\"url\":\"https:\\\/\\\/i0.wp.com\\\/talcomosoy.com.ar\\\/wp-content\\\/uploads\\\/2021\\\/07\\\/topeka.jpg?fit=747%2C909&ssl=1\",\"contentUrl\":\"https:\\\/\\\/i0.wp.com\\\/talcomosoy.com.ar\\\/wp-content\\\/uploads\\\/2021\\\/07\\\/topeka.jpg?fit=747%2C909&ssl=1\",\"width\":747,\"height\":909},{\"@type\":\"WebSite\",\"@id\":\"https:\\\/\\\/talcomosoy.com.ar\\\/#website\",\"url\":\"https:\\\/\\\/talcomosoy.com.ar\\\/\",\"name\":\"Tal Como Soy\",\"description\":\"Magazine Musical Digital\",\"publisher\":{\"@id\":\"https:\\\/\\\/talcomosoy.com.ar\\\/#organization\"},\"potentialAction\":[{\"@type\":\"SearchAction\",\"target\":{\"@type\":\"EntryPoint\",\"urlTemplate\":\"https:\\\/\\\/talcomosoy.com.ar\\\/?s={search_term_string}\"},\"query-input\":{\"@type\":\"PropertyValueSpecification\",\"valueRequired\":true,\"valueName\":\"search_term_string\"}}],\"inLanguage\":\"es\"},{\"@type\":\"Organization\",\"@id\":\"https:\\\/\\\/talcomosoy.com.ar\\\/#organization\",\"name\":\"Tal Como Soy\",\"url\":\"https:\\\/\\\/talcomosoy.com.ar\\\/\",\"logo\":{\"@type\":\"ImageObject\",\"inLanguage\":\"es\",\"@id\":\"https:\\\/\\\/talcomosoy.com.ar\\\/#\\\/schema\\\/logo\\\/image\\\/\",\"url\":\"https:\\\/\\\/i0.wp.com\\\/talcomosoy.com.ar\\\/wp-content\\\/uploads\\\/2020\\\/02\\\/PUA-2020-TRANSPARENTE.png?fit=570%2C382&ssl=1\",\"contentUrl\":\"https:\\\/\\\/i0.wp.com\\\/talcomosoy.com.ar\\\/wp-content\\\/uploads\\\/2020\\\/02\\\/PUA-2020-TRANSPARENTE.png?fit=570%2C382&ssl=1\",\"width\":570,\"height\":382,\"caption\":\"Tal Como Soy\"},\"image\":{\"@id\":\"https:\\\/\\\/talcomosoy.com.ar\\\/#\\\/schema\\\/logo\\\/image\\\/\"},\"sameAs\":[\"https:\\\/\\\/www.facebook.com\\\/talcomosoyok\",\"https:\\\/\\\/x.com\\\/talcomosoyok\",\"https:\\\/\\\/www.instagram.com\\\/talcomosoyok\",\"https:\\\/\\\/www.youtube.com\\\/channel\\\/UCrutZzYQmd9Fe8pEm5wqsiw\"]},{\"@type\":\"Person\",\"@id\":\"https:\\\/\\\/talcomosoy.com.ar\\\/#\\\/schema\\\/person\\\/496b3561bd436afcf2be92147ff855c9\",\"name\":\"Sinda Miranda\",\"image\":{\"@type\":\"ImageObject\",\"inLanguage\":\"es\",\"@id\":\"https:\\\/\\\/secure.gravatar.com\\\/avatar\\\/ab0e992fc0b7117fe730d00fb0e44073b1fd6e28d69de8e7ac3103f1396f445e?s=96&d=mm&r=g\",\"url\":\"https:\\\/\\\/secure.gravatar.com\\\/avatar\\\/ab0e992fc0b7117fe730d00fb0e44073b1fd6e28d69de8e7ac3103f1396f445e?s=96&d=mm&r=g\",\"contentUrl\":\"https:\\\/\\\/secure.gravatar.com\\\/avatar\\\/ab0e992fc0b7117fe730d00fb0e44073b1fd6e28d69de8e7ac3103f1396f445e?s=96&d=mm&r=g\",\"caption\":\"Sinda Miranda\"},\"description\":\"Escritora, Fot\u00f3grafa, Agente de Prensa\",\"sameAs\":[\"https:\\\/\\\/www.facebook.com\\\/sindamiranda\",\"https:\\\/\\\/www.instagram.com\\\/sindamiranda\",\"https:\\\/\\\/x.com\\\/sindamiranda\"],\"url\":\"https:\\\/\\\/talcomosoy.com.ar\\\/index.php\\\/author\\\/sindamirandatcs\\\/\"}]}<\/script>\n<!-- \/ Yoast SEO plugin. -->","yoast_head_json":{"title":"Ra\u00fal \"Willy Topeka\" Rodr\u00edguez: La Banda Extra\u00f1a - Tal Como Soy","robots":{"index":"index","follow":"follow","max-snippet":"max-snippet:-1","max-image-preview":"max-image-preview:large","max-video-preview":"max-video-preview:-1"},"canonical":"https:\/\/talcomosoy.com.ar\/index.php\/raul-willy-topeka-rodriguez-la-banda-extrana\/","og_locale":"es_ES","og_type":"article","og_title":"Ra\u00fal \"Willy Topeka\" Rodr\u00edguez: La Banda Extra\u00f1a - Tal Como Soy","og_description":"Ra\u00fal \u201cWilly Topeka\u201d Rodr\u00edguez naci\u00f3 en la ciudad de Mendoza Argentina, el 14 de Mayo","og_url":"https:\/\/talcomosoy.com.ar\/index.php\/raul-willy-topeka-rodriguez-la-banda-extrana\/","og_site_name":"Tal Como Soy","article_publisher":"https:\/\/www.facebook.com\/talcomosoyok","article_author":"https:\/\/www.facebook.com\/sindamiranda","article_published_time":"2021-07-02T16:33:06+00:00","article_modified_time":"2021-07-02T16:51:50+00:00","og_image":[{"width":747,"height":909,"url":"https:\/\/i0.wp.com\/talcomosoy.com.ar\/wp-content\/uploads\/2021\/07\/topeka.jpg?fit=747%2C909&ssl=1","type":"image\/jpeg"}],"author":"Sinda Miranda","twitter_card":"summary_large_image","twitter_creator":"@sindamiranda","twitter_site":"@talcomosoyok","twitter_misc":{"Escrito por":"Sinda Miranda","Tiempo de lectura":"2 minutos"},"schema":{"@context":"https:\/\/schema.org","@graph":[{"@type":"Article","@id":"https:\/\/talcomosoy.com.ar\/index.php\/raul-willy-topeka-rodriguez-la-banda-extrana\/#article","isPartOf":{"@id":"https:\/\/talcomosoy.com.ar\/index.php\/raul-willy-topeka-rodriguez-la-banda-extrana\/"},"author":{"name":"Sinda Miranda","@id":"https:\/\/talcomosoy.com.ar\/#\/schema\/person\/496b3561bd436afcf2be92147ff855c9"},"headline":"Ra\u00fal \u00abWilly Topeka\u00bb Rodr\u00edguez: La Banda Extra\u00f1a","datePublished":"2021-07-02T16:33:06+00:00","dateModified":"2021-07-02T16:51:50+00:00","mainEntityOfPage":{"@id":"https:\/\/talcomosoy.com.ar\/index.php\/raul-willy-topeka-rodriguez-la-banda-extrana\/"},"wordCount":411,"publisher":{"@id":"https:\/\/talcomosoy.com.ar\/#organization"},"image":{"@id":"https:\/\/talcomosoy.com.ar\/index.php\/raul-willy-topeka-rodriguez-la-banda-extrana\/#primaryimage"},"thumbnailUrl":"https:\/\/i0.wp.com\/talcomosoy.com.ar\/wp-content\/uploads\/2021\/07\/topeka.jpg?fit=747%2C909&ssl=1","articleSection":["An\u00e9cdotas del Rock Mendocino","M\u00fasica"],"inLanguage":"es"},{"@type":"WebPage","@id":"https:\/\/talcomosoy.com.ar\/index.php\/raul-willy-topeka-rodriguez-la-banda-extrana\/","url":"https:\/\/talcomosoy.com.ar\/index.php\/raul-willy-topeka-rodriguez-la-banda-extrana\/","name":"Ra\u00fal \"Willy Topeka\" Rodr\u00edguez: La Banda Extra\u00f1a - Tal Como Soy","isPartOf":{"@id":"https:\/\/talcomosoy.com.ar\/#website"},"primaryImageOfPage":{"@id":"https:\/\/talcomosoy.com.ar\/index.php\/raul-willy-topeka-rodriguez-la-banda-extrana\/#primaryimage"},"image":{"@id":"https:\/\/talcomosoy.com.ar\/index.php\/raul-willy-topeka-rodriguez-la-banda-extrana\/#primaryimage"},"thumbnailUrl":"https:\/\/i0.wp.com\/talcomosoy.com.ar\/wp-content\/uploads\/2021\/07\/topeka.jpg?fit=747%2C909&ssl=1","datePublished":"2021-07-02T16:33:06+00:00","dateModified":"2021-07-02T16:51:50+00:00","inLanguage":"es","potentialAction":[{"@type":"ReadAction","target":["https:\/\/talcomosoy.com.ar\/index.php\/raul-willy-topeka-rodriguez-la-banda-extrana\/"]}]},{"@type":"ImageObject","inLanguage":"es","@id":"https:\/\/talcomosoy.com.ar\/index.php\/raul-willy-topeka-rodriguez-la-banda-extrana\/#primaryimage","url":"https:\/\/i0.wp.com\/talcomosoy.com.ar\/wp-content\/uploads\/2021\/07\/topeka.jpg?fit=747%2C909&ssl=1","contentUrl":"https:\/\/i0.wp.com\/talcomosoy.com.ar\/wp-content\/uploads\/2021\/07\/topeka.jpg?fit=747%2C909&ssl=1","width":747,"height":909},{"@type":"WebSite","@id":"https:\/\/talcomosoy.com.ar\/#website","url":"https:\/\/talcomosoy.com.ar\/","name":"Tal Como Soy","description":"Magazine Musical Digital","publisher":{"@id":"https:\/\/talcomosoy.com.ar\/#organization"},"potentialAction":[{"@type":"SearchAction","target":{"@type":"EntryPoint","urlTemplate":"https:\/\/talcomosoy.com.ar\/?s={search_term_string}"},"query-input":{"@type":"PropertyValueSpecification","valueRequired":true,"valueName":"search_term_string"}}],"inLanguage":"es"},{"@type":"Organization","@id":"https:\/\/talcomosoy.com.ar\/#organization","name":"Tal Como Soy","url":"https:\/\/talcomosoy.com.ar\/","logo":{"@type":"ImageObject","inLanguage":"es","@id":"https:\/\/talcomosoy.com.ar\/#\/schema\/logo\/image\/","url":"https:\/\/i0.wp.com\/talcomosoy.com.ar\/wp-content\/uploads\/2020\/02\/PUA-2020-TRANSPARENTE.png?fit=570%2C382&ssl=1","contentUrl":"https:\/\/i0.wp.com\/talcomosoy.com.ar\/wp-content\/uploads\/2020\/02\/PUA-2020-TRANSPARENTE.png?fit=570%2C382&ssl=1","width":570,"height":382,"caption":"Tal Como Soy"},"image":{"@id":"https:\/\/talcomosoy.com.ar\/#\/schema\/logo\/image\/"},"sameAs":["https:\/\/www.facebook.com\/talcomosoyok","https:\/\/x.com\/talcomosoyok","https:\/\/www.instagram.com\/talcomosoyok","https:\/\/www.youtube.com\/channel\/UCrutZzYQmd9Fe8pEm5wqsiw"]},{"@type":"Person","@id":"https:\/\/talcomosoy.com.ar\/#\/schema\/person\/496b3561bd436afcf2be92147ff855c9","name":"Sinda Miranda","image":{"@type":"ImageObject","inLanguage":"es","@id":"https:\/\/secure.gravatar.com\/avatar\/ab0e992fc0b7117fe730d00fb0e44073b1fd6e28d69de8e7ac3103f1396f445e?s=96&d=mm&r=g","url":"https:\/\/secure.gravatar.com\/avatar\/ab0e992fc0b7117fe730d00fb0e44073b1fd6e28d69de8e7ac3103f1396f445e?s=96&d=mm&r=g","contentUrl":"https:\/\/secure.gravatar.com\/avatar\/ab0e992fc0b7117fe730d00fb0e44073b1fd6e28d69de8e7ac3103f1396f445e?s=96&d=mm&r=g","caption":"Sinda Miranda"},"description":"Escritora, Fot\u00f3grafa, Agente de Prensa","sameAs":["https:\/\/www.facebook.com\/sindamiranda","https:\/\/www.instagram.com\/sindamiranda","https:\/\/x.com\/sindamiranda"],"url":"https:\/\/talcomosoy.com.ar\/index.php\/author\/sindamirandatcs\/"}]}},"jetpack_publicize_connections":[],"jetpack_sharing_enabled":true,"jetpack_likes_enabled":true,"jetpack_featured_media_url":"https:\/\/i0.wp.com\/talcomosoy.com.ar\/wp-content\/uploads\/2021\/07\/topeka.jpg?fit=747%2C909&ssl=1","_links":{"self":[{"href":"https:\/\/talcomosoy.com.ar\/index.php\/wp-json\/wp\/v2\/posts\/4814","targetHints":{"allow":["GET"]}}],"collection":[{"href":"https:\/\/talcomosoy.com.ar\/index.php\/wp-json\/wp\/v2\/posts"}],"about":[{"href":"https:\/\/talcomosoy.com.ar\/index.php\/wp-json\/wp\/v2\/types\/post"}],"author":[{"embeddable":true,"href":"https:\/\/talcomosoy.com.ar\/index.php\/wp-json\/wp\/v2\/users\/1"}],"replies":[{"embeddable":true,"href":"https:\/\/talcomosoy.com.ar\/index.php\/wp-json\/wp\/v2\/comments?post=4814"}],"version-history":[{"count":6,"href":"https:\/\/talcomosoy.com.ar\/index.php\/wp-json\/wp\/v2\/posts\/4814\/revisions"}],"predecessor-version":[{"id":4821,"href":"https:\/\/talcomosoy.com.ar\/index.php\/wp-json\/wp\/v2\/posts\/4814\/revisions\/4821"}],"wp:featuredmedia":[{"embeddable":true,"href":"https:\/\/talcomosoy.com.ar\/index.php\/wp-json\/wp\/v2\/media\/4815"}],"wp:attachment":[{"href":"https:\/\/talcomosoy.com.ar\/index.php\/wp-json\/wp\/v2\/media?parent=4814"}],"wp:term":[{"taxonomy":"category","embeddable":true,"href":"https:\/\/talcomosoy.com.ar\/index.php\/wp-json\/wp\/v2\/categories?post=4814"},{"taxonomy":"post_tag","embeddable":true,"href":"https:\/\/talcomosoy.com.ar\/index.php\/wp-json\/wp\/v2\/tags?post=4814"}],"curies":[{"name":"wp","href":"https:\/\/api.w.org\/{rel}","templated":true}]}}