{"id":4803,"date":"2021-06-29T12:58:43","date_gmt":"2021-06-29T15:58:43","guid":{"rendered":"https:\/\/talcomosoy.com.ar\/?p=4803"},"modified":"2021-06-29T12:58:43","modified_gmt":"2021-06-29T15:58:43","slug":"la-compania-dancer-presenta-sacrificio-en-la-sala-del-teatro-plaza","status":"publish","type":"post","link":"https:\/\/talcomosoy.com.ar\/index.php\/la-compania-dancer-presenta-sacrificio-en-la-sala-del-teatro-plaza\/","title":{"rendered":"La Compa\u00f1\u00eda Dancer presenta \u201cSacrificio\u201d en la sala del Teatro Plaza"},"content":{"rendered":"<h3>El teatro de Godoy Cruz abre el tel\u00f3n para presentar la obra \u201cSacrificio\u201d, una producci\u00f3n de \u201cDancer &#8211; Expresi\u00f3n y Danza\u201d, inspirada en una sinfon\u00eda de Stravinsky y el trabajo de la core\u00f3grafa Pina Baush.<\/h3>\n<p>&nbsp;<\/p>\n<p>\u201cSacrificio\u201d se podr\u00e1 ver el jueves 1\u00ba de julio, a las 20:30 horas y los tickets ya se pueden conseguir en la boleter\u00eda de la sala, de lunes a viernes, de 8:30 a 14 horas o en\u00a0https:\/\/bit.ly\/EntradasSacrificio<\/p>\n<p>&nbsp;<\/p>\n<h3>Un poco de historia<\/h3>\n<p>&nbsp;<\/p>\n<p>Bajo la direcci\u00f3n de Floox House llega esta propuesta art\u00edstica que explora elementos de la obra musical \u201cLa Consagraci\u00f3n de la Primavera\u201d, creado por\u00a0\u00cdgor Stravinski en 1913, para la compa\u00f1\u00eda de los\u00a0ballets rusos\u00a0de\u00a0Sergu\u00e9i Di\u00e1guilev.<\/p>\n<p>La artista alemana Pina Bausch, considerada una pionera de la danza contempor\u00e1nea, coreografi\u00f3 dicha obra aportando elementos considerados vanguardistas, que sirvieron para la consolidaci\u00f3n de la\u00a0danza teatro.<\/p>\n<p>Tomando como punto de partida el trabajo musical del compositor ruso y la interpretaci\u00f3n que realiz\u00f3 quien es considerada la pionera de la danza contempor\u00e1nea, fue que la directora de la compa\u00f1\u00eda de San Mart\u00edn tom\u00f3 la inspiraci\u00f3n para moldear su \u201cSacrificio\u201d.<\/p>\n<p>&nbsp;<\/p>\n<h3>La danza y la m\u00fasica, piezas claves de \u201cSacrificio\u201d<\/h3>\n<p>&nbsp;<\/p>\n<p>En este trabajo,\u00a0 la plasticidad del cuerpo es puesta al servicio de los vaivenes de la expresi\u00f3n musical, como la m\u00e1s sublime manifestaci\u00f3n del alma y los sentimientos.<\/p>\n<p>El proyecto est\u00e1 integrado en su totalidad por mujeres y trabajan artistas, algunas profesionales y otras vocacionales, con edades comprendidas entre los 16 y los 40 a\u00f1os.<\/p>\n<p>En la puesta, Floox intent\u00f3 transformar la violencia y motivaci\u00f3n musical que Stravinsky llev\u00f3 a escena, as\u00ed como tambi\u00e9n materializar el trabajo de Pina Baush, estudiando su manera de trabajar y composiciones.<\/p>\n<p>\u201cA lo largo de la historia ha habido muchas interpretaciones de \u201cLa Consagraci\u00f3n de la Primavera\u201d. La versi\u00f3n realizada por Pina Baush es la que me inspir\u00f3 para hacer este trabajo. Tom\u00e9 la tem\u00e1tica del sacrificio de las mujeres en la actualidad y ese es el sentido que sirve de hilo conductor y envuelve la obra\u201d, detall\u00f3 la directora.<\/p>\n<p>\u201cCon toda esa informaci\u00f3n intent\u00e9 plasmar, en un equipo de 19 bailarinas, un momento de emoci\u00f3n en sus vidas y una propuesta de trabajo minucioso desde lo musical y exigente al m\u00e1ximo desde lo coreogr\u00e1fico\u201d, concluy\u00f3.<\/p>\n<p>&nbsp;<\/p>\n","protected":false},"excerpt":{"rendered":"<p>El teatro de Godoy Cruz abre el tel\u00f3n para presentar la obra \u201cSacrificio\u201d, una producci\u00f3n<\/p>\n","protected":false},"author":1,"featured_media":4804,"comment_status":"closed","ping_status":"closed","sticky":false,"template":"","format":"standard","meta":{"_jetpack_newsletter_access":"","_jetpack_dont_email_post_to_subs":false,"_jetpack_newsletter_tier_id":0,"_jetpack_memberships_contains_paywalled_content":false,"_jetpack_feature_clip_id":0,"_jetpack_memberships_contains_paid_content":false,"footnotes":"","jetpack_publicize_message":"","jetpack_publicize_feature_enabled":true,"jetpack_social_post_already_shared":true,"jetpack_social_options":{"image_generator_settings":{"template":"highway","default_image_id":0,"font":"","enabled":false},"version":2},"jetpack_post_was_ever_published":false},"categories":[45,29],"tags":[],"class_list":["post-4803","post","type-post","status-publish","format-standard","has-post-thumbnail","hentry","category-danza","category-teatro"],"yoast_head":"<!-- This site is optimized with the Yoast SEO plugin v28.3 - https:\/\/yoast.com\/product\/yoast-seo-wordpress\/ -->\n<title>La Compa\u00f1\u00eda Dancer presenta \u201cSacrificio\u201d en la sala del Teatro Plaza - Tal Como Soy<\/title>\n<meta name=\"robots\" content=\"index, follow, max-snippet:-1, max-image-preview:large, max-video-preview:-1\" \/>\n<link rel=\"canonical\" href=\"https:\/\/talcomosoy.com.ar\/index.php\/la-compania-dancer-presenta-sacrificio-en-la-sala-del-teatro-plaza\/\" \/>\n<meta property=\"og:locale\" content=\"es_ES\" \/>\n<meta property=\"og:type\" content=\"article\" \/>\n<meta property=\"og:title\" content=\"La Compa\u00f1\u00eda Dancer presenta \u201cSacrificio\u201d en la sala del Teatro Plaza - Tal Como Soy\" \/>\n<meta property=\"og:description\" content=\"El teatro de Godoy Cruz abre el tel\u00f3n para presentar la obra \u201cSacrificio\u201d, una producci\u00f3n\" \/>\n<meta property=\"og:url\" content=\"https:\/\/talcomosoy.com.ar\/index.php\/la-compania-dancer-presenta-sacrificio-en-la-sala-del-teatro-plaza\/\" \/>\n<meta property=\"og:site_name\" content=\"Tal Como Soy\" \/>\n<meta property=\"article:publisher\" content=\"https:\/\/www.facebook.com\/talcomosoyok\" \/>\n<meta property=\"article:author\" content=\"https:\/\/www.facebook.com\/sindamiranda\" \/>\n<meta property=\"article:published_time\" content=\"2021-06-29T15:58:43+00:00\" \/>\n<meta property=\"og:image\" content=\"https:\/\/i0.wp.com\/talcomosoy.com.ar\/wp-content\/uploads\/2021\/06\/008-Dancer.jpg?fit=772%2C624&ssl=1\" \/>\n\t<meta property=\"og:image:width\" content=\"772\" \/>\n\t<meta property=\"og:image:height\" content=\"624\" \/>\n\t<meta property=\"og:image:type\" content=\"image\/jpeg\" \/>\n<meta name=\"author\" content=\"Sinda Miranda\" \/>\n<meta name=\"twitter:card\" content=\"summary_large_image\" \/>\n<meta name=\"twitter:creator\" content=\"@sindamiranda\" \/>\n<meta name=\"twitter:site\" content=\"@talcomosoyok\" \/>\n<meta name=\"twitter:label1\" content=\"Escrito por\" \/>\n\t<meta name=\"twitter:data1\" content=\"Sinda Miranda\" \/>\n\t<meta name=\"twitter:label2\" content=\"Tiempo de lectura\" \/>\n\t<meta name=\"twitter:data2\" content=\"2 minutos\" \/>\n<script type=\"application\/ld+json\" class=\"yoast-schema-graph\">{\"@context\":\"https:\\\/\\\/schema.org\",\"@graph\":[{\"@type\":\"Article\",\"@id\":\"https:\\\/\\\/talcomosoy.com.ar\\\/index.php\\\/la-compania-dancer-presenta-sacrificio-en-la-sala-del-teatro-plaza\\\/#article\",\"isPartOf\":{\"@id\":\"https:\\\/\\\/talcomosoy.com.ar\\\/index.php\\\/la-compania-dancer-presenta-sacrificio-en-la-sala-del-teatro-plaza\\\/\"},\"author\":{\"name\":\"Sinda Miranda\",\"@id\":\"https:\\\/\\\/talcomosoy.com.ar\\\/#\\\/schema\\\/person\\\/496b3561bd436afcf2be92147ff855c9\"},\"headline\":\"La Compa\u00f1\u00eda Dancer presenta \u201cSacrificio\u201d en la sala del Teatro Plaza\",\"datePublished\":\"2021-06-29T15:58:43+00:00\",\"mainEntityOfPage\":{\"@id\":\"https:\\\/\\\/talcomosoy.com.ar\\\/index.php\\\/la-compania-dancer-presenta-sacrificio-en-la-sala-del-teatro-plaza\\\/\"},\"wordCount\":422,\"publisher\":{\"@id\":\"https:\\\/\\\/talcomosoy.com.ar\\\/#organization\"},\"image\":{\"@id\":\"https:\\\/\\\/talcomosoy.com.ar\\\/index.php\\\/la-compania-dancer-presenta-sacrificio-en-la-sala-del-teatro-plaza\\\/#primaryimage\"},\"thumbnailUrl\":\"https:\\\/\\\/i0.wp.com\\\/talcomosoy.com.ar\\\/wp-content\\\/uploads\\\/2021\\\/06\\\/008-Dancer.jpg?fit=772%2C624&ssl=1\",\"articleSection\":[\"Danza\",\"Teatro\"],\"inLanguage\":\"es\"},{\"@type\":\"WebPage\",\"@id\":\"https:\\\/\\\/talcomosoy.com.ar\\\/index.php\\\/la-compania-dancer-presenta-sacrificio-en-la-sala-del-teatro-plaza\\\/\",\"url\":\"https:\\\/\\\/talcomosoy.com.ar\\\/index.php\\\/la-compania-dancer-presenta-sacrificio-en-la-sala-del-teatro-plaza\\\/\",\"name\":\"La Compa\u00f1\u00eda Dancer presenta \u201cSacrificio\u201d en la sala del Teatro Plaza - Tal Como Soy\",\"isPartOf\":{\"@id\":\"https:\\\/\\\/talcomosoy.com.ar\\\/#website\"},\"primaryImageOfPage\":{\"@id\":\"https:\\\/\\\/talcomosoy.com.ar\\\/index.php\\\/la-compania-dancer-presenta-sacrificio-en-la-sala-del-teatro-plaza\\\/#primaryimage\"},\"image\":{\"@id\":\"https:\\\/\\\/talcomosoy.com.ar\\\/index.php\\\/la-compania-dancer-presenta-sacrificio-en-la-sala-del-teatro-plaza\\\/#primaryimage\"},\"thumbnailUrl\":\"https:\\\/\\\/i0.wp.com\\\/talcomosoy.com.ar\\\/wp-content\\\/uploads\\\/2021\\\/06\\\/008-Dancer.jpg?fit=772%2C624&ssl=1\",\"datePublished\":\"2021-06-29T15:58:43+00:00\",\"inLanguage\":\"es\",\"potentialAction\":[{\"@type\":\"ReadAction\",\"target\":[\"https:\\\/\\\/talcomosoy.com.ar\\\/index.php\\\/la-compania-dancer-presenta-sacrificio-en-la-sala-del-teatro-plaza\\\/\"]}]},{\"@type\":\"ImageObject\",\"inLanguage\":\"es\",\"@id\":\"https:\\\/\\\/talcomosoy.com.ar\\\/index.php\\\/la-compania-dancer-presenta-sacrificio-en-la-sala-del-teatro-plaza\\\/#primaryimage\",\"url\":\"https:\\\/\\\/i0.wp.com\\\/talcomosoy.com.ar\\\/wp-content\\\/uploads\\\/2021\\\/06\\\/008-Dancer.jpg?fit=772%2C624&ssl=1\",\"contentUrl\":\"https:\\\/\\\/i0.wp.com\\\/talcomosoy.com.ar\\\/wp-content\\\/uploads\\\/2021\\\/06\\\/008-Dancer.jpg?fit=772%2C624&ssl=1\",\"width\":772,\"height\":624},{\"@type\":\"WebSite\",\"@id\":\"https:\\\/\\\/talcomosoy.com.ar\\\/#website\",\"url\":\"https:\\\/\\\/talcomosoy.com.ar\\\/\",\"name\":\"Tal Como Soy\",\"description\":\"Magazine Musical Digital\",\"publisher\":{\"@id\":\"https:\\\/\\\/talcomosoy.com.ar\\\/#organization\"},\"potentialAction\":[{\"@type\":\"SearchAction\",\"target\":{\"@type\":\"EntryPoint\",\"urlTemplate\":\"https:\\\/\\\/talcomosoy.com.ar\\\/?s={search_term_string}\"},\"query-input\":{\"@type\":\"PropertyValueSpecification\",\"valueRequired\":true,\"valueName\":\"search_term_string\"}}],\"inLanguage\":\"es\"},{\"@type\":\"Organization\",\"@id\":\"https:\\\/\\\/talcomosoy.com.ar\\\/#organization\",\"name\":\"Tal Como Soy\",\"url\":\"https:\\\/\\\/talcomosoy.com.ar\\\/\",\"logo\":{\"@type\":\"ImageObject\",\"inLanguage\":\"es\",\"@id\":\"https:\\\/\\\/talcomosoy.com.ar\\\/#\\\/schema\\\/logo\\\/image\\\/\",\"url\":\"https:\\\/\\\/i0.wp.com\\\/talcomosoy.com.ar\\\/wp-content\\\/uploads\\\/2020\\\/02\\\/PUA-2020-TRANSPARENTE.png?fit=570%2C382&ssl=1\",\"contentUrl\":\"https:\\\/\\\/i0.wp.com\\\/talcomosoy.com.ar\\\/wp-content\\\/uploads\\\/2020\\\/02\\\/PUA-2020-TRANSPARENTE.png?fit=570%2C382&ssl=1\",\"width\":570,\"height\":382,\"caption\":\"Tal Como Soy\"},\"image\":{\"@id\":\"https:\\\/\\\/talcomosoy.com.ar\\\/#\\\/schema\\\/logo\\\/image\\\/\"},\"sameAs\":[\"https:\\\/\\\/www.facebook.com\\\/talcomosoyok\",\"https:\\\/\\\/x.com\\\/talcomosoyok\",\"https:\\\/\\\/www.instagram.com\\\/talcomosoyok\",\"https:\\\/\\\/www.youtube.com\\\/channel\\\/UCrutZzYQmd9Fe8pEm5wqsiw\"]},{\"@type\":\"Person\",\"@id\":\"https:\\\/\\\/talcomosoy.com.ar\\\/#\\\/schema\\\/person\\\/496b3561bd436afcf2be92147ff855c9\",\"name\":\"Sinda Miranda\",\"image\":{\"@type\":\"ImageObject\",\"inLanguage\":\"es\",\"@id\":\"https:\\\/\\\/secure.gravatar.com\\\/avatar\\\/ab0e992fc0b7117fe730d00fb0e44073b1fd6e28d69de8e7ac3103f1396f445e?s=96&d=mm&r=g\",\"url\":\"https:\\\/\\\/secure.gravatar.com\\\/avatar\\\/ab0e992fc0b7117fe730d00fb0e44073b1fd6e28d69de8e7ac3103f1396f445e?s=96&d=mm&r=g\",\"contentUrl\":\"https:\\\/\\\/secure.gravatar.com\\\/avatar\\\/ab0e992fc0b7117fe730d00fb0e44073b1fd6e28d69de8e7ac3103f1396f445e?s=96&d=mm&r=g\",\"caption\":\"Sinda Miranda\"},\"description\":\"Escritora, Fot\u00f3grafa, Agente de Prensa\",\"sameAs\":[\"https:\\\/\\\/www.facebook.com\\\/sindamiranda\",\"https:\\\/\\\/www.instagram.com\\\/sindamiranda\",\"https:\\\/\\\/x.com\\\/sindamiranda\"],\"url\":\"https:\\\/\\\/talcomosoy.com.ar\\\/index.php\\\/author\\\/sindamirandatcs\\\/\"}]}<\/script>\n<!-- \/ Yoast SEO plugin. -->","yoast_head_json":{"title":"La Compa\u00f1\u00eda Dancer presenta \u201cSacrificio\u201d en la sala del Teatro Plaza - Tal Como Soy","robots":{"index":"index","follow":"follow","max-snippet":"max-snippet:-1","max-image-preview":"max-image-preview:large","max-video-preview":"max-video-preview:-1"},"canonical":"https:\/\/talcomosoy.com.ar\/index.php\/la-compania-dancer-presenta-sacrificio-en-la-sala-del-teatro-plaza\/","og_locale":"es_ES","og_type":"article","og_title":"La Compa\u00f1\u00eda Dancer presenta \u201cSacrificio\u201d en la sala del Teatro Plaza - Tal Como Soy","og_description":"El teatro de Godoy Cruz abre el tel\u00f3n para presentar la obra \u201cSacrificio\u201d, una producci\u00f3n","og_url":"https:\/\/talcomosoy.com.ar\/index.php\/la-compania-dancer-presenta-sacrificio-en-la-sala-del-teatro-plaza\/","og_site_name":"Tal Como Soy","article_publisher":"https:\/\/www.facebook.com\/talcomosoyok","article_author":"https:\/\/www.facebook.com\/sindamiranda","article_published_time":"2021-06-29T15:58:43+00:00","og_image":[{"width":772,"height":624,"url":"https:\/\/i0.wp.com\/talcomosoy.com.ar\/wp-content\/uploads\/2021\/06\/008-Dancer.jpg?fit=772%2C624&ssl=1","type":"image\/jpeg"}],"author":"Sinda Miranda","twitter_card":"summary_large_image","twitter_creator":"@sindamiranda","twitter_site":"@talcomosoyok","twitter_misc":{"Escrito por":"Sinda Miranda","Tiempo de lectura":"2 minutos"},"schema":{"@context":"https:\/\/schema.org","@graph":[{"@type":"Article","@id":"https:\/\/talcomosoy.com.ar\/index.php\/la-compania-dancer-presenta-sacrificio-en-la-sala-del-teatro-plaza\/#article","isPartOf":{"@id":"https:\/\/talcomosoy.com.ar\/index.php\/la-compania-dancer-presenta-sacrificio-en-la-sala-del-teatro-plaza\/"},"author":{"name":"Sinda Miranda","@id":"https:\/\/talcomosoy.com.ar\/#\/schema\/person\/496b3561bd436afcf2be92147ff855c9"},"headline":"La Compa\u00f1\u00eda Dancer presenta \u201cSacrificio\u201d en la sala del Teatro Plaza","datePublished":"2021-06-29T15:58:43+00:00","mainEntityOfPage":{"@id":"https:\/\/talcomosoy.com.ar\/index.php\/la-compania-dancer-presenta-sacrificio-en-la-sala-del-teatro-plaza\/"},"wordCount":422,"publisher":{"@id":"https:\/\/talcomosoy.com.ar\/#organization"},"image":{"@id":"https:\/\/talcomosoy.com.ar\/index.php\/la-compania-dancer-presenta-sacrificio-en-la-sala-del-teatro-plaza\/#primaryimage"},"thumbnailUrl":"https:\/\/i0.wp.com\/talcomosoy.com.ar\/wp-content\/uploads\/2021\/06\/008-Dancer.jpg?fit=772%2C624&ssl=1","articleSection":["Danza","Teatro"],"inLanguage":"es"},{"@type":"WebPage","@id":"https:\/\/talcomosoy.com.ar\/index.php\/la-compania-dancer-presenta-sacrificio-en-la-sala-del-teatro-plaza\/","url":"https:\/\/talcomosoy.com.ar\/index.php\/la-compania-dancer-presenta-sacrificio-en-la-sala-del-teatro-plaza\/","name":"La Compa\u00f1\u00eda Dancer presenta \u201cSacrificio\u201d en la sala del Teatro Plaza - Tal Como Soy","isPartOf":{"@id":"https:\/\/talcomosoy.com.ar\/#website"},"primaryImageOfPage":{"@id":"https:\/\/talcomosoy.com.ar\/index.php\/la-compania-dancer-presenta-sacrificio-en-la-sala-del-teatro-plaza\/#primaryimage"},"image":{"@id":"https:\/\/talcomosoy.com.ar\/index.php\/la-compania-dancer-presenta-sacrificio-en-la-sala-del-teatro-plaza\/#primaryimage"},"thumbnailUrl":"https:\/\/i0.wp.com\/talcomosoy.com.ar\/wp-content\/uploads\/2021\/06\/008-Dancer.jpg?fit=772%2C624&ssl=1","datePublished":"2021-06-29T15:58:43+00:00","inLanguage":"es","potentialAction":[{"@type":"ReadAction","target":["https:\/\/talcomosoy.com.ar\/index.php\/la-compania-dancer-presenta-sacrificio-en-la-sala-del-teatro-plaza\/"]}]},{"@type":"ImageObject","inLanguage":"es","@id":"https:\/\/talcomosoy.com.ar\/index.php\/la-compania-dancer-presenta-sacrificio-en-la-sala-del-teatro-plaza\/#primaryimage","url":"https:\/\/i0.wp.com\/talcomosoy.com.ar\/wp-content\/uploads\/2021\/06\/008-Dancer.jpg?fit=772%2C624&ssl=1","contentUrl":"https:\/\/i0.wp.com\/talcomosoy.com.ar\/wp-content\/uploads\/2021\/06\/008-Dancer.jpg?fit=772%2C624&ssl=1","width":772,"height":624},{"@type":"WebSite","@id":"https:\/\/talcomosoy.com.ar\/#website","url":"https:\/\/talcomosoy.com.ar\/","name":"Tal Como Soy","description":"Magazine Musical Digital","publisher":{"@id":"https:\/\/talcomosoy.com.ar\/#organization"},"potentialAction":[{"@type":"SearchAction","target":{"@type":"EntryPoint","urlTemplate":"https:\/\/talcomosoy.com.ar\/?s={search_term_string}"},"query-input":{"@type":"PropertyValueSpecification","valueRequired":true,"valueName":"search_term_string"}}],"inLanguage":"es"},{"@type":"Organization","@id":"https:\/\/talcomosoy.com.ar\/#organization","name":"Tal Como Soy","url":"https:\/\/talcomosoy.com.ar\/","logo":{"@type":"ImageObject","inLanguage":"es","@id":"https:\/\/talcomosoy.com.ar\/#\/schema\/logo\/image\/","url":"https:\/\/i0.wp.com\/talcomosoy.com.ar\/wp-content\/uploads\/2020\/02\/PUA-2020-TRANSPARENTE.png?fit=570%2C382&ssl=1","contentUrl":"https:\/\/i0.wp.com\/talcomosoy.com.ar\/wp-content\/uploads\/2020\/02\/PUA-2020-TRANSPARENTE.png?fit=570%2C382&ssl=1","width":570,"height":382,"caption":"Tal Como Soy"},"image":{"@id":"https:\/\/talcomosoy.com.ar\/#\/schema\/logo\/image\/"},"sameAs":["https:\/\/www.facebook.com\/talcomosoyok","https:\/\/x.com\/talcomosoyok","https:\/\/www.instagram.com\/talcomosoyok","https:\/\/www.youtube.com\/channel\/UCrutZzYQmd9Fe8pEm5wqsiw"]},{"@type":"Person","@id":"https:\/\/talcomosoy.com.ar\/#\/schema\/person\/496b3561bd436afcf2be92147ff855c9","name":"Sinda Miranda","image":{"@type":"ImageObject","inLanguage":"es","@id":"https:\/\/secure.gravatar.com\/avatar\/ab0e992fc0b7117fe730d00fb0e44073b1fd6e28d69de8e7ac3103f1396f445e?s=96&d=mm&r=g","url":"https:\/\/secure.gravatar.com\/avatar\/ab0e992fc0b7117fe730d00fb0e44073b1fd6e28d69de8e7ac3103f1396f445e?s=96&d=mm&r=g","contentUrl":"https:\/\/secure.gravatar.com\/avatar\/ab0e992fc0b7117fe730d00fb0e44073b1fd6e28d69de8e7ac3103f1396f445e?s=96&d=mm&r=g","caption":"Sinda Miranda"},"description":"Escritora, Fot\u00f3grafa, Agente de Prensa","sameAs":["https:\/\/www.facebook.com\/sindamiranda","https:\/\/www.instagram.com\/sindamiranda","https:\/\/x.com\/sindamiranda"],"url":"https:\/\/talcomosoy.com.ar\/index.php\/author\/sindamirandatcs\/"}]}},"jetpack_publicize_connections":[],"jetpack_sharing_enabled":true,"jetpack_likes_enabled":true,"jetpack_featured_media_url":"https:\/\/i0.wp.com\/talcomosoy.com.ar\/wp-content\/uploads\/2021\/06\/008-Dancer.jpg?fit=772%2C624&ssl=1","_links":{"self":[{"href":"https:\/\/talcomosoy.com.ar\/index.php\/wp-json\/wp\/v2\/posts\/4803","targetHints":{"allow":["GET"]}}],"collection":[{"href":"https:\/\/talcomosoy.com.ar\/index.php\/wp-json\/wp\/v2\/posts"}],"about":[{"href":"https:\/\/talcomosoy.com.ar\/index.php\/wp-json\/wp\/v2\/types\/post"}],"author":[{"embeddable":true,"href":"https:\/\/talcomosoy.com.ar\/index.php\/wp-json\/wp\/v2\/users\/1"}],"replies":[{"embeddable":true,"href":"https:\/\/talcomosoy.com.ar\/index.php\/wp-json\/wp\/v2\/comments?post=4803"}],"version-history":[{"count":1,"href":"https:\/\/talcomosoy.com.ar\/index.php\/wp-json\/wp\/v2\/posts\/4803\/revisions"}],"predecessor-version":[{"id":4805,"href":"https:\/\/talcomosoy.com.ar\/index.php\/wp-json\/wp\/v2\/posts\/4803\/revisions\/4805"}],"wp:featuredmedia":[{"embeddable":true,"href":"https:\/\/talcomosoy.com.ar\/index.php\/wp-json\/wp\/v2\/media\/4804"}],"wp:attachment":[{"href":"https:\/\/talcomosoy.com.ar\/index.php\/wp-json\/wp\/v2\/media?parent=4803"}],"wp:term":[{"taxonomy":"category","embeddable":true,"href":"https:\/\/talcomosoy.com.ar\/index.php\/wp-json\/wp\/v2\/categories?post=4803"},{"taxonomy":"post_tag","embeddable":true,"href":"https:\/\/talcomosoy.com.ar\/index.php\/wp-json\/wp\/v2\/tags?post=4803"}],"curies":[{"name":"wp","href":"https:\/\/api.w.org\/{rel}","templated":true}]}}