{"id":4797,"date":"2021-06-29T12:43:23","date_gmt":"2021-06-29T15:43:23","guid":{"rendered":"https:\/\/talcomosoy.com.ar\/?p=4797"},"modified":"2021-06-29T12:43:23","modified_gmt":"2021-06-29T15:43:23","slug":"celebracion-por-los-199-anos-de-la-biblioteca-publica-general-san-martin","status":"publish","type":"post","link":"https:\/\/talcomosoy.com.ar\/index.php\/celebracion-por-los-199-anos-de-la-biblioteca-publica-general-san-martin\/","title":{"rendered":"Celebraci\u00f3n por los 199 a\u00f1os de la Biblioteca P\u00fablica General San Mart\u00edn\u00a0"},"content":{"rendered":"<h3>El pr\u00f3ximo domingo 4 de julio, la biblioteca provincial festeja sus 199 a\u00f1os en el Teatro Independencia.<\/h3>\n<p>&nbsp;<\/p>\n<p>El aniversario presentar\u00e1 un\u00a0imperdible espect\u00e1culo de m\u00fasica, letras y visuales, que contar\u00e1 con la presencia del escritor <strong>Hern\u00e1n Casciari<\/strong> y el m\u00fasico <strong>Cucuza<\/strong> <strong>Castiello<\/strong>, junto a la <strong>Orquesta Filarm\u00f3nica de Mendoza<\/strong> y un <strong>ensamble especial de m\u00fasic@s<\/strong>.<\/p>\n<p>Adem\u00e1s, se llevar\u00e1 a cabo el n\u00famero \u201c<em>Letras y Canciones Compartidas<\/em>\u201d encabezado por la artista <strong>Luc\u00eda<\/strong> <strong>Miremont<\/strong>, junto a <strong>Carolina Cusa Nanfro<\/strong> y <strong>Ariana Luc\u00eda G\u00f3mez<\/strong>; para dar paso a la proyecci\u00f3n del mini-documental \u201c<em>Una biblioteca no es una isla<\/em>\u201d, dirigido por <strong>Natanael<\/strong> <strong>Navas<\/strong>, con gui\u00f3n de <strong>Gabriel Dalla Torre<\/strong>.<\/p>\n<p>&nbsp;<\/p>\n<blockquote><p>La cita es el 4 de julio, a las 19.30. Se podr\u00e1 disfrutar de manera presencial, con entradas a la venta en\u00a0entradasweb.com\u00a0y v\u00eda streaming en vivo desde el canal de Youtube de la Biblioteca.<\/p><\/blockquote>\n<p>&nbsp;<\/p>\n<p>Con esta propuesta se inicia el recorrido hacia los 200 a\u00f1os de la BPGSM, lanzando la campa\u00f1a transmedia\u00a0200 Razones para leer &#8211; 200 Invitaciones a la biblio.<\/p>\n<p>&nbsp;<\/p>\n<h3>Sobre la campa\u00f1a<\/h3>\n<p>&nbsp;<\/p>\n<p>200 Razones para leer &#8211; 200 Invitaciones a la biblio, es una campa\u00f1a transmedia que ofrece diferentes instancias de contenidos, a modo de cuenta progresiva hacia el bicentenario de la Biblioteca P\u00fablica General San Mart\u00edn.<\/p>\n<p>Se trata literalmente de 200 piezas numeradas que los p\u00fablicos ir\u00e1n descubriendo a lo largo de todo un a\u00f1o, bajo la forma de contenidos digitales como podcast, trivias y streamings en vivo, as\u00ed como eventos, convocatorias art\u00edsticas, intervenciones urbanas y la edici\u00f3n especial de un libro y un documental hist\u00f3ricos.<\/p>\n<p>200 Razones para leer\u2026 es una campa\u00f1a colaborativa, accesible y sustentable que busca interactuar permanentemente con los diferentes p\u00fablicos de la Biblioteca, las instituciones educativas y culturales y las comunidades art\u00edsticas de la Provincia, para tejer en red cada uno de sus contenidos. El objetivo de esta campa\u00f1a es instalar definitivamente a la BPGSM en la agenda, el territorio y la historia provincial, impuls\u00e1ndola como un punto clave del entramado cultural contempor\u00e1neo de Mendoza.<\/p>\n<p>&nbsp;<\/p>\n<h3>Sobre la Biblioteca<\/h3>\n<p>&nbsp;<\/p>\n<p>La creaci\u00f3n de la Biblioteca fue el 9 de julio de 1822, por lo que desde este aniversario se abre un a\u00f1o de cuenta progresiva, que nos llevar\u00e1 a la biblioteca bicentenaria.<\/p>\n<p>En sus or\u00edgenes fue la Biblioteca Mendocina y a partir de 1871 se la nombr\u00f3 Biblioteca P\u00fablica General San Martin. La biblioteca se nutri\u00f3 con bibliograf\u00eda, diarios, revistas de toda Am\u00e9rica y recibi\u00f3 donaciones del propio Gral. San Mart\u00edn.<\/p>\n<p>La instituci\u00f3n depende del Ministerio de Cultura y Turismo del Gobierno de Mendoza. Es la \u00fanica Biblioteca p\u00fablica de car\u00e1cter provincial no especializada que brinda un servicio cultural libre y gratuito.<\/p>\n<p>Cuenta con unos 10.000 socios activos. Desde la biblioteca se trabaja para que todos y todas puedan acceder a los contenidos, en acciones tendientes a la democratizaci\u00f3n, federalizaci\u00f3n y modernizaci\u00f3n.<\/p>\n<p>&nbsp;<\/p>\n","protected":false},"excerpt":{"rendered":"<p>El pr\u00f3ximo domingo 4 de julio, la biblioteca provincial festeja sus 199 a\u00f1os en el<\/p>\n","protected":false},"author":1,"featured_media":4798,"comment_status":"closed","ping_status":"closed","sticky":false,"template":"","format":"standard","meta":{"_jetpack_newsletter_access":"","_jetpack_dont_email_post_to_subs":false,"_jetpack_newsletter_tier_id":0,"_jetpack_memberships_contains_paywalled_content":false,"_jetpack_feature_clip_id":0,"_jetpack_memberships_contains_paid_content":false,"footnotes":"","jetpack_publicize_message":"","jetpack_publicize_feature_enabled":true,"jetpack_social_post_already_shared":true,"jetpack_social_options":{"image_generator_settings":{"template":"highway","default_image_id":0,"font":"","enabled":false},"version":2},"jetpack_post_was_ever_published":false},"categories":[38,2],"tags":[],"class_list":["post-4797","post","type-post","status-publish","format-standard","has-post-thumbnail","hentry","category-literatura","category-musica"],"yoast_head":"<!-- This site is optimized with the Yoast SEO plugin v28.3 - https:\/\/yoast.com\/product\/yoast-seo-wordpress\/ -->\n<title>Celebraci\u00f3n por los 199 a\u00f1os de la Biblioteca P\u00fablica General San Mart\u00edn\u00a0 - Tal Como Soy<\/title>\n<meta name=\"robots\" content=\"index, follow, max-snippet:-1, max-image-preview:large, max-video-preview:-1\" \/>\n<link rel=\"canonical\" href=\"https:\/\/talcomosoy.com.ar\/index.php\/celebracion-por-los-199-anos-de-la-biblioteca-publica-general-san-martin\/\" \/>\n<meta property=\"og:locale\" content=\"es_ES\" \/>\n<meta property=\"og:type\" content=\"article\" \/>\n<meta property=\"og:title\" content=\"Celebraci\u00f3n por los 199 a\u00f1os de la Biblioteca P\u00fablica General San Mart\u00edn\u00a0 - Tal Como Soy\" \/>\n<meta property=\"og:description\" content=\"El pr\u00f3ximo domingo 4 de julio, la biblioteca provincial festeja sus 199 a\u00f1os en el\" \/>\n<meta property=\"og:url\" content=\"https:\/\/talcomosoy.com.ar\/index.php\/celebracion-por-los-199-anos-de-la-biblioteca-publica-general-san-martin\/\" \/>\n<meta property=\"og:site_name\" content=\"Tal Como Soy\" \/>\n<meta property=\"article:publisher\" content=\"https:\/\/www.facebook.com\/talcomosoyok\" \/>\n<meta property=\"article:author\" content=\"https:\/\/www.facebook.com\/sindamiranda\" \/>\n<meta property=\"article:published_time\" content=\"2021-06-29T15:43:23+00:00\" \/>\n<meta property=\"og:image\" content=\"https:\/\/i0.wp.com\/talcomosoy.com.ar\/wp-content\/uploads\/2021\/06\/Biblioteca-Publica-Gral.-San-Martin-1.jpg?fit=1959%2C1301&ssl=1\" \/>\n\t<meta property=\"og:image:width\" content=\"1959\" \/>\n\t<meta property=\"og:image:height\" content=\"1301\" \/>\n\t<meta property=\"og:image:type\" content=\"image\/jpeg\" \/>\n<meta name=\"author\" content=\"Sinda Miranda\" \/>\n<meta name=\"twitter:card\" content=\"summary_large_image\" \/>\n<meta name=\"twitter:creator\" content=\"@sindamiranda\" \/>\n<meta name=\"twitter:site\" content=\"@talcomosoyok\" \/>\n<meta name=\"twitter:label1\" content=\"Escrito por\" \/>\n\t<meta name=\"twitter:data1\" content=\"Sinda Miranda\" \/>\n\t<meta name=\"twitter:label2\" content=\"Tiempo de lectura\" \/>\n\t<meta name=\"twitter:data2\" content=\"3 minutos\" \/>\n<script type=\"application\/ld+json\" class=\"yoast-schema-graph\">{\"@context\":\"https:\\\/\\\/schema.org\",\"@graph\":[{\"@type\":\"Article\",\"@id\":\"https:\\\/\\\/talcomosoy.com.ar\\\/index.php\\\/celebracion-por-los-199-anos-de-la-biblioteca-publica-general-san-martin\\\/#article\",\"isPartOf\":{\"@id\":\"https:\\\/\\\/talcomosoy.com.ar\\\/index.php\\\/celebracion-por-los-199-anos-de-la-biblioteca-publica-general-san-martin\\\/\"},\"author\":{\"name\":\"Sinda Miranda\",\"@id\":\"https:\\\/\\\/talcomosoy.com.ar\\\/#\\\/schema\\\/person\\\/496b3561bd436afcf2be92147ff855c9\"},\"headline\":\"Celebraci\u00f3n por los 199 a\u00f1os de la Biblioteca P\u00fablica General San Mart\u00edn\u00a0\",\"datePublished\":\"2021-06-29T15:43:23+00:00\",\"mainEntityOfPage\":{\"@id\":\"https:\\\/\\\/talcomosoy.com.ar\\\/index.php\\\/celebracion-por-los-199-anos-de-la-biblioteca-publica-general-san-martin\\\/\"},\"wordCount\":523,\"publisher\":{\"@id\":\"https:\\\/\\\/talcomosoy.com.ar\\\/#organization\"},\"image\":{\"@id\":\"https:\\\/\\\/talcomosoy.com.ar\\\/index.php\\\/celebracion-por-los-199-anos-de-la-biblioteca-publica-general-san-martin\\\/#primaryimage\"},\"thumbnailUrl\":\"https:\\\/\\\/i0.wp.com\\\/talcomosoy.com.ar\\\/wp-content\\\/uploads\\\/2021\\\/06\\\/Biblioteca-Publica-Gral.-San-Martin-1.jpg?fit=1959%2C1301&ssl=1\",\"articleSection\":[\"Literatura\",\"M\u00fasica\"],\"inLanguage\":\"es\"},{\"@type\":\"WebPage\",\"@id\":\"https:\\\/\\\/talcomosoy.com.ar\\\/index.php\\\/celebracion-por-los-199-anos-de-la-biblioteca-publica-general-san-martin\\\/\",\"url\":\"https:\\\/\\\/talcomosoy.com.ar\\\/index.php\\\/celebracion-por-los-199-anos-de-la-biblioteca-publica-general-san-martin\\\/\",\"name\":\"Celebraci\u00f3n por los 199 a\u00f1os de la Biblioteca P\u00fablica General San Mart\u00edn\u00a0 - Tal Como Soy\",\"isPartOf\":{\"@id\":\"https:\\\/\\\/talcomosoy.com.ar\\\/#website\"},\"primaryImageOfPage\":{\"@id\":\"https:\\\/\\\/talcomosoy.com.ar\\\/index.php\\\/celebracion-por-los-199-anos-de-la-biblioteca-publica-general-san-martin\\\/#primaryimage\"},\"image\":{\"@id\":\"https:\\\/\\\/talcomosoy.com.ar\\\/index.php\\\/celebracion-por-los-199-anos-de-la-biblioteca-publica-general-san-martin\\\/#primaryimage\"},\"thumbnailUrl\":\"https:\\\/\\\/i0.wp.com\\\/talcomosoy.com.ar\\\/wp-content\\\/uploads\\\/2021\\\/06\\\/Biblioteca-Publica-Gral.-San-Martin-1.jpg?fit=1959%2C1301&ssl=1\",\"datePublished\":\"2021-06-29T15:43:23+00:00\",\"inLanguage\":\"es\",\"potentialAction\":[{\"@type\":\"ReadAction\",\"target\":[\"https:\\\/\\\/talcomosoy.com.ar\\\/index.php\\\/celebracion-por-los-199-anos-de-la-biblioteca-publica-general-san-martin\\\/\"]}]},{\"@type\":\"ImageObject\",\"inLanguage\":\"es\",\"@id\":\"https:\\\/\\\/talcomosoy.com.ar\\\/index.php\\\/celebracion-por-los-199-anos-de-la-biblioteca-publica-general-san-martin\\\/#primaryimage\",\"url\":\"https:\\\/\\\/i0.wp.com\\\/talcomosoy.com.ar\\\/wp-content\\\/uploads\\\/2021\\\/06\\\/Biblioteca-Publica-Gral.-San-Martin-1.jpg?fit=1959%2C1301&ssl=1\",\"contentUrl\":\"https:\\\/\\\/i0.wp.com\\\/talcomosoy.com.ar\\\/wp-content\\\/uploads\\\/2021\\\/06\\\/Biblioteca-Publica-Gral.-San-Martin-1.jpg?fit=1959%2C1301&ssl=1\",\"width\":1959,\"height\":1301},{\"@type\":\"WebSite\",\"@id\":\"https:\\\/\\\/talcomosoy.com.ar\\\/#website\",\"url\":\"https:\\\/\\\/talcomosoy.com.ar\\\/\",\"name\":\"Tal Como Soy\",\"description\":\"Magazine Musical Digital\",\"publisher\":{\"@id\":\"https:\\\/\\\/talcomosoy.com.ar\\\/#organization\"},\"potentialAction\":[{\"@type\":\"SearchAction\",\"target\":{\"@type\":\"EntryPoint\",\"urlTemplate\":\"https:\\\/\\\/talcomosoy.com.ar\\\/?s={search_term_string}\"},\"query-input\":{\"@type\":\"PropertyValueSpecification\",\"valueRequired\":true,\"valueName\":\"search_term_string\"}}],\"inLanguage\":\"es\"},{\"@type\":\"Organization\",\"@id\":\"https:\\\/\\\/talcomosoy.com.ar\\\/#organization\",\"name\":\"Tal Como Soy\",\"url\":\"https:\\\/\\\/talcomosoy.com.ar\\\/\",\"logo\":{\"@type\":\"ImageObject\",\"inLanguage\":\"es\",\"@id\":\"https:\\\/\\\/talcomosoy.com.ar\\\/#\\\/schema\\\/logo\\\/image\\\/\",\"url\":\"https:\\\/\\\/i0.wp.com\\\/talcomosoy.com.ar\\\/wp-content\\\/uploads\\\/2020\\\/02\\\/PUA-2020-TRANSPARENTE.png?fit=570%2C382&ssl=1\",\"contentUrl\":\"https:\\\/\\\/i0.wp.com\\\/talcomosoy.com.ar\\\/wp-content\\\/uploads\\\/2020\\\/02\\\/PUA-2020-TRANSPARENTE.png?fit=570%2C382&ssl=1\",\"width\":570,\"height\":382,\"caption\":\"Tal Como Soy\"},\"image\":{\"@id\":\"https:\\\/\\\/talcomosoy.com.ar\\\/#\\\/schema\\\/logo\\\/image\\\/\"},\"sameAs\":[\"https:\\\/\\\/www.facebook.com\\\/talcomosoyok\",\"https:\\\/\\\/x.com\\\/talcomosoyok\",\"https:\\\/\\\/www.instagram.com\\\/talcomosoyok\",\"https:\\\/\\\/www.youtube.com\\\/channel\\\/UCrutZzYQmd9Fe8pEm5wqsiw\"]},{\"@type\":\"Person\",\"@id\":\"https:\\\/\\\/talcomosoy.com.ar\\\/#\\\/schema\\\/person\\\/496b3561bd436afcf2be92147ff855c9\",\"name\":\"Sinda Miranda\",\"image\":{\"@type\":\"ImageObject\",\"inLanguage\":\"es\",\"@id\":\"https:\\\/\\\/secure.gravatar.com\\\/avatar\\\/ab0e992fc0b7117fe730d00fb0e44073b1fd6e28d69de8e7ac3103f1396f445e?s=96&d=mm&r=g\",\"url\":\"https:\\\/\\\/secure.gravatar.com\\\/avatar\\\/ab0e992fc0b7117fe730d00fb0e44073b1fd6e28d69de8e7ac3103f1396f445e?s=96&d=mm&r=g\",\"contentUrl\":\"https:\\\/\\\/secure.gravatar.com\\\/avatar\\\/ab0e992fc0b7117fe730d00fb0e44073b1fd6e28d69de8e7ac3103f1396f445e?s=96&d=mm&r=g\",\"caption\":\"Sinda Miranda\"},\"description\":\"Escritora, Fot\u00f3grafa, Agente de Prensa\",\"sameAs\":[\"https:\\\/\\\/www.facebook.com\\\/sindamiranda\",\"https:\\\/\\\/www.instagram.com\\\/sindamiranda\",\"https:\\\/\\\/x.com\\\/sindamiranda\"],\"url\":\"https:\\\/\\\/talcomosoy.com.ar\\\/index.php\\\/author\\\/sindamirandatcs\\\/\"}]}<\/script>\n<!-- \/ Yoast SEO plugin. -->","yoast_head_json":{"title":"Celebraci\u00f3n por los 199 a\u00f1os de la Biblioteca P\u00fablica General San Mart\u00edn\u00a0 - Tal Como Soy","robots":{"index":"index","follow":"follow","max-snippet":"max-snippet:-1","max-image-preview":"max-image-preview:large","max-video-preview":"max-video-preview:-1"},"canonical":"https:\/\/talcomosoy.com.ar\/index.php\/celebracion-por-los-199-anos-de-la-biblioteca-publica-general-san-martin\/","og_locale":"es_ES","og_type":"article","og_title":"Celebraci\u00f3n por los 199 a\u00f1os de la Biblioteca P\u00fablica General San Mart\u00edn\u00a0 - Tal Como Soy","og_description":"El pr\u00f3ximo domingo 4 de julio, la biblioteca provincial festeja sus 199 a\u00f1os en el","og_url":"https:\/\/talcomosoy.com.ar\/index.php\/celebracion-por-los-199-anos-de-la-biblioteca-publica-general-san-martin\/","og_site_name":"Tal Como Soy","article_publisher":"https:\/\/www.facebook.com\/talcomosoyok","article_author":"https:\/\/www.facebook.com\/sindamiranda","article_published_time":"2021-06-29T15:43:23+00:00","og_image":[{"width":1959,"height":1301,"url":"https:\/\/i0.wp.com\/talcomosoy.com.ar\/wp-content\/uploads\/2021\/06\/Biblioteca-Publica-Gral.-San-Martin-1.jpg?fit=1959%2C1301&ssl=1","type":"image\/jpeg"}],"author":"Sinda Miranda","twitter_card":"summary_large_image","twitter_creator":"@sindamiranda","twitter_site":"@talcomosoyok","twitter_misc":{"Escrito por":"Sinda Miranda","Tiempo de lectura":"3 minutos"},"schema":{"@context":"https:\/\/schema.org","@graph":[{"@type":"Article","@id":"https:\/\/talcomosoy.com.ar\/index.php\/celebracion-por-los-199-anos-de-la-biblioteca-publica-general-san-martin\/#article","isPartOf":{"@id":"https:\/\/talcomosoy.com.ar\/index.php\/celebracion-por-los-199-anos-de-la-biblioteca-publica-general-san-martin\/"},"author":{"name":"Sinda Miranda","@id":"https:\/\/talcomosoy.com.ar\/#\/schema\/person\/496b3561bd436afcf2be92147ff855c9"},"headline":"Celebraci\u00f3n por los 199 a\u00f1os de la Biblioteca P\u00fablica General San Mart\u00edn\u00a0","datePublished":"2021-06-29T15:43:23+00:00","mainEntityOfPage":{"@id":"https:\/\/talcomosoy.com.ar\/index.php\/celebracion-por-los-199-anos-de-la-biblioteca-publica-general-san-martin\/"},"wordCount":523,"publisher":{"@id":"https:\/\/talcomosoy.com.ar\/#organization"},"image":{"@id":"https:\/\/talcomosoy.com.ar\/index.php\/celebracion-por-los-199-anos-de-la-biblioteca-publica-general-san-martin\/#primaryimage"},"thumbnailUrl":"https:\/\/i0.wp.com\/talcomosoy.com.ar\/wp-content\/uploads\/2021\/06\/Biblioteca-Publica-Gral.-San-Martin-1.jpg?fit=1959%2C1301&ssl=1","articleSection":["Literatura","M\u00fasica"],"inLanguage":"es"},{"@type":"WebPage","@id":"https:\/\/talcomosoy.com.ar\/index.php\/celebracion-por-los-199-anos-de-la-biblioteca-publica-general-san-martin\/","url":"https:\/\/talcomosoy.com.ar\/index.php\/celebracion-por-los-199-anos-de-la-biblioteca-publica-general-san-martin\/","name":"Celebraci\u00f3n por los 199 a\u00f1os de la Biblioteca P\u00fablica General San Mart\u00edn\u00a0 - Tal Como Soy","isPartOf":{"@id":"https:\/\/talcomosoy.com.ar\/#website"},"primaryImageOfPage":{"@id":"https:\/\/talcomosoy.com.ar\/index.php\/celebracion-por-los-199-anos-de-la-biblioteca-publica-general-san-martin\/#primaryimage"},"image":{"@id":"https:\/\/talcomosoy.com.ar\/index.php\/celebracion-por-los-199-anos-de-la-biblioteca-publica-general-san-martin\/#primaryimage"},"thumbnailUrl":"https:\/\/i0.wp.com\/talcomosoy.com.ar\/wp-content\/uploads\/2021\/06\/Biblioteca-Publica-Gral.-San-Martin-1.jpg?fit=1959%2C1301&ssl=1","datePublished":"2021-06-29T15:43:23+00:00","inLanguage":"es","potentialAction":[{"@type":"ReadAction","target":["https:\/\/talcomosoy.com.ar\/index.php\/celebracion-por-los-199-anos-de-la-biblioteca-publica-general-san-martin\/"]}]},{"@type":"ImageObject","inLanguage":"es","@id":"https:\/\/talcomosoy.com.ar\/index.php\/celebracion-por-los-199-anos-de-la-biblioteca-publica-general-san-martin\/#primaryimage","url":"https:\/\/i0.wp.com\/talcomosoy.com.ar\/wp-content\/uploads\/2021\/06\/Biblioteca-Publica-Gral.-San-Martin-1.jpg?fit=1959%2C1301&ssl=1","contentUrl":"https:\/\/i0.wp.com\/talcomosoy.com.ar\/wp-content\/uploads\/2021\/06\/Biblioteca-Publica-Gral.-San-Martin-1.jpg?fit=1959%2C1301&ssl=1","width":1959,"height":1301},{"@type":"WebSite","@id":"https:\/\/talcomosoy.com.ar\/#website","url":"https:\/\/talcomosoy.com.ar\/","name":"Tal Como Soy","description":"Magazine Musical Digital","publisher":{"@id":"https:\/\/talcomosoy.com.ar\/#organization"},"potentialAction":[{"@type":"SearchAction","target":{"@type":"EntryPoint","urlTemplate":"https:\/\/talcomosoy.com.ar\/?s={search_term_string}"},"query-input":{"@type":"PropertyValueSpecification","valueRequired":true,"valueName":"search_term_string"}}],"inLanguage":"es"},{"@type":"Organization","@id":"https:\/\/talcomosoy.com.ar\/#organization","name":"Tal Como Soy","url":"https:\/\/talcomosoy.com.ar\/","logo":{"@type":"ImageObject","inLanguage":"es","@id":"https:\/\/talcomosoy.com.ar\/#\/schema\/logo\/image\/","url":"https:\/\/i0.wp.com\/talcomosoy.com.ar\/wp-content\/uploads\/2020\/02\/PUA-2020-TRANSPARENTE.png?fit=570%2C382&ssl=1","contentUrl":"https:\/\/i0.wp.com\/talcomosoy.com.ar\/wp-content\/uploads\/2020\/02\/PUA-2020-TRANSPARENTE.png?fit=570%2C382&ssl=1","width":570,"height":382,"caption":"Tal Como Soy"},"image":{"@id":"https:\/\/talcomosoy.com.ar\/#\/schema\/logo\/image\/"},"sameAs":["https:\/\/www.facebook.com\/talcomosoyok","https:\/\/x.com\/talcomosoyok","https:\/\/www.instagram.com\/talcomosoyok","https:\/\/www.youtube.com\/channel\/UCrutZzYQmd9Fe8pEm5wqsiw"]},{"@type":"Person","@id":"https:\/\/talcomosoy.com.ar\/#\/schema\/person\/496b3561bd436afcf2be92147ff855c9","name":"Sinda Miranda","image":{"@type":"ImageObject","inLanguage":"es","@id":"https:\/\/secure.gravatar.com\/avatar\/ab0e992fc0b7117fe730d00fb0e44073b1fd6e28d69de8e7ac3103f1396f445e?s=96&d=mm&r=g","url":"https:\/\/secure.gravatar.com\/avatar\/ab0e992fc0b7117fe730d00fb0e44073b1fd6e28d69de8e7ac3103f1396f445e?s=96&d=mm&r=g","contentUrl":"https:\/\/secure.gravatar.com\/avatar\/ab0e992fc0b7117fe730d00fb0e44073b1fd6e28d69de8e7ac3103f1396f445e?s=96&d=mm&r=g","caption":"Sinda Miranda"},"description":"Escritora, Fot\u00f3grafa, Agente de Prensa","sameAs":["https:\/\/www.facebook.com\/sindamiranda","https:\/\/www.instagram.com\/sindamiranda","https:\/\/x.com\/sindamiranda"],"url":"https:\/\/talcomosoy.com.ar\/index.php\/author\/sindamirandatcs\/"}]}},"jetpack_publicize_connections":[],"jetpack_sharing_enabled":true,"jetpack_likes_enabled":true,"jetpack_featured_media_url":"https:\/\/i0.wp.com\/talcomosoy.com.ar\/wp-content\/uploads\/2021\/06\/Biblioteca-Publica-Gral.-San-Martin-1.jpg?fit=1959%2C1301&ssl=1","_links":{"self":[{"href":"https:\/\/talcomosoy.com.ar\/index.php\/wp-json\/wp\/v2\/posts\/4797","targetHints":{"allow":["GET"]}}],"collection":[{"href":"https:\/\/talcomosoy.com.ar\/index.php\/wp-json\/wp\/v2\/posts"}],"about":[{"href":"https:\/\/talcomosoy.com.ar\/index.php\/wp-json\/wp\/v2\/types\/post"}],"author":[{"embeddable":true,"href":"https:\/\/talcomosoy.com.ar\/index.php\/wp-json\/wp\/v2\/users\/1"}],"replies":[{"embeddable":true,"href":"https:\/\/talcomosoy.com.ar\/index.php\/wp-json\/wp\/v2\/comments?post=4797"}],"version-history":[{"count":1,"href":"https:\/\/talcomosoy.com.ar\/index.php\/wp-json\/wp\/v2\/posts\/4797\/revisions"}],"predecessor-version":[{"id":4799,"href":"https:\/\/talcomosoy.com.ar\/index.php\/wp-json\/wp\/v2\/posts\/4797\/revisions\/4799"}],"wp:featuredmedia":[{"embeddable":true,"href":"https:\/\/talcomosoy.com.ar\/index.php\/wp-json\/wp\/v2\/media\/4798"}],"wp:attachment":[{"href":"https:\/\/talcomosoy.com.ar\/index.php\/wp-json\/wp\/v2\/media?parent=4797"}],"wp:term":[{"taxonomy":"category","embeddable":true,"href":"https:\/\/talcomosoy.com.ar\/index.php\/wp-json\/wp\/v2\/categories?post=4797"},{"taxonomy":"post_tag","embeddable":true,"href":"https:\/\/talcomosoy.com.ar\/index.php\/wp-json\/wp\/v2\/tags?post=4797"}],"curies":[{"name":"wp","href":"https:\/\/api.w.org\/{rel}","templated":true}]}}