{"id":4762,"date":"2021-06-24T13:29:36","date_gmt":"2021-06-24T16:29:36","guid":{"rendered":"https:\/\/talcomosoy.com.ar\/?p=4762"},"modified":"2021-06-24T13:32:47","modified_gmt":"2021-06-24T16:32:47","slug":"agustin-dettbarn-lanzo-su-carrera-solista-con-su-primer-sencillo-erre-ce","status":"publish","type":"post","link":"https:\/\/talcomosoy.com.ar\/index.php\/agustin-dettbarn-lanzo-su-carrera-solista-con-su-primer-sencillo-erre-ce\/","title":{"rendered":"Agust\u00edn Dettbarn lanz\u00f3 su carrera solista con su primer sencillo \u201cERRE CE\u201d"},"content":{"rendered":"<h3>El artista platense lanz\u00f3 \u00abERRE CE\u00bb, su primer sencillo como solista y as\u00ed comenz\u00f3 a presentar \u201cVestido\u201d, su EP debut que lo embarca en una aventura personal y que condensa parte de su trayectoria recorrida como guitarrista y vocalista de proyectos musicales.<\/h3>\n<p>&nbsp;<\/p>\n<p>En 2020, el contexto de pandemia y el encierro forzaron a Agust\u00edn a encontrarse con algunas asignaturas pendientes y a explorar g\u00e9neros y sonidos nuevos para terminar de concretar su deseo de plantarse en la escena musical.<\/p>\n<p>\u00abVestido\u00bb es una historia en s\u00ed misma, un universo ficticio compuesto por cuatro canciones que relatan el viaje de un hombre a una ciudad perdida, donde interact\u00faa con una divinidad que mantiene atrapada su mente, a\u00fan cuando su cuerpo vuelve a casa. La obra fue interpretada parcialmente en Dalshim, idioma nativo de las tierras lejanas de Misshai Sharem.<\/p>\n<p>El relato de ficci\u00f3n es el recurso elegido por Agust\u00edn para cobijarse ante los elementos nuevos que arriesga en este trabajo discogr\u00e1fico, dejando a un lado su veta ac\u00fastica para encarar toques m\u00e1s el\u00e9ctricos y nuevas maneras de decir y cantar.<\/p>\n<p>El single \u201cERRE CE\u201d va dedicado a un amigo m\u00fasico y habla de la gratitud. Dice Agust\u00edn: \u00ab<em>De repente apareci\u00f3 un camino para transitar, las ideas sueltas al final estaban conectadas y el plan fue tomando forma. Faltaba ese empuj\u00f3n que necesitamos a veces para tomar decisiones y que nos lleva a soltar las cosas que deben irse para abrazar lo nuevo que siempre llega. Ese impulso me lo dio ERRE CE, cuando vino y me dijo: \u2018Es bueno. Lo ten\u00e9s que hacer\u201d. Por eso le escrib\u00ed esta canci\u00f3n\u00bb.<\/em><\/p>\n<p>&nbsp;<\/p>\n<h3>FICHA T\u00c9CNICA &#8211; ERRE CE (2021)<\/h3>\n<p>&nbsp;<\/p>\n<ul>\n<li><strong>Agust\u00edn Dettbarn<\/strong>: Guitarras, sintetizador, voz principal, coros<\/li>\n<li><strong>Agust\u00edn C\u00e1ceres<\/strong>: Bater\u00eda<\/li>\n<li><strong>Chucky Martinez<\/strong>: Bajo<\/li>\n<li><strong>Nahuel Acosta<\/strong>: Teclado Rhodes<\/li>\n<li><strong>Clarita Rossi<\/strong>: Voz solista<\/li>\n<li>Coros m\u00edsticos en Dalshim a cargo de <strong>Letizia Bloisi, Clarita Rossi, Mat\u00edas Olmedo<\/strong> y <strong>Agust\u00edn Dettbarn<\/strong><\/li>\n<li>Producci\u00f3n y arreglos: <strong>Matias<\/strong> <strong>Olmedo<\/strong> y <strong>Agust\u00edn Dettbarn<\/strong><\/li>\n<li>Grabado en <em>Estudio El Zumbido<\/em>, por <strong>Mat\u00edas Olmedo<\/strong>, y en <em>Mirifico<\/em>, por <strong>Facundo Lizondo<\/strong><\/li>\n<li>Mezclado en <em>El Zumbido<\/em> por <strong>Mat\u00edas<\/strong> <strong>Olmedo<\/strong><\/li>\n<li>Reamplificaci\u00f3n por <strong>Gabriel Ricci<\/strong><\/li>\n<li>Masterizado por <strong>Lucas Gomez<\/strong><\/li>\n<li>Arte gr\u00e1fico: <strong>\u00c4gu \u00c1lcora<\/strong><\/li>\n<li>Esta obra fue concebida en el taller <strong>La Trama Panal<\/strong>.<\/li>\n<\/ul>\n<p>&nbsp;<\/p>\n<h3>Sobre Agust\u00edn Dettbarn<\/h3>\n<p>&nbsp;<\/p>\n<p><a href=\"https:\/\/m.facebook.com\/agustin.dettbarn.1\">Agust\u00edn Dettbarn<\/a> es un guitarrista, compositor y vocalista nacido en la ciudad de La Plata. De esp\u00edritu inquieto y sensible, siempre supo que quer\u00eda escribir sus canciones. En su adolescencia, recibi\u00f3 influencias del rock brit\u00e1nico de los &#8217;70s, pero tambi\u00e9n de \u00edconos del rock nacional que dejaron huella en su estilo compositivo. En los \u00faltimos a\u00f1os, se vio interpelado por artistas del nuevo milenio con g\u00e9neros como el indie, new soul y la m\u00fasica urbana.<\/p>\n<p>A los 15 a\u00f1os, Dettbarn comienza a estudiar guitarra y ya a los 17 asume el rol de vocalista en lo que ser\u00eda su primera banda, Ant\u00edtesis (2003) y con la que se inici\u00f3 en el mundo de la grabaci\u00f3n en estudio.<\/p>\n<p>A lo largo de los a\u00f1os tuvo participaci\u00f3n en diversos grupos. Form\u00f3 Cinem\u00e1tica (2006), con quien sac\u00f3 dos trabajos discogr\u00e1ficos y fue parte de una canci\u00f3n en el disco tributo a El Eternauta titulado \u00abLos ellos\u201d (2011). Fue bajista y corista de InSide (2007) y particip\u00f3 de la grabaci\u00f3n de su disco hom\u00f3nimo. Tambi\u00e9n form\u00f3 parte del proyecto solista del m\u00fasico Mart\u00edn Urdangarin. Fund\u00f3 Esa extra\u00f1a forma, agrupaci\u00f3n que conforma en la actualidad y con la que dio pasos fuertes en la escena local y de alrededores junto a Juli\u00e1n Morales y Javier Bodega. En 2019 empez\u00f3 a componer su material como solista y se present\u00f3 en vivo bajo el nombre El d\u00eda que la dej\u00f3 Carlos junto a los m\u00fasicos Francisco Cadierno y \u201cMu\u00f1e\u201d.<\/p>\n<p>Ya en 2020 particip\u00f3 de Ciclo de Solistas en su modalidad virtual y asisti\u00f3 al taller \u201cLa Trama Panal\u201d a cargo del m\u00fasico Pablo Vidal en donde ampliar\u00eda sus m\u00e9todos de composici\u00f3n y terminar\u00eda de darle forma a su proyecto solista actual.<\/p>\n<p>Actualmente, Agust\u00edn est\u00e1 presentando \u201cERRE CE\u201d, primer sencillo de su EP \u201cVestido\u201d, con el que lanza su carrera en solitario y condensa su trayectoria recorrida como guitarrista y vocalista de variados proyectos musicales.<\/p>\n<p>&nbsp;<\/p>\n<p>&nbsp;<\/p>\n<p>&nbsp;<\/p>\n","protected":false},"excerpt":{"rendered":"<p>El artista platense lanz\u00f3 \u00abERRE CE\u00bb, su primer sencillo como solista y as\u00ed comenz\u00f3 a<\/p>\n","protected":false},"author":1,"featured_media":4763,"comment_status":"closed","ping_status":"closed","sticky":false,"template":"","format":"standard","meta":{"_jetpack_newsletter_access":"","_jetpack_dont_email_post_to_subs":false,"_jetpack_newsletter_tier_id":0,"_jetpack_memberships_contains_paywalled_content":false,"_jetpack_feature_clip_id":0,"_jetpack_memberships_contains_paid_content":false,"footnotes":"","jetpack_publicize_message":"","jetpack_publicize_feature_enabled":true,"jetpack_social_post_already_shared":true,"jetpack_social_options":{"image_generator_settings":{"template":"highway","default_image_id":0,"font":"","enabled":false},"version":2},"jetpack_post_was_ever_published":false},"categories":[146],"tags":[],"class_list":["post-4762","post","type-post","status-publish","format-standard","has-post-thumbnail","hentry","category-lanzamientos"],"yoast_head":"<!-- This site is optimized with the Yoast SEO plugin v28.3 - https:\/\/yoast.com\/product\/yoast-seo-wordpress\/ -->\n<title>Agust\u00edn Dettbarn lanz\u00f3 su carrera solista con su primer sencillo \u201cERRE CE\u201d - Tal Como Soy<\/title>\n<meta name=\"robots\" content=\"index, follow, max-snippet:-1, max-image-preview:large, max-video-preview:-1\" \/>\n<link rel=\"canonical\" href=\"https:\/\/talcomosoy.com.ar\/index.php\/agustin-dettbarn-lanzo-su-carrera-solista-con-su-primer-sencillo-erre-ce\/\" \/>\n<meta property=\"og:locale\" content=\"es_ES\" \/>\n<meta property=\"og:type\" content=\"article\" \/>\n<meta property=\"og:title\" content=\"Agust\u00edn Dettbarn lanz\u00f3 su carrera solista con su primer sencillo \u201cERRE CE\u201d - Tal Como Soy\" \/>\n<meta property=\"og:description\" content=\"El artista platense lanz\u00f3 \u00abERRE CE\u00bb, su primer sencillo como solista y as\u00ed comenz\u00f3 a\" \/>\n<meta property=\"og:url\" content=\"https:\/\/talcomosoy.com.ar\/index.php\/agustin-dettbarn-lanzo-su-carrera-solista-con-su-primer-sencillo-erre-ce\/\" \/>\n<meta property=\"og:site_name\" content=\"Tal Como Soy\" \/>\n<meta property=\"article:publisher\" content=\"https:\/\/www.facebook.com\/talcomosoyok\" \/>\n<meta property=\"article:author\" content=\"https:\/\/www.facebook.com\/sindamiranda\" \/>\n<meta property=\"article:published_time\" content=\"2021-06-24T16:29:36+00:00\" \/>\n<meta property=\"article:modified_time\" content=\"2021-06-24T16:32:47+00:00\" \/>\n<meta property=\"og:image\" content=\"https:\/\/i0.wp.com\/talcomosoy.com.ar\/wp-content\/uploads\/2021\/06\/Screenshot_20210624-125716_Gmail.jpg?fit=582%2C584&ssl=1\" \/>\n\t<meta property=\"og:image:width\" content=\"582\" \/>\n\t<meta property=\"og:image:height\" content=\"584\" \/>\n\t<meta property=\"og:image:type\" content=\"image\/jpeg\" \/>\n<meta name=\"author\" content=\"Sinda Miranda\" \/>\n<meta name=\"twitter:card\" content=\"summary_large_image\" \/>\n<meta name=\"twitter:creator\" content=\"@sindamiranda\" \/>\n<meta name=\"twitter:site\" content=\"@talcomosoyok\" \/>\n<meta name=\"twitter:label1\" content=\"Escrito por\" \/>\n\t<meta name=\"twitter:data1\" content=\"Sinda Miranda\" \/>\n\t<meta name=\"twitter:label2\" content=\"Tiempo de lectura\" \/>\n\t<meta name=\"twitter:data2\" content=\"3 minutos\" \/>\n<script type=\"application\/ld+json\" class=\"yoast-schema-graph\">{\"@context\":\"https:\\\/\\\/schema.org\",\"@graph\":[{\"@type\":\"Article\",\"@id\":\"https:\\\/\\\/talcomosoy.com.ar\\\/index.php\\\/agustin-dettbarn-lanzo-su-carrera-solista-con-su-primer-sencillo-erre-ce\\\/#article\",\"isPartOf\":{\"@id\":\"https:\\\/\\\/talcomosoy.com.ar\\\/index.php\\\/agustin-dettbarn-lanzo-su-carrera-solista-con-su-primer-sencillo-erre-ce\\\/\"},\"author\":{\"name\":\"Sinda Miranda\",\"@id\":\"https:\\\/\\\/talcomosoy.com.ar\\\/#\\\/schema\\\/person\\\/496b3561bd436afcf2be92147ff855c9\"},\"headline\":\"Agust\u00edn Dettbarn lanz\u00f3 su carrera solista con su primer sencillo \u201cERRE CE\u201d\",\"datePublished\":\"2021-06-24T16:29:36+00:00\",\"dateModified\":\"2021-06-24T16:32:47+00:00\",\"mainEntityOfPage\":{\"@id\":\"https:\\\/\\\/talcomosoy.com.ar\\\/index.php\\\/agustin-dettbarn-lanzo-su-carrera-solista-con-su-primer-sencillo-erre-ce\\\/\"},\"wordCount\":756,\"publisher\":{\"@id\":\"https:\\\/\\\/talcomosoy.com.ar\\\/#organization\"},\"image\":{\"@id\":\"https:\\\/\\\/talcomosoy.com.ar\\\/index.php\\\/agustin-dettbarn-lanzo-su-carrera-solista-con-su-primer-sencillo-erre-ce\\\/#primaryimage\"},\"thumbnailUrl\":\"https:\\\/\\\/i0.wp.com\\\/talcomosoy.com.ar\\\/wp-content\\\/uploads\\\/2021\\\/06\\\/Screenshot_20210624-125716_Gmail.jpg?fit=582%2C584&ssl=1\",\"articleSection\":[\"Lanzamientos\"],\"inLanguage\":\"es\"},{\"@type\":\"WebPage\",\"@id\":\"https:\\\/\\\/talcomosoy.com.ar\\\/index.php\\\/agustin-dettbarn-lanzo-su-carrera-solista-con-su-primer-sencillo-erre-ce\\\/\",\"url\":\"https:\\\/\\\/talcomosoy.com.ar\\\/index.php\\\/agustin-dettbarn-lanzo-su-carrera-solista-con-su-primer-sencillo-erre-ce\\\/\",\"name\":\"Agust\u00edn Dettbarn lanz\u00f3 su carrera solista con su primer sencillo \u201cERRE CE\u201d - Tal Como Soy\",\"isPartOf\":{\"@id\":\"https:\\\/\\\/talcomosoy.com.ar\\\/#website\"},\"primaryImageOfPage\":{\"@id\":\"https:\\\/\\\/talcomosoy.com.ar\\\/index.php\\\/agustin-dettbarn-lanzo-su-carrera-solista-con-su-primer-sencillo-erre-ce\\\/#primaryimage\"},\"image\":{\"@id\":\"https:\\\/\\\/talcomosoy.com.ar\\\/index.php\\\/agustin-dettbarn-lanzo-su-carrera-solista-con-su-primer-sencillo-erre-ce\\\/#primaryimage\"},\"thumbnailUrl\":\"https:\\\/\\\/i0.wp.com\\\/talcomosoy.com.ar\\\/wp-content\\\/uploads\\\/2021\\\/06\\\/Screenshot_20210624-125716_Gmail.jpg?fit=582%2C584&ssl=1\",\"datePublished\":\"2021-06-24T16:29:36+00:00\",\"dateModified\":\"2021-06-24T16:32:47+00:00\",\"inLanguage\":\"es\",\"potentialAction\":[{\"@type\":\"ReadAction\",\"target\":[\"https:\\\/\\\/talcomosoy.com.ar\\\/index.php\\\/agustin-dettbarn-lanzo-su-carrera-solista-con-su-primer-sencillo-erre-ce\\\/\"]}]},{\"@type\":\"ImageObject\",\"inLanguage\":\"es\",\"@id\":\"https:\\\/\\\/talcomosoy.com.ar\\\/index.php\\\/agustin-dettbarn-lanzo-su-carrera-solista-con-su-primer-sencillo-erre-ce\\\/#primaryimage\",\"url\":\"https:\\\/\\\/i0.wp.com\\\/talcomosoy.com.ar\\\/wp-content\\\/uploads\\\/2021\\\/06\\\/Screenshot_20210624-125716_Gmail.jpg?fit=582%2C584&ssl=1\",\"contentUrl\":\"https:\\\/\\\/i0.wp.com\\\/talcomosoy.com.ar\\\/wp-content\\\/uploads\\\/2021\\\/06\\\/Screenshot_20210624-125716_Gmail.jpg?fit=582%2C584&ssl=1\",\"width\":582,\"height\":584},{\"@type\":\"WebSite\",\"@id\":\"https:\\\/\\\/talcomosoy.com.ar\\\/#website\",\"url\":\"https:\\\/\\\/talcomosoy.com.ar\\\/\",\"name\":\"Tal Como Soy\",\"description\":\"Magazine Musical Digital\",\"publisher\":{\"@id\":\"https:\\\/\\\/talcomosoy.com.ar\\\/#organization\"},\"potentialAction\":[{\"@type\":\"SearchAction\",\"target\":{\"@type\":\"EntryPoint\",\"urlTemplate\":\"https:\\\/\\\/talcomosoy.com.ar\\\/?s={search_term_string}\"},\"query-input\":{\"@type\":\"PropertyValueSpecification\",\"valueRequired\":true,\"valueName\":\"search_term_string\"}}],\"inLanguage\":\"es\"},{\"@type\":\"Organization\",\"@id\":\"https:\\\/\\\/talcomosoy.com.ar\\\/#organization\",\"name\":\"Tal Como Soy\",\"url\":\"https:\\\/\\\/talcomosoy.com.ar\\\/\",\"logo\":{\"@type\":\"ImageObject\",\"inLanguage\":\"es\",\"@id\":\"https:\\\/\\\/talcomosoy.com.ar\\\/#\\\/schema\\\/logo\\\/image\\\/\",\"url\":\"https:\\\/\\\/i0.wp.com\\\/talcomosoy.com.ar\\\/wp-content\\\/uploads\\\/2020\\\/02\\\/PUA-2020-TRANSPARENTE.png?fit=570%2C382&ssl=1\",\"contentUrl\":\"https:\\\/\\\/i0.wp.com\\\/talcomosoy.com.ar\\\/wp-content\\\/uploads\\\/2020\\\/02\\\/PUA-2020-TRANSPARENTE.png?fit=570%2C382&ssl=1\",\"width\":570,\"height\":382,\"caption\":\"Tal Como Soy\"},\"image\":{\"@id\":\"https:\\\/\\\/talcomosoy.com.ar\\\/#\\\/schema\\\/logo\\\/image\\\/\"},\"sameAs\":[\"https:\\\/\\\/www.facebook.com\\\/talcomosoyok\",\"https:\\\/\\\/x.com\\\/talcomosoyok\",\"https:\\\/\\\/www.instagram.com\\\/talcomosoyok\",\"https:\\\/\\\/www.youtube.com\\\/channel\\\/UCrutZzYQmd9Fe8pEm5wqsiw\"]},{\"@type\":\"Person\",\"@id\":\"https:\\\/\\\/talcomosoy.com.ar\\\/#\\\/schema\\\/person\\\/496b3561bd436afcf2be92147ff855c9\",\"name\":\"Sinda Miranda\",\"image\":{\"@type\":\"ImageObject\",\"inLanguage\":\"es\",\"@id\":\"https:\\\/\\\/secure.gravatar.com\\\/avatar\\\/ab0e992fc0b7117fe730d00fb0e44073b1fd6e28d69de8e7ac3103f1396f445e?s=96&d=mm&r=g\",\"url\":\"https:\\\/\\\/secure.gravatar.com\\\/avatar\\\/ab0e992fc0b7117fe730d00fb0e44073b1fd6e28d69de8e7ac3103f1396f445e?s=96&d=mm&r=g\",\"contentUrl\":\"https:\\\/\\\/secure.gravatar.com\\\/avatar\\\/ab0e992fc0b7117fe730d00fb0e44073b1fd6e28d69de8e7ac3103f1396f445e?s=96&d=mm&r=g\",\"caption\":\"Sinda Miranda\"},\"description\":\"Escritora, Fot\u00f3grafa, Agente de Prensa\",\"sameAs\":[\"https:\\\/\\\/www.facebook.com\\\/sindamiranda\",\"https:\\\/\\\/www.instagram.com\\\/sindamiranda\",\"https:\\\/\\\/x.com\\\/sindamiranda\"],\"url\":\"https:\\\/\\\/talcomosoy.com.ar\\\/index.php\\\/author\\\/sindamirandatcs\\\/\"}]}<\/script>\n<!-- \/ Yoast SEO plugin. -->","yoast_head_json":{"title":"Agust\u00edn Dettbarn lanz\u00f3 su carrera solista con su primer sencillo \u201cERRE CE\u201d - Tal Como Soy","robots":{"index":"index","follow":"follow","max-snippet":"max-snippet:-1","max-image-preview":"max-image-preview:large","max-video-preview":"max-video-preview:-1"},"canonical":"https:\/\/talcomosoy.com.ar\/index.php\/agustin-dettbarn-lanzo-su-carrera-solista-con-su-primer-sencillo-erre-ce\/","og_locale":"es_ES","og_type":"article","og_title":"Agust\u00edn Dettbarn lanz\u00f3 su carrera solista con su primer sencillo \u201cERRE CE\u201d - Tal Como Soy","og_description":"El artista platense lanz\u00f3 \u00abERRE CE\u00bb, su primer sencillo como solista y as\u00ed comenz\u00f3 a","og_url":"https:\/\/talcomosoy.com.ar\/index.php\/agustin-dettbarn-lanzo-su-carrera-solista-con-su-primer-sencillo-erre-ce\/","og_site_name":"Tal Como Soy","article_publisher":"https:\/\/www.facebook.com\/talcomosoyok","article_author":"https:\/\/www.facebook.com\/sindamiranda","article_published_time":"2021-06-24T16:29:36+00:00","article_modified_time":"2021-06-24T16:32:47+00:00","og_image":[{"width":582,"height":584,"url":"https:\/\/i0.wp.com\/talcomosoy.com.ar\/wp-content\/uploads\/2021\/06\/Screenshot_20210624-125716_Gmail.jpg?fit=582%2C584&ssl=1","type":"image\/jpeg"}],"author":"Sinda Miranda","twitter_card":"summary_large_image","twitter_creator":"@sindamiranda","twitter_site":"@talcomosoyok","twitter_misc":{"Escrito por":"Sinda Miranda","Tiempo de lectura":"3 minutos"},"schema":{"@context":"https:\/\/schema.org","@graph":[{"@type":"Article","@id":"https:\/\/talcomosoy.com.ar\/index.php\/agustin-dettbarn-lanzo-su-carrera-solista-con-su-primer-sencillo-erre-ce\/#article","isPartOf":{"@id":"https:\/\/talcomosoy.com.ar\/index.php\/agustin-dettbarn-lanzo-su-carrera-solista-con-su-primer-sencillo-erre-ce\/"},"author":{"name":"Sinda Miranda","@id":"https:\/\/talcomosoy.com.ar\/#\/schema\/person\/496b3561bd436afcf2be92147ff855c9"},"headline":"Agust\u00edn Dettbarn lanz\u00f3 su carrera solista con su primer sencillo \u201cERRE CE\u201d","datePublished":"2021-06-24T16:29:36+00:00","dateModified":"2021-06-24T16:32:47+00:00","mainEntityOfPage":{"@id":"https:\/\/talcomosoy.com.ar\/index.php\/agustin-dettbarn-lanzo-su-carrera-solista-con-su-primer-sencillo-erre-ce\/"},"wordCount":756,"publisher":{"@id":"https:\/\/talcomosoy.com.ar\/#organization"},"image":{"@id":"https:\/\/talcomosoy.com.ar\/index.php\/agustin-dettbarn-lanzo-su-carrera-solista-con-su-primer-sencillo-erre-ce\/#primaryimage"},"thumbnailUrl":"https:\/\/i0.wp.com\/talcomosoy.com.ar\/wp-content\/uploads\/2021\/06\/Screenshot_20210624-125716_Gmail.jpg?fit=582%2C584&ssl=1","articleSection":["Lanzamientos"],"inLanguage":"es"},{"@type":"WebPage","@id":"https:\/\/talcomosoy.com.ar\/index.php\/agustin-dettbarn-lanzo-su-carrera-solista-con-su-primer-sencillo-erre-ce\/","url":"https:\/\/talcomosoy.com.ar\/index.php\/agustin-dettbarn-lanzo-su-carrera-solista-con-su-primer-sencillo-erre-ce\/","name":"Agust\u00edn Dettbarn lanz\u00f3 su carrera solista con su primer sencillo \u201cERRE CE\u201d - Tal Como Soy","isPartOf":{"@id":"https:\/\/talcomosoy.com.ar\/#website"},"primaryImageOfPage":{"@id":"https:\/\/talcomosoy.com.ar\/index.php\/agustin-dettbarn-lanzo-su-carrera-solista-con-su-primer-sencillo-erre-ce\/#primaryimage"},"image":{"@id":"https:\/\/talcomosoy.com.ar\/index.php\/agustin-dettbarn-lanzo-su-carrera-solista-con-su-primer-sencillo-erre-ce\/#primaryimage"},"thumbnailUrl":"https:\/\/i0.wp.com\/talcomosoy.com.ar\/wp-content\/uploads\/2021\/06\/Screenshot_20210624-125716_Gmail.jpg?fit=582%2C584&ssl=1","datePublished":"2021-06-24T16:29:36+00:00","dateModified":"2021-06-24T16:32:47+00:00","inLanguage":"es","potentialAction":[{"@type":"ReadAction","target":["https:\/\/talcomosoy.com.ar\/index.php\/agustin-dettbarn-lanzo-su-carrera-solista-con-su-primer-sencillo-erre-ce\/"]}]},{"@type":"ImageObject","inLanguage":"es","@id":"https:\/\/talcomosoy.com.ar\/index.php\/agustin-dettbarn-lanzo-su-carrera-solista-con-su-primer-sencillo-erre-ce\/#primaryimage","url":"https:\/\/i0.wp.com\/talcomosoy.com.ar\/wp-content\/uploads\/2021\/06\/Screenshot_20210624-125716_Gmail.jpg?fit=582%2C584&ssl=1","contentUrl":"https:\/\/i0.wp.com\/talcomosoy.com.ar\/wp-content\/uploads\/2021\/06\/Screenshot_20210624-125716_Gmail.jpg?fit=582%2C584&ssl=1","width":582,"height":584},{"@type":"WebSite","@id":"https:\/\/talcomosoy.com.ar\/#website","url":"https:\/\/talcomosoy.com.ar\/","name":"Tal Como Soy","description":"Magazine Musical Digital","publisher":{"@id":"https:\/\/talcomosoy.com.ar\/#organization"},"potentialAction":[{"@type":"SearchAction","target":{"@type":"EntryPoint","urlTemplate":"https:\/\/talcomosoy.com.ar\/?s={search_term_string}"},"query-input":{"@type":"PropertyValueSpecification","valueRequired":true,"valueName":"search_term_string"}}],"inLanguage":"es"},{"@type":"Organization","@id":"https:\/\/talcomosoy.com.ar\/#organization","name":"Tal Como Soy","url":"https:\/\/talcomosoy.com.ar\/","logo":{"@type":"ImageObject","inLanguage":"es","@id":"https:\/\/talcomosoy.com.ar\/#\/schema\/logo\/image\/","url":"https:\/\/i0.wp.com\/talcomosoy.com.ar\/wp-content\/uploads\/2020\/02\/PUA-2020-TRANSPARENTE.png?fit=570%2C382&ssl=1","contentUrl":"https:\/\/i0.wp.com\/talcomosoy.com.ar\/wp-content\/uploads\/2020\/02\/PUA-2020-TRANSPARENTE.png?fit=570%2C382&ssl=1","width":570,"height":382,"caption":"Tal Como Soy"},"image":{"@id":"https:\/\/talcomosoy.com.ar\/#\/schema\/logo\/image\/"},"sameAs":["https:\/\/www.facebook.com\/talcomosoyok","https:\/\/x.com\/talcomosoyok","https:\/\/www.instagram.com\/talcomosoyok","https:\/\/www.youtube.com\/channel\/UCrutZzYQmd9Fe8pEm5wqsiw"]},{"@type":"Person","@id":"https:\/\/talcomosoy.com.ar\/#\/schema\/person\/496b3561bd436afcf2be92147ff855c9","name":"Sinda Miranda","image":{"@type":"ImageObject","inLanguage":"es","@id":"https:\/\/secure.gravatar.com\/avatar\/ab0e992fc0b7117fe730d00fb0e44073b1fd6e28d69de8e7ac3103f1396f445e?s=96&d=mm&r=g","url":"https:\/\/secure.gravatar.com\/avatar\/ab0e992fc0b7117fe730d00fb0e44073b1fd6e28d69de8e7ac3103f1396f445e?s=96&d=mm&r=g","contentUrl":"https:\/\/secure.gravatar.com\/avatar\/ab0e992fc0b7117fe730d00fb0e44073b1fd6e28d69de8e7ac3103f1396f445e?s=96&d=mm&r=g","caption":"Sinda Miranda"},"description":"Escritora, Fot\u00f3grafa, Agente de Prensa","sameAs":["https:\/\/www.facebook.com\/sindamiranda","https:\/\/www.instagram.com\/sindamiranda","https:\/\/x.com\/sindamiranda"],"url":"https:\/\/talcomosoy.com.ar\/index.php\/author\/sindamirandatcs\/"}]}},"jetpack_publicize_connections":[],"jetpack_sharing_enabled":true,"jetpack_likes_enabled":true,"jetpack_featured_media_url":"https:\/\/i0.wp.com\/talcomosoy.com.ar\/wp-content\/uploads\/2021\/06\/Screenshot_20210624-125716_Gmail.jpg?fit=582%2C584&ssl=1","_links":{"self":[{"href":"https:\/\/talcomosoy.com.ar\/index.php\/wp-json\/wp\/v2\/posts\/4762","targetHints":{"allow":["GET"]}}],"collection":[{"href":"https:\/\/talcomosoy.com.ar\/index.php\/wp-json\/wp\/v2\/posts"}],"about":[{"href":"https:\/\/talcomosoy.com.ar\/index.php\/wp-json\/wp\/v2\/types\/post"}],"author":[{"embeddable":true,"href":"https:\/\/talcomosoy.com.ar\/index.php\/wp-json\/wp\/v2\/users\/1"}],"replies":[{"embeddable":true,"href":"https:\/\/talcomosoy.com.ar\/index.php\/wp-json\/wp\/v2\/comments?post=4762"}],"version-history":[{"count":2,"href":"https:\/\/talcomosoy.com.ar\/index.php\/wp-json\/wp\/v2\/posts\/4762\/revisions"}],"predecessor-version":[{"id":4765,"href":"https:\/\/talcomosoy.com.ar\/index.php\/wp-json\/wp\/v2\/posts\/4762\/revisions\/4765"}],"wp:featuredmedia":[{"embeddable":true,"href":"https:\/\/talcomosoy.com.ar\/index.php\/wp-json\/wp\/v2\/media\/4763"}],"wp:attachment":[{"href":"https:\/\/talcomosoy.com.ar\/index.php\/wp-json\/wp\/v2\/media?parent=4762"}],"wp:term":[{"taxonomy":"category","embeddable":true,"href":"https:\/\/talcomosoy.com.ar\/index.php\/wp-json\/wp\/v2\/categories?post=4762"},{"taxonomy":"post_tag","embeddable":true,"href":"https:\/\/talcomosoy.com.ar\/index.php\/wp-json\/wp\/v2\/tags?post=4762"}],"curies":[{"name":"wp","href":"https:\/\/api.w.org\/{rel}","templated":true}]}}