{"id":4755,"date":"2021-06-24T12:44:18","date_gmt":"2021-06-24T15:44:18","guid":{"rendered":"https:\/\/talcomosoy.com.ar\/?p=4755"},"modified":"2021-06-24T13:34:44","modified_gmt":"2021-06-24T16:34:44","slug":"parra-ultravioleta-presenta-su-nuevo-album-puertas-adentro","status":"publish","type":"post","link":"https:\/\/talcomosoy.com.ar\/index.php\/parra-ultravioleta-presenta-su-nuevo-album-puertas-adentro\/","title":{"rendered":"Parra Ultravioleta presenta su nuevo \u00e1lbum \u00abPuertas Adentro\u00bb"},"content":{"rendered":"<h3>\u201cPuertas Adentro\u201d es un EP compuesto por cinco canciones donde el conjunto platense Parra Ultravioleta vuelve a un sonido rockero y experimental, en contraposici\u00f3n a la propuesta anterior, donde se opt\u00f3 por grabar en vivo, con una sonoridad ac\u00fastica y utilizar menos instrumentaci\u00f3n.<\/h3>\n<p>&nbsp;<\/p>\n<p>En este trabajo, <strong>Parra Ultravioleta<\/strong> profundiza la b\u00fasqueda musical caracter\u00edstica de la banda: se da rienda suelta a la esencia rockera, imponiendo riffs poderosos a liderar canciones donde no faltan estribillos con reminiscencias pop e interludios psicod\u00e9licos. El juego con m\u00e9tricas irregulares, sonoridades electr\u00f3nicas y las texturas contrapunt\u00edsticas son elementos puestos al servicio de la canci\u00f3n.<\/p>\n<p>&nbsp;<\/p>\n<p style=\"padding-left: 40px;\"><strong>Te puede interesar <a href=\"https:\/\/talcomosoy.com.ar\/index.php\/2021\/06\/22\/parra-ultravioleta-presento-salir-de-aqui-cancion-adelanto-de-su-proximo-album\/\">PARRA ULTRAVIOLETA PRESENT\u00d3 \u201cSALIR DE AQU\u00cd\u201d, CANCI\u00d3N ADELANTO DE SU PR\u00d3XIMO \u00c1LBUM<\/a> <\/strong><\/p>\n<p>&nbsp;<\/p>\n<p>Las letras abren las puertas de la sensibilidad e invitan a sumergirse en sus im\u00e1genes, que van desde momentos introspectivos, desgarradores y otros de literatura fant\u00e1stica.<\/p>\n<p>Grabado en Estudios Votok (Berisso) y homestudio. Masterizaci\u00f3n: Daniel Ovie. Composici\u00f3n y letras: Mauro Bermeo y Pablo Martin. Salvo \u201cPez sin mar\u201d, letra: Leo Vaca. Producci\u00f3n musical y ejecutiva: Emmanuel Grisenti. Gr\u00e1fica: Donoroko. Fotografia: Leo Vaca.<\/p>\n<p><strong>Parra Ultravioleta<\/strong> est\u00e1 conformada por: <em>Mauro Bermeo<\/em> en voz y guitarra, <em>Facundo Gomez Saibene<\/em> en primera guitarra, <em>Emmanuel Grisenti<\/em> en el bajo, <strong>Mat\u00edas T\u00e1rtaro<\/strong> en la bater\u00eda y <em>Pablo<\/em> <em>Mart\u00edn<\/em> en teclados.<\/p>\n<p>&nbsp;<\/p>\n<p style=\"padding-left: 40px;\"><strong><a href=\"https:\/\/open.spotify.com\/album\/4JXG2Ij3WRQ3Sbq0iZeBOY\">Escuch\u00e1 \u201cPuertas Adentro\u201d en Spotify<\/a><\/strong><\/p>\n<p>&nbsp;<\/p>\n<p>Para m\u00e1s informaci\u00f3n sobre <strong>Parra<\/strong> <strong>Ultravioleta<\/strong> visite su <a href=\"https:\/\/m.facebook.com\/Parra-UltraVioleta-838059596286079\">fanpage<\/a>.<\/p>\n","protected":false},"excerpt":{"rendered":"<p>\u201cPuertas Adentro\u201d es un EP compuesto por cinco canciones donde el conjunto platense Parra Ultravioleta<\/p>\n","protected":false},"author":1,"featured_media":4756,"comment_status":"closed","ping_status":"closed","sticky":false,"template":"","format":"standard","meta":{"_jetpack_newsletter_access":"","_jetpack_dont_email_post_to_subs":false,"_jetpack_newsletter_tier_id":0,"_jetpack_memberships_contains_paywalled_content":false,"_jetpack_feature_clip_id":0,"_jetpack_memberships_contains_paid_content":false,"footnotes":"","jetpack_publicize_message":"","jetpack_publicize_feature_enabled":true,"jetpack_social_post_already_shared":true,"jetpack_social_options":{"image_generator_settings":{"template":"highway","default_image_id":0,"font":"","enabled":false},"version":2},"jetpack_post_was_ever_published":false},"categories":[146,2,233],"tags":[],"class_list":["post-4755","post","type-post","status-publish","format-standard","has-post-thumbnail","hentry","category-lanzamientos","category-musica","category-rock-platense"],"yoast_head":"<!-- This site is optimized with the Yoast SEO plugin v28.3 - https:\/\/yoast.com\/product\/yoast-seo-wordpress\/ -->\n<title>Parra Ultravioleta presenta su nuevo \u00e1lbum &quot;Puertas Adentro&quot; - Tal Como Soy<\/title>\n<meta name=\"robots\" content=\"index, follow, max-snippet:-1, max-image-preview:large, max-video-preview:-1\" \/>\n<link rel=\"canonical\" href=\"https:\/\/talcomosoy.com.ar\/index.php\/parra-ultravioleta-presenta-su-nuevo-album-puertas-adentro\/\" \/>\n<meta property=\"og:locale\" content=\"es_ES\" \/>\n<meta property=\"og:type\" content=\"article\" \/>\n<meta property=\"og:title\" content=\"Parra Ultravioleta presenta su nuevo \u00e1lbum &quot;Puertas Adentro&quot; - Tal Como Soy\" \/>\n<meta property=\"og:description\" content=\"\u201cPuertas Adentro\u201d es un EP compuesto por cinco canciones donde el conjunto platense Parra Ultravioleta\" \/>\n<meta property=\"og:url\" content=\"https:\/\/talcomosoy.com.ar\/index.php\/parra-ultravioleta-presenta-su-nuevo-album-puertas-adentro\/\" \/>\n<meta property=\"og:site_name\" content=\"Tal Como Soy\" \/>\n<meta property=\"article:publisher\" content=\"https:\/\/www.facebook.com\/talcomosoyok\" \/>\n<meta property=\"article:author\" content=\"https:\/\/www.facebook.com\/sindamiranda\" \/>\n<meta property=\"article:published_time\" content=\"2021-06-24T15:44:18+00:00\" \/>\n<meta property=\"article:modified_time\" content=\"2021-06-24T16:34:44+00:00\" \/>\n<meta property=\"og:image\" content=\"https:\/\/i0.wp.com\/talcomosoy.com.ar\/wp-content\/uploads\/2021\/06\/Screenshot_20210624-122129_Gmail.jpg?fit=567%2C578&ssl=1\" \/>\n\t<meta property=\"og:image:width\" content=\"567\" \/>\n\t<meta property=\"og:image:height\" content=\"578\" \/>\n\t<meta property=\"og:image:type\" content=\"image\/jpeg\" \/>\n<meta name=\"author\" content=\"Sinda Miranda\" \/>\n<meta name=\"twitter:card\" content=\"summary_large_image\" \/>\n<meta name=\"twitter:creator\" content=\"@sindamiranda\" \/>\n<meta name=\"twitter:site\" content=\"@talcomosoyok\" \/>\n<meta name=\"twitter:label1\" content=\"Escrito por\" \/>\n\t<meta name=\"twitter:data1\" content=\"Sinda Miranda\" \/>\n\t<meta name=\"twitter:label2\" content=\"Tiempo de lectura\" \/>\n\t<meta name=\"twitter:data2\" content=\"1 minuto\" \/>\n<script type=\"application\/ld+json\" class=\"yoast-schema-graph\">{\"@context\":\"https:\\\/\\\/schema.org\",\"@graph\":[{\"@type\":\"Article\",\"@id\":\"https:\\\/\\\/talcomosoy.com.ar\\\/index.php\\\/parra-ultravioleta-presenta-su-nuevo-album-puertas-adentro\\\/#article\",\"isPartOf\":{\"@id\":\"https:\\\/\\\/talcomosoy.com.ar\\\/index.php\\\/parra-ultravioleta-presenta-su-nuevo-album-puertas-adentro\\\/\"},\"author\":{\"name\":\"Sinda Miranda\",\"@id\":\"https:\\\/\\\/talcomosoy.com.ar\\\/#\\\/schema\\\/person\\\/496b3561bd436afcf2be92147ff855c9\"},\"headline\":\"Parra Ultravioleta presenta su nuevo \u00e1lbum \u00abPuertas Adentro\u00bb\",\"datePublished\":\"2021-06-24T15:44:18+00:00\",\"dateModified\":\"2021-06-24T16:34:44+00:00\",\"mainEntityOfPage\":{\"@id\":\"https:\\\/\\\/talcomosoy.com.ar\\\/index.php\\\/parra-ultravioleta-presenta-su-nuevo-album-puertas-adentro\\\/\"},\"wordCount\":259,\"publisher\":{\"@id\":\"https:\\\/\\\/talcomosoy.com.ar\\\/#organization\"},\"image\":{\"@id\":\"https:\\\/\\\/talcomosoy.com.ar\\\/index.php\\\/parra-ultravioleta-presenta-su-nuevo-album-puertas-adentro\\\/#primaryimage\"},\"thumbnailUrl\":\"https:\\\/\\\/i0.wp.com\\\/talcomosoy.com.ar\\\/wp-content\\\/uploads\\\/2021\\\/06\\\/Screenshot_20210624-122129_Gmail.jpg?fit=567%2C578&ssl=1\",\"articleSection\":[\"Lanzamientos\",\"M\u00fasica\",\"Rock Platense\"],\"inLanguage\":\"es\"},{\"@type\":\"WebPage\",\"@id\":\"https:\\\/\\\/talcomosoy.com.ar\\\/index.php\\\/parra-ultravioleta-presenta-su-nuevo-album-puertas-adentro\\\/\",\"url\":\"https:\\\/\\\/talcomosoy.com.ar\\\/index.php\\\/parra-ultravioleta-presenta-su-nuevo-album-puertas-adentro\\\/\",\"name\":\"Parra Ultravioleta presenta su nuevo \u00e1lbum \\\"Puertas Adentro\\\" - Tal Como Soy\",\"isPartOf\":{\"@id\":\"https:\\\/\\\/talcomosoy.com.ar\\\/#website\"},\"primaryImageOfPage\":{\"@id\":\"https:\\\/\\\/talcomosoy.com.ar\\\/index.php\\\/parra-ultravioleta-presenta-su-nuevo-album-puertas-adentro\\\/#primaryimage\"},\"image\":{\"@id\":\"https:\\\/\\\/talcomosoy.com.ar\\\/index.php\\\/parra-ultravioleta-presenta-su-nuevo-album-puertas-adentro\\\/#primaryimage\"},\"thumbnailUrl\":\"https:\\\/\\\/i0.wp.com\\\/talcomosoy.com.ar\\\/wp-content\\\/uploads\\\/2021\\\/06\\\/Screenshot_20210624-122129_Gmail.jpg?fit=567%2C578&ssl=1\",\"datePublished\":\"2021-06-24T15:44:18+00:00\",\"dateModified\":\"2021-06-24T16:34:44+00:00\",\"inLanguage\":\"es\",\"potentialAction\":[{\"@type\":\"ReadAction\",\"target\":[\"https:\\\/\\\/talcomosoy.com.ar\\\/index.php\\\/parra-ultravioleta-presenta-su-nuevo-album-puertas-adentro\\\/\"]}]},{\"@type\":\"ImageObject\",\"inLanguage\":\"es\",\"@id\":\"https:\\\/\\\/talcomosoy.com.ar\\\/index.php\\\/parra-ultravioleta-presenta-su-nuevo-album-puertas-adentro\\\/#primaryimage\",\"url\":\"https:\\\/\\\/i0.wp.com\\\/talcomosoy.com.ar\\\/wp-content\\\/uploads\\\/2021\\\/06\\\/Screenshot_20210624-122129_Gmail.jpg?fit=567%2C578&ssl=1\",\"contentUrl\":\"https:\\\/\\\/i0.wp.com\\\/talcomosoy.com.ar\\\/wp-content\\\/uploads\\\/2021\\\/06\\\/Screenshot_20210624-122129_Gmail.jpg?fit=567%2C578&ssl=1\",\"width\":567,\"height\":578},{\"@type\":\"WebSite\",\"@id\":\"https:\\\/\\\/talcomosoy.com.ar\\\/#website\",\"url\":\"https:\\\/\\\/talcomosoy.com.ar\\\/\",\"name\":\"Tal Como Soy\",\"description\":\"Magazine Musical Digital\",\"publisher\":{\"@id\":\"https:\\\/\\\/talcomosoy.com.ar\\\/#organization\"},\"potentialAction\":[{\"@type\":\"SearchAction\",\"target\":{\"@type\":\"EntryPoint\",\"urlTemplate\":\"https:\\\/\\\/talcomosoy.com.ar\\\/?s={search_term_string}\"},\"query-input\":{\"@type\":\"PropertyValueSpecification\",\"valueRequired\":true,\"valueName\":\"search_term_string\"}}],\"inLanguage\":\"es\"},{\"@type\":\"Organization\",\"@id\":\"https:\\\/\\\/talcomosoy.com.ar\\\/#organization\",\"name\":\"Tal Como Soy\",\"url\":\"https:\\\/\\\/talcomosoy.com.ar\\\/\",\"logo\":{\"@type\":\"ImageObject\",\"inLanguage\":\"es\",\"@id\":\"https:\\\/\\\/talcomosoy.com.ar\\\/#\\\/schema\\\/logo\\\/image\\\/\",\"url\":\"https:\\\/\\\/i0.wp.com\\\/talcomosoy.com.ar\\\/wp-content\\\/uploads\\\/2020\\\/02\\\/PUA-2020-TRANSPARENTE.png?fit=570%2C382&ssl=1\",\"contentUrl\":\"https:\\\/\\\/i0.wp.com\\\/talcomosoy.com.ar\\\/wp-content\\\/uploads\\\/2020\\\/02\\\/PUA-2020-TRANSPARENTE.png?fit=570%2C382&ssl=1\",\"width\":570,\"height\":382,\"caption\":\"Tal Como Soy\"},\"image\":{\"@id\":\"https:\\\/\\\/talcomosoy.com.ar\\\/#\\\/schema\\\/logo\\\/image\\\/\"},\"sameAs\":[\"https:\\\/\\\/www.facebook.com\\\/talcomosoyok\",\"https:\\\/\\\/x.com\\\/talcomosoyok\",\"https:\\\/\\\/www.instagram.com\\\/talcomosoyok\",\"https:\\\/\\\/www.youtube.com\\\/channel\\\/UCrutZzYQmd9Fe8pEm5wqsiw\"]},{\"@type\":\"Person\",\"@id\":\"https:\\\/\\\/talcomosoy.com.ar\\\/#\\\/schema\\\/person\\\/496b3561bd436afcf2be92147ff855c9\",\"name\":\"Sinda Miranda\",\"image\":{\"@type\":\"ImageObject\",\"inLanguage\":\"es\",\"@id\":\"https:\\\/\\\/secure.gravatar.com\\\/avatar\\\/ab0e992fc0b7117fe730d00fb0e44073b1fd6e28d69de8e7ac3103f1396f445e?s=96&d=mm&r=g\",\"url\":\"https:\\\/\\\/secure.gravatar.com\\\/avatar\\\/ab0e992fc0b7117fe730d00fb0e44073b1fd6e28d69de8e7ac3103f1396f445e?s=96&d=mm&r=g\",\"contentUrl\":\"https:\\\/\\\/secure.gravatar.com\\\/avatar\\\/ab0e992fc0b7117fe730d00fb0e44073b1fd6e28d69de8e7ac3103f1396f445e?s=96&d=mm&r=g\",\"caption\":\"Sinda Miranda\"},\"description\":\"Escritora, Fot\u00f3grafa, Agente de Prensa\",\"sameAs\":[\"https:\\\/\\\/www.facebook.com\\\/sindamiranda\",\"https:\\\/\\\/www.instagram.com\\\/sindamiranda\",\"https:\\\/\\\/x.com\\\/sindamiranda\"],\"url\":\"https:\\\/\\\/talcomosoy.com.ar\\\/index.php\\\/author\\\/sindamirandatcs\\\/\"}]}<\/script>\n<!-- \/ Yoast SEO plugin. -->","yoast_head_json":{"title":"Parra Ultravioleta presenta su nuevo \u00e1lbum \"Puertas Adentro\" - Tal Como Soy","robots":{"index":"index","follow":"follow","max-snippet":"max-snippet:-1","max-image-preview":"max-image-preview:large","max-video-preview":"max-video-preview:-1"},"canonical":"https:\/\/talcomosoy.com.ar\/index.php\/parra-ultravioleta-presenta-su-nuevo-album-puertas-adentro\/","og_locale":"es_ES","og_type":"article","og_title":"Parra Ultravioleta presenta su nuevo \u00e1lbum \"Puertas Adentro\" - Tal Como Soy","og_description":"\u201cPuertas Adentro\u201d es un EP compuesto por cinco canciones donde el conjunto platense Parra Ultravioleta","og_url":"https:\/\/talcomosoy.com.ar\/index.php\/parra-ultravioleta-presenta-su-nuevo-album-puertas-adentro\/","og_site_name":"Tal Como Soy","article_publisher":"https:\/\/www.facebook.com\/talcomosoyok","article_author":"https:\/\/www.facebook.com\/sindamiranda","article_published_time":"2021-06-24T15:44:18+00:00","article_modified_time":"2021-06-24T16:34:44+00:00","og_image":[{"width":567,"height":578,"url":"https:\/\/i0.wp.com\/talcomosoy.com.ar\/wp-content\/uploads\/2021\/06\/Screenshot_20210624-122129_Gmail.jpg?fit=567%2C578&ssl=1","type":"image\/jpeg"}],"author":"Sinda Miranda","twitter_card":"summary_large_image","twitter_creator":"@sindamiranda","twitter_site":"@talcomosoyok","twitter_misc":{"Escrito por":"Sinda Miranda","Tiempo de lectura":"1 minuto"},"schema":{"@context":"https:\/\/schema.org","@graph":[{"@type":"Article","@id":"https:\/\/talcomosoy.com.ar\/index.php\/parra-ultravioleta-presenta-su-nuevo-album-puertas-adentro\/#article","isPartOf":{"@id":"https:\/\/talcomosoy.com.ar\/index.php\/parra-ultravioleta-presenta-su-nuevo-album-puertas-adentro\/"},"author":{"name":"Sinda Miranda","@id":"https:\/\/talcomosoy.com.ar\/#\/schema\/person\/496b3561bd436afcf2be92147ff855c9"},"headline":"Parra Ultravioleta presenta su nuevo \u00e1lbum \u00abPuertas Adentro\u00bb","datePublished":"2021-06-24T15:44:18+00:00","dateModified":"2021-06-24T16:34:44+00:00","mainEntityOfPage":{"@id":"https:\/\/talcomosoy.com.ar\/index.php\/parra-ultravioleta-presenta-su-nuevo-album-puertas-adentro\/"},"wordCount":259,"publisher":{"@id":"https:\/\/talcomosoy.com.ar\/#organization"},"image":{"@id":"https:\/\/talcomosoy.com.ar\/index.php\/parra-ultravioleta-presenta-su-nuevo-album-puertas-adentro\/#primaryimage"},"thumbnailUrl":"https:\/\/i0.wp.com\/talcomosoy.com.ar\/wp-content\/uploads\/2021\/06\/Screenshot_20210624-122129_Gmail.jpg?fit=567%2C578&ssl=1","articleSection":["Lanzamientos","M\u00fasica","Rock Platense"],"inLanguage":"es"},{"@type":"WebPage","@id":"https:\/\/talcomosoy.com.ar\/index.php\/parra-ultravioleta-presenta-su-nuevo-album-puertas-adentro\/","url":"https:\/\/talcomosoy.com.ar\/index.php\/parra-ultravioleta-presenta-su-nuevo-album-puertas-adentro\/","name":"Parra Ultravioleta presenta su nuevo \u00e1lbum \"Puertas Adentro\" - Tal Como Soy","isPartOf":{"@id":"https:\/\/talcomosoy.com.ar\/#website"},"primaryImageOfPage":{"@id":"https:\/\/talcomosoy.com.ar\/index.php\/parra-ultravioleta-presenta-su-nuevo-album-puertas-adentro\/#primaryimage"},"image":{"@id":"https:\/\/talcomosoy.com.ar\/index.php\/parra-ultravioleta-presenta-su-nuevo-album-puertas-adentro\/#primaryimage"},"thumbnailUrl":"https:\/\/i0.wp.com\/talcomosoy.com.ar\/wp-content\/uploads\/2021\/06\/Screenshot_20210624-122129_Gmail.jpg?fit=567%2C578&ssl=1","datePublished":"2021-06-24T15:44:18+00:00","dateModified":"2021-06-24T16:34:44+00:00","inLanguage":"es","potentialAction":[{"@type":"ReadAction","target":["https:\/\/talcomosoy.com.ar\/index.php\/parra-ultravioleta-presenta-su-nuevo-album-puertas-adentro\/"]}]},{"@type":"ImageObject","inLanguage":"es","@id":"https:\/\/talcomosoy.com.ar\/index.php\/parra-ultravioleta-presenta-su-nuevo-album-puertas-adentro\/#primaryimage","url":"https:\/\/i0.wp.com\/talcomosoy.com.ar\/wp-content\/uploads\/2021\/06\/Screenshot_20210624-122129_Gmail.jpg?fit=567%2C578&ssl=1","contentUrl":"https:\/\/i0.wp.com\/talcomosoy.com.ar\/wp-content\/uploads\/2021\/06\/Screenshot_20210624-122129_Gmail.jpg?fit=567%2C578&ssl=1","width":567,"height":578},{"@type":"WebSite","@id":"https:\/\/talcomosoy.com.ar\/#website","url":"https:\/\/talcomosoy.com.ar\/","name":"Tal Como Soy","description":"Magazine Musical Digital","publisher":{"@id":"https:\/\/talcomosoy.com.ar\/#organization"},"potentialAction":[{"@type":"SearchAction","target":{"@type":"EntryPoint","urlTemplate":"https:\/\/talcomosoy.com.ar\/?s={search_term_string}"},"query-input":{"@type":"PropertyValueSpecification","valueRequired":true,"valueName":"search_term_string"}}],"inLanguage":"es"},{"@type":"Organization","@id":"https:\/\/talcomosoy.com.ar\/#organization","name":"Tal Como Soy","url":"https:\/\/talcomosoy.com.ar\/","logo":{"@type":"ImageObject","inLanguage":"es","@id":"https:\/\/talcomosoy.com.ar\/#\/schema\/logo\/image\/","url":"https:\/\/i0.wp.com\/talcomosoy.com.ar\/wp-content\/uploads\/2020\/02\/PUA-2020-TRANSPARENTE.png?fit=570%2C382&ssl=1","contentUrl":"https:\/\/i0.wp.com\/talcomosoy.com.ar\/wp-content\/uploads\/2020\/02\/PUA-2020-TRANSPARENTE.png?fit=570%2C382&ssl=1","width":570,"height":382,"caption":"Tal Como Soy"},"image":{"@id":"https:\/\/talcomosoy.com.ar\/#\/schema\/logo\/image\/"},"sameAs":["https:\/\/www.facebook.com\/talcomosoyok","https:\/\/x.com\/talcomosoyok","https:\/\/www.instagram.com\/talcomosoyok","https:\/\/www.youtube.com\/channel\/UCrutZzYQmd9Fe8pEm5wqsiw"]},{"@type":"Person","@id":"https:\/\/talcomosoy.com.ar\/#\/schema\/person\/496b3561bd436afcf2be92147ff855c9","name":"Sinda Miranda","image":{"@type":"ImageObject","inLanguage":"es","@id":"https:\/\/secure.gravatar.com\/avatar\/ab0e992fc0b7117fe730d00fb0e44073b1fd6e28d69de8e7ac3103f1396f445e?s=96&d=mm&r=g","url":"https:\/\/secure.gravatar.com\/avatar\/ab0e992fc0b7117fe730d00fb0e44073b1fd6e28d69de8e7ac3103f1396f445e?s=96&d=mm&r=g","contentUrl":"https:\/\/secure.gravatar.com\/avatar\/ab0e992fc0b7117fe730d00fb0e44073b1fd6e28d69de8e7ac3103f1396f445e?s=96&d=mm&r=g","caption":"Sinda Miranda"},"description":"Escritora, Fot\u00f3grafa, Agente de Prensa","sameAs":["https:\/\/www.facebook.com\/sindamiranda","https:\/\/www.instagram.com\/sindamiranda","https:\/\/x.com\/sindamiranda"],"url":"https:\/\/talcomosoy.com.ar\/index.php\/author\/sindamirandatcs\/"}]}},"jetpack_publicize_connections":[],"jetpack_sharing_enabled":true,"jetpack_likes_enabled":true,"jetpack_featured_media_url":"https:\/\/i0.wp.com\/talcomosoy.com.ar\/wp-content\/uploads\/2021\/06\/Screenshot_20210624-122129_Gmail.jpg?fit=567%2C578&ssl=1","_links":{"self":[{"href":"https:\/\/talcomosoy.com.ar\/index.php\/wp-json\/wp\/v2\/posts\/4755","targetHints":{"allow":["GET"]}}],"collection":[{"href":"https:\/\/talcomosoy.com.ar\/index.php\/wp-json\/wp\/v2\/posts"}],"about":[{"href":"https:\/\/talcomosoy.com.ar\/index.php\/wp-json\/wp\/v2\/types\/post"}],"author":[{"embeddable":true,"href":"https:\/\/talcomosoy.com.ar\/index.php\/wp-json\/wp\/v2\/users\/1"}],"replies":[{"embeddable":true,"href":"https:\/\/talcomosoy.com.ar\/index.php\/wp-json\/wp\/v2\/comments?post=4755"}],"version-history":[{"count":4,"href":"https:\/\/talcomosoy.com.ar\/index.php\/wp-json\/wp\/v2\/posts\/4755\/revisions"}],"predecessor-version":[{"id":4761,"href":"https:\/\/talcomosoy.com.ar\/index.php\/wp-json\/wp\/v2\/posts\/4755\/revisions\/4761"}],"wp:featuredmedia":[{"embeddable":true,"href":"https:\/\/talcomosoy.com.ar\/index.php\/wp-json\/wp\/v2\/media\/4756"}],"wp:attachment":[{"href":"https:\/\/talcomosoy.com.ar\/index.php\/wp-json\/wp\/v2\/media?parent=4755"}],"wp:term":[{"taxonomy":"category","embeddable":true,"href":"https:\/\/talcomosoy.com.ar\/index.php\/wp-json\/wp\/v2\/categories?post=4755"},{"taxonomy":"post_tag","embeddable":true,"href":"https:\/\/talcomosoy.com.ar\/index.php\/wp-json\/wp\/v2\/tags?post=4755"}],"curies":[{"name":"wp","href":"https:\/\/api.w.org\/{rel}","templated":true}]}}