{"id":4751,"date":"2021-06-24T12:15:54","date_gmt":"2021-06-24T15:15:54","guid":{"rendered":"https:\/\/talcomosoy.com.ar\/?p=4751"},"modified":"2021-06-24T12:15:54","modified_gmt":"2021-06-24T15:15:54","slug":"el-principio-de-arquimedes-se-presenta-en-el-teatro-plaza","status":"publish","type":"post","link":"https:\/\/talcomosoy.com.ar\/index.php\/el-principio-de-arquimedes-se-presenta-en-el-teatro-plaza\/","title":{"rendered":"\u201cEl principio de Arqu\u00edmedes\u201d se presenta en el Teatro Plaza"},"content":{"rendered":"<h3>La obra teatral \u201cEl Principio de Arqu\u00edmedes\u201d sube a escena en la sala mayor de Godoy Cruz. El evento tendr\u00e1 lugar el pr\u00f3ximo s\u00e1bado 26 de junio a las 20:30 horas y las entradas ya est\u00e1n en venta.<\/h3>\n<p>&nbsp;<\/p>\n<p>La puesta en escena \u201cEl Principio de Arqu\u00edmedes\u201d, del reconocido dramaturgo catal\u00e1n Josep Mar\u00eda Mir\u00f3 llega a las tablas locales, con esta puesta dirigida por Alejandro Conte.<\/p>\n<p>Los tickets ya se pueden adquirir; de manera presencial, en la boleter\u00eda del teatro, de lunes a viernes de 8:30 a 14:30. Tambi\u00e9n, \u00a0est\u00e1n disponibles v\u00eda online, en\u00a0http:\/\/bit.ly\/EntradasPrincipioDeAlquimides. Para seguridad del p\u00fablico, se realizar\u00e1n los protocolos sanitarios vigentes.<\/p>\n<p>&nbsp;<\/p>\n<h3>Los prejuicios salen a flote en \u201cEl Principio de Arqu\u00edmedes\u201d<\/h3>\n<p>&nbsp;<\/p>\n<p>Luego de dirigir obras como \u201cUn perro tibetano rojo\u201d y \u201cHamlet la maldici\u00f3n de ser\u201d, entre otras producciones, el actor y realizador Alejandro Conte trae esta inquietante propuesta, cuya versi\u00f3n original recorri\u00f3 una gran cantidad de escenarios alrededor del mundo.<\/p>\n<p>La puesta, cuya acci\u00f3n transcurre en el vestuario de un natatorio, se pone en funcionamiento cuando un profesor de nataci\u00f3n tiene un gesto tierno con uno de los ni\u00f1os de su clase.<\/p>\n<p>En consecuencia, se dispara un interrogante que desarrollar\u00e1 la trama: \u00bfFue una simple muestra de cari\u00f1o o algo m\u00e1s?<\/p>\n<p>Una situaci\u00f3n aparentemente inofensiva funcionar\u00e1 como disparador de las suposiciones y \u00a0la desconfianza que arrastran, tanto a los int\u00e9rpretes como al p\u00fablico, a un estado asfixiante de sospechas y resquemores.<\/p>\n<p>El equipo creativo que lleva adelante este entretejido de prejuicios, cuestionamientos y presiones que remueven la superficie esc\u00e9nica est\u00e1 integrado por Marcela Barbaran, Mat\u00edas Lucero, Joaqu\u00edn De Lucia y Francisco Roby.<\/p>\n<p>&nbsp;<\/p>\n","protected":false},"excerpt":{"rendered":"<p>La obra teatral \u201cEl Principio de Arqu\u00edmedes\u201d sube a escena en la sala mayor de<\/p>\n","protected":false},"author":1,"featured_media":4752,"comment_status":"closed","ping_status":"closed","sticky":false,"template":"","format":"standard","meta":{"_jetpack_newsletter_access":"","_jetpack_dont_email_post_to_subs":false,"_jetpack_newsletter_tier_id":0,"_jetpack_memberships_contains_paywalled_content":false,"_jetpack_feature_clip_id":0,"_jetpack_memberships_contains_paid_content":false,"footnotes":"","jetpack_publicize_message":"","jetpack_publicize_feature_enabled":true,"jetpack_social_post_already_shared":true,"jetpack_social_options":{"image_generator_settings":{"template":"highway","default_image_id":0,"font":"","enabled":false},"version":2},"jetpack_post_was_ever_published":false},"categories":[29],"tags":[],"class_list":["post-4751","post","type-post","status-publish","format-standard","has-post-thumbnail","hentry","category-teatro"],"yoast_head":"<!-- This site is optimized with the Yoast SEO plugin v28.3 - https:\/\/yoast.com\/product\/yoast-seo-wordpress\/ -->\n<title>\u201cEl principio de Arqu\u00edmedes\u201d se presenta en el Teatro Plaza - Tal Como Soy<\/title>\n<meta name=\"robots\" content=\"index, follow, max-snippet:-1, max-image-preview:large, max-video-preview:-1\" \/>\n<link rel=\"canonical\" href=\"https:\/\/talcomosoy.com.ar\/index.php\/el-principio-de-arquimedes-se-presenta-en-el-teatro-plaza\/\" \/>\n<meta property=\"og:locale\" content=\"es_ES\" \/>\n<meta property=\"og:type\" content=\"article\" \/>\n<meta property=\"og:title\" content=\"\u201cEl principio de Arqu\u00edmedes\u201d se presenta en el Teatro Plaza - Tal Como Soy\" \/>\n<meta property=\"og:description\" content=\"La obra teatral \u201cEl Principio de Arqu\u00edmedes\u201d sube a escena en la sala mayor de\" \/>\n<meta property=\"og:url\" content=\"https:\/\/talcomosoy.com.ar\/index.php\/el-principio-de-arquimedes-se-presenta-en-el-teatro-plaza\/\" \/>\n<meta property=\"og:site_name\" content=\"Tal Como Soy\" \/>\n<meta property=\"article:publisher\" content=\"https:\/\/www.facebook.com\/talcomosoyok\" \/>\n<meta property=\"article:author\" content=\"https:\/\/www.facebook.com\/sindamiranda\" \/>\n<meta property=\"article:published_time\" content=\"2021-06-24T15:15:54+00:00\" \/>\n<meta property=\"og:image\" content=\"https:\/\/i0.wp.com\/talcomosoy.com.ar\/wp-content\/uploads\/2021\/06\/1624547696775_Arquimedes-1.jpg?fit=772%2C624&ssl=1\" \/>\n\t<meta property=\"og:image:width\" content=\"772\" \/>\n\t<meta property=\"og:image:height\" content=\"624\" \/>\n\t<meta property=\"og:image:type\" content=\"image\/jpeg\" \/>\n<meta name=\"author\" content=\"Sinda Miranda\" \/>\n<meta name=\"twitter:card\" content=\"summary_large_image\" \/>\n<meta name=\"twitter:creator\" content=\"@sindamiranda\" \/>\n<meta name=\"twitter:site\" content=\"@talcomosoyok\" \/>\n<meta name=\"twitter:label1\" content=\"Escrito por\" \/>\n\t<meta name=\"twitter:data1\" content=\"Sinda Miranda\" \/>\n\t<meta name=\"twitter:label2\" content=\"Tiempo de lectura\" \/>\n\t<meta name=\"twitter:data2\" content=\"2 minutos\" \/>\n<script type=\"application\/ld+json\" class=\"yoast-schema-graph\">{\"@context\":\"https:\\\/\\\/schema.org\",\"@graph\":[{\"@type\":\"Article\",\"@id\":\"https:\\\/\\\/talcomosoy.com.ar\\\/index.php\\\/el-principio-de-arquimedes-se-presenta-en-el-teatro-plaza\\\/#article\",\"isPartOf\":{\"@id\":\"https:\\\/\\\/talcomosoy.com.ar\\\/index.php\\\/el-principio-de-arquimedes-se-presenta-en-el-teatro-plaza\\\/\"},\"author\":{\"name\":\"Sinda Miranda\",\"@id\":\"https:\\\/\\\/talcomosoy.com.ar\\\/#\\\/schema\\\/person\\\/496b3561bd436afcf2be92147ff855c9\"},\"headline\":\"\u201cEl principio de Arqu\u00edmedes\u201d se presenta en el Teatro Plaza\",\"datePublished\":\"2021-06-24T15:15:54+00:00\",\"mainEntityOfPage\":{\"@id\":\"https:\\\/\\\/talcomosoy.com.ar\\\/index.php\\\/el-principio-de-arquimedes-se-presenta-en-el-teatro-plaza\\\/\"},\"wordCount\":307,\"publisher\":{\"@id\":\"https:\\\/\\\/talcomosoy.com.ar\\\/#organization\"},\"image\":{\"@id\":\"https:\\\/\\\/talcomosoy.com.ar\\\/index.php\\\/el-principio-de-arquimedes-se-presenta-en-el-teatro-plaza\\\/#primaryimage\"},\"thumbnailUrl\":\"https:\\\/\\\/i0.wp.com\\\/talcomosoy.com.ar\\\/wp-content\\\/uploads\\\/2021\\\/06\\\/1624547696775_Arquimedes-1.jpg?fit=772%2C624&ssl=1\",\"articleSection\":[\"Teatro\"],\"inLanguage\":\"es\"},{\"@type\":\"WebPage\",\"@id\":\"https:\\\/\\\/talcomosoy.com.ar\\\/index.php\\\/el-principio-de-arquimedes-se-presenta-en-el-teatro-plaza\\\/\",\"url\":\"https:\\\/\\\/talcomosoy.com.ar\\\/index.php\\\/el-principio-de-arquimedes-se-presenta-en-el-teatro-plaza\\\/\",\"name\":\"\u201cEl principio de Arqu\u00edmedes\u201d se presenta en el Teatro Plaza - Tal Como Soy\",\"isPartOf\":{\"@id\":\"https:\\\/\\\/talcomosoy.com.ar\\\/#website\"},\"primaryImageOfPage\":{\"@id\":\"https:\\\/\\\/talcomosoy.com.ar\\\/index.php\\\/el-principio-de-arquimedes-se-presenta-en-el-teatro-plaza\\\/#primaryimage\"},\"image\":{\"@id\":\"https:\\\/\\\/talcomosoy.com.ar\\\/index.php\\\/el-principio-de-arquimedes-se-presenta-en-el-teatro-plaza\\\/#primaryimage\"},\"thumbnailUrl\":\"https:\\\/\\\/i0.wp.com\\\/talcomosoy.com.ar\\\/wp-content\\\/uploads\\\/2021\\\/06\\\/1624547696775_Arquimedes-1.jpg?fit=772%2C624&ssl=1\",\"datePublished\":\"2021-06-24T15:15:54+00:00\",\"inLanguage\":\"es\",\"potentialAction\":[{\"@type\":\"ReadAction\",\"target\":[\"https:\\\/\\\/talcomosoy.com.ar\\\/index.php\\\/el-principio-de-arquimedes-se-presenta-en-el-teatro-plaza\\\/\"]}]},{\"@type\":\"ImageObject\",\"inLanguage\":\"es\",\"@id\":\"https:\\\/\\\/talcomosoy.com.ar\\\/index.php\\\/el-principio-de-arquimedes-se-presenta-en-el-teatro-plaza\\\/#primaryimage\",\"url\":\"https:\\\/\\\/i0.wp.com\\\/talcomosoy.com.ar\\\/wp-content\\\/uploads\\\/2021\\\/06\\\/1624547696775_Arquimedes-1.jpg?fit=772%2C624&ssl=1\",\"contentUrl\":\"https:\\\/\\\/i0.wp.com\\\/talcomosoy.com.ar\\\/wp-content\\\/uploads\\\/2021\\\/06\\\/1624547696775_Arquimedes-1.jpg?fit=772%2C624&ssl=1\",\"width\":772,\"height\":624},{\"@type\":\"WebSite\",\"@id\":\"https:\\\/\\\/talcomosoy.com.ar\\\/#website\",\"url\":\"https:\\\/\\\/talcomosoy.com.ar\\\/\",\"name\":\"Tal Como Soy\",\"description\":\"Magazine Musical Digital\",\"publisher\":{\"@id\":\"https:\\\/\\\/talcomosoy.com.ar\\\/#organization\"},\"potentialAction\":[{\"@type\":\"SearchAction\",\"target\":{\"@type\":\"EntryPoint\",\"urlTemplate\":\"https:\\\/\\\/talcomosoy.com.ar\\\/?s={search_term_string}\"},\"query-input\":{\"@type\":\"PropertyValueSpecification\",\"valueRequired\":true,\"valueName\":\"search_term_string\"}}],\"inLanguage\":\"es\"},{\"@type\":\"Organization\",\"@id\":\"https:\\\/\\\/talcomosoy.com.ar\\\/#organization\",\"name\":\"Tal Como Soy\",\"url\":\"https:\\\/\\\/talcomosoy.com.ar\\\/\",\"logo\":{\"@type\":\"ImageObject\",\"inLanguage\":\"es\",\"@id\":\"https:\\\/\\\/talcomosoy.com.ar\\\/#\\\/schema\\\/logo\\\/image\\\/\",\"url\":\"https:\\\/\\\/i0.wp.com\\\/talcomosoy.com.ar\\\/wp-content\\\/uploads\\\/2020\\\/02\\\/PUA-2020-TRANSPARENTE.png?fit=570%2C382&ssl=1\",\"contentUrl\":\"https:\\\/\\\/i0.wp.com\\\/talcomosoy.com.ar\\\/wp-content\\\/uploads\\\/2020\\\/02\\\/PUA-2020-TRANSPARENTE.png?fit=570%2C382&ssl=1\",\"width\":570,\"height\":382,\"caption\":\"Tal Como Soy\"},\"image\":{\"@id\":\"https:\\\/\\\/talcomosoy.com.ar\\\/#\\\/schema\\\/logo\\\/image\\\/\"},\"sameAs\":[\"https:\\\/\\\/www.facebook.com\\\/talcomosoyok\",\"https:\\\/\\\/x.com\\\/talcomosoyok\",\"https:\\\/\\\/www.instagram.com\\\/talcomosoyok\",\"https:\\\/\\\/www.youtube.com\\\/channel\\\/UCrutZzYQmd9Fe8pEm5wqsiw\"]},{\"@type\":\"Person\",\"@id\":\"https:\\\/\\\/talcomosoy.com.ar\\\/#\\\/schema\\\/person\\\/496b3561bd436afcf2be92147ff855c9\",\"name\":\"Sinda Miranda\",\"image\":{\"@type\":\"ImageObject\",\"inLanguage\":\"es\",\"@id\":\"https:\\\/\\\/secure.gravatar.com\\\/avatar\\\/ab0e992fc0b7117fe730d00fb0e44073b1fd6e28d69de8e7ac3103f1396f445e?s=96&d=mm&r=g\",\"url\":\"https:\\\/\\\/secure.gravatar.com\\\/avatar\\\/ab0e992fc0b7117fe730d00fb0e44073b1fd6e28d69de8e7ac3103f1396f445e?s=96&d=mm&r=g\",\"contentUrl\":\"https:\\\/\\\/secure.gravatar.com\\\/avatar\\\/ab0e992fc0b7117fe730d00fb0e44073b1fd6e28d69de8e7ac3103f1396f445e?s=96&d=mm&r=g\",\"caption\":\"Sinda Miranda\"},\"description\":\"Escritora, Fot\u00f3grafa, Agente de Prensa\",\"sameAs\":[\"https:\\\/\\\/www.facebook.com\\\/sindamiranda\",\"https:\\\/\\\/www.instagram.com\\\/sindamiranda\",\"https:\\\/\\\/x.com\\\/sindamiranda\"],\"url\":\"https:\\\/\\\/talcomosoy.com.ar\\\/index.php\\\/author\\\/sindamirandatcs\\\/\"}]}<\/script>\n<!-- \/ Yoast SEO plugin. -->","yoast_head_json":{"title":"\u201cEl principio de Arqu\u00edmedes\u201d se presenta en el Teatro Plaza - Tal Como Soy","robots":{"index":"index","follow":"follow","max-snippet":"max-snippet:-1","max-image-preview":"max-image-preview:large","max-video-preview":"max-video-preview:-1"},"canonical":"https:\/\/talcomosoy.com.ar\/index.php\/el-principio-de-arquimedes-se-presenta-en-el-teatro-plaza\/","og_locale":"es_ES","og_type":"article","og_title":"\u201cEl principio de Arqu\u00edmedes\u201d se presenta en el Teatro Plaza - Tal Como Soy","og_description":"La obra teatral \u201cEl Principio de Arqu\u00edmedes\u201d sube a escena en la sala mayor de","og_url":"https:\/\/talcomosoy.com.ar\/index.php\/el-principio-de-arquimedes-se-presenta-en-el-teatro-plaza\/","og_site_name":"Tal Como Soy","article_publisher":"https:\/\/www.facebook.com\/talcomosoyok","article_author":"https:\/\/www.facebook.com\/sindamiranda","article_published_time":"2021-06-24T15:15:54+00:00","og_image":[{"width":772,"height":624,"url":"https:\/\/i0.wp.com\/talcomosoy.com.ar\/wp-content\/uploads\/2021\/06\/1624547696775_Arquimedes-1.jpg?fit=772%2C624&ssl=1","type":"image\/jpeg"}],"author":"Sinda Miranda","twitter_card":"summary_large_image","twitter_creator":"@sindamiranda","twitter_site":"@talcomosoyok","twitter_misc":{"Escrito por":"Sinda Miranda","Tiempo de lectura":"2 minutos"},"schema":{"@context":"https:\/\/schema.org","@graph":[{"@type":"Article","@id":"https:\/\/talcomosoy.com.ar\/index.php\/el-principio-de-arquimedes-se-presenta-en-el-teatro-plaza\/#article","isPartOf":{"@id":"https:\/\/talcomosoy.com.ar\/index.php\/el-principio-de-arquimedes-se-presenta-en-el-teatro-plaza\/"},"author":{"name":"Sinda Miranda","@id":"https:\/\/talcomosoy.com.ar\/#\/schema\/person\/496b3561bd436afcf2be92147ff855c9"},"headline":"\u201cEl principio de Arqu\u00edmedes\u201d se presenta en el Teatro Plaza","datePublished":"2021-06-24T15:15:54+00:00","mainEntityOfPage":{"@id":"https:\/\/talcomosoy.com.ar\/index.php\/el-principio-de-arquimedes-se-presenta-en-el-teatro-plaza\/"},"wordCount":307,"publisher":{"@id":"https:\/\/talcomosoy.com.ar\/#organization"},"image":{"@id":"https:\/\/talcomosoy.com.ar\/index.php\/el-principio-de-arquimedes-se-presenta-en-el-teatro-plaza\/#primaryimage"},"thumbnailUrl":"https:\/\/i0.wp.com\/talcomosoy.com.ar\/wp-content\/uploads\/2021\/06\/1624547696775_Arquimedes-1.jpg?fit=772%2C624&ssl=1","articleSection":["Teatro"],"inLanguage":"es"},{"@type":"WebPage","@id":"https:\/\/talcomosoy.com.ar\/index.php\/el-principio-de-arquimedes-se-presenta-en-el-teatro-plaza\/","url":"https:\/\/talcomosoy.com.ar\/index.php\/el-principio-de-arquimedes-se-presenta-en-el-teatro-plaza\/","name":"\u201cEl principio de Arqu\u00edmedes\u201d se presenta en el Teatro Plaza - Tal Como Soy","isPartOf":{"@id":"https:\/\/talcomosoy.com.ar\/#website"},"primaryImageOfPage":{"@id":"https:\/\/talcomosoy.com.ar\/index.php\/el-principio-de-arquimedes-se-presenta-en-el-teatro-plaza\/#primaryimage"},"image":{"@id":"https:\/\/talcomosoy.com.ar\/index.php\/el-principio-de-arquimedes-se-presenta-en-el-teatro-plaza\/#primaryimage"},"thumbnailUrl":"https:\/\/i0.wp.com\/talcomosoy.com.ar\/wp-content\/uploads\/2021\/06\/1624547696775_Arquimedes-1.jpg?fit=772%2C624&ssl=1","datePublished":"2021-06-24T15:15:54+00:00","inLanguage":"es","potentialAction":[{"@type":"ReadAction","target":["https:\/\/talcomosoy.com.ar\/index.php\/el-principio-de-arquimedes-se-presenta-en-el-teatro-plaza\/"]}]},{"@type":"ImageObject","inLanguage":"es","@id":"https:\/\/talcomosoy.com.ar\/index.php\/el-principio-de-arquimedes-se-presenta-en-el-teatro-plaza\/#primaryimage","url":"https:\/\/i0.wp.com\/talcomosoy.com.ar\/wp-content\/uploads\/2021\/06\/1624547696775_Arquimedes-1.jpg?fit=772%2C624&ssl=1","contentUrl":"https:\/\/i0.wp.com\/talcomosoy.com.ar\/wp-content\/uploads\/2021\/06\/1624547696775_Arquimedes-1.jpg?fit=772%2C624&ssl=1","width":772,"height":624},{"@type":"WebSite","@id":"https:\/\/talcomosoy.com.ar\/#website","url":"https:\/\/talcomosoy.com.ar\/","name":"Tal Como Soy","description":"Magazine Musical Digital","publisher":{"@id":"https:\/\/talcomosoy.com.ar\/#organization"},"potentialAction":[{"@type":"SearchAction","target":{"@type":"EntryPoint","urlTemplate":"https:\/\/talcomosoy.com.ar\/?s={search_term_string}"},"query-input":{"@type":"PropertyValueSpecification","valueRequired":true,"valueName":"search_term_string"}}],"inLanguage":"es"},{"@type":"Organization","@id":"https:\/\/talcomosoy.com.ar\/#organization","name":"Tal Como Soy","url":"https:\/\/talcomosoy.com.ar\/","logo":{"@type":"ImageObject","inLanguage":"es","@id":"https:\/\/talcomosoy.com.ar\/#\/schema\/logo\/image\/","url":"https:\/\/i0.wp.com\/talcomosoy.com.ar\/wp-content\/uploads\/2020\/02\/PUA-2020-TRANSPARENTE.png?fit=570%2C382&ssl=1","contentUrl":"https:\/\/i0.wp.com\/talcomosoy.com.ar\/wp-content\/uploads\/2020\/02\/PUA-2020-TRANSPARENTE.png?fit=570%2C382&ssl=1","width":570,"height":382,"caption":"Tal Como Soy"},"image":{"@id":"https:\/\/talcomosoy.com.ar\/#\/schema\/logo\/image\/"},"sameAs":["https:\/\/www.facebook.com\/talcomosoyok","https:\/\/x.com\/talcomosoyok","https:\/\/www.instagram.com\/talcomosoyok","https:\/\/www.youtube.com\/channel\/UCrutZzYQmd9Fe8pEm5wqsiw"]},{"@type":"Person","@id":"https:\/\/talcomosoy.com.ar\/#\/schema\/person\/496b3561bd436afcf2be92147ff855c9","name":"Sinda Miranda","image":{"@type":"ImageObject","inLanguage":"es","@id":"https:\/\/secure.gravatar.com\/avatar\/ab0e992fc0b7117fe730d00fb0e44073b1fd6e28d69de8e7ac3103f1396f445e?s=96&d=mm&r=g","url":"https:\/\/secure.gravatar.com\/avatar\/ab0e992fc0b7117fe730d00fb0e44073b1fd6e28d69de8e7ac3103f1396f445e?s=96&d=mm&r=g","contentUrl":"https:\/\/secure.gravatar.com\/avatar\/ab0e992fc0b7117fe730d00fb0e44073b1fd6e28d69de8e7ac3103f1396f445e?s=96&d=mm&r=g","caption":"Sinda Miranda"},"description":"Escritora, Fot\u00f3grafa, Agente de Prensa","sameAs":["https:\/\/www.facebook.com\/sindamiranda","https:\/\/www.instagram.com\/sindamiranda","https:\/\/x.com\/sindamiranda"],"url":"https:\/\/talcomosoy.com.ar\/index.php\/author\/sindamirandatcs\/"}]}},"jetpack_publicize_connections":[],"jetpack_sharing_enabled":true,"jetpack_likes_enabled":true,"jetpack_featured_media_url":"https:\/\/i0.wp.com\/talcomosoy.com.ar\/wp-content\/uploads\/2021\/06\/1624547696775_Arquimedes-1.jpg?fit=772%2C624&ssl=1","_links":{"self":[{"href":"https:\/\/talcomosoy.com.ar\/index.php\/wp-json\/wp\/v2\/posts\/4751","targetHints":{"allow":["GET"]}}],"collection":[{"href":"https:\/\/talcomosoy.com.ar\/index.php\/wp-json\/wp\/v2\/posts"}],"about":[{"href":"https:\/\/talcomosoy.com.ar\/index.php\/wp-json\/wp\/v2\/types\/post"}],"author":[{"embeddable":true,"href":"https:\/\/talcomosoy.com.ar\/index.php\/wp-json\/wp\/v2\/users\/1"}],"replies":[{"embeddable":true,"href":"https:\/\/talcomosoy.com.ar\/index.php\/wp-json\/wp\/v2\/comments?post=4751"}],"version-history":[{"count":1,"href":"https:\/\/talcomosoy.com.ar\/index.php\/wp-json\/wp\/v2\/posts\/4751\/revisions"}],"predecessor-version":[{"id":4753,"href":"https:\/\/talcomosoy.com.ar\/index.php\/wp-json\/wp\/v2\/posts\/4751\/revisions\/4753"}],"wp:featuredmedia":[{"embeddable":true,"href":"https:\/\/talcomosoy.com.ar\/index.php\/wp-json\/wp\/v2\/media\/4752"}],"wp:attachment":[{"href":"https:\/\/talcomosoy.com.ar\/index.php\/wp-json\/wp\/v2\/media?parent=4751"}],"wp:term":[{"taxonomy":"category","embeddable":true,"href":"https:\/\/talcomosoy.com.ar\/index.php\/wp-json\/wp\/v2\/categories?post=4751"},{"taxonomy":"post_tag","embeddable":true,"href":"https:\/\/talcomosoy.com.ar\/index.php\/wp-json\/wp\/v2\/tags?post=4751"}],"curies":[{"name":"wp","href":"https:\/\/api.w.org\/{rel}","templated":true}]}}