{"id":4669,"date":"2021-06-22T12:08:48","date_gmt":"2021-06-22T15:08:48","guid":{"rendered":"https:\/\/talcomosoy.com.ar\/?p=4669"},"modified":"2021-06-23T10:01:29","modified_gmt":"2021-06-23T13:01:29","slug":"parra-ultravioleta-presento-salir-de-aqui-cancion-adelanto-de-su-proximo-album","status":"publish","type":"post","link":"https:\/\/talcomosoy.com.ar\/index.php\/parra-ultravioleta-presento-salir-de-aqui-cancion-adelanto-de-su-proximo-album\/","title":{"rendered":"Parra Ultravioleta present\u00f3 \u201cSalir de aqu\u00ed\u201d, canci\u00f3n adelanto de su pr\u00f3ximo \u00e1lbum  \u00a0"},"content":{"rendered":"<h3>El conjunto de rock platense Parra Ultravioleta present\u00f3 \u201cSalir de aqu\u00ed\u201d, tema adelanto de lo que ser\u00e1 su nuevo disco pronto a editarse a mitad de a\u00f1o.<\/h3>\n<p>&nbsp;<\/p>\n<p>\u201c<em>Salir de aqu\u00ed<\/em>\u201d es una canci\u00f3n compuesta desde la guitarra, imaginando riffs poderosos que contrasten con estribillos abiertos con un estilo pop. El engranaje de producci\u00f3n de la banda agreg\u00f3 elementos que resaltan los contrapuntos y momentos grooveros.<\/p>\n<p>La letra (compuesta previamente a la pandemia) cuestiona el lugar interior donde uno parece querer escapar, pero nunca termina de irse. \u201cSalir de aqu\u00ed\u201d es una mirada introspectiva al lugar donde \u201cqueman\u201d las razones y las emociones.<\/p>\n<p>&nbsp;<\/p>\n<h3>Dale Play<\/h3>\n<p>&nbsp;<\/p>\n<div class=\"jetpack-video-wrapper\"><iframe loading=\"lazy\" title=\"Salir de Aqu\u00ed\" width=\"640\" height=\"360\" src=\"https:\/\/www.youtube.com\/embed\/_nfnK3LloXU?feature=oembed\" frameborder=\"0\" allow=\"accelerometer; autoplay; clipboard-write; encrypted-media; gyroscope; picture-in-picture; web-share\" referrerpolicy=\"strict-origin-when-cross-origin\" allowfullscreen><\/iframe><\/div>\n<p>&nbsp;<\/p>\n<h3>Sobre Parra Ultravioleta<\/h3>\n<p>&nbsp;<\/p>\n<p>Oriundos de La Plata, Parra Ultravioleta es banda de rock, fruto de la experimentaci\u00f3n entre sonoridades contempor\u00e1neas y elementos cl\u00e1sicos del rock. El conjunto cuenta con una vasta experiencia en el circuito musical platense y nacional.<\/p>\n<p>Parra Ultravioleta se caracteriza por ser una familia musical que tiene sonidos poderosos y letras que abren disparadores: su m\u00fasica propone un recorrido ecl\u00e9ctico, que invita al p\u00fablico a interpretar libremente las obras.<\/p>\n<p>El conjunto platense cuenta con cuatro discos: \u201cMi jard\u00edn\u201d (2012), \u201cLaberinto\u201d (2013), \u201cUltramar\u201d (2016) y \u201cFavero\u201d (2019). Este \u00faltimo es un homenaje al poeta, escritor y m\u00fasico platense desaparecido durante la \u00faltima dictadura militar.<\/p>\n<p>Para este 2021, Parra Ultravioleta se encamina al lanzamiento del nuevo EP que ver\u00e1 la luz a mitad de a\u00f1o.<\/p>\n<p>Para m\u00e1s informaci\u00f3n sobre Parra Ultravioleta visite su <a href=\"https:\/\/www.facebook.com\/Parra-UltraVioleta-838059596286079\">fanpage<\/a>.<\/p>\n<p>&nbsp;<\/p>\n","protected":false},"excerpt":{"rendered":"<p>El conjunto de rock platense Parra Ultravioleta present\u00f3 \u201cSalir de aqu\u00ed\u201d, tema adelanto de lo<\/p>\n","protected":false},"author":1,"featured_media":4672,"comment_status":"closed","ping_status":"closed","sticky":false,"template":"","format":"standard","meta":{"_jetpack_newsletter_access":"","_jetpack_dont_email_post_to_subs":false,"_jetpack_newsletter_tier_id":0,"_jetpack_memberships_contains_paywalled_content":false,"_jetpack_feature_clip_id":0,"_jetpack_memberships_contains_paid_content":false,"footnotes":"","jetpack_publicize_message":"","jetpack_publicize_feature_enabled":true,"jetpack_social_post_already_shared":true,"jetpack_social_options":{"image_generator_settings":{"template":"highway","default_image_id":0,"font":"","enabled":false},"version":2},"jetpack_post_was_ever_published":false},"categories":[146,2,233],"tags":[],"class_list":["post-4669","post","type-post","status-publish","format-standard","has-post-thumbnail","hentry","category-lanzamientos","category-musica","category-rock-platense"],"yoast_head":"<!-- This site is optimized with the Yoast SEO plugin v28.3 - https:\/\/yoast.com\/product\/yoast-seo-wordpress\/ -->\n<title>Parra Ultravioleta present\u00f3 \u201cSalir de aqu\u00ed\u201d, canci\u00f3n adelanto de su pr\u00f3ximo \u00e1lbum \u00a0 - Tal Como Soy<\/title>\n<meta name=\"robots\" content=\"index, follow, max-snippet:-1, max-image-preview:large, max-video-preview:-1\" \/>\n<link rel=\"canonical\" href=\"https:\/\/talcomosoy.com.ar\/index.php\/parra-ultravioleta-presento-salir-de-aqui-cancion-adelanto-de-su-proximo-album\/\" \/>\n<meta property=\"og:locale\" content=\"es_ES\" \/>\n<meta property=\"og:type\" content=\"article\" \/>\n<meta property=\"og:title\" content=\"Parra Ultravioleta present\u00f3 \u201cSalir de aqu\u00ed\u201d, canci\u00f3n adelanto de su pr\u00f3ximo \u00e1lbum \u00a0 - Tal Como Soy\" \/>\n<meta property=\"og:description\" content=\"El conjunto de rock platense Parra Ultravioleta present\u00f3 \u201cSalir de aqu\u00ed\u201d, tema adelanto de lo\" \/>\n<meta property=\"og:url\" content=\"https:\/\/talcomosoy.com.ar\/index.php\/parra-ultravioleta-presento-salir-de-aqui-cancion-adelanto-de-su-proximo-album\/\" \/>\n<meta property=\"og:site_name\" content=\"Tal Como Soy\" \/>\n<meta property=\"article:publisher\" content=\"https:\/\/www.facebook.com\/talcomosoyok\" \/>\n<meta property=\"article:author\" content=\"https:\/\/www.facebook.com\/sindamiranda\" \/>\n<meta property=\"article:published_time\" content=\"2021-06-22T15:08:48+00:00\" \/>\n<meta property=\"article:modified_time\" content=\"2021-06-23T13:01:29+00:00\" \/>\n<meta property=\"og:image\" content=\"https:\/\/i0.wp.com\/talcomosoy.com.ar\/wp-content\/uploads\/2021\/06\/Screenshot_20210622-115155_Gmail-2.jpg?fit=880%2C571&ssl=1\" \/>\n\t<meta property=\"og:image:width\" content=\"880\" \/>\n\t<meta property=\"og:image:height\" content=\"571\" \/>\n\t<meta property=\"og:image:type\" content=\"image\/jpeg\" \/>\n<meta name=\"author\" content=\"Sinda Miranda\" \/>\n<meta name=\"twitter:card\" content=\"summary_large_image\" \/>\n<meta name=\"twitter:creator\" content=\"@sindamiranda\" \/>\n<meta name=\"twitter:site\" content=\"@talcomosoyok\" \/>\n<meta name=\"twitter:label1\" content=\"Escrito por\" \/>\n\t<meta name=\"twitter:data1\" content=\"Sinda Miranda\" \/>\n\t<meta name=\"twitter:label2\" content=\"Tiempo de lectura\" \/>\n\t<meta name=\"twitter:data2\" content=\"2 minutos\" \/>\n<script type=\"application\/ld+json\" class=\"yoast-schema-graph\">{\"@context\":\"https:\\\/\\\/schema.org\",\"@graph\":[{\"@type\":\"Article\",\"@id\":\"https:\\\/\\\/talcomosoy.com.ar\\\/index.php\\\/parra-ultravioleta-presento-salir-de-aqui-cancion-adelanto-de-su-proximo-album\\\/#article\",\"isPartOf\":{\"@id\":\"https:\\\/\\\/talcomosoy.com.ar\\\/index.php\\\/parra-ultravioleta-presento-salir-de-aqui-cancion-adelanto-de-su-proximo-album\\\/\"},\"author\":{\"name\":\"Sinda Miranda\",\"@id\":\"https:\\\/\\\/talcomosoy.com.ar\\\/#\\\/schema\\\/person\\\/496b3561bd436afcf2be92147ff855c9\"},\"headline\":\"Parra Ultravioleta present\u00f3 \u201cSalir de aqu\u00ed\u201d, canci\u00f3n adelanto de su pr\u00f3ximo \u00e1lbum \u00a0\",\"datePublished\":\"2021-06-22T15:08:48+00:00\",\"dateModified\":\"2021-06-23T13:01:29+00:00\",\"mainEntityOfPage\":{\"@id\":\"https:\\\/\\\/talcomosoy.com.ar\\\/index.php\\\/parra-ultravioleta-presento-salir-de-aqui-cancion-adelanto-de-su-proximo-album\\\/\"},\"wordCount\":275,\"publisher\":{\"@id\":\"https:\\\/\\\/talcomosoy.com.ar\\\/#organization\"},\"image\":{\"@id\":\"https:\\\/\\\/talcomosoy.com.ar\\\/index.php\\\/parra-ultravioleta-presento-salir-de-aqui-cancion-adelanto-de-su-proximo-album\\\/#primaryimage\"},\"thumbnailUrl\":\"https:\\\/\\\/i0.wp.com\\\/talcomosoy.com.ar\\\/wp-content\\\/uploads\\\/2021\\\/06\\\/Screenshot_20210622-115155_Gmail-2.jpg?fit=880%2C571&ssl=1\",\"articleSection\":[\"Lanzamientos\",\"M\u00fasica\",\"Rock Platense\"],\"inLanguage\":\"es\"},{\"@type\":\"WebPage\",\"@id\":\"https:\\\/\\\/talcomosoy.com.ar\\\/index.php\\\/parra-ultravioleta-presento-salir-de-aqui-cancion-adelanto-de-su-proximo-album\\\/\",\"url\":\"https:\\\/\\\/talcomosoy.com.ar\\\/index.php\\\/parra-ultravioleta-presento-salir-de-aqui-cancion-adelanto-de-su-proximo-album\\\/\",\"name\":\"Parra Ultravioleta present\u00f3 \u201cSalir de aqu\u00ed\u201d, canci\u00f3n adelanto de su pr\u00f3ximo \u00e1lbum \u00a0 - Tal Como Soy\",\"isPartOf\":{\"@id\":\"https:\\\/\\\/talcomosoy.com.ar\\\/#website\"},\"primaryImageOfPage\":{\"@id\":\"https:\\\/\\\/talcomosoy.com.ar\\\/index.php\\\/parra-ultravioleta-presento-salir-de-aqui-cancion-adelanto-de-su-proximo-album\\\/#primaryimage\"},\"image\":{\"@id\":\"https:\\\/\\\/talcomosoy.com.ar\\\/index.php\\\/parra-ultravioleta-presento-salir-de-aqui-cancion-adelanto-de-su-proximo-album\\\/#primaryimage\"},\"thumbnailUrl\":\"https:\\\/\\\/i0.wp.com\\\/talcomosoy.com.ar\\\/wp-content\\\/uploads\\\/2021\\\/06\\\/Screenshot_20210622-115155_Gmail-2.jpg?fit=880%2C571&ssl=1\",\"datePublished\":\"2021-06-22T15:08:48+00:00\",\"dateModified\":\"2021-06-23T13:01:29+00:00\",\"inLanguage\":\"es\",\"potentialAction\":[{\"@type\":\"ReadAction\",\"target\":[\"https:\\\/\\\/talcomosoy.com.ar\\\/index.php\\\/parra-ultravioleta-presento-salir-de-aqui-cancion-adelanto-de-su-proximo-album\\\/\"]}]},{\"@type\":\"ImageObject\",\"inLanguage\":\"es\",\"@id\":\"https:\\\/\\\/talcomosoy.com.ar\\\/index.php\\\/parra-ultravioleta-presento-salir-de-aqui-cancion-adelanto-de-su-proximo-album\\\/#primaryimage\",\"url\":\"https:\\\/\\\/i0.wp.com\\\/talcomosoy.com.ar\\\/wp-content\\\/uploads\\\/2021\\\/06\\\/Screenshot_20210622-115155_Gmail-2.jpg?fit=880%2C571&ssl=1\",\"contentUrl\":\"https:\\\/\\\/i0.wp.com\\\/talcomosoy.com.ar\\\/wp-content\\\/uploads\\\/2021\\\/06\\\/Screenshot_20210622-115155_Gmail-2.jpg?fit=880%2C571&ssl=1\",\"width\":880,\"height\":571},{\"@type\":\"WebSite\",\"@id\":\"https:\\\/\\\/talcomosoy.com.ar\\\/#website\",\"url\":\"https:\\\/\\\/talcomosoy.com.ar\\\/\",\"name\":\"Tal Como Soy\",\"description\":\"Magazine Musical Digital\",\"publisher\":{\"@id\":\"https:\\\/\\\/talcomosoy.com.ar\\\/#organization\"},\"potentialAction\":[{\"@type\":\"SearchAction\",\"target\":{\"@type\":\"EntryPoint\",\"urlTemplate\":\"https:\\\/\\\/talcomosoy.com.ar\\\/?s={search_term_string}\"},\"query-input\":{\"@type\":\"PropertyValueSpecification\",\"valueRequired\":true,\"valueName\":\"search_term_string\"}}],\"inLanguage\":\"es\"},{\"@type\":\"Organization\",\"@id\":\"https:\\\/\\\/talcomosoy.com.ar\\\/#organization\",\"name\":\"Tal Como Soy\",\"url\":\"https:\\\/\\\/talcomosoy.com.ar\\\/\",\"logo\":{\"@type\":\"ImageObject\",\"inLanguage\":\"es\",\"@id\":\"https:\\\/\\\/talcomosoy.com.ar\\\/#\\\/schema\\\/logo\\\/image\\\/\",\"url\":\"https:\\\/\\\/i0.wp.com\\\/talcomosoy.com.ar\\\/wp-content\\\/uploads\\\/2020\\\/02\\\/PUA-2020-TRANSPARENTE.png?fit=570%2C382&ssl=1\",\"contentUrl\":\"https:\\\/\\\/i0.wp.com\\\/talcomosoy.com.ar\\\/wp-content\\\/uploads\\\/2020\\\/02\\\/PUA-2020-TRANSPARENTE.png?fit=570%2C382&ssl=1\",\"width\":570,\"height\":382,\"caption\":\"Tal Como Soy\"},\"image\":{\"@id\":\"https:\\\/\\\/talcomosoy.com.ar\\\/#\\\/schema\\\/logo\\\/image\\\/\"},\"sameAs\":[\"https:\\\/\\\/www.facebook.com\\\/talcomosoyok\",\"https:\\\/\\\/x.com\\\/talcomosoyok\",\"https:\\\/\\\/www.instagram.com\\\/talcomosoyok\",\"https:\\\/\\\/www.youtube.com\\\/channel\\\/UCrutZzYQmd9Fe8pEm5wqsiw\"]},{\"@type\":\"Person\",\"@id\":\"https:\\\/\\\/talcomosoy.com.ar\\\/#\\\/schema\\\/person\\\/496b3561bd436afcf2be92147ff855c9\",\"name\":\"Sinda Miranda\",\"image\":{\"@type\":\"ImageObject\",\"inLanguage\":\"es\",\"@id\":\"https:\\\/\\\/secure.gravatar.com\\\/avatar\\\/ab0e992fc0b7117fe730d00fb0e44073b1fd6e28d69de8e7ac3103f1396f445e?s=96&d=mm&r=g\",\"url\":\"https:\\\/\\\/secure.gravatar.com\\\/avatar\\\/ab0e992fc0b7117fe730d00fb0e44073b1fd6e28d69de8e7ac3103f1396f445e?s=96&d=mm&r=g\",\"contentUrl\":\"https:\\\/\\\/secure.gravatar.com\\\/avatar\\\/ab0e992fc0b7117fe730d00fb0e44073b1fd6e28d69de8e7ac3103f1396f445e?s=96&d=mm&r=g\",\"caption\":\"Sinda Miranda\"},\"description\":\"Escritora, Fot\u00f3grafa, Agente de Prensa\",\"sameAs\":[\"https:\\\/\\\/www.facebook.com\\\/sindamiranda\",\"https:\\\/\\\/www.instagram.com\\\/sindamiranda\",\"https:\\\/\\\/x.com\\\/sindamiranda\"],\"url\":\"https:\\\/\\\/talcomosoy.com.ar\\\/index.php\\\/author\\\/sindamirandatcs\\\/\"}]}<\/script>\n<!-- \/ Yoast SEO plugin. -->","yoast_head_json":{"title":"Parra Ultravioleta present\u00f3 \u201cSalir de aqu\u00ed\u201d, canci\u00f3n adelanto de su pr\u00f3ximo \u00e1lbum \u00a0 - Tal Como Soy","robots":{"index":"index","follow":"follow","max-snippet":"max-snippet:-1","max-image-preview":"max-image-preview:large","max-video-preview":"max-video-preview:-1"},"canonical":"https:\/\/talcomosoy.com.ar\/index.php\/parra-ultravioleta-presento-salir-de-aqui-cancion-adelanto-de-su-proximo-album\/","og_locale":"es_ES","og_type":"article","og_title":"Parra Ultravioleta present\u00f3 \u201cSalir de aqu\u00ed\u201d, canci\u00f3n adelanto de su pr\u00f3ximo \u00e1lbum \u00a0 - Tal Como Soy","og_description":"El conjunto de rock platense Parra Ultravioleta present\u00f3 \u201cSalir de aqu\u00ed\u201d, tema adelanto de lo","og_url":"https:\/\/talcomosoy.com.ar\/index.php\/parra-ultravioleta-presento-salir-de-aqui-cancion-adelanto-de-su-proximo-album\/","og_site_name":"Tal Como Soy","article_publisher":"https:\/\/www.facebook.com\/talcomosoyok","article_author":"https:\/\/www.facebook.com\/sindamiranda","article_published_time":"2021-06-22T15:08:48+00:00","article_modified_time":"2021-06-23T13:01:29+00:00","og_image":[{"width":880,"height":571,"url":"https:\/\/i0.wp.com\/talcomosoy.com.ar\/wp-content\/uploads\/2021\/06\/Screenshot_20210622-115155_Gmail-2.jpg?fit=880%2C571&ssl=1","type":"image\/jpeg"}],"author":"Sinda Miranda","twitter_card":"summary_large_image","twitter_creator":"@sindamiranda","twitter_site":"@talcomosoyok","twitter_misc":{"Escrito por":"Sinda Miranda","Tiempo de lectura":"2 minutos"},"schema":{"@context":"https:\/\/schema.org","@graph":[{"@type":"Article","@id":"https:\/\/talcomosoy.com.ar\/index.php\/parra-ultravioleta-presento-salir-de-aqui-cancion-adelanto-de-su-proximo-album\/#article","isPartOf":{"@id":"https:\/\/talcomosoy.com.ar\/index.php\/parra-ultravioleta-presento-salir-de-aqui-cancion-adelanto-de-su-proximo-album\/"},"author":{"name":"Sinda Miranda","@id":"https:\/\/talcomosoy.com.ar\/#\/schema\/person\/496b3561bd436afcf2be92147ff855c9"},"headline":"Parra Ultravioleta present\u00f3 \u201cSalir de aqu\u00ed\u201d, canci\u00f3n adelanto de su pr\u00f3ximo \u00e1lbum \u00a0","datePublished":"2021-06-22T15:08:48+00:00","dateModified":"2021-06-23T13:01:29+00:00","mainEntityOfPage":{"@id":"https:\/\/talcomosoy.com.ar\/index.php\/parra-ultravioleta-presento-salir-de-aqui-cancion-adelanto-de-su-proximo-album\/"},"wordCount":275,"publisher":{"@id":"https:\/\/talcomosoy.com.ar\/#organization"},"image":{"@id":"https:\/\/talcomosoy.com.ar\/index.php\/parra-ultravioleta-presento-salir-de-aqui-cancion-adelanto-de-su-proximo-album\/#primaryimage"},"thumbnailUrl":"https:\/\/i0.wp.com\/talcomosoy.com.ar\/wp-content\/uploads\/2021\/06\/Screenshot_20210622-115155_Gmail-2.jpg?fit=880%2C571&ssl=1","articleSection":["Lanzamientos","M\u00fasica","Rock Platense"],"inLanguage":"es"},{"@type":"WebPage","@id":"https:\/\/talcomosoy.com.ar\/index.php\/parra-ultravioleta-presento-salir-de-aqui-cancion-adelanto-de-su-proximo-album\/","url":"https:\/\/talcomosoy.com.ar\/index.php\/parra-ultravioleta-presento-salir-de-aqui-cancion-adelanto-de-su-proximo-album\/","name":"Parra Ultravioleta present\u00f3 \u201cSalir de aqu\u00ed\u201d, canci\u00f3n adelanto de su pr\u00f3ximo \u00e1lbum \u00a0 - Tal Como Soy","isPartOf":{"@id":"https:\/\/talcomosoy.com.ar\/#website"},"primaryImageOfPage":{"@id":"https:\/\/talcomosoy.com.ar\/index.php\/parra-ultravioleta-presento-salir-de-aqui-cancion-adelanto-de-su-proximo-album\/#primaryimage"},"image":{"@id":"https:\/\/talcomosoy.com.ar\/index.php\/parra-ultravioleta-presento-salir-de-aqui-cancion-adelanto-de-su-proximo-album\/#primaryimage"},"thumbnailUrl":"https:\/\/i0.wp.com\/talcomosoy.com.ar\/wp-content\/uploads\/2021\/06\/Screenshot_20210622-115155_Gmail-2.jpg?fit=880%2C571&ssl=1","datePublished":"2021-06-22T15:08:48+00:00","dateModified":"2021-06-23T13:01:29+00:00","inLanguage":"es","potentialAction":[{"@type":"ReadAction","target":["https:\/\/talcomosoy.com.ar\/index.php\/parra-ultravioleta-presento-salir-de-aqui-cancion-adelanto-de-su-proximo-album\/"]}]},{"@type":"ImageObject","inLanguage":"es","@id":"https:\/\/talcomosoy.com.ar\/index.php\/parra-ultravioleta-presento-salir-de-aqui-cancion-adelanto-de-su-proximo-album\/#primaryimage","url":"https:\/\/i0.wp.com\/talcomosoy.com.ar\/wp-content\/uploads\/2021\/06\/Screenshot_20210622-115155_Gmail-2.jpg?fit=880%2C571&ssl=1","contentUrl":"https:\/\/i0.wp.com\/talcomosoy.com.ar\/wp-content\/uploads\/2021\/06\/Screenshot_20210622-115155_Gmail-2.jpg?fit=880%2C571&ssl=1","width":880,"height":571},{"@type":"WebSite","@id":"https:\/\/talcomosoy.com.ar\/#website","url":"https:\/\/talcomosoy.com.ar\/","name":"Tal Como Soy","description":"Magazine Musical Digital","publisher":{"@id":"https:\/\/talcomosoy.com.ar\/#organization"},"potentialAction":[{"@type":"SearchAction","target":{"@type":"EntryPoint","urlTemplate":"https:\/\/talcomosoy.com.ar\/?s={search_term_string}"},"query-input":{"@type":"PropertyValueSpecification","valueRequired":true,"valueName":"search_term_string"}}],"inLanguage":"es"},{"@type":"Organization","@id":"https:\/\/talcomosoy.com.ar\/#organization","name":"Tal Como Soy","url":"https:\/\/talcomosoy.com.ar\/","logo":{"@type":"ImageObject","inLanguage":"es","@id":"https:\/\/talcomosoy.com.ar\/#\/schema\/logo\/image\/","url":"https:\/\/i0.wp.com\/talcomosoy.com.ar\/wp-content\/uploads\/2020\/02\/PUA-2020-TRANSPARENTE.png?fit=570%2C382&ssl=1","contentUrl":"https:\/\/i0.wp.com\/talcomosoy.com.ar\/wp-content\/uploads\/2020\/02\/PUA-2020-TRANSPARENTE.png?fit=570%2C382&ssl=1","width":570,"height":382,"caption":"Tal Como Soy"},"image":{"@id":"https:\/\/talcomosoy.com.ar\/#\/schema\/logo\/image\/"},"sameAs":["https:\/\/www.facebook.com\/talcomosoyok","https:\/\/x.com\/talcomosoyok","https:\/\/www.instagram.com\/talcomosoyok","https:\/\/www.youtube.com\/channel\/UCrutZzYQmd9Fe8pEm5wqsiw"]},{"@type":"Person","@id":"https:\/\/talcomosoy.com.ar\/#\/schema\/person\/496b3561bd436afcf2be92147ff855c9","name":"Sinda Miranda","image":{"@type":"ImageObject","inLanguage":"es","@id":"https:\/\/secure.gravatar.com\/avatar\/ab0e992fc0b7117fe730d00fb0e44073b1fd6e28d69de8e7ac3103f1396f445e?s=96&d=mm&r=g","url":"https:\/\/secure.gravatar.com\/avatar\/ab0e992fc0b7117fe730d00fb0e44073b1fd6e28d69de8e7ac3103f1396f445e?s=96&d=mm&r=g","contentUrl":"https:\/\/secure.gravatar.com\/avatar\/ab0e992fc0b7117fe730d00fb0e44073b1fd6e28d69de8e7ac3103f1396f445e?s=96&d=mm&r=g","caption":"Sinda Miranda"},"description":"Escritora, Fot\u00f3grafa, Agente de Prensa","sameAs":["https:\/\/www.facebook.com\/sindamiranda","https:\/\/www.instagram.com\/sindamiranda","https:\/\/x.com\/sindamiranda"],"url":"https:\/\/talcomosoy.com.ar\/index.php\/author\/sindamirandatcs\/"}]}},"jetpack_publicize_connections":[],"jetpack_sharing_enabled":true,"jetpack_likes_enabled":true,"jetpack_featured_media_url":"https:\/\/i0.wp.com\/talcomosoy.com.ar\/wp-content\/uploads\/2021\/06\/Screenshot_20210622-115155_Gmail-2.jpg?fit=880%2C571&ssl=1","_links":{"self":[{"href":"https:\/\/talcomosoy.com.ar\/index.php\/wp-json\/wp\/v2\/posts\/4669","targetHints":{"allow":["GET"]}}],"collection":[{"href":"https:\/\/talcomosoy.com.ar\/index.php\/wp-json\/wp\/v2\/posts"}],"about":[{"href":"https:\/\/talcomosoy.com.ar\/index.php\/wp-json\/wp\/v2\/types\/post"}],"author":[{"embeddable":true,"href":"https:\/\/talcomosoy.com.ar\/index.php\/wp-json\/wp\/v2\/users\/1"}],"replies":[{"embeddable":true,"href":"https:\/\/talcomosoy.com.ar\/index.php\/wp-json\/wp\/v2\/comments?post=4669"}],"version-history":[{"count":2,"href":"https:\/\/talcomosoy.com.ar\/index.php\/wp-json\/wp\/v2\/posts\/4669\/revisions"}],"predecessor-version":[{"id":4674,"href":"https:\/\/talcomosoy.com.ar\/index.php\/wp-json\/wp\/v2\/posts\/4669\/revisions\/4674"}],"wp:featuredmedia":[{"embeddable":true,"href":"https:\/\/talcomosoy.com.ar\/index.php\/wp-json\/wp\/v2\/media\/4672"}],"wp:attachment":[{"href":"https:\/\/talcomosoy.com.ar\/index.php\/wp-json\/wp\/v2\/media?parent=4669"}],"wp:term":[{"taxonomy":"category","embeddable":true,"href":"https:\/\/talcomosoy.com.ar\/index.php\/wp-json\/wp\/v2\/categories?post=4669"},{"taxonomy":"post_tag","embeddable":true,"href":"https:\/\/talcomosoy.com.ar\/index.php\/wp-json\/wp\/v2\/tags?post=4669"}],"curies":[{"name":"wp","href":"https:\/\/api.w.org\/{rel}","templated":true}]}}