{"id":4660,"date":"2021-06-22T10:11:55","date_gmt":"2021-06-22T13:11:55","guid":{"rendered":"https:\/\/talcomosoy.com.ar\/?p=4660"},"modified":"2021-06-23T10:00:10","modified_gmt":"2021-06-23T13:00:10","slug":"rivales-presenta-verano-la-ultima-parte-de-su-disco-conceptual","status":"publish","type":"post","link":"https:\/\/talcomosoy.com.ar\/index.php\/rivales-presenta-verano-la-ultima-parte-de-su-disco-conceptual\/","title":{"rendered":"Rivales\u00a0presenta\u00a0\u00abVerano\u00bb, la \u00faltima parte de su disco conceptual"},"content":{"rendered":"<h3>Despu\u00e9s del bloque \u00abOto\u00f1o\/Invierno\u00bb con su calidez y romanticismo, lleg\u00f3 el momento de presentar el \u00faltimo bloque que trajo la fiesta de\u00a0\u00a0\u00abPrimavera\u00bb y que ahora presenta \u00a8Verano\u00a8,\u00a0\u00a0la \u00faltima parte de este gran trabajo conceptual de Rivales.<\/h3>\n<p>&nbsp;<\/p>\n<h4>Dale Play<\/h4>\n<p>&nbsp;<\/p>\n<p><iframe title=\"Spotify Embed: Verano\" style=\"border-radius: 12px\" width=\"100%\" height=\"352\" frameborder=\"0\" allowfullscreen allow=\"autoplay; clipboard-write; encrypted-media; fullscreen; picture-in-picture\" loading=\"lazy\" src=\"https:\/\/open.spotify.com\/embed\/album\/4Zl5xU9FafJBfpUCWlcyH8?si=7a77f8147a44493e&#038;utm_source=oembed\"><\/iframe><\/p>\n<p><em>Verano<\/em> fue grabado en Estudio de Sebasti\u00e1n Perkal y CBCT Home Studio, cont\u00f3 con la producci\u00f3n de Rivales, la mezcla de Sebasti\u00e1n Perkal y el mastering de Diego Guerrero.<\/p>\n<p>De esta \u00faltima entrega que nos presenta Rivales se desprende como corte \u00a8Intriga\u00a8.<\/p>\n<p>&nbsp;<\/p>\n<p><strong>Escucha \u00a8Intriga\u00a8<\/strong><\/p>\n<p>&nbsp;<\/p>\n<p><iframe title=\"Spotify Embed: Intriga\" style=\"border-radius: 12px\" width=\"100%\" height=\"152\" frameborder=\"0\" allowfullscreen allow=\"autoplay; clipboard-write; encrypted-media; fullscreen; picture-in-picture\" loading=\"lazy\" src=\"https:\/\/open.spotify.com\/embed\/track\/4RdgAtMaGNoCIComgpHxuG?si=da168f5ff50d42c6&#038;utm_source=oembed\"><\/iframe><\/p>\n<p>&nbsp;<\/p>\n<h3>Acerca de Rivales<\/h3>\n<p>&nbsp;<\/p>\n<p><strong>Rivales<\/strong> es una banda que fusiona estilos musicales como el rock, punk y el reggae.\u00a0Desde sus comienzos en el a\u00f1o 2003, sus integrantes hicieron que la banda vaya madurando y asentando su est\u00e9tica y sonido.\u00a0Desde las ant\u00edpodas musicales que nacieron en la ciudad de La Plata, Rivales recorre esquemas musicales propios generando un estilo particular que va desde el punk noventoso hasta el reggae contemporaneo.<\/p>\n<p>Pasando por numerosos integrantes en lo que va de vida, Rivales hoy tiene su formaci\u00f3n m\u00e1s fuerte, atravesando ya por dos discos de estudio, Rivales (2014), Serotonina (2017), y su \u00faltimo lanzamiento\u00a0\u201cOto\u00f1o\u201d (el primero de una obra conceptual) para llegar a Invierno, la segunda estaci\u00f3n de esta obra.<\/p>\n<p>Compartiendo escenarios con artistas como Ska-P, Molotov, Cultura Prof\u00e9tica The Locos, La Vela Puerca, Ciro y los Persas, Cielo Razzo, El Bordo, Kapanga, El Kuelgue, El Plan De La Mariposa, Jeites, entre otros, adem\u00e1s de festivales\u00a0Rock en Baradero, Festival Capital, Festival Isoca, Festival Soy M\u00fasica Fest (Uruguay), y recientemente fueron parte del festival online Billboard \u00a8Unidos por la m\u00fasica\u00a8 de esta manera Rivales hoy pasa a ser, m\u00e1s all\u00e1 de un grupo de amigos, una banda que empieza a pisar fuerte en la escena.<\/p>\n<p>Para m\u00e1s informaci\u00f3n sobre Rivales, visit\u00e1 su <a href=\"https:\/\/m.facebook.com\/rivalesoficial\">fanpage<\/a>.<\/p>\n<p>&nbsp;<\/p>\n","protected":false},"excerpt":{"rendered":"<p>Despu\u00e9s del bloque \u00abOto\u00f1o\/Invierno\u00bb con su calidez y romanticismo, lleg\u00f3 el momento de presentar el<\/p>\n","protected":false},"author":1,"featured_media":4661,"comment_status":"closed","ping_status":"closed","sticky":false,"template":"","format":"standard","meta":{"_jetpack_newsletter_access":"","_jetpack_dont_email_post_to_subs":false,"_jetpack_newsletter_tier_id":0,"_jetpack_memberships_contains_paywalled_content":false,"_jetpack_feature_clip_id":0,"_jetpack_memberships_contains_paid_content":false,"footnotes":"","jetpack_publicize_message":"","jetpack_publicize_feature_enabled":true,"jetpack_social_post_already_shared":true,"jetpack_social_options":{"image_generator_settings":{"template":"highway","default_image_id":0,"font":"","enabled":false},"version":2},"jetpack_post_was_ever_published":false},"categories":[2,233],"tags":[],"class_list":["post-4660","post","type-post","status-publish","format-standard","has-post-thumbnail","hentry","category-musica","category-rock-platense"],"yoast_head":"<!-- This site is optimized with the Yoast SEO plugin v28.3 - https:\/\/yoast.com\/product\/yoast-seo-wordpress\/ -->\n<title>Rivales\u00a0presenta\u00a0&quot;Verano&quot;, la \u00faltima parte de su disco conceptual - Tal Como Soy<\/title>\n<meta name=\"robots\" content=\"index, follow, max-snippet:-1, max-image-preview:large, max-video-preview:-1\" \/>\n<link rel=\"canonical\" href=\"https:\/\/talcomosoy.com.ar\/index.php\/rivales-presenta-verano-la-ultima-parte-de-su-disco-conceptual\/\" \/>\n<meta property=\"og:locale\" content=\"es_ES\" \/>\n<meta property=\"og:type\" content=\"article\" \/>\n<meta property=\"og:title\" content=\"Rivales\u00a0presenta\u00a0&quot;Verano&quot;, la \u00faltima parte de su disco conceptual - Tal Como Soy\" \/>\n<meta property=\"og:description\" content=\"Despu\u00e9s del bloque \u00abOto\u00f1o\/Invierno\u00bb con su calidez y romanticismo, lleg\u00f3 el momento de presentar el\" \/>\n<meta property=\"og:url\" content=\"https:\/\/talcomosoy.com.ar\/index.php\/rivales-presenta-verano-la-ultima-parte-de-su-disco-conceptual\/\" \/>\n<meta property=\"og:site_name\" content=\"Tal Como Soy\" \/>\n<meta property=\"article:publisher\" content=\"https:\/\/www.facebook.com\/talcomosoyok\" \/>\n<meta property=\"article:author\" content=\"https:\/\/www.facebook.com\/sindamiranda\" \/>\n<meta property=\"article:published_time\" content=\"2021-06-22T13:11:55+00:00\" \/>\n<meta property=\"article:modified_time\" content=\"2021-06-23T13:00:10+00:00\" \/>\n<meta property=\"og:image\" content=\"https:\/\/i0.wp.com\/talcomosoy.com.ar\/wp-content\/uploads\/2021\/06\/Screenshot_20210622-100202_Gmail.jpg?fit=925%2C925&ssl=1\" \/>\n\t<meta property=\"og:image:width\" content=\"925\" \/>\n\t<meta property=\"og:image:height\" content=\"925\" \/>\n\t<meta property=\"og:image:type\" content=\"image\/jpeg\" \/>\n<meta name=\"author\" content=\"Sinda Miranda\" \/>\n<meta name=\"twitter:card\" content=\"summary_large_image\" \/>\n<meta name=\"twitter:creator\" content=\"@sindamiranda\" \/>\n<meta name=\"twitter:site\" content=\"@talcomosoyok\" \/>\n<meta name=\"twitter:label1\" content=\"Escrito por\" \/>\n\t<meta name=\"twitter:data1\" content=\"Sinda Miranda\" \/>\n\t<meta name=\"twitter:label2\" content=\"Tiempo de lectura\" \/>\n\t<meta name=\"twitter:data2\" content=\"2 minutos\" \/>\n<script type=\"application\/ld+json\" class=\"yoast-schema-graph\">{\"@context\":\"https:\\\/\\\/schema.org\",\"@graph\":[{\"@type\":\"Article\",\"@id\":\"https:\\\/\\\/talcomosoy.com.ar\\\/index.php\\\/rivales-presenta-verano-la-ultima-parte-de-su-disco-conceptual\\\/#article\",\"isPartOf\":{\"@id\":\"https:\\\/\\\/talcomosoy.com.ar\\\/index.php\\\/rivales-presenta-verano-la-ultima-parte-de-su-disco-conceptual\\\/\"},\"author\":{\"name\":\"Sinda Miranda\",\"@id\":\"https:\\\/\\\/talcomosoy.com.ar\\\/#\\\/schema\\\/person\\\/496b3561bd436afcf2be92147ff855c9\"},\"headline\":\"Rivales\u00a0presenta\u00a0\u00abVerano\u00bb, la \u00faltima parte de su disco conceptual\",\"datePublished\":\"2021-06-22T13:11:55+00:00\",\"dateModified\":\"2021-06-23T13:00:10+00:00\",\"mainEntityOfPage\":{\"@id\":\"https:\\\/\\\/talcomosoy.com.ar\\\/index.php\\\/rivales-presenta-verano-la-ultima-parte-de-su-disco-conceptual\\\/\"},\"wordCount\":355,\"publisher\":{\"@id\":\"https:\\\/\\\/talcomosoy.com.ar\\\/#organization\"},\"image\":{\"@id\":\"https:\\\/\\\/talcomosoy.com.ar\\\/index.php\\\/rivales-presenta-verano-la-ultima-parte-de-su-disco-conceptual\\\/#primaryimage\"},\"thumbnailUrl\":\"https:\\\/\\\/i0.wp.com\\\/talcomosoy.com.ar\\\/wp-content\\\/uploads\\\/2021\\\/06\\\/Screenshot_20210622-100202_Gmail.jpg?fit=925%2C925&ssl=1\",\"articleSection\":[\"M\u00fasica\",\"Rock Platense\"],\"inLanguage\":\"es\"},{\"@type\":\"WebPage\",\"@id\":\"https:\\\/\\\/talcomosoy.com.ar\\\/index.php\\\/rivales-presenta-verano-la-ultima-parte-de-su-disco-conceptual\\\/\",\"url\":\"https:\\\/\\\/talcomosoy.com.ar\\\/index.php\\\/rivales-presenta-verano-la-ultima-parte-de-su-disco-conceptual\\\/\",\"name\":\"Rivales\u00a0presenta\u00a0\\\"Verano\\\", la \u00faltima parte de su disco conceptual - Tal Como Soy\",\"isPartOf\":{\"@id\":\"https:\\\/\\\/talcomosoy.com.ar\\\/#website\"},\"primaryImageOfPage\":{\"@id\":\"https:\\\/\\\/talcomosoy.com.ar\\\/index.php\\\/rivales-presenta-verano-la-ultima-parte-de-su-disco-conceptual\\\/#primaryimage\"},\"image\":{\"@id\":\"https:\\\/\\\/talcomosoy.com.ar\\\/index.php\\\/rivales-presenta-verano-la-ultima-parte-de-su-disco-conceptual\\\/#primaryimage\"},\"thumbnailUrl\":\"https:\\\/\\\/i0.wp.com\\\/talcomosoy.com.ar\\\/wp-content\\\/uploads\\\/2021\\\/06\\\/Screenshot_20210622-100202_Gmail.jpg?fit=925%2C925&ssl=1\",\"datePublished\":\"2021-06-22T13:11:55+00:00\",\"dateModified\":\"2021-06-23T13:00:10+00:00\",\"inLanguage\":\"es\",\"potentialAction\":[{\"@type\":\"ReadAction\",\"target\":[\"https:\\\/\\\/talcomosoy.com.ar\\\/index.php\\\/rivales-presenta-verano-la-ultima-parte-de-su-disco-conceptual\\\/\"]}]},{\"@type\":\"ImageObject\",\"inLanguage\":\"es\",\"@id\":\"https:\\\/\\\/talcomosoy.com.ar\\\/index.php\\\/rivales-presenta-verano-la-ultima-parte-de-su-disco-conceptual\\\/#primaryimage\",\"url\":\"https:\\\/\\\/i0.wp.com\\\/talcomosoy.com.ar\\\/wp-content\\\/uploads\\\/2021\\\/06\\\/Screenshot_20210622-100202_Gmail.jpg?fit=925%2C925&ssl=1\",\"contentUrl\":\"https:\\\/\\\/i0.wp.com\\\/talcomosoy.com.ar\\\/wp-content\\\/uploads\\\/2021\\\/06\\\/Screenshot_20210622-100202_Gmail.jpg?fit=925%2C925&ssl=1\",\"width\":925,\"height\":925},{\"@type\":\"WebSite\",\"@id\":\"https:\\\/\\\/talcomosoy.com.ar\\\/#website\",\"url\":\"https:\\\/\\\/talcomosoy.com.ar\\\/\",\"name\":\"Tal Como Soy\",\"description\":\"Magazine Musical Digital\",\"publisher\":{\"@id\":\"https:\\\/\\\/talcomosoy.com.ar\\\/#organization\"},\"potentialAction\":[{\"@type\":\"SearchAction\",\"target\":{\"@type\":\"EntryPoint\",\"urlTemplate\":\"https:\\\/\\\/talcomosoy.com.ar\\\/?s={search_term_string}\"},\"query-input\":{\"@type\":\"PropertyValueSpecification\",\"valueRequired\":true,\"valueName\":\"search_term_string\"}}],\"inLanguage\":\"es\"},{\"@type\":\"Organization\",\"@id\":\"https:\\\/\\\/talcomosoy.com.ar\\\/#organization\",\"name\":\"Tal Como Soy\",\"url\":\"https:\\\/\\\/talcomosoy.com.ar\\\/\",\"logo\":{\"@type\":\"ImageObject\",\"inLanguage\":\"es\",\"@id\":\"https:\\\/\\\/talcomosoy.com.ar\\\/#\\\/schema\\\/logo\\\/image\\\/\",\"url\":\"https:\\\/\\\/i0.wp.com\\\/talcomosoy.com.ar\\\/wp-content\\\/uploads\\\/2020\\\/02\\\/PUA-2020-TRANSPARENTE.png?fit=570%2C382&ssl=1\",\"contentUrl\":\"https:\\\/\\\/i0.wp.com\\\/talcomosoy.com.ar\\\/wp-content\\\/uploads\\\/2020\\\/02\\\/PUA-2020-TRANSPARENTE.png?fit=570%2C382&ssl=1\",\"width\":570,\"height\":382,\"caption\":\"Tal Como Soy\"},\"image\":{\"@id\":\"https:\\\/\\\/talcomosoy.com.ar\\\/#\\\/schema\\\/logo\\\/image\\\/\"},\"sameAs\":[\"https:\\\/\\\/www.facebook.com\\\/talcomosoyok\",\"https:\\\/\\\/x.com\\\/talcomosoyok\",\"https:\\\/\\\/www.instagram.com\\\/talcomosoyok\",\"https:\\\/\\\/www.youtube.com\\\/channel\\\/UCrutZzYQmd9Fe8pEm5wqsiw\"]},{\"@type\":\"Person\",\"@id\":\"https:\\\/\\\/talcomosoy.com.ar\\\/#\\\/schema\\\/person\\\/496b3561bd436afcf2be92147ff855c9\",\"name\":\"Sinda Miranda\",\"image\":{\"@type\":\"ImageObject\",\"inLanguage\":\"es\",\"@id\":\"https:\\\/\\\/secure.gravatar.com\\\/avatar\\\/ab0e992fc0b7117fe730d00fb0e44073b1fd6e28d69de8e7ac3103f1396f445e?s=96&d=mm&r=g\",\"url\":\"https:\\\/\\\/secure.gravatar.com\\\/avatar\\\/ab0e992fc0b7117fe730d00fb0e44073b1fd6e28d69de8e7ac3103f1396f445e?s=96&d=mm&r=g\",\"contentUrl\":\"https:\\\/\\\/secure.gravatar.com\\\/avatar\\\/ab0e992fc0b7117fe730d00fb0e44073b1fd6e28d69de8e7ac3103f1396f445e?s=96&d=mm&r=g\",\"caption\":\"Sinda Miranda\"},\"description\":\"Escritora, Fot\u00f3grafa, Agente de Prensa\",\"sameAs\":[\"https:\\\/\\\/www.facebook.com\\\/sindamiranda\",\"https:\\\/\\\/www.instagram.com\\\/sindamiranda\",\"https:\\\/\\\/x.com\\\/sindamiranda\"],\"url\":\"https:\\\/\\\/talcomosoy.com.ar\\\/index.php\\\/author\\\/sindamirandatcs\\\/\"}]}<\/script>\n<!-- \/ Yoast SEO plugin. -->","yoast_head_json":{"title":"Rivales\u00a0presenta\u00a0\"Verano\", la \u00faltima parte de su disco conceptual - Tal Como Soy","robots":{"index":"index","follow":"follow","max-snippet":"max-snippet:-1","max-image-preview":"max-image-preview:large","max-video-preview":"max-video-preview:-1"},"canonical":"https:\/\/talcomosoy.com.ar\/index.php\/rivales-presenta-verano-la-ultima-parte-de-su-disco-conceptual\/","og_locale":"es_ES","og_type":"article","og_title":"Rivales\u00a0presenta\u00a0\"Verano\", la \u00faltima parte de su disco conceptual - Tal Como Soy","og_description":"Despu\u00e9s del bloque \u00abOto\u00f1o\/Invierno\u00bb con su calidez y romanticismo, lleg\u00f3 el momento de presentar el","og_url":"https:\/\/talcomosoy.com.ar\/index.php\/rivales-presenta-verano-la-ultima-parte-de-su-disco-conceptual\/","og_site_name":"Tal Como Soy","article_publisher":"https:\/\/www.facebook.com\/talcomosoyok","article_author":"https:\/\/www.facebook.com\/sindamiranda","article_published_time":"2021-06-22T13:11:55+00:00","article_modified_time":"2021-06-23T13:00:10+00:00","og_image":[{"width":925,"height":925,"url":"https:\/\/i0.wp.com\/talcomosoy.com.ar\/wp-content\/uploads\/2021\/06\/Screenshot_20210622-100202_Gmail.jpg?fit=925%2C925&ssl=1","type":"image\/jpeg"}],"author":"Sinda Miranda","twitter_card":"summary_large_image","twitter_creator":"@sindamiranda","twitter_site":"@talcomosoyok","twitter_misc":{"Escrito por":"Sinda Miranda","Tiempo de lectura":"2 minutos"},"schema":{"@context":"https:\/\/schema.org","@graph":[{"@type":"Article","@id":"https:\/\/talcomosoy.com.ar\/index.php\/rivales-presenta-verano-la-ultima-parte-de-su-disco-conceptual\/#article","isPartOf":{"@id":"https:\/\/talcomosoy.com.ar\/index.php\/rivales-presenta-verano-la-ultima-parte-de-su-disco-conceptual\/"},"author":{"name":"Sinda Miranda","@id":"https:\/\/talcomosoy.com.ar\/#\/schema\/person\/496b3561bd436afcf2be92147ff855c9"},"headline":"Rivales\u00a0presenta\u00a0\u00abVerano\u00bb, la \u00faltima parte de su disco conceptual","datePublished":"2021-06-22T13:11:55+00:00","dateModified":"2021-06-23T13:00:10+00:00","mainEntityOfPage":{"@id":"https:\/\/talcomosoy.com.ar\/index.php\/rivales-presenta-verano-la-ultima-parte-de-su-disco-conceptual\/"},"wordCount":355,"publisher":{"@id":"https:\/\/talcomosoy.com.ar\/#organization"},"image":{"@id":"https:\/\/talcomosoy.com.ar\/index.php\/rivales-presenta-verano-la-ultima-parte-de-su-disco-conceptual\/#primaryimage"},"thumbnailUrl":"https:\/\/i0.wp.com\/talcomosoy.com.ar\/wp-content\/uploads\/2021\/06\/Screenshot_20210622-100202_Gmail.jpg?fit=925%2C925&ssl=1","articleSection":["M\u00fasica","Rock Platense"],"inLanguage":"es"},{"@type":"WebPage","@id":"https:\/\/talcomosoy.com.ar\/index.php\/rivales-presenta-verano-la-ultima-parte-de-su-disco-conceptual\/","url":"https:\/\/talcomosoy.com.ar\/index.php\/rivales-presenta-verano-la-ultima-parte-de-su-disco-conceptual\/","name":"Rivales\u00a0presenta\u00a0\"Verano\", la \u00faltima parte de su disco conceptual - Tal Como Soy","isPartOf":{"@id":"https:\/\/talcomosoy.com.ar\/#website"},"primaryImageOfPage":{"@id":"https:\/\/talcomosoy.com.ar\/index.php\/rivales-presenta-verano-la-ultima-parte-de-su-disco-conceptual\/#primaryimage"},"image":{"@id":"https:\/\/talcomosoy.com.ar\/index.php\/rivales-presenta-verano-la-ultima-parte-de-su-disco-conceptual\/#primaryimage"},"thumbnailUrl":"https:\/\/i0.wp.com\/talcomosoy.com.ar\/wp-content\/uploads\/2021\/06\/Screenshot_20210622-100202_Gmail.jpg?fit=925%2C925&ssl=1","datePublished":"2021-06-22T13:11:55+00:00","dateModified":"2021-06-23T13:00:10+00:00","inLanguage":"es","potentialAction":[{"@type":"ReadAction","target":["https:\/\/talcomosoy.com.ar\/index.php\/rivales-presenta-verano-la-ultima-parte-de-su-disco-conceptual\/"]}]},{"@type":"ImageObject","inLanguage":"es","@id":"https:\/\/talcomosoy.com.ar\/index.php\/rivales-presenta-verano-la-ultima-parte-de-su-disco-conceptual\/#primaryimage","url":"https:\/\/i0.wp.com\/talcomosoy.com.ar\/wp-content\/uploads\/2021\/06\/Screenshot_20210622-100202_Gmail.jpg?fit=925%2C925&ssl=1","contentUrl":"https:\/\/i0.wp.com\/talcomosoy.com.ar\/wp-content\/uploads\/2021\/06\/Screenshot_20210622-100202_Gmail.jpg?fit=925%2C925&ssl=1","width":925,"height":925},{"@type":"WebSite","@id":"https:\/\/talcomosoy.com.ar\/#website","url":"https:\/\/talcomosoy.com.ar\/","name":"Tal Como Soy","description":"Magazine Musical Digital","publisher":{"@id":"https:\/\/talcomosoy.com.ar\/#organization"},"potentialAction":[{"@type":"SearchAction","target":{"@type":"EntryPoint","urlTemplate":"https:\/\/talcomosoy.com.ar\/?s={search_term_string}"},"query-input":{"@type":"PropertyValueSpecification","valueRequired":true,"valueName":"search_term_string"}}],"inLanguage":"es"},{"@type":"Organization","@id":"https:\/\/talcomosoy.com.ar\/#organization","name":"Tal Como Soy","url":"https:\/\/talcomosoy.com.ar\/","logo":{"@type":"ImageObject","inLanguage":"es","@id":"https:\/\/talcomosoy.com.ar\/#\/schema\/logo\/image\/","url":"https:\/\/i0.wp.com\/talcomosoy.com.ar\/wp-content\/uploads\/2020\/02\/PUA-2020-TRANSPARENTE.png?fit=570%2C382&ssl=1","contentUrl":"https:\/\/i0.wp.com\/talcomosoy.com.ar\/wp-content\/uploads\/2020\/02\/PUA-2020-TRANSPARENTE.png?fit=570%2C382&ssl=1","width":570,"height":382,"caption":"Tal Como Soy"},"image":{"@id":"https:\/\/talcomosoy.com.ar\/#\/schema\/logo\/image\/"},"sameAs":["https:\/\/www.facebook.com\/talcomosoyok","https:\/\/x.com\/talcomosoyok","https:\/\/www.instagram.com\/talcomosoyok","https:\/\/www.youtube.com\/channel\/UCrutZzYQmd9Fe8pEm5wqsiw"]},{"@type":"Person","@id":"https:\/\/talcomosoy.com.ar\/#\/schema\/person\/496b3561bd436afcf2be92147ff855c9","name":"Sinda Miranda","image":{"@type":"ImageObject","inLanguage":"es","@id":"https:\/\/secure.gravatar.com\/avatar\/ab0e992fc0b7117fe730d00fb0e44073b1fd6e28d69de8e7ac3103f1396f445e?s=96&d=mm&r=g","url":"https:\/\/secure.gravatar.com\/avatar\/ab0e992fc0b7117fe730d00fb0e44073b1fd6e28d69de8e7ac3103f1396f445e?s=96&d=mm&r=g","contentUrl":"https:\/\/secure.gravatar.com\/avatar\/ab0e992fc0b7117fe730d00fb0e44073b1fd6e28d69de8e7ac3103f1396f445e?s=96&d=mm&r=g","caption":"Sinda Miranda"},"description":"Escritora, Fot\u00f3grafa, Agente de Prensa","sameAs":["https:\/\/www.facebook.com\/sindamiranda","https:\/\/www.instagram.com\/sindamiranda","https:\/\/x.com\/sindamiranda"],"url":"https:\/\/talcomosoy.com.ar\/index.php\/author\/sindamirandatcs\/"}]}},"jetpack_publicize_connections":[],"jetpack_sharing_enabled":true,"jetpack_likes_enabled":true,"jetpack_featured_media_url":"https:\/\/i0.wp.com\/talcomosoy.com.ar\/wp-content\/uploads\/2021\/06\/Screenshot_20210622-100202_Gmail.jpg?fit=925%2C925&ssl=1","_links":{"self":[{"href":"https:\/\/talcomosoy.com.ar\/index.php\/wp-json\/wp\/v2\/posts\/4660","targetHints":{"allow":["GET"]}}],"collection":[{"href":"https:\/\/talcomosoy.com.ar\/index.php\/wp-json\/wp\/v2\/posts"}],"about":[{"href":"https:\/\/talcomosoy.com.ar\/index.php\/wp-json\/wp\/v2\/types\/post"}],"author":[{"embeddable":true,"href":"https:\/\/talcomosoy.com.ar\/index.php\/wp-json\/wp\/v2\/users\/1"}],"replies":[{"embeddable":true,"href":"https:\/\/talcomosoy.com.ar\/index.php\/wp-json\/wp\/v2\/comments?post=4660"}],"version-history":[{"count":3,"href":"https:\/\/talcomosoy.com.ar\/index.php\/wp-json\/wp\/v2\/posts\/4660\/revisions"}],"predecessor-version":[{"id":4668,"href":"https:\/\/talcomosoy.com.ar\/index.php\/wp-json\/wp\/v2\/posts\/4660\/revisions\/4668"}],"wp:featuredmedia":[{"embeddable":true,"href":"https:\/\/talcomosoy.com.ar\/index.php\/wp-json\/wp\/v2\/media\/4661"}],"wp:attachment":[{"href":"https:\/\/talcomosoy.com.ar\/index.php\/wp-json\/wp\/v2\/media?parent=4660"}],"wp:term":[{"taxonomy":"category","embeddable":true,"href":"https:\/\/talcomosoy.com.ar\/index.php\/wp-json\/wp\/v2\/categories?post=4660"},{"taxonomy":"post_tag","embeddable":true,"href":"https:\/\/talcomosoy.com.ar\/index.php\/wp-json\/wp\/v2\/tags?post=4660"}],"curies":[{"name":"wp","href":"https:\/\/api.w.org\/{rel}","templated":true}]}}