{"id":4641,"date":"2021-06-16T17:28:21","date_gmt":"2021-06-16T20:28:21","guid":{"rendered":"https:\/\/talcomosoy.com.ar\/?p=4641"},"modified":"2021-06-16T17:32:42","modified_gmt":"2021-06-16T20:32:42","slug":"otono-en-mendoza-version-reggae-por-pocho-sosa-y-surco-pando","status":"publish","type":"post","link":"https:\/\/talcomosoy.com.ar\/index.php\/otono-en-mendoza-version-reggae-por-pocho-sosa-y-surco-pando\/","title":{"rendered":"\u00abOto\u00f1o en Mendoza\u00bb versi\u00f3n Reggae por Pocho Sosa y Surco Pando"},"content":{"rendered":"<h3>El pasado 9 de junio vio la luz una nueva versi\u00f3n de la tonada \u00abOto\u00f1o en Mendoza\u00bb, de Jorge Sosa y Dami\u00e1n S\u00e1nchez. Una gran apuesta de Pocho Sosa y Surco Pando versionando en conjunto, este cl\u00e1sico al ritmo del reggae.<\/h3>\n<p>&nbsp;<\/p>\n<p>\u00ab<em>El pap\u00e1 del productor e integrante de la banda, Emilio Spitz; es mi m\u00e9dico personal. Hace muchos a\u00f1os, charlando con el dr. Bernardo Spitz, \u00e9l me coment\u00f3 que su hijo tocaba el saxo; en aquel momento le propuse hacer &#8216;Oto\u00f1o en Mendoza&#8217; solamente con su hijo, \u00e9l tocando el saxo y yo cantando. El tiempo transcurri\u00f3 hasta que un d\u00eda son\u00f3 el tel\u00e9fono de mi casa, era Emilio para invitarme a grabar con ellos, la versi\u00f3n de &#8216;Oto\u00f1o en Mendoza&#8217; en tiempo de reggae<\/em>\u00ab, <strong>cont\u00f3 a Tal Como Soy, Pocho Sosa<\/strong>.<\/p>\n<p>\u00ab<em>Me enviaron la grabaci\u00f3n que hab\u00edan hecho ellos y a m\u00ed me agrad\u00f3. Al principio no voy a negarte que me asust\u00e9 un poquito, porque te imagin\u00e1s Sinda, llevo 57 a\u00f1os cantando folklore y de pronto saltar del folklore al reggae, era una apuesta bastante complicada para m\u00ed. Pero como me gust\u00f3 el arreglo, lo hice<\/em>\u00bb agreg\u00f3 <strong>Pocho<\/strong>.<\/p>\n<p><img data-recalc-dims=\"1\" loading=\"lazy\" decoding=\"async\" class=\"size-medium wp-image-4645 aligncenter\" src=\"https:\/\/i0.wp.com\/talcomosoy.com.ar\/wp-content\/uploads\/2021\/06\/20210515153004_IMG_9336.jpg?resize=300%2C200&#038;ssl=1\" alt=\"\" width=\"300\" height=\"200\" srcset=\"https:\/\/i0.wp.com\/talcomosoy.com.ar\/wp-content\/uploads\/2021\/06\/20210515153004_IMG_9336.jpg?resize=300%2C200&amp;ssl=1 300w, https:\/\/i0.wp.com\/talcomosoy.com.ar\/wp-content\/uploads\/2021\/06\/20210515153004_IMG_9336.jpg?resize=1024%2C683&amp;ssl=1 1024w, https:\/\/i0.wp.com\/talcomosoy.com.ar\/wp-content\/uploads\/2021\/06\/20210515153004_IMG_9336.jpg?resize=768%2C512&amp;ssl=1 768w, https:\/\/i0.wp.com\/talcomosoy.com.ar\/wp-content\/uploads\/2021\/06\/20210515153004_IMG_9336.jpg?resize=1536%2C1024&amp;ssl=1 1536w, https:\/\/i0.wp.com\/talcomosoy.com.ar\/wp-content\/uploads\/2021\/06\/20210515153004_IMG_9336.jpg?resize=2048%2C1365&amp;ssl=1 2048w, https:\/\/i0.wp.com\/talcomosoy.com.ar\/wp-content\/uploads\/2021\/06\/20210515153004_IMG_9336.jpg?w=1280&amp;ssl=1 1280w, https:\/\/i0.wp.com\/talcomosoy.com.ar\/wp-content\/uploads\/2021\/06\/20210515153004_IMG_9336.jpg?w=1920&amp;ssl=1 1920w\" sizes=\"auto, (max-width: 300px) 100vw, 300px\" \/><\/p>\n<p>\u00ab<em>As\u00ed que me sent\u00ed muy bien, porque me trataron muy bien los chicos de Surco Pando, son unas personas amorosas, muy j\u00f3venes, de edad promedio 30 a\u00f1os. Imaginate, yo ya voy a cumplir 78, es decir que me trataban como un pap\u00e1. Gracias a Dios creo que fue muy acertado hacerlo, y me siento muy feliz porque con los chicos me ayorno. Ellos me hacen sentir joven y yo aprovecho para atraerlos hacia el folckore, y m\u00e1s con una tonada como esta que es bien cuyana y habla de nuestra mejor estaci\u00f3n: el oto\u00f1o<\/em>\u00ab, concluy\u00f3 <strong>Pocho Sosa<\/strong>.<\/p>\n<p>Esta nueva versi\u00f3n de \u00ab<strong>Oto\u00f1o<\/strong> <strong>en<\/strong> <strong>Mendoza<\/strong>\u00bb fue grabada entre marzo y mayo de 2021 en la sala Surco Pando, ubicada en Las Heras. El video fue realizado por Guay Producciones en el mes mayo de 2021, locaci\u00f3n: Finca Do\u00f1a Martina.<\/p>\n<p>La grabaci\u00f3n, edici\u00f3n y mezcla estuvo a cargo de <strong>Mat\u00edas<\/strong> <strong>Adaro<\/strong> y el mastering por <strong>Goy Karamelo. Kangrejoz Records.<\/strong><\/p>\n<p>Artistas invitados: <strong>Pocho Sosa<\/strong> (voz), <strong>Luciano Serpa<\/strong> (guitarra), <strong>Diana Wol<\/strong> (actriz)<\/p>\n<p>&nbsp;<\/p>\n<h3>Dale Play<\/h3>\n<p>&nbsp;<\/p>\n<div class=\"jetpack-video-wrapper\"><iframe loading=\"lazy\" title=\"Oto\u00f1o en Mendoza - Surco Pando ft. Pocho Sosa (Video Oficial)\" width=\"640\" height=\"360\" src=\"https:\/\/www.youtube.com\/embed\/XOB3T973XU4?feature=oembed\" frameborder=\"0\" allow=\"accelerometer; autoplay; clipboard-write; encrypted-media; gyroscope; picture-in-picture; web-share\" referrerpolicy=\"strict-origin-when-cross-origin\" allowfullscreen><\/iframe><\/div>\n<p>&nbsp;<\/p>\n<blockquote><p>\u00abOto\u00f1o en Mendoza\u00bb tambi\u00e9n fue versionada por: Anabella Zoch, Mariana Baraj, Mario Sosa Tr\u00edo, Lucho Aberastain, Don Torres, Mercedes Sosa y Diego Torres; entre otr@s.<\/p><\/blockquote>\n<p>&nbsp;<\/p>\n<p>Para m\u00e1s informaci\u00f3n sobre Surco Pando, visit\u00e1 su <a href=\"https:\/\/www.facebook.com\/surco.pando\">fanpage<\/a>.<\/p>\n<p>&nbsp;<\/p>\n","protected":false},"excerpt":{"rendered":"<p>El pasado 9 de junio vio la luz una nueva versi\u00f3n de la tonada \u00abOto\u00f1o<\/p>\n","protected":false},"author":1,"featured_media":4644,"comment_status":"closed","ping_status":"closed","sticky":false,"template":"","format":"standard","meta":{"_jetpack_newsletter_access":"","_jetpack_dont_email_post_to_subs":false,"_jetpack_newsletter_tier_id":0,"_jetpack_memberships_contains_paywalled_content":false,"_jetpack_feature_clip_id":0,"_jetpack_memberships_contains_paid_content":false,"footnotes":"","jetpack_publicize_message":"","jetpack_publicize_feature_enabled":true,"jetpack_social_post_already_shared":true,"jetpack_social_options":{"image_generator_settings":{"template":"highway","default_image_id":0,"font":"","enabled":false},"version":2},"jetpack_post_was_ever_published":false},"categories":[146,2],"tags":[],"class_list":["post-4641","post","type-post","status-publish","format-standard","has-post-thumbnail","hentry","category-lanzamientos","category-musica"],"yoast_head":"<!-- This site is optimized with the Yoast SEO plugin v28.3 - https:\/\/yoast.com\/product\/yoast-seo-wordpress\/ -->\n<title>&quot;Oto\u00f1o en Mendoza&quot; versi\u00f3n Reggae por Pocho Sosa y Surco Pando - Tal Como Soy<\/title>\n<meta name=\"robots\" content=\"index, follow, max-snippet:-1, max-image-preview:large, max-video-preview:-1\" \/>\n<link rel=\"canonical\" href=\"https:\/\/talcomosoy.com.ar\/index.php\/otono-en-mendoza-version-reggae-por-pocho-sosa-y-surco-pando\/\" \/>\n<meta property=\"og:locale\" content=\"es_ES\" \/>\n<meta property=\"og:type\" content=\"article\" \/>\n<meta property=\"og:title\" content=\"&quot;Oto\u00f1o en Mendoza&quot; versi\u00f3n Reggae por Pocho Sosa y Surco Pando - Tal Como Soy\" \/>\n<meta property=\"og:description\" content=\"El pasado 9 de junio vio la luz una nueva versi\u00f3n de la tonada \u00abOto\u00f1o\" \/>\n<meta property=\"og:url\" content=\"https:\/\/talcomosoy.com.ar\/index.php\/otono-en-mendoza-version-reggae-por-pocho-sosa-y-surco-pando\/\" \/>\n<meta property=\"og:site_name\" content=\"Tal Como Soy\" \/>\n<meta property=\"article:publisher\" content=\"https:\/\/www.facebook.com\/talcomosoyok\" \/>\n<meta property=\"article:author\" content=\"https:\/\/www.facebook.com\/sindamiranda\" \/>\n<meta property=\"article:published_time\" content=\"2021-06-16T20:28:21+00:00\" \/>\n<meta property=\"article:modified_time\" content=\"2021-06-16T20:32:42+00:00\" \/>\n<meta property=\"og:image\" content=\"https:\/\/i0.wp.com\/talcomosoy.com.ar\/wp-content\/uploads\/2021\/06\/Screenshot_20210616-172625_Drive.jpg?fit=792%2C439&ssl=1\" \/>\n\t<meta property=\"og:image:width\" content=\"792\" \/>\n\t<meta property=\"og:image:height\" content=\"439\" \/>\n\t<meta property=\"og:image:type\" content=\"image\/jpeg\" \/>\n<meta name=\"author\" content=\"Sinda Miranda\" \/>\n<meta name=\"twitter:card\" content=\"summary_large_image\" \/>\n<meta name=\"twitter:creator\" content=\"@sindamiranda\" \/>\n<meta name=\"twitter:site\" content=\"@talcomosoyok\" \/>\n<meta name=\"twitter:label1\" content=\"Escrito por\" \/>\n\t<meta name=\"twitter:data1\" content=\"Sinda Miranda\" \/>\n\t<meta name=\"twitter:label2\" content=\"Tiempo de lectura\" \/>\n\t<meta name=\"twitter:data2\" content=\"2 minutos\" \/>\n<script type=\"application\/ld+json\" class=\"yoast-schema-graph\">{\"@context\":\"https:\\\/\\\/schema.org\",\"@graph\":[{\"@type\":\"Article\",\"@id\":\"https:\\\/\\\/talcomosoy.com.ar\\\/index.php\\\/otono-en-mendoza-version-reggae-por-pocho-sosa-y-surco-pando\\\/#article\",\"isPartOf\":{\"@id\":\"https:\\\/\\\/talcomosoy.com.ar\\\/index.php\\\/otono-en-mendoza-version-reggae-por-pocho-sosa-y-surco-pando\\\/\"},\"author\":{\"name\":\"Sinda Miranda\",\"@id\":\"https:\\\/\\\/talcomosoy.com.ar\\\/#\\\/schema\\\/person\\\/496b3561bd436afcf2be92147ff855c9\"},\"headline\":\"\u00abOto\u00f1o en Mendoza\u00bb versi\u00f3n Reggae por Pocho Sosa y Surco Pando\",\"datePublished\":\"2021-06-16T20:28:21+00:00\",\"dateModified\":\"2021-06-16T20:32:42+00:00\",\"mainEntityOfPage\":{\"@id\":\"https:\\\/\\\/talcomosoy.com.ar\\\/index.php\\\/otono-en-mendoza-version-reggae-por-pocho-sosa-y-surco-pando\\\/\"},\"wordCount\":450,\"publisher\":{\"@id\":\"https:\\\/\\\/talcomosoy.com.ar\\\/#organization\"},\"image\":{\"@id\":\"https:\\\/\\\/talcomosoy.com.ar\\\/index.php\\\/otono-en-mendoza-version-reggae-por-pocho-sosa-y-surco-pando\\\/#primaryimage\"},\"thumbnailUrl\":\"https:\\\/\\\/i0.wp.com\\\/talcomosoy.com.ar\\\/wp-content\\\/uploads\\\/2021\\\/06\\\/Screenshot_20210616-172625_Drive.jpg?fit=792%2C439&ssl=1\",\"articleSection\":[\"Lanzamientos\",\"M\u00fasica\"],\"inLanguage\":\"es\"},{\"@type\":\"WebPage\",\"@id\":\"https:\\\/\\\/talcomosoy.com.ar\\\/index.php\\\/otono-en-mendoza-version-reggae-por-pocho-sosa-y-surco-pando\\\/\",\"url\":\"https:\\\/\\\/talcomosoy.com.ar\\\/index.php\\\/otono-en-mendoza-version-reggae-por-pocho-sosa-y-surco-pando\\\/\",\"name\":\"\\\"Oto\u00f1o en Mendoza\\\" versi\u00f3n Reggae por Pocho Sosa y Surco Pando - Tal Como Soy\",\"isPartOf\":{\"@id\":\"https:\\\/\\\/talcomosoy.com.ar\\\/#website\"},\"primaryImageOfPage\":{\"@id\":\"https:\\\/\\\/talcomosoy.com.ar\\\/index.php\\\/otono-en-mendoza-version-reggae-por-pocho-sosa-y-surco-pando\\\/#primaryimage\"},\"image\":{\"@id\":\"https:\\\/\\\/talcomosoy.com.ar\\\/index.php\\\/otono-en-mendoza-version-reggae-por-pocho-sosa-y-surco-pando\\\/#primaryimage\"},\"thumbnailUrl\":\"https:\\\/\\\/i0.wp.com\\\/talcomosoy.com.ar\\\/wp-content\\\/uploads\\\/2021\\\/06\\\/Screenshot_20210616-172625_Drive.jpg?fit=792%2C439&ssl=1\",\"datePublished\":\"2021-06-16T20:28:21+00:00\",\"dateModified\":\"2021-06-16T20:32:42+00:00\",\"inLanguage\":\"es\",\"potentialAction\":[{\"@type\":\"ReadAction\",\"target\":[\"https:\\\/\\\/talcomosoy.com.ar\\\/index.php\\\/otono-en-mendoza-version-reggae-por-pocho-sosa-y-surco-pando\\\/\"]}]},{\"@type\":\"ImageObject\",\"inLanguage\":\"es\",\"@id\":\"https:\\\/\\\/talcomosoy.com.ar\\\/index.php\\\/otono-en-mendoza-version-reggae-por-pocho-sosa-y-surco-pando\\\/#primaryimage\",\"url\":\"https:\\\/\\\/i0.wp.com\\\/talcomosoy.com.ar\\\/wp-content\\\/uploads\\\/2021\\\/06\\\/Screenshot_20210616-172625_Drive.jpg?fit=792%2C439&ssl=1\",\"contentUrl\":\"https:\\\/\\\/i0.wp.com\\\/talcomosoy.com.ar\\\/wp-content\\\/uploads\\\/2021\\\/06\\\/Screenshot_20210616-172625_Drive.jpg?fit=792%2C439&ssl=1\",\"width\":792,\"height\":439},{\"@type\":\"WebSite\",\"@id\":\"https:\\\/\\\/talcomosoy.com.ar\\\/#website\",\"url\":\"https:\\\/\\\/talcomosoy.com.ar\\\/\",\"name\":\"Tal Como Soy\",\"description\":\"Magazine Musical Digital\",\"publisher\":{\"@id\":\"https:\\\/\\\/talcomosoy.com.ar\\\/#organization\"},\"potentialAction\":[{\"@type\":\"SearchAction\",\"target\":{\"@type\":\"EntryPoint\",\"urlTemplate\":\"https:\\\/\\\/talcomosoy.com.ar\\\/?s={search_term_string}\"},\"query-input\":{\"@type\":\"PropertyValueSpecification\",\"valueRequired\":true,\"valueName\":\"search_term_string\"}}],\"inLanguage\":\"es\"},{\"@type\":\"Organization\",\"@id\":\"https:\\\/\\\/talcomosoy.com.ar\\\/#organization\",\"name\":\"Tal Como Soy\",\"url\":\"https:\\\/\\\/talcomosoy.com.ar\\\/\",\"logo\":{\"@type\":\"ImageObject\",\"inLanguage\":\"es\",\"@id\":\"https:\\\/\\\/talcomosoy.com.ar\\\/#\\\/schema\\\/logo\\\/image\\\/\",\"url\":\"https:\\\/\\\/i0.wp.com\\\/talcomosoy.com.ar\\\/wp-content\\\/uploads\\\/2020\\\/02\\\/PUA-2020-TRANSPARENTE.png?fit=570%2C382&ssl=1\",\"contentUrl\":\"https:\\\/\\\/i0.wp.com\\\/talcomosoy.com.ar\\\/wp-content\\\/uploads\\\/2020\\\/02\\\/PUA-2020-TRANSPARENTE.png?fit=570%2C382&ssl=1\",\"width\":570,\"height\":382,\"caption\":\"Tal Como Soy\"},\"image\":{\"@id\":\"https:\\\/\\\/talcomosoy.com.ar\\\/#\\\/schema\\\/logo\\\/image\\\/\"},\"sameAs\":[\"https:\\\/\\\/www.facebook.com\\\/talcomosoyok\",\"https:\\\/\\\/x.com\\\/talcomosoyok\",\"https:\\\/\\\/www.instagram.com\\\/talcomosoyok\",\"https:\\\/\\\/www.youtube.com\\\/channel\\\/UCrutZzYQmd9Fe8pEm5wqsiw\"]},{\"@type\":\"Person\",\"@id\":\"https:\\\/\\\/talcomosoy.com.ar\\\/#\\\/schema\\\/person\\\/496b3561bd436afcf2be92147ff855c9\",\"name\":\"Sinda Miranda\",\"image\":{\"@type\":\"ImageObject\",\"inLanguage\":\"es\",\"@id\":\"https:\\\/\\\/secure.gravatar.com\\\/avatar\\\/ab0e992fc0b7117fe730d00fb0e44073b1fd6e28d69de8e7ac3103f1396f445e?s=96&d=mm&r=g\",\"url\":\"https:\\\/\\\/secure.gravatar.com\\\/avatar\\\/ab0e992fc0b7117fe730d00fb0e44073b1fd6e28d69de8e7ac3103f1396f445e?s=96&d=mm&r=g\",\"contentUrl\":\"https:\\\/\\\/secure.gravatar.com\\\/avatar\\\/ab0e992fc0b7117fe730d00fb0e44073b1fd6e28d69de8e7ac3103f1396f445e?s=96&d=mm&r=g\",\"caption\":\"Sinda Miranda\"},\"description\":\"Escritora, Fot\u00f3grafa, Agente de Prensa\",\"sameAs\":[\"https:\\\/\\\/www.facebook.com\\\/sindamiranda\",\"https:\\\/\\\/www.instagram.com\\\/sindamiranda\",\"https:\\\/\\\/x.com\\\/sindamiranda\"],\"url\":\"https:\\\/\\\/talcomosoy.com.ar\\\/index.php\\\/author\\\/sindamirandatcs\\\/\"}]}<\/script>\n<!-- \/ Yoast SEO plugin. -->","yoast_head_json":{"title":"\"Oto\u00f1o en Mendoza\" versi\u00f3n Reggae por Pocho Sosa y Surco Pando - Tal Como Soy","robots":{"index":"index","follow":"follow","max-snippet":"max-snippet:-1","max-image-preview":"max-image-preview:large","max-video-preview":"max-video-preview:-1"},"canonical":"https:\/\/talcomosoy.com.ar\/index.php\/otono-en-mendoza-version-reggae-por-pocho-sosa-y-surco-pando\/","og_locale":"es_ES","og_type":"article","og_title":"\"Oto\u00f1o en Mendoza\" versi\u00f3n Reggae por Pocho Sosa y Surco Pando - Tal Como Soy","og_description":"El pasado 9 de junio vio la luz una nueva versi\u00f3n de la tonada \u00abOto\u00f1o","og_url":"https:\/\/talcomosoy.com.ar\/index.php\/otono-en-mendoza-version-reggae-por-pocho-sosa-y-surco-pando\/","og_site_name":"Tal Como Soy","article_publisher":"https:\/\/www.facebook.com\/talcomosoyok","article_author":"https:\/\/www.facebook.com\/sindamiranda","article_published_time":"2021-06-16T20:28:21+00:00","article_modified_time":"2021-06-16T20:32:42+00:00","og_image":[{"width":792,"height":439,"url":"https:\/\/i0.wp.com\/talcomosoy.com.ar\/wp-content\/uploads\/2021\/06\/Screenshot_20210616-172625_Drive.jpg?fit=792%2C439&ssl=1","type":"image\/jpeg"}],"author":"Sinda Miranda","twitter_card":"summary_large_image","twitter_creator":"@sindamiranda","twitter_site":"@talcomosoyok","twitter_misc":{"Escrito por":"Sinda Miranda","Tiempo de lectura":"2 minutos"},"schema":{"@context":"https:\/\/schema.org","@graph":[{"@type":"Article","@id":"https:\/\/talcomosoy.com.ar\/index.php\/otono-en-mendoza-version-reggae-por-pocho-sosa-y-surco-pando\/#article","isPartOf":{"@id":"https:\/\/talcomosoy.com.ar\/index.php\/otono-en-mendoza-version-reggae-por-pocho-sosa-y-surco-pando\/"},"author":{"name":"Sinda Miranda","@id":"https:\/\/talcomosoy.com.ar\/#\/schema\/person\/496b3561bd436afcf2be92147ff855c9"},"headline":"\u00abOto\u00f1o en Mendoza\u00bb versi\u00f3n Reggae por Pocho Sosa y Surco Pando","datePublished":"2021-06-16T20:28:21+00:00","dateModified":"2021-06-16T20:32:42+00:00","mainEntityOfPage":{"@id":"https:\/\/talcomosoy.com.ar\/index.php\/otono-en-mendoza-version-reggae-por-pocho-sosa-y-surco-pando\/"},"wordCount":450,"publisher":{"@id":"https:\/\/talcomosoy.com.ar\/#organization"},"image":{"@id":"https:\/\/talcomosoy.com.ar\/index.php\/otono-en-mendoza-version-reggae-por-pocho-sosa-y-surco-pando\/#primaryimage"},"thumbnailUrl":"https:\/\/i0.wp.com\/talcomosoy.com.ar\/wp-content\/uploads\/2021\/06\/Screenshot_20210616-172625_Drive.jpg?fit=792%2C439&ssl=1","articleSection":["Lanzamientos","M\u00fasica"],"inLanguage":"es"},{"@type":"WebPage","@id":"https:\/\/talcomosoy.com.ar\/index.php\/otono-en-mendoza-version-reggae-por-pocho-sosa-y-surco-pando\/","url":"https:\/\/talcomosoy.com.ar\/index.php\/otono-en-mendoza-version-reggae-por-pocho-sosa-y-surco-pando\/","name":"\"Oto\u00f1o en Mendoza\" versi\u00f3n Reggae por Pocho Sosa y Surco Pando - Tal Como Soy","isPartOf":{"@id":"https:\/\/talcomosoy.com.ar\/#website"},"primaryImageOfPage":{"@id":"https:\/\/talcomosoy.com.ar\/index.php\/otono-en-mendoza-version-reggae-por-pocho-sosa-y-surco-pando\/#primaryimage"},"image":{"@id":"https:\/\/talcomosoy.com.ar\/index.php\/otono-en-mendoza-version-reggae-por-pocho-sosa-y-surco-pando\/#primaryimage"},"thumbnailUrl":"https:\/\/i0.wp.com\/talcomosoy.com.ar\/wp-content\/uploads\/2021\/06\/Screenshot_20210616-172625_Drive.jpg?fit=792%2C439&ssl=1","datePublished":"2021-06-16T20:28:21+00:00","dateModified":"2021-06-16T20:32:42+00:00","inLanguage":"es","potentialAction":[{"@type":"ReadAction","target":["https:\/\/talcomosoy.com.ar\/index.php\/otono-en-mendoza-version-reggae-por-pocho-sosa-y-surco-pando\/"]}]},{"@type":"ImageObject","inLanguage":"es","@id":"https:\/\/talcomosoy.com.ar\/index.php\/otono-en-mendoza-version-reggae-por-pocho-sosa-y-surco-pando\/#primaryimage","url":"https:\/\/i0.wp.com\/talcomosoy.com.ar\/wp-content\/uploads\/2021\/06\/Screenshot_20210616-172625_Drive.jpg?fit=792%2C439&ssl=1","contentUrl":"https:\/\/i0.wp.com\/talcomosoy.com.ar\/wp-content\/uploads\/2021\/06\/Screenshot_20210616-172625_Drive.jpg?fit=792%2C439&ssl=1","width":792,"height":439},{"@type":"WebSite","@id":"https:\/\/talcomosoy.com.ar\/#website","url":"https:\/\/talcomosoy.com.ar\/","name":"Tal Como Soy","description":"Magazine Musical Digital","publisher":{"@id":"https:\/\/talcomosoy.com.ar\/#organization"},"potentialAction":[{"@type":"SearchAction","target":{"@type":"EntryPoint","urlTemplate":"https:\/\/talcomosoy.com.ar\/?s={search_term_string}"},"query-input":{"@type":"PropertyValueSpecification","valueRequired":true,"valueName":"search_term_string"}}],"inLanguage":"es"},{"@type":"Organization","@id":"https:\/\/talcomosoy.com.ar\/#organization","name":"Tal Como Soy","url":"https:\/\/talcomosoy.com.ar\/","logo":{"@type":"ImageObject","inLanguage":"es","@id":"https:\/\/talcomosoy.com.ar\/#\/schema\/logo\/image\/","url":"https:\/\/i0.wp.com\/talcomosoy.com.ar\/wp-content\/uploads\/2020\/02\/PUA-2020-TRANSPARENTE.png?fit=570%2C382&ssl=1","contentUrl":"https:\/\/i0.wp.com\/talcomosoy.com.ar\/wp-content\/uploads\/2020\/02\/PUA-2020-TRANSPARENTE.png?fit=570%2C382&ssl=1","width":570,"height":382,"caption":"Tal Como Soy"},"image":{"@id":"https:\/\/talcomosoy.com.ar\/#\/schema\/logo\/image\/"},"sameAs":["https:\/\/www.facebook.com\/talcomosoyok","https:\/\/x.com\/talcomosoyok","https:\/\/www.instagram.com\/talcomosoyok","https:\/\/www.youtube.com\/channel\/UCrutZzYQmd9Fe8pEm5wqsiw"]},{"@type":"Person","@id":"https:\/\/talcomosoy.com.ar\/#\/schema\/person\/496b3561bd436afcf2be92147ff855c9","name":"Sinda Miranda","image":{"@type":"ImageObject","inLanguage":"es","@id":"https:\/\/secure.gravatar.com\/avatar\/ab0e992fc0b7117fe730d00fb0e44073b1fd6e28d69de8e7ac3103f1396f445e?s=96&d=mm&r=g","url":"https:\/\/secure.gravatar.com\/avatar\/ab0e992fc0b7117fe730d00fb0e44073b1fd6e28d69de8e7ac3103f1396f445e?s=96&d=mm&r=g","contentUrl":"https:\/\/secure.gravatar.com\/avatar\/ab0e992fc0b7117fe730d00fb0e44073b1fd6e28d69de8e7ac3103f1396f445e?s=96&d=mm&r=g","caption":"Sinda Miranda"},"description":"Escritora, Fot\u00f3grafa, Agente de Prensa","sameAs":["https:\/\/www.facebook.com\/sindamiranda","https:\/\/www.instagram.com\/sindamiranda","https:\/\/x.com\/sindamiranda"],"url":"https:\/\/talcomosoy.com.ar\/index.php\/author\/sindamirandatcs\/"}]}},"jetpack_publicize_connections":[],"jetpack_sharing_enabled":true,"jetpack_likes_enabled":true,"jetpack_featured_media_url":"https:\/\/i0.wp.com\/talcomosoy.com.ar\/wp-content\/uploads\/2021\/06\/Screenshot_20210616-172625_Drive.jpg?fit=792%2C439&ssl=1","_links":{"self":[{"href":"https:\/\/talcomosoy.com.ar\/index.php\/wp-json\/wp\/v2\/posts\/4641","targetHints":{"allow":["GET"]}}],"collection":[{"href":"https:\/\/talcomosoy.com.ar\/index.php\/wp-json\/wp\/v2\/posts"}],"about":[{"href":"https:\/\/talcomosoy.com.ar\/index.php\/wp-json\/wp\/v2\/types\/post"}],"author":[{"embeddable":true,"href":"https:\/\/talcomosoy.com.ar\/index.php\/wp-json\/wp\/v2\/users\/1"}],"replies":[{"embeddable":true,"href":"https:\/\/talcomosoy.com.ar\/index.php\/wp-json\/wp\/v2\/comments?post=4641"}],"version-history":[{"count":3,"href":"https:\/\/talcomosoy.com.ar\/index.php\/wp-json\/wp\/v2\/posts\/4641\/revisions"}],"predecessor-version":[{"id":4648,"href":"https:\/\/talcomosoy.com.ar\/index.php\/wp-json\/wp\/v2\/posts\/4641\/revisions\/4648"}],"wp:featuredmedia":[{"embeddable":true,"href":"https:\/\/talcomosoy.com.ar\/index.php\/wp-json\/wp\/v2\/media\/4644"}],"wp:attachment":[{"href":"https:\/\/talcomosoy.com.ar\/index.php\/wp-json\/wp\/v2\/media?parent=4641"}],"wp:term":[{"taxonomy":"category","embeddable":true,"href":"https:\/\/talcomosoy.com.ar\/index.php\/wp-json\/wp\/v2\/categories?post=4641"},{"taxonomy":"post_tag","embeddable":true,"href":"https:\/\/talcomosoy.com.ar\/index.php\/wp-json\/wp\/v2\/tags?post=4641"}],"curies":[{"name":"wp","href":"https:\/\/api.w.org\/{rel}","templated":true}]}}