{"id":4638,"date":"2021-06-16T15:07:29","date_gmt":"2021-06-16T18:07:29","guid":{"rendered":"https:\/\/talcomosoy.com.ar\/?p=4638"},"modified":"2021-06-17T10:17:43","modified_gmt":"2021-06-17T13:17:43","slug":"casandra-lange-un-homenaje-a-charly-garcia-en-el-imperial","status":"publish","type":"post","link":"https:\/\/talcomosoy.com.ar\/index.php\/casandra-lange-un-homenaje-a-charly-garcia-en-el-imperial\/","title":{"rendered":"\u00abCasandra Lange\u00bb un homenaje a Charly Garc\u00eda en el Imperial  \u00a0"},"content":{"rendered":"<h3>La banda mendocina rinde homenaje al gran y \u00fanico Charly Garc\u00eda, en un espect\u00e1culo que har\u00e1 sonar las 10 canciones y el bonus, que forman parte del potente disco lanzado en 1984, por el gran referente del rock nacional. Ser\u00e1 este S\u00e1bado 19 a las 21hs en la sala cultural maipucina.<\/h3>\n<p>&nbsp;<\/p>\n<p>\u201c<em>Ante todo somos unos fan\u00e1ticos pero fan\u00e1ticos de Charly Garc\u00eda<\/em>\u201d, dice <strong>Gino<\/strong> <strong>Bigetti<\/strong> a cargo de la bater\u00eda y guitarra ac\u00fastica de &#8216;<strong>Casandra Lange<\/strong>&#8216;, la banda mendocina que ya en su nombre refleja que en su adn musical <strong>Charly Garc\u00eda<\/strong> es su inspiraci\u00f3n.<\/p>\n<p>La banda es absolutamente ecl\u00e9ptica en su composici\u00f3n, actualmente son parte de la misma <strong>Marcela Sunico<\/strong> en voz y tambor cham\u00e1nico, quien adem\u00e1s es profesora de canto y estudiante de astrolog\u00eda; <strong>Leo<\/strong> <strong>Lecouna<\/strong> en guitarras y de profesi\u00f3n dentista; <strong>Kevin<\/strong> <strong>Farias<\/strong> quien estar\u00e1 en el bajo, es t\u00e9cnico superior en petr\u00f3leo y gas, y \u00a0<strong>Gino<\/strong> <strong>Bigetti<\/strong> a cargo de la bater\u00eda, guitarra ac\u00fastica, caj\u00f3n peruano y coros, es fletero, estudiante de historia y como \u00e9l se define \u201c<em>pap\u00e1 casi full time de muchos gatitos hijos que ha adoptado y son sus amores<\/em>\u201d. A ellos se suma <strong>Lucas<\/strong> <strong>Gallardo<\/strong> en teclados, electr\u00f3nica y tambi\u00e9n coros.<\/p>\n<p>\u00ab<em>Este proyecto empez\u00f3 en el 2015, con la idea de hacer un popurr\u00ed de temas de Charly y ya en el 2019 decidimos armar \u00e1lbumes completos de Charly. A fines del 2020 principios del 21 comenzamos a preparar &#8216;Piano Bar 1984&#8217; con el sue\u00f1o compartido de hacerle un homenaje a este gran m\u00fasico argentino<\/em>\u00ab, nos cuenta <strong>Marcela Sunico<\/strong>.<\/p>\n<p>\u201c&#8217;<em>Casandra Lange&#8217; es en primer lugar, un disco de Charly y se dice adem\u00e1s que es una prima de \u00e9l, por el lado de su madre. Aunque para m\u00ed, en realidad, Casandra Lange es el lado femenino de Charly, no porque \u00e9l lo oculte, para nada; sino porque yo particularmente que soy la vocalista, trabaj\u00e9 todo ese lado de Charly, desde lo femenino y por supuesto tambi\u00e9n con su energ\u00eda masculina. Siento que me ha enriquecido atravesar este camino musical en el tiempo y espacio en que se hizo el \u00e1lbum, porque como vocalista reconozco que es un desaf\u00edo intepretarlo y tambi\u00e9n ponerle nuestra impronta. Por eso decimos que no es un tributo, sino un homenaje<\/em>.\u201d agreg\u00f3 <strong>Marcela<\/strong>.<\/p>\n<p>\u201c<em>Estamos muy entusiasmados por esta experiencia que vamos a vivir en un teatro que genuinamente ha ganado tanto prestigio como es Imperial Maip\u00fa de Maipu Municipio, la fecha debimos reprogramarla dos veces. Primero por una situaci\u00f3n de covid de una persona de nuestro equipo y luego por las restricciones sanitarias, pero la tercera ser\u00e1 la de la suerte<\/em>\u201d, concluy\u00f3 <strong>Gino<\/strong> <strong>Bigetti<\/strong>.<\/p>\n<p><strong>El espect\u00e1culo de \u201cCasandra Lange\u201d se realizar\u00e1 este S\u00e1bado 19 de Junio a las 21hs, y su nombre \u201cPiano Bar\u201d anticipa que ser\u00e1 todo el repertorio de un disco que incluye entre otras canciones \u201cDemoliendo hoteles\u201d y \u201cTuve tu amor\u201d. La entrada al show tiene un valor de $200 y pueden reservarse llamado al 2614661268 o adquiriendo los tickets en boleter\u00eda del teatro desde una hora antes del espect\u00e1culo.\u00a0<\/strong><\/p>\n<p>&nbsp;<\/p>\n<p>&nbsp;<\/p>\n<p>&nbsp;<\/p>\n","protected":false},"excerpt":{"rendered":"<p>La banda mendocina rinde homenaje al gran y \u00fanico Charly Garc\u00eda, en un espect\u00e1culo que<\/p>\n","protected":false},"author":1,"featured_media":4639,"comment_status":"closed","ping_status":"closed","sticky":false,"template":"","format":"standard","meta":{"_jetpack_newsletter_access":"","_jetpack_dont_email_post_to_subs":false,"_jetpack_newsletter_tier_id":0,"_jetpack_memberships_contains_paywalled_content":false,"_jetpack_feature_clip_id":0,"_jetpack_memberships_contains_paid_content":false,"footnotes":"","jetpack_publicize_message":"","jetpack_publicize_feature_enabled":true,"jetpack_social_post_already_shared":true,"jetpack_social_options":{"image_generator_settings":{"template":"highway","default_image_id":0,"font":"","enabled":false},"version":2},"jetpack_post_was_ever_published":false},"categories":[2],"tags":[],"class_list":["post-4638","post","type-post","status-publish","format-standard","has-post-thumbnail","hentry","category-musica"],"yoast_head":"<!-- This site is optimized with the Yoast SEO plugin v28.3 - https:\/\/yoast.com\/product\/yoast-seo-wordpress\/ -->\n<title>&quot;Casandra Lange&quot; un homenaje a Charly Garc\u00eda en el Imperial \u00a0 - Tal Como Soy<\/title>\n<meta name=\"robots\" content=\"index, follow, max-snippet:-1, max-image-preview:large, max-video-preview:-1\" \/>\n<link rel=\"canonical\" href=\"https:\/\/talcomosoy.com.ar\/index.php\/casandra-lange-un-homenaje-a-charly-garcia-en-el-imperial\/\" \/>\n<meta property=\"og:locale\" content=\"es_ES\" \/>\n<meta property=\"og:type\" content=\"article\" \/>\n<meta property=\"og:title\" content=\"&quot;Casandra Lange&quot; un homenaje a Charly Garc\u00eda en el Imperial \u00a0 - Tal Como Soy\" \/>\n<meta property=\"og:description\" content=\"La banda mendocina rinde homenaje al gran y \u00fanico Charly Garc\u00eda, en un espect\u00e1culo que\" \/>\n<meta property=\"og:url\" content=\"https:\/\/talcomosoy.com.ar\/index.php\/casandra-lange-un-homenaje-a-charly-garcia-en-el-imperial\/\" \/>\n<meta property=\"og:site_name\" content=\"Tal Como Soy\" \/>\n<meta property=\"article:publisher\" content=\"https:\/\/www.facebook.com\/talcomosoyok\" \/>\n<meta property=\"article:author\" content=\"https:\/\/www.facebook.com\/sindamiranda\" \/>\n<meta property=\"article:published_time\" content=\"2021-06-16T18:07:29+00:00\" \/>\n<meta property=\"article:modified_time\" content=\"2021-06-17T13:17:43+00:00\" \/>\n<meta property=\"og:image\" content=\"https:\/\/i0.wp.com\/talcomosoy.com.ar\/wp-content\/uploads\/2021\/06\/IMG-20210616-WA0008.jpg?fit=1280%2C851&ssl=1\" \/>\n\t<meta property=\"og:image:width\" content=\"1280\" \/>\n\t<meta property=\"og:image:height\" content=\"851\" \/>\n\t<meta property=\"og:image:type\" content=\"image\/jpeg\" \/>\n<meta name=\"author\" content=\"Sinda Miranda\" \/>\n<meta name=\"twitter:card\" content=\"summary_large_image\" \/>\n<meta name=\"twitter:creator\" content=\"@sindamiranda\" \/>\n<meta name=\"twitter:site\" content=\"@talcomosoyok\" \/>\n<meta name=\"twitter:label1\" content=\"Escrito por\" \/>\n\t<meta name=\"twitter:data1\" content=\"Sinda Miranda\" \/>\n\t<meta name=\"twitter:label2\" content=\"Tiempo de lectura\" \/>\n\t<meta name=\"twitter:data2\" content=\"3 minutos\" \/>\n<script type=\"application\/ld+json\" class=\"yoast-schema-graph\">{\"@context\":\"https:\\\/\\\/schema.org\",\"@graph\":[{\"@type\":\"Article\",\"@id\":\"https:\\\/\\\/talcomosoy.com.ar\\\/index.php\\\/casandra-lange-un-homenaje-a-charly-garcia-en-el-imperial\\\/#article\",\"isPartOf\":{\"@id\":\"https:\\\/\\\/talcomosoy.com.ar\\\/index.php\\\/casandra-lange-un-homenaje-a-charly-garcia-en-el-imperial\\\/\"},\"author\":{\"name\":\"Sinda Miranda\",\"@id\":\"https:\\\/\\\/talcomosoy.com.ar\\\/#\\\/schema\\\/person\\\/496b3561bd436afcf2be92147ff855c9\"},\"headline\":\"\u00abCasandra Lange\u00bb un homenaje a Charly Garc\u00eda en el Imperial \u00a0\",\"datePublished\":\"2021-06-16T18:07:29+00:00\",\"dateModified\":\"2021-06-17T13:17:43+00:00\",\"mainEntityOfPage\":{\"@id\":\"https:\\\/\\\/talcomosoy.com.ar\\\/index.php\\\/casandra-lange-un-homenaje-a-charly-garcia-en-el-imperial\\\/\"},\"wordCount\":543,\"publisher\":{\"@id\":\"https:\\\/\\\/talcomosoy.com.ar\\\/#organization\"},\"image\":{\"@id\":\"https:\\\/\\\/talcomosoy.com.ar\\\/index.php\\\/casandra-lange-un-homenaje-a-charly-garcia-en-el-imperial\\\/#primaryimage\"},\"thumbnailUrl\":\"https:\\\/\\\/i0.wp.com\\\/talcomosoy.com.ar\\\/wp-content\\\/uploads\\\/2021\\\/06\\\/IMG-20210616-WA0008.jpg?fit=1280%2C851&ssl=1\",\"articleSection\":[\"M\u00fasica\"],\"inLanguage\":\"es\"},{\"@type\":\"WebPage\",\"@id\":\"https:\\\/\\\/talcomosoy.com.ar\\\/index.php\\\/casandra-lange-un-homenaje-a-charly-garcia-en-el-imperial\\\/\",\"url\":\"https:\\\/\\\/talcomosoy.com.ar\\\/index.php\\\/casandra-lange-un-homenaje-a-charly-garcia-en-el-imperial\\\/\",\"name\":\"\\\"Casandra Lange\\\" un homenaje a Charly Garc\u00eda en el Imperial \u00a0 - Tal Como Soy\",\"isPartOf\":{\"@id\":\"https:\\\/\\\/talcomosoy.com.ar\\\/#website\"},\"primaryImageOfPage\":{\"@id\":\"https:\\\/\\\/talcomosoy.com.ar\\\/index.php\\\/casandra-lange-un-homenaje-a-charly-garcia-en-el-imperial\\\/#primaryimage\"},\"image\":{\"@id\":\"https:\\\/\\\/talcomosoy.com.ar\\\/index.php\\\/casandra-lange-un-homenaje-a-charly-garcia-en-el-imperial\\\/#primaryimage\"},\"thumbnailUrl\":\"https:\\\/\\\/i0.wp.com\\\/talcomosoy.com.ar\\\/wp-content\\\/uploads\\\/2021\\\/06\\\/IMG-20210616-WA0008.jpg?fit=1280%2C851&ssl=1\",\"datePublished\":\"2021-06-16T18:07:29+00:00\",\"dateModified\":\"2021-06-17T13:17:43+00:00\",\"inLanguage\":\"es\",\"potentialAction\":[{\"@type\":\"ReadAction\",\"target\":[\"https:\\\/\\\/talcomosoy.com.ar\\\/index.php\\\/casandra-lange-un-homenaje-a-charly-garcia-en-el-imperial\\\/\"]}]},{\"@type\":\"ImageObject\",\"inLanguage\":\"es\",\"@id\":\"https:\\\/\\\/talcomosoy.com.ar\\\/index.php\\\/casandra-lange-un-homenaje-a-charly-garcia-en-el-imperial\\\/#primaryimage\",\"url\":\"https:\\\/\\\/i0.wp.com\\\/talcomosoy.com.ar\\\/wp-content\\\/uploads\\\/2021\\\/06\\\/IMG-20210616-WA0008.jpg?fit=1280%2C851&ssl=1\",\"contentUrl\":\"https:\\\/\\\/i0.wp.com\\\/talcomosoy.com.ar\\\/wp-content\\\/uploads\\\/2021\\\/06\\\/IMG-20210616-WA0008.jpg?fit=1280%2C851&ssl=1\",\"width\":1280,\"height\":851},{\"@type\":\"WebSite\",\"@id\":\"https:\\\/\\\/talcomosoy.com.ar\\\/#website\",\"url\":\"https:\\\/\\\/talcomosoy.com.ar\\\/\",\"name\":\"Tal Como Soy\",\"description\":\"Magazine Musical Digital\",\"publisher\":{\"@id\":\"https:\\\/\\\/talcomosoy.com.ar\\\/#organization\"},\"potentialAction\":[{\"@type\":\"SearchAction\",\"target\":{\"@type\":\"EntryPoint\",\"urlTemplate\":\"https:\\\/\\\/talcomosoy.com.ar\\\/?s={search_term_string}\"},\"query-input\":{\"@type\":\"PropertyValueSpecification\",\"valueRequired\":true,\"valueName\":\"search_term_string\"}}],\"inLanguage\":\"es\"},{\"@type\":\"Organization\",\"@id\":\"https:\\\/\\\/talcomosoy.com.ar\\\/#organization\",\"name\":\"Tal Como Soy\",\"url\":\"https:\\\/\\\/talcomosoy.com.ar\\\/\",\"logo\":{\"@type\":\"ImageObject\",\"inLanguage\":\"es\",\"@id\":\"https:\\\/\\\/talcomosoy.com.ar\\\/#\\\/schema\\\/logo\\\/image\\\/\",\"url\":\"https:\\\/\\\/i0.wp.com\\\/talcomosoy.com.ar\\\/wp-content\\\/uploads\\\/2020\\\/02\\\/PUA-2020-TRANSPARENTE.png?fit=570%2C382&ssl=1\",\"contentUrl\":\"https:\\\/\\\/i0.wp.com\\\/talcomosoy.com.ar\\\/wp-content\\\/uploads\\\/2020\\\/02\\\/PUA-2020-TRANSPARENTE.png?fit=570%2C382&ssl=1\",\"width\":570,\"height\":382,\"caption\":\"Tal Como Soy\"},\"image\":{\"@id\":\"https:\\\/\\\/talcomosoy.com.ar\\\/#\\\/schema\\\/logo\\\/image\\\/\"},\"sameAs\":[\"https:\\\/\\\/www.facebook.com\\\/talcomosoyok\",\"https:\\\/\\\/x.com\\\/talcomosoyok\",\"https:\\\/\\\/www.instagram.com\\\/talcomosoyok\",\"https:\\\/\\\/www.youtube.com\\\/channel\\\/UCrutZzYQmd9Fe8pEm5wqsiw\"]},{\"@type\":\"Person\",\"@id\":\"https:\\\/\\\/talcomosoy.com.ar\\\/#\\\/schema\\\/person\\\/496b3561bd436afcf2be92147ff855c9\",\"name\":\"Sinda Miranda\",\"image\":{\"@type\":\"ImageObject\",\"inLanguage\":\"es\",\"@id\":\"https:\\\/\\\/secure.gravatar.com\\\/avatar\\\/ab0e992fc0b7117fe730d00fb0e44073b1fd6e28d69de8e7ac3103f1396f445e?s=96&d=mm&r=g\",\"url\":\"https:\\\/\\\/secure.gravatar.com\\\/avatar\\\/ab0e992fc0b7117fe730d00fb0e44073b1fd6e28d69de8e7ac3103f1396f445e?s=96&d=mm&r=g\",\"contentUrl\":\"https:\\\/\\\/secure.gravatar.com\\\/avatar\\\/ab0e992fc0b7117fe730d00fb0e44073b1fd6e28d69de8e7ac3103f1396f445e?s=96&d=mm&r=g\",\"caption\":\"Sinda Miranda\"},\"description\":\"Escritora, Fot\u00f3grafa, Agente de Prensa\",\"sameAs\":[\"https:\\\/\\\/www.facebook.com\\\/sindamiranda\",\"https:\\\/\\\/www.instagram.com\\\/sindamiranda\",\"https:\\\/\\\/x.com\\\/sindamiranda\"],\"url\":\"https:\\\/\\\/talcomosoy.com.ar\\\/index.php\\\/author\\\/sindamirandatcs\\\/\"}]}<\/script>\n<!-- \/ Yoast SEO plugin. -->","yoast_head_json":{"title":"\"Casandra Lange\" un homenaje a Charly Garc\u00eda en el Imperial \u00a0 - Tal Como Soy","robots":{"index":"index","follow":"follow","max-snippet":"max-snippet:-1","max-image-preview":"max-image-preview:large","max-video-preview":"max-video-preview:-1"},"canonical":"https:\/\/talcomosoy.com.ar\/index.php\/casandra-lange-un-homenaje-a-charly-garcia-en-el-imperial\/","og_locale":"es_ES","og_type":"article","og_title":"\"Casandra Lange\" un homenaje a Charly Garc\u00eda en el Imperial \u00a0 - Tal Como Soy","og_description":"La banda mendocina rinde homenaje al gran y \u00fanico Charly Garc\u00eda, en un espect\u00e1culo que","og_url":"https:\/\/talcomosoy.com.ar\/index.php\/casandra-lange-un-homenaje-a-charly-garcia-en-el-imperial\/","og_site_name":"Tal Como Soy","article_publisher":"https:\/\/www.facebook.com\/talcomosoyok","article_author":"https:\/\/www.facebook.com\/sindamiranda","article_published_time":"2021-06-16T18:07:29+00:00","article_modified_time":"2021-06-17T13:17:43+00:00","og_image":[{"width":1280,"height":851,"url":"https:\/\/i0.wp.com\/talcomosoy.com.ar\/wp-content\/uploads\/2021\/06\/IMG-20210616-WA0008.jpg?fit=1280%2C851&ssl=1","type":"image\/jpeg"}],"author":"Sinda Miranda","twitter_card":"summary_large_image","twitter_creator":"@sindamiranda","twitter_site":"@talcomosoyok","twitter_misc":{"Escrito por":"Sinda Miranda","Tiempo de lectura":"3 minutos"},"schema":{"@context":"https:\/\/schema.org","@graph":[{"@type":"Article","@id":"https:\/\/talcomosoy.com.ar\/index.php\/casandra-lange-un-homenaje-a-charly-garcia-en-el-imperial\/#article","isPartOf":{"@id":"https:\/\/talcomosoy.com.ar\/index.php\/casandra-lange-un-homenaje-a-charly-garcia-en-el-imperial\/"},"author":{"name":"Sinda Miranda","@id":"https:\/\/talcomosoy.com.ar\/#\/schema\/person\/496b3561bd436afcf2be92147ff855c9"},"headline":"\u00abCasandra Lange\u00bb un homenaje a Charly Garc\u00eda en el Imperial \u00a0","datePublished":"2021-06-16T18:07:29+00:00","dateModified":"2021-06-17T13:17:43+00:00","mainEntityOfPage":{"@id":"https:\/\/talcomosoy.com.ar\/index.php\/casandra-lange-un-homenaje-a-charly-garcia-en-el-imperial\/"},"wordCount":543,"publisher":{"@id":"https:\/\/talcomosoy.com.ar\/#organization"},"image":{"@id":"https:\/\/talcomosoy.com.ar\/index.php\/casandra-lange-un-homenaje-a-charly-garcia-en-el-imperial\/#primaryimage"},"thumbnailUrl":"https:\/\/i0.wp.com\/talcomosoy.com.ar\/wp-content\/uploads\/2021\/06\/IMG-20210616-WA0008.jpg?fit=1280%2C851&ssl=1","articleSection":["M\u00fasica"],"inLanguage":"es"},{"@type":"WebPage","@id":"https:\/\/talcomosoy.com.ar\/index.php\/casandra-lange-un-homenaje-a-charly-garcia-en-el-imperial\/","url":"https:\/\/talcomosoy.com.ar\/index.php\/casandra-lange-un-homenaje-a-charly-garcia-en-el-imperial\/","name":"\"Casandra Lange\" un homenaje a Charly Garc\u00eda en el Imperial \u00a0 - Tal Como Soy","isPartOf":{"@id":"https:\/\/talcomosoy.com.ar\/#website"},"primaryImageOfPage":{"@id":"https:\/\/talcomosoy.com.ar\/index.php\/casandra-lange-un-homenaje-a-charly-garcia-en-el-imperial\/#primaryimage"},"image":{"@id":"https:\/\/talcomosoy.com.ar\/index.php\/casandra-lange-un-homenaje-a-charly-garcia-en-el-imperial\/#primaryimage"},"thumbnailUrl":"https:\/\/i0.wp.com\/talcomosoy.com.ar\/wp-content\/uploads\/2021\/06\/IMG-20210616-WA0008.jpg?fit=1280%2C851&ssl=1","datePublished":"2021-06-16T18:07:29+00:00","dateModified":"2021-06-17T13:17:43+00:00","inLanguage":"es","potentialAction":[{"@type":"ReadAction","target":["https:\/\/talcomosoy.com.ar\/index.php\/casandra-lange-un-homenaje-a-charly-garcia-en-el-imperial\/"]}]},{"@type":"ImageObject","inLanguage":"es","@id":"https:\/\/talcomosoy.com.ar\/index.php\/casandra-lange-un-homenaje-a-charly-garcia-en-el-imperial\/#primaryimage","url":"https:\/\/i0.wp.com\/talcomosoy.com.ar\/wp-content\/uploads\/2021\/06\/IMG-20210616-WA0008.jpg?fit=1280%2C851&ssl=1","contentUrl":"https:\/\/i0.wp.com\/talcomosoy.com.ar\/wp-content\/uploads\/2021\/06\/IMG-20210616-WA0008.jpg?fit=1280%2C851&ssl=1","width":1280,"height":851},{"@type":"WebSite","@id":"https:\/\/talcomosoy.com.ar\/#website","url":"https:\/\/talcomosoy.com.ar\/","name":"Tal Como Soy","description":"Magazine Musical Digital","publisher":{"@id":"https:\/\/talcomosoy.com.ar\/#organization"},"potentialAction":[{"@type":"SearchAction","target":{"@type":"EntryPoint","urlTemplate":"https:\/\/talcomosoy.com.ar\/?s={search_term_string}"},"query-input":{"@type":"PropertyValueSpecification","valueRequired":true,"valueName":"search_term_string"}}],"inLanguage":"es"},{"@type":"Organization","@id":"https:\/\/talcomosoy.com.ar\/#organization","name":"Tal Como Soy","url":"https:\/\/talcomosoy.com.ar\/","logo":{"@type":"ImageObject","inLanguage":"es","@id":"https:\/\/talcomosoy.com.ar\/#\/schema\/logo\/image\/","url":"https:\/\/i0.wp.com\/talcomosoy.com.ar\/wp-content\/uploads\/2020\/02\/PUA-2020-TRANSPARENTE.png?fit=570%2C382&ssl=1","contentUrl":"https:\/\/i0.wp.com\/talcomosoy.com.ar\/wp-content\/uploads\/2020\/02\/PUA-2020-TRANSPARENTE.png?fit=570%2C382&ssl=1","width":570,"height":382,"caption":"Tal Como Soy"},"image":{"@id":"https:\/\/talcomosoy.com.ar\/#\/schema\/logo\/image\/"},"sameAs":["https:\/\/www.facebook.com\/talcomosoyok","https:\/\/x.com\/talcomosoyok","https:\/\/www.instagram.com\/talcomosoyok","https:\/\/www.youtube.com\/channel\/UCrutZzYQmd9Fe8pEm5wqsiw"]},{"@type":"Person","@id":"https:\/\/talcomosoy.com.ar\/#\/schema\/person\/496b3561bd436afcf2be92147ff855c9","name":"Sinda Miranda","image":{"@type":"ImageObject","inLanguage":"es","@id":"https:\/\/secure.gravatar.com\/avatar\/ab0e992fc0b7117fe730d00fb0e44073b1fd6e28d69de8e7ac3103f1396f445e?s=96&d=mm&r=g","url":"https:\/\/secure.gravatar.com\/avatar\/ab0e992fc0b7117fe730d00fb0e44073b1fd6e28d69de8e7ac3103f1396f445e?s=96&d=mm&r=g","contentUrl":"https:\/\/secure.gravatar.com\/avatar\/ab0e992fc0b7117fe730d00fb0e44073b1fd6e28d69de8e7ac3103f1396f445e?s=96&d=mm&r=g","caption":"Sinda Miranda"},"description":"Escritora, Fot\u00f3grafa, Agente de Prensa","sameAs":["https:\/\/www.facebook.com\/sindamiranda","https:\/\/www.instagram.com\/sindamiranda","https:\/\/x.com\/sindamiranda"],"url":"https:\/\/talcomosoy.com.ar\/index.php\/author\/sindamirandatcs\/"}]}},"jetpack_publicize_connections":[],"jetpack_sharing_enabled":true,"jetpack_likes_enabled":true,"jetpack_featured_media_url":"https:\/\/i0.wp.com\/talcomosoy.com.ar\/wp-content\/uploads\/2021\/06\/IMG-20210616-WA0008.jpg?fit=1280%2C851&ssl=1","_links":{"self":[{"href":"https:\/\/talcomosoy.com.ar\/index.php\/wp-json\/wp\/v2\/posts\/4638","targetHints":{"allow":["GET"]}}],"collection":[{"href":"https:\/\/talcomosoy.com.ar\/index.php\/wp-json\/wp\/v2\/posts"}],"about":[{"href":"https:\/\/talcomosoy.com.ar\/index.php\/wp-json\/wp\/v2\/types\/post"}],"author":[{"embeddable":true,"href":"https:\/\/talcomosoy.com.ar\/index.php\/wp-json\/wp\/v2\/users\/1"}],"replies":[{"embeddable":true,"href":"https:\/\/talcomosoy.com.ar\/index.php\/wp-json\/wp\/v2\/comments?post=4638"}],"version-history":[{"count":4,"href":"https:\/\/talcomosoy.com.ar\/index.php\/wp-json\/wp\/v2\/posts\/4638\/revisions"}],"predecessor-version":[{"id":4653,"href":"https:\/\/talcomosoy.com.ar\/index.php\/wp-json\/wp\/v2\/posts\/4638\/revisions\/4653"}],"wp:featuredmedia":[{"embeddable":true,"href":"https:\/\/talcomosoy.com.ar\/index.php\/wp-json\/wp\/v2\/media\/4639"}],"wp:attachment":[{"href":"https:\/\/talcomosoy.com.ar\/index.php\/wp-json\/wp\/v2\/media?parent=4638"}],"wp:term":[{"taxonomy":"category","embeddable":true,"href":"https:\/\/talcomosoy.com.ar\/index.php\/wp-json\/wp\/v2\/categories?post=4638"},{"taxonomy":"post_tag","embeddable":true,"href":"https:\/\/talcomosoy.com.ar\/index.php\/wp-json\/wp\/v2\/tags?post=4638"}],"curies":[{"name":"wp","href":"https:\/\/api.w.org\/{rel}","templated":true}]}}