{"id":4635,"date":"2021-06-16T13:20:44","date_gmt":"2021-06-16T16:20:44","guid":{"rendered":"https:\/\/talcomosoy.com.ar\/?p=4635"},"modified":"2021-06-16T13:20:44","modified_gmt":"2021-06-16T16:20:44","slug":"luli-interllige-presenta-su-primer-disco-en-vivo-y-en-banda","status":"publish","type":"post","link":"https:\/\/talcomosoy.com.ar\/index.php\/luli-interllige-presenta-su-primer-disco-en-vivo-y-en-banda\/","title":{"rendered":"Luli Interllige presenta su primer disco en vivo\u00a0 y en banda  \u00a0"},"content":{"rendered":"<h3>Jueves 17 de Junio, 20 horas en la Nave UNCUYO (Maza 250, Ciudad). Entradas: $400. En venta en EntradaWeb.<\/h3>\n<p>&nbsp;<\/p>\n<p>&nbsp;<\/p>\n<p><strong>Luli Interllige<\/strong>, presenta <em><strong>Preludio de En lo insondable el velo se rompe<\/strong><\/em>, la puesta en escena de su primer disco, producido por Paula Neder y Leandro Lacerna y lanzado en abril. Abren la noche <strong>Gamma Betta y Vid<\/strong>. El jueves, a las 20, en la Nave UNCUYO. Entradas en EntradaWeb.<\/p>\n<p>En este \u00e1lbum debut, grabado durante 2020 y 2021, la joven artista espa\u00f1ola radicada en Mendoza\u00a0crea siete \u00abim\u00e1genes\u00bb con texturas y ritmos que invitan a la escucha atenta, pausada. \u00ab<em>Este disco lo siento como una gran obra en la que coexisten variadas atm\u00f3sferas y momentos. De ah\u00ed el nombre de este espect\u00e1culo, como anuncio y comienzo de esa obra<\/em>\u00ab.<\/p>\n<p>En estas, sus primeras canciones, Luli refleja y recorre estados del cuerpo. \u00ab<em>En todas est\u00e1 presente mi amiga la muerte, la transformaci\u00f3n<\/em>\u00ab, asegura.\u00a0Desde lo r\u00edtmico, crea territorios\u00a0m\u00e1ntricos que\u00a0se expanden en\u00a0loop. \u00ab<em>Algunas canciones nacen y se resuelven en dos acordes y algunas en uno solo,\u00a0entonces se convierten en un loop infinito. Quiz\u00e1s eso sea lo que genera una especie de estado, espacialidad, densidad o, incluso, algo liviano<\/em>\u00ab, asegura Luli, sobre su personal\u00edsima\u00a0b\u00fasqueda,\u00a0en la que resuenan influencias de\u00a0Loli Molina, Sigur Ros, Gabo Ferro, Lisandro Aristimu\u00f1o y Ludovico Einaudi.<\/p>\n<p>Para recorrer estas canciones en vivo, convoc\u00f3 a\u00a0<strong>Lacerna<\/strong>\u00a0(guitarra, &#8216;sinte&#8217; y coros)\u00a0y\u00a0<strong>Toby Delt\u00edn<\/strong>\u00a0(bajo), a\u00a0la joven pianista y compositora\u00a0<strong>Violeta Trujillo<\/strong>\u00a0-artista invitada del disco- y al d\u00fao de rap-freestyle\u00a0<strong>Vid y Gamma Betta<\/strong>, para la\u00a0apertura. \u00ab<em>Aunque mis canciones se caracterizan por ser despojadas, quer\u00eda que el disco sonara en banda y\u00a0tambi\u00e9n, proponer una apertura que fuera rupturista. Con estas premisas\u00a0fui armando la puesta<\/em>\u00ab, cuenta.<\/p>\n<p>\u00ab<em>En el back<\/em> -detalla-\u00a0<em>me acompa\u00f1a un equipo de producci\u00f3n que est\u00e1 conformado mayormente por mujeres. Mujeres amigas y emprendedoras con las que hemos creado una red poderosa de trabajo, admiraci\u00f3n y sost\u00e9n. Poner en valor el detr\u00e1s de escena de las cosas es muy importante para m\u00ed. Creo que todo lo que hacemos tiene un \u00abback\u00bb que es enorme e invisible<\/em>\u00ab.<\/p>\n<p>La invitaci\u00f3n a disfrutar\u00a0Preludio de\u00a0\u00abEn lo insondable el velo se rompe\u00bb\u00a0es este\u00a0jueves, a las 20, en la Nave UNCUYO (Maza 250, Ciudad). Las entradas tienen un valor de $400 y pueden adquirirse en EntradaWeb.com.\u00a0Se\u00a0respetar\u00e1n los protocolos pertinentes de distanciamiento y cuidado.<\/p>\n<p>&nbsp;<\/p>\n","protected":false},"excerpt":{"rendered":"<p>Jueves 17 de Junio, 20 horas en la Nave UNCUYO (Maza 250, Ciudad). Entradas: $400.<\/p>\n","protected":false},"author":1,"featured_media":4636,"comment_status":"closed","ping_status":"closed","sticky":false,"template":"","format":"standard","meta":{"_jetpack_newsletter_access":"","_jetpack_dont_email_post_to_subs":false,"_jetpack_newsletter_tier_id":0,"_jetpack_memberships_contains_paywalled_content":false,"_jetpack_feature_clip_id":0,"_jetpack_memberships_contains_paid_content":false,"footnotes":"","jetpack_publicize_message":"","jetpack_publicize_feature_enabled":true,"jetpack_social_post_already_shared":true,"jetpack_social_options":{"image_generator_settings":{"template":"highway","default_image_id":0,"font":"","enabled":false},"version":2},"jetpack_post_was_ever_published":false},"categories":[146,2],"tags":[],"class_list":["post-4635","post","type-post","status-publish","format-standard","has-post-thumbnail","hentry","category-lanzamientos","category-musica"],"yoast_head":"<!-- This site is optimized with the Yoast SEO plugin v28.3 - https:\/\/yoast.com\/product\/yoast-seo-wordpress\/ -->\n<title>Luli Interllige presenta su primer disco en vivo\u00a0 y en banda \u00a0 - Tal Como Soy<\/title>\n<meta name=\"robots\" content=\"index, follow, max-snippet:-1, max-image-preview:large, max-video-preview:-1\" \/>\n<link rel=\"canonical\" href=\"https:\/\/talcomosoy.com.ar\/index.php\/luli-interllige-presenta-su-primer-disco-en-vivo-y-en-banda\/\" \/>\n<meta property=\"og:locale\" content=\"es_ES\" \/>\n<meta property=\"og:type\" content=\"article\" \/>\n<meta property=\"og:title\" content=\"Luli Interllige presenta su primer disco en vivo\u00a0 y en banda \u00a0 - Tal Como Soy\" \/>\n<meta property=\"og:description\" content=\"Jueves 17 de Junio, 20 horas en la Nave UNCUYO (Maza 250, Ciudad). Entradas: $400.\" \/>\n<meta property=\"og:url\" content=\"https:\/\/talcomosoy.com.ar\/index.php\/luli-interllige-presenta-su-primer-disco-en-vivo-y-en-banda\/\" \/>\n<meta property=\"og:site_name\" content=\"Tal Como Soy\" \/>\n<meta property=\"article:publisher\" content=\"https:\/\/www.facebook.com\/talcomosoyok\" \/>\n<meta property=\"article:author\" content=\"https:\/\/www.facebook.com\/sindamiranda\" \/>\n<meta property=\"article:published_time\" content=\"2021-06-16T16:20:44+00:00\" \/>\n<meta property=\"og:image\" content=\"https:\/\/i0.wp.com\/talcomosoy.com.ar\/wp-content\/uploads\/2021\/06\/Screenshot_20210616-131239_Gmail.jpg?fit=819%2C461&ssl=1\" \/>\n\t<meta property=\"og:image:width\" content=\"819\" \/>\n\t<meta property=\"og:image:height\" content=\"461\" \/>\n\t<meta property=\"og:image:type\" content=\"image\/jpeg\" \/>\n<meta name=\"author\" content=\"Sinda Miranda\" \/>\n<meta name=\"twitter:card\" content=\"summary_large_image\" \/>\n<meta name=\"twitter:creator\" content=\"@sindamiranda\" \/>\n<meta name=\"twitter:site\" content=\"@talcomosoyok\" \/>\n<meta name=\"twitter:label1\" content=\"Escrito por\" \/>\n\t<meta name=\"twitter:data1\" content=\"Sinda Miranda\" \/>\n\t<meta name=\"twitter:label2\" content=\"Tiempo de lectura\" \/>\n\t<meta name=\"twitter:data2\" content=\"2 minutos\" \/>\n<script type=\"application\/ld+json\" class=\"yoast-schema-graph\">{\"@context\":\"https:\\\/\\\/schema.org\",\"@graph\":[{\"@type\":\"Article\",\"@id\":\"https:\\\/\\\/talcomosoy.com.ar\\\/index.php\\\/luli-interllige-presenta-su-primer-disco-en-vivo-y-en-banda\\\/#article\",\"isPartOf\":{\"@id\":\"https:\\\/\\\/talcomosoy.com.ar\\\/index.php\\\/luli-interllige-presenta-su-primer-disco-en-vivo-y-en-banda\\\/\"},\"author\":{\"name\":\"Sinda Miranda\",\"@id\":\"https:\\\/\\\/talcomosoy.com.ar\\\/#\\\/schema\\\/person\\\/496b3561bd436afcf2be92147ff855c9\"},\"headline\":\"Luli Interllige presenta su primer disco en vivo\u00a0 y en banda \u00a0\",\"datePublished\":\"2021-06-16T16:20:44+00:00\",\"mainEntityOfPage\":{\"@id\":\"https:\\\/\\\/talcomosoy.com.ar\\\/index.php\\\/luli-interllige-presenta-su-primer-disco-en-vivo-y-en-banda\\\/\"},\"wordCount\":431,\"publisher\":{\"@id\":\"https:\\\/\\\/talcomosoy.com.ar\\\/#organization\"},\"image\":{\"@id\":\"https:\\\/\\\/talcomosoy.com.ar\\\/index.php\\\/luli-interllige-presenta-su-primer-disco-en-vivo-y-en-banda\\\/#primaryimage\"},\"thumbnailUrl\":\"https:\\\/\\\/i0.wp.com\\\/talcomosoy.com.ar\\\/wp-content\\\/uploads\\\/2021\\\/06\\\/Screenshot_20210616-131239_Gmail.jpg?fit=819%2C461&ssl=1\",\"articleSection\":[\"Lanzamientos\",\"M\u00fasica\"],\"inLanguage\":\"es\"},{\"@type\":\"WebPage\",\"@id\":\"https:\\\/\\\/talcomosoy.com.ar\\\/index.php\\\/luli-interllige-presenta-su-primer-disco-en-vivo-y-en-banda\\\/\",\"url\":\"https:\\\/\\\/talcomosoy.com.ar\\\/index.php\\\/luli-interllige-presenta-su-primer-disco-en-vivo-y-en-banda\\\/\",\"name\":\"Luli Interllige presenta su primer disco en vivo\u00a0 y en banda \u00a0 - Tal Como Soy\",\"isPartOf\":{\"@id\":\"https:\\\/\\\/talcomosoy.com.ar\\\/#website\"},\"primaryImageOfPage\":{\"@id\":\"https:\\\/\\\/talcomosoy.com.ar\\\/index.php\\\/luli-interllige-presenta-su-primer-disco-en-vivo-y-en-banda\\\/#primaryimage\"},\"image\":{\"@id\":\"https:\\\/\\\/talcomosoy.com.ar\\\/index.php\\\/luli-interllige-presenta-su-primer-disco-en-vivo-y-en-banda\\\/#primaryimage\"},\"thumbnailUrl\":\"https:\\\/\\\/i0.wp.com\\\/talcomosoy.com.ar\\\/wp-content\\\/uploads\\\/2021\\\/06\\\/Screenshot_20210616-131239_Gmail.jpg?fit=819%2C461&ssl=1\",\"datePublished\":\"2021-06-16T16:20:44+00:00\",\"inLanguage\":\"es\",\"potentialAction\":[{\"@type\":\"ReadAction\",\"target\":[\"https:\\\/\\\/talcomosoy.com.ar\\\/index.php\\\/luli-interllige-presenta-su-primer-disco-en-vivo-y-en-banda\\\/\"]}]},{\"@type\":\"ImageObject\",\"inLanguage\":\"es\",\"@id\":\"https:\\\/\\\/talcomosoy.com.ar\\\/index.php\\\/luli-interllige-presenta-su-primer-disco-en-vivo-y-en-banda\\\/#primaryimage\",\"url\":\"https:\\\/\\\/i0.wp.com\\\/talcomosoy.com.ar\\\/wp-content\\\/uploads\\\/2021\\\/06\\\/Screenshot_20210616-131239_Gmail.jpg?fit=819%2C461&ssl=1\",\"contentUrl\":\"https:\\\/\\\/i0.wp.com\\\/talcomosoy.com.ar\\\/wp-content\\\/uploads\\\/2021\\\/06\\\/Screenshot_20210616-131239_Gmail.jpg?fit=819%2C461&ssl=1\",\"width\":819,\"height\":461},{\"@type\":\"WebSite\",\"@id\":\"https:\\\/\\\/talcomosoy.com.ar\\\/#website\",\"url\":\"https:\\\/\\\/talcomosoy.com.ar\\\/\",\"name\":\"Tal Como Soy\",\"description\":\"Magazine Musical Digital\",\"publisher\":{\"@id\":\"https:\\\/\\\/talcomosoy.com.ar\\\/#organization\"},\"potentialAction\":[{\"@type\":\"SearchAction\",\"target\":{\"@type\":\"EntryPoint\",\"urlTemplate\":\"https:\\\/\\\/talcomosoy.com.ar\\\/?s={search_term_string}\"},\"query-input\":{\"@type\":\"PropertyValueSpecification\",\"valueRequired\":true,\"valueName\":\"search_term_string\"}}],\"inLanguage\":\"es\"},{\"@type\":\"Organization\",\"@id\":\"https:\\\/\\\/talcomosoy.com.ar\\\/#organization\",\"name\":\"Tal Como Soy\",\"url\":\"https:\\\/\\\/talcomosoy.com.ar\\\/\",\"logo\":{\"@type\":\"ImageObject\",\"inLanguage\":\"es\",\"@id\":\"https:\\\/\\\/talcomosoy.com.ar\\\/#\\\/schema\\\/logo\\\/image\\\/\",\"url\":\"https:\\\/\\\/i0.wp.com\\\/talcomosoy.com.ar\\\/wp-content\\\/uploads\\\/2020\\\/02\\\/PUA-2020-TRANSPARENTE.png?fit=570%2C382&ssl=1\",\"contentUrl\":\"https:\\\/\\\/i0.wp.com\\\/talcomosoy.com.ar\\\/wp-content\\\/uploads\\\/2020\\\/02\\\/PUA-2020-TRANSPARENTE.png?fit=570%2C382&ssl=1\",\"width\":570,\"height\":382,\"caption\":\"Tal Como Soy\"},\"image\":{\"@id\":\"https:\\\/\\\/talcomosoy.com.ar\\\/#\\\/schema\\\/logo\\\/image\\\/\"},\"sameAs\":[\"https:\\\/\\\/www.facebook.com\\\/talcomosoyok\",\"https:\\\/\\\/x.com\\\/talcomosoyok\",\"https:\\\/\\\/www.instagram.com\\\/talcomosoyok\",\"https:\\\/\\\/www.youtube.com\\\/channel\\\/UCrutZzYQmd9Fe8pEm5wqsiw\"]},{\"@type\":\"Person\",\"@id\":\"https:\\\/\\\/talcomosoy.com.ar\\\/#\\\/schema\\\/person\\\/496b3561bd436afcf2be92147ff855c9\",\"name\":\"Sinda Miranda\",\"image\":{\"@type\":\"ImageObject\",\"inLanguage\":\"es\",\"@id\":\"https:\\\/\\\/secure.gravatar.com\\\/avatar\\\/ab0e992fc0b7117fe730d00fb0e44073b1fd6e28d69de8e7ac3103f1396f445e?s=96&d=mm&r=g\",\"url\":\"https:\\\/\\\/secure.gravatar.com\\\/avatar\\\/ab0e992fc0b7117fe730d00fb0e44073b1fd6e28d69de8e7ac3103f1396f445e?s=96&d=mm&r=g\",\"contentUrl\":\"https:\\\/\\\/secure.gravatar.com\\\/avatar\\\/ab0e992fc0b7117fe730d00fb0e44073b1fd6e28d69de8e7ac3103f1396f445e?s=96&d=mm&r=g\",\"caption\":\"Sinda Miranda\"},\"description\":\"Escritora, Fot\u00f3grafa, Agente de Prensa\",\"sameAs\":[\"https:\\\/\\\/www.facebook.com\\\/sindamiranda\",\"https:\\\/\\\/www.instagram.com\\\/sindamiranda\",\"https:\\\/\\\/x.com\\\/sindamiranda\"],\"url\":\"https:\\\/\\\/talcomosoy.com.ar\\\/index.php\\\/author\\\/sindamirandatcs\\\/\"}]}<\/script>\n<!-- \/ Yoast SEO plugin. -->","yoast_head_json":{"title":"Luli Interllige presenta su primer disco en vivo\u00a0 y en banda \u00a0 - Tal Como Soy","robots":{"index":"index","follow":"follow","max-snippet":"max-snippet:-1","max-image-preview":"max-image-preview:large","max-video-preview":"max-video-preview:-1"},"canonical":"https:\/\/talcomosoy.com.ar\/index.php\/luli-interllige-presenta-su-primer-disco-en-vivo-y-en-banda\/","og_locale":"es_ES","og_type":"article","og_title":"Luli Interllige presenta su primer disco en vivo\u00a0 y en banda \u00a0 - Tal Como Soy","og_description":"Jueves 17 de Junio, 20 horas en la Nave UNCUYO (Maza 250, Ciudad). Entradas: $400.","og_url":"https:\/\/talcomosoy.com.ar\/index.php\/luli-interllige-presenta-su-primer-disco-en-vivo-y-en-banda\/","og_site_name":"Tal Como Soy","article_publisher":"https:\/\/www.facebook.com\/talcomosoyok","article_author":"https:\/\/www.facebook.com\/sindamiranda","article_published_time":"2021-06-16T16:20:44+00:00","og_image":[{"width":819,"height":461,"url":"https:\/\/i0.wp.com\/talcomosoy.com.ar\/wp-content\/uploads\/2021\/06\/Screenshot_20210616-131239_Gmail.jpg?fit=819%2C461&ssl=1","type":"image\/jpeg"}],"author":"Sinda Miranda","twitter_card":"summary_large_image","twitter_creator":"@sindamiranda","twitter_site":"@talcomosoyok","twitter_misc":{"Escrito por":"Sinda Miranda","Tiempo de lectura":"2 minutos"},"schema":{"@context":"https:\/\/schema.org","@graph":[{"@type":"Article","@id":"https:\/\/talcomosoy.com.ar\/index.php\/luli-interllige-presenta-su-primer-disco-en-vivo-y-en-banda\/#article","isPartOf":{"@id":"https:\/\/talcomosoy.com.ar\/index.php\/luli-interllige-presenta-su-primer-disco-en-vivo-y-en-banda\/"},"author":{"name":"Sinda Miranda","@id":"https:\/\/talcomosoy.com.ar\/#\/schema\/person\/496b3561bd436afcf2be92147ff855c9"},"headline":"Luli Interllige presenta su primer disco en vivo\u00a0 y en banda \u00a0","datePublished":"2021-06-16T16:20:44+00:00","mainEntityOfPage":{"@id":"https:\/\/talcomosoy.com.ar\/index.php\/luli-interllige-presenta-su-primer-disco-en-vivo-y-en-banda\/"},"wordCount":431,"publisher":{"@id":"https:\/\/talcomosoy.com.ar\/#organization"},"image":{"@id":"https:\/\/talcomosoy.com.ar\/index.php\/luli-interllige-presenta-su-primer-disco-en-vivo-y-en-banda\/#primaryimage"},"thumbnailUrl":"https:\/\/i0.wp.com\/talcomosoy.com.ar\/wp-content\/uploads\/2021\/06\/Screenshot_20210616-131239_Gmail.jpg?fit=819%2C461&ssl=1","articleSection":["Lanzamientos","M\u00fasica"],"inLanguage":"es"},{"@type":"WebPage","@id":"https:\/\/talcomosoy.com.ar\/index.php\/luli-interllige-presenta-su-primer-disco-en-vivo-y-en-banda\/","url":"https:\/\/talcomosoy.com.ar\/index.php\/luli-interllige-presenta-su-primer-disco-en-vivo-y-en-banda\/","name":"Luli Interllige presenta su primer disco en vivo\u00a0 y en banda \u00a0 - Tal Como Soy","isPartOf":{"@id":"https:\/\/talcomosoy.com.ar\/#website"},"primaryImageOfPage":{"@id":"https:\/\/talcomosoy.com.ar\/index.php\/luli-interllige-presenta-su-primer-disco-en-vivo-y-en-banda\/#primaryimage"},"image":{"@id":"https:\/\/talcomosoy.com.ar\/index.php\/luli-interllige-presenta-su-primer-disco-en-vivo-y-en-banda\/#primaryimage"},"thumbnailUrl":"https:\/\/i0.wp.com\/talcomosoy.com.ar\/wp-content\/uploads\/2021\/06\/Screenshot_20210616-131239_Gmail.jpg?fit=819%2C461&ssl=1","datePublished":"2021-06-16T16:20:44+00:00","inLanguage":"es","potentialAction":[{"@type":"ReadAction","target":["https:\/\/talcomosoy.com.ar\/index.php\/luli-interllige-presenta-su-primer-disco-en-vivo-y-en-banda\/"]}]},{"@type":"ImageObject","inLanguage":"es","@id":"https:\/\/talcomosoy.com.ar\/index.php\/luli-interllige-presenta-su-primer-disco-en-vivo-y-en-banda\/#primaryimage","url":"https:\/\/i0.wp.com\/talcomosoy.com.ar\/wp-content\/uploads\/2021\/06\/Screenshot_20210616-131239_Gmail.jpg?fit=819%2C461&ssl=1","contentUrl":"https:\/\/i0.wp.com\/talcomosoy.com.ar\/wp-content\/uploads\/2021\/06\/Screenshot_20210616-131239_Gmail.jpg?fit=819%2C461&ssl=1","width":819,"height":461},{"@type":"WebSite","@id":"https:\/\/talcomosoy.com.ar\/#website","url":"https:\/\/talcomosoy.com.ar\/","name":"Tal Como Soy","description":"Magazine Musical Digital","publisher":{"@id":"https:\/\/talcomosoy.com.ar\/#organization"},"potentialAction":[{"@type":"SearchAction","target":{"@type":"EntryPoint","urlTemplate":"https:\/\/talcomosoy.com.ar\/?s={search_term_string}"},"query-input":{"@type":"PropertyValueSpecification","valueRequired":true,"valueName":"search_term_string"}}],"inLanguage":"es"},{"@type":"Organization","@id":"https:\/\/talcomosoy.com.ar\/#organization","name":"Tal Como Soy","url":"https:\/\/talcomosoy.com.ar\/","logo":{"@type":"ImageObject","inLanguage":"es","@id":"https:\/\/talcomosoy.com.ar\/#\/schema\/logo\/image\/","url":"https:\/\/i0.wp.com\/talcomosoy.com.ar\/wp-content\/uploads\/2020\/02\/PUA-2020-TRANSPARENTE.png?fit=570%2C382&ssl=1","contentUrl":"https:\/\/i0.wp.com\/talcomosoy.com.ar\/wp-content\/uploads\/2020\/02\/PUA-2020-TRANSPARENTE.png?fit=570%2C382&ssl=1","width":570,"height":382,"caption":"Tal Como Soy"},"image":{"@id":"https:\/\/talcomosoy.com.ar\/#\/schema\/logo\/image\/"},"sameAs":["https:\/\/www.facebook.com\/talcomosoyok","https:\/\/x.com\/talcomosoyok","https:\/\/www.instagram.com\/talcomosoyok","https:\/\/www.youtube.com\/channel\/UCrutZzYQmd9Fe8pEm5wqsiw"]},{"@type":"Person","@id":"https:\/\/talcomosoy.com.ar\/#\/schema\/person\/496b3561bd436afcf2be92147ff855c9","name":"Sinda Miranda","image":{"@type":"ImageObject","inLanguage":"es","@id":"https:\/\/secure.gravatar.com\/avatar\/ab0e992fc0b7117fe730d00fb0e44073b1fd6e28d69de8e7ac3103f1396f445e?s=96&d=mm&r=g","url":"https:\/\/secure.gravatar.com\/avatar\/ab0e992fc0b7117fe730d00fb0e44073b1fd6e28d69de8e7ac3103f1396f445e?s=96&d=mm&r=g","contentUrl":"https:\/\/secure.gravatar.com\/avatar\/ab0e992fc0b7117fe730d00fb0e44073b1fd6e28d69de8e7ac3103f1396f445e?s=96&d=mm&r=g","caption":"Sinda Miranda"},"description":"Escritora, Fot\u00f3grafa, Agente de Prensa","sameAs":["https:\/\/www.facebook.com\/sindamiranda","https:\/\/www.instagram.com\/sindamiranda","https:\/\/x.com\/sindamiranda"],"url":"https:\/\/talcomosoy.com.ar\/index.php\/author\/sindamirandatcs\/"}]}},"jetpack_publicize_connections":[],"jetpack_sharing_enabled":true,"jetpack_likes_enabled":true,"jetpack_featured_media_url":"https:\/\/i0.wp.com\/talcomosoy.com.ar\/wp-content\/uploads\/2021\/06\/Screenshot_20210616-131239_Gmail.jpg?fit=819%2C461&ssl=1","_links":{"self":[{"href":"https:\/\/talcomosoy.com.ar\/index.php\/wp-json\/wp\/v2\/posts\/4635","targetHints":{"allow":["GET"]}}],"collection":[{"href":"https:\/\/talcomosoy.com.ar\/index.php\/wp-json\/wp\/v2\/posts"}],"about":[{"href":"https:\/\/talcomosoy.com.ar\/index.php\/wp-json\/wp\/v2\/types\/post"}],"author":[{"embeddable":true,"href":"https:\/\/talcomosoy.com.ar\/index.php\/wp-json\/wp\/v2\/users\/1"}],"replies":[{"embeddable":true,"href":"https:\/\/talcomosoy.com.ar\/index.php\/wp-json\/wp\/v2\/comments?post=4635"}],"version-history":[{"count":1,"href":"https:\/\/talcomosoy.com.ar\/index.php\/wp-json\/wp\/v2\/posts\/4635\/revisions"}],"predecessor-version":[{"id":4637,"href":"https:\/\/talcomosoy.com.ar\/index.php\/wp-json\/wp\/v2\/posts\/4635\/revisions\/4637"}],"wp:featuredmedia":[{"embeddable":true,"href":"https:\/\/talcomosoy.com.ar\/index.php\/wp-json\/wp\/v2\/media\/4636"}],"wp:attachment":[{"href":"https:\/\/talcomosoy.com.ar\/index.php\/wp-json\/wp\/v2\/media?parent=4635"}],"wp:term":[{"taxonomy":"category","embeddable":true,"href":"https:\/\/talcomosoy.com.ar\/index.php\/wp-json\/wp\/v2\/categories?post=4635"},{"taxonomy":"post_tag","embeddable":true,"href":"https:\/\/talcomosoy.com.ar\/index.php\/wp-json\/wp\/v2\/tags?post=4635"}],"curies":[{"name":"wp","href":"https:\/\/api.w.org\/{rel}","templated":true}]}}