{"id":4632,"date":"2021-06-16T13:10:26","date_gmt":"2021-06-16T16:10:26","guid":{"rendered":"https:\/\/talcomosoy.com.ar\/?p=4632"},"modified":"2021-06-16T13:10:26","modified_gmt":"2021-06-16T16:10:26","slug":"sueno-de-una-noche-de-verano-en-el-teatro-mendoza","status":"publish","type":"post","link":"https:\/\/talcomosoy.com.ar\/index.php\/sueno-de-una-noche-de-verano-en-el-teatro-mendoza\/","title":{"rendered":"\u00abSue\u00f1o de una noche de verano\u00bb en el Teatro Mendoza"},"content":{"rendered":"<h3>Viernes 18 de Junio, a las 20 horas. Teatro Mendoza (San Juan 1427, Ciudad). Entrada general: $500. En venta en EntradaWeb.<\/h3>\n<p>&nbsp;<\/p>\n<p>Luego de un triple estreno con entradas agotadas en el Teatro Independencia, vuelve a escena \u00abSue\u00f1o de una noche de verano\u00bb, de Shakespeare.<\/p>\n<p>Un elenco concertado de 18 artistas protagoniza la aplaudida adaptaci\u00f3n de este cl\u00e1sico dirigido por <strong>Cristian Coria<\/strong>.<\/p>\n<blockquote>\n<p style=\"text-align: center;\">\u00daNICA FUNCI\u00d3N: viernes 18 de junio, Teatro Mendoza. Entradas en venta en\u00a0 EntradaWeb.<\/p>\n<\/blockquote>\n<p>Una mujer es obligada a casarse con quien no desea. Para evitar este compromiso, huye al bosque con su enamorado. Pero la realidad se ve alterada por un grupo de personajes fant\u00e1sticos que enredan lo cotidiano con lo m\u00e1gico creando un mundo de ensue\u00f1o y l\u00fadico en el que conviven los opuestos: lo real y lo sobrenatural, el deseo y la raz\u00f3n, la cordura y la locura.<\/p>\n<p>Sue\u00f1o de una noche de verano\u00a0habla del amor. Y tambi\u00e9n de eso que, creemos, es el amor. \u00ab<em>Es una idea de amor ideal.\u00a0Los personajes defienden un amor sincero. Sin embargo, lo que me gusta es que hay uno capaz de alterar ese sentimiento tan idealizado personaje en pos de conseguir lo que quiere. Es ah\u00ed donde la obra muestra una parodia, por medio de la magia, de ese sentimiento que muchas veces creemos sentir firmemente. El amor es real en nuestra realidad porque nosotros queremos que sea real; sin embargo, solo basta un suspiro para que todo cambie<\/em>\u00ab.<\/p>\n<p><strong>Sue\u00f1o de una noche de verano<\/strong>\u00a0podr\u00e1 verse el viernes 18 de junio, a las 20, en el Teatro Mendoza\u00a0(San Juan 1427, Ciudad).\u00a0Las entradas ($500) pueden adquirirse en EntradaWeb.com. La capacidad de la sala es limitada seg\u00fan protocolo sanitario vigente.<\/p>\n<p>Al tratarse de una\u00a0funci\u00f3n reprogramada, las entradas adquiridas \u2063\u2063para las funciones de mayo -suspendidas por razones de p\u00fablico conocimiento-\u00a0tienen validez.<\/p>\n<p>&nbsp;<\/p>\n","protected":false},"excerpt":{"rendered":"<p>Viernes 18 de Junio, a las 20 horas. Teatro Mendoza (San Juan 1427, Ciudad). Entrada<\/p>\n","protected":false},"author":1,"featured_media":4633,"comment_status":"closed","ping_status":"closed","sticky":false,"template":"","format":"standard","meta":{"_jetpack_newsletter_access":"","_jetpack_dont_email_post_to_subs":false,"_jetpack_newsletter_tier_id":0,"_jetpack_memberships_contains_paywalled_content":false,"_jetpack_feature_clip_id":0,"_jetpack_memberships_contains_paid_content":false,"footnotes":"","jetpack_publicize_message":"","jetpack_publicize_feature_enabled":true,"jetpack_social_post_already_shared":true,"jetpack_social_options":{"image_generator_settings":{"template":"highway","default_image_id":0,"font":"","enabled":false},"version":2},"jetpack_post_was_ever_published":false},"categories":[29],"tags":[],"class_list":["post-4632","post","type-post","status-publish","format-standard","has-post-thumbnail","hentry","category-teatro"],"yoast_head":"<!-- This site is optimized with the Yoast SEO plugin v28.3 - https:\/\/yoast.com\/product\/yoast-seo-wordpress\/ -->\n<title>&quot;Sue\u00f1o de una noche de verano&quot; en el Teatro Mendoza - Tal Como Soy<\/title>\n<meta name=\"robots\" content=\"index, follow, max-snippet:-1, max-image-preview:large, max-video-preview:-1\" \/>\n<link rel=\"canonical\" href=\"https:\/\/talcomosoy.com.ar\/index.php\/sueno-de-una-noche-de-verano-en-el-teatro-mendoza\/\" \/>\n<meta property=\"og:locale\" content=\"es_ES\" \/>\n<meta property=\"og:type\" content=\"article\" \/>\n<meta property=\"og:title\" content=\"&quot;Sue\u00f1o de una noche de verano&quot; en el Teatro Mendoza - Tal Como Soy\" \/>\n<meta property=\"og:description\" content=\"Viernes 18 de Junio, a las 20 horas. Teatro Mendoza (San Juan 1427, Ciudad). Entrada\" \/>\n<meta property=\"og:url\" content=\"https:\/\/talcomosoy.com.ar\/index.php\/sueno-de-una-noche-de-verano-en-el-teatro-mendoza\/\" \/>\n<meta property=\"og:site_name\" content=\"Tal Como Soy\" \/>\n<meta property=\"article:publisher\" content=\"https:\/\/www.facebook.com\/talcomosoyok\" \/>\n<meta property=\"article:author\" content=\"https:\/\/www.facebook.com\/sindamiranda\" \/>\n<meta property=\"article:published_time\" content=\"2021-06-16T16:10:26+00:00\" \/>\n<meta property=\"og:image\" content=\"https:\/\/i0.wp.com\/talcomosoy.com.ar\/wp-content\/uploads\/2021\/06\/Screenshot_20210616-130301_Gmail.jpg?fit=897%2C593&ssl=1\" \/>\n\t<meta property=\"og:image:width\" content=\"897\" \/>\n\t<meta property=\"og:image:height\" content=\"593\" \/>\n\t<meta property=\"og:image:type\" content=\"image\/jpeg\" \/>\n<meta name=\"author\" content=\"Sinda Miranda\" \/>\n<meta name=\"twitter:card\" content=\"summary_large_image\" \/>\n<meta name=\"twitter:creator\" content=\"@sindamiranda\" \/>\n<meta name=\"twitter:site\" content=\"@talcomosoyok\" \/>\n<meta name=\"twitter:label1\" content=\"Escrito por\" \/>\n\t<meta name=\"twitter:data1\" content=\"Sinda Miranda\" \/>\n\t<meta name=\"twitter:label2\" content=\"Tiempo de lectura\" \/>\n\t<meta name=\"twitter:data2\" content=\"2 minutos\" \/>\n<script type=\"application\/ld+json\" class=\"yoast-schema-graph\">{\"@context\":\"https:\\\/\\\/schema.org\",\"@graph\":[{\"@type\":\"Article\",\"@id\":\"https:\\\/\\\/talcomosoy.com.ar\\\/index.php\\\/sueno-de-una-noche-de-verano-en-el-teatro-mendoza\\\/#article\",\"isPartOf\":{\"@id\":\"https:\\\/\\\/talcomosoy.com.ar\\\/index.php\\\/sueno-de-una-noche-de-verano-en-el-teatro-mendoza\\\/\"},\"author\":{\"name\":\"Sinda Miranda\",\"@id\":\"https:\\\/\\\/talcomosoy.com.ar\\\/#\\\/schema\\\/person\\\/496b3561bd436afcf2be92147ff855c9\"},\"headline\":\"\u00abSue\u00f1o de una noche de verano\u00bb en el Teatro Mendoza\",\"datePublished\":\"2021-06-16T16:10:26+00:00\",\"mainEntityOfPage\":{\"@id\":\"https:\\\/\\\/talcomosoy.com.ar\\\/index.php\\\/sueno-de-una-noche-de-verano-en-el-teatro-mendoza\\\/\"},\"wordCount\":324,\"publisher\":{\"@id\":\"https:\\\/\\\/talcomosoy.com.ar\\\/#organization\"},\"image\":{\"@id\":\"https:\\\/\\\/talcomosoy.com.ar\\\/index.php\\\/sueno-de-una-noche-de-verano-en-el-teatro-mendoza\\\/#primaryimage\"},\"thumbnailUrl\":\"https:\\\/\\\/i0.wp.com\\\/talcomosoy.com.ar\\\/wp-content\\\/uploads\\\/2021\\\/06\\\/Screenshot_20210616-130301_Gmail.jpg?fit=897%2C593&ssl=1\",\"articleSection\":[\"Teatro\"],\"inLanguage\":\"es\"},{\"@type\":\"WebPage\",\"@id\":\"https:\\\/\\\/talcomosoy.com.ar\\\/index.php\\\/sueno-de-una-noche-de-verano-en-el-teatro-mendoza\\\/\",\"url\":\"https:\\\/\\\/talcomosoy.com.ar\\\/index.php\\\/sueno-de-una-noche-de-verano-en-el-teatro-mendoza\\\/\",\"name\":\"\\\"Sue\u00f1o de una noche de verano\\\" en el Teatro Mendoza - Tal Como Soy\",\"isPartOf\":{\"@id\":\"https:\\\/\\\/talcomosoy.com.ar\\\/#website\"},\"primaryImageOfPage\":{\"@id\":\"https:\\\/\\\/talcomosoy.com.ar\\\/index.php\\\/sueno-de-una-noche-de-verano-en-el-teatro-mendoza\\\/#primaryimage\"},\"image\":{\"@id\":\"https:\\\/\\\/talcomosoy.com.ar\\\/index.php\\\/sueno-de-una-noche-de-verano-en-el-teatro-mendoza\\\/#primaryimage\"},\"thumbnailUrl\":\"https:\\\/\\\/i0.wp.com\\\/talcomosoy.com.ar\\\/wp-content\\\/uploads\\\/2021\\\/06\\\/Screenshot_20210616-130301_Gmail.jpg?fit=897%2C593&ssl=1\",\"datePublished\":\"2021-06-16T16:10:26+00:00\",\"inLanguage\":\"es\",\"potentialAction\":[{\"@type\":\"ReadAction\",\"target\":[\"https:\\\/\\\/talcomosoy.com.ar\\\/index.php\\\/sueno-de-una-noche-de-verano-en-el-teatro-mendoza\\\/\"]}]},{\"@type\":\"ImageObject\",\"inLanguage\":\"es\",\"@id\":\"https:\\\/\\\/talcomosoy.com.ar\\\/index.php\\\/sueno-de-una-noche-de-verano-en-el-teatro-mendoza\\\/#primaryimage\",\"url\":\"https:\\\/\\\/i0.wp.com\\\/talcomosoy.com.ar\\\/wp-content\\\/uploads\\\/2021\\\/06\\\/Screenshot_20210616-130301_Gmail.jpg?fit=897%2C593&ssl=1\",\"contentUrl\":\"https:\\\/\\\/i0.wp.com\\\/talcomosoy.com.ar\\\/wp-content\\\/uploads\\\/2021\\\/06\\\/Screenshot_20210616-130301_Gmail.jpg?fit=897%2C593&ssl=1\",\"width\":897,\"height\":593},{\"@type\":\"WebSite\",\"@id\":\"https:\\\/\\\/talcomosoy.com.ar\\\/#website\",\"url\":\"https:\\\/\\\/talcomosoy.com.ar\\\/\",\"name\":\"Tal Como Soy\",\"description\":\"Magazine Musical Digital\",\"publisher\":{\"@id\":\"https:\\\/\\\/talcomosoy.com.ar\\\/#organization\"},\"potentialAction\":[{\"@type\":\"SearchAction\",\"target\":{\"@type\":\"EntryPoint\",\"urlTemplate\":\"https:\\\/\\\/talcomosoy.com.ar\\\/?s={search_term_string}\"},\"query-input\":{\"@type\":\"PropertyValueSpecification\",\"valueRequired\":true,\"valueName\":\"search_term_string\"}}],\"inLanguage\":\"es\"},{\"@type\":\"Organization\",\"@id\":\"https:\\\/\\\/talcomosoy.com.ar\\\/#organization\",\"name\":\"Tal Como Soy\",\"url\":\"https:\\\/\\\/talcomosoy.com.ar\\\/\",\"logo\":{\"@type\":\"ImageObject\",\"inLanguage\":\"es\",\"@id\":\"https:\\\/\\\/talcomosoy.com.ar\\\/#\\\/schema\\\/logo\\\/image\\\/\",\"url\":\"https:\\\/\\\/i0.wp.com\\\/talcomosoy.com.ar\\\/wp-content\\\/uploads\\\/2020\\\/02\\\/PUA-2020-TRANSPARENTE.png?fit=570%2C382&ssl=1\",\"contentUrl\":\"https:\\\/\\\/i0.wp.com\\\/talcomosoy.com.ar\\\/wp-content\\\/uploads\\\/2020\\\/02\\\/PUA-2020-TRANSPARENTE.png?fit=570%2C382&ssl=1\",\"width\":570,\"height\":382,\"caption\":\"Tal Como Soy\"},\"image\":{\"@id\":\"https:\\\/\\\/talcomosoy.com.ar\\\/#\\\/schema\\\/logo\\\/image\\\/\"},\"sameAs\":[\"https:\\\/\\\/www.facebook.com\\\/talcomosoyok\",\"https:\\\/\\\/x.com\\\/talcomosoyok\",\"https:\\\/\\\/www.instagram.com\\\/talcomosoyok\",\"https:\\\/\\\/www.youtube.com\\\/channel\\\/UCrutZzYQmd9Fe8pEm5wqsiw\"]},{\"@type\":\"Person\",\"@id\":\"https:\\\/\\\/talcomosoy.com.ar\\\/#\\\/schema\\\/person\\\/496b3561bd436afcf2be92147ff855c9\",\"name\":\"Sinda Miranda\",\"image\":{\"@type\":\"ImageObject\",\"inLanguage\":\"es\",\"@id\":\"https:\\\/\\\/secure.gravatar.com\\\/avatar\\\/ab0e992fc0b7117fe730d00fb0e44073b1fd6e28d69de8e7ac3103f1396f445e?s=96&d=mm&r=g\",\"url\":\"https:\\\/\\\/secure.gravatar.com\\\/avatar\\\/ab0e992fc0b7117fe730d00fb0e44073b1fd6e28d69de8e7ac3103f1396f445e?s=96&d=mm&r=g\",\"contentUrl\":\"https:\\\/\\\/secure.gravatar.com\\\/avatar\\\/ab0e992fc0b7117fe730d00fb0e44073b1fd6e28d69de8e7ac3103f1396f445e?s=96&d=mm&r=g\",\"caption\":\"Sinda Miranda\"},\"description\":\"Escritora, Fot\u00f3grafa, Agente de Prensa\",\"sameAs\":[\"https:\\\/\\\/www.facebook.com\\\/sindamiranda\",\"https:\\\/\\\/www.instagram.com\\\/sindamiranda\",\"https:\\\/\\\/x.com\\\/sindamiranda\"],\"url\":\"https:\\\/\\\/talcomosoy.com.ar\\\/index.php\\\/author\\\/sindamirandatcs\\\/\"}]}<\/script>\n<!-- \/ Yoast SEO plugin. -->","yoast_head_json":{"title":"\"Sue\u00f1o de una noche de verano\" en el Teatro Mendoza - Tal Como Soy","robots":{"index":"index","follow":"follow","max-snippet":"max-snippet:-1","max-image-preview":"max-image-preview:large","max-video-preview":"max-video-preview:-1"},"canonical":"https:\/\/talcomosoy.com.ar\/index.php\/sueno-de-una-noche-de-verano-en-el-teatro-mendoza\/","og_locale":"es_ES","og_type":"article","og_title":"\"Sue\u00f1o de una noche de verano\" en el Teatro Mendoza - Tal Como Soy","og_description":"Viernes 18 de Junio, a las 20 horas. Teatro Mendoza (San Juan 1427, Ciudad). Entrada","og_url":"https:\/\/talcomosoy.com.ar\/index.php\/sueno-de-una-noche-de-verano-en-el-teatro-mendoza\/","og_site_name":"Tal Como Soy","article_publisher":"https:\/\/www.facebook.com\/talcomosoyok","article_author":"https:\/\/www.facebook.com\/sindamiranda","article_published_time":"2021-06-16T16:10:26+00:00","og_image":[{"width":897,"height":593,"url":"https:\/\/i0.wp.com\/talcomosoy.com.ar\/wp-content\/uploads\/2021\/06\/Screenshot_20210616-130301_Gmail.jpg?fit=897%2C593&ssl=1","type":"image\/jpeg"}],"author":"Sinda Miranda","twitter_card":"summary_large_image","twitter_creator":"@sindamiranda","twitter_site":"@talcomosoyok","twitter_misc":{"Escrito por":"Sinda Miranda","Tiempo de lectura":"2 minutos"},"schema":{"@context":"https:\/\/schema.org","@graph":[{"@type":"Article","@id":"https:\/\/talcomosoy.com.ar\/index.php\/sueno-de-una-noche-de-verano-en-el-teatro-mendoza\/#article","isPartOf":{"@id":"https:\/\/talcomosoy.com.ar\/index.php\/sueno-de-una-noche-de-verano-en-el-teatro-mendoza\/"},"author":{"name":"Sinda Miranda","@id":"https:\/\/talcomosoy.com.ar\/#\/schema\/person\/496b3561bd436afcf2be92147ff855c9"},"headline":"\u00abSue\u00f1o de una noche de verano\u00bb en el Teatro Mendoza","datePublished":"2021-06-16T16:10:26+00:00","mainEntityOfPage":{"@id":"https:\/\/talcomosoy.com.ar\/index.php\/sueno-de-una-noche-de-verano-en-el-teatro-mendoza\/"},"wordCount":324,"publisher":{"@id":"https:\/\/talcomosoy.com.ar\/#organization"},"image":{"@id":"https:\/\/talcomosoy.com.ar\/index.php\/sueno-de-una-noche-de-verano-en-el-teatro-mendoza\/#primaryimage"},"thumbnailUrl":"https:\/\/i0.wp.com\/talcomosoy.com.ar\/wp-content\/uploads\/2021\/06\/Screenshot_20210616-130301_Gmail.jpg?fit=897%2C593&ssl=1","articleSection":["Teatro"],"inLanguage":"es"},{"@type":"WebPage","@id":"https:\/\/talcomosoy.com.ar\/index.php\/sueno-de-una-noche-de-verano-en-el-teatro-mendoza\/","url":"https:\/\/talcomosoy.com.ar\/index.php\/sueno-de-una-noche-de-verano-en-el-teatro-mendoza\/","name":"\"Sue\u00f1o de una noche de verano\" en el Teatro Mendoza - Tal Como Soy","isPartOf":{"@id":"https:\/\/talcomosoy.com.ar\/#website"},"primaryImageOfPage":{"@id":"https:\/\/talcomosoy.com.ar\/index.php\/sueno-de-una-noche-de-verano-en-el-teatro-mendoza\/#primaryimage"},"image":{"@id":"https:\/\/talcomosoy.com.ar\/index.php\/sueno-de-una-noche-de-verano-en-el-teatro-mendoza\/#primaryimage"},"thumbnailUrl":"https:\/\/i0.wp.com\/talcomosoy.com.ar\/wp-content\/uploads\/2021\/06\/Screenshot_20210616-130301_Gmail.jpg?fit=897%2C593&ssl=1","datePublished":"2021-06-16T16:10:26+00:00","inLanguage":"es","potentialAction":[{"@type":"ReadAction","target":["https:\/\/talcomosoy.com.ar\/index.php\/sueno-de-una-noche-de-verano-en-el-teatro-mendoza\/"]}]},{"@type":"ImageObject","inLanguage":"es","@id":"https:\/\/talcomosoy.com.ar\/index.php\/sueno-de-una-noche-de-verano-en-el-teatro-mendoza\/#primaryimage","url":"https:\/\/i0.wp.com\/talcomosoy.com.ar\/wp-content\/uploads\/2021\/06\/Screenshot_20210616-130301_Gmail.jpg?fit=897%2C593&ssl=1","contentUrl":"https:\/\/i0.wp.com\/talcomosoy.com.ar\/wp-content\/uploads\/2021\/06\/Screenshot_20210616-130301_Gmail.jpg?fit=897%2C593&ssl=1","width":897,"height":593},{"@type":"WebSite","@id":"https:\/\/talcomosoy.com.ar\/#website","url":"https:\/\/talcomosoy.com.ar\/","name":"Tal Como Soy","description":"Magazine Musical Digital","publisher":{"@id":"https:\/\/talcomosoy.com.ar\/#organization"},"potentialAction":[{"@type":"SearchAction","target":{"@type":"EntryPoint","urlTemplate":"https:\/\/talcomosoy.com.ar\/?s={search_term_string}"},"query-input":{"@type":"PropertyValueSpecification","valueRequired":true,"valueName":"search_term_string"}}],"inLanguage":"es"},{"@type":"Organization","@id":"https:\/\/talcomosoy.com.ar\/#organization","name":"Tal Como Soy","url":"https:\/\/talcomosoy.com.ar\/","logo":{"@type":"ImageObject","inLanguage":"es","@id":"https:\/\/talcomosoy.com.ar\/#\/schema\/logo\/image\/","url":"https:\/\/i0.wp.com\/talcomosoy.com.ar\/wp-content\/uploads\/2020\/02\/PUA-2020-TRANSPARENTE.png?fit=570%2C382&ssl=1","contentUrl":"https:\/\/i0.wp.com\/talcomosoy.com.ar\/wp-content\/uploads\/2020\/02\/PUA-2020-TRANSPARENTE.png?fit=570%2C382&ssl=1","width":570,"height":382,"caption":"Tal Como Soy"},"image":{"@id":"https:\/\/talcomosoy.com.ar\/#\/schema\/logo\/image\/"},"sameAs":["https:\/\/www.facebook.com\/talcomosoyok","https:\/\/x.com\/talcomosoyok","https:\/\/www.instagram.com\/talcomosoyok","https:\/\/www.youtube.com\/channel\/UCrutZzYQmd9Fe8pEm5wqsiw"]},{"@type":"Person","@id":"https:\/\/talcomosoy.com.ar\/#\/schema\/person\/496b3561bd436afcf2be92147ff855c9","name":"Sinda Miranda","image":{"@type":"ImageObject","inLanguage":"es","@id":"https:\/\/secure.gravatar.com\/avatar\/ab0e992fc0b7117fe730d00fb0e44073b1fd6e28d69de8e7ac3103f1396f445e?s=96&d=mm&r=g","url":"https:\/\/secure.gravatar.com\/avatar\/ab0e992fc0b7117fe730d00fb0e44073b1fd6e28d69de8e7ac3103f1396f445e?s=96&d=mm&r=g","contentUrl":"https:\/\/secure.gravatar.com\/avatar\/ab0e992fc0b7117fe730d00fb0e44073b1fd6e28d69de8e7ac3103f1396f445e?s=96&d=mm&r=g","caption":"Sinda Miranda"},"description":"Escritora, Fot\u00f3grafa, Agente de Prensa","sameAs":["https:\/\/www.facebook.com\/sindamiranda","https:\/\/www.instagram.com\/sindamiranda","https:\/\/x.com\/sindamiranda"],"url":"https:\/\/talcomosoy.com.ar\/index.php\/author\/sindamirandatcs\/"}]}},"jetpack_publicize_connections":[],"jetpack_sharing_enabled":true,"jetpack_likes_enabled":true,"jetpack_featured_media_url":"https:\/\/i0.wp.com\/talcomosoy.com.ar\/wp-content\/uploads\/2021\/06\/Screenshot_20210616-130301_Gmail.jpg?fit=897%2C593&ssl=1","_links":{"self":[{"href":"https:\/\/talcomosoy.com.ar\/index.php\/wp-json\/wp\/v2\/posts\/4632","targetHints":{"allow":["GET"]}}],"collection":[{"href":"https:\/\/talcomosoy.com.ar\/index.php\/wp-json\/wp\/v2\/posts"}],"about":[{"href":"https:\/\/talcomosoy.com.ar\/index.php\/wp-json\/wp\/v2\/types\/post"}],"author":[{"embeddable":true,"href":"https:\/\/talcomosoy.com.ar\/index.php\/wp-json\/wp\/v2\/users\/1"}],"replies":[{"embeddable":true,"href":"https:\/\/talcomosoy.com.ar\/index.php\/wp-json\/wp\/v2\/comments?post=4632"}],"version-history":[{"count":1,"href":"https:\/\/talcomosoy.com.ar\/index.php\/wp-json\/wp\/v2\/posts\/4632\/revisions"}],"predecessor-version":[{"id":4634,"href":"https:\/\/talcomosoy.com.ar\/index.php\/wp-json\/wp\/v2\/posts\/4632\/revisions\/4634"}],"wp:featuredmedia":[{"embeddable":true,"href":"https:\/\/talcomosoy.com.ar\/index.php\/wp-json\/wp\/v2\/media\/4633"}],"wp:attachment":[{"href":"https:\/\/talcomosoy.com.ar\/index.php\/wp-json\/wp\/v2\/media?parent=4632"}],"wp:term":[{"taxonomy":"category","embeddable":true,"href":"https:\/\/talcomosoy.com.ar\/index.php\/wp-json\/wp\/v2\/categories?post=4632"},{"taxonomy":"post_tag","embeddable":true,"href":"https:\/\/talcomosoy.com.ar\/index.php\/wp-json\/wp\/v2\/tags?post=4632"}],"curies":[{"name":"wp","href":"https:\/\/api.w.org\/{rel}","templated":true}]}}