{"id":4604,"date":"2021-06-16T11:17:26","date_gmt":"2021-06-16T14:17:26","guid":{"rendered":"https:\/\/talcomosoy.com.ar\/?p=4604"},"modified":"2021-06-16T11:17:26","modified_gmt":"2021-06-16T14:17:26","slug":"chantas-lanzo-su-nuevo-disco-un-gesto","status":"publish","type":"post","link":"https:\/\/talcomosoy.com.ar\/index.php\/chantas-lanzo-su-nuevo-disco-un-gesto\/","title":{"rendered":"Chantas lanz\u00f3 su nuevo disco \u00abUn Gesto\u00bb"},"content":{"rendered":"<h3>Se trata del segundo trabajo de estudio de una de las bandas de rock m\u00e1s afianzadas y de mayor convocatoria en Mendoza.<\/h3>\n<p>&nbsp;<\/p>\n<p>Luego de la salida de sus singles \u00abPara Qu\u00e9?\u00bb y \u00abQui\u00e9n Le Gana?\u00bb finalmente Chantas concluy\u00f3 su tr\u00edada de lanzamientos con el estreno de su segundo disco \u00abUn Gesto\u00bb el cual ya se encuentra disponible en plataformas digitales.<\/p>\n<p>Con la esencia del fog\u00f3n y el barrio, y una afianzada fusi\u00f3n de sonido \u00abstone\u00bb y \u00abrocanrol\u00bb argentino, la placa cuenta con 7 canciones que coquetean con el folk, la balada y el tango. El mismo fue grabado en el estudio <strong>Est\u00e1tica<\/strong> <strong>Records<\/strong> (Mza) y cont\u00f3 con la producci\u00f3n de <strong>Didier<\/strong> <strong>Turello<\/strong>, mientras que la grabaci\u00f3n, mezcla y m\u00e1ster estuvo a cargo de <strong>Mat\u00edas<\/strong> <strong>Jodar<\/strong>.<\/p>\n<p>&nbsp;<\/p>\n<h3>Sobre Chantas<\/h3>\n<p>&nbsp;<\/p>\n<p>Es una banda de rock and roll nacida en Mendoza (Argentina), formada all\u00e1 por 2004, aunque su comienzo formal fue reci\u00e9n en 2011.\u00a0En sus casi 10 a\u00f1os de trayectoria se present\u00f3 en escenarios locales de renombre como La Nave Cultural, Cine Teatro Imperial, Teatro Recreo, N8 Estudio, Aloha Disco, y Estadio El Santo; incluyendo tambi\u00e9n algunos shows en Buenos Aires, y participaciones en festivales en donde\u00a0comparti\u00f3 tarima con artistas de la talla de Pier, Zona Ganjah, El Vuelto (Alejando Sokol), Sarc\u00f3fago (Ratones Paranoicos), Nuestra Raza (ex Callejeros) y La Skandalosa\u00a0Tripulaci\u00f3n, entre otros.<\/p>\n<p>Actualmente Chantas es: <strong>Charli<\/strong> <strong>Miranda<\/strong> (voz), <strong>Jorge<\/strong> <strong>Mart\u00ednez<\/strong> (guitarra), <strong>Jona<\/strong>\u00a0<strong>Watkins<\/strong> (bajo) y <strong>Maxi<\/strong> \u00ab<strong>Moja<\/strong>\u00bb <strong>Mur\u00faa<\/strong> (teclados).<\/p>\n<p>&nbsp;<\/p>\n<h3>Dale Play<\/h3>\n<p>&nbsp;<\/p>\n<p><iframe title=\"Spotify Embed: Chantas\" style=\"border-radius: 12px\" width=\"100%\" height=\"352\" frameborder=\"0\" allowfullscreen allow=\"autoplay; clipboard-write; encrypted-media; fullscreen; picture-in-picture\" loading=\"lazy\" src=\"https:\/\/open.spotify.com\/embed\/artist\/21suUcx3SxhwxauXT07fw6?si=QnIux8-5QkOmarEw4C0Utg&#038;utm_source=oembed&#038;dl_branch=1\"><\/iframe><\/p>\n<p>&nbsp;<\/p>\n<p>Para m\u00e1s informaci\u00f3n sobre Chantas, visit\u00e1 su <a href=\"https:\/\/m.facebook.com\/chantasoficial\/\">fanpage<\/a>.<\/p>\n<p>&nbsp;<\/p>\n","protected":false},"excerpt":{"rendered":"<p>Se trata del segundo trabajo de estudio de una de las bandas de rock m\u00e1s<\/p>\n","protected":false},"author":1,"featured_media":4605,"comment_status":"closed","ping_status":"closed","sticky":false,"template":"","format":"standard","meta":{"_jetpack_newsletter_access":"","_jetpack_dont_email_post_to_subs":false,"_jetpack_newsletter_tier_id":0,"_jetpack_memberships_contains_paywalled_content":false,"_jetpack_feature_clip_id":0,"_jetpack_memberships_contains_paid_content":false,"footnotes":"","jetpack_publicize_message":"","jetpack_publicize_feature_enabled":true,"jetpack_social_post_already_shared":true,"jetpack_social_options":{"image_generator_settings":{"template":"highway","default_image_id":0,"font":"","enabled":false},"version":2},"jetpack_post_was_ever_published":false},"categories":[146,2],"tags":[],"class_list":["post-4604","post","type-post","status-publish","format-standard","has-post-thumbnail","hentry","category-lanzamientos","category-musica"],"yoast_head":"<!-- This site is optimized with the Yoast SEO plugin v28.3 - https:\/\/yoast.com\/product\/yoast-seo-wordpress\/ -->\n<title>Chantas lanz\u00f3 su nuevo disco &quot;Un Gesto&quot; - Tal Como Soy<\/title>\n<meta name=\"robots\" content=\"index, follow, max-snippet:-1, max-image-preview:large, max-video-preview:-1\" \/>\n<link rel=\"canonical\" href=\"https:\/\/talcomosoy.com.ar\/index.php\/chantas-lanzo-su-nuevo-disco-un-gesto\/\" \/>\n<meta property=\"og:locale\" content=\"es_ES\" \/>\n<meta property=\"og:type\" content=\"article\" \/>\n<meta property=\"og:title\" content=\"Chantas lanz\u00f3 su nuevo disco &quot;Un Gesto&quot; - Tal Como Soy\" \/>\n<meta property=\"og:description\" content=\"Se trata del segundo trabajo de estudio de una de las bandas de rock m\u00e1s\" \/>\n<meta property=\"og:url\" content=\"https:\/\/talcomosoy.com.ar\/index.php\/chantas-lanzo-su-nuevo-disco-un-gesto\/\" \/>\n<meta property=\"og:site_name\" content=\"Tal Como Soy\" \/>\n<meta property=\"article:publisher\" content=\"https:\/\/www.facebook.com\/talcomosoyok\" \/>\n<meta property=\"article:author\" content=\"https:\/\/www.facebook.com\/sindamiranda\" \/>\n<meta property=\"article:published_time\" content=\"2021-06-16T14:17:26+00:00\" \/>\n<meta property=\"og:image\" content=\"https:\/\/i0.wp.com\/talcomosoy.com.ar\/wp-content\/uploads\/2021\/06\/Screenshot_20210616-111128_Gmail.jpg?fit=872%2C576&ssl=1\" \/>\n\t<meta property=\"og:image:width\" content=\"872\" \/>\n\t<meta property=\"og:image:height\" content=\"576\" \/>\n\t<meta property=\"og:image:type\" content=\"image\/jpeg\" \/>\n<meta name=\"author\" content=\"Sinda Miranda\" \/>\n<meta name=\"twitter:card\" content=\"summary_large_image\" \/>\n<meta name=\"twitter:creator\" content=\"@sindamiranda\" \/>\n<meta name=\"twitter:site\" content=\"@talcomosoyok\" \/>\n<meta name=\"twitter:label1\" content=\"Escrito por\" \/>\n\t<meta name=\"twitter:data1\" content=\"Sinda Miranda\" \/>\n\t<meta name=\"twitter:label2\" content=\"Tiempo de lectura\" \/>\n\t<meta name=\"twitter:data2\" content=\"2 minutos\" \/>\n<script type=\"application\/ld+json\" class=\"yoast-schema-graph\">{\"@context\":\"https:\\\/\\\/schema.org\",\"@graph\":[{\"@type\":\"Article\",\"@id\":\"https:\\\/\\\/talcomosoy.com.ar\\\/index.php\\\/chantas-lanzo-su-nuevo-disco-un-gesto\\\/#article\",\"isPartOf\":{\"@id\":\"https:\\\/\\\/talcomosoy.com.ar\\\/index.php\\\/chantas-lanzo-su-nuevo-disco-un-gesto\\\/\"},\"author\":{\"name\":\"Sinda Miranda\",\"@id\":\"https:\\\/\\\/talcomosoy.com.ar\\\/#\\\/schema\\\/person\\\/496b3561bd436afcf2be92147ff855c9\"},\"headline\":\"Chantas lanz\u00f3 su nuevo disco \u00abUn Gesto\u00bb\",\"datePublished\":\"2021-06-16T14:17:26+00:00\",\"mainEntityOfPage\":{\"@id\":\"https:\\\/\\\/talcomosoy.com.ar\\\/index.php\\\/chantas-lanzo-su-nuevo-disco-un-gesto\\\/\"},\"wordCount\":299,\"publisher\":{\"@id\":\"https:\\\/\\\/talcomosoy.com.ar\\\/#organization\"},\"image\":{\"@id\":\"https:\\\/\\\/talcomosoy.com.ar\\\/index.php\\\/chantas-lanzo-su-nuevo-disco-un-gesto\\\/#primaryimage\"},\"thumbnailUrl\":\"https:\\\/\\\/i0.wp.com\\\/talcomosoy.com.ar\\\/wp-content\\\/uploads\\\/2021\\\/06\\\/Screenshot_20210616-111128_Gmail.jpg?fit=872%2C576&ssl=1\",\"articleSection\":[\"Lanzamientos\",\"M\u00fasica\"],\"inLanguage\":\"es\"},{\"@type\":\"WebPage\",\"@id\":\"https:\\\/\\\/talcomosoy.com.ar\\\/index.php\\\/chantas-lanzo-su-nuevo-disco-un-gesto\\\/\",\"url\":\"https:\\\/\\\/talcomosoy.com.ar\\\/index.php\\\/chantas-lanzo-su-nuevo-disco-un-gesto\\\/\",\"name\":\"Chantas lanz\u00f3 su nuevo disco \\\"Un Gesto\\\" - Tal Como Soy\",\"isPartOf\":{\"@id\":\"https:\\\/\\\/talcomosoy.com.ar\\\/#website\"},\"primaryImageOfPage\":{\"@id\":\"https:\\\/\\\/talcomosoy.com.ar\\\/index.php\\\/chantas-lanzo-su-nuevo-disco-un-gesto\\\/#primaryimage\"},\"image\":{\"@id\":\"https:\\\/\\\/talcomosoy.com.ar\\\/index.php\\\/chantas-lanzo-su-nuevo-disco-un-gesto\\\/#primaryimage\"},\"thumbnailUrl\":\"https:\\\/\\\/i0.wp.com\\\/talcomosoy.com.ar\\\/wp-content\\\/uploads\\\/2021\\\/06\\\/Screenshot_20210616-111128_Gmail.jpg?fit=872%2C576&ssl=1\",\"datePublished\":\"2021-06-16T14:17:26+00:00\",\"inLanguage\":\"es\",\"potentialAction\":[{\"@type\":\"ReadAction\",\"target\":[\"https:\\\/\\\/talcomosoy.com.ar\\\/index.php\\\/chantas-lanzo-su-nuevo-disco-un-gesto\\\/\"]}]},{\"@type\":\"ImageObject\",\"inLanguage\":\"es\",\"@id\":\"https:\\\/\\\/talcomosoy.com.ar\\\/index.php\\\/chantas-lanzo-su-nuevo-disco-un-gesto\\\/#primaryimage\",\"url\":\"https:\\\/\\\/i0.wp.com\\\/talcomosoy.com.ar\\\/wp-content\\\/uploads\\\/2021\\\/06\\\/Screenshot_20210616-111128_Gmail.jpg?fit=872%2C576&ssl=1\",\"contentUrl\":\"https:\\\/\\\/i0.wp.com\\\/talcomosoy.com.ar\\\/wp-content\\\/uploads\\\/2021\\\/06\\\/Screenshot_20210616-111128_Gmail.jpg?fit=872%2C576&ssl=1\",\"width\":872,\"height\":576},{\"@type\":\"WebSite\",\"@id\":\"https:\\\/\\\/talcomosoy.com.ar\\\/#website\",\"url\":\"https:\\\/\\\/talcomosoy.com.ar\\\/\",\"name\":\"Tal Como Soy\",\"description\":\"Magazine Musical Digital\",\"publisher\":{\"@id\":\"https:\\\/\\\/talcomosoy.com.ar\\\/#organization\"},\"potentialAction\":[{\"@type\":\"SearchAction\",\"target\":{\"@type\":\"EntryPoint\",\"urlTemplate\":\"https:\\\/\\\/talcomosoy.com.ar\\\/?s={search_term_string}\"},\"query-input\":{\"@type\":\"PropertyValueSpecification\",\"valueRequired\":true,\"valueName\":\"search_term_string\"}}],\"inLanguage\":\"es\"},{\"@type\":\"Organization\",\"@id\":\"https:\\\/\\\/talcomosoy.com.ar\\\/#organization\",\"name\":\"Tal Como Soy\",\"url\":\"https:\\\/\\\/talcomosoy.com.ar\\\/\",\"logo\":{\"@type\":\"ImageObject\",\"inLanguage\":\"es\",\"@id\":\"https:\\\/\\\/talcomosoy.com.ar\\\/#\\\/schema\\\/logo\\\/image\\\/\",\"url\":\"https:\\\/\\\/i0.wp.com\\\/talcomosoy.com.ar\\\/wp-content\\\/uploads\\\/2020\\\/02\\\/PUA-2020-TRANSPARENTE.png?fit=570%2C382&ssl=1\",\"contentUrl\":\"https:\\\/\\\/i0.wp.com\\\/talcomosoy.com.ar\\\/wp-content\\\/uploads\\\/2020\\\/02\\\/PUA-2020-TRANSPARENTE.png?fit=570%2C382&ssl=1\",\"width\":570,\"height\":382,\"caption\":\"Tal Como Soy\"},\"image\":{\"@id\":\"https:\\\/\\\/talcomosoy.com.ar\\\/#\\\/schema\\\/logo\\\/image\\\/\"},\"sameAs\":[\"https:\\\/\\\/www.facebook.com\\\/talcomosoyok\",\"https:\\\/\\\/x.com\\\/talcomosoyok\",\"https:\\\/\\\/www.instagram.com\\\/talcomosoyok\",\"https:\\\/\\\/www.youtube.com\\\/channel\\\/UCrutZzYQmd9Fe8pEm5wqsiw\"]},{\"@type\":\"Person\",\"@id\":\"https:\\\/\\\/talcomosoy.com.ar\\\/#\\\/schema\\\/person\\\/496b3561bd436afcf2be92147ff855c9\",\"name\":\"Sinda Miranda\",\"image\":{\"@type\":\"ImageObject\",\"inLanguage\":\"es\",\"@id\":\"https:\\\/\\\/secure.gravatar.com\\\/avatar\\\/ab0e992fc0b7117fe730d00fb0e44073b1fd6e28d69de8e7ac3103f1396f445e?s=96&d=mm&r=g\",\"url\":\"https:\\\/\\\/secure.gravatar.com\\\/avatar\\\/ab0e992fc0b7117fe730d00fb0e44073b1fd6e28d69de8e7ac3103f1396f445e?s=96&d=mm&r=g\",\"contentUrl\":\"https:\\\/\\\/secure.gravatar.com\\\/avatar\\\/ab0e992fc0b7117fe730d00fb0e44073b1fd6e28d69de8e7ac3103f1396f445e?s=96&d=mm&r=g\",\"caption\":\"Sinda Miranda\"},\"description\":\"Escritora, Fot\u00f3grafa, Agente de Prensa\",\"sameAs\":[\"https:\\\/\\\/www.facebook.com\\\/sindamiranda\",\"https:\\\/\\\/www.instagram.com\\\/sindamiranda\",\"https:\\\/\\\/x.com\\\/sindamiranda\"],\"url\":\"https:\\\/\\\/talcomosoy.com.ar\\\/index.php\\\/author\\\/sindamirandatcs\\\/\"}]}<\/script>\n<!-- \/ Yoast SEO plugin. -->","yoast_head_json":{"title":"Chantas lanz\u00f3 su nuevo disco \"Un Gesto\" - Tal Como Soy","robots":{"index":"index","follow":"follow","max-snippet":"max-snippet:-1","max-image-preview":"max-image-preview:large","max-video-preview":"max-video-preview:-1"},"canonical":"https:\/\/talcomosoy.com.ar\/index.php\/chantas-lanzo-su-nuevo-disco-un-gesto\/","og_locale":"es_ES","og_type":"article","og_title":"Chantas lanz\u00f3 su nuevo disco \"Un Gesto\" - Tal Como Soy","og_description":"Se trata del segundo trabajo de estudio de una de las bandas de rock m\u00e1s","og_url":"https:\/\/talcomosoy.com.ar\/index.php\/chantas-lanzo-su-nuevo-disco-un-gesto\/","og_site_name":"Tal Como Soy","article_publisher":"https:\/\/www.facebook.com\/talcomosoyok","article_author":"https:\/\/www.facebook.com\/sindamiranda","article_published_time":"2021-06-16T14:17:26+00:00","og_image":[{"width":872,"height":576,"url":"https:\/\/i0.wp.com\/talcomosoy.com.ar\/wp-content\/uploads\/2021\/06\/Screenshot_20210616-111128_Gmail.jpg?fit=872%2C576&ssl=1","type":"image\/jpeg"}],"author":"Sinda Miranda","twitter_card":"summary_large_image","twitter_creator":"@sindamiranda","twitter_site":"@talcomosoyok","twitter_misc":{"Escrito por":"Sinda Miranda","Tiempo de lectura":"2 minutos"},"schema":{"@context":"https:\/\/schema.org","@graph":[{"@type":"Article","@id":"https:\/\/talcomosoy.com.ar\/index.php\/chantas-lanzo-su-nuevo-disco-un-gesto\/#article","isPartOf":{"@id":"https:\/\/talcomosoy.com.ar\/index.php\/chantas-lanzo-su-nuevo-disco-un-gesto\/"},"author":{"name":"Sinda Miranda","@id":"https:\/\/talcomosoy.com.ar\/#\/schema\/person\/496b3561bd436afcf2be92147ff855c9"},"headline":"Chantas lanz\u00f3 su nuevo disco \u00abUn Gesto\u00bb","datePublished":"2021-06-16T14:17:26+00:00","mainEntityOfPage":{"@id":"https:\/\/talcomosoy.com.ar\/index.php\/chantas-lanzo-su-nuevo-disco-un-gesto\/"},"wordCount":299,"publisher":{"@id":"https:\/\/talcomosoy.com.ar\/#organization"},"image":{"@id":"https:\/\/talcomosoy.com.ar\/index.php\/chantas-lanzo-su-nuevo-disco-un-gesto\/#primaryimage"},"thumbnailUrl":"https:\/\/i0.wp.com\/talcomosoy.com.ar\/wp-content\/uploads\/2021\/06\/Screenshot_20210616-111128_Gmail.jpg?fit=872%2C576&ssl=1","articleSection":["Lanzamientos","M\u00fasica"],"inLanguage":"es"},{"@type":"WebPage","@id":"https:\/\/talcomosoy.com.ar\/index.php\/chantas-lanzo-su-nuevo-disco-un-gesto\/","url":"https:\/\/talcomosoy.com.ar\/index.php\/chantas-lanzo-su-nuevo-disco-un-gesto\/","name":"Chantas lanz\u00f3 su nuevo disco \"Un Gesto\" - Tal Como Soy","isPartOf":{"@id":"https:\/\/talcomosoy.com.ar\/#website"},"primaryImageOfPage":{"@id":"https:\/\/talcomosoy.com.ar\/index.php\/chantas-lanzo-su-nuevo-disco-un-gesto\/#primaryimage"},"image":{"@id":"https:\/\/talcomosoy.com.ar\/index.php\/chantas-lanzo-su-nuevo-disco-un-gesto\/#primaryimage"},"thumbnailUrl":"https:\/\/i0.wp.com\/talcomosoy.com.ar\/wp-content\/uploads\/2021\/06\/Screenshot_20210616-111128_Gmail.jpg?fit=872%2C576&ssl=1","datePublished":"2021-06-16T14:17:26+00:00","inLanguage":"es","potentialAction":[{"@type":"ReadAction","target":["https:\/\/talcomosoy.com.ar\/index.php\/chantas-lanzo-su-nuevo-disco-un-gesto\/"]}]},{"@type":"ImageObject","inLanguage":"es","@id":"https:\/\/talcomosoy.com.ar\/index.php\/chantas-lanzo-su-nuevo-disco-un-gesto\/#primaryimage","url":"https:\/\/i0.wp.com\/talcomosoy.com.ar\/wp-content\/uploads\/2021\/06\/Screenshot_20210616-111128_Gmail.jpg?fit=872%2C576&ssl=1","contentUrl":"https:\/\/i0.wp.com\/talcomosoy.com.ar\/wp-content\/uploads\/2021\/06\/Screenshot_20210616-111128_Gmail.jpg?fit=872%2C576&ssl=1","width":872,"height":576},{"@type":"WebSite","@id":"https:\/\/talcomosoy.com.ar\/#website","url":"https:\/\/talcomosoy.com.ar\/","name":"Tal Como Soy","description":"Magazine Musical Digital","publisher":{"@id":"https:\/\/talcomosoy.com.ar\/#organization"},"potentialAction":[{"@type":"SearchAction","target":{"@type":"EntryPoint","urlTemplate":"https:\/\/talcomosoy.com.ar\/?s={search_term_string}"},"query-input":{"@type":"PropertyValueSpecification","valueRequired":true,"valueName":"search_term_string"}}],"inLanguage":"es"},{"@type":"Organization","@id":"https:\/\/talcomosoy.com.ar\/#organization","name":"Tal Como Soy","url":"https:\/\/talcomosoy.com.ar\/","logo":{"@type":"ImageObject","inLanguage":"es","@id":"https:\/\/talcomosoy.com.ar\/#\/schema\/logo\/image\/","url":"https:\/\/i0.wp.com\/talcomosoy.com.ar\/wp-content\/uploads\/2020\/02\/PUA-2020-TRANSPARENTE.png?fit=570%2C382&ssl=1","contentUrl":"https:\/\/i0.wp.com\/talcomosoy.com.ar\/wp-content\/uploads\/2020\/02\/PUA-2020-TRANSPARENTE.png?fit=570%2C382&ssl=1","width":570,"height":382,"caption":"Tal Como Soy"},"image":{"@id":"https:\/\/talcomosoy.com.ar\/#\/schema\/logo\/image\/"},"sameAs":["https:\/\/www.facebook.com\/talcomosoyok","https:\/\/x.com\/talcomosoyok","https:\/\/www.instagram.com\/talcomosoyok","https:\/\/www.youtube.com\/channel\/UCrutZzYQmd9Fe8pEm5wqsiw"]},{"@type":"Person","@id":"https:\/\/talcomosoy.com.ar\/#\/schema\/person\/496b3561bd436afcf2be92147ff855c9","name":"Sinda Miranda","image":{"@type":"ImageObject","inLanguage":"es","@id":"https:\/\/secure.gravatar.com\/avatar\/ab0e992fc0b7117fe730d00fb0e44073b1fd6e28d69de8e7ac3103f1396f445e?s=96&d=mm&r=g","url":"https:\/\/secure.gravatar.com\/avatar\/ab0e992fc0b7117fe730d00fb0e44073b1fd6e28d69de8e7ac3103f1396f445e?s=96&d=mm&r=g","contentUrl":"https:\/\/secure.gravatar.com\/avatar\/ab0e992fc0b7117fe730d00fb0e44073b1fd6e28d69de8e7ac3103f1396f445e?s=96&d=mm&r=g","caption":"Sinda Miranda"},"description":"Escritora, Fot\u00f3grafa, Agente de Prensa","sameAs":["https:\/\/www.facebook.com\/sindamiranda","https:\/\/www.instagram.com\/sindamiranda","https:\/\/x.com\/sindamiranda"],"url":"https:\/\/talcomosoy.com.ar\/index.php\/author\/sindamirandatcs\/"}]}},"jetpack_publicize_connections":[],"jetpack_sharing_enabled":true,"jetpack_likes_enabled":true,"jetpack_featured_media_url":"https:\/\/i0.wp.com\/talcomosoy.com.ar\/wp-content\/uploads\/2021\/06\/Screenshot_20210616-111128_Gmail.jpg?fit=872%2C576&ssl=1","_links":{"self":[{"href":"https:\/\/talcomosoy.com.ar\/index.php\/wp-json\/wp\/v2\/posts\/4604","targetHints":{"allow":["GET"]}}],"collection":[{"href":"https:\/\/talcomosoy.com.ar\/index.php\/wp-json\/wp\/v2\/posts"}],"about":[{"href":"https:\/\/talcomosoy.com.ar\/index.php\/wp-json\/wp\/v2\/types\/post"}],"author":[{"embeddable":true,"href":"https:\/\/talcomosoy.com.ar\/index.php\/wp-json\/wp\/v2\/users\/1"}],"replies":[{"embeddable":true,"href":"https:\/\/talcomosoy.com.ar\/index.php\/wp-json\/wp\/v2\/comments?post=4604"}],"version-history":[{"count":1,"href":"https:\/\/talcomosoy.com.ar\/index.php\/wp-json\/wp\/v2\/posts\/4604\/revisions"}],"predecessor-version":[{"id":4606,"href":"https:\/\/talcomosoy.com.ar\/index.php\/wp-json\/wp\/v2\/posts\/4604\/revisions\/4606"}],"wp:featuredmedia":[{"embeddable":true,"href":"https:\/\/talcomosoy.com.ar\/index.php\/wp-json\/wp\/v2\/media\/4605"}],"wp:attachment":[{"href":"https:\/\/talcomosoy.com.ar\/index.php\/wp-json\/wp\/v2\/media?parent=4604"}],"wp:term":[{"taxonomy":"category","embeddable":true,"href":"https:\/\/talcomosoy.com.ar\/index.php\/wp-json\/wp\/v2\/categories?post=4604"},{"taxonomy":"post_tag","embeddable":true,"href":"https:\/\/talcomosoy.com.ar\/index.php\/wp-json\/wp\/v2\/tags?post=4604"}],"curies":[{"name":"wp","href":"https:\/\/api.w.org\/{rel}","templated":true}]}}