{"id":4594,"date":"2021-06-14T18:43:33","date_gmt":"2021-06-14T21:43:33","guid":{"rendered":"https:\/\/talcomosoy.com.ar\/?p=4594"},"modified":"2021-06-14T18:43:33","modified_gmt":"2021-06-14T21:43:33","slug":"pablo-matias-estrena-cambios-invierno-y-somos-un-nido","status":"publish","type":"post","link":"https:\/\/talcomosoy.com.ar\/index.php\/pablo-matias-estrena-cambios-invierno-y-somos-un-nido\/","title":{"rendered":"Pablo Mat\u00edas estrena \u00abCambios\u00bb, \u00abInvierno\u00bb y \u00abSomos un nido\u00bb"},"content":{"rendered":"<h3>Son tres canciones de su autor\u00eda y el estreno est\u00e1 programado para el 26 de Junio a las 21 horas, en su canal de youtube, spotify, instagram y facebook.<\/h3>\n<p>&nbsp;<\/p>\n<p>Los artistas que acompa\u00f1aron a Pablo Mat\u00edas, son del este mendocino: <strong>Juan<\/strong> <strong>Ignacio<\/strong> <strong>Sabastta<\/strong> en bater\u00eda y <strong>Maxi<\/strong> <strong>Bautista<\/strong> en bajo.<\/p>\n<p>Este trabajo se logr\u00f3 gracias a un subsidio del <strong>INAMU<\/strong> y el <strong>Ministerio de Cultura de la Naci\u00f3n<\/strong>, y a un equipo de profesionales como <strong>Emanuel<\/strong> <strong>Acu\u00f1a<\/strong> en la grabaci\u00f3n y mezcla, <strong>Mario<\/strong> <strong>S\u00e1nchez<\/strong> en el mastering, <strong>Pecas<\/strong> <strong>Audiovisual<\/strong> en el video y <strong>Antonella<\/strong> <strong>Palazzo<\/strong> <strong>Bresso<\/strong> en el dise\u00f1o gr\u00e1fico.<\/p>\n<p>&nbsp;<\/p>\n<h3>Dale Play!<\/h3>\n<p>&nbsp;<\/p>\n<p><iframe title=\"Spotify Embed: PABLO MAT\u00cdAS\" style=\"border-radius: 12px\" width=\"100%\" height=\"352\" frameborder=\"0\" allowfullscreen allow=\"autoplay; clipboard-write; encrypted-media; fullscreen; picture-in-picture\" loading=\"lazy\" src=\"https:\/\/open.spotify.com\/embed\/artist\/6M89v0TeuPx53Bty84RYhv?si=bTFoDi15Tbibe8FDCAFoCg&#038;utm_source=oembed&#038;dl_branch=1\"><\/iframe><\/p>\n<h3>Sobre Pablo Mat\u00edas<\/h3>\n<p>Es m\u00fasico, int\u00e9rprete y cantautor. Vive en Jun\u00edn, Mendoza.<\/p>\n<p>Hoy en d\u00eda encara una etapa como solista y su b\u00fasqueda consiste en conjugar todo lo aprendido en este andar, ya que particip\u00f3 durante 10 a\u00f1os como vocalista de la banda de reggae \u00abCalavera No Chilla\u00bb, con la cual grab\u00f3 un disco de la mano de Goy Karamelo y Lucas Becerra, en el estudio TDRecord en la provincia de Buenos Aires.<\/p>\n<p>Fueron adem\u00e1s teloneros de exitosos grupos tales como, Cuarteto de Nos, Los Piojos, Kapanga, Karamelo Santo, Catupecumachu, Fidel Nadal, Kameleba, etc.<\/p>\n<p>En paralelo a esto, integr\u00f3 como cantante y productor musical la Murga estilo uruguayo \u00abLa Muy Guacha\u00bb durante 4 a\u00f1os. Particip\u00f3 en el ensamble de rumba Hasta las Manos.<\/p>\n<p>Actualmente es profesor de m\u00fasica y se desempe\u00f1a como m\u00fasico y director del ensamble de percusi\u00f3n con se\u00f1as, Pulsi\u00f3n S\u00edsmica.<\/p>\n<p>Para m\u00e1s informaci\u00f3n sobre <strong>Pablo<\/strong>, visitalo en su <a href=\"https:\/\/www.facebook.com\/pablo.altamiranda1\">fanpage<\/a>.<\/p>\n<p>&nbsp;<\/p>\n<p>&nbsp;<\/p>\n","protected":false},"excerpt":{"rendered":"<p>Son tres canciones de su autor\u00eda y el estreno est\u00e1 programado para el 26 de<\/p>\n","protected":false},"author":1,"featured_media":4596,"comment_status":"closed","ping_status":"closed","sticky":false,"template":"","format":"standard","meta":{"_jetpack_newsletter_access":"","_jetpack_dont_email_post_to_subs":false,"_jetpack_newsletter_tier_id":0,"_jetpack_memberships_contains_paywalled_content":false,"_jetpack_feature_clip_id":0,"_jetpack_memberships_contains_paid_content":false,"footnotes":"","jetpack_publicize_message":"","jetpack_publicize_feature_enabled":true,"jetpack_social_post_already_shared":true,"jetpack_social_options":{"image_generator_settings":{"template":"highway","default_image_id":0,"font":"","enabled":false},"version":2},"jetpack_post_was_ever_published":false},"categories":[146,2],"tags":[],"class_list":["post-4594","post","type-post","status-publish","format-standard","has-post-thumbnail","hentry","category-lanzamientos","category-musica"],"yoast_head":"<!-- This site is optimized with the Yoast SEO plugin v28.4 - https:\/\/yoast.com\/product\/yoast-seo-wordpress\/ -->\n<title>Pablo Mat\u00edas estrena &quot;Cambios&quot;, &quot;Invierno&quot; y &quot;Somos un nido&quot; - Tal Como Soy<\/title>\n<meta name=\"robots\" content=\"index, follow, max-snippet:-1, max-image-preview:large, max-video-preview:-1\" \/>\n<link rel=\"canonical\" href=\"https:\/\/talcomosoy.com.ar\/index.php\/pablo-matias-estrena-cambios-invierno-y-somos-un-nido\/\" \/>\n<meta property=\"og:locale\" content=\"es_ES\" \/>\n<meta property=\"og:type\" content=\"article\" \/>\n<meta property=\"og:title\" content=\"Pablo Mat\u00edas estrena &quot;Cambios&quot;, &quot;Invierno&quot; y &quot;Somos un nido&quot; - Tal Como Soy\" \/>\n<meta property=\"og:description\" content=\"Son tres canciones de su autor\u00eda y el estreno est\u00e1 programado para el 26 de\" \/>\n<meta property=\"og:url\" content=\"https:\/\/talcomosoy.com.ar\/index.php\/pablo-matias-estrena-cambios-invierno-y-somos-un-nido\/\" \/>\n<meta property=\"og:site_name\" content=\"Tal Como Soy\" \/>\n<meta property=\"article:publisher\" content=\"https:\/\/www.facebook.com\/talcomosoyok\" \/>\n<meta property=\"article:author\" content=\"https:\/\/www.facebook.com\/sindamiranda\" \/>\n<meta property=\"article:published_time\" content=\"2021-06-14T21:43:33+00:00\" \/>\n<meta property=\"og:image\" content=\"https:\/\/i0.wp.com\/talcomosoy.com.ar\/wp-content\/uploads\/2021\/06\/Screenshot_20210614-184035_Facebook.jpg?fit=1079%2C910&ssl=1\" \/>\n\t<meta property=\"og:image:width\" content=\"1079\" \/>\n\t<meta property=\"og:image:height\" content=\"910\" \/>\n\t<meta property=\"og:image:type\" content=\"image\/jpeg\" \/>\n<meta name=\"author\" content=\"Sinda Miranda\" \/>\n<meta name=\"twitter:card\" content=\"summary_large_image\" \/>\n<meta name=\"twitter:creator\" content=\"@sindamiranda\" \/>\n<meta name=\"twitter:site\" content=\"@talcomosoyok\" \/>\n<meta name=\"twitter:label1\" content=\"Escrito por\" \/>\n\t<meta name=\"twitter:data1\" content=\"Sinda Miranda\" \/>\n\t<meta name=\"twitter:label2\" content=\"Tiempo de lectura\" \/>\n\t<meta name=\"twitter:data2\" content=\"2 minutos\" \/>\n<script type=\"application\/ld+json\" class=\"yoast-schema-graph\">{\"@context\":\"https:\\\/\\\/schema.org\",\"@graph\":[{\"@type\":\"Article\",\"@id\":\"https:\\\/\\\/talcomosoy.com.ar\\\/index.php\\\/pablo-matias-estrena-cambios-invierno-y-somos-un-nido\\\/#article\",\"isPartOf\":{\"@id\":\"https:\\\/\\\/talcomosoy.com.ar\\\/index.php\\\/pablo-matias-estrena-cambios-invierno-y-somos-un-nido\\\/\"},\"author\":{\"name\":\"Sinda Miranda\",\"@id\":\"https:\\\/\\\/talcomosoy.com.ar\\\/#\\\/schema\\\/person\\\/496b3561bd436afcf2be92147ff855c9\"},\"headline\":\"Pablo Mat\u00edas estrena \u00abCambios\u00bb, \u00abInvierno\u00bb y \u00abSomos un nido\u00bb\",\"datePublished\":\"2021-06-14T21:43:33+00:00\",\"mainEntityOfPage\":{\"@id\":\"https:\\\/\\\/talcomosoy.com.ar\\\/index.php\\\/pablo-matias-estrena-cambios-invierno-y-somos-un-nido\\\/\"},\"wordCount\":314,\"publisher\":{\"@id\":\"https:\\\/\\\/talcomosoy.com.ar\\\/#organization\"},\"image\":{\"@id\":\"https:\\\/\\\/talcomosoy.com.ar\\\/index.php\\\/pablo-matias-estrena-cambios-invierno-y-somos-un-nido\\\/#primaryimage\"},\"thumbnailUrl\":\"https:\\\/\\\/i0.wp.com\\\/talcomosoy.com.ar\\\/wp-content\\\/uploads\\\/2021\\\/06\\\/Screenshot_20210614-184035_Facebook.jpg?fit=1079%2C910&ssl=1\",\"articleSection\":[\"Lanzamientos\",\"M\u00fasica\"],\"inLanguage\":\"es\"},{\"@type\":\"WebPage\",\"@id\":\"https:\\\/\\\/talcomosoy.com.ar\\\/index.php\\\/pablo-matias-estrena-cambios-invierno-y-somos-un-nido\\\/\",\"url\":\"https:\\\/\\\/talcomosoy.com.ar\\\/index.php\\\/pablo-matias-estrena-cambios-invierno-y-somos-un-nido\\\/\",\"name\":\"Pablo Mat\u00edas estrena \\\"Cambios\\\", \\\"Invierno\\\" y \\\"Somos un nido\\\" - Tal Como Soy\",\"isPartOf\":{\"@id\":\"https:\\\/\\\/talcomosoy.com.ar\\\/#website\"},\"primaryImageOfPage\":{\"@id\":\"https:\\\/\\\/talcomosoy.com.ar\\\/index.php\\\/pablo-matias-estrena-cambios-invierno-y-somos-un-nido\\\/#primaryimage\"},\"image\":{\"@id\":\"https:\\\/\\\/talcomosoy.com.ar\\\/index.php\\\/pablo-matias-estrena-cambios-invierno-y-somos-un-nido\\\/#primaryimage\"},\"thumbnailUrl\":\"https:\\\/\\\/i0.wp.com\\\/talcomosoy.com.ar\\\/wp-content\\\/uploads\\\/2021\\\/06\\\/Screenshot_20210614-184035_Facebook.jpg?fit=1079%2C910&ssl=1\",\"datePublished\":\"2021-06-14T21:43:33+00:00\",\"inLanguage\":\"es\",\"potentialAction\":[{\"@type\":\"ReadAction\",\"target\":[\"https:\\\/\\\/talcomosoy.com.ar\\\/index.php\\\/pablo-matias-estrena-cambios-invierno-y-somos-un-nido\\\/\"]}]},{\"@type\":\"ImageObject\",\"inLanguage\":\"es\",\"@id\":\"https:\\\/\\\/talcomosoy.com.ar\\\/index.php\\\/pablo-matias-estrena-cambios-invierno-y-somos-un-nido\\\/#primaryimage\",\"url\":\"https:\\\/\\\/i0.wp.com\\\/talcomosoy.com.ar\\\/wp-content\\\/uploads\\\/2021\\\/06\\\/Screenshot_20210614-184035_Facebook.jpg?fit=1079%2C910&ssl=1\",\"contentUrl\":\"https:\\\/\\\/i0.wp.com\\\/talcomosoy.com.ar\\\/wp-content\\\/uploads\\\/2021\\\/06\\\/Screenshot_20210614-184035_Facebook.jpg?fit=1079%2C910&ssl=1\",\"width\":1079,\"height\":910},{\"@type\":\"WebSite\",\"@id\":\"https:\\\/\\\/talcomosoy.com.ar\\\/#website\",\"url\":\"https:\\\/\\\/talcomosoy.com.ar\\\/\",\"name\":\"Tal Como Soy\",\"description\":\"Magazine Musical Digital\",\"publisher\":{\"@id\":\"https:\\\/\\\/talcomosoy.com.ar\\\/#organization\"},\"potentialAction\":[{\"@type\":\"SearchAction\",\"target\":{\"@type\":\"EntryPoint\",\"urlTemplate\":\"https:\\\/\\\/talcomosoy.com.ar\\\/?s={search_term_string}\"},\"query-input\":{\"@type\":\"PropertyValueSpecification\",\"valueRequired\":true,\"valueName\":\"search_term_string\"}}],\"inLanguage\":\"es\"},{\"@type\":\"Organization\",\"@id\":\"https:\\\/\\\/talcomosoy.com.ar\\\/#organization\",\"name\":\"Tal Como Soy\",\"url\":\"https:\\\/\\\/talcomosoy.com.ar\\\/\",\"logo\":{\"@type\":\"ImageObject\",\"inLanguage\":\"es\",\"@id\":\"https:\\\/\\\/talcomosoy.com.ar\\\/#\\\/schema\\\/logo\\\/image\\\/\",\"url\":\"https:\\\/\\\/i0.wp.com\\\/talcomosoy.com.ar\\\/wp-content\\\/uploads\\\/2020\\\/02\\\/PUA-2020-TRANSPARENTE.png?fit=570%2C382&ssl=1\",\"contentUrl\":\"https:\\\/\\\/i0.wp.com\\\/talcomosoy.com.ar\\\/wp-content\\\/uploads\\\/2020\\\/02\\\/PUA-2020-TRANSPARENTE.png?fit=570%2C382&ssl=1\",\"width\":570,\"height\":382,\"caption\":\"Tal Como Soy\"},\"image\":{\"@id\":\"https:\\\/\\\/talcomosoy.com.ar\\\/#\\\/schema\\\/logo\\\/image\\\/\"},\"sameAs\":[\"https:\\\/\\\/www.facebook.com\\\/talcomosoyok\",\"https:\\\/\\\/x.com\\\/talcomosoyok\",\"https:\\\/\\\/www.instagram.com\\\/talcomosoyok\",\"https:\\\/\\\/www.youtube.com\\\/channel\\\/UCrutZzYQmd9Fe8pEm5wqsiw\"]},{\"@type\":\"Person\",\"@id\":\"https:\\\/\\\/talcomosoy.com.ar\\\/#\\\/schema\\\/person\\\/496b3561bd436afcf2be92147ff855c9\",\"name\":\"Sinda Miranda\",\"image\":{\"@type\":\"ImageObject\",\"inLanguage\":\"es\",\"@id\":\"https:\\\/\\\/secure.gravatar.com\\\/avatar\\\/ab0e992fc0b7117fe730d00fb0e44073b1fd6e28d69de8e7ac3103f1396f445e?s=96&d=mm&r=g\",\"url\":\"https:\\\/\\\/secure.gravatar.com\\\/avatar\\\/ab0e992fc0b7117fe730d00fb0e44073b1fd6e28d69de8e7ac3103f1396f445e?s=96&d=mm&r=g\",\"contentUrl\":\"https:\\\/\\\/secure.gravatar.com\\\/avatar\\\/ab0e992fc0b7117fe730d00fb0e44073b1fd6e28d69de8e7ac3103f1396f445e?s=96&d=mm&r=g\",\"caption\":\"Sinda Miranda\"},\"description\":\"Escritora, Fot\u00f3grafa, Agente de Prensa\",\"sameAs\":[\"https:\\\/\\\/www.facebook.com\\\/sindamiranda\",\"https:\\\/\\\/www.instagram.com\\\/sindamiranda\",\"https:\\\/\\\/x.com\\\/sindamiranda\"],\"url\":\"https:\\\/\\\/talcomosoy.com.ar\\\/index.php\\\/author\\\/sindamirandatcs\\\/\"}]}<\/script>\n<!-- \/ Yoast SEO plugin. -->","yoast_head_json":{"title":"Pablo Mat\u00edas estrena \"Cambios\", \"Invierno\" y \"Somos un nido\" - Tal Como Soy","robots":{"index":"index","follow":"follow","max-snippet":"max-snippet:-1","max-image-preview":"max-image-preview:large","max-video-preview":"max-video-preview:-1"},"canonical":"https:\/\/talcomosoy.com.ar\/index.php\/pablo-matias-estrena-cambios-invierno-y-somos-un-nido\/","og_locale":"es_ES","og_type":"article","og_title":"Pablo Mat\u00edas estrena \"Cambios\", \"Invierno\" y \"Somos un nido\" - Tal Como Soy","og_description":"Son tres canciones de su autor\u00eda y el estreno est\u00e1 programado para el 26 de","og_url":"https:\/\/talcomosoy.com.ar\/index.php\/pablo-matias-estrena-cambios-invierno-y-somos-un-nido\/","og_site_name":"Tal Como Soy","article_publisher":"https:\/\/www.facebook.com\/talcomosoyok","article_author":"https:\/\/www.facebook.com\/sindamiranda","article_published_time":"2021-06-14T21:43:33+00:00","og_image":[{"width":1079,"height":910,"url":"https:\/\/i0.wp.com\/talcomosoy.com.ar\/wp-content\/uploads\/2021\/06\/Screenshot_20210614-184035_Facebook.jpg?fit=1079%2C910&ssl=1","type":"image\/jpeg"}],"author":"Sinda Miranda","twitter_card":"summary_large_image","twitter_creator":"@sindamiranda","twitter_site":"@talcomosoyok","twitter_misc":{"Escrito por":"Sinda Miranda","Tiempo de lectura":"2 minutos"},"schema":{"@context":"https:\/\/schema.org","@graph":[{"@type":"Article","@id":"https:\/\/talcomosoy.com.ar\/index.php\/pablo-matias-estrena-cambios-invierno-y-somos-un-nido\/#article","isPartOf":{"@id":"https:\/\/talcomosoy.com.ar\/index.php\/pablo-matias-estrena-cambios-invierno-y-somos-un-nido\/"},"author":{"name":"Sinda Miranda","@id":"https:\/\/talcomosoy.com.ar\/#\/schema\/person\/496b3561bd436afcf2be92147ff855c9"},"headline":"Pablo Mat\u00edas estrena \u00abCambios\u00bb, \u00abInvierno\u00bb y \u00abSomos un nido\u00bb","datePublished":"2021-06-14T21:43:33+00:00","mainEntityOfPage":{"@id":"https:\/\/talcomosoy.com.ar\/index.php\/pablo-matias-estrena-cambios-invierno-y-somos-un-nido\/"},"wordCount":314,"publisher":{"@id":"https:\/\/talcomosoy.com.ar\/#organization"},"image":{"@id":"https:\/\/talcomosoy.com.ar\/index.php\/pablo-matias-estrena-cambios-invierno-y-somos-un-nido\/#primaryimage"},"thumbnailUrl":"https:\/\/i0.wp.com\/talcomosoy.com.ar\/wp-content\/uploads\/2021\/06\/Screenshot_20210614-184035_Facebook.jpg?fit=1079%2C910&ssl=1","articleSection":["Lanzamientos","M\u00fasica"],"inLanguage":"es"},{"@type":"WebPage","@id":"https:\/\/talcomosoy.com.ar\/index.php\/pablo-matias-estrena-cambios-invierno-y-somos-un-nido\/","url":"https:\/\/talcomosoy.com.ar\/index.php\/pablo-matias-estrena-cambios-invierno-y-somos-un-nido\/","name":"Pablo Mat\u00edas estrena \"Cambios\", \"Invierno\" y \"Somos un nido\" - Tal Como Soy","isPartOf":{"@id":"https:\/\/talcomosoy.com.ar\/#website"},"primaryImageOfPage":{"@id":"https:\/\/talcomosoy.com.ar\/index.php\/pablo-matias-estrena-cambios-invierno-y-somos-un-nido\/#primaryimage"},"image":{"@id":"https:\/\/talcomosoy.com.ar\/index.php\/pablo-matias-estrena-cambios-invierno-y-somos-un-nido\/#primaryimage"},"thumbnailUrl":"https:\/\/i0.wp.com\/talcomosoy.com.ar\/wp-content\/uploads\/2021\/06\/Screenshot_20210614-184035_Facebook.jpg?fit=1079%2C910&ssl=1","datePublished":"2021-06-14T21:43:33+00:00","inLanguage":"es","potentialAction":[{"@type":"ReadAction","target":["https:\/\/talcomosoy.com.ar\/index.php\/pablo-matias-estrena-cambios-invierno-y-somos-un-nido\/"]}]},{"@type":"ImageObject","inLanguage":"es","@id":"https:\/\/talcomosoy.com.ar\/index.php\/pablo-matias-estrena-cambios-invierno-y-somos-un-nido\/#primaryimage","url":"https:\/\/i0.wp.com\/talcomosoy.com.ar\/wp-content\/uploads\/2021\/06\/Screenshot_20210614-184035_Facebook.jpg?fit=1079%2C910&ssl=1","contentUrl":"https:\/\/i0.wp.com\/talcomosoy.com.ar\/wp-content\/uploads\/2021\/06\/Screenshot_20210614-184035_Facebook.jpg?fit=1079%2C910&ssl=1","width":1079,"height":910},{"@type":"WebSite","@id":"https:\/\/talcomosoy.com.ar\/#website","url":"https:\/\/talcomosoy.com.ar\/","name":"Tal Como Soy","description":"Magazine Musical Digital","publisher":{"@id":"https:\/\/talcomosoy.com.ar\/#organization"},"potentialAction":[{"@type":"SearchAction","target":{"@type":"EntryPoint","urlTemplate":"https:\/\/talcomosoy.com.ar\/?s={search_term_string}"},"query-input":{"@type":"PropertyValueSpecification","valueRequired":true,"valueName":"search_term_string"}}],"inLanguage":"es"},{"@type":"Organization","@id":"https:\/\/talcomosoy.com.ar\/#organization","name":"Tal Como Soy","url":"https:\/\/talcomosoy.com.ar\/","logo":{"@type":"ImageObject","inLanguage":"es","@id":"https:\/\/talcomosoy.com.ar\/#\/schema\/logo\/image\/","url":"https:\/\/i0.wp.com\/talcomosoy.com.ar\/wp-content\/uploads\/2020\/02\/PUA-2020-TRANSPARENTE.png?fit=570%2C382&ssl=1","contentUrl":"https:\/\/i0.wp.com\/talcomosoy.com.ar\/wp-content\/uploads\/2020\/02\/PUA-2020-TRANSPARENTE.png?fit=570%2C382&ssl=1","width":570,"height":382,"caption":"Tal Como Soy"},"image":{"@id":"https:\/\/talcomosoy.com.ar\/#\/schema\/logo\/image\/"},"sameAs":["https:\/\/www.facebook.com\/talcomosoyok","https:\/\/x.com\/talcomosoyok","https:\/\/www.instagram.com\/talcomosoyok","https:\/\/www.youtube.com\/channel\/UCrutZzYQmd9Fe8pEm5wqsiw"]},{"@type":"Person","@id":"https:\/\/talcomosoy.com.ar\/#\/schema\/person\/496b3561bd436afcf2be92147ff855c9","name":"Sinda Miranda","image":{"@type":"ImageObject","inLanguage":"es","@id":"https:\/\/secure.gravatar.com\/avatar\/ab0e992fc0b7117fe730d00fb0e44073b1fd6e28d69de8e7ac3103f1396f445e?s=96&d=mm&r=g","url":"https:\/\/secure.gravatar.com\/avatar\/ab0e992fc0b7117fe730d00fb0e44073b1fd6e28d69de8e7ac3103f1396f445e?s=96&d=mm&r=g","contentUrl":"https:\/\/secure.gravatar.com\/avatar\/ab0e992fc0b7117fe730d00fb0e44073b1fd6e28d69de8e7ac3103f1396f445e?s=96&d=mm&r=g","caption":"Sinda Miranda"},"description":"Escritora, Fot\u00f3grafa, Agente de Prensa","sameAs":["https:\/\/www.facebook.com\/sindamiranda","https:\/\/www.instagram.com\/sindamiranda","https:\/\/x.com\/sindamiranda"],"url":"https:\/\/talcomosoy.com.ar\/index.php\/author\/sindamirandatcs\/"}]}},"jetpack_publicize_connections":[],"jetpack_sharing_enabled":true,"jetpack_likes_enabled":true,"jetpack_featured_media_url":"https:\/\/i0.wp.com\/talcomosoy.com.ar\/wp-content\/uploads\/2021\/06\/Screenshot_20210614-184035_Facebook.jpg?fit=1079%2C910&ssl=1","_links":{"self":[{"href":"https:\/\/talcomosoy.com.ar\/index.php\/wp-json\/wp\/v2\/posts\/4594","targetHints":{"allow":["GET"]}}],"collection":[{"href":"https:\/\/talcomosoy.com.ar\/index.php\/wp-json\/wp\/v2\/posts"}],"about":[{"href":"https:\/\/talcomosoy.com.ar\/index.php\/wp-json\/wp\/v2\/types\/post"}],"author":[{"embeddable":true,"href":"https:\/\/talcomosoy.com.ar\/index.php\/wp-json\/wp\/v2\/users\/1"}],"replies":[{"embeddable":true,"href":"https:\/\/talcomosoy.com.ar\/index.php\/wp-json\/wp\/v2\/comments?post=4594"}],"version-history":[{"count":1,"href":"https:\/\/talcomosoy.com.ar\/index.php\/wp-json\/wp\/v2\/posts\/4594\/revisions"}],"predecessor-version":[{"id":4597,"href":"https:\/\/talcomosoy.com.ar\/index.php\/wp-json\/wp\/v2\/posts\/4594\/revisions\/4597"}],"wp:featuredmedia":[{"embeddable":true,"href":"https:\/\/talcomosoy.com.ar\/index.php\/wp-json\/wp\/v2\/media\/4596"}],"wp:attachment":[{"href":"https:\/\/talcomosoy.com.ar\/index.php\/wp-json\/wp\/v2\/media?parent=4594"}],"wp:term":[{"taxonomy":"category","embeddable":true,"href":"https:\/\/talcomosoy.com.ar\/index.php\/wp-json\/wp\/v2\/categories?post=4594"},{"taxonomy":"post_tag","embeddable":true,"href":"https:\/\/talcomosoy.com.ar\/index.php\/wp-json\/wp\/v2\/tags?post=4594"}],"curies":[{"name":"wp","href":"https:\/\/api.w.org\/{rel}","templated":true}]}}