{"id":4589,"date":"2021-06-11T18:45:47","date_gmt":"2021-06-11T21:45:47","guid":{"rendered":"https:\/\/talcomosoy.com.ar\/?p=4589"},"modified":"2021-06-11T18:45:47","modified_gmt":"2021-06-11T21:45:47","slug":"musica-teatro-y-danza-este-fin-de-semana-en-el-independencia","status":"publish","type":"post","link":"https:\/\/talcomosoy.com.ar\/index.php\/musica-teatro-y-danza-este-fin-de-semana-en-el-independencia\/","title":{"rendered":"M\u00fasica, teatro y danza, este fin de semana en el Independencia"},"content":{"rendered":"<h3>Con estrictos protocolos sanitarios, la sala mayor de la provincia sigue enriqueciendo su agenda, con grandes producciones mendocinas.<\/h3>\n<p>&nbsp;<\/p>\n<p>El <strong>viernes<\/strong>, a las <strong>20<\/strong>, ser\u00e1 el turno de <strong>la<\/strong> <strong>Filarm\u00f3nica<\/strong> y el concierto\u00a0\u00a1Italia rutilante!, bajo la direcci\u00f3n del maestro C\u00e9sar Iv\u00e1n Lara y con la participaci\u00f3n de Igor Lara en viol\u00edn y Carlos Verenzuela, en contrabajo. La Orquesta interpretar\u00e1 piezas de Antonio Vivaldi, Giovanni Battista Bottesini y Antonio Salieri.<\/p>\n<p>El <strong>s\u00e1bado<\/strong> <strong>12<\/strong>, a las <strong>20.30<\/strong>, llegar\u00e1 la comedia <strong>Bonyur Tailandia<\/strong>. Las entradas tienen un valor de $400 y se encuentran disponibles a trav\u00e9s de la plataforma\u00a0www.entradaweb.com.<\/p>\n<p>Esta obra est\u00e1 escrita por Omar Lopardo y dirigida por Graciela Lopresti. El elenco est\u00e1 formado por Diana Moyano, Rodrigo Calder\u00f3n, Federico Castro, Noelia Videla, Josefina Orme\u00f1o y Poque Gallar.<\/p>\n<p>La trama nos presenta a una pareja de clase media trabajadora que debido a un imprevisto, se acercan a la posibilidad de concretar un sue\u00f1o que anhelan. Pero deber\u00e1n decidir de qu\u00e9 manera actuar, mientras se relacionan con varios personajes que van apareciendo a medida que se desarrolla la trama.<\/p>\n<p>Finalmente, el <strong>domingo<\/strong>, a las <strong>20<\/strong>, se presentar\u00e1 <strong>Mie-2<\/strong>, una obra de danza jazz contempor\u00e1nea, bajo la direcci\u00f3n de Flavia Marino.\u00a0Esta puesta fue creada en el pensamiento formal y no formal del ser humano: Nacer, crecer y morir; pertenecer al movimiento en un cuerpo vivo. Desde la voz hasta las venas. Nacer de un cuerpo. Crecer como ra\u00edz. Morir cuando se deba. Las palabras hechas movimiento.<\/p>\n<p>&nbsp;<\/p>\n<h3>Protocolos sanitarios<\/h3>\n<p>&nbsp;<\/p>\n<p>En el exterior del teatro se encuentra la se\u00f1alizaci\u00f3n adecuada para mantener distanciamiento, mientras los espectadores aguardan para ingresar y adquirir las entradas en la boleter\u00eda, aunque se recomienda la utilizaci\u00f3n de la plataforma\u00a0www.entradaweb.com, para evitar contacto con el papel.<\/p>\n<p>La sala cuenta con una capacidad limitada de 250 tickets y las ubicaciones est\u00e1n distribuidas de manera que nadie tenga otro espectador cerca, ni adelante ni atr\u00e1s, en cada fila. De manera que se ha resguardado el distanciamiento al m\u00e1ximo, evitando la posibilidad de contacto estrecho.<\/p>\n<p>La duraci\u00f3n de todos los espect\u00e1culos se ha acotado, de acuerdo con todos los protocolos aprobados vigentes, a un m\u00e1ximo de 90 minutos, de manera de que la permanencia de los espectadores en la sala est\u00e9 adecuada a las recomendaciones sanitarias. Sumado a los protocolos de la puesta en escena y el consenso con los artistas, durante las funciones se ventilan los espacios antes y despu\u00e9s de cada funci\u00f3n.<\/p>\n<p>La organizaci\u00f3n del teatro cuenta con el servicio de personal de la Cruz Roja, el cual cumple funciones de acompa\u00f1amiento y prevenci\u00f3n antes, durante y al final de cada funci\u00f3n. Contribuye a que se cumplan los protocolos de distribuci\u00f3n y distanciamiento del p\u00fablico en el teatro, as\u00ed como el apoyo con respecto a la sanitizaci\u00f3n, toma de temperatura y auxilio ante cualquier problema eventual de salud.<\/p>\n<p>&nbsp;<\/p>\n<p>&nbsp;<\/p>\n","protected":false},"excerpt":{"rendered":"<p>Con estrictos protocolos sanitarios, la sala mayor de la provincia sigue enriqueciendo su agenda, con<\/p>\n","protected":false},"author":1,"featured_media":4590,"comment_status":"closed","ping_status":"closed","sticky":false,"template":"","format":"standard","meta":{"_jetpack_newsletter_access":"","_jetpack_dont_email_post_to_subs":false,"_jetpack_newsletter_tier_id":0,"_jetpack_memberships_contains_paywalled_content":false,"_jetpack_feature_clip_id":0,"_jetpack_memberships_contains_paid_content":false,"footnotes":"","jetpack_publicize_message":"","jetpack_publicize_feature_enabled":true,"jetpack_social_post_already_shared":true,"jetpack_social_options":{"image_generator_settings":{"template":"highway","default_image_id":0,"font":"","enabled":false},"version":2},"jetpack_post_was_ever_published":false},"categories":[207,45,2],"tags":[],"class_list":["post-4589","post","type-post","status-publish","format-standard","has-post-thumbnail","hentry","category-comedia","category-danza","category-musica"],"yoast_head":"<!-- This site is optimized with the Yoast SEO plugin v28.4 - https:\/\/yoast.com\/product\/yoast-seo-wordpress\/ -->\n<title>M\u00fasica, teatro y danza, este fin de semana en el Independencia - Tal Como Soy<\/title>\n<meta name=\"robots\" content=\"index, follow, max-snippet:-1, max-image-preview:large, max-video-preview:-1\" \/>\n<link rel=\"canonical\" href=\"https:\/\/talcomosoy.com.ar\/index.php\/musica-teatro-y-danza-este-fin-de-semana-en-el-independencia\/\" \/>\n<meta property=\"og:locale\" content=\"es_ES\" \/>\n<meta property=\"og:type\" content=\"article\" \/>\n<meta property=\"og:title\" content=\"M\u00fasica, teatro y danza, este fin de semana en el Independencia - Tal Como Soy\" \/>\n<meta property=\"og:description\" content=\"Con estrictos protocolos sanitarios, la sala mayor de la provincia sigue enriqueciendo su agenda, con\" \/>\n<meta property=\"og:url\" content=\"https:\/\/talcomosoy.com.ar\/index.php\/musica-teatro-y-danza-este-fin-de-semana-en-el-independencia\/\" \/>\n<meta property=\"og:site_name\" content=\"Tal Como Soy\" \/>\n<meta property=\"article:publisher\" content=\"https:\/\/www.facebook.com\/talcomosoyok\" \/>\n<meta property=\"article:author\" content=\"https:\/\/www.facebook.com\/sindamiranda\" \/>\n<meta property=\"article:published_time\" content=\"2021-06-11T21:45:47+00:00\" \/>\n<meta property=\"og:image\" content=\"https:\/\/i0.wp.com\/talcomosoy.com.ar\/wp-content\/uploads\/2021\/06\/frente-teatro-independencia.jpg?fit=1181%2C1998&ssl=1\" \/>\n\t<meta property=\"og:image:width\" content=\"1181\" \/>\n\t<meta property=\"og:image:height\" content=\"1998\" \/>\n\t<meta property=\"og:image:type\" content=\"image\/jpeg\" \/>\n<meta name=\"author\" content=\"Sinda Miranda\" \/>\n<meta name=\"twitter:card\" content=\"summary_large_image\" \/>\n<meta name=\"twitter:creator\" content=\"@sindamiranda\" \/>\n<meta name=\"twitter:site\" content=\"@talcomosoyok\" \/>\n<meta name=\"twitter:label1\" content=\"Escrito por\" \/>\n\t<meta name=\"twitter:data1\" content=\"Sinda Miranda\" \/>\n\t<meta name=\"twitter:label2\" content=\"Tiempo de lectura\" \/>\n\t<meta name=\"twitter:data2\" content=\"3 minutos\" \/>\n<script type=\"application\/ld+json\" class=\"yoast-schema-graph\">{\"@context\":\"https:\\\/\\\/schema.org\",\"@graph\":[{\"@type\":\"Article\",\"@id\":\"https:\\\/\\\/talcomosoy.com.ar\\\/index.php\\\/musica-teatro-y-danza-este-fin-de-semana-en-el-independencia\\\/#article\",\"isPartOf\":{\"@id\":\"https:\\\/\\\/talcomosoy.com.ar\\\/index.php\\\/musica-teatro-y-danza-este-fin-de-semana-en-el-independencia\\\/\"},\"author\":{\"name\":\"Sinda Miranda\",\"@id\":\"https:\\\/\\\/talcomosoy.com.ar\\\/#\\\/schema\\\/person\\\/496b3561bd436afcf2be92147ff855c9\"},\"headline\":\"M\u00fasica, teatro y danza, este fin de semana en el Independencia\",\"datePublished\":\"2021-06-11T21:45:47+00:00\",\"mainEntityOfPage\":{\"@id\":\"https:\\\/\\\/talcomosoy.com.ar\\\/index.php\\\/musica-teatro-y-danza-este-fin-de-semana-en-el-independencia\\\/\"},\"wordCount\":516,\"publisher\":{\"@id\":\"https:\\\/\\\/talcomosoy.com.ar\\\/#organization\"},\"image\":{\"@id\":\"https:\\\/\\\/talcomosoy.com.ar\\\/index.php\\\/musica-teatro-y-danza-este-fin-de-semana-en-el-independencia\\\/#primaryimage\"},\"thumbnailUrl\":\"https:\\\/\\\/i0.wp.com\\\/talcomosoy.com.ar\\\/wp-content\\\/uploads\\\/2021\\\/06\\\/frente-teatro-independencia.jpg?fit=1181%2C1998&ssl=1\",\"articleSection\":[\"Comedia\",\"Danza\",\"M\u00fasica\"],\"inLanguage\":\"es\"},{\"@type\":\"WebPage\",\"@id\":\"https:\\\/\\\/talcomosoy.com.ar\\\/index.php\\\/musica-teatro-y-danza-este-fin-de-semana-en-el-independencia\\\/\",\"url\":\"https:\\\/\\\/talcomosoy.com.ar\\\/index.php\\\/musica-teatro-y-danza-este-fin-de-semana-en-el-independencia\\\/\",\"name\":\"M\u00fasica, teatro y danza, este fin de semana en el Independencia - Tal Como Soy\",\"isPartOf\":{\"@id\":\"https:\\\/\\\/talcomosoy.com.ar\\\/#website\"},\"primaryImageOfPage\":{\"@id\":\"https:\\\/\\\/talcomosoy.com.ar\\\/index.php\\\/musica-teatro-y-danza-este-fin-de-semana-en-el-independencia\\\/#primaryimage\"},\"image\":{\"@id\":\"https:\\\/\\\/talcomosoy.com.ar\\\/index.php\\\/musica-teatro-y-danza-este-fin-de-semana-en-el-independencia\\\/#primaryimage\"},\"thumbnailUrl\":\"https:\\\/\\\/i0.wp.com\\\/talcomosoy.com.ar\\\/wp-content\\\/uploads\\\/2021\\\/06\\\/frente-teatro-independencia.jpg?fit=1181%2C1998&ssl=1\",\"datePublished\":\"2021-06-11T21:45:47+00:00\",\"inLanguage\":\"es\",\"potentialAction\":[{\"@type\":\"ReadAction\",\"target\":[\"https:\\\/\\\/talcomosoy.com.ar\\\/index.php\\\/musica-teatro-y-danza-este-fin-de-semana-en-el-independencia\\\/\"]}]},{\"@type\":\"ImageObject\",\"inLanguage\":\"es\",\"@id\":\"https:\\\/\\\/talcomosoy.com.ar\\\/index.php\\\/musica-teatro-y-danza-este-fin-de-semana-en-el-independencia\\\/#primaryimage\",\"url\":\"https:\\\/\\\/i0.wp.com\\\/talcomosoy.com.ar\\\/wp-content\\\/uploads\\\/2021\\\/06\\\/frente-teatro-independencia.jpg?fit=1181%2C1998&ssl=1\",\"contentUrl\":\"https:\\\/\\\/i0.wp.com\\\/talcomosoy.com.ar\\\/wp-content\\\/uploads\\\/2021\\\/06\\\/frente-teatro-independencia.jpg?fit=1181%2C1998&ssl=1\",\"width\":1181,\"height\":1998},{\"@type\":\"WebSite\",\"@id\":\"https:\\\/\\\/talcomosoy.com.ar\\\/#website\",\"url\":\"https:\\\/\\\/talcomosoy.com.ar\\\/\",\"name\":\"Tal Como Soy\",\"description\":\"Magazine Musical Digital\",\"publisher\":{\"@id\":\"https:\\\/\\\/talcomosoy.com.ar\\\/#organization\"},\"potentialAction\":[{\"@type\":\"SearchAction\",\"target\":{\"@type\":\"EntryPoint\",\"urlTemplate\":\"https:\\\/\\\/talcomosoy.com.ar\\\/?s={search_term_string}\"},\"query-input\":{\"@type\":\"PropertyValueSpecification\",\"valueRequired\":true,\"valueName\":\"search_term_string\"}}],\"inLanguage\":\"es\"},{\"@type\":\"Organization\",\"@id\":\"https:\\\/\\\/talcomosoy.com.ar\\\/#organization\",\"name\":\"Tal Como Soy\",\"url\":\"https:\\\/\\\/talcomosoy.com.ar\\\/\",\"logo\":{\"@type\":\"ImageObject\",\"inLanguage\":\"es\",\"@id\":\"https:\\\/\\\/talcomosoy.com.ar\\\/#\\\/schema\\\/logo\\\/image\\\/\",\"url\":\"https:\\\/\\\/i0.wp.com\\\/talcomosoy.com.ar\\\/wp-content\\\/uploads\\\/2020\\\/02\\\/PUA-2020-TRANSPARENTE.png?fit=570%2C382&ssl=1\",\"contentUrl\":\"https:\\\/\\\/i0.wp.com\\\/talcomosoy.com.ar\\\/wp-content\\\/uploads\\\/2020\\\/02\\\/PUA-2020-TRANSPARENTE.png?fit=570%2C382&ssl=1\",\"width\":570,\"height\":382,\"caption\":\"Tal Como Soy\"},\"image\":{\"@id\":\"https:\\\/\\\/talcomosoy.com.ar\\\/#\\\/schema\\\/logo\\\/image\\\/\"},\"sameAs\":[\"https:\\\/\\\/www.facebook.com\\\/talcomosoyok\",\"https:\\\/\\\/x.com\\\/talcomosoyok\",\"https:\\\/\\\/www.instagram.com\\\/talcomosoyok\",\"https:\\\/\\\/www.youtube.com\\\/channel\\\/UCrutZzYQmd9Fe8pEm5wqsiw\"]},{\"@type\":\"Person\",\"@id\":\"https:\\\/\\\/talcomosoy.com.ar\\\/#\\\/schema\\\/person\\\/496b3561bd436afcf2be92147ff855c9\",\"name\":\"Sinda Miranda\",\"image\":{\"@type\":\"ImageObject\",\"inLanguage\":\"es\",\"@id\":\"https:\\\/\\\/secure.gravatar.com\\\/avatar\\\/ab0e992fc0b7117fe730d00fb0e44073b1fd6e28d69de8e7ac3103f1396f445e?s=96&d=mm&r=g\",\"url\":\"https:\\\/\\\/secure.gravatar.com\\\/avatar\\\/ab0e992fc0b7117fe730d00fb0e44073b1fd6e28d69de8e7ac3103f1396f445e?s=96&d=mm&r=g\",\"contentUrl\":\"https:\\\/\\\/secure.gravatar.com\\\/avatar\\\/ab0e992fc0b7117fe730d00fb0e44073b1fd6e28d69de8e7ac3103f1396f445e?s=96&d=mm&r=g\",\"caption\":\"Sinda Miranda\"},\"description\":\"Escritora, Fot\u00f3grafa, Agente de Prensa\",\"sameAs\":[\"https:\\\/\\\/www.facebook.com\\\/sindamiranda\",\"https:\\\/\\\/www.instagram.com\\\/sindamiranda\",\"https:\\\/\\\/x.com\\\/sindamiranda\"],\"url\":\"https:\\\/\\\/talcomosoy.com.ar\\\/index.php\\\/author\\\/sindamirandatcs\\\/\"}]}<\/script>\n<!-- \/ Yoast SEO plugin. -->","yoast_head_json":{"title":"M\u00fasica, teatro y danza, este fin de semana en el Independencia - Tal Como Soy","robots":{"index":"index","follow":"follow","max-snippet":"max-snippet:-1","max-image-preview":"max-image-preview:large","max-video-preview":"max-video-preview:-1"},"canonical":"https:\/\/talcomosoy.com.ar\/index.php\/musica-teatro-y-danza-este-fin-de-semana-en-el-independencia\/","og_locale":"es_ES","og_type":"article","og_title":"M\u00fasica, teatro y danza, este fin de semana en el Independencia - Tal Como Soy","og_description":"Con estrictos protocolos sanitarios, la sala mayor de la provincia sigue enriqueciendo su agenda, con","og_url":"https:\/\/talcomosoy.com.ar\/index.php\/musica-teatro-y-danza-este-fin-de-semana-en-el-independencia\/","og_site_name":"Tal Como Soy","article_publisher":"https:\/\/www.facebook.com\/talcomosoyok","article_author":"https:\/\/www.facebook.com\/sindamiranda","article_published_time":"2021-06-11T21:45:47+00:00","og_image":[{"width":1181,"height":1998,"url":"https:\/\/i0.wp.com\/talcomosoy.com.ar\/wp-content\/uploads\/2021\/06\/frente-teatro-independencia.jpg?fit=1181%2C1998&ssl=1","type":"image\/jpeg"}],"author":"Sinda Miranda","twitter_card":"summary_large_image","twitter_creator":"@sindamiranda","twitter_site":"@talcomosoyok","twitter_misc":{"Escrito por":"Sinda Miranda","Tiempo de lectura":"3 minutos"},"schema":{"@context":"https:\/\/schema.org","@graph":[{"@type":"Article","@id":"https:\/\/talcomosoy.com.ar\/index.php\/musica-teatro-y-danza-este-fin-de-semana-en-el-independencia\/#article","isPartOf":{"@id":"https:\/\/talcomosoy.com.ar\/index.php\/musica-teatro-y-danza-este-fin-de-semana-en-el-independencia\/"},"author":{"name":"Sinda Miranda","@id":"https:\/\/talcomosoy.com.ar\/#\/schema\/person\/496b3561bd436afcf2be92147ff855c9"},"headline":"M\u00fasica, teatro y danza, este fin de semana en el Independencia","datePublished":"2021-06-11T21:45:47+00:00","mainEntityOfPage":{"@id":"https:\/\/talcomosoy.com.ar\/index.php\/musica-teatro-y-danza-este-fin-de-semana-en-el-independencia\/"},"wordCount":516,"publisher":{"@id":"https:\/\/talcomosoy.com.ar\/#organization"},"image":{"@id":"https:\/\/talcomosoy.com.ar\/index.php\/musica-teatro-y-danza-este-fin-de-semana-en-el-independencia\/#primaryimage"},"thumbnailUrl":"https:\/\/i0.wp.com\/talcomosoy.com.ar\/wp-content\/uploads\/2021\/06\/frente-teatro-independencia.jpg?fit=1181%2C1998&ssl=1","articleSection":["Comedia","Danza","M\u00fasica"],"inLanguage":"es"},{"@type":"WebPage","@id":"https:\/\/talcomosoy.com.ar\/index.php\/musica-teatro-y-danza-este-fin-de-semana-en-el-independencia\/","url":"https:\/\/talcomosoy.com.ar\/index.php\/musica-teatro-y-danza-este-fin-de-semana-en-el-independencia\/","name":"M\u00fasica, teatro y danza, este fin de semana en el Independencia - Tal Como Soy","isPartOf":{"@id":"https:\/\/talcomosoy.com.ar\/#website"},"primaryImageOfPage":{"@id":"https:\/\/talcomosoy.com.ar\/index.php\/musica-teatro-y-danza-este-fin-de-semana-en-el-independencia\/#primaryimage"},"image":{"@id":"https:\/\/talcomosoy.com.ar\/index.php\/musica-teatro-y-danza-este-fin-de-semana-en-el-independencia\/#primaryimage"},"thumbnailUrl":"https:\/\/i0.wp.com\/talcomosoy.com.ar\/wp-content\/uploads\/2021\/06\/frente-teatro-independencia.jpg?fit=1181%2C1998&ssl=1","datePublished":"2021-06-11T21:45:47+00:00","inLanguage":"es","potentialAction":[{"@type":"ReadAction","target":["https:\/\/talcomosoy.com.ar\/index.php\/musica-teatro-y-danza-este-fin-de-semana-en-el-independencia\/"]}]},{"@type":"ImageObject","inLanguage":"es","@id":"https:\/\/talcomosoy.com.ar\/index.php\/musica-teatro-y-danza-este-fin-de-semana-en-el-independencia\/#primaryimage","url":"https:\/\/i0.wp.com\/talcomosoy.com.ar\/wp-content\/uploads\/2021\/06\/frente-teatro-independencia.jpg?fit=1181%2C1998&ssl=1","contentUrl":"https:\/\/i0.wp.com\/talcomosoy.com.ar\/wp-content\/uploads\/2021\/06\/frente-teatro-independencia.jpg?fit=1181%2C1998&ssl=1","width":1181,"height":1998},{"@type":"WebSite","@id":"https:\/\/talcomosoy.com.ar\/#website","url":"https:\/\/talcomosoy.com.ar\/","name":"Tal Como Soy","description":"Magazine Musical Digital","publisher":{"@id":"https:\/\/talcomosoy.com.ar\/#organization"},"potentialAction":[{"@type":"SearchAction","target":{"@type":"EntryPoint","urlTemplate":"https:\/\/talcomosoy.com.ar\/?s={search_term_string}"},"query-input":{"@type":"PropertyValueSpecification","valueRequired":true,"valueName":"search_term_string"}}],"inLanguage":"es"},{"@type":"Organization","@id":"https:\/\/talcomosoy.com.ar\/#organization","name":"Tal Como Soy","url":"https:\/\/talcomosoy.com.ar\/","logo":{"@type":"ImageObject","inLanguage":"es","@id":"https:\/\/talcomosoy.com.ar\/#\/schema\/logo\/image\/","url":"https:\/\/i0.wp.com\/talcomosoy.com.ar\/wp-content\/uploads\/2020\/02\/PUA-2020-TRANSPARENTE.png?fit=570%2C382&ssl=1","contentUrl":"https:\/\/i0.wp.com\/talcomosoy.com.ar\/wp-content\/uploads\/2020\/02\/PUA-2020-TRANSPARENTE.png?fit=570%2C382&ssl=1","width":570,"height":382,"caption":"Tal Como Soy"},"image":{"@id":"https:\/\/talcomosoy.com.ar\/#\/schema\/logo\/image\/"},"sameAs":["https:\/\/www.facebook.com\/talcomosoyok","https:\/\/x.com\/talcomosoyok","https:\/\/www.instagram.com\/talcomosoyok","https:\/\/www.youtube.com\/channel\/UCrutZzYQmd9Fe8pEm5wqsiw"]},{"@type":"Person","@id":"https:\/\/talcomosoy.com.ar\/#\/schema\/person\/496b3561bd436afcf2be92147ff855c9","name":"Sinda Miranda","image":{"@type":"ImageObject","inLanguage":"es","@id":"https:\/\/secure.gravatar.com\/avatar\/ab0e992fc0b7117fe730d00fb0e44073b1fd6e28d69de8e7ac3103f1396f445e?s=96&d=mm&r=g","url":"https:\/\/secure.gravatar.com\/avatar\/ab0e992fc0b7117fe730d00fb0e44073b1fd6e28d69de8e7ac3103f1396f445e?s=96&d=mm&r=g","contentUrl":"https:\/\/secure.gravatar.com\/avatar\/ab0e992fc0b7117fe730d00fb0e44073b1fd6e28d69de8e7ac3103f1396f445e?s=96&d=mm&r=g","caption":"Sinda Miranda"},"description":"Escritora, Fot\u00f3grafa, Agente de Prensa","sameAs":["https:\/\/www.facebook.com\/sindamiranda","https:\/\/www.instagram.com\/sindamiranda","https:\/\/x.com\/sindamiranda"],"url":"https:\/\/talcomosoy.com.ar\/index.php\/author\/sindamirandatcs\/"}]}},"jetpack_publicize_connections":[],"jetpack_sharing_enabled":true,"jetpack_likes_enabled":true,"jetpack_featured_media_url":"https:\/\/i0.wp.com\/talcomosoy.com.ar\/wp-content\/uploads\/2021\/06\/frente-teatro-independencia.jpg?fit=1181%2C1998&ssl=1","_links":{"self":[{"href":"https:\/\/talcomosoy.com.ar\/index.php\/wp-json\/wp\/v2\/posts\/4589","targetHints":{"allow":["GET"]}}],"collection":[{"href":"https:\/\/talcomosoy.com.ar\/index.php\/wp-json\/wp\/v2\/posts"}],"about":[{"href":"https:\/\/talcomosoy.com.ar\/index.php\/wp-json\/wp\/v2\/types\/post"}],"author":[{"embeddable":true,"href":"https:\/\/talcomosoy.com.ar\/index.php\/wp-json\/wp\/v2\/users\/1"}],"replies":[{"embeddable":true,"href":"https:\/\/talcomosoy.com.ar\/index.php\/wp-json\/wp\/v2\/comments?post=4589"}],"version-history":[{"count":1,"href":"https:\/\/talcomosoy.com.ar\/index.php\/wp-json\/wp\/v2\/posts\/4589\/revisions"}],"predecessor-version":[{"id":4591,"href":"https:\/\/talcomosoy.com.ar\/index.php\/wp-json\/wp\/v2\/posts\/4589\/revisions\/4591"}],"wp:featuredmedia":[{"embeddable":true,"href":"https:\/\/talcomosoy.com.ar\/index.php\/wp-json\/wp\/v2\/media\/4590"}],"wp:attachment":[{"href":"https:\/\/talcomosoy.com.ar\/index.php\/wp-json\/wp\/v2\/media?parent=4589"}],"wp:term":[{"taxonomy":"category","embeddable":true,"href":"https:\/\/talcomosoy.com.ar\/index.php\/wp-json\/wp\/v2\/categories?post=4589"},{"taxonomy":"post_tag","embeddable":true,"href":"https:\/\/talcomosoy.com.ar\/index.php\/wp-json\/wp\/v2\/tags?post=4589"}],"curies":[{"name":"wp","href":"https:\/\/api.w.org\/{rel}","templated":true}]}}