{"id":2088,"date":"2020-08-19T15:10:21","date_gmt":"2020-08-19T18:10:21","guid":{"rendered":"https:\/\/talcomosoy.com.ar\/?p=2088"},"modified":"2020-08-19T15:10:21","modified_gmt":"2020-08-19T18:10:21","slug":"19-de-agosto-dia-del-cantor-cuyano","status":"publish","type":"post","link":"https:\/\/talcomosoy.com.ar\/index.php\/19-de-agosto-dia-del-cantor-cuyano\/","title":{"rendered":"19 de agosto: D\u00eda del Cantor Cuyano"},"content":{"rendered":"<h3><strong>Hoy mi\u00e9rcoles 19 se conmemora esta fecha tan especial para la cultura local, que est\u00e1 relacionada con el nacimiento de Mariano Ernesto Cacace.<\/strong><\/h3>\n<p>&nbsp;<\/p>\n<p>En 2020 se ha preparado una serie de actividades virtuales que re\u00fanen a diversos referentes del g\u00e9nero. Desde un especial en Mendoza en Casa y un programa de radio hasta una pe\u00f1a virtual y actividades coordinadas por la Direcci\u00f3n General de Escuelas ser\u00e1n los atractivos de una edici\u00f3n especial del <strong>D\u00eda del Cantor Cuyano<\/strong>.<\/p>\n<blockquote><p>El D\u00eda del Cantor Cuyano fue declarado por la Legislatura de la Provincia de Mendoza, por ley 8900, a partir de agosto de 2016, en conmemoraci\u00f3n del natalicio del folclorista sanrafelino <strong>Mariano Ernesto Cacace<\/strong>, el 19 de agosto de 1945, reconocido como \u201cEmbajador de la M\u00fasica de Cuyo a nivel nacional\u201d.<\/p><\/blockquote>\n<p>El esp\u00edritu de esta ley tuvo como objetivo homenajear a \u201ctodxs\u201d lxs cantores de la cuyan\u00eda, grandes referentes que nos precedieron, que est\u00e1n y que vendr\u00e1n. Por tal motivo, se tom\u00f3 la fecha del nacimiento del querido y recordado <strong>Mariano Cacace<\/strong> como s\u00edmbolo y gran referente nacional de nuestra m\u00fasica y cultura de los \u00faltimos 30 a\u00f1os, que trascendi\u00f3 las fronteras del pa\u00eds.<\/p>\n<p><strong>Agenda virtual<\/strong><\/p>\n<ul>\n<li><em>Mi\u00e9rcoles 19<\/em><\/li>\n<\/ul>\n<p>10 h: Saludo por el D\u00eda del Cantor\/a canci\u00f3n Se\u00f1ora Tonada en las redes sociales del Teatro Imperial Maip\u00fa<\/p>\n<p>Durante todo el d\u00eda: \u201cEspecial D\u00eda Cantor Cuyano\u201d, por la plataforma Mendoza en Casa. Participaci\u00f3n de artistas de la provincia y se estrenar\u00e1 un tema emblem\u00e1tico, con cantores de la regi\u00f3n y el pa\u00eds.<\/p>\n<p>De 18 a 20: Especial por Radio Horacio Guarany, con la conducci\u00f3n de Jorge Pascual Recabarren (San Juan), V\u00edctor Aguilera (San Luis), Mariano Luna y Fabiana Cacace (Mendoza), a trav\u00e9s de www.radiohoracioguarany.com.ar.<\/p>\n<p>En el grupo p\u00fablico de Facebook \u201cD\u00eda del Cantor Cuyano\u201d se publicar\u00e1n v\u00eddeos de distintos artistas referenciados con el g\u00e9nero.<\/p>\n<ul>\n<li><em>Viernes 21<\/em><\/li>\n<\/ul>\n<p>Pe\u00f1a virtual Kuska Nacional, con la participaci\u00f3n de cantores de diferentes provincias. Se difundir\u00e1 por YouTube.<\/p>\n<p><strong>Educar sobre la cuyan\u00eda<\/strong><\/p>\n<p>Adem\u00e1s de los especiales y espect\u00e1culos virtuales, desde la Coordinaci\u00f3n de la Modalidad de Educaci\u00f3n Art\u00edstica, de la DGE, las Escuelas Vocacionales Art\u00edsticas realizar\u00e1n trabajos con sus alumnos, que involucran a los cultores del canto popular de la regi\u00f3n.<\/p>\n<p>&nbsp;<\/p>\n<p style=\"text-align: right;\"><a href=\"http:\/\/www.prensa.mendoza.gov.ar\/dia-del-cantor-cuyano-multiples-actividades-virtuales\/\">Fuente: Cultura Mendoza<\/a><\/p>\n","protected":false},"excerpt":{"rendered":"<p>Hoy mi\u00e9rcoles 19 se conmemora esta fecha tan especial para la cultura local, que est\u00e1<\/p>\n","protected":false},"author":1,"featured_media":2089,"comment_status":"closed","ping_status":"closed","sticky":false,"template":"","format":"standard","meta":{"_jetpack_memberships_contains_paid_content":false,"footnotes":"","jetpack_publicize_message":"","jetpack_publicize_feature_enabled":true,"jetpack_social_post_already_shared":true,"jetpack_social_options":{"image_generator_settings":{"template":"highway","default_image_id":0,"font":"","enabled":false},"version":2}},"categories":[117],"tags":[],"class_list":["post-2088","post","type-post","status-publish","format-standard","has-post-thumbnail","hentry","category-efemerides"],"yoast_head":"<!-- This site is optimized with the Yoast SEO plugin v27.5 - https:\/\/yoast.com\/product\/yoast-seo-wordpress\/ -->\n<title>19 de agosto: D\u00eda del Cantor Cuyano - Tal Como Soy<\/title>\n<meta name=\"robots\" content=\"index, follow, max-snippet:-1, max-image-preview:large, max-video-preview:-1\" \/>\n<link rel=\"canonical\" href=\"https:\/\/talcomosoy.com.ar\/index.php\/19-de-agosto-dia-del-cantor-cuyano\/\" \/>\n<meta property=\"og:locale\" content=\"es_ES\" \/>\n<meta property=\"og:type\" content=\"article\" \/>\n<meta property=\"og:title\" content=\"19 de agosto: D\u00eda del Cantor Cuyano - Tal Como Soy\" \/>\n<meta property=\"og:description\" content=\"Hoy mi\u00e9rcoles 19 se conmemora esta fecha tan especial para la cultura local, que est\u00e1\" \/>\n<meta property=\"og:url\" content=\"https:\/\/talcomosoy.com.ar\/index.php\/19-de-agosto-dia-del-cantor-cuyano\/\" \/>\n<meta property=\"og:site_name\" content=\"Tal Como Soy\" \/>\n<meta property=\"article:publisher\" content=\"https:\/\/www.facebook.com\/talcomosoyok\" \/>\n<meta property=\"article:author\" content=\"https:\/\/www.facebook.com\/sindamiranda\" \/>\n<meta property=\"article:published_time\" content=\"2020-08-19T18:10:21+00:00\" \/>\n<meta property=\"og:image\" content=\"https:\/\/i0.wp.com\/talcomosoy.com.ar\/wp-content\/uploads\/2020\/08\/Mariano-Cacace-700x394-1.jpg?fit=700%2C394&ssl=1\" \/>\n\t<meta property=\"og:image:width\" content=\"700\" \/>\n\t<meta property=\"og:image:height\" content=\"394\" \/>\n\t<meta property=\"og:image:type\" content=\"image\/jpeg\" \/>\n<meta name=\"author\" content=\"Sinda Miranda\" \/>\n<meta name=\"twitter:card\" content=\"summary_large_image\" \/>\n<meta name=\"twitter:creator\" content=\"@sindamiranda\" \/>\n<meta name=\"twitter:site\" content=\"@talcomosoyok\" \/>\n<meta name=\"twitter:label1\" content=\"Escrito por\" \/>\n\t<meta name=\"twitter:data1\" content=\"Sinda Miranda\" \/>\n\t<meta name=\"twitter:label2\" content=\"Tiempo de lectura\" \/>\n\t<meta name=\"twitter:data2\" content=\"2 minutos\" \/>\n<script type=\"application\/ld+json\" class=\"yoast-schema-graph\">{\"@context\":\"https:\\\/\\\/schema.org\",\"@graph\":[{\"@type\":\"Article\",\"@id\":\"https:\\\/\\\/talcomosoy.com.ar\\\/index.php\\\/19-de-agosto-dia-del-cantor-cuyano\\\/#article\",\"isPartOf\":{\"@id\":\"https:\\\/\\\/talcomosoy.com.ar\\\/index.php\\\/19-de-agosto-dia-del-cantor-cuyano\\\/\"},\"author\":{\"name\":\"Sinda Miranda\",\"@id\":\"https:\\\/\\\/talcomosoy.com.ar\\\/#\\\/schema\\\/person\\\/496b3561bd436afcf2be92147ff855c9\"},\"headline\":\"19 de agosto: D\u00eda del Cantor Cuyano\",\"datePublished\":\"2020-08-19T18:10:21+00:00\",\"mainEntityOfPage\":{\"@id\":\"https:\\\/\\\/talcomosoy.com.ar\\\/index.php\\\/19-de-agosto-dia-del-cantor-cuyano\\\/\"},\"wordCount\":413,\"publisher\":{\"@id\":\"https:\\\/\\\/talcomosoy.com.ar\\\/#organization\"},\"image\":{\"@id\":\"https:\\\/\\\/talcomosoy.com.ar\\\/index.php\\\/19-de-agosto-dia-del-cantor-cuyano\\\/#primaryimage\"},\"thumbnailUrl\":\"https:\\\/\\\/i0.wp.com\\\/talcomosoy.com.ar\\\/wp-content\\\/uploads\\\/2020\\\/08\\\/Mariano-Cacace-700x394-1.jpg?fit=700%2C394&ssl=1\",\"articleSection\":[\"Efem\u00e9rides\"],\"inLanguage\":\"es\"},{\"@type\":\"WebPage\",\"@id\":\"https:\\\/\\\/talcomosoy.com.ar\\\/index.php\\\/19-de-agosto-dia-del-cantor-cuyano\\\/\",\"url\":\"https:\\\/\\\/talcomosoy.com.ar\\\/index.php\\\/19-de-agosto-dia-del-cantor-cuyano\\\/\",\"name\":\"19 de agosto: D\u00eda del Cantor Cuyano - Tal Como Soy\",\"isPartOf\":{\"@id\":\"https:\\\/\\\/talcomosoy.com.ar\\\/#website\"},\"primaryImageOfPage\":{\"@id\":\"https:\\\/\\\/talcomosoy.com.ar\\\/index.php\\\/19-de-agosto-dia-del-cantor-cuyano\\\/#primaryimage\"},\"image\":{\"@id\":\"https:\\\/\\\/talcomosoy.com.ar\\\/index.php\\\/19-de-agosto-dia-del-cantor-cuyano\\\/#primaryimage\"},\"thumbnailUrl\":\"https:\\\/\\\/i0.wp.com\\\/talcomosoy.com.ar\\\/wp-content\\\/uploads\\\/2020\\\/08\\\/Mariano-Cacace-700x394-1.jpg?fit=700%2C394&ssl=1\",\"datePublished\":\"2020-08-19T18:10:21+00:00\",\"inLanguage\":\"es\",\"potentialAction\":[{\"@type\":\"ReadAction\",\"target\":[\"https:\\\/\\\/talcomosoy.com.ar\\\/index.php\\\/19-de-agosto-dia-del-cantor-cuyano\\\/\"]}]},{\"@type\":\"ImageObject\",\"inLanguage\":\"es\",\"@id\":\"https:\\\/\\\/talcomosoy.com.ar\\\/index.php\\\/19-de-agosto-dia-del-cantor-cuyano\\\/#primaryimage\",\"url\":\"https:\\\/\\\/i0.wp.com\\\/talcomosoy.com.ar\\\/wp-content\\\/uploads\\\/2020\\\/08\\\/Mariano-Cacace-700x394-1.jpg?fit=700%2C394&ssl=1\",\"contentUrl\":\"https:\\\/\\\/i0.wp.com\\\/talcomosoy.com.ar\\\/wp-content\\\/uploads\\\/2020\\\/08\\\/Mariano-Cacace-700x394-1.jpg?fit=700%2C394&ssl=1\",\"width\":700,\"height\":394},{\"@type\":\"WebSite\",\"@id\":\"https:\\\/\\\/talcomosoy.com.ar\\\/#website\",\"url\":\"https:\\\/\\\/talcomosoy.com.ar\\\/\",\"name\":\"Tal Como Soy\",\"description\":\"Magazine Musical Digital\",\"publisher\":{\"@id\":\"https:\\\/\\\/talcomosoy.com.ar\\\/#organization\"},\"potentialAction\":[{\"@type\":\"SearchAction\",\"target\":{\"@type\":\"EntryPoint\",\"urlTemplate\":\"https:\\\/\\\/talcomosoy.com.ar\\\/?s={search_term_string}\"},\"query-input\":{\"@type\":\"PropertyValueSpecification\",\"valueRequired\":true,\"valueName\":\"search_term_string\"}}],\"inLanguage\":\"es\"},{\"@type\":\"Organization\",\"@id\":\"https:\\\/\\\/talcomosoy.com.ar\\\/#organization\",\"name\":\"Tal Como Soy\",\"url\":\"https:\\\/\\\/talcomosoy.com.ar\\\/\",\"logo\":{\"@type\":\"ImageObject\",\"inLanguage\":\"es\",\"@id\":\"https:\\\/\\\/talcomosoy.com.ar\\\/#\\\/schema\\\/logo\\\/image\\\/\",\"url\":\"https:\\\/\\\/i0.wp.com\\\/talcomosoy.com.ar\\\/wp-content\\\/uploads\\\/2020\\\/02\\\/PUA-2020-TRANSPARENTE.png?fit=570%2C382&ssl=1\",\"contentUrl\":\"https:\\\/\\\/i0.wp.com\\\/talcomosoy.com.ar\\\/wp-content\\\/uploads\\\/2020\\\/02\\\/PUA-2020-TRANSPARENTE.png?fit=570%2C382&ssl=1\",\"width\":570,\"height\":382,\"caption\":\"Tal Como Soy\"},\"image\":{\"@id\":\"https:\\\/\\\/talcomosoy.com.ar\\\/#\\\/schema\\\/logo\\\/image\\\/\"},\"sameAs\":[\"https:\\\/\\\/www.facebook.com\\\/talcomosoyok\",\"https:\\\/\\\/x.com\\\/talcomosoyok\",\"https:\\\/\\\/www.instagram.com\\\/talcomosoyok\",\"https:\\\/\\\/www.youtube.com\\\/channel\\\/UCrutZzYQmd9Fe8pEm5wqsiw\"]},{\"@type\":\"Person\",\"@id\":\"https:\\\/\\\/talcomosoy.com.ar\\\/#\\\/schema\\\/person\\\/496b3561bd436afcf2be92147ff855c9\",\"name\":\"Sinda Miranda\",\"image\":{\"@type\":\"ImageObject\",\"inLanguage\":\"es\",\"@id\":\"https:\\\/\\\/secure.gravatar.com\\\/avatar\\\/ab0e992fc0b7117fe730d00fb0e44073b1fd6e28d69de8e7ac3103f1396f445e?s=96&d=mm&r=g\",\"url\":\"https:\\\/\\\/secure.gravatar.com\\\/avatar\\\/ab0e992fc0b7117fe730d00fb0e44073b1fd6e28d69de8e7ac3103f1396f445e?s=96&d=mm&r=g\",\"contentUrl\":\"https:\\\/\\\/secure.gravatar.com\\\/avatar\\\/ab0e992fc0b7117fe730d00fb0e44073b1fd6e28d69de8e7ac3103f1396f445e?s=96&d=mm&r=g\",\"caption\":\"Sinda Miranda\"},\"description\":\"Escritora, Fot\u00f3grafa, Agente de Prensa\",\"sameAs\":[\"https:\\\/\\\/www.facebook.com\\\/sindamiranda\",\"https:\\\/\\\/www.instagram.com\\\/sindamiranda\",\"https:\\\/\\\/x.com\\\/sindamiranda\"],\"url\":\"https:\\\/\\\/talcomosoy.com.ar\\\/index.php\\\/author\\\/sindamirandatcs\\\/\"}]}<\/script>\n<!-- \/ Yoast SEO plugin. -->","yoast_head_json":{"title":"19 de agosto: D\u00eda del Cantor Cuyano - Tal Como Soy","robots":{"index":"index","follow":"follow","max-snippet":"max-snippet:-1","max-image-preview":"max-image-preview:large","max-video-preview":"max-video-preview:-1"},"canonical":"https:\/\/talcomosoy.com.ar\/index.php\/19-de-agosto-dia-del-cantor-cuyano\/","og_locale":"es_ES","og_type":"article","og_title":"19 de agosto: D\u00eda del Cantor Cuyano - Tal Como Soy","og_description":"Hoy mi\u00e9rcoles 19 se conmemora esta fecha tan especial para la cultura local, que est\u00e1","og_url":"https:\/\/talcomosoy.com.ar\/index.php\/19-de-agosto-dia-del-cantor-cuyano\/","og_site_name":"Tal Como Soy","article_publisher":"https:\/\/www.facebook.com\/talcomosoyok","article_author":"https:\/\/www.facebook.com\/sindamiranda","article_published_time":"2020-08-19T18:10:21+00:00","og_image":[{"width":700,"height":394,"url":"https:\/\/i0.wp.com\/talcomosoy.com.ar\/wp-content\/uploads\/2020\/08\/Mariano-Cacace-700x394-1.jpg?fit=700%2C394&ssl=1","type":"image\/jpeg"}],"author":"Sinda Miranda","twitter_card":"summary_large_image","twitter_creator":"@sindamiranda","twitter_site":"@talcomosoyok","twitter_misc":{"Escrito por":"Sinda Miranda","Tiempo de lectura":"2 minutos"},"schema":{"@context":"https:\/\/schema.org","@graph":[{"@type":"Article","@id":"https:\/\/talcomosoy.com.ar\/index.php\/19-de-agosto-dia-del-cantor-cuyano\/#article","isPartOf":{"@id":"https:\/\/talcomosoy.com.ar\/index.php\/19-de-agosto-dia-del-cantor-cuyano\/"},"author":{"name":"Sinda Miranda","@id":"https:\/\/talcomosoy.com.ar\/#\/schema\/person\/496b3561bd436afcf2be92147ff855c9"},"headline":"19 de agosto: D\u00eda del Cantor Cuyano","datePublished":"2020-08-19T18:10:21+00:00","mainEntityOfPage":{"@id":"https:\/\/talcomosoy.com.ar\/index.php\/19-de-agosto-dia-del-cantor-cuyano\/"},"wordCount":413,"publisher":{"@id":"https:\/\/talcomosoy.com.ar\/#organization"},"image":{"@id":"https:\/\/talcomosoy.com.ar\/index.php\/19-de-agosto-dia-del-cantor-cuyano\/#primaryimage"},"thumbnailUrl":"https:\/\/i0.wp.com\/talcomosoy.com.ar\/wp-content\/uploads\/2020\/08\/Mariano-Cacace-700x394-1.jpg?fit=700%2C394&ssl=1","articleSection":["Efem\u00e9rides"],"inLanguage":"es"},{"@type":"WebPage","@id":"https:\/\/talcomosoy.com.ar\/index.php\/19-de-agosto-dia-del-cantor-cuyano\/","url":"https:\/\/talcomosoy.com.ar\/index.php\/19-de-agosto-dia-del-cantor-cuyano\/","name":"19 de agosto: D\u00eda del Cantor Cuyano - Tal Como Soy","isPartOf":{"@id":"https:\/\/talcomosoy.com.ar\/#website"},"primaryImageOfPage":{"@id":"https:\/\/talcomosoy.com.ar\/index.php\/19-de-agosto-dia-del-cantor-cuyano\/#primaryimage"},"image":{"@id":"https:\/\/talcomosoy.com.ar\/index.php\/19-de-agosto-dia-del-cantor-cuyano\/#primaryimage"},"thumbnailUrl":"https:\/\/i0.wp.com\/talcomosoy.com.ar\/wp-content\/uploads\/2020\/08\/Mariano-Cacace-700x394-1.jpg?fit=700%2C394&ssl=1","datePublished":"2020-08-19T18:10:21+00:00","inLanguage":"es","potentialAction":[{"@type":"ReadAction","target":["https:\/\/talcomosoy.com.ar\/index.php\/19-de-agosto-dia-del-cantor-cuyano\/"]}]},{"@type":"ImageObject","inLanguage":"es","@id":"https:\/\/talcomosoy.com.ar\/index.php\/19-de-agosto-dia-del-cantor-cuyano\/#primaryimage","url":"https:\/\/i0.wp.com\/talcomosoy.com.ar\/wp-content\/uploads\/2020\/08\/Mariano-Cacace-700x394-1.jpg?fit=700%2C394&ssl=1","contentUrl":"https:\/\/i0.wp.com\/talcomosoy.com.ar\/wp-content\/uploads\/2020\/08\/Mariano-Cacace-700x394-1.jpg?fit=700%2C394&ssl=1","width":700,"height":394},{"@type":"WebSite","@id":"https:\/\/talcomosoy.com.ar\/#website","url":"https:\/\/talcomosoy.com.ar\/","name":"Tal Como Soy","description":"Magazine Musical Digital","publisher":{"@id":"https:\/\/talcomosoy.com.ar\/#organization"},"potentialAction":[{"@type":"SearchAction","target":{"@type":"EntryPoint","urlTemplate":"https:\/\/talcomosoy.com.ar\/?s={search_term_string}"},"query-input":{"@type":"PropertyValueSpecification","valueRequired":true,"valueName":"search_term_string"}}],"inLanguage":"es"},{"@type":"Organization","@id":"https:\/\/talcomosoy.com.ar\/#organization","name":"Tal Como Soy","url":"https:\/\/talcomosoy.com.ar\/","logo":{"@type":"ImageObject","inLanguage":"es","@id":"https:\/\/talcomosoy.com.ar\/#\/schema\/logo\/image\/","url":"https:\/\/i0.wp.com\/talcomosoy.com.ar\/wp-content\/uploads\/2020\/02\/PUA-2020-TRANSPARENTE.png?fit=570%2C382&ssl=1","contentUrl":"https:\/\/i0.wp.com\/talcomosoy.com.ar\/wp-content\/uploads\/2020\/02\/PUA-2020-TRANSPARENTE.png?fit=570%2C382&ssl=1","width":570,"height":382,"caption":"Tal Como Soy"},"image":{"@id":"https:\/\/talcomosoy.com.ar\/#\/schema\/logo\/image\/"},"sameAs":["https:\/\/www.facebook.com\/talcomosoyok","https:\/\/x.com\/talcomosoyok","https:\/\/www.instagram.com\/talcomosoyok","https:\/\/www.youtube.com\/channel\/UCrutZzYQmd9Fe8pEm5wqsiw"]},{"@type":"Person","@id":"https:\/\/talcomosoy.com.ar\/#\/schema\/person\/496b3561bd436afcf2be92147ff855c9","name":"Sinda Miranda","image":{"@type":"ImageObject","inLanguage":"es","@id":"https:\/\/secure.gravatar.com\/avatar\/ab0e992fc0b7117fe730d00fb0e44073b1fd6e28d69de8e7ac3103f1396f445e?s=96&d=mm&r=g","url":"https:\/\/secure.gravatar.com\/avatar\/ab0e992fc0b7117fe730d00fb0e44073b1fd6e28d69de8e7ac3103f1396f445e?s=96&d=mm&r=g","contentUrl":"https:\/\/secure.gravatar.com\/avatar\/ab0e992fc0b7117fe730d00fb0e44073b1fd6e28d69de8e7ac3103f1396f445e?s=96&d=mm&r=g","caption":"Sinda Miranda"},"description":"Escritora, Fot\u00f3grafa, Agente de Prensa","sameAs":["https:\/\/www.facebook.com\/sindamiranda","https:\/\/www.instagram.com\/sindamiranda","https:\/\/x.com\/sindamiranda"],"url":"https:\/\/talcomosoy.com.ar\/index.php\/author\/sindamirandatcs\/"}]}},"jetpack_publicize_connections":[],"jetpack_featured_media_url":"https:\/\/i0.wp.com\/talcomosoy.com.ar\/wp-content\/uploads\/2020\/08\/Mariano-Cacace-700x394-1.jpg?fit=700%2C394&ssl=1","jetpack_sharing_enabled":true,"jetpack_likes_enabled":true,"_links":{"self":[{"href":"https:\/\/talcomosoy.com.ar\/index.php\/wp-json\/wp\/v2\/posts\/2088","targetHints":{"allow":["GET"]}}],"collection":[{"href":"https:\/\/talcomosoy.com.ar\/index.php\/wp-json\/wp\/v2\/posts"}],"about":[{"href":"https:\/\/talcomosoy.com.ar\/index.php\/wp-json\/wp\/v2\/types\/post"}],"author":[{"embeddable":true,"href":"https:\/\/talcomosoy.com.ar\/index.php\/wp-json\/wp\/v2\/users\/1"}],"replies":[{"embeddable":true,"href":"https:\/\/talcomosoy.com.ar\/index.php\/wp-json\/wp\/v2\/comments?post=2088"}],"version-history":[{"count":2,"href":"https:\/\/talcomosoy.com.ar\/index.php\/wp-json\/wp\/v2\/posts\/2088\/revisions"}],"predecessor-version":[{"id":2091,"href":"https:\/\/talcomosoy.com.ar\/index.php\/wp-json\/wp\/v2\/posts\/2088\/revisions\/2091"}],"wp:featuredmedia":[{"embeddable":true,"href":"https:\/\/talcomosoy.com.ar\/index.php\/wp-json\/wp\/v2\/media\/2089"}],"wp:attachment":[{"href":"https:\/\/talcomosoy.com.ar\/index.php\/wp-json\/wp\/v2\/media?parent=2088"}],"wp:term":[{"taxonomy":"category","embeddable":true,"href":"https:\/\/talcomosoy.com.ar\/index.php\/wp-json\/wp\/v2\/categories?post=2088"},{"taxonomy":"post_tag","embeddable":true,"href":"https:\/\/talcomosoy.com.ar\/index.php\/wp-json\/wp\/v2\/tags?post=2088"}],"curies":[{"name":"wp","href":"https:\/\/api.w.org\/{rel}","templated":true}]}}