{"id":19402,"date":"2025-10-10T09:46:18","date_gmt":"2025-10-10T12:46:18","guid":{"rendered":"https:\/\/talcomosoy.com.ar\/?p=19402"},"modified":"2025-10-15T09:49:29","modified_gmt":"2025-10-15T12:49:29","slug":"comienza-la-preventa-de-abonos-para-la-fiesta-provincial-de-la-cerveza","status":"publish","type":"post","link":"https:\/\/talcomosoy.com.ar\/index.php\/comienza-la-preventa-de-abonos-para-la-fiesta-provincial-de-la-cerveza\/","title":{"rendered":"Comienza la preventa de abonos para la Fiesta Provincial de la Cerveza"},"content":{"rendered":"<h3>El Vol. 18 del festival cervecero m\u00e1s grande del oeste argentino inicia su primera etapa de venta de tickets. Los cupos son limitados.<\/h3>\n<p>&nbsp;<\/p>\n<p>Se habilit\u00f3 la Preventa de Abonos Fans para el Volumen 18 de la Fiesta Provincial de la Cerveza. La misma se realizar\u00e1 los d\u00edas 5, 6 y 7 de diciembre en el Hip\u00f3dromo de Mendoza.<\/p>\n<p>As\u00ed, ya se pueden adquirir los tickets para las tres noches del evento cervecero m\u00e1s grande del oeste argentino. En \u00e9l se conjugar\u00e1 una combinaci\u00f3n explosiva de g\u00e9neros musicales.<\/p>\n<p>La primera etapa permitir\u00e1 comprar las entradas para los tres d\u00edas por $60.000, en hasta 3 cuotas sin inter\u00e9s con todos los bancos a trav\u00e9s de <a href=\"https:\/\/www.passline.com\/eventos\/fiesta-de-la-cerveza-2025\">Passline<\/a>. Los cupos son limitados.<\/p>\n<p>Durante las tres jornadas del festival el p\u00fablico podr\u00e1 disfrutar de una sucesi\u00f3n de shows de distintos estilos. Por lo que habr\u00e1 bloques de cumbia, rock, cuarteto y trap\/urbano.<\/p>\n<p>&nbsp;<\/p>\n<h3>Las bandas confirmadas y sus propuestas<\/h3>\n<h4>Damas Gratis<\/h4>\n<p>Referente indiscutible de la cumbia argentina, liderada por Pablo Lescano. Es que Damas Gratis es una de las m\u00e1s representativas de la m\u00fasica popular del pa\u00eds. Con d\u00e9cadas de trayectoria, su estilo festivo y sus letras callejeras con identidad barrial la convirtieron en un cl\u00e1sico infaltable en los escenarios masivos.<\/p>\n<p>&nbsp;<\/p>\n<h4>Cazzu<\/h4>\n<p>Ella es ampliamente reconocida por su estilo ecl\u00e9ctico y su presencia en el trap y el urbano latino. As\u00ed, Cazzu carga una propuesta moderna, con melod\u00edas introspectivas y beats contempor\u00e1neos.<\/p>\n<p>&nbsp;<\/p>\n<h4>LBC &amp; Eugenia Quevedo<\/h4>\n<p>La dupla fusiona influencias del cuarteto cordob\u00e9s, pop y sonido urbano. En este caso, vuelve a Godoy Cruz para compartir su impronta tropical.<\/p>\n<p>&nbsp;<\/p>\n<h4>Ciro y los Persas<\/h4>\n<p>La voz del rock, con d\u00e9cadas de trayectoria, llega al festival con una curr\u00edcula de himnos del rock argentino y actitud en el escenario. Es que Ciro y Los Persas ofrece una propuesta musical rica y variada. Con un estilo que va m\u00e1s all\u00e1 del rock puro, desarrolla su l\u00edrica profunda y ejecuci\u00f3n musical s\u00f3lida y creativa.<\/p>\n<p>&nbsp;<\/p>\n<h4>Molotov<\/h4>\n<p>Desde M\u00e9xico y con una reputaci\u00f3n de banda de rock explosiva, llega Molotov. Como es tradicional, ofrecer\u00e1 su sonido intenso, con letras cr\u00edticas y guitarras afiladas.<\/p>\n<p>&nbsp;<\/p>\n<h4>La Konga<\/h4>\n<p>Con ra\u00edces en la cumbia y el cuarteto cordob\u00e9s, La Konga se presenta por segunda vez. Esta banda es experta en encender pistas y conectar con el p\u00fablico en festivales masivos.<\/p>\n<p>&nbsp;<\/p>\n<h4>Piti Fern\u00e1ndez<\/h4>\n<p>El cantante, conocido por su trabajo en Las Pastillas del abuelo, llega con su voz distintiva y su propuesta personal. Como solista, se caracteriza por letras po\u00e9ticas y reflexivas sobre la vida, el amor y la identidad. Adem\u00e1s, fusiona g\u00e9neros como el rock, el candombe, el country y el jazz.<\/p>\n<p>&nbsp;<\/p>\n<h4>La Franela<\/h4>\n<p>Hist\u00f3rica banda de rock nacional, que combina pop, reggae y ska. Su m\u00fasica se caracteriza por la mezcla de estilos y letras emotivas, con temas de amor, lucha, familia y superaci\u00f3n.<\/p>\n<p>&nbsp;<\/p>\n<p>&nbsp;<\/p>\n<p>&nbsp;<\/p>\n<p>&nbsp;<\/p>\n","protected":false},"excerpt":{"rendered":"<p>El Vol. 18 del festival cervecero m\u00e1s grande del oeste argentino inicia su primera etapa<\/p>\n","protected":false},"author":1,"featured_media":19403,"comment_status":"closed","ping_status":"closed","sticky":false,"template":"","format":"standard","meta":{"_jetpack_memberships_contains_paid_content":false,"footnotes":"","jetpack_publicize_message":"","jetpack_publicize_feature_enabled":true,"jetpack_social_post_already_shared":true,"jetpack_social_options":{"image_generator_settings":{"template":"highway","default_image_id":0,"font":"","enabled":false},"version":2}},"categories":[174],"tags":[],"class_list":["post-19402","post","type-post","status-publish","format-standard","has-post-thumbnail","hentry","category-fiesta-de-la-cerveza"],"yoast_head":"<!-- This site is optimized with the Yoast SEO plugin v27.5 - https:\/\/yoast.com\/product\/yoast-seo-wordpress\/ -->\n<title>Comienza la preventa de abonos para la Fiesta Provincial de la Cerveza - Tal Como Soy<\/title>\n<meta name=\"robots\" content=\"index, follow, max-snippet:-1, max-image-preview:large, max-video-preview:-1\" \/>\n<link rel=\"canonical\" href=\"https:\/\/talcomosoy.com.ar\/index.php\/comienza-la-preventa-de-abonos-para-la-fiesta-provincial-de-la-cerveza\/\" \/>\n<meta property=\"og:locale\" content=\"es_ES\" \/>\n<meta property=\"og:type\" content=\"article\" \/>\n<meta property=\"og:title\" content=\"Comienza la preventa de abonos para la Fiesta Provincial de la Cerveza - Tal Como Soy\" \/>\n<meta property=\"og:description\" content=\"El Vol. 18 del festival cervecero m\u00e1s grande del oeste argentino inicia su primera etapa\" \/>\n<meta property=\"og:url\" content=\"https:\/\/talcomosoy.com.ar\/index.php\/comienza-la-preventa-de-abonos-para-la-fiesta-provincial-de-la-cerveza\/\" \/>\n<meta property=\"og:site_name\" content=\"Tal Como Soy\" \/>\n<meta property=\"article:publisher\" content=\"https:\/\/www.facebook.com\/talcomosoyok\" \/>\n<meta property=\"article:author\" content=\"https:\/\/www.facebook.com\/sindamiranda\" \/>\n<meta property=\"article:published_time\" content=\"2025-10-10T12:46:18+00:00\" \/>\n<meta property=\"article:modified_time\" content=\"2025-10-15T12:49:29+00:00\" \/>\n<meta property=\"og:image\" content=\"https:\/\/talcomosoy.com.ar\/wp-content\/uploads\/2025\/10\/WhatsApp-Image-2025-10-11-at-4.44.20-PM.jpeg\" \/>\n\t<meta property=\"og:image:width\" content=\"1080\" \/>\n\t<meta property=\"og:image:height\" content=\"1080\" \/>\n\t<meta property=\"og:image:type\" content=\"image\/jpeg\" \/>\n<meta name=\"author\" content=\"Sinda Miranda\" \/>\n<meta name=\"twitter:card\" content=\"summary_large_image\" \/>\n<meta name=\"twitter:creator\" content=\"@sindamiranda\" \/>\n<meta name=\"twitter:site\" content=\"@talcomosoyok\" \/>\n<meta name=\"twitter:label1\" content=\"Escrito por\" \/>\n\t<meta name=\"twitter:data1\" content=\"Sinda Miranda\" \/>\n\t<meta name=\"twitter:label2\" content=\"Tiempo de lectura\" \/>\n\t<meta name=\"twitter:data2\" content=\"3 minutos\" \/>\n<script type=\"application\/ld+json\" class=\"yoast-schema-graph\">{\"@context\":\"https:\\\/\\\/schema.org\",\"@graph\":[{\"@type\":\"Article\",\"@id\":\"https:\\\/\\\/talcomosoy.com.ar\\\/index.php\\\/comienza-la-preventa-de-abonos-para-la-fiesta-provincial-de-la-cerveza\\\/#article\",\"isPartOf\":{\"@id\":\"https:\\\/\\\/talcomosoy.com.ar\\\/index.php\\\/comienza-la-preventa-de-abonos-para-la-fiesta-provincial-de-la-cerveza\\\/\"},\"author\":{\"name\":\"Sinda Miranda\",\"@id\":\"https:\\\/\\\/talcomosoy.com.ar\\\/#\\\/schema\\\/person\\\/496b3561bd436afcf2be92147ff855c9\"},\"headline\":\"Comienza la preventa de abonos para la Fiesta Provincial de la Cerveza\",\"datePublished\":\"2025-10-10T12:46:18+00:00\",\"dateModified\":\"2025-10-15T12:49:29+00:00\",\"mainEntityOfPage\":{\"@id\":\"https:\\\/\\\/talcomosoy.com.ar\\\/index.php\\\/comienza-la-preventa-de-abonos-para-la-fiesta-provincial-de-la-cerveza\\\/\"},\"wordCount\":527,\"publisher\":{\"@id\":\"https:\\\/\\\/talcomosoy.com.ar\\\/#organization\"},\"image\":{\"@id\":\"https:\\\/\\\/talcomosoy.com.ar\\\/index.php\\\/comienza-la-preventa-de-abonos-para-la-fiesta-provincial-de-la-cerveza\\\/#primaryimage\"},\"thumbnailUrl\":\"https:\\\/\\\/i0.wp.com\\\/talcomosoy.com.ar\\\/wp-content\\\/uploads\\\/2025\\\/10\\\/WhatsApp-Image-2025-10-11-at-4.44.20-PM.jpeg?fit=1080%2C1080&ssl=1\",\"articleSection\":[\"Fiesta de la Cerveza\"],\"inLanguage\":\"es\"},{\"@type\":\"WebPage\",\"@id\":\"https:\\\/\\\/talcomosoy.com.ar\\\/index.php\\\/comienza-la-preventa-de-abonos-para-la-fiesta-provincial-de-la-cerveza\\\/\",\"url\":\"https:\\\/\\\/talcomosoy.com.ar\\\/index.php\\\/comienza-la-preventa-de-abonos-para-la-fiesta-provincial-de-la-cerveza\\\/\",\"name\":\"Comienza la preventa de abonos para la Fiesta Provincial de la Cerveza - Tal Como Soy\",\"isPartOf\":{\"@id\":\"https:\\\/\\\/talcomosoy.com.ar\\\/#website\"},\"primaryImageOfPage\":{\"@id\":\"https:\\\/\\\/talcomosoy.com.ar\\\/index.php\\\/comienza-la-preventa-de-abonos-para-la-fiesta-provincial-de-la-cerveza\\\/#primaryimage\"},\"image\":{\"@id\":\"https:\\\/\\\/talcomosoy.com.ar\\\/index.php\\\/comienza-la-preventa-de-abonos-para-la-fiesta-provincial-de-la-cerveza\\\/#primaryimage\"},\"thumbnailUrl\":\"https:\\\/\\\/i0.wp.com\\\/talcomosoy.com.ar\\\/wp-content\\\/uploads\\\/2025\\\/10\\\/WhatsApp-Image-2025-10-11-at-4.44.20-PM.jpeg?fit=1080%2C1080&ssl=1\",\"datePublished\":\"2025-10-10T12:46:18+00:00\",\"dateModified\":\"2025-10-15T12:49:29+00:00\",\"inLanguage\":\"es\",\"potentialAction\":[{\"@type\":\"ReadAction\",\"target\":[\"https:\\\/\\\/talcomosoy.com.ar\\\/index.php\\\/comienza-la-preventa-de-abonos-para-la-fiesta-provincial-de-la-cerveza\\\/\"]}]},{\"@type\":\"ImageObject\",\"inLanguage\":\"es\",\"@id\":\"https:\\\/\\\/talcomosoy.com.ar\\\/index.php\\\/comienza-la-preventa-de-abonos-para-la-fiesta-provincial-de-la-cerveza\\\/#primaryimage\",\"url\":\"https:\\\/\\\/i0.wp.com\\\/talcomosoy.com.ar\\\/wp-content\\\/uploads\\\/2025\\\/10\\\/WhatsApp-Image-2025-10-11-at-4.44.20-PM.jpeg?fit=1080%2C1080&ssl=1\",\"contentUrl\":\"https:\\\/\\\/i0.wp.com\\\/talcomosoy.com.ar\\\/wp-content\\\/uploads\\\/2025\\\/10\\\/WhatsApp-Image-2025-10-11-at-4.44.20-PM.jpeg?fit=1080%2C1080&ssl=1\",\"width\":1080,\"height\":1080},{\"@type\":\"WebSite\",\"@id\":\"https:\\\/\\\/talcomosoy.com.ar\\\/#website\",\"url\":\"https:\\\/\\\/talcomosoy.com.ar\\\/\",\"name\":\"Tal Como Soy\",\"description\":\"Magazine Musical Digital\",\"publisher\":{\"@id\":\"https:\\\/\\\/talcomosoy.com.ar\\\/#organization\"},\"potentialAction\":[{\"@type\":\"SearchAction\",\"target\":{\"@type\":\"EntryPoint\",\"urlTemplate\":\"https:\\\/\\\/talcomosoy.com.ar\\\/?s={search_term_string}\"},\"query-input\":{\"@type\":\"PropertyValueSpecification\",\"valueRequired\":true,\"valueName\":\"search_term_string\"}}],\"inLanguage\":\"es\"},{\"@type\":\"Organization\",\"@id\":\"https:\\\/\\\/talcomosoy.com.ar\\\/#organization\",\"name\":\"Tal Como Soy\",\"url\":\"https:\\\/\\\/talcomosoy.com.ar\\\/\",\"logo\":{\"@type\":\"ImageObject\",\"inLanguage\":\"es\",\"@id\":\"https:\\\/\\\/talcomosoy.com.ar\\\/#\\\/schema\\\/logo\\\/image\\\/\",\"url\":\"https:\\\/\\\/i0.wp.com\\\/talcomosoy.com.ar\\\/wp-content\\\/uploads\\\/2020\\\/02\\\/PUA-2020-TRANSPARENTE.png?fit=570%2C382&ssl=1\",\"contentUrl\":\"https:\\\/\\\/i0.wp.com\\\/talcomosoy.com.ar\\\/wp-content\\\/uploads\\\/2020\\\/02\\\/PUA-2020-TRANSPARENTE.png?fit=570%2C382&ssl=1\",\"width\":570,\"height\":382,\"caption\":\"Tal Como Soy\"},\"image\":{\"@id\":\"https:\\\/\\\/talcomosoy.com.ar\\\/#\\\/schema\\\/logo\\\/image\\\/\"},\"sameAs\":[\"https:\\\/\\\/www.facebook.com\\\/talcomosoyok\",\"https:\\\/\\\/x.com\\\/talcomosoyok\",\"https:\\\/\\\/www.instagram.com\\\/talcomosoyok\",\"https:\\\/\\\/www.youtube.com\\\/channel\\\/UCrutZzYQmd9Fe8pEm5wqsiw\"]},{\"@type\":\"Person\",\"@id\":\"https:\\\/\\\/talcomosoy.com.ar\\\/#\\\/schema\\\/person\\\/496b3561bd436afcf2be92147ff855c9\",\"name\":\"Sinda Miranda\",\"image\":{\"@type\":\"ImageObject\",\"inLanguage\":\"es\",\"@id\":\"https:\\\/\\\/secure.gravatar.com\\\/avatar\\\/ab0e992fc0b7117fe730d00fb0e44073b1fd6e28d69de8e7ac3103f1396f445e?s=96&d=mm&r=g\",\"url\":\"https:\\\/\\\/secure.gravatar.com\\\/avatar\\\/ab0e992fc0b7117fe730d00fb0e44073b1fd6e28d69de8e7ac3103f1396f445e?s=96&d=mm&r=g\",\"contentUrl\":\"https:\\\/\\\/secure.gravatar.com\\\/avatar\\\/ab0e992fc0b7117fe730d00fb0e44073b1fd6e28d69de8e7ac3103f1396f445e?s=96&d=mm&r=g\",\"caption\":\"Sinda Miranda\"},\"description\":\"Escritora, Fot\u00f3grafa, Agente de Prensa\",\"sameAs\":[\"https:\\\/\\\/www.facebook.com\\\/sindamiranda\",\"https:\\\/\\\/www.instagram.com\\\/sindamiranda\",\"https:\\\/\\\/x.com\\\/sindamiranda\"],\"url\":\"https:\\\/\\\/talcomosoy.com.ar\\\/index.php\\\/author\\\/sindamirandatcs\\\/\"}]}<\/script>\n<!-- \/ Yoast SEO plugin. -->","yoast_head_json":{"title":"Comienza la preventa de abonos para la Fiesta Provincial de la Cerveza - Tal Como Soy","robots":{"index":"index","follow":"follow","max-snippet":"max-snippet:-1","max-image-preview":"max-image-preview:large","max-video-preview":"max-video-preview:-1"},"canonical":"https:\/\/talcomosoy.com.ar\/index.php\/comienza-la-preventa-de-abonos-para-la-fiesta-provincial-de-la-cerveza\/","og_locale":"es_ES","og_type":"article","og_title":"Comienza la preventa de abonos para la Fiesta Provincial de la Cerveza - Tal Como Soy","og_description":"El Vol. 18 del festival cervecero m\u00e1s grande del oeste argentino inicia su primera etapa","og_url":"https:\/\/talcomosoy.com.ar\/index.php\/comienza-la-preventa-de-abonos-para-la-fiesta-provincial-de-la-cerveza\/","og_site_name":"Tal Como Soy","article_publisher":"https:\/\/www.facebook.com\/talcomosoyok","article_author":"https:\/\/www.facebook.com\/sindamiranda","article_published_time":"2025-10-10T12:46:18+00:00","article_modified_time":"2025-10-15T12:49:29+00:00","og_image":[{"width":1080,"height":1080,"url":"https:\/\/talcomosoy.com.ar\/wp-content\/uploads\/2025\/10\/WhatsApp-Image-2025-10-11-at-4.44.20-PM.jpeg","type":"image\/jpeg"}],"author":"Sinda Miranda","twitter_card":"summary_large_image","twitter_creator":"@sindamiranda","twitter_site":"@talcomosoyok","twitter_misc":{"Escrito por":"Sinda Miranda","Tiempo de lectura":"3 minutos"},"schema":{"@context":"https:\/\/schema.org","@graph":[{"@type":"Article","@id":"https:\/\/talcomosoy.com.ar\/index.php\/comienza-la-preventa-de-abonos-para-la-fiesta-provincial-de-la-cerveza\/#article","isPartOf":{"@id":"https:\/\/talcomosoy.com.ar\/index.php\/comienza-la-preventa-de-abonos-para-la-fiesta-provincial-de-la-cerveza\/"},"author":{"name":"Sinda Miranda","@id":"https:\/\/talcomosoy.com.ar\/#\/schema\/person\/496b3561bd436afcf2be92147ff855c9"},"headline":"Comienza la preventa de abonos para la Fiesta Provincial de la Cerveza","datePublished":"2025-10-10T12:46:18+00:00","dateModified":"2025-10-15T12:49:29+00:00","mainEntityOfPage":{"@id":"https:\/\/talcomosoy.com.ar\/index.php\/comienza-la-preventa-de-abonos-para-la-fiesta-provincial-de-la-cerveza\/"},"wordCount":527,"publisher":{"@id":"https:\/\/talcomosoy.com.ar\/#organization"},"image":{"@id":"https:\/\/talcomosoy.com.ar\/index.php\/comienza-la-preventa-de-abonos-para-la-fiesta-provincial-de-la-cerveza\/#primaryimage"},"thumbnailUrl":"https:\/\/i0.wp.com\/talcomosoy.com.ar\/wp-content\/uploads\/2025\/10\/WhatsApp-Image-2025-10-11-at-4.44.20-PM.jpeg?fit=1080%2C1080&ssl=1","articleSection":["Fiesta de la Cerveza"],"inLanguage":"es"},{"@type":"WebPage","@id":"https:\/\/talcomosoy.com.ar\/index.php\/comienza-la-preventa-de-abonos-para-la-fiesta-provincial-de-la-cerveza\/","url":"https:\/\/talcomosoy.com.ar\/index.php\/comienza-la-preventa-de-abonos-para-la-fiesta-provincial-de-la-cerveza\/","name":"Comienza la preventa de abonos para la Fiesta Provincial de la Cerveza - Tal Como Soy","isPartOf":{"@id":"https:\/\/talcomosoy.com.ar\/#website"},"primaryImageOfPage":{"@id":"https:\/\/talcomosoy.com.ar\/index.php\/comienza-la-preventa-de-abonos-para-la-fiesta-provincial-de-la-cerveza\/#primaryimage"},"image":{"@id":"https:\/\/talcomosoy.com.ar\/index.php\/comienza-la-preventa-de-abonos-para-la-fiesta-provincial-de-la-cerveza\/#primaryimage"},"thumbnailUrl":"https:\/\/i0.wp.com\/talcomosoy.com.ar\/wp-content\/uploads\/2025\/10\/WhatsApp-Image-2025-10-11-at-4.44.20-PM.jpeg?fit=1080%2C1080&ssl=1","datePublished":"2025-10-10T12:46:18+00:00","dateModified":"2025-10-15T12:49:29+00:00","inLanguage":"es","potentialAction":[{"@type":"ReadAction","target":["https:\/\/talcomosoy.com.ar\/index.php\/comienza-la-preventa-de-abonos-para-la-fiesta-provincial-de-la-cerveza\/"]}]},{"@type":"ImageObject","inLanguage":"es","@id":"https:\/\/talcomosoy.com.ar\/index.php\/comienza-la-preventa-de-abonos-para-la-fiesta-provincial-de-la-cerveza\/#primaryimage","url":"https:\/\/i0.wp.com\/talcomosoy.com.ar\/wp-content\/uploads\/2025\/10\/WhatsApp-Image-2025-10-11-at-4.44.20-PM.jpeg?fit=1080%2C1080&ssl=1","contentUrl":"https:\/\/i0.wp.com\/talcomosoy.com.ar\/wp-content\/uploads\/2025\/10\/WhatsApp-Image-2025-10-11-at-4.44.20-PM.jpeg?fit=1080%2C1080&ssl=1","width":1080,"height":1080},{"@type":"WebSite","@id":"https:\/\/talcomosoy.com.ar\/#website","url":"https:\/\/talcomosoy.com.ar\/","name":"Tal Como Soy","description":"Magazine Musical Digital","publisher":{"@id":"https:\/\/talcomosoy.com.ar\/#organization"},"potentialAction":[{"@type":"SearchAction","target":{"@type":"EntryPoint","urlTemplate":"https:\/\/talcomosoy.com.ar\/?s={search_term_string}"},"query-input":{"@type":"PropertyValueSpecification","valueRequired":true,"valueName":"search_term_string"}}],"inLanguage":"es"},{"@type":"Organization","@id":"https:\/\/talcomosoy.com.ar\/#organization","name":"Tal Como Soy","url":"https:\/\/talcomosoy.com.ar\/","logo":{"@type":"ImageObject","inLanguage":"es","@id":"https:\/\/talcomosoy.com.ar\/#\/schema\/logo\/image\/","url":"https:\/\/i0.wp.com\/talcomosoy.com.ar\/wp-content\/uploads\/2020\/02\/PUA-2020-TRANSPARENTE.png?fit=570%2C382&ssl=1","contentUrl":"https:\/\/i0.wp.com\/talcomosoy.com.ar\/wp-content\/uploads\/2020\/02\/PUA-2020-TRANSPARENTE.png?fit=570%2C382&ssl=1","width":570,"height":382,"caption":"Tal Como Soy"},"image":{"@id":"https:\/\/talcomosoy.com.ar\/#\/schema\/logo\/image\/"},"sameAs":["https:\/\/www.facebook.com\/talcomosoyok","https:\/\/x.com\/talcomosoyok","https:\/\/www.instagram.com\/talcomosoyok","https:\/\/www.youtube.com\/channel\/UCrutZzYQmd9Fe8pEm5wqsiw"]},{"@type":"Person","@id":"https:\/\/talcomosoy.com.ar\/#\/schema\/person\/496b3561bd436afcf2be92147ff855c9","name":"Sinda Miranda","image":{"@type":"ImageObject","inLanguage":"es","@id":"https:\/\/secure.gravatar.com\/avatar\/ab0e992fc0b7117fe730d00fb0e44073b1fd6e28d69de8e7ac3103f1396f445e?s=96&d=mm&r=g","url":"https:\/\/secure.gravatar.com\/avatar\/ab0e992fc0b7117fe730d00fb0e44073b1fd6e28d69de8e7ac3103f1396f445e?s=96&d=mm&r=g","contentUrl":"https:\/\/secure.gravatar.com\/avatar\/ab0e992fc0b7117fe730d00fb0e44073b1fd6e28d69de8e7ac3103f1396f445e?s=96&d=mm&r=g","caption":"Sinda Miranda"},"description":"Escritora, Fot\u00f3grafa, Agente de Prensa","sameAs":["https:\/\/www.facebook.com\/sindamiranda","https:\/\/www.instagram.com\/sindamiranda","https:\/\/x.com\/sindamiranda"],"url":"https:\/\/talcomosoy.com.ar\/index.php\/author\/sindamirandatcs\/"}]}},"jetpack_publicize_connections":[],"jetpack_featured_media_url":"https:\/\/i0.wp.com\/talcomosoy.com.ar\/wp-content\/uploads\/2025\/10\/WhatsApp-Image-2025-10-11-at-4.44.20-PM.jpeg?fit=1080%2C1080&ssl=1","jetpack_sharing_enabled":true,"jetpack_likes_enabled":true,"_links":{"self":[{"href":"https:\/\/talcomosoy.com.ar\/index.php\/wp-json\/wp\/v2\/posts\/19402","targetHints":{"allow":["GET"]}}],"collection":[{"href":"https:\/\/talcomosoy.com.ar\/index.php\/wp-json\/wp\/v2\/posts"}],"about":[{"href":"https:\/\/talcomosoy.com.ar\/index.php\/wp-json\/wp\/v2\/types\/post"}],"author":[{"embeddable":true,"href":"https:\/\/talcomosoy.com.ar\/index.php\/wp-json\/wp\/v2\/users\/1"}],"replies":[{"embeddable":true,"href":"https:\/\/talcomosoy.com.ar\/index.php\/wp-json\/wp\/v2\/comments?post=19402"}],"version-history":[{"count":2,"href":"https:\/\/talcomosoy.com.ar\/index.php\/wp-json\/wp\/v2\/posts\/19402\/revisions"}],"predecessor-version":[{"id":19405,"href":"https:\/\/talcomosoy.com.ar\/index.php\/wp-json\/wp\/v2\/posts\/19402\/revisions\/19405"}],"wp:featuredmedia":[{"embeddable":true,"href":"https:\/\/talcomosoy.com.ar\/index.php\/wp-json\/wp\/v2\/media\/19403"}],"wp:attachment":[{"href":"https:\/\/talcomosoy.com.ar\/index.php\/wp-json\/wp\/v2\/media?parent=19402"}],"wp:term":[{"taxonomy":"category","embeddable":true,"href":"https:\/\/talcomosoy.com.ar\/index.php\/wp-json\/wp\/v2\/categories?post=19402"},{"taxonomy":"post_tag","embeddable":true,"href":"https:\/\/talcomosoy.com.ar\/index.php\/wp-json\/wp\/v2\/tags?post=19402"}],"curies":[{"name":"wp","href":"https:\/\/api.w.org\/{rel}","templated":true}]}}