{"id":19266,"date":"2025-08-19T16:55:27","date_gmt":"2025-08-19T19:55:27","guid":{"rendered":"https:\/\/talcomosoy.com.ar\/?p=19266"},"modified":"2025-08-19T16:55:27","modified_gmt":"2025-08-19T19:55:27","slug":"las-pelotas-llega-a-mendoza-con-su-gira-6x6-para-celebrar-36-anos-de-historia","status":"publish","type":"post","link":"https:\/\/talcomosoy.com.ar\/index.php\/las-pelotas-llega-a-mendoza-con-su-gira-6x6-para-celebrar-36-anos-de-historia\/","title":{"rendered":"Las Pelotas llega a Mendoza con su gira \u201c6\u00d76\u201d para celebrar 36 a\u00f1os de historia"},"content":{"rendered":"<h3>La banda liderada por Germ\u00e1n Daffunchio se presentar\u00e1 el s\u00e1bado 23 de agosto en el Auditorio Bustelo. Las entradas est\u00e1n disponibles en Tuentrada.com (6 cuotas sin inter\u00e9s clientes Visa Banco Galicia) y Moicano Rocker\u00eda (Ciudad).<\/h3>\n<p>&nbsp;<\/p>\n<p>Con una carrera que ya suma 36 a\u00f1os y una identidad \u00fanica dentro del rock nacional, <strong>Las Pelotas<\/strong> vuelve a los escenarios con su nueva gira \u201c6\u00d76\u201d, una celebraci\u00f3n que recorre su historia musical y anticipa lo que ser\u00e1 su pr\u00f3ximo \u00e1lbum de estudio.<\/p>\n<p>Pensar al rock nacional sin <strong>LAS PELOTAS<\/strong> es pensarlo sin esa pata que supo conjugar la po\u00e9tica popular con una idea de mundo cohesiva y clara. Con contundencia y compromiso, la banda atraves\u00f3 sus propias eras conectando y ampliando las fronteras de su decir, siempre evolucionando y siempre apostando por una trascendencia mundana, al alcance de un acorde.<\/p>\n<p><em>\u201cJam\u00e1s pensamos hasta cuando \u00edbamos a seguir tocando<\/em> <em>36 a\u00f1os arriba de los escenarios hablan de muchas cosas vividas.<\/em> <em>Lo m\u00e1s sorprendente es que seguimos siendo felices tocando , componiendo y haciendo m\u00fasica\u00bb<\/em>, cuenta la banda sobre su historia.<\/p>\n<p><strong>El tour pasar\u00e1 por Mendoza el s\u00e1bado 23 de agosto, en el Auditorio \u00c1ngel Bustelo, en el marco de una serie de shows por todo el pa\u00eds, que concluir\u00e1 en octubre con una presentaci\u00f3n en Tecn\u00f3polis.<\/strong><\/p>\n<p>&nbsp;<\/p>\n","protected":false},"excerpt":{"rendered":"<p>La banda liderada por Germ\u00e1n Daffunchio se presentar\u00e1 el s\u00e1bado 23 de agosto en el<\/p>\n","protected":false},"author":1,"featured_media":19267,"comment_status":"closed","ping_status":"closed","sticky":false,"template":"","format":"standard","meta":{"_jetpack_memberships_contains_paid_content":false,"footnotes":"","jetpack_publicize_message":"","jetpack_publicize_feature_enabled":true,"jetpack_social_post_already_shared":true,"jetpack_social_options":{"image_generator_settings":{"template":"highway","default_image_id":0,"font":"","enabled":false},"version":2}},"categories":[2,87],"tags":[],"class_list":["post-19266","post","type-post","status-publish","format-standard","has-post-thumbnail","hentry","category-musica","category-rock-argentino"],"yoast_head":"<!-- This site is optimized with the Yoast SEO plugin v27.5 - https:\/\/yoast.com\/product\/yoast-seo-wordpress\/ -->\n<title>Las Pelotas llega a Mendoza con su gira \u201c6\u00d76\u201d para celebrar 36 a\u00f1os de historia - Tal Como Soy<\/title>\n<meta name=\"robots\" content=\"index, follow, max-snippet:-1, max-image-preview:large, max-video-preview:-1\" \/>\n<link rel=\"canonical\" href=\"https:\/\/talcomosoy.com.ar\/index.php\/las-pelotas-llega-a-mendoza-con-su-gira-6x6-para-celebrar-36-anos-de-historia\/\" \/>\n<meta property=\"og:locale\" content=\"es_ES\" \/>\n<meta property=\"og:type\" content=\"article\" \/>\n<meta property=\"og:title\" content=\"Las Pelotas llega a Mendoza con su gira \u201c6\u00d76\u201d para celebrar 36 a\u00f1os de historia - Tal Como Soy\" \/>\n<meta property=\"og:description\" content=\"La banda liderada por Germ\u00e1n Daffunchio se presentar\u00e1 el s\u00e1bado 23 de agosto en el\" \/>\n<meta property=\"og:url\" content=\"https:\/\/talcomosoy.com.ar\/index.php\/las-pelotas-llega-a-mendoza-con-su-gira-6x6-para-celebrar-36-anos-de-historia\/\" \/>\n<meta property=\"og:site_name\" content=\"Tal Como Soy\" \/>\n<meta property=\"article:publisher\" content=\"https:\/\/www.facebook.com\/talcomosoyok\" \/>\n<meta property=\"article:author\" content=\"https:\/\/www.facebook.com\/sindamiranda\" \/>\n<meta property=\"article:published_time\" content=\"2025-08-19T19:55:27+00:00\" \/>\n<meta property=\"og:image\" content=\"https:\/\/i0.wp.com\/talcomosoy.com.ar\/wp-content\/uploads\/2025\/08\/LAS-PELOTAS-1080x1350-editable.jpg?fit=1080%2C1350&ssl=1\" \/>\n\t<meta property=\"og:image:width\" content=\"1080\" \/>\n\t<meta property=\"og:image:height\" content=\"1350\" \/>\n\t<meta property=\"og:image:type\" content=\"image\/jpeg\" \/>\n<meta name=\"author\" content=\"Sinda Miranda\" \/>\n<meta name=\"twitter:card\" content=\"summary_large_image\" \/>\n<meta name=\"twitter:creator\" content=\"@sindamiranda\" \/>\n<meta name=\"twitter:site\" content=\"@talcomosoyok\" \/>\n<meta name=\"twitter:label1\" content=\"Escrito por\" \/>\n\t<meta name=\"twitter:data1\" content=\"Sinda Miranda\" \/>\n\t<meta name=\"twitter:label2\" content=\"Tiempo de lectura\" \/>\n\t<meta name=\"twitter:data2\" content=\"2 minutos\" \/>\n<script type=\"application\/ld+json\" class=\"yoast-schema-graph\">{\"@context\":\"https:\\\/\\\/schema.org\",\"@graph\":[{\"@type\":\"Article\",\"@id\":\"https:\\\/\\\/talcomosoy.com.ar\\\/index.php\\\/las-pelotas-llega-a-mendoza-con-su-gira-6x6-para-celebrar-36-anos-de-historia\\\/#article\",\"isPartOf\":{\"@id\":\"https:\\\/\\\/talcomosoy.com.ar\\\/index.php\\\/las-pelotas-llega-a-mendoza-con-su-gira-6x6-para-celebrar-36-anos-de-historia\\\/\"},\"author\":{\"name\":\"Sinda Miranda\",\"@id\":\"https:\\\/\\\/talcomosoy.com.ar\\\/#\\\/schema\\\/person\\\/496b3561bd436afcf2be92147ff855c9\"},\"headline\":\"Las Pelotas llega a Mendoza con su gira \u201c6\u00d76\u201d para celebrar 36 a\u00f1os de historia\",\"datePublished\":\"2025-08-19T19:55:27+00:00\",\"mainEntityOfPage\":{\"@id\":\"https:\\\/\\\/talcomosoy.com.ar\\\/index.php\\\/las-pelotas-llega-a-mendoza-con-su-gira-6x6-para-celebrar-36-anos-de-historia\\\/\"},\"wordCount\":239,\"publisher\":{\"@id\":\"https:\\\/\\\/talcomosoy.com.ar\\\/#organization\"},\"image\":{\"@id\":\"https:\\\/\\\/talcomosoy.com.ar\\\/index.php\\\/las-pelotas-llega-a-mendoza-con-su-gira-6x6-para-celebrar-36-anos-de-historia\\\/#primaryimage\"},\"thumbnailUrl\":\"https:\\\/\\\/i0.wp.com\\\/talcomosoy.com.ar\\\/wp-content\\\/uploads\\\/2025\\\/08\\\/LAS-PELOTAS-1080x1350-editable.jpg?fit=1080%2C1350&ssl=1\",\"articleSection\":[\"M\u00fasica\",\"Rock Argentino\"],\"inLanguage\":\"es\"},{\"@type\":\"WebPage\",\"@id\":\"https:\\\/\\\/talcomosoy.com.ar\\\/index.php\\\/las-pelotas-llega-a-mendoza-con-su-gira-6x6-para-celebrar-36-anos-de-historia\\\/\",\"url\":\"https:\\\/\\\/talcomosoy.com.ar\\\/index.php\\\/las-pelotas-llega-a-mendoza-con-su-gira-6x6-para-celebrar-36-anos-de-historia\\\/\",\"name\":\"Las Pelotas llega a Mendoza con su gira \u201c6\u00d76\u201d para celebrar 36 a\u00f1os de historia - Tal Como Soy\",\"isPartOf\":{\"@id\":\"https:\\\/\\\/talcomosoy.com.ar\\\/#website\"},\"primaryImageOfPage\":{\"@id\":\"https:\\\/\\\/talcomosoy.com.ar\\\/index.php\\\/las-pelotas-llega-a-mendoza-con-su-gira-6x6-para-celebrar-36-anos-de-historia\\\/#primaryimage\"},\"image\":{\"@id\":\"https:\\\/\\\/talcomosoy.com.ar\\\/index.php\\\/las-pelotas-llega-a-mendoza-con-su-gira-6x6-para-celebrar-36-anos-de-historia\\\/#primaryimage\"},\"thumbnailUrl\":\"https:\\\/\\\/i0.wp.com\\\/talcomosoy.com.ar\\\/wp-content\\\/uploads\\\/2025\\\/08\\\/LAS-PELOTAS-1080x1350-editable.jpg?fit=1080%2C1350&ssl=1\",\"datePublished\":\"2025-08-19T19:55:27+00:00\",\"inLanguage\":\"es\",\"potentialAction\":[{\"@type\":\"ReadAction\",\"target\":[\"https:\\\/\\\/talcomosoy.com.ar\\\/index.php\\\/las-pelotas-llega-a-mendoza-con-su-gira-6x6-para-celebrar-36-anos-de-historia\\\/\"]}]},{\"@type\":\"ImageObject\",\"inLanguage\":\"es\",\"@id\":\"https:\\\/\\\/talcomosoy.com.ar\\\/index.php\\\/las-pelotas-llega-a-mendoza-con-su-gira-6x6-para-celebrar-36-anos-de-historia\\\/#primaryimage\",\"url\":\"https:\\\/\\\/i0.wp.com\\\/talcomosoy.com.ar\\\/wp-content\\\/uploads\\\/2025\\\/08\\\/LAS-PELOTAS-1080x1350-editable.jpg?fit=1080%2C1350&ssl=1\",\"contentUrl\":\"https:\\\/\\\/i0.wp.com\\\/talcomosoy.com.ar\\\/wp-content\\\/uploads\\\/2025\\\/08\\\/LAS-PELOTAS-1080x1350-editable.jpg?fit=1080%2C1350&ssl=1\",\"width\":1080,\"height\":1350},{\"@type\":\"WebSite\",\"@id\":\"https:\\\/\\\/talcomosoy.com.ar\\\/#website\",\"url\":\"https:\\\/\\\/talcomosoy.com.ar\\\/\",\"name\":\"Tal Como Soy\",\"description\":\"Magazine Musical Digital\",\"publisher\":{\"@id\":\"https:\\\/\\\/talcomosoy.com.ar\\\/#organization\"},\"potentialAction\":[{\"@type\":\"SearchAction\",\"target\":{\"@type\":\"EntryPoint\",\"urlTemplate\":\"https:\\\/\\\/talcomosoy.com.ar\\\/?s={search_term_string}\"},\"query-input\":{\"@type\":\"PropertyValueSpecification\",\"valueRequired\":true,\"valueName\":\"search_term_string\"}}],\"inLanguage\":\"es\"},{\"@type\":\"Organization\",\"@id\":\"https:\\\/\\\/talcomosoy.com.ar\\\/#organization\",\"name\":\"Tal Como Soy\",\"url\":\"https:\\\/\\\/talcomosoy.com.ar\\\/\",\"logo\":{\"@type\":\"ImageObject\",\"inLanguage\":\"es\",\"@id\":\"https:\\\/\\\/talcomosoy.com.ar\\\/#\\\/schema\\\/logo\\\/image\\\/\",\"url\":\"https:\\\/\\\/i0.wp.com\\\/talcomosoy.com.ar\\\/wp-content\\\/uploads\\\/2020\\\/02\\\/PUA-2020-TRANSPARENTE.png?fit=570%2C382&ssl=1\",\"contentUrl\":\"https:\\\/\\\/i0.wp.com\\\/talcomosoy.com.ar\\\/wp-content\\\/uploads\\\/2020\\\/02\\\/PUA-2020-TRANSPARENTE.png?fit=570%2C382&ssl=1\",\"width\":570,\"height\":382,\"caption\":\"Tal Como Soy\"},\"image\":{\"@id\":\"https:\\\/\\\/talcomosoy.com.ar\\\/#\\\/schema\\\/logo\\\/image\\\/\"},\"sameAs\":[\"https:\\\/\\\/www.facebook.com\\\/talcomosoyok\",\"https:\\\/\\\/x.com\\\/talcomosoyok\",\"https:\\\/\\\/www.instagram.com\\\/talcomosoyok\",\"https:\\\/\\\/www.youtube.com\\\/channel\\\/UCrutZzYQmd9Fe8pEm5wqsiw\"]},{\"@type\":\"Person\",\"@id\":\"https:\\\/\\\/talcomosoy.com.ar\\\/#\\\/schema\\\/person\\\/496b3561bd436afcf2be92147ff855c9\",\"name\":\"Sinda Miranda\",\"image\":{\"@type\":\"ImageObject\",\"inLanguage\":\"es\",\"@id\":\"https:\\\/\\\/secure.gravatar.com\\\/avatar\\\/ab0e992fc0b7117fe730d00fb0e44073b1fd6e28d69de8e7ac3103f1396f445e?s=96&d=mm&r=g\",\"url\":\"https:\\\/\\\/secure.gravatar.com\\\/avatar\\\/ab0e992fc0b7117fe730d00fb0e44073b1fd6e28d69de8e7ac3103f1396f445e?s=96&d=mm&r=g\",\"contentUrl\":\"https:\\\/\\\/secure.gravatar.com\\\/avatar\\\/ab0e992fc0b7117fe730d00fb0e44073b1fd6e28d69de8e7ac3103f1396f445e?s=96&d=mm&r=g\",\"caption\":\"Sinda Miranda\"},\"description\":\"Escritora, Fot\u00f3grafa, Agente de Prensa\",\"sameAs\":[\"https:\\\/\\\/www.facebook.com\\\/sindamiranda\",\"https:\\\/\\\/www.instagram.com\\\/sindamiranda\",\"https:\\\/\\\/x.com\\\/sindamiranda\"],\"url\":\"https:\\\/\\\/talcomosoy.com.ar\\\/index.php\\\/author\\\/sindamirandatcs\\\/\"}]}<\/script>\n<!-- \/ Yoast SEO plugin. -->","yoast_head_json":{"title":"Las Pelotas llega a Mendoza con su gira \u201c6\u00d76\u201d para celebrar 36 a\u00f1os de historia - Tal Como Soy","robots":{"index":"index","follow":"follow","max-snippet":"max-snippet:-1","max-image-preview":"max-image-preview:large","max-video-preview":"max-video-preview:-1"},"canonical":"https:\/\/talcomosoy.com.ar\/index.php\/las-pelotas-llega-a-mendoza-con-su-gira-6x6-para-celebrar-36-anos-de-historia\/","og_locale":"es_ES","og_type":"article","og_title":"Las Pelotas llega a Mendoza con su gira \u201c6\u00d76\u201d para celebrar 36 a\u00f1os de historia - Tal Como Soy","og_description":"La banda liderada por Germ\u00e1n Daffunchio se presentar\u00e1 el s\u00e1bado 23 de agosto en el","og_url":"https:\/\/talcomosoy.com.ar\/index.php\/las-pelotas-llega-a-mendoza-con-su-gira-6x6-para-celebrar-36-anos-de-historia\/","og_site_name":"Tal Como Soy","article_publisher":"https:\/\/www.facebook.com\/talcomosoyok","article_author":"https:\/\/www.facebook.com\/sindamiranda","article_published_time":"2025-08-19T19:55:27+00:00","og_image":[{"width":1080,"height":1350,"url":"https:\/\/i0.wp.com\/talcomosoy.com.ar\/wp-content\/uploads\/2025\/08\/LAS-PELOTAS-1080x1350-editable.jpg?fit=1080%2C1350&ssl=1","type":"image\/jpeg"}],"author":"Sinda Miranda","twitter_card":"summary_large_image","twitter_creator":"@sindamiranda","twitter_site":"@talcomosoyok","twitter_misc":{"Escrito por":"Sinda Miranda","Tiempo de lectura":"2 minutos"},"schema":{"@context":"https:\/\/schema.org","@graph":[{"@type":"Article","@id":"https:\/\/talcomosoy.com.ar\/index.php\/las-pelotas-llega-a-mendoza-con-su-gira-6x6-para-celebrar-36-anos-de-historia\/#article","isPartOf":{"@id":"https:\/\/talcomosoy.com.ar\/index.php\/las-pelotas-llega-a-mendoza-con-su-gira-6x6-para-celebrar-36-anos-de-historia\/"},"author":{"name":"Sinda Miranda","@id":"https:\/\/talcomosoy.com.ar\/#\/schema\/person\/496b3561bd436afcf2be92147ff855c9"},"headline":"Las Pelotas llega a Mendoza con su gira \u201c6\u00d76\u201d para celebrar 36 a\u00f1os de historia","datePublished":"2025-08-19T19:55:27+00:00","mainEntityOfPage":{"@id":"https:\/\/talcomosoy.com.ar\/index.php\/las-pelotas-llega-a-mendoza-con-su-gira-6x6-para-celebrar-36-anos-de-historia\/"},"wordCount":239,"publisher":{"@id":"https:\/\/talcomosoy.com.ar\/#organization"},"image":{"@id":"https:\/\/talcomosoy.com.ar\/index.php\/las-pelotas-llega-a-mendoza-con-su-gira-6x6-para-celebrar-36-anos-de-historia\/#primaryimage"},"thumbnailUrl":"https:\/\/i0.wp.com\/talcomosoy.com.ar\/wp-content\/uploads\/2025\/08\/LAS-PELOTAS-1080x1350-editable.jpg?fit=1080%2C1350&ssl=1","articleSection":["M\u00fasica","Rock Argentino"],"inLanguage":"es"},{"@type":"WebPage","@id":"https:\/\/talcomosoy.com.ar\/index.php\/las-pelotas-llega-a-mendoza-con-su-gira-6x6-para-celebrar-36-anos-de-historia\/","url":"https:\/\/talcomosoy.com.ar\/index.php\/las-pelotas-llega-a-mendoza-con-su-gira-6x6-para-celebrar-36-anos-de-historia\/","name":"Las Pelotas llega a Mendoza con su gira \u201c6\u00d76\u201d para celebrar 36 a\u00f1os de historia - Tal Como Soy","isPartOf":{"@id":"https:\/\/talcomosoy.com.ar\/#website"},"primaryImageOfPage":{"@id":"https:\/\/talcomosoy.com.ar\/index.php\/las-pelotas-llega-a-mendoza-con-su-gira-6x6-para-celebrar-36-anos-de-historia\/#primaryimage"},"image":{"@id":"https:\/\/talcomosoy.com.ar\/index.php\/las-pelotas-llega-a-mendoza-con-su-gira-6x6-para-celebrar-36-anos-de-historia\/#primaryimage"},"thumbnailUrl":"https:\/\/i0.wp.com\/talcomosoy.com.ar\/wp-content\/uploads\/2025\/08\/LAS-PELOTAS-1080x1350-editable.jpg?fit=1080%2C1350&ssl=1","datePublished":"2025-08-19T19:55:27+00:00","inLanguage":"es","potentialAction":[{"@type":"ReadAction","target":["https:\/\/talcomosoy.com.ar\/index.php\/las-pelotas-llega-a-mendoza-con-su-gira-6x6-para-celebrar-36-anos-de-historia\/"]}]},{"@type":"ImageObject","inLanguage":"es","@id":"https:\/\/talcomosoy.com.ar\/index.php\/las-pelotas-llega-a-mendoza-con-su-gira-6x6-para-celebrar-36-anos-de-historia\/#primaryimage","url":"https:\/\/i0.wp.com\/talcomosoy.com.ar\/wp-content\/uploads\/2025\/08\/LAS-PELOTAS-1080x1350-editable.jpg?fit=1080%2C1350&ssl=1","contentUrl":"https:\/\/i0.wp.com\/talcomosoy.com.ar\/wp-content\/uploads\/2025\/08\/LAS-PELOTAS-1080x1350-editable.jpg?fit=1080%2C1350&ssl=1","width":1080,"height":1350},{"@type":"WebSite","@id":"https:\/\/talcomosoy.com.ar\/#website","url":"https:\/\/talcomosoy.com.ar\/","name":"Tal Como Soy","description":"Magazine Musical Digital","publisher":{"@id":"https:\/\/talcomosoy.com.ar\/#organization"},"potentialAction":[{"@type":"SearchAction","target":{"@type":"EntryPoint","urlTemplate":"https:\/\/talcomosoy.com.ar\/?s={search_term_string}"},"query-input":{"@type":"PropertyValueSpecification","valueRequired":true,"valueName":"search_term_string"}}],"inLanguage":"es"},{"@type":"Organization","@id":"https:\/\/talcomosoy.com.ar\/#organization","name":"Tal Como Soy","url":"https:\/\/talcomosoy.com.ar\/","logo":{"@type":"ImageObject","inLanguage":"es","@id":"https:\/\/talcomosoy.com.ar\/#\/schema\/logo\/image\/","url":"https:\/\/i0.wp.com\/talcomosoy.com.ar\/wp-content\/uploads\/2020\/02\/PUA-2020-TRANSPARENTE.png?fit=570%2C382&ssl=1","contentUrl":"https:\/\/i0.wp.com\/talcomosoy.com.ar\/wp-content\/uploads\/2020\/02\/PUA-2020-TRANSPARENTE.png?fit=570%2C382&ssl=1","width":570,"height":382,"caption":"Tal Como Soy"},"image":{"@id":"https:\/\/talcomosoy.com.ar\/#\/schema\/logo\/image\/"},"sameAs":["https:\/\/www.facebook.com\/talcomosoyok","https:\/\/x.com\/talcomosoyok","https:\/\/www.instagram.com\/talcomosoyok","https:\/\/www.youtube.com\/channel\/UCrutZzYQmd9Fe8pEm5wqsiw"]},{"@type":"Person","@id":"https:\/\/talcomosoy.com.ar\/#\/schema\/person\/496b3561bd436afcf2be92147ff855c9","name":"Sinda Miranda","image":{"@type":"ImageObject","inLanguage":"es","@id":"https:\/\/secure.gravatar.com\/avatar\/ab0e992fc0b7117fe730d00fb0e44073b1fd6e28d69de8e7ac3103f1396f445e?s=96&d=mm&r=g","url":"https:\/\/secure.gravatar.com\/avatar\/ab0e992fc0b7117fe730d00fb0e44073b1fd6e28d69de8e7ac3103f1396f445e?s=96&d=mm&r=g","contentUrl":"https:\/\/secure.gravatar.com\/avatar\/ab0e992fc0b7117fe730d00fb0e44073b1fd6e28d69de8e7ac3103f1396f445e?s=96&d=mm&r=g","caption":"Sinda Miranda"},"description":"Escritora, Fot\u00f3grafa, Agente de Prensa","sameAs":["https:\/\/www.facebook.com\/sindamiranda","https:\/\/www.instagram.com\/sindamiranda","https:\/\/x.com\/sindamiranda"],"url":"https:\/\/talcomosoy.com.ar\/index.php\/author\/sindamirandatcs\/"}]}},"jetpack_publicize_connections":[],"jetpack_featured_media_url":"https:\/\/i0.wp.com\/talcomosoy.com.ar\/wp-content\/uploads\/2025\/08\/LAS-PELOTAS-1080x1350-editable.jpg?fit=1080%2C1350&ssl=1","jetpack_sharing_enabled":true,"jetpack_likes_enabled":true,"_links":{"self":[{"href":"https:\/\/talcomosoy.com.ar\/index.php\/wp-json\/wp\/v2\/posts\/19266","targetHints":{"allow":["GET"]}}],"collection":[{"href":"https:\/\/talcomosoy.com.ar\/index.php\/wp-json\/wp\/v2\/posts"}],"about":[{"href":"https:\/\/talcomosoy.com.ar\/index.php\/wp-json\/wp\/v2\/types\/post"}],"author":[{"embeddable":true,"href":"https:\/\/talcomosoy.com.ar\/index.php\/wp-json\/wp\/v2\/users\/1"}],"replies":[{"embeddable":true,"href":"https:\/\/talcomosoy.com.ar\/index.php\/wp-json\/wp\/v2\/comments?post=19266"}],"version-history":[{"count":1,"href":"https:\/\/talcomosoy.com.ar\/index.php\/wp-json\/wp\/v2\/posts\/19266\/revisions"}],"predecessor-version":[{"id":19268,"href":"https:\/\/talcomosoy.com.ar\/index.php\/wp-json\/wp\/v2\/posts\/19266\/revisions\/19268"}],"wp:featuredmedia":[{"embeddable":true,"href":"https:\/\/talcomosoy.com.ar\/index.php\/wp-json\/wp\/v2\/media\/19267"}],"wp:attachment":[{"href":"https:\/\/talcomosoy.com.ar\/index.php\/wp-json\/wp\/v2\/media?parent=19266"}],"wp:term":[{"taxonomy":"category","embeddable":true,"href":"https:\/\/talcomosoy.com.ar\/index.php\/wp-json\/wp\/v2\/categories?post=19266"},{"taxonomy":"post_tag","embeddable":true,"href":"https:\/\/talcomosoy.com.ar\/index.php\/wp-json\/wp\/v2\/tags?post=19266"}],"curies":[{"name":"wp","href":"https:\/\/api.w.org\/{rel}","templated":true}]}}