{"id":19169,"date":"2025-06-23T14:07:27","date_gmt":"2025-06-23T17:07:27","guid":{"rendered":"https:\/\/talcomosoy.com.ar\/?p=19169"},"modified":"2025-06-23T14:07:27","modified_gmt":"2025-06-23T17:07:27","slug":"canto-a-la-vida-homenaje-a-los-80-anos-del-chiquito-silione","status":"publish","type":"post","link":"https:\/\/talcomosoy.com.ar\/index.php\/canto-a-la-vida-homenaje-a-los-80-anos-del-chiquito-silione\/","title":{"rendered":"Canto a la Vida: homenaje a los 80 a\u00f1os del Chiquito Silione"},"content":{"rendered":"<h3>La sala mayor de la provincia, abrir\u00e1 sus puertas para celebrar a una figura indispensable del arte y el folklore mendocino: Seraf\u00edn Humberto \u201cChiquito\u201d Silione, quien conmemora ocho d\u00e9cadas de vida, m\u00fasica y siembra cultural. Domingo 29 de junio \u2013 20 h \u2013 Teatro Independencia. Entradas disponibles en <a href=\"https:\/\/www.entradaweb.com.ar\/evento\/8cf5e0ec\/step\/1\">entradaweb<\/a>.<\/h3>\n<p>&nbsp;<\/p>\n<p>Para <strong>Chiquito<\/strong> recitar, es su segundo idioma; y la guitarra, su eterna compa\u00f1era.<\/p>\n<p>A los 17 a\u00f1os fund\u00f3 su primera banda, \u201c<em>Los Mendocinos<\/em>\u201d, con la que alcanz\u00f3 un notable reconocimiento en la escena local.<\/p>\n<p>Luego edit\u00f3 su \u00e1lbum \u201c<em>Juntos Seremo<\/em>s\u201d\u2014 coraz\u00f3n de este homenaje \u2014y dej\u00f3 huella en la radio con su memorable programa \u201c<em>Nuestra voz y nuestro canto<\/em>\u201d, adem\u00e1s de participar como columnista en diversas producciones.<\/p>\n<p>La m\u00fasica y la palabra fueron siempre su refugio. Y desde \u00e9l, tambi\u00e9n lo han sido para muchas otras personas.<\/p>\n<p>&nbsp;<\/p>\n<p><img data-recalc-dims=\"1\" loading=\"lazy\" decoding=\"async\" class=\"aligncenter size-large wp-image-19171\" src=\"https:\/\/i0.wp.com\/talcomosoy.com.ar\/wp-content\/uploads\/2025\/06\/Familia-Silione.jpg?resize=640%2C363&#038;ssl=1\" alt=\"\" width=\"640\" height=\"363\" srcset=\"https:\/\/i0.wp.com\/talcomosoy.com.ar\/wp-content\/uploads\/2025\/06\/Familia-Silione.jpg?resize=1024%2C581&amp;ssl=1 1024w, https:\/\/i0.wp.com\/talcomosoy.com.ar\/wp-content\/uploads\/2025\/06\/Familia-Silione.jpg?resize=300%2C170&amp;ssl=1 300w, https:\/\/i0.wp.com\/talcomosoy.com.ar\/wp-content\/uploads\/2025\/06\/Familia-Silione.jpg?resize=768%2C436&amp;ssl=1 768w, https:\/\/i0.wp.com\/talcomosoy.com.ar\/wp-content\/uploads\/2025\/06\/Familia-Silione.jpg?w=1128&amp;ssl=1 1128w\" sizes=\"auto, (max-width: 640px) 100vw, 640px\" \/><\/p>\n<p>&nbsp;<\/p>\n<h3>La familia, fruto de su amor y de su arte<\/h3>\n<p>&nbsp;<\/p>\n<p>Su historia est\u00e1 profundamente entrelazada con el amor: su compa\u00f1era de vida, <strong>Coka<\/strong>, es una mujer de mucha valent\u00eda y ternura inagotable.<\/p>\n<p>Juntos criaron cinco hijos, a quienes acunaron entre poemas, guitarras y canciones. Cada uno de ellos, hoy, lleva el arte como br\u00fajula:<\/p>\n<p style=\"padding-left: 40px;\"><strong>An\u00edbal<\/strong>, maestro de m\u00fasica y director coral.<br \/>\n<strong>Soledad<\/strong>, apasionada de las letras y amiga entra\u00f1able de la palabra.<br \/>\n<strong>V\u00edctor<\/strong>, violinista, productor y referente de la m\u00fasica mendocina en toda la provincia.<br \/>\n<strong>Gladys<\/strong>, cantante, actriz, productora y creadora incansable.<br \/>\n<strong>Facundo<\/strong>, productor musical, multiinstrumentista y compositor.<\/p>\n<p>Impulsados por el legado art\u00edstico que marc\u00f3 su crianza, sus hijos desarrollaron trayectorias propias vinculadas al arte y la cultura. Esta celebraci\u00f3n, por tanto, surge como una expresi\u00f3n natural y necesaria: una manera de rendir homenaje a su padre , a trav\u00e9s de la m\u00fasica, veh\u00edculo com\u00fan que los une y los representa.<\/p>\n<p>&nbsp;<\/p>\n<blockquote><p>\u201cLa semilla no cae lejos del \u00e1rbol. Somos astilla del mismo palo.\u201d<\/p><\/blockquote>\n<p>&nbsp;<\/p>\n<p style=\"text-align: center;\"><strong><em>Hoy, celebramos su vida. Sus 80 a\u00f1os de sembrar emociones a trav\u00e9s del arte y el ejemplo.<\/em><\/strong><\/p>\n<p>&nbsp;<\/p>\n<h3>El show: Un canto a su vida<\/h3>\n<p>&nbsp;<\/p>\n<p>En una noche que se preanuncia inolvidable, m\u00fasicos y m\u00fasicas se reunir\u00e1n sobre el escenario movidos por una emoci\u00f3n compartida: dar vida a las canciones que marcaron el camino del Chiquito . Cada acorde ser\u00e1 un puente hacia su historia, cada voz un eco de su legado, y cada interpretaci\u00f3n, una forma \u00edntima de decir \u201c<strong>gracias Chiquito<\/strong>\u201d.<\/p>\n<p>La banda estar\u00e1 integrada por:<\/p>\n<p><strong>V\u00edctor Silione<\/strong> (viol\u00edn y direcci\u00f3n musical)<br \/>\n<strong>Gladys Silione<\/strong> (voz y producci\u00f3n general)<br \/>\n<strong>Gabriela Fern\u00e1ndez<\/strong> (voz)<br \/>\n<strong>Facundo Silione<\/strong> (voz y piano)<br \/>\n<strong>Lisandro Bert\u00edn<\/strong> (voz y guitarra)<br \/>\n<strong>Pablo Quiroga<\/strong> (bater\u00eda)<br \/>\n<strong>Javier Guajardo<\/strong> (bajo)<br \/>\n<strong>Laureano Busse<\/strong> y <strong>Javier Romero<\/strong> (guitarras)<br \/>\n<strong>Mat\u00edas Calcumil<\/strong> y <strong>Mat\u00edas Gorordo<\/strong> (percusi\u00f3n)<\/p>\n<p>Con participaciones especiales de <strong>Sergio Coco Gras<\/strong> (Locuci\u00f3n), <strong>Soledad Silione<\/strong> (locuci\u00f3n), <strong>Ricardo Di Mar\u00eda<\/strong> (voz), <strong>Eduardo Salvatierra<\/strong> (voz) y<strong> Ra\u00fal Zamarian<\/strong> (voz); recorreremos juntos el legado de <strong>Chiquito Silione<\/strong>.<\/p>\n<p>Cantaremos como \u00e9l lo so\u00f1\u00f3: a la esperanza.<\/p>\n<p>Cantaremos junto a \u00e9l, a la vida. A su vida.<\/p>\n<p>\u00a1Lleg\u00f3 el tiempo de cosecha, Chiquito!<\/p>\n<p>&nbsp;<\/p>\n<p><img data-recalc-dims=\"1\" loading=\"lazy\" decoding=\"async\" class=\"aligncenter size-full wp-image-19172\" src=\"https:\/\/i0.wp.com\/talcomosoy.com.ar\/wp-content\/uploads\/2025\/06\/Flyer-Feed.jpg?resize=395%2C394&#038;ssl=1\" alt=\"\" width=\"395\" height=\"394\" srcset=\"https:\/\/i0.wp.com\/talcomosoy.com.ar\/wp-content\/uploads\/2025\/06\/Flyer-Feed.jpg?w=395&amp;ssl=1 395w, https:\/\/i0.wp.com\/talcomosoy.com.ar\/wp-content\/uploads\/2025\/06\/Flyer-Feed.jpg?resize=300%2C300&amp;ssl=1 300w, https:\/\/i0.wp.com\/talcomosoy.com.ar\/wp-content\/uploads\/2025\/06\/Flyer-Feed.jpg?resize=150%2C150&amp;ssl=1 150w, https:\/\/i0.wp.com\/talcomosoy.com.ar\/wp-content\/uploads\/2025\/06\/Flyer-Feed.jpg?resize=50%2C50&amp;ssl=1 50w\" sizes=\"auto, (max-width: 395px) 100vw, 395px\" \/><\/p>\n<p>&nbsp;<\/p>\n<h3>Agenda \u00abCanto a la Vida\u00bb<\/h3>\n<ul>\n<li>Fecha: Domingo 29 de junio<\/li>\n<li>Hora: 20<\/li>\n<li>Lugar: Teatro Independencia<\/li>\n<li>Entradas: $4.000 en entradaweb o en boleter\u00eda del teatro.<\/li>\n<li>Organizan y acompa\u00f1an: Cultura Mendoza \u2013 Teatro Independencia<\/li>\n<li>Dise\u00f1o: Eduardo Salvatierra<\/li>\n<\/ul>\n<p>&nbsp;<\/p>\n","protected":false},"excerpt":{"rendered":"<p>La sala mayor de la provincia, abrir\u00e1 sus puertas para celebrar a una figura indispensable<\/p>\n","protected":false},"author":1,"featured_media":19170,"comment_status":"closed","ping_status":"closed","sticky":false,"template":"","format":"standard","meta":{"_jetpack_memberships_contains_paid_content":false,"footnotes":"","jetpack_publicize_message":"","jetpack_publicize_feature_enabled":true,"jetpack_social_post_already_shared":true,"jetpack_social_options":{"image_generator_settings":{"template":"highway","default_image_id":0,"font":"","enabled":false},"version":2}},"categories":[142,2],"tags":[],"class_list":["post-19169","post","type-post","status-publish","format-standard","has-post-thumbnail","hentry","category-homenajes","category-musica"],"yoast_head":"<!-- This site is optimized with the Yoast SEO plugin v27.5 - https:\/\/yoast.com\/product\/yoast-seo-wordpress\/ -->\n<title>Canto a la Vida: homenaje a los 80 a\u00f1os del Chiquito Silione - Tal Como Soy<\/title>\n<meta name=\"robots\" content=\"index, follow, max-snippet:-1, max-image-preview:large, max-video-preview:-1\" \/>\n<link rel=\"canonical\" href=\"https:\/\/talcomosoy.com.ar\/index.php\/canto-a-la-vida-homenaje-a-los-80-anos-del-chiquito-silione\/\" \/>\n<meta property=\"og:locale\" content=\"es_ES\" \/>\n<meta property=\"og:type\" content=\"article\" \/>\n<meta property=\"og:title\" content=\"Canto a la Vida: homenaje a los 80 a\u00f1os del Chiquito Silione - Tal Como Soy\" \/>\n<meta property=\"og:description\" content=\"La sala mayor de la provincia, abrir\u00e1 sus puertas para celebrar a una figura indispensable\" \/>\n<meta property=\"og:url\" content=\"https:\/\/talcomosoy.com.ar\/index.php\/canto-a-la-vida-homenaje-a-los-80-anos-del-chiquito-silione\/\" \/>\n<meta property=\"og:site_name\" content=\"Tal Como Soy\" \/>\n<meta property=\"article:publisher\" content=\"https:\/\/www.facebook.com\/talcomosoyok\" \/>\n<meta property=\"article:author\" content=\"https:\/\/www.facebook.com\/sindamiranda\" \/>\n<meta property=\"article:published_time\" content=\"2025-06-23T17:07:27+00:00\" \/>\n<meta property=\"og:image\" content=\"https:\/\/i0.wp.com\/talcomosoy.com.ar\/wp-content\/uploads\/2025\/06\/Chiquito.jpeg?fit=1599%2C1600&ssl=1\" \/>\n\t<meta property=\"og:image:width\" content=\"1599\" \/>\n\t<meta property=\"og:image:height\" content=\"1600\" \/>\n\t<meta property=\"og:image:type\" content=\"image\/jpeg\" \/>\n<meta name=\"author\" content=\"Sinda Miranda\" \/>\n<meta name=\"twitter:card\" content=\"summary_large_image\" \/>\n<meta name=\"twitter:creator\" content=\"@sindamiranda\" \/>\n<meta name=\"twitter:site\" content=\"@talcomosoyok\" \/>\n<meta name=\"twitter:label1\" content=\"Escrito por\" \/>\n\t<meta name=\"twitter:data1\" content=\"Sinda Miranda\" \/>\n\t<meta name=\"twitter:label2\" content=\"Tiempo de lectura\" \/>\n\t<meta name=\"twitter:data2\" content=\"3 minutos\" \/>\n<script type=\"application\/ld+json\" class=\"yoast-schema-graph\">{\"@context\":\"https:\\\/\\\/schema.org\",\"@graph\":[{\"@type\":\"Article\",\"@id\":\"https:\\\/\\\/talcomosoy.com.ar\\\/index.php\\\/canto-a-la-vida-homenaje-a-los-80-anos-del-chiquito-silione\\\/#article\",\"isPartOf\":{\"@id\":\"https:\\\/\\\/talcomosoy.com.ar\\\/index.php\\\/canto-a-la-vida-homenaje-a-los-80-anos-del-chiquito-silione\\\/\"},\"author\":{\"name\":\"Sinda Miranda\",\"@id\":\"https:\\\/\\\/talcomosoy.com.ar\\\/#\\\/schema\\\/person\\\/496b3561bd436afcf2be92147ff855c9\"},\"headline\":\"Canto a la Vida: homenaje a los 80 a\u00f1os del Chiquito Silione\",\"datePublished\":\"2025-06-23T17:07:27+00:00\",\"mainEntityOfPage\":{\"@id\":\"https:\\\/\\\/talcomosoy.com.ar\\\/index.php\\\/canto-a-la-vida-homenaje-a-los-80-anos-del-chiquito-silione\\\/\"},\"wordCount\":575,\"publisher\":{\"@id\":\"https:\\\/\\\/talcomosoy.com.ar\\\/#organization\"},\"image\":{\"@id\":\"https:\\\/\\\/talcomosoy.com.ar\\\/index.php\\\/canto-a-la-vida-homenaje-a-los-80-anos-del-chiquito-silione\\\/#primaryimage\"},\"thumbnailUrl\":\"https:\\\/\\\/i0.wp.com\\\/talcomosoy.com.ar\\\/wp-content\\\/uploads\\\/2025\\\/06\\\/Chiquito.jpeg?fit=1599%2C1600&ssl=1\",\"articleSection\":[\"Homenajes\",\"M\u00fasica\"],\"inLanguage\":\"es\"},{\"@type\":\"WebPage\",\"@id\":\"https:\\\/\\\/talcomosoy.com.ar\\\/index.php\\\/canto-a-la-vida-homenaje-a-los-80-anos-del-chiquito-silione\\\/\",\"url\":\"https:\\\/\\\/talcomosoy.com.ar\\\/index.php\\\/canto-a-la-vida-homenaje-a-los-80-anos-del-chiquito-silione\\\/\",\"name\":\"Canto a la Vida: homenaje a los 80 a\u00f1os del Chiquito Silione - Tal Como Soy\",\"isPartOf\":{\"@id\":\"https:\\\/\\\/talcomosoy.com.ar\\\/#website\"},\"primaryImageOfPage\":{\"@id\":\"https:\\\/\\\/talcomosoy.com.ar\\\/index.php\\\/canto-a-la-vida-homenaje-a-los-80-anos-del-chiquito-silione\\\/#primaryimage\"},\"image\":{\"@id\":\"https:\\\/\\\/talcomosoy.com.ar\\\/index.php\\\/canto-a-la-vida-homenaje-a-los-80-anos-del-chiquito-silione\\\/#primaryimage\"},\"thumbnailUrl\":\"https:\\\/\\\/i0.wp.com\\\/talcomosoy.com.ar\\\/wp-content\\\/uploads\\\/2025\\\/06\\\/Chiquito.jpeg?fit=1599%2C1600&ssl=1\",\"datePublished\":\"2025-06-23T17:07:27+00:00\",\"inLanguage\":\"es\",\"potentialAction\":[{\"@type\":\"ReadAction\",\"target\":[\"https:\\\/\\\/talcomosoy.com.ar\\\/index.php\\\/canto-a-la-vida-homenaje-a-los-80-anos-del-chiquito-silione\\\/\"]}]},{\"@type\":\"ImageObject\",\"inLanguage\":\"es\",\"@id\":\"https:\\\/\\\/talcomosoy.com.ar\\\/index.php\\\/canto-a-la-vida-homenaje-a-los-80-anos-del-chiquito-silione\\\/#primaryimage\",\"url\":\"https:\\\/\\\/i0.wp.com\\\/talcomosoy.com.ar\\\/wp-content\\\/uploads\\\/2025\\\/06\\\/Chiquito.jpeg?fit=1599%2C1600&ssl=1\",\"contentUrl\":\"https:\\\/\\\/i0.wp.com\\\/talcomosoy.com.ar\\\/wp-content\\\/uploads\\\/2025\\\/06\\\/Chiquito.jpeg?fit=1599%2C1600&ssl=1\",\"width\":1599,\"height\":1600},{\"@type\":\"WebSite\",\"@id\":\"https:\\\/\\\/talcomosoy.com.ar\\\/#website\",\"url\":\"https:\\\/\\\/talcomosoy.com.ar\\\/\",\"name\":\"Tal Como Soy\",\"description\":\"Magazine Musical Digital\",\"publisher\":{\"@id\":\"https:\\\/\\\/talcomosoy.com.ar\\\/#organization\"},\"potentialAction\":[{\"@type\":\"SearchAction\",\"target\":{\"@type\":\"EntryPoint\",\"urlTemplate\":\"https:\\\/\\\/talcomosoy.com.ar\\\/?s={search_term_string}\"},\"query-input\":{\"@type\":\"PropertyValueSpecification\",\"valueRequired\":true,\"valueName\":\"search_term_string\"}}],\"inLanguage\":\"es\"},{\"@type\":\"Organization\",\"@id\":\"https:\\\/\\\/talcomosoy.com.ar\\\/#organization\",\"name\":\"Tal Como Soy\",\"url\":\"https:\\\/\\\/talcomosoy.com.ar\\\/\",\"logo\":{\"@type\":\"ImageObject\",\"inLanguage\":\"es\",\"@id\":\"https:\\\/\\\/talcomosoy.com.ar\\\/#\\\/schema\\\/logo\\\/image\\\/\",\"url\":\"https:\\\/\\\/i0.wp.com\\\/talcomosoy.com.ar\\\/wp-content\\\/uploads\\\/2020\\\/02\\\/PUA-2020-TRANSPARENTE.png?fit=570%2C382&ssl=1\",\"contentUrl\":\"https:\\\/\\\/i0.wp.com\\\/talcomosoy.com.ar\\\/wp-content\\\/uploads\\\/2020\\\/02\\\/PUA-2020-TRANSPARENTE.png?fit=570%2C382&ssl=1\",\"width\":570,\"height\":382,\"caption\":\"Tal Como Soy\"},\"image\":{\"@id\":\"https:\\\/\\\/talcomosoy.com.ar\\\/#\\\/schema\\\/logo\\\/image\\\/\"},\"sameAs\":[\"https:\\\/\\\/www.facebook.com\\\/talcomosoyok\",\"https:\\\/\\\/x.com\\\/talcomosoyok\",\"https:\\\/\\\/www.instagram.com\\\/talcomosoyok\",\"https:\\\/\\\/www.youtube.com\\\/channel\\\/UCrutZzYQmd9Fe8pEm5wqsiw\"]},{\"@type\":\"Person\",\"@id\":\"https:\\\/\\\/talcomosoy.com.ar\\\/#\\\/schema\\\/person\\\/496b3561bd436afcf2be92147ff855c9\",\"name\":\"Sinda Miranda\",\"image\":{\"@type\":\"ImageObject\",\"inLanguage\":\"es\",\"@id\":\"https:\\\/\\\/secure.gravatar.com\\\/avatar\\\/ab0e992fc0b7117fe730d00fb0e44073b1fd6e28d69de8e7ac3103f1396f445e?s=96&d=mm&r=g\",\"url\":\"https:\\\/\\\/secure.gravatar.com\\\/avatar\\\/ab0e992fc0b7117fe730d00fb0e44073b1fd6e28d69de8e7ac3103f1396f445e?s=96&d=mm&r=g\",\"contentUrl\":\"https:\\\/\\\/secure.gravatar.com\\\/avatar\\\/ab0e992fc0b7117fe730d00fb0e44073b1fd6e28d69de8e7ac3103f1396f445e?s=96&d=mm&r=g\",\"caption\":\"Sinda Miranda\"},\"description\":\"Escritora, Fot\u00f3grafa, Agente de Prensa\",\"sameAs\":[\"https:\\\/\\\/www.facebook.com\\\/sindamiranda\",\"https:\\\/\\\/www.instagram.com\\\/sindamiranda\",\"https:\\\/\\\/x.com\\\/sindamiranda\"],\"url\":\"https:\\\/\\\/talcomosoy.com.ar\\\/index.php\\\/author\\\/sindamirandatcs\\\/\"}]}<\/script>\n<!-- \/ Yoast SEO plugin. -->","yoast_head_json":{"title":"Canto a la Vida: homenaje a los 80 a\u00f1os del Chiquito Silione - Tal Como Soy","robots":{"index":"index","follow":"follow","max-snippet":"max-snippet:-1","max-image-preview":"max-image-preview:large","max-video-preview":"max-video-preview:-1"},"canonical":"https:\/\/talcomosoy.com.ar\/index.php\/canto-a-la-vida-homenaje-a-los-80-anos-del-chiquito-silione\/","og_locale":"es_ES","og_type":"article","og_title":"Canto a la Vida: homenaje a los 80 a\u00f1os del Chiquito Silione - Tal Como Soy","og_description":"La sala mayor de la provincia, abrir\u00e1 sus puertas para celebrar a una figura indispensable","og_url":"https:\/\/talcomosoy.com.ar\/index.php\/canto-a-la-vida-homenaje-a-los-80-anos-del-chiquito-silione\/","og_site_name":"Tal Como Soy","article_publisher":"https:\/\/www.facebook.com\/talcomosoyok","article_author":"https:\/\/www.facebook.com\/sindamiranda","article_published_time":"2025-06-23T17:07:27+00:00","og_image":[{"width":1599,"height":1600,"url":"https:\/\/i0.wp.com\/talcomosoy.com.ar\/wp-content\/uploads\/2025\/06\/Chiquito.jpeg?fit=1599%2C1600&ssl=1","type":"image\/jpeg"}],"author":"Sinda Miranda","twitter_card":"summary_large_image","twitter_creator":"@sindamiranda","twitter_site":"@talcomosoyok","twitter_misc":{"Escrito por":"Sinda Miranda","Tiempo de lectura":"3 minutos"},"schema":{"@context":"https:\/\/schema.org","@graph":[{"@type":"Article","@id":"https:\/\/talcomosoy.com.ar\/index.php\/canto-a-la-vida-homenaje-a-los-80-anos-del-chiquito-silione\/#article","isPartOf":{"@id":"https:\/\/talcomosoy.com.ar\/index.php\/canto-a-la-vida-homenaje-a-los-80-anos-del-chiquito-silione\/"},"author":{"name":"Sinda Miranda","@id":"https:\/\/talcomosoy.com.ar\/#\/schema\/person\/496b3561bd436afcf2be92147ff855c9"},"headline":"Canto a la Vida: homenaje a los 80 a\u00f1os del Chiquito Silione","datePublished":"2025-06-23T17:07:27+00:00","mainEntityOfPage":{"@id":"https:\/\/talcomosoy.com.ar\/index.php\/canto-a-la-vida-homenaje-a-los-80-anos-del-chiquito-silione\/"},"wordCount":575,"publisher":{"@id":"https:\/\/talcomosoy.com.ar\/#organization"},"image":{"@id":"https:\/\/talcomosoy.com.ar\/index.php\/canto-a-la-vida-homenaje-a-los-80-anos-del-chiquito-silione\/#primaryimage"},"thumbnailUrl":"https:\/\/i0.wp.com\/talcomosoy.com.ar\/wp-content\/uploads\/2025\/06\/Chiquito.jpeg?fit=1599%2C1600&ssl=1","articleSection":["Homenajes","M\u00fasica"],"inLanguage":"es"},{"@type":"WebPage","@id":"https:\/\/talcomosoy.com.ar\/index.php\/canto-a-la-vida-homenaje-a-los-80-anos-del-chiquito-silione\/","url":"https:\/\/talcomosoy.com.ar\/index.php\/canto-a-la-vida-homenaje-a-los-80-anos-del-chiquito-silione\/","name":"Canto a la Vida: homenaje a los 80 a\u00f1os del Chiquito Silione - Tal Como Soy","isPartOf":{"@id":"https:\/\/talcomosoy.com.ar\/#website"},"primaryImageOfPage":{"@id":"https:\/\/talcomosoy.com.ar\/index.php\/canto-a-la-vida-homenaje-a-los-80-anos-del-chiquito-silione\/#primaryimage"},"image":{"@id":"https:\/\/talcomosoy.com.ar\/index.php\/canto-a-la-vida-homenaje-a-los-80-anos-del-chiquito-silione\/#primaryimage"},"thumbnailUrl":"https:\/\/i0.wp.com\/talcomosoy.com.ar\/wp-content\/uploads\/2025\/06\/Chiquito.jpeg?fit=1599%2C1600&ssl=1","datePublished":"2025-06-23T17:07:27+00:00","inLanguage":"es","potentialAction":[{"@type":"ReadAction","target":["https:\/\/talcomosoy.com.ar\/index.php\/canto-a-la-vida-homenaje-a-los-80-anos-del-chiquito-silione\/"]}]},{"@type":"ImageObject","inLanguage":"es","@id":"https:\/\/talcomosoy.com.ar\/index.php\/canto-a-la-vida-homenaje-a-los-80-anos-del-chiquito-silione\/#primaryimage","url":"https:\/\/i0.wp.com\/talcomosoy.com.ar\/wp-content\/uploads\/2025\/06\/Chiquito.jpeg?fit=1599%2C1600&ssl=1","contentUrl":"https:\/\/i0.wp.com\/talcomosoy.com.ar\/wp-content\/uploads\/2025\/06\/Chiquito.jpeg?fit=1599%2C1600&ssl=1","width":1599,"height":1600},{"@type":"WebSite","@id":"https:\/\/talcomosoy.com.ar\/#website","url":"https:\/\/talcomosoy.com.ar\/","name":"Tal Como Soy","description":"Magazine Musical Digital","publisher":{"@id":"https:\/\/talcomosoy.com.ar\/#organization"},"potentialAction":[{"@type":"SearchAction","target":{"@type":"EntryPoint","urlTemplate":"https:\/\/talcomosoy.com.ar\/?s={search_term_string}"},"query-input":{"@type":"PropertyValueSpecification","valueRequired":true,"valueName":"search_term_string"}}],"inLanguage":"es"},{"@type":"Organization","@id":"https:\/\/talcomosoy.com.ar\/#organization","name":"Tal Como Soy","url":"https:\/\/talcomosoy.com.ar\/","logo":{"@type":"ImageObject","inLanguage":"es","@id":"https:\/\/talcomosoy.com.ar\/#\/schema\/logo\/image\/","url":"https:\/\/i0.wp.com\/talcomosoy.com.ar\/wp-content\/uploads\/2020\/02\/PUA-2020-TRANSPARENTE.png?fit=570%2C382&ssl=1","contentUrl":"https:\/\/i0.wp.com\/talcomosoy.com.ar\/wp-content\/uploads\/2020\/02\/PUA-2020-TRANSPARENTE.png?fit=570%2C382&ssl=1","width":570,"height":382,"caption":"Tal Como Soy"},"image":{"@id":"https:\/\/talcomosoy.com.ar\/#\/schema\/logo\/image\/"},"sameAs":["https:\/\/www.facebook.com\/talcomosoyok","https:\/\/x.com\/talcomosoyok","https:\/\/www.instagram.com\/talcomosoyok","https:\/\/www.youtube.com\/channel\/UCrutZzYQmd9Fe8pEm5wqsiw"]},{"@type":"Person","@id":"https:\/\/talcomosoy.com.ar\/#\/schema\/person\/496b3561bd436afcf2be92147ff855c9","name":"Sinda Miranda","image":{"@type":"ImageObject","inLanguage":"es","@id":"https:\/\/secure.gravatar.com\/avatar\/ab0e992fc0b7117fe730d00fb0e44073b1fd6e28d69de8e7ac3103f1396f445e?s=96&d=mm&r=g","url":"https:\/\/secure.gravatar.com\/avatar\/ab0e992fc0b7117fe730d00fb0e44073b1fd6e28d69de8e7ac3103f1396f445e?s=96&d=mm&r=g","contentUrl":"https:\/\/secure.gravatar.com\/avatar\/ab0e992fc0b7117fe730d00fb0e44073b1fd6e28d69de8e7ac3103f1396f445e?s=96&d=mm&r=g","caption":"Sinda Miranda"},"description":"Escritora, Fot\u00f3grafa, Agente de Prensa","sameAs":["https:\/\/www.facebook.com\/sindamiranda","https:\/\/www.instagram.com\/sindamiranda","https:\/\/x.com\/sindamiranda"],"url":"https:\/\/talcomosoy.com.ar\/index.php\/author\/sindamirandatcs\/"}]}},"jetpack_publicize_connections":[],"jetpack_featured_media_url":"https:\/\/i0.wp.com\/talcomosoy.com.ar\/wp-content\/uploads\/2025\/06\/Chiquito.jpeg?fit=1599%2C1600&ssl=1","jetpack_sharing_enabled":true,"jetpack_likes_enabled":true,"_links":{"self":[{"href":"https:\/\/talcomosoy.com.ar\/index.php\/wp-json\/wp\/v2\/posts\/19169","targetHints":{"allow":["GET"]}}],"collection":[{"href":"https:\/\/talcomosoy.com.ar\/index.php\/wp-json\/wp\/v2\/posts"}],"about":[{"href":"https:\/\/talcomosoy.com.ar\/index.php\/wp-json\/wp\/v2\/types\/post"}],"author":[{"embeddable":true,"href":"https:\/\/talcomosoy.com.ar\/index.php\/wp-json\/wp\/v2\/users\/1"}],"replies":[{"embeddable":true,"href":"https:\/\/talcomosoy.com.ar\/index.php\/wp-json\/wp\/v2\/comments?post=19169"}],"version-history":[{"count":1,"href":"https:\/\/talcomosoy.com.ar\/index.php\/wp-json\/wp\/v2\/posts\/19169\/revisions"}],"predecessor-version":[{"id":19173,"href":"https:\/\/talcomosoy.com.ar\/index.php\/wp-json\/wp\/v2\/posts\/19169\/revisions\/19173"}],"wp:featuredmedia":[{"embeddable":true,"href":"https:\/\/talcomosoy.com.ar\/index.php\/wp-json\/wp\/v2\/media\/19170"}],"wp:attachment":[{"href":"https:\/\/talcomosoy.com.ar\/index.php\/wp-json\/wp\/v2\/media?parent=19169"}],"wp:term":[{"taxonomy":"category","embeddable":true,"href":"https:\/\/talcomosoy.com.ar\/index.php\/wp-json\/wp\/v2\/categories?post=19169"},{"taxonomy":"post_tag","embeddable":true,"href":"https:\/\/talcomosoy.com.ar\/index.php\/wp-json\/wp\/v2\/tags?post=19169"}],"curies":[{"name":"wp","href":"https:\/\/api.w.org\/{rel}","templated":true}]}}