{"id":19156,"date":"2025-06-06T13:47:26","date_gmt":"2025-06-06T16:47:26","guid":{"rendered":"https:\/\/talcomosoy.com.ar\/?p=19156"},"modified":"2025-06-06T13:47:26","modified_gmt":"2025-06-06T16:47:26","slug":"el-teatro-independencia-tiene-una-sala-que-lleva-el-nombre-de-marina-correa","status":"publish","type":"post","link":"https:\/\/talcomosoy.com.ar\/index.php\/el-teatro-independencia-tiene-una-sala-que-lleva-el-nombre-de-marina-correa\/","title":{"rendered":"El Teatro Independencia tiene una sala que lleva el nombre de Marina Correa"},"content":{"rendered":"<h3>En el marco del D\u00eda del Periodista, la Subsecretar\u00eda de Cultura impuso el nombre de la querida comunicadora, especializada en Cultura y espect\u00e1culos, a una de las salas del Teatro.<\/h3>\n<p>&nbsp;<\/p>\n<p>Fallecida en febrero pasado, <strong>Marina Correa<\/strong> fue una reconocida periodista mendocina que a lo largo de su carrera realiz\u00f3 colaboraciones en diversos medios locales, nacionales e independientes y estuvo a cargo de la prensa del Teatro Independencia durante varios a\u00f1os.<\/p>\n<p><em><strong>Este homenaje es un reconocimiento a su compromiso con la cultura de nuestra provincia, a la calidad de su trabajo y la calidez humana que la caracteriz\u00f3. Reconocida por sus colegas y hacedores culturales se destac\u00f3 tambi\u00e9n como defensora de los animales y era conocida por su compromiso con la adopci\u00f3n responsable de animales, por manifestarse contra el maltrato de diversas especies y su participaci\u00f3n en diversas organizaciones.<\/strong><\/em><\/p>\n<p>Participaron del acto, familiares, el subsecretario de Cultura Diego Gareca, la directora del Teatro Independencia, funcionarios, compa\u00f1eras y compa\u00f1eros de trabajo de Marina.<\/p>\n<p>&nbsp;<\/p>\n<p><img data-recalc-dims=\"1\" loading=\"lazy\" decoding=\"async\" class=\"aligncenter size-large wp-image-19158\" src=\"https:\/\/i0.wp.com\/talcomosoy.com.ar\/wp-content\/uploads\/2025\/06\/DSC_8530.jpg?resize=640%2C428&#038;ssl=1\" alt=\"\" width=\"640\" height=\"428\" srcset=\"https:\/\/i0.wp.com\/talcomosoy.com.ar\/wp-content\/uploads\/2025\/06\/DSC_8530.jpg?resize=1024%2C685&amp;ssl=1 1024w, https:\/\/i0.wp.com\/talcomosoy.com.ar\/wp-content\/uploads\/2025\/06\/DSC_8530.jpg?resize=300%2C200&amp;ssl=1 300w, https:\/\/i0.wp.com\/talcomosoy.com.ar\/wp-content\/uploads\/2025\/06\/DSC_8530.jpg?resize=768%2C513&amp;ssl=1 768w, https:\/\/i0.wp.com\/talcomosoy.com.ar\/wp-content\/uploads\/2025\/06\/DSC_8530.jpg?resize=1536%2C1027&amp;ssl=1 1536w, https:\/\/i0.wp.com\/talcomosoy.com.ar\/wp-content\/uploads\/2025\/06\/DSC_8530.jpg?w=1729&amp;ssl=1 1729w, https:\/\/i0.wp.com\/talcomosoy.com.ar\/wp-content\/uploads\/2025\/06\/DSC_8530.jpg?w=1280&amp;ssl=1 1280w\" sizes=\"auto, (max-width: 640px) 100vw, 640px\" \/><\/p>\n<p>Durante la imposici\u00f3n de nombre, <strong>Diego Gareca<\/strong> reconoci\u00f3 <em>\u201dEn primer lugar agradecemos la presencia de la familia. La intenci\u00f3n es homenajear a aquellas personas que aportaron a la cultura de Mendoza, en el caso de Marina por la incansable difusi\u00f3n de los artistas con un compromiso manifiesto. Este teatro que est\u00e1 cumpliendo 100 a\u00f1os, tiene su carga simb\u00f3lica y es por eso que los camarines tienen los nombres de distintos referentes culturales y artistas que se han desarrollado en distintas disciplinas y han marcado a fuego muchas generaciones. Entonces, es un reconocimiento pero, tambi\u00e9n, es una construcci\u00f3n simb\u00f3lica y en este caso porque Marina ten\u00eda un fuerte compromiso para con la cultura y colocar su nombre es saber que cuando un mendocino o alguien visite Mendoza, venga al teatro, pueda preguntarse \u00ab\u00bfQui\u00e9n era Marina Correa?\u00bb y as\u00ed sea parte de la historia de este Teatro Independencia\u201d.<\/em><\/p>\n<p><em>\u201cMarina era muy respetuosa con todos y cada uno de los hacedores culturales y sus colegas. Fueron muchos a\u00f1os trabajando y pon\u00eda amor en cada una de sus acciones. Realmente nosotros aprendimos a amar la cultura a trav\u00e9s de ella. Siempre ten\u00eda palabras de aliento para sus colegas con cada uno de sus emprendimientos particulares y sus objetivos. Ella consideraba que era un gran artista, desde el m\u00e1s consagrado hasta qui\u00e9nes daban sus primeros pasos. En cada una de sus gacetillas volcaba su amor, investigaba a fondo y empatizaba con cada uno de ellos y esa pasi\u00f3n se ve reflejada en esta familia, que hoy se encuentra un poco devastada pero que sigue adelante. Simplemente queremos agradecer la iniciativa a la Subsecretar\u00eda y a sus compa\u00f1eros del teatro\u201d<\/em>, declar\u00f3 <strong>Anal\u00eda, hermana de Marina<\/strong>.<\/p>\n<p>Por su parte, <strong>Viviana Beinat,<\/strong> directora del Teatro Independencia, destac\u00f3 que <em>\u201cMarina era una persona muy querida y reconocida en el medio. Era una mujer muy emp\u00e1tica con los artistas y realmente disfrutaba de su trabajo, es por eso que quisimos recordarla con este reconocimiento por su compromiso con la cultura\u201d.<\/em><\/p>\n<blockquote><p><strong>De esta manera la Subsecretar\u00eda de Cultura -en el marco del D\u00eda del Periodista- rindi\u00f3 homenaje a una mujer que, a trav\u00e9s de su incansable trabajo, supo visibilizar y difundir la obra de nuestros artistas.<\/strong><\/p>\n<p>&nbsp;<\/p><\/blockquote>\n<p><img data-recalc-dims=\"1\" loading=\"lazy\" decoding=\"async\" class=\"aligncenter size-large wp-image-19159\" src=\"https:\/\/i0.wp.com\/talcomosoy.com.ar\/wp-content\/uploads\/2025\/06\/DSC_8518.jpg?resize=640%2C427&#038;ssl=1\" alt=\"\" width=\"640\" height=\"427\" srcset=\"https:\/\/i0.wp.com\/talcomosoy.com.ar\/wp-content\/uploads\/2025\/06\/DSC_8518.jpg?resize=1024%2C683&amp;ssl=1 1024w, https:\/\/i0.wp.com\/talcomosoy.com.ar\/wp-content\/uploads\/2025\/06\/DSC_8518.jpg?resize=300%2C200&amp;ssl=1 300w, https:\/\/i0.wp.com\/talcomosoy.com.ar\/wp-content\/uploads\/2025\/06\/DSC_8518.jpg?resize=768%2C513&amp;ssl=1 768w, https:\/\/i0.wp.com\/talcomosoy.com.ar\/wp-content\/uploads\/2025\/06\/DSC_8518.jpg?resize=1536%2C1025&amp;ssl=1 1536w, https:\/\/i0.wp.com\/talcomosoy.com.ar\/wp-content\/uploads\/2025\/06\/DSC_8518.jpg?w=1948&amp;ssl=1 1948w, https:\/\/i0.wp.com\/talcomosoy.com.ar\/wp-content\/uploads\/2025\/06\/DSC_8518.jpg?w=1280&amp;ssl=1 1280w\" sizes=\"auto, (max-width: 640px) 100vw, 640px\" \/><\/p>\n","protected":false},"excerpt":{"rendered":"<p>En el marco del D\u00eda del Periodista, la Subsecretar\u00eda de Cultura impuso el nombre de<\/p>\n","protected":false},"author":1,"featured_media":19157,"comment_status":"closed","ping_status":"closed","sticky":false,"template":"","format":"standard","meta":{"_jetpack_memberships_contains_paid_content":false,"footnotes":"","jetpack_publicize_message":"","jetpack_publicize_feature_enabled":true,"jetpack_social_post_already_shared":true,"jetpack_social_options":{"image_generator_settings":{"template":"highway","default_image_id":0,"font":"","enabled":false},"version":2}},"categories":[419,142],"tags":[],"class_list":["post-19156","post","type-post","status-publish","format-standard","has-post-thumbnail","hentry","category-dia-del-la-periodista","category-homenajes"],"yoast_head":"<!-- This site is optimized with the Yoast SEO plugin v27.5 - https:\/\/yoast.com\/product\/yoast-seo-wordpress\/ -->\n<title>El Teatro Independencia tiene una sala que lleva el nombre de Marina Correa - Tal Como Soy<\/title>\n<meta name=\"robots\" content=\"index, follow, max-snippet:-1, max-image-preview:large, max-video-preview:-1\" \/>\n<link rel=\"canonical\" href=\"https:\/\/talcomosoy.com.ar\/index.php\/el-teatro-independencia-tiene-una-sala-que-lleva-el-nombre-de-marina-correa\/\" \/>\n<meta property=\"og:locale\" content=\"es_ES\" \/>\n<meta property=\"og:type\" content=\"article\" \/>\n<meta property=\"og:title\" content=\"El Teatro Independencia tiene una sala que lleva el nombre de Marina Correa - Tal Como Soy\" \/>\n<meta property=\"og:description\" content=\"En el marco del D\u00eda del Periodista, la Subsecretar\u00eda de Cultura impuso el nombre de\" \/>\n<meta property=\"og:url\" content=\"https:\/\/talcomosoy.com.ar\/index.php\/el-teatro-independencia-tiene-una-sala-que-lleva-el-nombre-de-marina-correa\/\" \/>\n<meta property=\"og:site_name\" content=\"Tal Como Soy\" \/>\n<meta property=\"article:publisher\" content=\"https:\/\/www.facebook.com\/talcomosoyok\" \/>\n<meta property=\"article:author\" content=\"https:\/\/www.facebook.com\/sindamiranda\" \/>\n<meta property=\"article:published_time\" content=\"2025-06-06T16:47:26+00:00\" \/>\n<meta property=\"og:image\" content=\"https:\/\/i0.wp.com\/talcomosoy.com.ar\/wp-content\/uploads\/2025\/06\/DSC_8534.jpg?fit=2062%2C1375&ssl=1\" \/>\n\t<meta property=\"og:image:width\" content=\"2062\" \/>\n\t<meta property=\"og:image:height\" content=\"1375\" \/>\n\t<meta property=\"og:image:type\" content=\"image\/jpeg\" \/>\n<meta name=\"author\" content=\"Sinda Miranda\" \/>\n<meta name=\"twitter:card\" content=\"summary_large_image\" \/>\n<meta name=\"twitter:creator\" content=\"@sindamiranda\" \/>\n<meta name=\"twitter:site\" content=\"@talcomosoyok\" \/>\n<meta name=\"twitter:label1\" content=\"Escrito por\" \/>\n\t<meta name=\"twitter:data1\" content=\"Sinda Miranda\" \/>\n\t<meta name=\"twitter:label2\" content=\"Tiempo de lectura\" \/>\n\t<meta name=\"twitter:data2\" content=\"3 minutos\" \/>\n<script type=\"application\/ld+json\" class=\"yoast-schema-graph\">{\"@context\":\"https:\\\/\\\/schema.org\",\"@graph\":[{\"@type\":\"Article\",\"@id\":\"https:\\\/\\\/talcomosoy.com.ar\\\/index.php\\\/el-teatro-independencia-tiene-una-sala-que-lleva-el-nombre-de-marina-correa\\\/#article\",\"isPartOf\":{\"@id\":\"https:\\\/\\\/talcomosoy.com.ar\\\/index.php\\\/el-teatro-independencia-tiene-una-sala-que-lleva-el-nombre-de-marina-correa\\\/\"},\"author\":{\"name\":\"Sinda Miranda\",\"@id\":\"https:\\\/\\\/talcomosoy.com.ar\\\/#\\\/schema\\\/person\\\/496b3561bd436afcf2be92147ff855c9\"},\"headline\":\"El Teatro Independencia tiene una sala que lleva el nombre de Marina Correa\",\"datePublished\":\"2025-06-06T16:47:26+00:00\",\"mainEntityOfPage\":{\"@id\":\"https:\\\/\\\/talcomosoy.com.ar\\\/index.php\\\/el-teatro-independencia-tiene-una-sala-que-lleva-el-nombre-de-marina-correa\\\/\"},\"wordCount\":574,\"publisher\":{\"@id\":\"https:\\\/\\\/talcomosoy.com.ar\\\/#organization\"},\"image\":{\"@id\":\"https:\\\/\\\/talcomosoy.com.ar\\\/index.php\\\/el-teatro-independencia-tiene-una-sala-que-lleva-el-nombre-de-marina-correa\\\/#primaryimage\"},\"thumbnailUrl\":\"https:\\\/\\\/i0.wp.com\\\/talcomosoy.com.ar\\\/wp-content\\\/uploads\\\/2025\\\/06\\\/DSC_8534.jpg?fit=2062%2C1375&ssl=1\",\"articleSection\":[\"D\u00eda del\\\/la Periodista\",\"Homenajes\"],\"inLanguage\":\"es\"},{\"@type\":\"WebPage\",\"@id\":\"https:\\\/\\\/talcomosoy.com.ar\\\/index.php\\\/el-teatro-independencia-tiene-una-sala-que-lleva-el-nombre-de-marina-correa\\\/\",\"url\":\"https:\\\/\\\/talcomosoy.com.ar\\\/index.php\\\/el-teatro-independencia-tiene-una-sala-que-lleva-el-nombre-de-marina-correa\\\/\",\"name\":\"El Teatro Independencia tiene una sala que lleva el nombre de Marina Correa - Tal Como Soy\",\"isPartOf\":{\"@id\":\"https:\\\/\\\/talcomosoy.com.ar\\\/#website\"},\"primaryImageOfPage\":{\"@id\":\"https:\\\/\\\/talcomosoy.com.ar\\\/index.php\\\/el-teatro-independencia-tiene-una-sala-que-lleva-el-nombre-de-marina-correa\\\/#primaryimage\"},\"image\":{\"@id\":\"https:\\\/\\\/talcomosoy.com.ar\\\/index.php\\\/el-teatro-independencia-tiene-una-sala-que-lleva-el-nombre-de-marina-correa\\\/#primaryimage\"},\"thumbnailUrl\":\"https:\\\/\\\/i0.wp.com\\\/talcomosoy.com.ar\\\/wp-content\\\/uploads\\\/2025\\\/06\\\/DSC_8534.jpg?fit=2062%2C1375&ssl=1\",\"datePublished\":\"2025-06-06T16:47:26+00:00\",\"inLanguage\":\"es\",\"potentialAction\":[{\"@type\":\"ReadAction\",\"target\":[\"https:\\\/\\\/talcomosoy.com.ar\\\/index.php\\\/el-teatro-independencia-tiene-una-sala-que-lleva-el-nombre-de-marina-correa\\\/\"]}]},{\"@type\":\"ImageObject\",\"inLanguage\":\"es\",\"@id\":\"https:\\\/\\\/talcomosoy.com.ar\\\/index.php\\\/el-teatro-independencia-tiene-una-sala-que-lleva-el-nombre-de-marina-correa\\\/#primaryimage\",\"url\":\"https:\\\/\\\/i0.wp.com\\\/talcomosoy.com.ar\\\/wp-content\\\/uploads\\\/2025\\\/06\\\/DSC_8534.jpg?fit=2062%2C1375&ssl=1\",\"contentUrl\":\"https:\\\/\\\/i0.wp.com\\\/talcomosoy.com.ar\\\/wp-content\\\/uploads\\\/2025\\\/06\\\/DSC_8534.jpg?fit=2062%2C1375&ssl=1\",\"width\":2062,\"height\":1375},{\"@type\":\"WebSite\",\"@id\":\"https:\\\/\\\/talcomosoy.com.ar\\\/#website\",\"url\":\"https:\\\/\\\/talcomosoy.com.ar\\\/\",\"name\":\"Tal Como Soy\",\"description\":\"Magazine Musical Digital\",\"publisher\":{\"@id\":\"https:\\\/\\\/talcomosoy.com.ar\\\/#organization\"},\"potentialAction\":[{\"@type\":\"SearchAction\",\"target\":{\"@type\":\"EntryPoint\",\"urlTemplate\":\"https:\\\/\\\/talcomosoy.com.ar\\\/?s={search_term_string}\"},\"query-input\":{\"@type\":\"PropertyValueSpecification\",\"valueRequired\":true,\"valueName\":\"search_term_string\"}}],\"inLanguage\":\"es\"},{\"@type\":\"Organization\",\"@id\":\"https:\\\/\\\/talcomosoy.com.ar\\\/#organization\",\"name\":\"Tal Como Soy\",\"url\":\"https:\\\/\\\/talcomosoy.com.ar\\\/\",\"logo\":{\"@type\":\"ImageObject\",\"inLanguage\":\"es\",\"@id\":\"https:\\\/\\\/talcomosoy.com.ar\\\/#\\\/schema\\\/logo\\\/image\\\/\",\"url\":\"https:\\\/\\\/i0.wp.com\\\/talcomosoy.com.ar\\\/wp-content\\\/uploads\\\/2020\\\/02\\\/PUA-2020-TRANSPARENTE.png?fit=570%2C382&ssl=1\",\"contentUrl\":\"https:\\\/\\\/i0.wp.com\\\/talcomosoy.com.ar\\\/wp-content\\\/uploads\\\/2020\\\/02\\\/PUA-2020-TRANSPARENTE.png?fit=570%2C382&ssl=1\",\"width\":570,\"height\":382,\"caption\":\"Tal Como Soy\"},\"image\":{\"@id\":\"https:\\\/\\\/talcomosoy.com.ar\\\/#\\\/schema\\\/logo\\\/image\\\/\"},\"sameAs\":[\"https:\\\/\\\/www.facebook.com\\\/talcomosoyok\",\"https:\\\/\\\/x.com\\\/talcomosoyok\",\"https:\\\/\\\/www.instagram.com\\\/talcomosoyok\",\"https:\\\/\\\/www.youtube.com\\\/channel\\\/UCrutZzYQmd9Fe8pEm5wqsiw\"]},{\"@type\":\"Person\",\"@id\":\"https:\\\/\\\/talcomosoy.com.ar\\\/#\\\/schema\\\/person\\\/496b3561bd436afcf2be92147ff855c9\",\"name\":\"Sinda Miranda\",\"image\":{\"@type\":\"ImageObject\",\"inLanguage\":\"es\",\"@id\":\"https:\\\/\\\/secure.gravatar.com\\\/avatar\\\/ab0e992fc0b7117fe730d00fb0e44073b1fd6e28d69de8e7ac3103f1396f445e?s=96&d=mm&r=g\",\"url\":\"https:\\\/\\\/secure.gravatar.com\\\/avatar\\\/ab0e992fc0b7117fe730d00fb0e44073b1fd6e28d69de8e7ac3103f1396f445e?s=96&d=mm&r=g\",\"contentUrl\":\"https:\\\/\\\/secure.gravatar.com\\\/avatar\\\/ab0e992fc0b7117fe730d00fb0e44073b1fd6e28d69de8e7ac3103f1396f445e?s=96&d=mm&r=g\",\"caption\":\"Sinda Miranda\"},\"description\":\"Escritora, Fot\u00f3grafa, Agente de Prensa\",\"sameAs\":[\"https:\\\/\\\/www.facebook.com\\\/sindamiranda\",\"https:\\\/\\\/www.instagram.com\\\/sindamiranda\",\"https:\\\/\\\/x.com\\\/sindamiranda\"],\"url\":\"https:\\\/\\\/talcomosoy.com.ar\\\/index.php\\\/author\\\/sindamirandatcs\\\/\"}]}<\/script>\n<!-- \/ Yoast SEO plugin. -->","yoast_head_json":{"title":"El Teatro Independencia tiene una sala que lleva el nombre de Marina Correa - Tal Como Soy","robots":{"index":"index","follow":"follow","max-snippet":"max-snippet:-1","max-image-preview":"max-image-preview:large","max-video-preview":"max-video-preview:-1"},"canonical":"https:\/\/talcomosoy.com.ar\/index.php\/el-teatro-independencia-tiene-una-sala-que-lleva-el-nombre-de-marina-correa\/","og_locale":"es_ES","og_type":"article","og_title":"El Teatro Independencia tiene una sala que lleva el nombre de Marina Correa - Tal Como Soy","og_description":"En el marco del D\u00eda del Periodista, la Subsecretar\u00eda de Cultura impuso el nombre de","og_url":"https:\/\/talcomosoy.com.ar\/index.php\/el-teatro-independencia-tiene-una-sala-que-lleva-el-nombre-de-marina-correa\/","og_site_name":"Tal Como Soy","article_publisher":"https:\/\/www.facebook.com\/talcomosoyok","article_author":"https:\/\/www.facebook.com\/sindamiranda","article_published_time":"2025-06-06T16:47:26+00:00","og_image":[{"width":2062,"height":1375,"url":"https:\/\/i0.wp.com\/talcomosoy.com.ar\/wp-content\/uploads\/2025\/06\/DSC_8534.jpg?fit=2062%2C1375&ssl=1","type":"image\/jpeg"}],"author":"Sinda Miranda","twitter_card":"summary_large_image","twitter_creator":"@sindamiranda","twitter_site":"@talcomosoyok","twitter_misc":{"Escrito por":"Sinda Miranda","Tiempo de lectura":"3 minutos"},"schema":{"@context":"https:\/\/schema.org","@graph":[{"@type":"Article","@id":"https:\/\/talcomosoy.com.ar\/index.php\/el-teatro-independencia-tiene-una-sala-que-lleva-el-nombre-de-marina-correa\/#article","isPartOf":{"@id":"https:\/\/talcomosoy.com.ar\/index.php\/el-teatro-independencia-tiene-una-sala-que-lleva-el-nombre-de-marina-correa\/"},"author":{"name":"Sinda Miranda","@id":"https:\/\/talcomosoy.com.ar\/#\/schema\/person\/496b3561bd436afcf2be92147ff855c9"},"headline":"El Teatro Independencia tiene una sala que lleva el nombre de Marina Correa","datePublished":"2025-06-06T16:47:26+00:00","mainEntityOfPage":{"@id":"https:\/\/talcomosoy.com.ar\/index.php\/el-teatro-independencia-tiene-una-sala-que-lleva-el-nombre-de-marina-correa\/"},"wordCount":574,"publisher":{"@id":"https:\/\/talcomosoy.com.ar\/#organization"},"image":{"@id":"https:\/\/talcomosoy.com.ar\/index.php\/el-teatro-independencia-tiene-una-sala-que-lleva-el-nombre-de-marina-correa\/#primaryimage"},"thumbnailUrl":"https:\/\/i0.wp.com\/talcomosoy.com.ar\/wp-content\/uploads\/2025\/06\/DSC_8534.jpg?fit=2062%2C1375&ssl=1","articleSection":["D\u00eda del\/la Periodista","Homenajes"],"inLanguage":"es"},{"@type":"WebPage","@id":"https:\/\/talcomosoy.com.ar\/index.php\/el-teatro-independencia-tiene-una-sala-que-lleva-el-nombre-de-marina-correa\/","url":"https:\/\/talcomosoy.com.ar\/index.php\/el-teatro-independencia-tiene-una-sala-que-lleva-el-nombre-de-marina-correa\/","name":"El Teatro Independencia tiene una sala que lleva el nombre de Marina Correa - Tal Como Soy","isPartOf":{"@id":"https:\/\/talcomosoy.com.ar\/#website"},"primaryImageOfPage":{"@id":"https:\/\/talcomosoy.com.ar\/index.php\/el-teatro-independencia-tiene-una-sala-que-lleva-el-nombre-de-marina-correa\/#primaryimage"},"image":{"@id":"https:\/\/talcomosoy.com.ar\/index.php\/el-teatro-independencia-tiene-una-sala-que-lleva-el-nombre-de-marina-correa\/#primaryimage"},"thumbnailUrl":"https:\/\/i0.wp.com\/talcomosoy.com.ar\/wp-content\/uploads\/2025\/06\/DSC_8534.jpg?fit=2062%2C1375&ssl=1","datePublished":"2025-06-06T16:47:26+00:00","inLanguage":"es","potentialAction":[{"@type":"ReadAction","target":["https:\/\/talcomosoy.com.ar\/index.php\/el-teatro-independencia-tiene-una-sala-que-lleva-el-nombre-de-marina-correa\/"]}]},{"@type":"ImageObject","inLanguage":"es","@id":"https:\/\/talcomosoy.com.ar\/index.php\/el-teatro-independencia-tiene-una-sala-que-lleva-el-nombre-de-marina-correa\/#primaryimage","url":"https:\/\/i0.wp.com\/talcomosoy.com.ar\/wp-content\/uploads\/2025\/06\/DSC_8534.jpg?fit=2062%2C1375&ssl=1","contentUrl":"https:\/\/i0.wp.com\/talcomosoy.com.ar\/wp-content\/uploads\/2025\/06\/DSC_8534.jpg?fit=2062%2C1375&ssl=1","width":2062,"height":1375},{"@type":"WebSite","@id":"https:\/\/talcomosoy.com.ar\/#website","url":"https:\/\/talcomosoy.com.ar\/","name":"Tal Como Soy","description":"Magazine Musical Digital","publisher":{"@id":"https:\/\/talcomosoy.com.ar\/#organization"},"potentialAction":[{"@type":"SearchAction","target":{"@type":"EntryPoint","urlTemplate":"https:\/\/talcomosoy.com.ar\/?s={search_term_string}"},"query-input":{"@type":"PropertyValueSpecification","valueRequired":true,"valueName":"search_term_string"}}],"inLanguage":"es"},{"@type":"Organization","@id":"https:\/\/talcomosoy.com.ar\/#organization","name":"Tal Como Soy","url":"https:\/\/talcomosoy.com.ar\/","logo":{"@type":"ImageObject","inLanguage":"es","@id":"https:\/\/talcomosoy.com.ar\/#\/schema\/logo\/image\/","url":"https:\/\/i0.wp.com\/talcomosoy.com.ar\/wp-content\/uploads\/2020\/02\/PUA-2020-TRANSPARENTE.png?fit=570%2C382&ssl=1","contentUrl":"https:\/\/i0.wp.com\/talcomosoy.com.ar\/wp-content\/uploads\/2020\/02\/PUA-2020-TRANSPARENTE.png?fit=570%2C382&ssl=1","width":570,"height":382,"caption":"Tal Como Soy"},"image":{"@id":"https:\/\/talcomosoy.com.ar\/#\/schema\/logo\/image\/"},"sameAs":["https:\/\/www.facebook.com\/talcomosoyok","https:\/\/x.com\/talcomosoyok","https:\/\/www.instagram.com\/talcomosoyok","https:\/\/www.youtube.com\/channel\/UCrutZzYQmd9Fe8pEm5wqsiw"]},{"@type":"Person","@id":"https:\/\/talcomosoy.com.ar\/#\/schema\/person\/496b3561bd436afcf2be92147ff855c9","name":"Sinda Miranda","image":{"@type":"ImageObject","inLanguage":"es","@id":"https:\/\/secure.gravatar.com\/avatar\/ab0e992fc0b7117fe730d00fb0e44073b1fd6e28d69de8e7ac3103f1396f445e?s=96&d=mm&r=g","url":"https:\/\/secure.gravatar.com\/avatar\/ab0e992fc0b7117fe730d00fb0e44073b1fd6e28d69de8e7ac3103f1396f445e?s=96&d=mm&r=g","contentUrl":"https:\/\/secure.gravatar.com\/avatar\/ab0e992fc0b7117fe730d00fb0e44073b1fd6e28d69de8e7ac3103f1396f445e?s=96&d=mm&r=g","caption":"Sinda Miranda"},"description":"Escritora, Fot\u00f3grafa, Agente de Prensa","sameAs":["https:\/\/www.facebook.com\/sindamiranda","https:\/\/www.instagram.com\/sindamiranda","https:\/\/x.com\/sindamiranda"],"url":"https:\/\/talcomosoy.com.ar\/index.php\/author\/sindamirandatcs\/"}]}},"jetpack_publicize_connections":[],"jetpack_featured_media_url":"https:\/\/i0.wp.com\/talcomosoy.com.ar\/wp-content\/uploads\/2025\/06\/DSC_8534.jpg?fit=2062%2C1375&ssl=1","jetpack_sharing_enabled":true,"jetpack_likes_enabled":true,"_links":{"self":[{"href":"https:\/\/talcomosoy.com.ar\/index.php\/wp-json\/wp\/v2\/posts\/19156","targetHints":{"allow":["GET"]}}],"collection":[{"href":"https:\/\/talcomosoy.com.ar\/index.php\/wp-json\/wp\/v2\/posts"}],"about":[{"href":"https:\/\/talcomosoy.com.ar\/index.php\/wp-json\/wp\/v2\/types\/post"}],"author":[{"embeddable":true,"href":"https:\/\/talcomosoy.com.ar\/index.php\/wp-json\/wp\/v2\/users\/1"}],"replies":[{"embeddable":true,"href":"https:\/\/talcomosoy.com.ar\/index.php\/wp-json\/wp\/v2\/comments?post=19156"}],"version-history":[{"count":1,"href":"https:\/\/talcomosoy.com.ar\/index.php\/wp-json\/wp\/v2\/posts\/19156\/revisions"}],"predecessor-version":[{"id":19160,"href":"https:\/\/talcomosoy.com.ar\/index.php\/wp-json\/wp\/v2\/posts\/19156\/revisions\/19160"}],"wp:featuredmedia":[{"embeddable":true,"href":"https:\/\/talcomosoy.com.ar\/index.php\/wp-json\/wp\/v2\/media\/19157"}],"wp:attachment":[{"href":"https:\/\/talcomosoy.com.ar\/index.php\/wp-json\/wp\/v2\/media?parent=19156"}],"wp:term":[{"taxonomy":"category","embeddable":true,"href":"https:\/\/talcomosoy.com.ar\/index.php\/wp-json\/wp\/v2\/categories?post=19156"},{"taxonomy":"post_tag","embeddable":true,"href":"https:\/\/talcomosoy.com.ar\/index.php\/wp-json\/wp\/v2\/tags?post=19156"}],"curies":[{"name":"wp","href":"https:\/\/api.w.org\/{rel}","templated":true}]}}