{"id":18939,"date":"2025-03-21T11:01:20","date_gmt":"2025-03-21T14:01:20","guid":{"rendered":"https:\/\/talcomosoy.com.ar\/?p=18939"},"modified":"2025-03-21T11:01:45","modified_gmt":"2025-03-21T14:01:45","slug":"el-teatro-independencia-recibe-a-yataiken","status":"publish","type":"post","link":"https:\/\/talcomosoy.com.ar\/index.php\/el-teatro-independencia-recibe-a-yataiken\/","title":{"rendered":"El Teatro Independencia recibe a Yataiken"},"content":{"rendered":"<h3>El flamante d\u00fao musical compuesto por Diego Ferreyra y Pablo Salcedo (MARKAMA) hace su presentaci\u00f3n en la sala mayor de Mendoza el s\u00e1bado 5 de abril.<\/h3>\n<p>&nbsp;<\/p>\n<p>Dos de los reconocidos int\u00e9rpretes de Markama apuestan a un nuevo proyecto centrado en versiones de guitarra y aer\u00f3fonos, explorando las ra\u00edces sonoras de Am\u00e9rica Latina a trav\u00e9s de composiciones propias y arreglos de obras del repertorio tradicional. Este innovador d\u00fao se presentar\u00e1 en el Teatro Independencia, llevando al p\u00fablico a un viaje musical que combina virtuosismo instrumental y una profunda conexi\u00f3n con la identidad latinoamericana.<\/p>\n<p>El proyecto se titula YATAIKEN, palabra que significa \u201cgracias\u201d en el idioma Selk\u2019nam y que da nombre a la primera obra compuesta por el d\u00fao, ya disponible en plataformas digitales. Esta elecci\u00f3n responde al sentimiento de gratitud hacia la vida y a la energ\u00eda luminosa que los artistas comparten en cada encuentro con el p\u00fablico. Al mismo tiempo, es un homenaje al pueblo originario de Tierra del Fuego, que sigue luchando por la recuperaci\u00f3n de su cultura y cuya memoria debe ser preservada, al igual que la de otros pueblos originarios de Latinoam\u00e9rica, v\u00edctimas de genocidios que no deben ser olvidados.<\/p>\n<p>La propuesta art\u00edstica de YATAIKEN logra una sonoridad \u00fanica y cada presentaci\u00f3n es un encuentro entre tradici\u00f3n y renovaci\u00f3n, donde el legado de la m\u00fasica latinoamericana se proyecta hacia nuevos horizontes.<\/p>\n<h3>SOBRE LOS M\u00daSICOS<\/h3>\n<p><strong>Diego Ferreira<\/strong> es integrante fundador de la Orquesta de Guitarras \u201cTito Francia\u201d. Ha integrado Grupos numerosos grupos de guitarras junto a maestros como Julio Cobelli, Mario N\u00fa\u00f1ez, Sebasti\u00e1n Narv\u00e1ez y Freddy Vidal entre otros. Integrante del tr\u00edo \u201cUruguayeses\u201d. Ha realizado giras por latinoamericanos y \u00c1frica. Acompa\u00f1\u00f3 a diferentes cantores dentro de los g\u00e9neros Tango y Folclore como Ariel Cabrera Rijo (su primer maestro), Omar Ver\u00f3n, Pocho Sosa, Susana Jer\u00e9z, Var\u00f3n \u00c1lvarez y Patricia Cangemi. Actualmente integra MARKAMA y se desempe\u00f1a como docente en la Licenciatura en M\u00fasica Popular de la Universidad Nacional de Cuyo.<\/p>\n<p><strong>Pablo Salcedo<\/strong>, multi instrumentista, docente de las c\u00e1tedras de Saxof\u00f3n, Vientos andinos e Interpretaci\u00f3n de vientos latinoamericanos en la UNCuyo. Posee un Master en Etnomusicolog\u00eda de la Universidad de Maryland (EEUU). Es el creador y coordinador del aclamado Festival Flautas del Mundo, ha realizado numerosas giras por EEUU, Asia, Europa y Latinoam\u00e9rica. En su carrera como solista cuenta con 6 \u00e1lbumes, el m\u00e1s reciente \u00abPixinguinha\u00bb lanzado en enero del 2025. Desde hace m\u00e1s de 30 a\u00f1os forma parte del grupo MARKAMA recorriendo escenarios de todo el mundo.<\/p>\n<p style=\"padding-left: 40px;\"><strong>YATAIKEN<\/strong><br \/>\nS\u00e1bado 5 de abril 21:30hs<br \/>\nTeatro Independencia. Chile 1184, Ciudad de Mendoza<br \/>\nEntradas disponibles en entradaweb<\/p>\n<p>&nbsp;<\/p>\n","protected":false},"excerpt":{"rendered":"<p>El flamante d\u00fao musical compuesto por Diego Ferreyra y Pablo Salcedo (MARKAMA) hace su presentaci\u00f3n<\/p>\n","protected":false},"author":1,"featured_media":18940,"comment_status":"closed","ping_status":"closed","sticky":false,"template":"","format":"standard","meta":{"_jetpack_memberships_contains_paid_content":false,"footnotes":"","jetpack_publicize_message":"","jetpack_publicize_feature_enabled":true,"jetpack_social_post_already_shared":true,"jetpack_social_options":{"image_generator_settings":{"template":"highway","default_image_id":0,"font":"","enabled":false},"version":2}},"categories":[2],"tags":[],"class_list":["post-18939","post","type-post","status-publish","format-standard","has-post-thumbnail","hentry","category-musica"],"yoast_head":"<!-- This site is optimized with the Yoast SEO plugin v27.5 - https:\/\/yoast.com\/product\/yoast-seo-wordpress\/ -->\n<title>El Teatro Independencia recibe a Yataiken - Tal Como Soy<\/title>\n<meta name=\"robots\" content=\"index, follow, max-snippet:-1, max-image-preview:large, max-video-preview:-1\" \/>\n<link rel=\"canonical\" href=\"https:\/\/talcomosoy.com.ar\/index.php\/el-teatro-independencia-recibe-a-yataiken\/\" \/>\n<meta property=\"og:locale\" content=\"es_ES\" \/>\n<meta property=\"og:type\" content=\"article\" \/>\n<meta property=\"og:title\" content=\"El Teatro Independencia recibe a Yataiken - Tal Como Soy\" \/>\n<meta property=\"og:description\" content=\"El flamante d\u00fao musical compuesto por Diego Ferreyra y Pablo Salcedo (MARKAMA) hace su presentaci\u00f3n\" \/>\n<meta property=\"og:url\" content=\"https:\/\/talcomosoy.com.ar\/index.php\/el-teatro-independencia-recibe-a-yataiken\/\" \/>\n<meta property=\"og:site_name\" content=\"Tal Como Soy\" \/>\n<meta property=\"article:publisher\" content=\"https:\/\/www.facebook.com\/talcomosoyok\" \/>\n<meta property=\"article:author\" content=\"https:\/\/www.facebook.com\/sindamiranda\" \/>\n<meta property=\"article:published_time\" content=\"2025-03-21T14:01:20+00:00\" \/>\n<meta property=\"article:modified_time\" content=\"2025-03-21T14:01:45+00:00\" \/>\n<meta property=\"og:image\" content=\"https:\/\/i0.wp.com\/talcomosoy.com.ar\/wp-content\/uploads\/2025\/03\/unnamed1.jpg?fit=1200%2C1200&ssl=1\" \/>\n\t<meta property=\"og:image:width\" content=\"1200\" \/>\n\t<meta property=\"og:image:height\" content=\"1200\" \/>\n\t<meta property=\"og:image:type\" content=\"image\/jpeg\" \/>\n<meta name=\"author\" content=\"Sinda Miranda\" \/>\n<meta name=\"twitter:card\" content=\"summary_large_image\" \/>\n<meta name=\"twitter:creator\" content=\"@sindamiranda\" \/>\n<meta name=\"twitter:site\" content=\"@talcomosoyok\" \/>\n<meta name=\"twitter:label1\" content=\"Escrito por\" \/>\n\t<meta name=\"twitter:data1\" content=\"Sinda Miranda\" \/>\n\t<meta name=\"twitter:label2\" content=\"Tiempo de lectura\" \/>\n\t<meta name=\"twitter:data2\" content=\"3 minutos\" \/>\n<script type=\"application\/ld+json\" class=\"yoast-schema-graph\">{\"@context\":\"https:\\\/\\\/schema.org\",\"@graph\":[{\"@type\":\"Article\",\"@id\":\"https:\\\/\\\/talcomosoy.com.ar\\\/index.php\\\/el-teatro-independencia-recibe-a-yataiken\\\/#article\",\"isPartOf\":{\"@id\":\"https:\\\/\\\/talcomosoy.com.ar\\\/index.php\\\/el-teatro-independencia-recibe-a-yataiken\\\/\"},\"author\":{\"name\":\"Sinda Miranda\",\"@id\":\"https:\\\/\\\/talcomosoy.com.ar\\\/#\\\/schema\\\/person\\\/496b3561bd436afcf2be92147ff855c9\"},\"headline\":\"El Teatro Independencia recibe a Yataiken\",\"datePublished\":\"2025-03-21T14:01:20+00:00\",\"dateModified\":\"2025-03-21T14:01:45+00:00\",\"mainEntityOfPage\":{\"@id\":\"https:\\\/\\\/talcomosoy.com.ar\\\/index.php\\\/el-teatro-independencia-recibe-a-yataiken\\\/\"},\"wordCount\":471,\"publisher\":{\"@id\":\"https:\\\/\\\/talcomosoy.com.ar\\\/#organization\"},\"image\":{\"@id\":\"https:\\\/\\\/talcomosoy.com.ar\\\/index.php\\\/el-teatro-independencia-recibe-a-yataiken\\\/#primaryimage\"},\"thumbnailUrl\":\"https:\\\/\\\/i0.wp.com\\\/talcomosoy.com.ar\\\/wp-content\\\/uploads\\\/2025\\\/03\\\/unnamed1.jpg?fit=1200%2C1200&ssl=1\",\"articleSection\":[\"M\u00fasica\"],\"inLanguage\":\"es\"},{\"@type\":\"WebPage\",\"@id\":\"https:\\\/\\\/talcomosoy.com.ar\\\/index.php\\\/el-teatro-independencia-recibe-a-yataiken\\\/\",\"url\":\"https:\\\/\\\/talcomosoy.com.ar\\\/index.php\\\/el-teatro-independencia-recibe-a-yataiken\\\/\",\"name\":\"El Teatro Independencia recibe a Yataiken - Tal Como Soy\",\"isPartOf\":{\"@id\":\"https:\\\/\\\/talcomosoy.com.ar\\\/#website\"},\"primaryImageOfPage\":{\"@id\":\"https:\\\/\\\/talcomosoy.com.ar\\\/index.php\\\/el-teatro-independencia-recibe-a-yataiken\\\/#primaryimage\"},\"image\":{\"@id\":\"https:\\\/\\\/talcomosoy.com.ar\\\/index.php\\\/el-teatro-independencia-recibe-a-yataiken\\\/#primaryimage\"},\"thumbnailUrl\":\"https:\\\/\\\/i0.wp.com\\\/talcomosoy.com.ar\\\/wp-content\\\/uploads\\\/2025\\\/03\\\/unnamed1.jpg?fit=1200%2C1200&ssl=1\",\"datePublished\":\"2025-03-21T14:01:20+00:00\",\"dateModified\":\"2025-03-21T14:01:45+00:00\",\"inLanguage\":\"es\",\"potentialAction\":[{\"@type\":\"ReadAction\",\"target\":[\"https:\\\/\\\/talcomosoy.com.ar\\\/index.php\\\/el-teatro-independencia-recibe-a-yataiken\\\/\"]}]},{\"@type\":\"ImageObject\",\"inLanguage\":\"es\",\"@id\":\"https:\\\/\\\/talcomosoy.com.ar\\\/index.php\\\/el-teatro-independencia-recibe-a-yataiken\\\/#primaryimage\",\"url\":\"https:\\\/\\\/i0.wp.com\\\/talcomosoy.com.ar\\\/wp-content\\\/uploads\\\/2025\\\/03\\\/unnamed1.jpg?fit=1200%2C1200&ssl=1\",\"contentUrl\":\"https:\\\/\\\/i0.wp.com\\\/talcomosoy.com.ar\\\/wp-content\\\/uploads\\\/2025\\\/03\\\/unnamed1.jpg?fit=1200%2C1200&ssl=1\",\"width\":1200,\"height\":1200},{\"@type\":\"WebSite\",\"@id\":\"https:\\\/\\\/talcomosoy.com.ar\\\/#website\",\"url\":\"https:\\\/\\\/talcomosoy.com.ar\\\/\",\"name\":\"Tal Como Soy\",\"description\":\"Magazine Musical Digital\",\"publisher\":{\"@id\":\"https:\\\/\\\/talcomosoy.com.ar\\\/#organization\"},\"potentialAction\":[{\"@type\":\"SearchAction\",\"target\":{\"@type\":\"EntryPoint\",\"urlTemplate\":\"https:\\\/\\\/talcomosoy.com.ar\\\/?s={search_term_string}\"},\"query-input\":{\"@type\":\"PropertyValueSpecification\",\"valueRequired\":true,\"valueName\":\"search_term_string\"}}],\"inLanguage\":\"es\"},{\"@type\":\"Organization\",\"@id\":\"https:\\\/\\\/talcomosoy.com.ar\\\/#organization\",\"name\":\"Tal Como Soy\",\"url\":\"https:\\\/\\\/talcomosoy.com.ar\\\/\",\"logo\":{\"@type\":\"ImageObject\",\"inLanguage\":\"es\",\"@id\":\"https:\\\/\\\/talcomosoy.com.ar\\\/#\\\/schema\\\/logo\\\/image\\\/\",\"url\":\"https:\\\/\\\/i0.wp.com\\\/talcomosoy.com.ar\\\/wp-content\\\/uploads\\\/2020\\\/02\\\/PUA-2020-TRANSPARENTE.png?fit=570%2C382&ssl=1\",\"contentUrl\":\"https:\\\/\\\/i0.wp.com\\\/talcomosoy.com.ar\\\/wp-content\\\/uploads\\\/2020\\\/02\\\/PUA-2020-TRANSPARENTE.png?fit=570%2C382&ssl=1\",\"width\":570,\"height\":382,\"caption\":\"Tal Como Soy\"},\"image\":{\"@id\":\"https:\\\/\\\/talcomosoy.com.ar\\\/#\\\/schema\\\/logo\\\/image\\\/\"},\"sameAs\":[\"https:\\\/\\\/www.facebook.com\\\/talcomosoyok\",\"https:\\\/\\\/x.com\\\/talcomosoyok\",\"https:\\\/\\\/www.instagram.com\\\/talcomosoyok\",\"https:\\\/\\\/www.youtube.com\\\/channel\\\/UCrutZzYQmd9Fe8pEm5wqsiw\"]},{\"@type\":\"Person\",\"@id\":\"https:\\\/\\\/talcomosoy.com.ar\\\/#\\\/schema\\\/person\\\/496b3561bd436afcf2be92147ff855c9\",\"name\":\"Sinda Miranda\",\"image\":{\"@type\":\"ImageObject\",\"inLanguage\":\"es\",\"@id\":\"https:\\\/\\\/secure.gravatar.com\\\/avatar\\\/ab0e992fc0b7117fe730d00fb0e44073b1fd6e28d69de8e7ac3103f1396f445e?s=96&d=mm&r=g\",\"url\":\"https:\\\/\\\/secure.gravatar.com\\\/avatar\\\/ab0e992fc0b7117fe730d00fb0e44073b1fd6e28d69de8e7ac3103f1396f445e?s=96&d=mm&r=g\",\"contentUrl\":\"https:\\\/\\\/secure.gravatar.com\\\/avatar\\\/ab0e992fc0b7117fe730d00fb0e44073b1fd6e28d69de8e7ac3103f1396f445e?s=96&d=mm&r=g\",\"caption\":\"Sinda Miranda\"},\"description\":\"Escritora, Fot\u00f3grafa, Agente de Prensa\",\"sameAs\":[\"https:\\\/\\\/www.facebook.com\\\/sindamiranda\",\"https:\\\/\\\/www.instagram.com\\\/sindamiranda\",\"https:\\\/\\\/x.com\\\/sindamiranda\"],\"url\":\"https:\\\/\\\/talcomosoy.com.ar\\\/index.php\\\/author\\\/sindamirandatcs\\\/\"}]}<\/script>\n<!-- \/ Yoast SEO plugin. -->","yoast_head_json":{"title":"El Teatro Independencia recibe a Yataiken - Tal Como Soy","robots":{"index":"index","follow":"follow","max-snippet":"max-snippet:-1","max-image-preview":"max-image-preview:large","max-video-preview":"max-video-preview:-1"},"canonical":"https:\/\/talcomosoy.com.ar\/index.php\/el-teatro-independencia-recibe-a-yataiken\/","og_locale":"es_ES","og_type":"article","og_title":"El Teatro Independencia recibe a Yataiken - Tal Como Soy","og_description":"El flamante d\u00fao musical compuesto por Diego Ferreyra y Pablo Salcedo (MARKAMA) hace su presentaci\u00f3n","og_url":"https:\/\/talcomosoy.com.ar\/index.php\/el-teatro-independencia-recibe-a-yataiken\/","og_site_name":"Tal Como Soy","article_publisher":"https:\/\/www.facebook.com\/talcomosoyok","article_author":"https:\/\/www.facebook.com\/sindamiranda","article_published_time":"2025-03-21T14:01:20+00:00","article_modified_time":"2025-03-21T14:01:45+00:00","og_image":[{"width":1200,"height":1200,"url":"https:\/\/i0.wp.com\/talcomosoy.com.ar\/wp-content\/uploads\/2025\/03\/unnamed1.jpg?fit=1200%2C1200&ssl=1","type":"image\/jpeg"}],"author":"Sinda Miranda","twitter_card":"summary_large_image","twitter_creator":"@sindamiranda","twitter_site":"@talcomosoyok","twitter_misc":{"Escrito por":"Sinda Miranda","Tiempo de lectura":"3 minutos"},"schema":{"@context":"https:\/\/schema.org","@graph":[{"@type":"Article","@id":"https:\/\/talcomosoy.com.ar\/index.php\/el-teatro-independencia-recibe-a-yataiken\/#article","isPartOf":{"@id":"https:\/\/talcomosoy.com.ar\/index.php\/el-teatro-independencia-recibe-a-yataiken\/"},"author":{"name":"Sinda Miranda","@id":"https:\/\/talcomosoy.com.ar\/#\/schema\/person\/496b3561bd436afcf2be92147ff855c9"},"headline":"El Teatro Independencia recibe a Yataiken","datePublished":"2025-03-21T14:01:20+00:00","dateModified":"2025-03-21T14:01:45+00:00","mainEntityOfPage":{"@id":"https:\/\/talcomosoy.com.ar\/index.php\/el-teatro-independencia-recibe-a-yataiken\/"},"wordCount":471,"publisher":{"@id":"https:\/\/talcomosoy.com.ar\/#organization"},"image":{"@id":"https:\/\/talcomosoy.com.ar\/index.php\/el-teatro-independencia-recibe-a-yataiken\/#primaryimage"},"thumbnailUrl":"https:\/\/i0.wp.com\/talcomosoy.com.ar\/wp-content\/uploads\/2025\/03\/unnamed1.jpg?fit=1200%2C1200&ssl=1","articleSection":["M\u00fasica"],"inLanguage":"es"},{"@type":"WebPage","@id":"https:\/\/talcomosoy.com.ar\/index.php\/el-teatro-independencia-recibe-a-yataiken\/","url":"https:\/\/talcomosoy.com.ar\/index.php\/el-teatro-independencia-recibe-a-yataiken\/","name":"El Teatro Independencia recibe a Yataiken - Tal Como Soy","isPartOf":{"@id":"https:\/\/talcomosoy.com.ar\/#website"},"primaryImageOfPage":{"@id":"https:\/\/talcomosoy.com.ar\/index.php\/el-teatro-independencia-recibe-a-yataiken\/#primaryimage"},"image":{"@id":"https:\/\/talcomosoy.com.ar\/index.php\/el-teatro-independencia-recibe-a-yataiken\/#primaryimage"},"thumbnailUrl":"https:\/\/i0.wp.com\/talcomosoy.com.ar\/wp-content\/uploads\/2025\/03\/unnamed1.jpg?fit=1200%2C1200&ssl=1","datePublished":"2025-03-21T14:01:20+00:00","dateModified":"2025-03-21T14:01:45+00:00","inLanguage":"es","potentialAction":[{"@type":"ReadAction","target":["https:\/\/talcomosoy.com.ar\/index.php\/el-teatro-independencia-recibe-a-yataiken\/"]}]},{"@type":"ImageObject","inLanguage":"es","@id":"https:\/\/talcomosoy.com.ar\/index.php\/el-teatro-independencia-recibe-a-yataiken\/#primaryimage","url":"https:\/\/i0.wp.com\/talcomosoy.com.ar\/wp-content\/uploads\/2025\/03\/unnamed1.jpg?fit=1200%2C1200&ssl=1","contentUrl":"https:\/\/i0.wp.com\/talcomosoy.com.ar\/wp-content\/uploads\/2025\/03\/unnamed1.jpg?fit=1200%2C1200&ssl=1","width":1200,"height":1200},{"@type":"WebSite","@id":"https:\/\/talcomosoy.com.ar\/#website","url":"https:\/\/talcomosoy.com.ar\/","name":"Tal Como Soy","description":"Magazine Musical Digital","publisher":{"@id":"https:\/\/talcomosoy.com.ar\/#organization"},"potentialAction":[{"@type":"SearchAction","target":{"@type":"EntryPoint","urlTemplate":"https:\/\/talcomosoy.com.ar\/?s={search_term_string}"},"query-input":{"@type":"PropertyValueSpecification","valueRequired":true,"valueName":"search_term_string"}}],"inLanguage":"es"},{"@type":"Organization","@id":"https:\/\/talcomosoy.com.ar\/#organization","name":"Tal Como Soy","url":"https:\/\/talcomosoy.com.ar\/","logo":{"@type":"ImageObject","inLanguage":"es","@id":"https:\/\/talcomosoy.com.ar\/#\/schema\/logo\/image\/","url":"https:\/\/i0.wp.com\/talcomosoy.com.ar\/wp-content\/uploads\/2020\/02\/PUA-2020-TRANSPARENTE.png?fit=570%2C382&ssl=1","contentUrl":"https:\/\/i0.wp.com\/talcomosoy.com.ar\/wp-content\/uploads\/2020\/02\/PUA-2020-TRANSPARENTE.png?fit=570%2C382&ssl=1","width":570,"height":382,"caption":"Tal Como Soy"},"image":{"@id":"https:\/\/talcomosoy.com.ar\/#\/schema\/logo\/image\/"},"sameAs":["https:\/\/www.facebook.com\/talcomosoyok","https:\/\/x.com\/talcomosoyok","https:\/\/www.instagram.com\/talcomosoyok","https:\/\/www.youtube.com\/channel\/UCrutZzYQmd9Fe8pEm5wqsiw"]},{"@type":"Person","@id":"https:\/\/talcomosoy.com.ar\/#\/schema\/person\/496b3561bd436afcf2be92147ff855c9","name":"Sinda Miranda","image":{"@type":"ImageObject","inLanguage":"es","@id":"https:\/\/secure.gravatar.com\/avatar\/ab0e992fc0b7117fe730d00fb0e44073b1fd6e28d69de8e7ac3103f1396f445e?s=96&d=mm&r=g","url":"https:\/\/secure.gravatar.com\/avatar\/ab0e992fc0b7117fe730d00fb0e44073b1fd6e28d69de8e7ac3103f1396f445e?s=96&d=mm&r=g","contentUrl":"https:\/\/secure.gravatar.com\/avatar\/ab0e992fc0b7117fe730d00fb0e44073b1fd6e28d69de8e7ac3103f1396f445e?s=96&d=mm&r=g","caption":"Sinda Miranda"},"description":"Escritora, Fot\u00f3grafa, Agente de Prensa","sameAs":["https:\/\/www.facebook.com\/sindamiranda","https:\/\/www.instagram.com\/sindamiranda","https:\/\/x.com\/sindamiranda"],"url":"https:\/\/talcomosoy.com.ar\/index.php\/author\/sindamirandatcs\/"}]}},"jetpack_publicize_connections":[],"jetpack_featured_media_url":"https:\/\/i0.wp.com\/talcomosoy.com.ar\/wp-content\/uploads\/2025\/03\/unnamed1.jpg?fit=1200%2C1200&ssl=1","jetpack_sharing_enabled":true,"jetpack_likes_enabled":true,"_links":{"self":[{"href":"https:\/\/talcomosoy.com.ar\/index.php\/wp-json\/wp\/v2\/posts\/18939","targetHints":{"allow":["GET"]}}],"collection":[{"href":"https:\/\/talcomosoy.com.ar\/index.php\/wp-json\/wp\/v2\/posts"}],"about":[{"href":"https:\/\/talcomosoy.com.ar\/index.php\/wp-json\/wp\/v2\/types\/post"}],"author":[{"embeddable":true,"href":"https:\/\/talcomosoy.com.ar\/index.php\/wp-json\/wp\/v2\/users\/1"}],"replies":[{"embeddable":true,"href":"https:\/\/talcomosoy.com.ar\/index.php\/wp-json\/wp\/v2\/comments?post=18939"}],"version-history":[{"count":2,"href":"https:\/\/talcomosoy.com.ar\/index.php\/wp-json\/wp\/v2\/posts\/18939\/revisions"}],"predecessor-version":[{"id":18942,"href":"https:\/\/talcomosoy.com.ar\/index.php\/wp-json\/wp\/v2\/posts\/18939\/revisions\/18942"}],"wp:featuredmedia":[{"embeddable":true,"href":"https:\/\/talcomosoy.com.ar\/index.php\/wp-json\/wp\/v2\/media\/18940"}],"wp:attachment":[{"href":"https:\/\/talcomosoy.com.ar\/index.php\/wp-json\/wp\/v2\/media?parent=18939"}],"wp:term":[{"taxonomy":"category","embeddable":true,"href":"https:\/\/talcomosoy.com.ar\/index.php\/wp-json\/wp\/v2\/categories?post=18939"},{"taxonomy":"post_tag","embeddable":true,"href":"https:\/\/talcomosoy.com.ar\/index.php\/wp-json\/wp\/v2\/tags?post=18939"}],"curies":[{"name":"wp","href":"https:\/\/api.w.org\/{rel}","templated":true}]}}