{"id":18726,"date":"2025-02-07T11:53:59","date_gmt":"2025-02-07T14:53:59","guid":{"rendered":"https:\/\/talcomosoy.com.ar\/?p=18726"},"modified":"2025-02-07T11:53:59","modified_gmt":"2025-02-07T14:53:59","slug":"llega-the-winemakers-la-muestra-de-arte-inspirada-en-las-personalidades-del-mundo-del-vino","status":"publish","type":"post","link":"https:\/\/talcomosoy.com.ar\/index.php\/llega-the-winemakers-la-muestra-de-arte-inspirada-en-las-personalidades-del-mundo-del-vino\/","title":{"rendered":"Llega \u201cThe Winemakers\u201d, la muestra de arte inspirada en las personalidades del mundo del vino"},"content":{"rendered":"<h3>El pintor irland\u00e9s radicado en la provincia, Charlie O\u00b4Malley, presenta su primera exposici\u00f3n individual donde rinde homenaje a hombres y mujeres de la industria vitivin\u00edcola. La inauguraci\u00f3n ser\u00e1 el 12 de febrero en la Bolsa de Comercio de Mendoza y se podr\u00e1 recorrer hasta el 30 de abril.<\/h3>\n<p>&nbsp;<\/p>\n<p>A partir del 12 de febrero mendocinos y turistas podr\u00e1n apreciar una muestra \u00edntima y colorida sobre los protagonistas del mundo del vino. Se trata de la exposici\u00f3n <strong>\u201cThe Winemakers\u201d<\/strong>, del artista irland\u00e9s Charlie O\u00b4Malley que se presentar\u00e1 en la Bolsa de Comercio de Mendoza con entrada libre y gratuita.<\/p>\n<p>Establecido en Mendoza desde hace m\u00e1s de 20 a\u00f1os, el tambi\u00e9n empresario del enoturismo y gran conocedor de las bodegas mendocinas, ha buscado capturar a trav\u00e9s de su trazo de pintor, la esencia de en\u00f3logos destacados del ambiente vitivin\u00edcola de la regi\u00f3n.<\/p>\n<p>En su primera muestra individual, Charlie rinde homenaje a trav\u00e9s de una serie de retratos, a quienes dan vida a los vinos mendocinos. Su t\u00e9cnica le permite jugar con la luz y el color, creando obras que son tanto realistas como profundamente emotivas.<\/p>\n<p><em>\u201cComo retratista pens\u00e9 que ser\u00eda interesante ponerle cara al vino que todos bebemos y disfrutamos. As\u00ed que pint\u00e9 durante un a\u00f1o diferentes personalidades del mundo del vino, algunos famosos, otros no tan famosos, algunos amigos, algunos desconocidos, y el resultado son 20 retratos que espero que la gente disfrute y se maraville\u201d<\/em>, cuenta.<\/p>\n<p>Se trata de una serie de 20 obras de 20x30cm sobre lienzo con marco listo para colgar, donde el autor despliega su encanto por la piel humana, entre colores que conservan realismo y profundidad.<\/p>\n<p>La exposici\u00f3n \u201cThe Winemakers\u201d tendr\u00e1 su inauguraci\u00f3n el mi\u00e9rcoles 12 de febrero, a las 19.30h, en la Bolsa de Comercio de Mendoza (Sarmiento 199, de Ciudad). Se podr\u00e1 recorrer hasta el 30 de abril, de lunes a viernes, de 8.30 a 19h, con entrada libre y gratuita.<\/p>\n<p>&nbsp;<\/p>\n<h3>SOBRE EL ARTISTA<\/h3>\n<p>&nbsp;<\/p>\n<p>Charlie O\u2019 Malley naci\u00f3 en Irlanda. Desde muy joven se sinti\u00f3 obsesionado por el arte, pero dej\u00f3 a un lado esta pasi\u00f3n al emigrar de su pa\u00eds a los 17 a\u00f1os. Desde ese momento vag\u00f3 por el mundo durante mucho tiempo hasta que finalmente se instal\u00f3 en Mendoza, lugar donde reside desde hace 20 a\u00f1os. Fue en esta provincia que se desarroll\u00f3 como empresario del enoturismo y tambi\u00e9n retom\u00f3 su amor por el pincel. Comenz\u00f3 a pintar principalmente retratos, algo que siempre lo mantuvo cautivado, y poco a poco fue desarrollando su propio estilo guiado por el maestro Mauro Cano y su taller de artista La Caverna. \u201cThe Winemakers\u201d es su primera exposici\u00f3n individual de pinturas, donde rinde homenaje a hombres y mujeres protagonistas de la industria del vino de Mendoza.<\/p>\n<p>&nbsp;<\/p>\n<h4>AGENDA<\/h4>\n<p style=\"padding-left: 40px;\">Exposici\u00f3n \u201cThe Winemakers\u201d por Charlie O\u00b4Malley.<br \/>\nDesde el 12 de febrero al 30 de abril en la Bolsa de Comercio de Mendoza (Sarmiento 199, Ciudad).<br \/>\nInauguraci\u00f3n: mi\u00e9rcoles 12 de febrero, 19.30h.<br \/>\nHorario de visita: lunes a viernes, de 8.30 a 19h. S\u00e1bado y domingo cerrado.<br \/>\nEntrada gratuita.<\/p>\n<p>&nbsp;<\/p>\n<p>&nbsp;<\/p>\n","protected":false},"excerpt":{"rendered":"<p>El pintor irland\u00e9s radicado en la provincia, Charlie O\u00b4Malley, presenta su primera exposici\u00f3n individual donde<\/p>\n","protected":false},"author":1,"featured_media":0,"comment_status":"closed","ping_status":"closed","sticky":false,"template":"","format":"standard","meta":{"_jetpack_memberships_contains_paid_content":false,"footnotes":"","jetpack_publicize_message":"","jetpack_publicize_feature_enabled":true,"jetpack_social_post_already_shared":true,"jetpack_social_options":{"image_generator_settings":{"template":"highway","default_image_id":0,"font":"","enabled":false},"version":2}},"categories":[201,317,75],"tags":[],"class_list":["post-18726","post","type-post","status-publish","format-standard","hentry","category-artistas-visuales","category-muestra","category-pintura"],"yoast_head":"<!-- This site is optimized with the Yoast SEO plugin v27.5 - https:\/\/yoast.com\/product\/yoast-seo-wordpress\/ -->\n<title>Llega \u201cThe Winemakers\u201d, la muestra de arte inspirada en las personalidades del mundo del vino - Tal Como Soy<\/title>\n<meta name=\"robots\" content=\"index, follow, max-snippet:-1, max-image-preview:large, max-video-preview:-1\" \/>\n<link rel=\"canonical\" href=\"https:\/\/talcomosoy.com.ar\/index.php\/llega-the-winemakers-la-muestra-de-arte-inspirada-en-las-personalidades-del-mundo-del-vino\/\" \/>\n<meta property=\"og:locale\" content=\"es_ES\" \/>\n<meta property=\"og:type\" content=\"article\" \/>\n<meta property=\"og:title\" content=\"Llega \u201cThe Winemakers\u201d, la muestra de arte inspirada en las personalidades del mundo del vino - Tal Como Soy\" \/>\n<meta property=\"og:description\" content=\"El pintor irland\u00e9s radicado en la provincia, Charlie O\u00b4Malley, presenta su primera exposici\u00f3n individual donde\" \/>\n<meta property=\"og:url\" content=\"https:\/\/talcomosoy.com.ar\/index.php\/llega-the-winemakers-la-muestra-de-arte-inspirada-en-las-personalidades-del-mundo-del-vino\/\" \/>\n<meta property=\"og:site_name\" content=\"Tal Como Soy\" \/>\n<meta property=\"article:publisher\" content=\"https:\/\/www.facebook.com\/talcomosoyok\" \/>\n<meta property=\"article:author\" content=\"https:\/\/www.facebook.com\/sindamiranda\" \/>\n<meta property=\"article:published_time\" content=\"2025-02-07T14:53:59+00:00\" \/>\n<meta property=\"og:image\" content=\"https:\/\/i0.wp.com\/talcomosoy.com.ar\/wp-content\/uploads\/2020\/02\/LOGO-PUA-2020-NEGRO.png?fit=570%2C382&ssl=1\" \/>\n\t<meta property=\"og:image:width\" content=\"570\" \/>\n\t<meta property=\"og:image:height\" content=\"382\" \/>\n\t<meta property=\"og:image:type\" content=\"image\/png\" \/>\n<meta name=\"author\" content=\"Sinda Miranda\" \/>\n<meta name=\"twitter:card\" content=\"summary_large_image\" \/>\n<meta name=\"twitter:creator\" content=\"@sindamiranda\" \/>\n<meta name=\"twitter:site\" content=\"@talcomosoyok\" \/>\n<meta name=\"twitter:label1\" content=\"Escrito por\" \/>\n\t<meta name=\"twitter:data1\" content=\"Sinda Miranda\" \/>\n\t<meta name=\"twitter:label2\" content=\"Tiempo de lectura\" \/>\n\t<meta name=\"twitter:data2\" content=\"3 minutos\" \/>\n<script type=\"application\/ld+json\" class=\"yoast-schema-graph\">{\"@context\":\"https:\\\/\\\/schema.org\",\"@graph\":[{\"@type\":\"Article\",\"@id\":\"https:\\\/\\\/talcomosoy.com.ar\\\/index.php\\\/llega-the-winemakers-la-muestra-de-arte-inspirada-en-las-personalidades-del-mundo-del-vino\\\/#article\",\"isPartOf\":{\"@id\":\"https:\\\/\\\/talcomosoy.com.ar\\\/index.php\\\/llega-the-winemakers-la-muestra-de-arte-inspirada-en-las-personalidades-del-mundo-del-vino\\\/\"},\"author\":{\"name\":\"Sinda Miranda\",\"@id\":\"https:\\\/\\\/talcomosoy.com.ar\\\/#\\\/schema\\\/person\\\/496b3561bd436afcf2be92147ff855c9\"},\"headline\":\"Llega \u201cThe Winemakers\u201d, la muestra de arte inspirada en las personalidades del mundo del vino\",\"datePublished\":\"2025-02-07T14:53:59+00:00\",\"mainEntityOfPage\":{\"@id\":\"https:\\\/\\\/talcomosoy.com.ar\\\/index.php\\\/llega-the-winemakers-la-muestra-de-arte-inspirada-en-las-personalidades-del-mundo-del-vino\\\/\"},\"wordCount\":538,\"publisher\":{\"@id\":\"https:\\\/\\\/talcomosoy.com.ar\\\/#organization\"},\"articleSection\":[\"Artistas Visuales\",\"Muestra\",\"Pintura\"],\"inLanguage\":\"es\"},{\"@type\":\"WebPage\",\"@id\":\"https:\\\/\\\/talcomosoy.com.ar\\\/index.php\\\/llega-the-winemakers-la-muestra-de-arte-inspirada-en-las-personalidades-del-mundo-del-vino\\\/\",\"url\":\"https:\\\/\\\/talcomosoy.com.ar\\\/index.php\\\/llega-the-winemakers-la-muestra-de-arte-inspirada-en-las-personalidades-del-mundo-del-vino\\\/\",\"name\":\"Llega \u201cThe Winemakers\u201d, la muestra de arte inspirada en las personalidades del mundo del vino - Tal Como Soy\",\"isPartOf\":{\"@id\":\"https:\\\/\\\/talcomosoy.com.ar\\\/#website\"},\"datePublished\":\"2025-02-07T14:53:59+00:00\",\"inLanguage\":\"es\",\"potentialAction\":[{\"@type\":\"ReadAction\",\"target\":[\"https:\\\/\\\/talcomosoy.com.ar\\\/index.php\\\/llega-the-winemakers-la-muestra-de-arte-inspirada-en-las-personalidades-del-mundo-del-vino\\\/\"]}]},{\"@type\":\"WebSite\",\"@id\":\"https:\\\/\\\/talcomosoy.com.ar\\\/#website\",\"url\":\"https:\\\/\\\/talcomosoy.com.ar\\\/\",\"name\":\"Tal Como Soy\",\"description\":\"Magazine Musical Digital\",\"publisher\":{\"@id\":\"https:\\\/\\\/talcomosoy.com.ar\\\/#organization\"},\"potentialAction\":[{\"@type\":\"SearchAction\",\"target\":{\"@type\":\"EntryPoint\",\"urlTemplate\":\"https:\\\/\\\/talcomosoy.com.ar\\\/?s={search_term_string}\"},\"query-input\":{\"@type\":\"PropertyValueSpecification\",\"valueRequired\":true,\"valueName\":\"search_term_string\"}}],\"inLanguage\":\"es\"},{\"@type\":\"Organization\",\"@id\":\"https:\\\/\\\/talcomosoy.com.ar\\\/#organization\",\"name\":\"Tal Como Soy\",\"url\":\"https:\\\/\\\/talcomosoy.com.ar\\\/\",\"logo\":{\"@type\":\"ImageObject\",\"inLanguage\":\"es\",\"@id\":\"https:\\\/\\\/talcomosoy.com.ar\\\/#\\\/schema\\\/logo\\\/image\\\/\",\"url\":\"https:\\\/\\\/i0.wp.com\\\/talcomosoy.com.ar\\\/wp-content\\\/uploads\\\/2020\\\/02\\\/PUA-2020-TRANSPARENTE.png?fit=570%2C382&ssl=1\",\"contentUrl\":\"https:\\\/\\\/i0.wp.com\\\/talcomosoy.com.ar\\\/wp-content\\\/uploads\\\/2020\\\/02\\\/PUA-2020-TRANSPARENTE.png?fit=570%2C382&ssl=1\",\"width\":570,\"height\":382,\"caption\":\"Tal Como Soy\"},\"image\":{\"@id\":\"https:\\\/\\\/talcomosoy.com.ar\\\/#\\\/schema\\\/logo\\\/image\\\/\"},\"sameAs\":[\"https:\\\/\\\/www.facebook.com\\\/talcomosoyok\",\"https:\\\/\\\/x.com\\\/talcomosoyok\",\"https:\\\/\\\/www.instagram.com\\\/talcomosoyok\",\"https:\\\/\\\/www.youtube.com\\\/channel\\\/UCrutZzYQmd9Fe8pEm5wqsiw\"]},{\"@type\":\"Person\",\"@id\":\"https:\\\/\\\/talcomosoy.com.ar\\\/#\\\/schema\\\/person\\\/496b3561bd436afcf2be92147ff855c9\",\"name\":\"Sinda Miranda\",\"image\":{\"@type\":\"ImageObject\",\"inLanguage\":\"es\",\"@id\":\"https:\\\/\\\/secure.gravatar.com\\\/avatar\\\/ab0e992fc0b7117fe730d00fb0e44073b1fd6e28d69de8e7ac3103f1396f445e?s=96&d=mm&r=g\",\"url\":\"https:\\\/\\\/secure.gravatar.com\\\/avatar\\\/ab0e992fc0b7117fe730d00fb0e44073b1fd6e28d69de8e7ac3103f1396f445e?s=96&d=mm&r=g\",\"contentUrl\":\"https:\\\/\\\/secure.gravatar.com\\\/avatar\\\/ab0e992fc0b7117fe730d00fb0e44073b1fd6e28d69de8e7ac3103f1396f445e?s=96&d=mm&r=g\",\"caption\":\"Sinda Miranda\"},\"description\":\"Escritora, Fot\u00f3grafa, Agente de Prensa\",\"sameAs\":[\"https:\\\/\\\/www.facebook.com\\\/sindamiranda\",\"https:\\\/\\\/www.instagram.com\\\/sindamiranda\",\"https:\\\/\\\/x.com\\\/sindamiranda\"],\"url\":\"https:\\\/\\\/talcomosoy.com.ar\\\/index.php\\\/author\\\/sindamirandatcs\\\/\"}]}<\/script>\n<!-- \/ Yoast SEO plugin. -->","yoast_head_json":{"title":"Llega \u201cThe Winemakers\u201d, la muestra de arte inspirada en las personalidades del mundo del vino - Tal Como Soy","robots":{"index":"index","follow":"follow","max-snippet":"max-snippet:-1","max-image-preview":"max-image-preview:large","max-video-preview":"max-video-preview:-1"},"canonical":"https:\/\/talcomosoy.com.ar\/index.php\/llega-the-winemakers-la-muestra-de-arte-inspirada-en-las-personalidades-del-mundo-del-vino\/","og_locale":"es_ES","og_type":"article","og_title":"Llega \u201cThe Winemakers\u201d, la muestra de arte inspirada en las personalidades del mundo del vino - Tal Como Soy","og_description":"El pintor irland\u00e9s radicado en la provincia, Charlie O\u00b4Malley, presenta su primera exposici\u00f3n individual donde","og_url":"https:\/\/talcomosoy.com.ar\/index.php\/llega-the-winemakers-la-muestra-de-arte-inspirada-en-las-personalidades-del-mundo-del-vino\/","og_site_name":"Tal Como Soy","article_publisher":"https:\/\/www.facebook.com\/talcomosoyok","article_author":"https:\/\/www.facebook.com\/sindamiranda","article_published_time":"2025-02-07T14:53:59+00:00","og_image":[{"width":570,"height":382,"url":"https:\/\/i0.wp.com\/talcomosoy.com.ar\/wp-content\/uploads\/2020\/02\/LOGO-PUA-2020-NEGRO.png?fit=570%2C382&ssl=1","type":"image\/png"}],"author":"Sinda Miranda","twitter_card":"summary_large_image","twitter_creator":"@sindamiranda","twitter_site":"@talcomosoyok","twitter_misc":{"Escrito por":"Sinda Miranda","Tiempo de lectura":"3 minutos"},"schema":{"@context":"https:\/\/schema.org","@graph":[{"@type":"Article","@id":"https:\/\/talcomosoy.com.ar\/index.php\/llega-the-winemakers-la-muestra-de-arte-inspirada-en-las-personalidades-del-mundo-del-vino\/#article","isPartOf":{"@id":"https:\/\/talcomosoy.com.ar\/index.php\/llega-the-winemakers-la-muestra-de-arte-inspirada-en-las-personalidades-del-mundo-del-vino\/"},"author":{"name":"Sinda Miranda","@id":"https:\/\/talcomosoy.com.ar\/#\/schema\/person\/496b3561bd436afcf2be92147ff855c9"},"headline":"Llega \u201cThe Winemakers\u201d, la muestra de arte inspirada en las personalidades del mundo del vino","datePublished":"2025-02-07T14:53:59+00:00","mainEntityOfPage":{"@id":"https:\/\/talcomosoy.com.ar\/index.php\/llega-the-winemakers-la-muestra-de-arte-inspirada-en-las-personalidades-del-mundo-del-vino\/"},"wordCount":538,"publisher":{"@id":"https:\/\/talcomosoy.com.ar\/#organization"},"articleSection":["Artistas Visuales","Muestra","Pintura"],"inLanguage":"es"},{"@type":"WebPage","@id":"https:\/\/talcomosoy.com.ar\/index.php\/llega-the-winemakers-la-muestra-de-arte-inspirada-en-las-personalidades-del-mundo-del-vino\/","url":"https:\/\/talcomosoy.com.ar\/index.php\/llega-the-winemakers-la-muestra-de-arte-inspirada-en-las-personalidades-del-mundo-del-vino\/","name":"Llega \u201cThe Winemakers\u201d, la muestra de arte inspirada en las personalidades del mundo del vino - Tal Como Soy","isPartOf":{"@id":"https:\/\/talcomosoy.com.ar\/#website"},"datePublished":"2025-02-07T14:53:59+00:00","inLanguage":"es","potentialAction":[{"@type":"ReadAction","target":["https:\/\/talcomosoy.com.ar\/index.php\/llega-the-winemakers-la-muestra-de-arte-inspirada-en-las-personalidades-del-mundo-del-vino\/"]}]},{"@type":"WebSite","@id":"https:\/\/talcomosoy.com.ar\/#website","url":"https:\/\/talcomosoy.com.ar\/","name":"Tal Como Soy","description":"Magazine Musical Digital","publisher":{"@id":"https:\/\/talcomosoy.com.ar\/#organization"},"potentialAction":[{"@type":"SearchAction","target":{"@type":"EntryPoint","urlTemplate":"https:\/\/talcomosoy.com.ar\/?s={search_term_string}"},"query-input":{"@type":"PropertyValueSpecification","valueRequired":true,"valueName":"search_term_string"}}],"inLanguage":"es"},{"@type":"Organization","@id":"https:\/\/talcomosoy.com.ar\/#organization","name":"Tal Como Soy","url":"https:\/\/talcomosoy.com.ar\/","logo":{"@type":"ImageObject","inLanguage":"es","@id":"https:\/\/talcomosoy.com.ar\/#\/schema\/logo\/image\/","url":"https:\/\/i0.wp.com\/talcomosoy.com.ar\/wp-content\/uploads\/2020\/02\/PUA-2020-TRANSPARENTE.png?fit=570%2C382&ssl=1","contentUrl":"https:\/\/i0.wp.com\/talcomosoy.com.ar\/wp-content\/uploads\/2020\/02\/PUA-2020-TRANSPARENTE.png?fit=570%2C382&ssl=1","width":570,"height":382,"caption":"Tal Como Soy"},"image":{"@id":"https:\/\/talcomosoy.com.ar\/#\/schema\/logo\/image\/"},"sameAs":["https:\/\/www.facebook.com\/talcomosoyok","https:\/\/x.com\/talcomosoyok","https:\/\/www.instagram.com\/talcomosoyok","https:\/\/www.youtube.com\/channel\/UCrutZzYQmd9Fe8pEm5wqsiw"]},{"@type":"Person","@id":"https:\/\/talcomosoy.com.ar\/#\/schema\/person\/496b3561bd436afcf2be92147ff855c9","name":"Sinda Miranda","image":{"@type":"ImageObject","inLanguage":"es","@id":"https:\/\/secure.gravatar.com\/avatar\/ab0e992fc0b7117fe730d00fb0e44073b1fd6e28d69de8e7ac3103f1396f445e?s=96&d=mm&r=g","url":"https:\/\/secure.gravatar.com\/avatar\/ab0e992fc0b7117fe730d00fb0e44073b1fd6e28d69de8e7ac3103f1396f445e?s=96&d=mm&r=g","contentUrl":"https:\/\/secure.gravatar.com\/avatar\/ab0e992fc0b7117fe730d00fb0e44073b1fd6e28d69de8e7ac3103f1396f445e?s=96&d=mm&r=g","caption":"Sinda Miranda"},"description":"Escritora, Fot\u00f3grafa, Agente de Prensa","sameAs":["https:\/\/www.facebook.com\/sindamiranda","https:\/\/www.instagram.com\/sindamiranda","https:\/\/x.com\/sindamiranda"],"url":"https:\/\/talcomosoy.com.ar\/index.php\/author\/sindamirandatcs\/"}]}},"jetpack_publicize_connections":[],"jetpack_featured_media_url":"","jetpack_sharing_enabled":true,"jetpack_likes_enabled":true,"_links":{"self":[{"href":"https:\/\/talcomosoy.com.ar\/index.php\/wp-json\/wp\/v2\/posts\/18726","targetHints":{"allow":["GET"]}}],"collection":[{"href":"https:\/\/talcomosoy.com.ar\/index.php\/wp-json\/wp\/v2\/posts"}],"about":[{"href":"https:\/\/talcomosoy.com.ar\/index.php\/wp-json\/wp\/v2\/types\/post"}],"author":[{"embeddable":true,"href":"https:\/\/talcomosoy.com.ar\/index.php\/wp-json\/wp\/v2\/users\/1"}],"replies":[{"embeddable":true,"href":"https:\/\/talcomosoy.com.ar\/index.php\/wp-json\/wp\/v2\/comments?post=18726"}],"version-history":[{"count":1,"href":"https:\/\/talcomosoy.com.ar\/index.php\/wp-json\/wp\/v2\/posts\/18726\/revisions"}],"predecessor-version":[{"id":18727,"href":"https:\/\/talcomosoy.com.ar\/index.php\/wp-json\/wp\/v2\/posts\/18726\/revisions\/18727"}],"wp:attachment":[{"href":"https:\/\/talcomosoy.com.ar\/index.php\/wp-json\/wp\/v2\/media?parent=18726"}],"wp:term":[{"taxonomy":"category","embeddable":true,"href":"https:\/\/talcomosoy.com.ar\/index.php\/wp-json\/wp\/v2\/categories?post=18726"},{"taxonomy":"post_tag","embeddable":true,"href":"https:\/\/talcomosoy.com.ar\/index.php\/wp-json\/wp\/v2\/tags?post=18726"}],"curies":[{"name":"wp","href":"https:\/\/api.w.org\/{rel}","templated":true}]}}