{"id":18723,"date":"2025-02-07T11:49:45","date_gmt":"2025-02-07T14:49:45","guid":{"rendered":"https:\/\/talcomosoy.com.ar\/?p=18723"},"modified":"2025-02-07T11:49:45","modified_gmt":"2025-02-07T14:49:45","slug":"mendocinas-finalistas-en-concurso-internacional-de-castanuelas-en-espana","status":"publish","type":"post","link":"https:\/\/talcomosoy.com.ar\/index.php\/mendocinas-finalistas-en-concurso-internacional-de-castanuelas-en-espana\/","title":{"rendered":"Mendocinas finalistas en Concurso Internacional de Casta\u00f1uelas en Espa\u00f1a"},"content":{"rendered":"<h3>Se trata del Grupo de Casta\u00f1uelas de Silvia Angelini, directora y profesora que incentiv\u00f3 a sus alumnas a participar en este importante evento.\u00a0Viajar\u00e1n en los pr\u00f3ximos d\u00edas a Espa\u00f1a para competir con agrupaciones de Portugal y Francia.<\/h3>\n<p>&nbsp;<\/p>\n<p>Muchos nervios transitan en estos d\u00edas las integrantes del <strong>Grupo de Casta\u00f1uelas de Silvia Angelini<\/strong>, y no es para menos, pues son finalistas del <em>III Concurso Internacional de Casta\u00f1uelas Teresa Laiz<\/em>, en la categor\u00eda de Casta\u00f1uelas de Concierto junto a la agrupaci\u00f3n Atikasta\u00f1uelas (Par\u00eds, Francia) y al Coro EFO (Oeiras, Portugal). El concurso se realiza en el marco del XI Festival Internacional de Casta\u00f1uelas , que tendr\u00e1 lugar del 14 al 16 de febrero en la capital de Espa\u00f1a, Madrid.<\/p>\n<p>El grupo est\u00e1 compuesto por <strong>Iris Correa, Marina Alvarez, Susana Delicio, Marit\u00e9 D\u00edaz, Miriam Fr\u00edas<\/strong> y la profesora y directora <strong>Silvia Angelini.<\/strong> Comenzaron este camino en forma particular, luego formaron un grupo de estudio m\u00e1s intensivo de casta\u00f1uelas y desde hace 2 a\u00f1os conforman la agrupaci\u00f3n que hoy es finalista en Espa\u00f1a. La motivaci\u00f3n para tocar las casta\u00f1uelas fue el deseo de aprender m\u00e1s del instrumento y aseguran que con ellas pueden hacer todo tipo de m\u00fasica. La relaci\u00f3n entre las integrantes es de respeto mutuo y mucho compa\u00f1erismo.<\/p>\n<p>&nbsp;<\/p>\n<h4>Sobre la profesora Silvia Angelini:<\/h4>\n<p>&nbsp;<\/p>\n<p>Es profesora de danzas espa\u00f1olas y flamencas, con m\u00e1s de 40 a\u00f1os de trayectoria, transmitiendo sus conocimientos a ni\u00f1os desde los 2 a\u00f1os y continuando sin l\u00edmite de edad. En el a\u00f1o 2019, comenz\u00f3 un trabajo de conectividad y psicomotricidad fina con personas adultas, supervisando dicho trabajo con psiquiatras y m\u00e9dicos, logrando resultados maravillosos. Actualmente dirige un coro de Casta\u00f1uelas de m\u00e1s de 60 mujeres, tocando distintos ritmos musicales y llevando este maravilloso arte por toda la provincia y en todo el pa\u00eds. As\u00ed, lleg\u00f3 la nominaci\u00f3n para ella y cinco alumnas, quienes representar\u00e1n a la Argentina e interpretar\u00e1n un tango con arreglos de la propia Angelini. Silvia afirma que llegar a esta instancia final en la competencia m\u00e1s importante del mundo de las casta\u00f1uelas, implica un compromiso permanente y mucho estudio, pero sobre todo siente mucha emoci\u00f3n por representar a nuestro pa\u00eds. \u201cSer elegidas a nivel mundial es una responsabilidad inolvidable\u201d.<\/p>\n<p>&nbsp;<\/p>\n<h4>Sobre el III Concurso de Casta\u00f1uelas Teresa Laiz:<\/h4>\n<p>&nbsp;<\/p>\n<p>El Concurso Internacional de Casta\u00f1uelas, creado por la concertista Teresa Laiz, es el primer y \u00fanico concurso que existe en el mundo exclusivamente dedicado a las casta\u00f1uelas en todas sus facetas. El objetivo del concurso es dar a conocer este instrumento en todas sus vertientes y hacerlas revivir, mostrando el desarrollo t\u00e9cnico virtuoso y creativo que poseen los actuales concertistas y bailarines.<\/p>\n<p>Las casta\u00f1uelas son un instrumento de percusi\u00f3n tradicional en muchos pa\u00edses, pero es sin duda en Espa\u00f1a donde se referencian ampliamente. Requiere de gran habilidad, coordinaci\u00f3n y sentido del ritmo para producir patrones r\u00edtmicos complejos.<\/p>\n<p>El proceso de selecci\u00f3n para el concurso fue evaluado por eximios concertistas de Casta\u00f1uelas de Espa\u00f1a, junto a la promotora de este, Teresa Laiz.<\/p>\n<p>La gala de semifinales tendr\u00e1 lugar el viernes 14 de febrero, en el Teatro Flamenco Madrid, y al d\u00eda siguiente se disputar\u00e1 la gran final. Mendoza sabr\u00e1 entonces si las campeonas internacionales de Casta\u00f1uelas traer\u00e1n el premio mayor a estas tierras.<\/p>\n<p>&nbsp;<\/p>\n<p>&nbsp;<\/p>\n","protected":false},"excerpt":{"rendered":"<p>Se trata del Grupo de Casta\u00f1uelas de Silvia Angelini, directora y profesora que incentiv\u00f3 a<\/p>\n","protected":false},"author":1,"featured_media":18724,"comment_status":"closed","ping_status":"closed","sticky":false,"template":"","format":"standard","meta":{"_jetpack_memberships_contains_paid_content":false,"footnotes":"","jetpack_publicize_message":"","jetpack_publicize_feature_enabled":true,"jetpack_social_post_already_shared":true,"jetpack_social_options":{"image_generator_settings":{"template":"highway","default_image_id":0,"font":"","enabled":false},"version":2}},"categories":[82,2],"tags":[],"class_list":["post-18723","post","type-post","status-publish","format-standard","has-post-thumbnail","hentry","category-concursos","category-musica"],"yoast_head":"<!-- This site is optimized with the Yoast SEO plugin v27.5 - https:\/\/yoast.com\/product\/yoast-seo-wordpress\/ -->\n<title>Mendocinas finalistas en Concurso Internacional de Casta\u00f1uelas en Espa\u00f1a - Tal Como Soy<\/title>\n<meta name=\"robots\" content=\"index, follow, max-snippet:-1, max-image-preview:large, max-video-preview:-1\" \/>\n<link rel=\"canonical\" href=\"https:\/\/talcomosoy.com.ar\/index.php\/mendocinas-finalistas-en-concurso-internacional-de-castanuelas-en-espana\/\" \/>\n<meta property=\"og:locale\" content=\"es_ES\" \/>\n<meta property=\"og:type\" content=\"article\" \/>\n<meta property=\"og:title\" content=\"Mendocinas finalistas en Concurso Internacional de Casta\u00f1uelas en Espa\u00f1a - Tal Como Soy\" \/>\n<meta property=\"og:description\" content=\"Se trata del Grupo de Casta\u00f1uelas de Silvia Angelini, directora y profesora que incentiv\u00f3 a\" \/>\n<meta property=\"og:url\" content=\"https:\/\/talcomosoy.com.ar\/index.php\/mendocinas-finalistas-en-concurso-internacional-de-castanuelas-en-espana\/\" \/>\n<meta property=\"og:site_name\" content=\"Tal Como Soy\" \/>\n<meta property=\"article:publisher\" content=\"https:\/\/www.facebook.com\/talcomosoyok\" \/>\n<meta property=\"article:author\" content=\"https:\/\/www.facebook.com\/sindamiranda\" \/>\n<meta property=\"article:published_time\" content=\"2025-02-07T14:49:45+00:00\" \/>\n<meta property=\"og:image\" content=\"https:\/\/i0.wp.com\/talcomosoy.com.ar\/wp-content\/uploads\/2025\/02\/Grupo-de-Castanuelas-de-Silvia-Angelini.jpeg?fit=1600%2C739&ssl=1\" \/>\n\t<meta property=\"og:image:width\" content=\"1600\" \/>\n\t<meta property=\"og:image:height\" content=\"739\" \/>\n\t<meta property=\"og:image:type\" content=\"image\/jpeg\" \/>\n<meta name=\"author\" content=\"Sinda Miranda\" \/>\n<meta name=\"twitter:card\" content=\"summary_large_image\" \/>\n<meta name=\"twitter:creator\" content=\"@sindamiranda\" \/>\n<meta name=\"twitter:site\" content=\"@talcomosoyok\" \/>\n<meta name=\"twitter:label1\" content=\"Escrito por\" \/>\n\t<meta name=\"twitter:data1\" content=\"Sinda Miranda\" \/>\n\t<meta name=\"twitter:label2\" content=\"Tiempo de lectura\" \/>\n\t<meta name=\"twitter:data2\" content=\"3 minutos\" \/>\n<script type=\"application\/ld+json\" class=\"yoast-schema-graph\">{\"@context\":\"https:\\\/\\\/schema.org\",\"@graph\":[{\"@type\":\"Article\",\"@id\":\"https:\\\/\\\/talcomosoy.com.ar\\\/index.php\\\/mendocinas-finalistas-en-concurso-internacional-de-castanuelas-en-espana\\\/#article\",\"isPartOf\":{\"@id\":\"https:\\\/\\\/talcomosoy.com.ar\\\/index.php\\\/mendocinas-finalistas-en-concurso-internacional-de-castanuelas-en-espana\\\/\"},\"author\":{\"name\":\"Sinda Miranda\",\"@id\":\"https:\\\/\\\/talcomosoy.com.ar\\\/#\\\/schema\\\/person\\\/496b3561bd436afcf2be92147ff855c9\"},\"headline\":\"Mendocinas finalistas en Concurso Internacional de Casta\u00f1uelas en Espa\u00f1a\",\"datePublished\":\"2025-02-07T14:49:45+00:00\",\"mainEntityOfPage\":{\"@id\":\"https:\\\/\\\/talcomosoy.com.ar\\\/index.php\\\/mendocinas-finalistas-en-concurso-internacional-de-castanuelas-en-espana\\\/\"},\"wordCount\":605,\"publisher\":{\"@id\":\"https:\\\/\\\/talcomosoy.com.ar\\\/#organization\"},\"image\":{\"@id\":\"https:\\\/\\\/talcomosoy.com.ar\\\/index.php\\\/mendocinas-finalistas-en-concurso-internacional-de-castanuelas-en-espana\\\/#primaryimage\"},\"thumbnailUrl\":\"https:\\\/\\\/i0.wp.com\\\/talcomosoy.com.ar\\\/wp-content\\\/uploads\\\/2025\\\/02\\\/Grupo-de-Castanuelas-de-Silvia-Angelini.jpeg?fit=1600%2C739&ssl=1\",\"articleSection\":[\"Concursos\",\"M\u00fasica\"],\"inLanguage\":\"es\"},{\"@type\":\"WebPage\",\"@id\":\"https:\\\/\\\/talcomosoy.com.ar\\\/index.php\\\/mendocinas-finalistas-en-concurso-internacional-de-castanuelas-en-espana\\\/\",\"url\":\"https:\\\/\\\/talcomosoy.com.ar\\\/index.php\\\/mendocinas-finalistas-en-concurso-internacional-de-castanuelas-en-espana\\\/\",\"name\":\"Mendocinas finalistas en Concurso Internacional de Casta\u00f1uelas en Espa\u00f1a - Tal Como Soy\",\"isPartOf\":{\"@id\":\"https:\\\/\\\/talcomosoy.com.ar\\\/#website\"},\"primaryImageOfPage\":{\"@id\":\"https:\\\/\\\/talcomosoy.com.ar\\\/index.php\\\/mendocinas-finalistas-en-concurso-internacional-de-castanuelas-en-espana\\\/#primaryimage\"},\"image\":{\"@id\":\"https:\\\/\\\/talcomosoy.com.ar\\\/index.php\\\/mendocinas-finalistas-en-concurso-internacional-de-castanuelas-en-espana\\\/#primaryimage\"},\"thumbnailUrl\":\"https:\\\/\\\/i0.wp.com\\\/talcomosoy.com.ar\\\/wp-content\\\/uploads\\\/2025\\\/02\\\/Grupo-de-Castanuelas-de-Silvia-Angelini.jpeg?fit=1600%2C739&ssl=1\",\"datePublished\":\"2025-02-07T14:49:45+00:00\",\"inLanguage\":\"es\",\"potentialAction\":[{\"@type\":\"ReadAction\",\"target\":[\"https:\\\/\\\/talcomosoy.com.ar\\\/index.php\\\/mendocinas-finalistas-en-concurso-internacional-de-castanuelas-en-espana\\\/\"]}]},{\"@type\":\"ImageObject\",\"inLanguage\":\"es\",\"@id\":\"https:\\\/\\\/talcomosoy.com.ar\\\/index.php\\\/mendocinas-finalistas-en-concurso-internacional-de-castanuelas-en-espana\\\/#primaryimage\",\"url\":\"https:\\\/\\\/i0.wp.com\\\/talcomosoy.com.ar\\\/wp-content\\\/uploads\\\/2025\\\/02\\\/Grupo-de-Castanuelas-de-Silvia-Angelini.jpeg?fit=1600%2C739&ssl=1\",\"contentUrl\":\"https:\\\/\\\/i0.wp.com\\\/talcomosoy.com.ar\\\/wp-content\\\/uploads\\\/2025\\\/02\\\/Grupo-de-Castanuelas-de-Silvia-Angelini.jpeg?fit=1600%2C739&ssl=1\",\"width\":1600,\"height\":739},{\"@type\":\"WebSite\",\"@id\":\"https:\\\/\\\/talcomosoy.com.ar\\\/#website\",\"url\":\"https:\\\/\\\/talcomosoy.com.ar\\\/\",\"name\":\"Tal Como Soy\",\"description\":\"Magazine Musical Digital\",\"publisher\":{\"@id\":\"https:\\\/\\\/talcomosoy.com.ar\\\/#organization\"},\"potentialAction\":[{\"@type\":\"SearchAction\",\"target\":{\"@type\":\"EntryPoint\",\"urlTemplate\":\"https:\\\/\\\/talcomosoy.com.ar\\\/?s={search_term_string}\"},\"query-input\":{\"@type\":\"PropertyValueSpecification\",\"valueRequired\":true,\"valueName\":\"search_term_string\"}}],\"inLanguage\":\"es\"},{\"@type\":\"Organization\",\"@id\":\"https:\\\/\\\/talcomosoy.com.ar\\\/#organization\",\"name\":\"Tal Como Soy\",\"url\":\"https:\\\/\\\/talcomosoy.com.ar\\\/\",\"logo\":{\"@type\":\"ImageObject\",\"inLanguage\":\"es\",\"@id\":\"https:\\\/\\\/talcomosoy.com.ar\\\/#\\\/schema\\\/logo\\\/image\\\/\",\"url\":\"https:\\\/\\\/i0.wp.com\\\/talcomosoy.com.ar\\\/wp-content\\\/uploads\\\/2020\\\/02\\\/PUA-2020-TRANSPARENTE.png?fit=570%2C382&ssl=1\",\"contentUrl\":\"https:\\\/\\\/i0.wp.com\\\/talcomosoy.com.ar\\\/wp-content\\\/uploads\\\/2020\\\/02\\\/PUA-2020-TRANSPARENTE.png?fit=570%2C382&ssl=1\",\"width\":570,\"height\":382,\"caption\":\"Tal Como Soy\"},\"image\":{\"@id\":\"https:\\\/\\\/talcomosoy.com.ar\\\/#\\\/schema\\\/logo\\\/image\\\/\"},\"sameAs\":[\"https:\\\/\\\/www.facebook.com\\\/talcomosoyok\",\"https:\\\/\\\/x.com\\\/talcomosoyok\",\"https:\\\/\\\/www.instagram.com\\\/talcomosoyok\",\"https:\\\/\\\/www.youtube.com\\\/channel\\\/UCrutZzYQmd9Fe8pEm5wqsiw\"]},{\"@type\":\"Person\",\"@id\":\"https:\\\/\\\/talcomosoy.com.ar\\\/#\\\/schema\\\/person\\\/496b3561bd436afcf2be92147ff855c9\",\"name\":\"Sinda Miranda\",\"image\":{\"@type\":\"ImageObject\",\"inLanguage\":\"es\",\"@id\":\"https:\\\/\\\/secure.gravatar.com\\\/avatar\\\/ab0e992fc0b7117fe730d00fb0e44073b1fd6e28d69de8e7ac3103f1396f445e?s=96&d=mm&r=g\",\"url\":\"https:\\\/\\\/secure.gravatar.com\\\/avatar\\\/ab0e992fc0b7117fe730d00fb0e44073b1fd6e28d69de8e7ac3103f1396f445e?s=96&d=mm&r=g\",\"contentUrl\":\"https:\\\/\\\/secure.gravatar.com\\\/avatar\\\/ab0e992fc0b7117fe730d00fb0e44073b1fd6e28d69de8e7ac3103f1396f445e?s=96&d=mm&r=g\",\"caption\":\"Sinda Miranda\"},\"description\":\"Escritora, Fot\u00f3grafa, Agente de Prensa\",\"sameAs\":[\"https:\\\/\\\/www.facebook.com\\\/sindamiranda\",\"https:\\\/\\\/www.instagram.com\\\/sindamiranda\",\"https:\\\/\\\/x.com\\\/sindamiranda\"],\"url\":\"https:\\\/\\\/talcomosoy.com.ar\\\/index.php\\\/author\\\/sindamirandatcs\\\/\"}]}<\/script>\n<!-- \/ Yoast SEO plugin. -->","yoast_head_json":{"title":"Mendocinas finalistas en Concurso Internacional de Casta\u00f1uelas en Espa\u00f1a - Tal Como Soy","robots":{"index":"index","follow":"follow","max-snippet":"max-snippet:-1","max-image-preview":"max-image-preview:large","max-video-preview":"max-video-preview:-1"},"canonical":"https:\/\/talcomosoy.com.ar\/index.php\/mendocinas-finalistas-en-concurso-internacional-de-castanuelas-en-espana\/","og_locale":"es_ES","og_type":"article","og_title":"Mendocinas finalistas en Concurso Internacional de Casta\u00f1uelas en Espa\u00f1a - Tal Como Soy","og_description":"Se trata del Grupo de Casta\u00f1uelas de Silvia Angelini, directora y profesora que incentiv\u00f3 a","og_url":"https:\/\/talcomosoy.com.ar\/index.php\/mendocinas-finalistas-en-concurso-internacional-de-castanuelas-en-espana\/","og_site_name":"Tal Como Soy","article_publisher":"https:\/\/www.facebook.com\/talcomosoyok","article_author":"https:\/\/www.facebook.com\/sindamiranda","article_published_time":"2025-02-07T14:49:45+00:00","og_image":[{"width":1600,"height":739,"url":"https:\/\/i0.wp.com\/talcomosoy.com.ar\/wp-content\/uploads\/2025\/02\/Grupo-de-Castanuelas-de-Silvia-Angelini.jpeg?fit=1600%2C739&ssl=1","type":"image\/jpeg"}],"author":"Sinda Miranda","twitter_card":"summary_large_image","twitter_creator":"@sindamiranda","twitter_site":"@talcomosoyok","twitter_misc":{"Escrito por":"Sinda Miranda","Tiempo de lectura":"3 minutos"},"schema":{"@context":"https:\/\/schema.org","@graph":[{"@type":"Article","@id":"https:\/\/talcomosoy.com.ar\/index.php\/mendocinas-finalistas-en-concurso-internacional-de-castanuelas-en-espana\/#article","isPartOf":{"@id":"https:\/\/talcomosoy.com.ar\/index.php\/mendocinas-finalistas-en-concurso-internacional-de-castanuelas-en-espana\/"},"author":{"name":"Sinda Miranda","@id":"https:\/\/talcomosoy.com.ar\/#\/schema\/person\/496b3561bd436afcf2be92147ff855c9"},"headline":"Mendocinas finalistas en Concurso Internacional de Casta\u00f1uelas en Espa\u00f1a","datePublished":"2025-02-07T14:49:45+00:00","mainEntityOfPage":{"@id":"https:\/\/talcomosoy.com.ar\/index.php\/mendocinas-finalistas-en-concurso-internacional-de-castanuelas-en-espana\/"},"wordCount":605,"publisher":{"@id":"https:\/\/talcomosoy.com.ar\/#organization"},"image":{"@id":"https:\/\/talcomosoy.com.ar\/index.php\/mendocinas-finalistas-en-concurso-internacional-de-castanuelas-en-espana\/#primaryimage"},"thumbnailUrl":"https:\/\/i0.wp.com\/talcomosoy.com.ar\/wp-content\/uploads\/2025\/02\/Grupo-de-Castanuelas-de-Silvia-Angelini.jpeg?fit=1600%2C739&ssl=1","articleSection":["Concursos","M\u00fasica"],"inLanguage":"es"},{"@type":"WebPage","@id":"https:\/\/talcomosoy.com.ar\/index.php\/mendocinas-finalistas-en-concurso-internacional-de-castanuelas-en-espana\/","url":"https:\/\/talcomosoy.com.ar\/index.php\/mendocinas-finalistas-en-concurso-internacional-de-castanuelas-en-espana\/","name":"Mendocinas finalistas en Concurso Internacional de Casta\u00f1uelas en Espa\u00f1a - Tal Como Soy","isPartOf":{"@id":"https:\/\/talcomosoy.com.ar\/#website"},"primaryImageOfPage":{"@id":"https:\/\/talcomosoy.com.ar\/index.php\/mendocinas-finalistas-en-concurso-internacional-de-castanuelas-en-espana\/#primaryimage"},"image":{"@id":"https:\/\/talcomosoy.com.ar\/index.php\/mendocinas-finalistas-en-concurso-internacional-de-castanuelas-en-espana\/#primaryimage"},"thumbnailUrl":"https:\/\/i0.wp.com\/talcomosoy.com.ar\/wp-content\/uploads\/2025\/02\/Grupo-de-Castanuelas-de-Silvia-Angelini.jpeg?fit=1600%2C739&ssl=1","datePublished":"2025-02-07T14:49:45+00:00","inLanguage":"es","potentialAction":[{"@type":"ReadAction","target":["https:\/\/talcomosoy.com.ar\/index.php\/mendocinas-finalistas-en-concurso-internacional-de-castanuelas-en-espana\/"]}]},{"@type":"ImageObject","inLanguage":"es","@id":"https:\/\/talcomosoy.com.ar\/index.php\/mendocinas-finalistas-en-concurso-internacional-de-castanuelas-en-espana\/#primaryimage","url":"https:\/\/i0.wp.com\/talcomosoy.com.ar\/wp-content\/uploads\/2025\/02\/Grupo-de-Castanuelas-de-Silvia-Angelini.jpeg?fit=1600%2C739&ssl=1","contentUrl":"https:\/\/i0.wp.com\/talcomosoy.com.ar\/wp-content\/uploads\/2025\/02\/Grupo-de-Castanuelas-de-Silvia-Angelini.jpeg?fit=1600%2C739&ssl=1","width":1600,"height":739},{"@type":"WebSite","@id":"https:\/\/talcomosoy.com.ar\/#website","url":"https:\/\/talcomosoy.com.ar\/","name":"Tal Como Soy","description":"Magazine Musical Digital","publisher":{"@id":"https:\/\/talcomosoy.com.ar\/#organization"},"potentialAction":[{"@type":"SearchAction","target":{"@type":"EntryPoint","urlTemplate":"https:\/\/talcomosoy.com.ar\/?s={search_term_string}"},"query-input":{"@type":"PropertyValueSpecification","valueRequired":true,"valueName":"search_term_string"}}],"inLanguage":"es"},{"@type":"Organization","@id":"https:\/\/talcomosoy.com.ar\/#organization","name":"Tal Como Soy","url":"https:\/\/talcomosoy.com.ar\/","logo":{"@type":"ImageObject","inLanguage":"es","@id":"https:\/\/talcomosoy.com.ar\/#\/schema\/logo\/image\/","url":"https:\/\/i0.wp.com\/talcomosoy.com.ar\/wp-content\/uploads\/2020\/02\/PUA-2020-TRANSPARENTE.png?fit=570%2C382&ssl=1","contentUrl":"https:\/\/i0.wp.com\/talcomosoy.com.ar\/wp-content\/uploads\/2020\/02\/PUA-2020-TRANSPARENTE.png?fit=570%2C382&ssl=1","width":570,"height":382,"caption":"Tal Como Soy"},"image":{"@id":"https:\/\/talcomosoy.com.ar\/#\/schema\/logo\/image\/"},"sameAs":["https:\/\/www.facebook.com\/talcomosoyok","https:\/\/x.com\/talcomosoyok","https:\/\/www.instagram.com\/talcomosoyok","https:\/\/www.youtube.com\/channel\/UCrutZzYQmd9Fe8pEm5wqsiw"]},{"@type":"Person","@id":"https:\/\/talcomosoy.com.ar\/#\/schema\/person\/496b3561bd436afcf2be92147ff855c9","name":"Sinda Miranda","image":{"@type":"ImageObject","inLanguage":"es","@id":"https:\/\/secure.gravatar.com\/avatar\/ab0e992fc0b7117fe730d00fb0e44073b1fd6e28d69de8e7ac3103f1396f445e?s=96&d=mm&r=g","url":"https:\/\/secure.gravatar.com\/avatar\/ab0e992fc0b7117fe730d00fb0e44073b1fd6e28d69de8e7ac3103f1396f445e?s=96&d=mm&r=g","contentUrl":"https:\/\/secure.gravatar.com\/avatar\/ab0e992fc0b7117fe730d00fb0e44073b1fd6e28d69de8e7ac3103f1396f445e?s=96&d=mm&r=g","caption":"Sinda Miranda"},"description":"Escritora, Fot\u00f3grafa, Agente de Prensa","sameAs":["https:\/\/www.facebook.com\/sindamiranda","https:\/\/www.instagram.com\/sindamiranda","https:\/\/x.com\/sindamiranda"],"url":"https:\/\/talcomosoy.com.ar\/index.php\/author\/sindamirandatcs\/"}]}},"jetpack_publicize_connections":[],"jetpack_featured_media_url":"https:\/\/i0.wp.com\/talcomosoy.com.ar\/wp-content\/uploads\/2025\/02\/Grupo-de-Castanuelas-de-Silvia-Angelini.jpeg?fit=1600%2C739&ssl=1","jetpack_sharing_enabled":true,"jetpack_likes_enabled":true,"_links":{"self":[{"href":"https:\/\/talcomosoy.com.ar\/index.php\/wp-json\/wp\/v2\/posts\/18723","targetHints":{"allow":["GET"]}}],"collection":[{"href":"https:\/\/talcomosoy.com.ar\/index.php\/wp-json\/wp\/v2\/posts"}],"about":[{"href":"https:\/\/talcomosoy.com.ar\/index.php\/wp-json\/wp\/v2\/types\/post"}],"author":[{"embeddable":true,"href":"https:\/\/talcomosoy.com.ar\/index.php\/wp-json\/wp\/v2\/users\/1"}],"replies":[{"embeddable":true,"href":"https:\/\/talcomosoy.com.ar\/index.php\/wp-json\/wp\/v2\/comments?post=18723"}],"version-history":[{"count":1,"href":"https:\/\/talcomosoy.com.ar\/index.php\/wp-json\/wp\/v2\/posts\/18723\/revisions"}],"predecessor-version":[{"id":18725,"href":"https:\/\/talcomosoy.com.ar\/index.php\/wp-json\/wp\/v2\/posts\/18723\/revisions\/18725"}],"wp:featuredmedia":[{"embeddable":true,"href":"https:\/\/talcomosoy.com.ar\/index.php\/wp-json\/wp\/v2\/media\/18724"}],"wp:attachment":[{"href":"https:\/\/talcomosoy.com.ar\/index.php\/wp-json\/wp\/v2\/media?parent=18723"}],"wp:term":[{"taxonomy":"category","embeddable":true,"href":"https:\/\/talcomosoy.com.ar\/index.php\/wp-json\/wp\/v2\/categories?post=18723"},{"taxonomy":"post_tag","embeddable":true,"href":"https:\/\/talcomosoy.com.ar\/index.php\/wp-json\/wp\/v2\/tags?post=18723"}],"curies":[{"name":"wp","href":"https:\/\/api.w.org\/{rel}","templated":true}]}}