{"id":18275,"date":"2024-11-22T09:08:12","date_gmt":"2024-11-22T12:08:12","guid":{"rendered":"https:\/\/talcomosoy.com.ar\/?p=18275"},"modified":"2024-11-22T09:09:19","modified_gmt":"2024-11-22T12:09:19","slug":"llega-el-festival-provincial-de-cine-mirada-oeste-2024","status":"publish","type":"post","link":"https:\/\/talcomosoy.com.ar\/index.php\/llega-el-festival-provincial-de-cine-mirada-oeste-2024\/","title":{"rendered":"Llega el Festival Provincial de Cine Mirada Oeste 2024"},"content":{"rendered":"<h3>Desde este s\u00e1bado 23 y hasta el 30 de noviembre se desarrollar\u00e1 en Mendoza el festival cinematogr\u00e1fico m\u00e1s importante de la regi\u00f3n. Con una amplia programaci\u00f3n el p\u00fablico podr\u00e1 acceder a proyecciones gratuitas y distribuidas en distintos puntos de la provincia.<\/h3>\n<p>&nbsp;<\/p>\n<p>Organizado por la <strong>Municipalidad de Godoy Cruz<\/strong> y la <strong>Subsecretar\u00eda de Cultura de Mendoza<\/strong>, el <em><strong>Festival Provincial de Cine Mirada Oeste<\/strong> <\/em>busca promover el avance de proyectos, como as\u00ed tambi\u00e9n generar contenidos de inter\u00e9s para ser difundidos. Esta nueva entrega propone diferentes acciones para apoyar la producci\u00f3n audiovisual local y a sus hacedores, con importantes premios.<\/p>\n<p>Mirada Oeste acompa\u00f1a varias etapas de las realizaciones audiovisuales con diversas actividades y concursos de competencia de cortometrajes, producci\u00f3n de proyectos de cortometrajes y laboratorio de desarrollo de guion. Adem\u00e1s, este a\u00f1o se premiar\u00e1 contenidos bajo la categor\u00eda \u201cCortometraje provincial\u201d. Los diversos concursos est\u00e1n destinados a las y los estudiantes en formaci\u00f3n audiovisual de la provincia de Mendoza, quienes podr\u00e1n presentar propuestas deber\u00e1n consultar bases y condiciones aqu\u00ed.<\/p>\n<p>&nbsp;<\/p>\n<h3>Actividades para el p\u00fablico<\/h3>\n<p>&nbsp;<\/p>\n<h4>S\u00e1bado 23 de noviembre<\/h4>\n<p><strong>18H.<\/strong> Pel\u00edcula: El Aroma del pasto reci\u00e9n cortado, de Celina Murga<br \/>\nEntrada general $3.000 por www.entradaweb.com<\/p>\n<p><strong>20:10H<\/strong> Charla con directora Celina Murga<br \/>\nNave UNCuyo | Sala Verde Cine Universidad (Maza 250, Ciudad de Mendoza)<\/p>\n<p><strong>21H.<\/strong> Apertura del festival &#8211; Experiencia Nosferatu<br \/>\nProyecci\u00f3n de la pel\u00edcula original de 1922, en compa\u00f1\u00eda de la m\u00fasica en vivo a cargo de Jorge Martin en piano.<br \/>\nEntrada General: $2.000 por www.entradaweb.com.ar<br \/>\nEspacio Arizu (Belgrano 1322, Godoy Cruz)<\/p>\n<p><strong>21H.<\/strong> Pel\u00edcula: El Jockey, de Luis Ortega<br \/>\nEntrada general $3.000 por www.entradaweb.com<\/p>\n<p><strong>22:45H<\/strong> Charla con Director<br \/>\nNave UNCuyo | Sala Verde Cine Universidad (Maza 250, Ciudad de Mendoza)<\/p>\n<p>&nbsp;<\/p>\n<h4>Domingo 24 de noviembre<\/h4>\n<p><strong>21H.<\/strong> Ciclo de Cine Argentino. Pel\u00edcula: Gitano (1970), de Emilio Vieyra<br \/>\nEntrada gratuita por orden de llegada<br \/>\nTeatro Sportsman (Paso de los Andes 1634, Godoy Cruz)<\/p>\n<h4>Lunes 25 de noviembre<\/h4>\n<p><strong>21H.<\/strong> Ciclo de Cine Argentino. Pel\u00edcula: Un cuento chino (2011), de Sebasti\u00e1n Borensztein<br \/>\nEntrada gratuita por orden de llegada<br \/>\nTeatro Sportsman (Paso de los Andes 1634, Godoy Cruz)<\/p>\n<p>&nbsp;<\/p>\n<h4>Martes 26 de noviembre<\/h4>\n<p><strong>20.30H.<\/strong> Pel\u00edcula: Pap\u00e1 al rescate, de Marcos Carnevale<br \/>\nEntrada gratuita por orden de llegada<br \/>\nCasa del Bicentenario Juanita Vera (Villa Tulumaya, Lavalle)<\/p>\n<p><strong>20.30H.<\/strong> Pel\u00edcula: Las herramientas de la soledad, de Gaspar G\u00f3mez<br \/>\nEntrada gratuita por orden de llegada<br \/>\nCine Teatro Ducal (Lavalle 740, Rivadavia)<\/p>\n<p><strong>21H.<\/strong> Pel\u00edcula: Empieza el Baile, de Marina Seresesky<br \/>\nEntrada gratuita por orden de llegada<br \/>\nCasa del Bicentenario (Neuqu\u00e9n 75, La Colonia, Jun\u00edn)<\/p>\n<p><strong>21H.<\/strong> Ciclo de Cine Argentino. Pel\u00edcula: Caballos salvajes (1995), de Marcelo Pi\u00f1eyro<br \/>\nEntrada gratuita por orden de llegada<br \/>\nTeatro Sportsman (Paso de los Andes 1634, Godoy Cruz)<\/p>\n<p>&nbsp;<\/p>\n<h4>Mi\u00e9rcoles 27 de noviembre<\/h4>\n<p><strong>21H.<\/strong> Ciclo de Cine Argentino. Pel\u00edcula: Nueve reinas (2000), de Fabi\u00e1n Bielinsky<br \/>\nEntrada gratuita por orden de llegada<br \/>\nTeatro Sportsman (Paso de los Andes 1634, Godoy Cruz)<\/p>\n<p>&nbsp;<\/p>\n<h4>Jueves 28 de noviembre<\/h4>\n<p><strong>20H.<\/strong> Proyecci\u00f3n: Cantando las ra\u00edces, de Leda Valladares. Intervenci\u00f3n art\u00edstica: Cristina P\u00e9rez-Sandra Amaya. Estreno en Mendoza<\/p>\n<p><strong>21H<\/strong>. Conversatorio<br \/>\nEntrada gratuita por orden de llegada<br \/>\nBiblioteca P\u00fablica Gral. San Mart\u00edn (Remedios de Escalada 1843, Ciudad de Mendoza)<\/p>\n<p><strong>20.30H.<\/strong> Pel\u00edcula: Historias invisibles, de Guillermo Navarro<br \/>\nEntrada gratuita por orden de llegada<br \/>\nEspacio Cultural Julio Le Parc (Mitre y Godoy Cruz, Guaymall\u00e9n)<\/p>\n<p><strong>20.30H.<\/strong> Pel\u00edcula: Un r\u00edo que no cesa de cantar, de Alfredo Troncoso<br \/>\nEntrada gratuita por orden de llegada<br \/>\nMuseo Carlos Alonso (Av. Emilio Civit 348, Ciudad de Mendoza)<\/p>\n<p><strong>21H.<\/strong> Ciclo de Cine Argentino. Pel\u00edcula: Relatos salvajes (2014) de Dami\u00e1n Szifr\u00f3n<br \/>\nEntrada gratuita por orden de llegada<br \/>\nTeatro Sportsman (Paso de los Andes 1634, Godoy Cruz)<\/p>\n<p>&nbsp;<\/p>\n<h4>Viernes 29 de noviembre<\/h4>\n<p><strong>20.30H.<\/strong> Proyecci\u00f3n: 34 C\u00f3ndores. Una aproximaci\u00f3n a la tragedia de Los Molles<br \/>\nEntrada gratuita por orden de llegada<br \/>\nMuseo Cornelio Moyano (Av. Las Tipas y Prado Espa\u00f1ol s\/n. Parque Gral. San Mart\u00edn)<\/p>\n<p><strong>21H.<\/strong> Terror en el s\u00f3tano. Pel\u00edcula: La casa de los 1000 cuerpos (2003), de Rob Zombie<br \/>\nEntrada gratuita por orden de llegada<br \/>\nEspacio Arizu (Belgrano 1322, Godoy Cruz)<\/p>\n<p>&nbsp;<\/p>\n<h4>S\u00e1bado 30 de noviembre<\/h4>\n<p><strong>20.30H.<\/strong> Las Milagros existen, de Andr\u00e9s Llugany<br \/>\nEntrada gratuita por orden de llegada<br \/>\nTeatro Pulgarcito (Parque Gral. San Mart\u00edn)<\/p>\n<p><strong>20.30H.<\/strong> Lagunas, de Federico Cardone<br \/>\nEntrada gratuita por orden de llegada<br \/>\nMuseo Carlos Alonso (Av. Emilio Civit 348, Ciudad de Mendoza)<\/p>\n<p><strong>21H.<\/strong> Pel\u00edcula: Doctor Cerebro<br \/>\nEntrada gratuita por orden de llegada<br \/>\nEspacio Arizu (Belgrano 1322, Godoy Cruz)<\/p>\n<p>&nbsp;<\/p>\n<p>&nbsp;<\/p>\n<p>&nbsp;<\/p>\n<p>&nbsp;<\/p>\n","protected":false},"excerpt":{"rendered":"<p>Desde este s\u00e1bado 23 y hasta el 30 de noviembre se desarrollar\u00e1 en Mendoza el<\/p>\n","protected":false},"author":1,"featured_media":18277,"comment_status":"closed","ping_status":"closed","sticky":false,"template":"","format":"standard","meta":{"_jetpack_memberships_contains_paid_content":false,"footnotes":"","jetpack_publicize_message":"","jetpack_publicize_feature_enabled":true,"jetpack_social_post_already_shared":true,"jetpack_social_options":{"image_generator_settings":{"template":"highway","default_image_id":0,"font":"","enabled":false},"version":2}},"categories":[308,28,406,30],"tags":[],"class_list":["post-18275","post","type-post","status-publish","format-standard","has-post-thumbnail","hentry","category-agenda-cultural-y-turistica","category-cine","category-festival-provincial-de-cine-mirada-oeste","category-festivales"],"yoast_head":"<!-- This site is optimized with the Yoast SEO plugin v27.5 - https:\/\/yoast.com\/product\/yoast-seo-wordpress\/ -->\n<title>Llega el Festival Provincial de Cine Mirada Oeste 2024 - Tal Como Soy<\/title>\n<meta name=\"robots\" content=\"index, follow, max-snippet:-1, max-image-preview:large, max-video-preview:-1\" \/>\n<link rel=\"canonical\" href=\"https:\/\/talcomosoy.com.ar\/index.php\/llega-el-festival-provincial-de-cine-mirada-oeste-2024\/\" \/>\n<meta property=\"og:locale\" content=\"es_ES\" \/>\n<meta property=\"og:type\" content=\"article\" \/>\n<meta property=\"og:title\" content=\"Llega el Festival Provincial de Cine Mirada Oeste 2024 - Tal Como Soy\" \/>\n<meta property=\"og:description\" content=\"Desde este s\u00e1bado 23 y hasta el 30 de noviembre se desarrollar\u00e1 en Mendoza el\" \/>\n<meta property=\"og:url\" content=\"https:\/\/talcomosoy.com.ar\/index.php\/llega-el-festival-provincial-de-cine-mirada-oeste-2024\/\" \/>\n<meta property=\"og:site_name\" content=\"Tal Como Soy\" \/>\n<meta property=\"article:publisher\" content=\"https:\/\/www.facebook.com\/talcomosoyok\" \/>\n<meta property=\"article:author\" content=\"https:\/\/www.facebook.com\/sindamiranda\" \/>\n<meta property=\"article:published_time\" content=\"2024-11-22T12:08:12+00:00\" \/>\n<meta property=\"article:modified_time\" content=\"2024-11-22T12:09:19+00:00\" \/>\n<meta property=\"og:image\" content=\"https:\/\/i0.wp.com\/talcomosoy.com.ar\/wp-content\/uploads\/2024\/11\/Mirada-Oeste-1.jpg?fit=969%2C624&ssl=1\" \/>\n\t<meta property=\"og:image:width\" content=\"969\" \/>\n\t<meta property=\"og:image:height\" content=\"624\" \/>\n\t<meta property=\"og:image:type\" content=\"image\/jpeg\" \/>\n<meta name=\"author\" content=\"Sinda Miranda\" \/>\n<meta name=\"twitter:card\" content=\"summary_large_image\" \/>\n<meta name=\"twitter:creator\" content=\"@sindamiranda\" \/>\n<meta name=\"twitter:site\" content=\"@talcomosoyok\" \/>\n<meta name=\"twitter:label1\" content=\"Escrito por\" \/>\n\t<meta name=\"twitter:data1\" content=\"Sinda Miranda\" \/>\n\t<meta name=\"twitter:label2\" content=\"Tiempo de lectura\" \/>\n\t<meta name=\"twitter:data2\" content=\"4 minutos\" \/>\n<script type=\"application\/ld+json\" class=\"yoast-schema-graph\">{\"@context\":\"https:\\\/\\\/schema.org\",\"@graph\":[{\"@type\":\"Article\",\"@id\":\"https:\\\/\\\/talcomosoy.com.ar\\\/index.php\\\/llega-el-festival-provincial-de-cine-mirada-oeste-2024\\\/#article\",\"isPartOf\":{\"@id\":\"https:\\\/\\\/talcomosoy.com.ar\\\/index.php\\\/llega-el-festival-provincial-de-cine-mirada-oeste-2024\\\/\"},\"author\":{\"name\":\"Sinda Miranda\",\"@id\":\"https:\\\/\\\/talcomosoy.com.ar\\\/#\\\/schema\\\/person\\\/496b3561bd436afcf2be92147ff855c9\"},\"headline\":\"Llega el Festival Provincial de Cine Mirada Oeste 2024\",\"datePublished\":\"2024-11-22T12:08:12+00:00\",\"dateModified\":\"2024-11-22T12:09:19+00:00\",\"mainEntityOfPage\":{\"@id\":\"https:\\\/\\\/talcomosoy.com.ar\\\/index.php\\\/llega-el-festival-provincial-de-cine-mirada-oeste-2024\\\/\"},\"wordCount\":763,\"publisher\":{\"@id\":\"https:\\\/\\\/talcomosoy.com.ar\\\/#organization\"},\"image\":{\"@id\":\"https:\\\/\\\/talcomosoy.com.ar\\\/index.php\\\/llega-el-festival-provincial-de-cine-mirada-oeste-2024\\\/#primaryimage\"},\"thumbnailUrl\":\"https:\\\/\\\/i0.wp.com\\\/talcomosoy.com.ar\\\/wp-content\\\/uploads\\\/2024\\\/11\\\/Mirada-Oeste-1.jpg?fit=969%2C624&ssl=1\",\"articleSection\":[\"Agenda Cultural y Tur\u00edstica\",\"Cine\",\"Festival Provincial de Cine Mirada Oeste\",\"Festivales\"],\"inLanguage\":\"es\"},{\"@type\":\"WebPage\",\"@id\":\"https:\\\/\\\/talcomosoy.com.ar\\\/index.php\\\/llega-el-festival-provincial-de-cine-mirada-oeste-2024\\\/\",\"url\":\"https:\\\/\\\/talcomosoy.com.ar\\\/index.php\\\/llega-el-festival-provincial-de-cine-mirada-oeste-2024\\\/\",\"name\":\"Llega el Festival Provincial de Cine Mirada Oeste 2024 - Tal Como Soy\",\"isPartOf\":{\"@id\":\"https:\\\/\\\/talcomosoy.com.ar\\\/#website\"},\"primaryImageOfPage\":{\"@id\":\"https:\\\/\\\/talcomosoy.com.ar\\\/index.php\\\/llega-el-festival-provincial-de-cine-mirada-oeste-2024\\\/#primaryimage\"},\"image\":{\"@id\":\"https:\\\/\\\/talcomosoy.com.ar\\\/index.php\\\/llega-el-festival-provincial-de-cine-mirada-oeste-2024\\\/#primaryimage\"},\"thumbnailUrl\":\"https:\\\/\\\/i0.wp.com\\\/talcomosoy.com.ar\\\/wp-content\\\/uploads\\\/2024\\\/11\\\/Mirada-Oeste-1.jpg?fit=969%2C624&ssl=1\",\"datePublished\":\"2024-11-22T12:08:12+00:00\",\"dateModified\":\"2024-11-22T12:09:19+00:00\",\"inLanguage\":\"es\",\"potentialAction\":[{\"@type\":\"ReadAction\",\"target\":[\"https:\\\/\\\/talcomosoy.com.ar\\\/index.php\\\/llega-el-festival-provincial-de-cine-mirada-oeste-2024\\\/\"]}]},{\"@type\":\"ImageObject\",\"inLanguage\":\"es\",\"@id\":\"https:\\\/\\\/talcomosoy.com.ar\\\/index.php\\\/llega-el-festival-provincial-de-cine-mirada-oeste-2024\\\/#primaryimage\",\"url\":\"https:\\\/\\\/i0.wp.com\\\/talcomosoy.com.ar\\\/wp-content\\\/uploads\\\/2024\\\/11\\\/Mirada-Oeste-1.jpg?fit=969%2C624&ssl=1\",\"contentUrl\":\"https:\\\/\\\/i0.wp.com\\\/talcomosoy.com.ar\\\/wp-content\\\/uploads\\\/2024\\\/11\\\/Mirada-Oeste-1.jpg?fit=969%2C624&ssl=1\",\"width\":969,\"height\":624},{\"@type\":\"WebSite\",\"@id\":\"https:\\\/\\\/talcomosoy.com.ar\\\/#website\",\"url\":\"https:\\\/\\\/talcomosoy.com.ar\\\/\",\"name\":\"Tal Como Soy\",\"description\":\"Magazine Musical Digital\",\"publisher\":{\"@id\":\"https:\\\/\\\/talcomosoy.com.ar\\\/#organization\"},\"potentialAction\":[{\"@type\":\"SearchAction\",\"target\":{\"@type\":\"EntryPoint\",\"urlTemplate\":\"https:\\\/\\\/talcomosoy.com.ar\\\/?s={search_term_string}\"},\"query-input\":{\"@type\":\"PropertyValueSpecification\",\"valueRequired\":true,\"valueName\":\"search_term_string\"}}],\"inLanguage\":\"es\"},{\"@type\":\"Organization\",\"@id\":\"https:\\\/\\\/talcomosoy.com.ar\\\/#organization\",\"name\":\"Tal Como Soy\",\"url\":\"https:\\\/\\\/talcomosoy.com.ar\\\/\",\"logo\":{\"@type\":\"ImageObject\",\"inLanguage\":\"es\",\"@id\":\"https:\\\/\\\/talcomosoy.com.ar\\\/#\\\/schema\\\/logo\\\/image\\\/\",\"url\":\"https:\\\/\\\/i0.wp.com\\\/talcomosoy.com.ar\\\/wp-content\\\/uploads\\\/2020\\\/02\\\/PUA-2020-TRANSPARENTE.png?fit=570%2C382&ssl=1\",\"contentUrl\":\"https:\\\/\\\/i0.wp.com\\\/talcomosoy.com.ar\\\/wp-content\\\/uploads\\\/2020\\\/02\\\/PUA-2020-TRANSPARENTE.png?fit=570%2C382&ssl=1\",\"width\":570,\"height\":382,\"caption\":\"Tal Como Soy\"},\"image\":{\"@id\":\"https:\\\/\\\/talcomosoy.com.ar\\\/#\\\/schema\\\/logo\\\/image\\\/\"},\"sameAs\":[\"https:\\\/\\\/www.facebook.com\\\/talcomosoyok\",\"https:\\\/\\\/x.com\\\/talcomosoyok\",\"https:\\\/\\\/www.instagram.com\\\/talcomosoyok\",\"https:\\\/\\\/www.youtube.com\\\/channel\\\/UCrutZzYQmd9Fe8pEm5wqsiw\"]},{\"@type\":\"Person\",\"@id\":\"https:\\\/\\\/talcomosoy.com.ar\\\/#\\\/schema\\\/person\\\/496b3561bd436afcf2be92147ff855c9\",\"name\":\"Sinda Miranda\",\"image\":{\"@type\":\"ImageObject\",\"inLanguage\":\"es\",\"@id\":\"https:\\\/\\\/secure.gravatar.com\\\/avatar\\\/ab0e992fc0b7117fe730d00fb0e44073b1fd6e28d69de8e7ac3103f1396f445e?s=96&d=mm&r=g\",\"url\":\"https:\\\/\\\/secure.gravatar.com\\\/avatar\\\/ab0e992fc0b7117fe730d00fb0e44073b1fd6e28d69de8e7ac3103f1396f445e?s=96&d=mm&r=g\",\"contentUrl\":\"https:\\\/\\\/secure.gravatar.com\\\/avatar\\\/ab0e992fc0b7117fe730d00fb0e44073b1fd6e28d69de8e7ac3103f1396f445e?s=96&d=mm&r=g\",\"caption\":\"Sinda Miranda\"},\"description\":\"Escritora, Fot\u00f3grafa, Agente de Prensa\",\"sameAs\":[\"https:\\\/\\\/www.facebook.com\\\/sindamiranda\",\"https:\\\/\\\/www.instagram.com\\\/sindamiranda\",\"https:\\\/\\\/x.com\\\/sindamiranda\"],\"url\":\"https:\\\/\\\/talcomosoy.com.ar\\\/index.php\\\/author\\\/sindamirandatcs\\\/\"}]}<\/script>\n<!-- \/ Yoast SEO plugin. -->","yoast_head_json":{"title":"Llega el Festival Provincial de Cine Mirada Oeste 2024 - Tal Como Soy","robots":{"index":"index","follow":"follow","max-snippet":"max-snippet:-1","max-image-preview":"max-image-preview:large","max-video-preview":"max-video-preview:-1"},"canonical":"https:\/\/talcomosoy.com.ar\/index.php\/llega-el-festival-provincial-de-cine-mirada-oeste-2024\/","og_locale":"es_ES","og_type":"article","og_title":"Llega el Festival Provincial de Cine Mirada Oeste 2024 - Tal Como Soy","og_description":"Desde este s\u00e1bado 23 y hasta el 30 de noviembre se desarrollar\u00e1 en Mendoza el","og_url":"https:\/\/talcomosoy.com.ar\/index.php\/llega-el-festival-provincial-de-cine-mirada-oeste-2024\/","og_site_name":"Tal Como Soy","article_publisher":"https:\/\/www.facebook.com\/talcomosoyok","article_author":"https:\/\/www.facebook.com\/sindamiranda","article_published_time":"2024-11-22T12:08:12+00:00","article_modified_time":"2024-11-22T12:09:19+00:00","og_image":[{"width":969,"height":624,"url":"https:\/\/i0.wp.com\/talcomosoy.com.ar\/wp-content\/uploads\/2024\/11\/Mirada-Oeste-1.jpg?fit=969%2C624&ssl=1","type":"image\/jpeg"}],"author":"Sinda Miranda","twitter_card":"summary_large_image","twitter_creator":"@sindamiranda","twitter_site":"@talcomosoyok","twitter_misc":{"Escrito por":"Sinda Miranda","Tiempo de lectura":"4 minutos"},"schema":{"@context":"https:\/\/schema.org","@graph":[{"@type":"Article","@id":"https:\/\/talcomosoy.com.ar\/index.php\/llega-el-festival-provincial-de-cine-mirada-oeste-2024\/#article","isPartOf":{"@id":"https:\/\/talcomosoy.com.ar\/index.php\/llega-el-festival-provincial-de-cine-mirada-oeste-2024\/"},"author":{"name":"Sinda Miranda","@id":"https:\/\/talcomosoy.com.ar\/#\/schema\/person\/496b3561bd436afcf2be92147ff855c9"},"headline":"Llega el Festival Provincial de Cine Mirada Oeste 2024","datePublished":"2024-11-22T12:08:12+00:00","dateModified":"2024-11-22T12:09:19+00:00","mainEntityOfPage":{"@id":"https:\/\/talcomosoy.com.ar\/index.php\/llega-el-festival-provincial-de-cine-mirada-oeste-2024\/"},"wordCount":763,"publisher":{"@id":"https:\/\/talcomosoy.com.ar\/#organization"},"image":{"@id":"https:\/\/talcomosoy.com.ar\/index.php\/llega-el-festival-provincial-de-cine-mirada-oeste-2024\/#primaryimage"},"thumbnailUrl":"https:\/\/i0.wp.com\/talcomosoy.com.ar\/wp-content\/uploads\/2024\/11\/Mirada-Oeste-1.jpg?fit=969%2C624&ssl=1","articleSection":["Agenda Cultural y Tur\u00edstica","Cine","Festival Provincial de Cine Mirada Oeste","Festivales"],"inLanguage":"es"},{"@type":"WebPage","@id":"https:\/\/talcomosoy.com.ar\/index.php\/llega-el-festival-provincial-de-cine-mirada-oeste-2024\/","url":"https:\/\/talcomosoy.com.ar\/index.php\/llega-el-festival-provincial-de-cine-mirada-oeste-2024\/","name":"Llega el Festival Provincial de Cine Mirada Oeste 2024 - Tal Como Soy","isPartOf":{"@id":"https:\/\/talcomosoy.com.ar\/#website"},"primaryImageOfPage":{"@id":"https:\/\/talcomosoy.com.ar\/index.php\/llega-el-festival-provincial-de-cine-mirada-oeste-2024\/#primaryimage"},"image":{"@id":"https:\/\/talcomosoy.com.ar\/index.php\/llega-el-festival-provincial-de-cine-mirada-oeste-2024\/#primaryimage"},"thumbnailUrl":"https:\/\/i0.wp.com\/talcomosoy.com.ar\/wp-content\/uploads\/2024\/11\/Mirada-Oeste-1.jpg?fit=969%2C624&ssl=1","datePublished":"2024-11-22T12:08:12+00:00","dateModified":"2024-11-22T12:09:19+00:00","inLanguage":"es","potentialAction":[{"@type":"ReadAction","target":["https:\/\/talcomosoy.com.ar\/index.php\/llega-el-festival-provincial-de-cine-mirada-oeste-2024\/"]}]},{"@type":"ImageObject","inLanguage":"es","@id":"https:\/\/talcomosoy.com.ar\/index.php\/llega-el-festival-provincial-de-cine-mirada-oeste-2024\/#primaryimage","url":"https:\/\/i0.wp.com\/talcomosoy.com.ar\/wp-content\/uploads\/2024\/11\/Mirada-Oeste-1.jpg?fit=969%2C624&ssl=1","contentUrl":"https:\/\/i0.wp.com\/talcomosoy.com.ar\/wp-content\/uploads\/2024\/11\/Mirada-Oeste-1.jpg?fit=969%2C624&ssl=1","width":969,"height":624},{"@type":"WebSite","@id":"https:\/\/talcomosoy.com.ar\/#website","url":"https:\/\/talcomosoy.com.ar\/","name":"Tal Como Soy","description":"Magazine Musical Digital","publisher":{"@id":"https:\/\/talcomosoy.com.ar\/#organization"},"potentialAction":[{"@type":"SearchAction","target":{"@type":"EntryPoint","urlTemplate":"https:\/\/talcomosoy.com.ar\/?s={search_term_string}"},"query-input":{"@type":"PropertyValueSpecification","valueRequired":true,"valueName":"search_term_string"}}],"inLanguage":"es"},{"@type":"Organization","@id":"https:\/\/talcomosoy.com.ar\/#organization","name":"Tal Como Soy","url":"https:\/\/talcomosoy.com.ar\/","logo":{"@type":"ImageObject","inLanguage":"es","@id":"https:\/\/talcomosoy.com.ar\/#\/schema\/logo\/image\/","url":"https:\/\/i0.wp.com\/talcomosoy.com.ar\/wp-content\/uploads\/2020\/02\/PUA-2020-TRANSPARENTE.png?fit=570%2C382&ssl=1","contentUrl":"https:\/\/i0.wp.com\/talcomosoy.com.ar\/wp-content\/uploads\/2020\/02\/PUA-2020-TRANSPARENTE.png?fit=570%2C382&ssl=1","width":570,"height":382,"caption":"Tal Como Soy"},"image":{"@id":"https:\/\/talcomosoy.com.ar\/#\/schema\/logo\/image\/"},"sameAs":["https:\/\/www.facebook.com\/talcomosoyok","https:\/\/x.com\/talcomosoyok","https:\/\/www.instagram.com\/talcomosoyok","https:\/\/www.youtube.com\/channel\/UCrutZzYQmd9Fe8pEm5wqsiw"]},{"@type":"Person","@id":"https:\/\/talcomosoy.com.ar\/#\/schema\/person\/496b3561bd436afcf2be92147ff855c9","name":"Sinda Miranda","image":{"@type":"ImageObject","inLanguage":"es","@id":"https:\/\/secure.gravatar.com\/avatar\/ab0e992fc0b7117fe730d00fb0e44073b1fd6e28d69de8e7ac3103f1396f445e?s=96&d=mm&r=g","url":"https:\/\/secure.gravatar.com\/avatar\/ab0e992fc0b7117fe730d00fb0e44073b1fd6e28d69de8e7ac3103f1396f445e?s=96&d=mm&r=g","contentUrl":"https:\/\/secure.gravatar.com\/avatar\/ab0e992fc0b7117fe730d00fb0e44073b1fd6e28d69de8e7ac3103f1396f445e?s=96&d=mm&r=g","caption":"Sinda Miranda"},"description":"Escritora, Fot\u00f3grafa, Agente de Prensa","sameAs":["https:\/\/www.facebook.com\/sindamiranda","https:\/\/www.instagram.com\/sindamiranda","https:\/\/x.com\/sindamiranda"],"url":"https:\/\/talcomosoy.com.ar\/index.php\/author\/sindamirandatcs\/"}]}},"jetpack_publicize_connections":[],"jetpack_featured_media_url":"https:\/\/i0.wp.com\/talcomosoy.com.ar\/wp-content\/uploads\/2024\/11\/Mirada-Oeste-1.jpg?fit=969%2C624&ssl=1","jetpack_sharing_enabled":true,"jetpack_likes_enabled":true,"_links":{"self":[{"href":"https:\/\/talcomosoy.com.ar\/index.php\/wp-json\/wp\/v2\/posts\/18275","targetHints":{"allow":["GET"]}}],"collection":[{"href":"https:\/\/talcomosoy.com.ar\/index.php\/wp-json\/wp\/v2\/posts"}],"about":[{"href":"https:\/\/talcomosoy.com.ar\/index.php\/wp-json\/wp\/v2\/types\/post"}],"author":[{"embeddable":true,"href":"https:\/\/talcomosoy.com.ar\/index.php\/wp-json\/wp\/v2\/users\/1"}],"replies":[{"embeddable":true,"href":"https:\/\/talcomosoy.com.ar\/index.php\/wp-json\/wp\/v2\/comments?post=18275"}],"version-history":[{"count":2,"href":"https:\/\/talcomosoy.com.ar\/index.php\/wp-json\/wp\/v2\/posts\/18275\/revisions"}],"predecessor-version":[{"id":18278,"href":"https:\/\/talcomosoy.com.ar\/index.php\/wp-json\/wp\/v2\/posts\/18275\/revisions\/18278"}],"wp:featuredmedia":[{"embeddable":true,"href":"https:\/\/talcomosoy.com.ar\/index.php\/wp-json\/wp\/v2\/media\/18277"}],"wp:attachment":[{"href":"https:\/\/talcomosoy.com.ar\/index.php\/wp-json\/wp\/v2\/media?parent=18275"}],"wp:term":[{"taxonomy":"category","embeddable":true,"href":"https:\/\/talcomosoy.com.ar\/index.php\/wp-json\/wp\/v2\/categories?post=18275"},{"taxonomy":"post_tag","embeddable":true,"href":"https:\/\/talcomosoy.com.ar\/index.php\/wp-json\/wp\/v2\/tags?post=18275"}],"curies":[{"name":"wp","href":"https:\/\/api.w.org\/{rel}","templated":true}]}}