{"id":17873,"date":"2024-10-16T14:07:19","date_gmt":"2024-10-16T17:07:19","guid":{"rendered":"https:\/\/talcomosoy.com.ar\/?p=17873"},"modified":"2024-10-16T14:07:19","modified_gmt":"2024-10-16T17:07:19","slug":"simo-desembarca-en-la-escena-musical-con-su-primer-single-original-solo-tomo-mil-anos","status":"publish","type":"post","link":"https:\/\/talcomosoy.com.ar\/index.php\/simo-desembarca-en-la-escena-musical-con-su-primer-single-original-solo-tomo-mil-anos\/","title":{"rendered":"Simo desembarca en la escena musical con su primer single original \u00abSolo tom\u00f3 mil a\u00f1os\u00bb"},"content":{"rendered":"<h3>La popular anisinger chilena se lanza como artista pop\/rock con una historia de amor y esperanza.<\/h3>\n<p>&nbsp;<\/p>\n<p>Despu\u00e9s de 8 a\u00f1os de conquistar el coraz\u00f3n de los fans con sus covers de openings de anime, Simo se presenta en sociedad con su primer single original, \u00abS\u00f3lo Tom\u00f3 Mil A\u00f1os\u00bb. Este lanzamiento marca un hito en su carrera ya que expande su faceta m\u00fasical, no s\u00f3lo como anisinger, ahora tambi\u00e9n adentr\u00e1ndose en el mundo del Pop \/ Rock.<\/p>\n<p>&nbsp;<\/p>\n<h3>SOBRE EL SINGLE<\/h3>\n<p>&nbsp;<\/p>\n<p><em><strong>\u00abS\u00f3lo Tom\u00f3 Mil A\u00f1os\u00bb<\/strong> <\/em>es una canci\u00f3n que narra la historia de un amor que parec\u00eda imposible, pero que finalmente llega a buen puerto. Con influencias del J Rock y un estilo que recuerda a las presentaciones de series de anime, este single es el opening de su propia historia como artista.<\/p>\n<p>&nbsp;<\/p>\n<h3>DALE PLAY<\/h3>\n<p>&nbsp;<\/p>\n<p><iframe title=\"Spotify Embed: S\u00f3lo tom\u00f3 mil a\u00f1os\" style=\"border-radius: 12px\" width=\"100%\" height=\"352\" frameborder=\"0\" allowfullscreen allow=\"autoplay; clipboard-write; encrypted-media; fullscreen; picture-in-picture\" loading=\"lazy\" src=\"https:\/\/open.spotify.com\/embed\/album\/6X1FJxrzbQ4y7UyyublKEL?si=1PjIaVHBRPe_RZGPHKC9NQ&#038;utm_source=oembed\"><\/iframe><\/p>\n<p>&nbsp;<\/p>\n<p>&nbsp;<\/p>\n<h3>SOBRE SIMO<\/h3>\n<p>&nbsp;<\/p>\n<p>Con 235k seguidores en YouTube y 40k en Spotify, Simone Weber es una de las anisinger m\u00e1s destacadas de la escena. Originaria de Chile, ha conquistado el coraz\u00f3n de los fans con su energ\u00eda y pasi\u00f3n.<\/p>\n<p><em>\u00abLanzar este single significa much\u00edsimo para m\u00ed, porque estoy cumpliendo un sue\u00f1o que jam\u00e1s imagin\u00e9 ser\u00eda posible. El poder transmitir con mis palabras y mis melod\u00edas, un pedacito de m\u00ed, de mi historia, de c\u00f3mo veo el mundo. Y con ello, tener la maravillosa posibilidad de poder tocar el coraz\u00f3n de las personas. Y que as\u00ed, de alguna forma, pueda contribuir a que logren conectar con ellos mismos, con su sentir y puedan recibir de m\u00ed, quiz\u00e1s, ese empujoncito que les pueda faltar para atreverse a ser quienes su coraz\u00f3n les pide a gritos ser. Para m\u00ed, mi m\u00fasica es un medio con el que quiero contribuir a sanar los corazones de las personas y lograr que este mundo sea un lugar mejor. Ese es mi prop\u00f3sito\u00bb<\/em><\/p>\n<p>El single est\u00e1 acompa\u00f1ado por un lyric video en su canal de YouTube que retrata la hermosa historia de amor.<\/p>\n<div class=\"jetpack-video-wrapper\"><iframe loading=\"lazy\" title=\"SIMO - S\u00f3lo tom\u00f3 mil a\u00f1os (Lyric Video) - M\u00fasica original\" width=\"640\" height=\"360\" src=\"https:\/\/www.youtube.com\/embed\/uqdhc2qNQIs?feature=oembed\" frameborder=\"0\" allow=\"accelerometer; autoplay; clipboard-write; encrypted-media; gyroscope; picture-in-picture; web-share\" referrerpolicy=\"strict-origin-when-cross-origin\" allowfullscreen><\/iframe><\/div>\n<p>&nbsp;<\/p>\n","protected":false},"excerpt":{"rendered":"<p>La popular anisinger chilena se lanza como artista pop\/rock con una historia de amor y<\/p>\n","protected":false},"author":1,"featured_media":17874,"comment_status":"closed","ping_status":"closed","sticky":false,"template":"","format":"standard","meta":{"_jetpack_memberships_contains_paid_content":false,"footnotes":"","jetpack_publicize_message":"","jetpack_publicize_feature_enabled":true,"jetpack_social_post_already_shared":true,"jetpack_social_options":{"image_generator_settings":{"template":"highway","default_image_id":0,"font":"","enabled":false},"version":2}},"categories":[2,289],"tags":[],"class_list":["post-17873","post","type-post","status-publish","format-standard","has-post-thumbnail","hentry","category-musica","category-tcsinternacional"],"yoast_head":"<!-- This site is optimized with the Yoast SEO plugin v27.5 - https:\/\/yoast.com\/product\/yoast-seo-wordpress\/ -->\n<title>Simo desembarca en la escena musical con su primer single original &quot;Solo tom\u00f3 mil a\u00f1os&quot; - Tal Como Soy<\/title>\n<meta name=\"robots\" content=\"index, follow, max-snippet:-1, max-image-preview:large, max-video-preview:-1\" \/>\n<link rel=\"canonical\" href=\"https:\/\/talcomosoy.com.ar\/index.php\/simo-desembarca-en-la-escena-musical-con-su-primer-single-original-solo-tomo-mil-anos\/\" \/>\n<meta property=\"og:locale\" content=\"es_ES\" \/>\n<meta property=\"og:type\" content=\"article\" \/>\n<meta property=\"og:title\" content=\"Simo desembarca en la escena musical con su primer single original &quot;Solo tom\u00f3 mil a\u00f1os&quot; - Tal Como Soy\" \/>\n<meta property=\"og:description\" content=\"La popular anisinger chilena se lanza como artista pop\/rock con una historia de amor y\" \/>\n<meta property=\"og:url\" content=\"https:\/\/talcomosoy.com.ar\/index.php\/simo-desembarca-en-la-escena-musical-con-su-primer-single-original-solo-tomo-mil-anos\/\" \/>\n<meta property=\"og:site_name\" content=\"Tal Como Soy\" \/>\n<meta property=\"article:publisher\" content=\"https:\/\/www.facebook.com\/talcomosoyok\" \/>\n<meta property=\"article:author\" content=\"https:\/\/www.facebook.com\/sindamiranda\" \/>\n<meta property=\"article:published_time\" content=\"2024-10-16T17:07:19+00:00\" \/>\n<meta property=\"og:image\" content=\"https:\/\/i0.wp.com\/talcomosoy.com.ar\/wp-content\/uploads\/2024\/10\/Screenshot_20241016_140540_Gallery.jpg?fit=1079%2C602&ssl=1\" \/>\n\t<meta property=\"og:image:width\" content=\"1079\" \/>\n\t<meta property=\"og:image:height\" content=\"602\" \/>\n\t<meta property=\"og:image:type\" content=\"image\/jpeg\" \/>\n<meta name=\"author\" content=\"Sinda Miranda\" \/>\n<meta name=\"twitter:card\" content=\"summary_large_image\" \/>\n<meta name=\"twitter:creator\" content=\"@sindamiranda\" \/>\n<meta name=\"twitter:site\" content=\"@talcomosoyok\" \/>\n<meta name=\"twitter:label1\" content=\"Escrito por\" \/>\n\t<meta name=\"twitter:data1\" content=\"Sinda Miranda\" \/>\n\t<meta name=\"twitter:label2\" content=\"Tiempo de lectura\" \/>\n\t<meta name=\"twitter:data2\" content=\"2 minutos\" \/>\n<script type=\"application\/ld+json\" class=\"yoast-schema-graph\">{\"@context\":\"https:\\\/\\\/schema.org\",\"@graph\":[{\"@type\":\"Article\",\"@id\":\"https:\\\/\\\/talcomosoy.com.ar\\\/index.php\\\/simo-desembarca-en-la-escena-musical-con-su-primer-single-original-solo-tomo-mil-anos\\\/#article\",\"isPartOf\":{\"@id\":\"https:\\\/\\\/talcomosoy.com.ar\\\/index.php\\\/simo-desembarca-en-la-escena-musical-con-su-primer-single-original-solo-tomo-mil-anos\\\/\"},\"author\":{\"name\":\"Sinda Miranda\",\"@id\":\"https:\\\/\\\/talcomosoy.com.ar\\\/#\\\/schema\\\/person\\\/496b3561bd436afcf2be92147ff855c9\"},\"headline\":\"Simo desembarca en la escena musical con su primer single original \u00abSolo tom\u00f3 mil a\u00f1os\u00bb\",\"datePublished\":\"2024-10-16T17:07:19+00:00\",\"mainEntityOfPage\":{\"@id\":\"https:\\\/\\\/talcomosoy.com.ar\\\/index.php\\\/simo-desembarca-en-la-escena-musical-con-su-primer-single-original-solo-tomo-mil-anos\\\/\"},\"wordCount\":392,\"publisher\":{\"@id\":\"https:\\\/\\\/talcomosoy.com.ar\\\/#organization\"},\"image\":{\"@id\":\"https:\\\/\\\/talcomosoy.com.ar\\\/index.php\\\/simo-desembarca-en-la-escena-musical-con-su-primer-single-original-solo-tomo-mil-anos\\\/#primaryimage\"},\"thumbnailUrl\":\"https:\\\/\\\/i0.wp.com\\\/talcomosoy.com.ar\\\/wp-content\\\/uploads\\\/2024\\\/10\\\/Screenshot_20241016_140540_Gallery.jpg?fit=1079%2C602&ssl=1\",\"articleSection\":[\"M\u00fasica\",\"TCSInternacional\"],\"inLanguage\":\"es\"},{\"@type\":\"WebPage\",\"@id\":\"https:\\\/\\\/talcomosoy.com.ar\\\/index.php\\\/simo-desembarca-en-la-escena-musical-con-su-primer-single-original-solo-tomo-mil-anos\\\/\",\"url\":\"https:\\\/\\\/talcomosoy.com.ar\\\/index.php\\\/simo-desembarca-en-la-escena-musical-con-su-primer-single-original-solo-tomo-mil-anos\\\/\",\"name\":\"Simo desembarca en la escena musical con su primer single original \\\"Solo tom\u00f3 mil a\u00f1os\\\" - Tal Como Soy\",\"isPartOf\":{\"@id\":\"https:\\\/\\\/talcomosoy.com.ar\\\/#website\"},\"primaryImageOfPage\":{\"@id\":\"https:\\\/\\\/talcomosoy.com.ar\\\/index.php\\\/simo-desembarca-en-la-escena-musical-con-su-primer-single-original-solo-tomo-mil-anos\\\/#primaryimage\"},\"image\":{\"@id\":\"https:\\\/\\\/talcomosoy.com.ar\\\/index.php\\\/simo-desembarca-en-la-escena-musical-con-su-primer-single-original-solo-tomo-mil-anos\\\/#primaryimage\"},\"thumbnailUrl\":\"https:\\\/\\\/i0.wp.com\\\/talcomosoy.com.ar\\\/wp-content\\\/uploads\\\/2024\\\/10\\\/Screenshot_20241016_140540_Gallery.jpg?fit=1079%2C602&ssl=1\",\"datePublished\":\"2024-10-16T17:07:19+00:00\",\"inLanguage\":\"es\",\"potentialAction\":[{\"@type\":\"ReadAction\",\"target\":[\"https:\\\/\\\/talcomosoy.com.ar\\\/index.php\\\/simo-desembarca-en-la-escena-musical-con-su-primer-single-original-solo-tomo-mil-anos\\\/\"]}]},{\"@type\":\"ImageObject\",\"inLanguage\":\"es\",\"@id\":\"https:\\\/\\\/talcomosoy.com.ar\\\/index.php\\\/simo-desembarca-en-la-escena-musical-con-su-primer-single-original-solo-tomo-mil-anos\\\/#primaryimage\",\"url\":\"https:\\\/\\\/i0.wp.com\\\/talcomosoy.com.ar\\\/wp-content\\\/uploads\\\/2024\\\/10\\\/Screenshot_20241016_140540_Gallery.jpg?fit=1079%2C602&ssl=1\",\"contentUrl\":\"https:\\\/\\\/i0.wp.com\\\/talcomosoy.com.ar\\\/wp-content\\\/uploads\\\/2024\\\/10\\\/Screenshot_20241016_140540_Gallery.jpg?fit=1079%2C602&ssl=1\",\"width\":1079,\"height\":602},{\"@type\":\"WebSite\",\"@id\":\"https:\\\/\\\/talcomosoy.com.ar\\\/#website\",\"url\":\"https:\\\/\\\/talcomosoy.com.ar\\\/\",\"name\":\"Tal Como Soy\",\"description\":\"Magazine Musical Digital\",\"publisher\":{\"@id\":\"https:\\\/\\\/talcomosoy.com.ar\\\/#organization\"},\"potentialAction\":[{\"@type\":\"SearchAction\",\"target\":{\"@type\":\"EntryPoint\",\"urlTemplate\":\"https:\\\/\\\/talcomosoy.com.ar\\\/?s={search_term_string}\"},\"query-input\":{\"@type\":\"PropertyValueSpecification\",\"valueRequired\":true,\"valueName\":\"search_term_string\"}}],\"inLanguage\":\"es\"},{\"@type\":\"Organization\",\"@id\":\"https:\\\/\\\/talcomosoy.com.ar\\\/#organization\",\"name\":\"Tal Como Soy\",\"url\":\"https:\\\/\\\/talcomosoy.com.ar\\\/\",\"logo\":{\"@type\":\"ImageObject\",\"inLanguage\":\"es\",\"@id\":\"https:\\\/\\\/talcomosoy.com.ar\\\/#\\\/schema\\\/logo\\\/image\\\/\",\"url\":\"https:\\\/\\\/i0.wp.com\\\/talcomosoy.com.ar\\\/wp-content\\\/uploads\\\/2020\\\/02\\\/PUA-2020-TRANSPARENTE.png?fit=570%2C382&ssl=1\",\"contentUrl\":\"https:\\\/\\\/i0.wp.com\\\/talcomosoy.com.ar\\\/wp-content\\\/uploads\\\/2020\\\/02\\\/PUA-2020-TRANSPARENTE.png?fit=570%2C382&ssl=1\",\"width\":570,\"height\":382,\"caption\":\"Tal Como Soy\"},\"image\":{\"@id\":\"https:\\\/\\\/talcomosoy.com.ar\\\/#\\\/schema\\\/logo\\\/image\\\/\"},\"sameAs\":[\"https:\\\/\\\/www.facebook.com\\\/talcomosoyok\",\"https:\\\/\\\/x.com\\\/talcomosoyok\",\"https:\\\/\\\/www.instagram.com\\\/talcomosoyok\",\"https:\\\/\\\/www.youtube.com\\\/channel\\\/UCrutZzYQmd9Fe8pEm5wqsiw\"]},{\"@type\":\"Person\",\"@id\":\"https:\\\/\\\/talcomosoy.com.ar\\\/#\\\/schema\\\/person\\\/496b3561bd436afcf2be92147ff855c9\",\"name\":\"Sinda Miranda\",\"image\":{\"@type\":\"ImageObject\",\"inLanguage\":\"es\",\"@id\":\"https:\\\/\\\/secure.gravatar.com\\\/avatar\\\/ab0e992fc0b7117fe730d00fb0e44073b1fd6e28d69de8e7ac3103f1396f445e?s=96&d=mm&r=g\",\"url\":\"https:\\\/\\\/secure.gravatar.com\\\/avatar\\\/ab0e992fc0b7117fe730d00fb0e44073b1fd6e28d69de8e7ac3103f1396f445e?s=96&d=mm&r=g\",\"contentUrl\":\"https:\\\/\\\/secure.gravatar.com\\\/avatar\\\/ab0e992fc0b7117fe730d00fb0e44073b1fd6e28d69de8e7ac3103f1396f445e?s=96&d=mm&r=g\",\"caption\":\"Sinda Miranda\"},\"description\":\"Escritora, Fot\u00f3grafa, Agente de Prensa\",\"sameAs\":[\"https:\\\/\\\/www.facebook.com\\\/sindamiranda\",\"https:\\\/\\\/www.instagram.com\\\/sindamiranda\",\"https:\\\/\\\/x.com\\\/sindamiranda\"],\"url\":\"https:\\\/\\\/talcomosoy.com.ar\\\/index.php\\\/author\\\/sindamirandatcs\\\/\"}]}<\/script>\n<!-- \/ Yoast SEO plugin. -->","yoast_head_json":{"title":"Simo desembarca en la escena musical con su primer single original \"Solo tom\u00f3 mil a\u00f1os\" - Tal Como Soy","robots":{"index":"index","follow":"follow","max-snippet":"max-snippet:-1","max-image-preview":"max-image-preview:large","max-video-preview":"max-video-preview:-1"},"canonical":"https:\/\/talcomosoy.com.ar\/index.php\/simo-desembarca-en-la-escena-musical-con-su-primer-single-original-solo-tomo-mil-anos\/","og_locale":"es_ES","og_type":"article","og_title":"Simo desembarca en la escena musical con su primer single original \"Solo tom\u00f3 mil a\u00f1os\" - Tal Como Soy","og_description":"La popular anisinger chilena se lanza como artista pop\/rock con una historia de amor y","og_url":"https:\/\/talcomosoy.com.ar\/index.php\/simo-desembarca-en-la-escena-musical-con-su-primer-single-original-solo-tomo-mil-anos\/","og_site_name":"Tal Como Soy","article_publisher":"https:\/\/www.facebook.com\/talcomosoyok","article_author":"https:\/\/www.facebook.com\/sindamiranda","article_published_time":"2024-10-16T17:07:19+00:00","og_image":[{"width":1079,"height":602,"url":"https:\/\/i0.wp.com\/talcomosoy.com.ar\/wp-content\/uploads\/2024\/10\/Screenshot_20241016_140540_Gallery.jpg?fit=1079%2C602&ssl=1","type":"image\/jpeg"}],"author":"Sinda Miranda","twitter_card":"summary_large_image","twitter_creator":"@sindamiranda","twitter_site":"@talcomosoyok","twitter_misc":{"Escrito por":"Sinda Miranda","Tiempo de lectura":"2 minutos"},"schema":{"@context":"https:\/\/schema.org","@graph":[{"@type":"Article","@id":"https:\/\/talcomosoy.com.ar\/index.php\/simo-desembarca-en-la-escena-musical-con-su-primer-single-original-solo-tomo-mil-anos\/#article","isPartOf":{"@id":"https:\/\/talcomosoy.com.ar\/index.php\/simo-desembarca-en-la-escena-musical-con-su-primer-single-original-solo-tomo-mil-anos\/"},"author":{"name":"Sinda Miranda","@id":"https:\/\/talcomosoy.com.ar\/#\/schema\/person\/496b3561bd436afcf2be92147ff855c9"},"headline":"Simo desembarca en la escena musical con su primer single original \u00abSolo tom\u00f3 mil a\u00f1os\u00bb","datePublished":"2024-10-16T17:07:19+00:00","mainEntityOfPage":{"@id":"https:\/\/talcomosoy.com.ar\/index.php\/simo-desembarca-en-la-escena-musical-con-su-primer-single-original-solo-tomo-mil-anos\/"},"wordCount":392,"publisher":{"@id":"https:\/\/talcomosoy.com.ar\/#organization"},"image":{"@id":"https:\/\/talcomosoy.com.ar\/index.php\/simo-desembarca-en-la-escena-musical-con-su-primer-single-original-solo-tomo-mil-anos\/#primaryimage"},"thumbnailUrl":"https:\/\/i0.wp.com\/talcomosoy.com.ar\/wp-content\/uploads\/2024\/10\/Screenshot_20241016_140540_Gallery.jpg?fit=1079%2C602&ssl=1","articleSection":["M\u00fasica","TCSInternacional"],"inLanguage":"es"},{"@type":"WebPage","@id":"https:\/\/talcomosoy.com.ar\/index.php\/simo-desembarca-en-la-escena-musical-con-su-primer-single-original-solo-tomo-mil-anos\/","url":"https:\/\/talcomosoy.com.ar\/index.php\/simo-desembarca-en-la-escena-musical-con-su-primer-single-original-solo-tomo-mil-anos\/","name":"Simo desembarca en la escena musical con su primer single original \"Solo tom\u00f3 mil a\u00f1os\" - Tal Como Soy","isPartOf":{"@id":"https:\/\/talcomosoy.com.ar\/#website"},"primaryImageOfPage":{"@id":"https:\/\/talcomosoy.com.ar\/index.php\/simo-desembarca-en-la-escena-musical-con-su-primer-single-original-solo-tomo-mil-anos\/#primaryimage"},"image":{"@id":"https:\/\/talcomosoy.com.ar\/index.php\/simo-desembarca-en-la-escena-musical-con-su-primer-single-original-solo-tomo-mil-anos\/#primaryimage"},"thumbnailUrl":"https:\/\/i0.wp.com\/talcomosoy.com.ar\/wp-content\/uploads\/2024\/10\/Screenshot_20241016_140540_Gallery.jpg?fit=1079%2C602&ssl=1","datePublished":"2024-10-16T17:07:19+00:00","inLanguage":"es","potentialAction":[{"@type":"ReadAction","target":["https:\/\/talcomosoy.com.ar\/index.php\/simo-desembarca-en-la-escena-musical-con-su-primer-single-original-solo-tomo-mil-anos\/"]}]},{"@type":"ImageObject","inLanguage":"es","@id":"https:\/\/talcomosoy.com.ar\/index.php\/simo-desembarca-en-la-escena-musical-con-su-primer-single-original-solo-tomo-mil-anos\/#primaryimage","url":"https:\/\/i0.wp.com\/talcomosoy.com.ar\/wp-content\/uploads\/2024\/10\/Screenshot_20241016_140540_Gallery.jpg?fit=1079%2C602&ssl=1","contentUrl":"https:\/\/i0.wp.com\/talcomosoy.com.ar\/wp-content\/uploads\/2024\/10\/Screenshot_20241016_140540_Gallery.jpg?fit=1079%2C602&ssl=1","width":1079,"height":602},{"@type":"WebSite","@id":"https:\/\/talcomosoy.com.ar\/#website","url":"https:\/\/talcomosoy.com.ar\/","name":"Tal Como Soy","description":"Magazine Musical Digital","publisher":{"@id":"https:\/\/talcomosoy.com.ar\/#organization"},"potentialAction":[{"@type":"SearchAction","target":{"@type":"EntryPoint","urlTemplate":"https:\/\/talcomosoy.com.ar\/?s={search_term_string}"},"query-input":{"@type":"PropertyValueSpecification","valueRequired":true,"valueName":"search_term_string"}}],"inLanguage":"es"},{"@type":"Organization","@id":"https:\/\/talcomosoy.com.ar\/#organization","name":"Tal Como Soy","url":"https:\/\/talcomosoy.com.ar\/","logo":{"@type":"ImageObject","inLanguage":"es","@id":"https:\/\/talcomosoy.com.ar\/#\/schema\/logo\/image\/","url":"https:\/\/i0.wp.com\/talcomosoy.com.ar\/wp-content\/uploads\/2020\/02\/PUA-2020-TRANSPARENTE.png?fit=570%2C382&ssl=1","contentUrl":"https:\/\/i0.wp.com\/talcomosoy.com.ar\/wp-content\/uploads\/2020\/02\/PUA-2020-TRANSPARENTE.png?fit=570%2C382&ssl=1","width":570,"height":382,"caption":"Tal Como Soy"},"image":{"@id":"https:\/\/talcomosoy.com.ar\/#\/schema\/logo\/image\/"},"sameAs":["https:\/\/www.facebook.com\/talcomosoyok","https:\/\/x.com\/talcomosoyok","https:\/\/www.instagram.com\/talcomosoyok","https:\/\/www.youtube.com\/channel\/UCrutZzYQmd9Fe8pEm5wqsiw"]},{"@type":"Person","@id":"https:\/\/talcomosoy.com.ar\/#\/schema\/person\/496b3561bd436afcf2be92147ff855c9","name":"Sinda Miranda","image":{"@type":"ImageObject","inLanguage":"es","@id":"https:\/\/secure.gravatar.com\/avatar\/ab0e992fc0b7117fe730d00fb0e44073b1fd6e28d69de8e7ac3103f1396f445e?s=96&d=mm&r=g","url":"https:\/\/secure.gravatar.com\/avatar\/ab0e992fc0b7117fe730d00fb0e44073b1fd6e28d69de8e7ac3103f1396f445e?s=96&d=mm&r=g","contentUrl":"https:\/\/secure.gravatar.com\/avatar\/ab0e992fc0b7117fe730d00fb0e44073b1fd6e28d69de8e7ac3103f1396f445e?s=96&d=mm&r=g","caption":"Sinda Miranda"},"description":"Escritora, Fot\u00f3grafa, Agente de Prensa","sameAs":["https:\/\/www.facebook.com\/sindamiranda","https:\/\/www.instagram.com\/sindamiranda","https:\/\/x.com\/sindamiranda"],"url":"https:\/\/talcomosoy.com.ar\/index.php\/author\/sindamirandatcs\/"}]}},"jetpack_publicize_connections":[],"jetpack_featured_media_url":"https:\/\/i0.wp.com\/talcomosoy.com.ar\/wp-content\/uploads\/2024\/10\/Screenshot_20241016_140540_Gallery.jpg?fit=1079%2C602&ssl=1","jetpack_sharing_enabled":true,"jetpack_likes_enabled":true,"_links":{"self":[{"href":"https:\/\/talcomosoy.com.ar\/index.php\/wp-json\/wp\/v2\/posts\/17873","targetHints":{"allow":["GET"]}}],"collection":[{"href":"https:\/\/talcomosoy.com.ar\/index.php\/wp-json\/wp\/v2\/posts"}],"about":[{"href":"https:\/\/talcomosoy.com.ar\/index.php\/wp-json\/wp\/v2\/types\/post"}],"author":[{"embeddable":true,"href":"https:\/\/talcomosoy.com.ar\/index.php\/wp-json\/wp\/v2\/users\/1"}],"replies":[{"embeddable":true,"href":"https:\/\/talcomosoy.com.ar\/index.php\/wp-json\/wp\/v2\/comments?post=17873"}],"version-history":[{"count":1,"href":"https:\/\/talcomosoy.com.ar\/index.php\/wp-json\/wp\/v2\/posts\/17873\/revisions"}],"predecessor-version":[{"id":17875,"href":"https:\/\/talcomosoy.com.ar\/index.php\/wp-json\/wp\/v2\/posts\/17873\/revisions\/17875"}],"wp:featuredmedia":[{"embeddable":true,"href":"https:\/\/talcomosoy.com.ar\/index.php\/wp-json\/wp\/v2\/media\/17874"}],"wp:attachment":[{"href":"https:\/\/talcomosoy.com.ar\/index.php\/wp-json\/wp\/v2\/media?parent=17873"}],"wp:term":[{"taxonomy":"category","embeddable":true,"href":"https:\/\/talcomosoy.com.ar\/index.php\/wp-json\/wp\/v2\/categories?post=17873"},{"taxonomy":"post_tag","embeddable":true,"href":"https:\/\/talcomosoy.com.ar\/index.php\/wp-json\/wp\/v2\/tags?post=17873"}],"curies":[{"name":"wp","href":"https:\/\/api.w.org\/{rel}","templated":true}]}}