{"id":17745,"date":"2024-10-04T10:37:35","date_gmt":"2024-10-04T13:37:35","guid":{"rendered":"https:\/\/talcomosoy.com.ar\/?p=17745"},"modified":"2024-10-04T10:37:35","modified_gmt":"2024-10-04T13:37:35","slug":"se-viene-la-fiesta-y-encuentro-de-las-colectividades-de-mendoza-2024","status":"publish","type":"post","link":"https:\/\/talcomosoy.com.ar\/index.php\/se-viene-la-fiesta-y-encuentro-de-las-colectividades-de-mendoza-2024\/","title":{"rendered":"Se viene la Fiesta y Encuentro de las Colectividades de Mendoza 2024"},"content":{"rendered":"<h3>El 10, 11 y 12 de octubre, desde las 20h, mendocinos y turistas podr\u00e1n disfrutar de los sabores y la cultura de m\u00e1s de 40 regiones.<\/h3>\n<p>&nbsp;<\/p>\n<p>Guaymall\u00e9n se prepara una vez m\u00e1s para recibir a los pa\u00edses del mundo. El jueves 10, viernes 11 y s\u00e1bado 12 de octubre, a partir de las 20h, se realizar\u00e1 una nueva edici\u00f3n de la Fiesta y Encuentro de las Colectividades de Mendoza. Ser\u00e1 en el Boulevard Dorrego, entre Joaqu\u00edn Castellanos y Comandante Espora, con entrada libre y gratuita.<\/p>\n<p>Las diferentes culturas vuelven a visitar el departamento con una propuesta que incluir\u00e1 m\u00e1s de 40 colectividades, 70 puestos gastron\u00f3micos, m\u00e1s de 140 puestos de artesanos y productores locales, una amplia oferta de vinos y cervezas artesanales y espect\u00e1culos art\u00edsticos.<\/p>\n<p>Ser\u00e1 un recorrido de sabores, experiencias y degustaciones; con m\u00fasica, danzas y atuendos t\u00edpicos; artistas visuales y literarios, dj\u00b4s y variados atractivos para disfrutar en familia durante las tres jornadas.<\/p>\n<p>&nbsp;<\/p>\n<h3>Diferentes expresiones del arte<\/h3>\n<p>&nbsp;<\/p>\n<p>El arte local es un sello representativo de Guaymall\u00e9n y esta edici\u00f3n de Colectividades no ser\u00e1 la excepci\u00f3n. Durante los tres d\u00edas, expondr\u00e1n su talento distintos artistas pl\u00e1sticos y literarios en la carpa de la Direcci\u00f3n de Cultura.<\/p>\n<p>Adem\u00e1s, se dispondr\u00e1n dos escenarios para espect\u00e1culos art\u00edsticos de vuelo nacional e internacional. Los mismos estar\u00e1n ubicados en las intersecciones de las calles Dorrego y Joaqu\u00edn Castellanos y Dorrego y Comandante Espora, de 20 a 22h. Luego, una cabina de Dj\u00b4s estar\u00e1 en Moldes y Dorrego para musicalizar el evento, a partir de las 22h.<\/p>\n<p>&nbsp;<\/p>\n<h3>Servicios municipales<\/h3>\n<p>&nbsp;<\/p>\n<p>Como en cada edici\u00f3n, quienes asistan podr\u00e1n aprovechar los servicios y atractivos coordinados por diferentes \u00e1reas municipales.<\/p>\n<p>La Direcci\u00f3n de Salud realizar\u00e1 testeos de tensi\u00f3n arterial, glucemia y oximetr\u00eda; y vacunaci\u00f3n antigripal y contra Covid-19 y Hepatitis B. Adem\u00e1s, brindar\u00e1 capacitaciones en RCP e informar\u00e1 sobre prevenci\u00f3n del dengue y el programa de VIH, con testeos r\u00e1pidos.<\/p>\n<p>Tambi\u00e9n estar\u00e1 presente el stand de Turismo promocionando la Capital del Espumante; un sector dedicado a la educaci\u00f3n y concientizaci\u00f3n vial; el \u00e1rea de Ambiente con ecocanje y juegos ecol\u00f3gicos; la Incubadora de Empresas; la Escuela de Oficios, e inflables y otras actividades l\u00fadicas coordinados por los profesores de la Direcci\u00f3n de Deportes.<\/p>\n<p>&nbsp;<\/p>\n<h3>Pod\u00e9s ir en bici<\/h3>\n<p>&nbsp;<\/p>\n<p>Vale resaltar que, con el fin de facilitar el acceso y promover una actividad sustentable, este a\u00f1o se dispondr\u00e1 un sector exclusivo para el resguardo de bicicletas, en la esquina de Moldes y Dorrego.<\/p>\n<p>&nbsp;<\/p>\n<p>&nbsp;<\/p>\n<p>&nbsp;<\/p>\n","protected":false},"excerpt":{"rendered":"<p>El 10, 11 y 12 de octubre, desde las 20h, mendocinos y turistas podr\u00e1n disfrutar<\/p>\n","protected":false},"author":1,"featured_media":17746,"comment_status":"closed","ping_status":"closed","sticky":false,"template":"","format":"standard","meta":{"_jetpack_memberships_contains_paid_content":false,"footnotes":"","jetpack_publicize_message":"","jetpack_publicize_feature_enabled":true,"jetpack_social_post_already_shared":true,"jetpack_social_options":{"image_generator_settings":{"template":"highway","default_image_id":0,"font":"","enabled":false},"version":2}},"categories":[62,5],"tags":[],"class_list":["post-17745","post","type-post","status-publish","format-standard","has-post-thumbnail","hentry","category-colectividades","category-guaymallen"],"yoast_head":"<!-- This site is optimized with the Yoast SEO plugin v27.5 - https:\/\/yoast.com\/product\/yoast-seo-wordpress\/ -->\n<title>Se viene la Fiesta y Encuentro de las Colectividades de Mendoza 2024 - Tal Como Soy<\/title>\n<meta name=\"robots\" content=\"index, follow, max-snippet:-1, max-image-preview:large, max-video-preview:-1\" \/>\n<link rel=\"canonical\" href=\"https:\/\/talcomosoy.com.ar\/index.php\/se-viene-la-fiesta-y-encuentro-de-las-colectividades-de-mendoza-2024\/\" \/>\n<meta property=\"og:locale\" content=\"es_ES\" \/>\n<meta property=\"og:type\" content=\"article\" \/>\n<meta property=\"og:title\" content=\"Se viene la Fiesta y Encuentro de las Colectividades de Mendoza 2024 - Tal Como Soy\" \/>\n<meta property=\"og:description\" content=\"El 10, 11 y 12 de octubre, desde las 20h, mendocinos y turistas podr\u00e1n disfrutar\" \/>\n<meta property=\"og:url\" content=\"https:\/\/talcomosoy.com.ar\/index.php\/se-viene-la-fiesta-y-encuentro-de-las-colectividades-de-mendoza-2024\/\" \/>\n<meta property=\"og:site_name\" content=\"Tal Como Soy\" \/>\n<meta property=\"article:publisher\" content=\"https:\/\/www.facebook.com\/talcomosoyok\" \/>\n<meta property=\"article:author\" content=\"https:\/\/www.facebook.com\/sindamiranda\" \/>\n<meta property=\"article:published_time\" content=\"2024-10-04T13:37:35+00:00\" \/>\n<meta property=\"og:image\" content=\"https:\/\/i0.wp.com\/talcomosoy.com.ar\/wp-content\/uploads\/2024\/10\/Colectividades-2023-scaled.jpg?fit=2560%2C1709&ssl=1\" \/>\n\t<meta property=\"og:image:width\" content=\"2560\" \/>\n\t<meta property=\"og:image:height\" content=\"1709\" \/>\n\t<meta property=\"og:image:type\" content=\"image\/jpeg\" \/>\n<meta name=\"author\" content=\"Sinda Miranda\" \/>\n<meta name=\"twitter:card\" content=\"summary_large_image\" \/>\n<meta name=\"twitter:creator\" content=\"@sindamiranda\" \/>\n<meta name=\"twitter:site\" content=\"@talcomosoyok\" \/>\n<meta name=\"twitter:label1\" content=\"Escrito por\" \/>\n\t<meta name=\"twitter:data1\" content=\"Sinda Miranda\" \/>\n\t<meta name=\"twitter:label2\" content=\"Tiempo de lectura\" \/>\n\t<meta name=\"twitter:data2\" content=\"3 minutos\" \/>\n<script type=\"application\/ld+json\" class=\"yoast-schema-graph\">{\"@context\":\"https:\\\/\\\/schema.org\",\"@graph\":[{\"@type\":\"Article\",\"@id\":\"https:\\\/\\\/talcomosoy.com.ar\\\/index.php\\\/se-viene-la-fiesta-y-encuentro-de-las-colectividades-de-mendoza-2024\\\/#article\",\"isPartOf\":{\"@id\":\"https:\\\/\\\/talcomosoy.com.ar\\\/index.php\\\/se-viene-la-fiesta-y-encuentro-de-las-colectividades-de-mendoza-2024\\\/\"},\"author\":{\"name\":\"Sinda Miranda\",\"@id\":\"https:\\\/\\\/talcomosoy.com.ar\\\/#\\\/schema\\\/person\\\/496b3561bd436afcf2be92147ff855c9\"},\"headline\":\"Se viene la Fiesta y Encuentro de las Colectividades de Mendoza 2024\",\"datePublished\":\"2024-10-04T13:37:35+00:00\",\"mainEntityOfPage\":{\"@id\":\"https:\\\/\\\/talcomosoy.com.ar\\\/index.php\\\/se-viene-la-fiesta-y-encuentro-de-las-colectividades-de-mendoza-2024\\\/\"},\"wordCount\":459,\"publisher\":{\"@id\":\"https:\\\/\\\/talcomosoy.com.ar\\\/#organization\"},\"image\":{\"@id\":\"https:\\\/\\\/talcomosoy.com.ar\\\/index.php\\\/se-viene-la-fiesta-y-encuentro-de-las-colectividades-de-mendoza-2024\\\/#primaryimage\"},\"thumbnailUrl\":\"https:\\\/\\\/i0.wp.com\\\/talcomosoy.com.ar\\\/wp-content\\\/uploads\\\/2024\\\/10\\\/Colectividades-2023-scaled.jpg?fit=2560%2C1709&ssl=1\",\"articleSection\":[\"Colectividades\",\"Guaymall\u00e9n\"],\"inLanguage\":\"es\"},{\"@type\":\"WebPage\",\"@id\":\"https:\\\/\\\/talcomosoy.com.ar\\\/index.php\\\/se-viene-la-fiesta-y-encuentro-de-las-colectividades-de-mendoza-2024\\\/\",\"url\":\"https:\\\/\\\/talcomosoy.com.ar\\\/index.php\\\/se-viene-la-fiesta-y-encuentro-de-las-colectividades-de-mendoza-2024\\\/\",\"name\":\"Se viene la Fiesta y Encuentro de las Colectividades de Mendoza 2024 - Tal Como Soy\",\"isPartOf\":{\"@id\":\"https:\\\/\\\/talcomosoy.com.ar\\\/#website\"},\"primaryImageOfPage\":{\"@id\":\"https:\\\/\\\/talcomosoy.com.ar\\\/index.php\\\/se-viene-la-fiesta-y-encuentro-de-las-colectividades-de-mendoza-2024\\\/#primaryimage\"},\"image\":{\"@id\":\"https:\\\/\\\/talcomosoy.com.ar\\\/index.php\\\/se-viene-la-fiesta-y-encuentro-de-las-colectividades-de-mendoza-2024\\\/#primaryimage\"},\"thumbnailUrl\":\"https:\\\/\\\/i0.wp.com\\\/talcomosoy.com.ar\\\/wp-content\\\/uploads\\\/2024\\\/10\\\/Colectividades-2023-scaled.jpg?fit=2560%2C1709&ssl=1\",\"datePublished\":\"2024-10-04T13:37:35+00:00\",\"inLanguage\":\"es\",\"potentialAction\":[{\"@type\":\"ReadAction\",\"target\":[\"https:\\\/\\\/talcomosoy.com.ar\\\/index.php\\\/se-viene-la-fiesta-y-encuentro-de-las-colectividades-de-mendoza-2024\\\/\"]}]},{\"@type\":\"ImageObject\",\"inLanguage\":\"es\",\"@id\":\"https:\\\/\\\/talcomosoy.com.ar\\\/index.php\\\/se-viene-la-fiesta-y-encuentro-de-las-colectividades-de-mendoza-2024\\\/#primaryimage\",\"url\":\"https:\\\/\\\/i0.wp.com\\\/talcomosoy.com.ar\\\/wp-content\\\/uploads\\\/2024\\\/10\\\/Colectividades-2023-scaled.jpg?fit=2560%2C1709&ssl=1\",\"contentUrl\":\"https:\\\/\\\/i0.wp.com\\\/talcomosoy.com.ar\\\/wp-content\\\/uploads\\\/2024\\\/10\\\/Colectividades-2023-scaled.jpg?fit=2560%2C1709&ssl=1\",\"width\":2560,\"height\":1709},{\"@type\":\"WebSite\",\"@id\":\"https:\\\/\\\/talcomosoy.com.ar\\\/#website\",\"url\":\"https:\\\/\\\/talcomosoy.com.ar\\\/\",\"name\":\"Tal Como Soy\",\"description\":\"Magazine Musical Digital\",\"publisher\":{\"@id\":\"https:\\\/\\\/talcomosoy.com.ar\\\/#organization\"},\"potentialAction\":[{\"@type\":\"SearchAction\",\"target\":{\"@type\":\"EntryPoint\",\"urlTemplate\":\"https:\\\/\\\/talcomosoy.com.ar\\\/?s={search_term_string}\"},\"query-input\":{\"@type\":\"PropertyValueSpecification\",\"valueRequired\":true,\"valueName\":\"search_term_string\"}}],\"inLanguage\":\"es\"},{\"@type\":\"Organization\",\"@id\":\"https:\\\/\\\/talcomosoy.com.ar\\\/#organization\",\"name\":\"Tal Como Soy\",\"url\":\"https:\\\/\\\/talcomosoy.com.ar\\\/\",\"logo\":{\"@type\":\"ImageObject\",\"inLanguage\":\"es\",\"@id\":\"https:\\\/\\\/talcomosoy.com.ar\\\/#\\\/schema\\\/logo\\\/image\\\/\",\"url\":\"https:\\\/\\\/i0.wp.com\\\/talcomosoy.com.ar\\\/wp-content\\\/uploads\\\/2020\\\/02\\\/PUA-2020-TRANSPARENTE.png?fit=570%2C382&ssl=1\",\"contentUrl\":\"https:\\\/\\\/i0.wp.com\\\/talcomosoy.com.ar\\\/wp-content\\\/uploads\\\/2020\\\/02\\\/PUA-2020-TRANSPARENTE.png?fit=570%2C382&ssl=1\",\"width\":570,\"height\":382,\"caption\":\"Tal Como Soy\"},\"image\":{\"@id\":\"https:\\\/\\\/talcomosoy.com.ar\\\/#\\\/schema\\\/logo\\\/image\\\/\"},\"sameAs\":[\"https:\\\/\\\/www.facebook.com\\\/talcomosoyok\",\"https:\\\/\\\/x.com\\\/talcomosoyok\",\"https:\\\/\\\/www.instagram.com\\\/talcomosoyok\",\"https:\\\/\\\/www.youtube.com\\\/channel\\\/UCrutZzYQmd9Fe8pEm5wqsiw\"]},{\"@type\":\"Person\",\"@id\":\"https:\\\/\\\/talcomosoy.com.ar\\\/#\\\/schema\\\/person\\\/496b3561bd436afcf2be92147ff855c9\",\"name\":\"Sinda Miranda\",\"image\":{\"@type\":\"ImageObject\",\"inLanguage\":\"es\",\"@id\":\"https:\\\/\\\/secure.gravatar.com\\\/avatar\\\/ab0e992fc0b7117fe730d00fb0e44073b1fd6e28d69de8e7ac3103f1396f445e?s=96&d=mm&r=g\",\"url\":\"https:\\\/\\\/secure.gravatar.com\\\/avatar\\\/ab0e992fc0b7117fe730d00fb0e44073b1fd6e28d69de8e7ac3103f1396f445e?s=96&d=mm&r=g\",\"contentUrl\":\"https:\\\/\\\/secure.gravatar.com\\\/avatar\\\/ab0e992fc0b7117fe730d00fb0e44073b1fd6e28d69de8e7ac3103f1396f445e?s=96&d=mm&r=g\",\"caption\":\"Sinda Miranda\"},\"description\":\"Escritora, Fot\u00f3grafa, Agente de Prensa\",\"sameAs\":[\"https:\\\/\\\/www.facebook.com\\\/sindamiranda\",\"https:\\\/\\\/www.instagram.com\\\/sindamiranda\",\"https:\\\/\\\/x.com\\\/sindamiranda\"],\"url\":\"https:\\\/\\\/talcomosoy.com.ar\\\/index.php\\\/author\\\/sindamirandatcs\\\/\"}]}<\/script>\n<!-- \/ Yoast SEO plugin. -->","yoast_head_json":{"title":"Se viene la Fiesta y Encuentro de las Colectividades de Mendoza 2024 - Tal Como Soy","robots":{"index":"index","follow":"follow","max-snippet":"max-snippet:-1","max-image-preview":"max-image-preview:large","max-video-preview":"max-video-preview:-1"},"canonical":"https:\/\/talcomosoy.com.ar\/index.php\/se-viene-la-fiesta-y-encuentro-de-las-colectividades-de-mendoza-2024\/","og_locale":"es_ES","og_type":"article","og_title":"Se viene la Fiesta y Encuentro de las Colectividades de Mendoza 2024 - Tal Como Soy","og_description":"El 10, 11 y 12 de octubre, desde las 20h, mendocinos y turistas podr\u00e1n disfrutar","og_url":"https:\/\/talcomosoy.com.ar\/index.php\/se-viene-la-fiesta-y-encuentro-de-las-colectividades-de-mendoza-2024\/","og_site_name":"Tal Como Soy","article_publisher":"https:\/\/www.facebook.com\/talcomosoyok","article_author":"https:\/\/www.facebook.com\/sindamiranda","article_published_time":"2024-10-04T13:37:35+00:00","og_image":[{"width":2560,"height":1709,"url":"https:\/\/i0.wp.com\/talcomosoy.com.ar\/wp-content\/uploads\/2024\/10\/Colectividades-2023-scaled.jpg?fit=2560%2C1709&ssl=1","type":"image\/jpeg"}],"author":"Sinda Miranda","twitter_card":"summary_large_image","twitter_creator":"@sindamiranda","twitter_site":"@talcomosoyok","twitter_misc":{"Escrito por":"Sinda Miranda","Tiempo de lectura":"3 minutos"},"schema":{"@context":"https:\/\/schema.org","@graph":[{"@type":"Article","@id":"https:\/\/talcomosoy.com.ar\/index.php\/se-viene-la-fiesta-y-encuentro-de-las-colectividades-de-mendoza-2024\/#article","isPartOf":{"@id":"https:\/\/talcomosoy.com.ar\/index.php\/se-viene-la-fiesta-y-encuentro-de-las-colectividades-de-mendoza-2024\/"},"author":{"name":"Sinda Miranda","@id":"https:\/\/talcomosoy.com.ar\/#\/schema\/person\/496b3561bd436afcf2be92147ff855c9"},"headline":"Se viene la Fiesta y Encuentro de las Colectividades de Mendoza 2024","datePublished":"2024-10-04T13:37:35+00:00","mainEntityOfPage":{"@id":"https:\/\/talcomosoy.com.ar\/index.php\/se-viene-la-fiesta-y-encuentro-de-las-colectividades-de-mendoza-2024\/"},"wordCount":459,"publisher":{"@id":"https:\/\/talcomosoy.com.ar\/#organization"},"image":{"@id":"https:\/\/talcomosoy.com.ar\/index.php\/se-viene-la-fiesta-y-encuentro-de-las-colectividades-de-mendoza-2024\/#primaryimage"},"thumbnailUrl":"https:\/\/i0.wp.com\/talcomosoy.com.ar\/wp-content\/uploads\/2024\/10\/Colectividades-2023-scaled.jpg?fit=2560%2C1709&ssl=1","articleSection":["Colectividades","Guaymall\u00e9n"],"inLanguage":"es"},{"@type":"WebPage","@id":"https:\/\/talcomosoy.com.ar\/index.php\/se-viene-la-fiesta-y-encuentro-de-las-colectividades-de-mendoza-2024\/","url":"https:\/\/talcomosoy.com.ar\/index.php\/se-viene-la-fiesta-y-encuentro-de-las-colectividades-de-mendoza-2024\/","name":"Se viene la Fiesta y Encuentro de las Colectividades de Mendoza 2024 - Tal Como Soy","isPartOf":{"@id":"https:\/\/talcomosoy.com.ar\/#website"},"primaryImageOfPage":{"@id":"https:\/\/talcomosoy.com.ar\/index.php\/se-viene-la-fiesta-y-encuentro-de-las-colectividades-de-mendoza-2024\/#primaryimage"},"image":{"@id":"https:\/\/talcomosoy.com.ar\/index.php\/se-viene-la-fiesta-y-encuentro-de-las-colectividades-de-mendoza-2024\/#primaryimage"},"thumbnailUrl":"https:\/\/i0.wp.com\/talcomosoy.com.ar\/wp-content\/uploads\/2024\/10\/Colectividades-2023-scaled.jpg?fit=2560%2C1709&ssl=1","datePublished":"2024-10-04T13:37:35+00:00","inLanguage":"es","potentialAction":[{"@type":"ReadAction","target":["https:\/\/talcomosoy.com.ar\/index.php\/se-viene-la-fiesta-y-encuentro-de-las-colectividades-de-mendoza-2024\/"]}]},{"@type":"ImageObject","inLanguage":"es","@id":"https:\/\/talcomosoy.com.ar\/index.php\/se-viene-la-fiesta-y-encuentro-de-las-colectividades-de-mendoza-2024\/#primaryimage","url":"https:\/\/i0.wp.com\/talcomosoy.com.ar\/wp-content\/uploads\/2024\/10\/Colectividades-2023-scaled.jpg?fit=2560%2C1709&ssl=1","contentUrl":"https:\/\/i0.wp.com\/talcomosoy.com.ar\/wp-content\/uploads\/2024\/10\/Colectividades-2023-scaled.jpg?fit=2560%2C1709&ssl=1","width":2560,"height":1709},{"@type":"WebSite","@id":"https:\/\/talcomosoy.com.ar\/#website","url":"https:\/\/talcomosoy.com.ar\/","name":"Tal Como Soy","description":"Magazine Musical Digital","publisher":{"@id":"https:\/\/talcomosoy.com.ar\/#organization"},"potentialAction":[{"@type":"SearchAction","target":{"@type":"EntryPoint","urlTemplate":"https:\/\/talcomosoy.com.ar\/?s={search_term_string}"},"query-input":{"@type":"PropertyValueSpecification","valueRequired":true,"valueName":"search_term_string"}}],"inLanguage":"es"},{"@type":"Organization","@id":"https:\/\/talcomosoy.com.ar\/#organization","name":"Tal Como Soy","url":"https:\/\/talcomosoy.com.ar\/","logo":{"@type":"ImageObject","inLanguage":"es","@id":"https:\/\/talcomosoy.com.ar\/#\/schema\/logo\/image\/","url":"https:\/\/i0.wp.com\/talcomosoy.com.ar\/wp-content\/uploads\/2020\/02\/PUA-2020-TRANSPARENTE.png?fit=570%2C382&ssl=1","contentUrl":"https:\/\/i0.wp.com\/talcomosoy.com.ar\/wp-content\/uploads\/2020\/02\/PUA-2020-TRANSPARENTE.png?fit=570%2C382&ssl=1","width":570,"height":382,"caption":"Tal Como Soy"},"image":{"@id":"https:\/\/talcomosoy.com.ar\/#\/schema\/logo\/image\/"},"sameAs":["https:\/\/www.facebook.com\/talcomosoyok","https:\/\/x.com\/talcomosoyok","https:\/\/www.instagram.com\/talcomosoyok","https:\/\/www.youtube.com\/channel\/UCrutZzYQmd9Fe8pEm5wqsiw"]},{"@type":"Person","@id":"https:\/\/talcomosoy.com.ar\/#\/schema\/person\/496b3561bd436afcf2be92147ff855c9","name":"Sinda Miranda","image":{"@type":"ImageObject","inLanguage":"es","@id":"https:\/\/secure.gravatar.com\/avatar\/ab0e992fc0b7117fe730d00fb0e44073b1fd6e28d69de8e7ac3103f1396f445e?s=96&d=mm&r=g","url":"https:\/\/secure.gravatar.com\/avatar\/ab0e992fc0b7117fe730d00fb0e44073b1fd6e28d69de8e7ac3103f1396f445e?s=96&d=mm&r=g","contentUrl":"https:\/\/secure.gravatar.com\/avatar\/ab0e992fc0b7117fe730d00fb0e44073b1fd6e28d69de8e7ac3103f1396f445e?s=96&d=mm&r=g","caption":"Sinda Miranda"},"description":"Escritora, Fot\u00f3grafa, Agente de Prensa","sameAs":["https:\/\/www.facebook.com\/sindamiranda","https:\/\/www.instagram.com\/sindamiranda","https:\/\/x.com\/sindamiranda"],"url":"https:\/\/talcomosoy.com.ar\/index.php\/author\/sindamirandatcs\/"}]}},"jetpack_publicize_connections":[],"jetpack_featured_media_url":"https:\/\/i0.wp.com\/talcomosoy.com.ar\/wp-content\/uploads\/2024\/10\/Colectividades-2023-scaled.jpg?fit=2560%2C1709&ssl=1","jetpack_sharing_enabled":true,"jetpack_likes_enabled":true,"_links":{"self":[{"href":"https:\/\/talcomosoy.com.ar\/index.php\/wp-json\/wp\/v2\/posts\/17745","targetHints":{"allow":["GET"]}}],"collection":[{"href":"https:\/\/talcomosoy.com.ar\/index.php\/wp-json\/wp\/v2\/posts"}],"about":[{"href":"https:\/\/talcomosoy.com.ar\/index.php\/wp-json\/wp\/v2\/types\/post"}],"author":[{"embeddable":true,"href":"https:\/\/talcomosoy.com.ar\/index.php\/wp-json\/wp\/v2\/users\/1"}],"replies":[{"embeddable":true,"href":"https:\/\/talcomosoy.com.ar\/index.php\/wp-json\/wp\/v2\/comments?post=17745"}],"version-history":[{"count":1,"href":"https:\/\/talcomosoy.com.ar\/index.php\/wp-json\/wp\/v2\/posts\/17745\/revisions"}],"predecessor-version":[{"id":17747,"href":"https:\/\/talcomosoy.com.ar\/index.php\/wp-json\/wp\/v2\/posts\/17745\/revisions\/17747"}],"wp:featuredmedia":[{"embeddable":true,"href":"https:\/\/talcomosoy.com.ar\/index.php\/wp-json\/wp\/v2\/media\/17746"}],"wp:attachment":[{"href":"https:\/\/talcomosoy.com.ar\/index.php\/wp-json\/wp\/v2\/media?parent=17745"}],"wp:term":[{"taxonomy":"category","embeddable":true,"href":"https:\/\/talcomosoy.com.ar\/index.php\/wp-json\/wp\/v2\/categories?post=17745"},{"taxonomy":"post_tag","embeddable":true,"href":"https:\/\/talcomosoy.com.ar\/index.php\/wp-json\/wp\/v2\/tags?post=17745"}],"curies":[{"name":"wp","href":"https:\/\/api.w.org\/{rel}","templated":true}]}}