{"id":17336,"date":"2024-07-30T13:34:23","date_gmt":"2024-07-30T16:34:23","guid":{"rendered":"https:\/\/talcomosoy.com.ar\/?p=17336"},"modified":"2024-07-30T13:34:23","modified_gmt":"2024-07-30T16:34:23","slug":"2-feria-de-mascotas-en-el-parque-de-la-familia","status":"publish","type":"post","link":"https:\/\/talcomosoy.com.ar\/index.php\/2-feria-de-mascotas-en-el-parque-de-la-familia\/","title":{"rendered":"2\u00b0 Feria de Mascotas en el Parque de la Familia"},"content":{"rendered":"<h3>Con el objetivo de seguir concientizando sobre el cuidado y la tenencia responsable de los animales, fortalecer la econom\u00eda local y los lazos de las familias con sus compa\u00f1eros de cuatro patas; invitamos a la 2\u00b0 Feria de Mascotas que se desarrollar\u00e1 el s\u00e1bado 10 de agosto, de 11 a 20 horas, en el Parque de la Familia (Boulogne Sur Mer y Almirante Brown, Las Heras).<\/h3>\n<p>&nbsp;<\/p>\n<p>Entre las atracciones destacadas habr\u00e1: <strong>sorteos<\/strong>, <strong>desfile canino<\/strong>, <strong>charla informativa sobre cuidado y adiestramiento animal<\/strong>, stands dedicados a la elaboraci\u00f3n de ropa y\/o accesorios para mascotas, emprendedores de diversos rubros en general y foodtrucks con diferentes opciones gastron\u00f3micas.<\/p>\n<p>La <strong>Veterinaria<\/strong> de la comuna volver\u00e1 a estar presente, desde las 11 hasta las 14 horas, a trav\u00e9s de un stand en el que ofrecer\u00e1 <strong>turnos para castraci\u00f3n y vacunaci\u00f3n antirr\u00e1bica gratuita a las primeras 100 mascotas<\/strong> que se acerquen con sus due\u00f1os al parque.<\/p>\n<p>&nbsp;<\/p>\n<figure id=\"attachment_17338\" aria-describedby=\"caption-attachment-17338\" style=\"width: 797px\" class=\"wp-caption aligncenter\"><img data-recalc-dims=\"1\" loading=\"lazy\" decoding=\"async\" class=\" wp-image-17338\" src=\"https:\/\/i0.wp.com\/talcomosoy.com.ar\/wp-content\/uploads\/2024\/07\/2daferiamascotas-41.jpg?resize=640%2C341&#038;ssl=1\" alt=\"\" width=\"640\" height=\"341\" srcset=\"https:\/\/i0.wp.com\/talcomosoy.com.ar\/wp-content\/uploads\/2024\/07\/2daferiamascotas-41.jpg?w=971&amp;ssl=1 971w, https:\/\/i0.wp.com\/talcomosoy.com.ar\/wp-content\/uploads\/2024\/07\/2daferiamascotas-41.jpg?resize=300%2C160&amp;ssl=1 300w, https:\/\/i0.wp.com\/talcomosoy.com.ar\/wp-content\/uploads\/2024\/07\/2daferiamascotas-41.jpg?resize=768%2C410&amp;ssl=1 768w\" sizes=\"auto, (max-width: 640px) 100vw, 640px\" \/><figcaption id=\"caption-attachment-17338\" class=\"wp-caption-text\"><strong><em>Cr\u00e9dito Fotograf\u00edas: Sinda Miranda<\/em><\/strong><\/figcaption><\/figure>\n<p>&nbsp;<\/p>\n<p>Por otro lado, tendremos un espacio destinado a la <strong>recepci\u00f3n de donaciones<\/strong> que ser\u00e1n luego entregadas a refugios de animales lasherinos; y se habilitar\u00e1 un sector especial para las personas o refugios que quieran dar en <strong>adopci\u00f3n mascotas<\/strong>.<\/p>\n<p>A las y los vecinos que asistan a la feria con perros y\/o gatos, deben recordar que podr\u00e1n hacerlo con collar y correa y; en caso de ser necesario, bozal. Adem\u00e1s, si su mascota realiza las deposiciones en el Parque, tendr\u00e1 que recoger sus heces y depositarlas en los contenedores.<\/p>\n<p>La 2\u00b0 Feria de Mascotas ofrecer\u00e1 una muy buena oportunidad para disfrutar de un d\u00eda al aire libre y aprender mucho m\u00e1s sobre el cuidado de nuestros animales. La entrada es libre y gratuita.<\/p>\n<p>&nbsp;<\/p>\n<p>&nbsp;<\/p>\n<p>&nbsp;<\/p>\n","protected":false},"excerpt":{"rendered":"<p>Con el objetivo de seguir concientizando sobre el cuidado y la tenencia responsable de los<\/p>\n","protected":false},"author":1,"featured_media":17337,"comment_status":"closed","ping_status":"closed","sticky":false,"template":"","format":"standard","meta":{"_jetpack_memberships_contains_paid_content":false,"footnotes":"","jetpack_publicize_message":"","jetpack_publicize_feature_enabled":true,"jetpack_social_post_already_shared":true,"jetpack_social_options":{"image_generator_settings":{"template":"highway","default_image_id":0,"font":"","enabled":false},"version":2}},"categories":[155,59],"tags":[],"class_list":["post-17336","post","type-post","status-publish","format-standard","has-post-thumbnail","hentry","category-gratis","category-las-heras"],"yoast_head":"<!-- This site is optimized with the Yoast SEO plugin v27.5 - https:\/\/yoast.com\/product\/yoast-seo-wordpress\/ -->\n<title>2\u00b0 Feria de Mascotas en el Parque de la Familia - Tal Como Soy<\/title>\n<meta name=\"robots\" content=\"index, follow, max-snippet:-1, max-image-preview:large, max-video-preview:-1\" \/>\n<link rel=\"canonical\" href=\"https:\/\/talcomosoy.com.ar\/index.php\/2-feria-de-mascotas-en-el-parque-de-la-familia\/\" \/>\n<meta property=\"og:locale\" content=\"es_ES\" \/>\n<meta property=\"og:type\" content=\"article\" \/>\n<meta property=\"og:title\" content=\"2\u00b0 Feria de Mascotas en el Parque de la Familia - Tal Como Soy\" \/>\n<meta property=\"og:description\" content=\"Con el objetivo de seguir concientizando sobre el cuidado y la tenencia responsable de los\" \/>\n<meta property=\"og:url\" content=\"https:\/\/talcomosoy.com.ar\/index.php\/2-feria-de-mascotas-en-el-parque-de-la-familia\/\" \/>\n<meta property=\"og:site_name\" content=\"Tal Como Soy\" \/>\n<meta property=\"article:publisher\" content=\"https:\/\/www.facebook.com\/talcomosoyok\" \/>\n<meta property=\"article:author\" content=\"https:\/\/www.facebook.com\/sindamiranda\" \/>\n<meta property=\"article:published_time\" content=\"2024-07-30T16:34:23+00:00\" \/>\n<meta property=\"og:image\" content=\"https:\/\/i0.wp.com\/talcomosoy.com.ar\/wp-content\/uploads\/2024\/07\/2daferiamascotas-31.jpg?fit=966%2C525&ssl=1\" \/>\n\t<meta property=\"og:image:width\" content=\"966\" \/>\n\t<meta property=\"og:image:height\" content=\"525\" \/>\n\t<meta property=\"og:image:type\" content=\"image\/jpeg\" \/>\n<meta name=\"author\" content=\"Sinda Miranda\" \/>\n<meta name=\"twitter:card\" content=\"summary_large_image\" \/>\n<meta name=\"twitter:creator\" content=\"@sindamiranda\" \/>\n<meta name=\"twitter:site\" content=\"@talcomosoyok\" \/>\n<meta name=\"twitter:label1\" content=\"Escrito por\" \/>\n\t<meta name=\"twitter:data1\" content=\"Sinda Miranda\" \/>\n\t<meta name=\"twitter:label2\" content=\"Tiempo de lectura\" \/>\n\t<meta name=\"twitter:data2\" content=\"2 minutos\" \/>\n<script type=\"application\/ld+json\" class=\"yoast-schema-graph\">{\"@context\":\"https:\\\/\\\/schema.org\",\"@graph\":[{\"@type\":\"Article\",\"@id\":\"https:\\\/\\\/talcomosoy.com.ar\\\/index.php\\\/2-feria-de-mascotas-en-el-parque-de-la-familia\\\/#article\",\"isPartOf\":{\"@id\":\"https:\\\/\\\/talcomosoy.com.ar\\\/index.php\\\/2-feria-de-mascotas-en-el-parque-de-la-familia\\\/\"},\"author\":{\"name\":\"Sinda Miranda\",\"@id\":\"https:\\\/\\\/talcomosoy.com.ar\\\/#\\\/schema\\\/person\\\/496b3561bd436afcf2be92147ff855c9\"},\"headline\":\"2\u00b0 Feria de Mascotas en el Parque de la Familia\",\"datePublished\":\"2024-07-30T16:34:23+00:00\",\"mainEntityOfPage\":{\"@id\":\"https:\\\/\\\/talcomosoy.com.ar\\\/index.php\\\/2-feria-de-mascotas-en-el-parque-de-la-familia\\\/\"},\"wordCount\":310,\"publisher\":{\"@id\":\"https:\\\/\\\/talcomosoy.com.ar\\\/#organization\"},\"image\":{\"@id\":\"https:\\\/\\\/talcomosoy.com.ar\\\/index.php\\\/2-feria-de-mascotas-en-el-parque-de-la-familia\\\/#primaryimage\"},\"thumbnailUrl\":\"https:\\\/\\\/i0.wp.com\\\/talcomosoy.com.ar\\\/wp-content\\\/uploads\\\/2024\\\/07\\\/2daferiamascotas-31.jpg?fit=966%2C525&ssl=1\",\"articleSection\":[\"#Gratis\",\"Las Heras\"],\"inLanguage\":\"es\"},{\"@type\":\"WebPage\",\"@id\":\"https:\\\/\\\/talcomosoy.com.ar\\\/index.php\\\/2-feria-de-mascotas-en-el-parque-de-la-familia\\\/\",\"url\":\"https:\\\/\\\/talcomosoy.com.ar\\\/index.php\\\/2-feria-de-mascotas-en-el-parque-de-la-familia\\\/\",\"name\":\"2\u00b0 Feria de Mascotas en el Parque de la Familia - Tal Como Soy\",\"isPartOf\":{\"@id\":\"https:\\\/\\\/talcomosoy.com.ar\\\/#website\"},\"primaryImageOfPage\":{\"@id\":\"https:\\\/\\\/talcomosoy.com.ar\\\/index.php\\\/2-feria-de-mascotas-en-el-parque-de-la-familia\\\/#primaryimage\"},\"image\":{\"@id\":\"https:\\\/\\\/talcomosoy.com.ar\\\/index.php\\\/2-feria-de-mascotas-en-el-parque-de-la-familia\\\/#primaryimage\"},\"thumbnailUrl\":\"https:\\\/\\\/i0.wp.com\\\/talcomosoy.com.ar\\\/wp-content\\\/uploads\\\/2024\\\/07\\\/2daferiamascotas-31.jpg?fit=966%2C525&ssl=1\",\"datePublished\":\"2024-07-30T16:34:23+00:00\",\"inLanguage\":\"es\",\"potentialAction\":[{\"@type\":\"ReadAction\",\"target\":[\"https:\\\/\\\/talcomosoy.com.ar\\\/index.php\\\/2-feria-de-mascotas-en-el-parque-de-la-familia\\\/\"]}]},{\"@type\":\"ImageObject\",\"inLanguage\":\"es\",\"@id\":\"https:\\\/\\\/talcomosoy.com.ar\\\/index.php\\\/2-feria-de-mascotas-en-el-parque-de-la-familia\\\/#primaryimage\",\"url\":\"https:\\\/\\\/i0.wp.com\\\/talcomosoy.com.ar\\\/wp-content\\\/uploads\\\/2024\\\/07\\\/2daferiamascotas-31.jpg?fit=966%2C525&ssl=1\",\"contentUrl\":\"https:\\\/\\\/i0.wp.com\\\/talcomosoy.com.ar\\\/wp-content\\\/uploads\\\/2024\\\/07\\\/2daferiamascotas-31.jpg?fit=966%2C525&ssl=1\",\"width\":966,\"height\":525},{\"@type\":\"WebSite\",\"@id\":\"https:\\\/\\\/talcomosoy.com.ar\\\/#website\",\"url\":\"https:\\\/\\\/talcomosoy.com.ar\\\/\",\"name\":\"Tal Como Soy\",\"description\":\"Magazine Musical Digital\",\"publisher\":{\"@id\":\"https:\\\/\\\/talcomosoy.com.ar\\\/#organization\"},\"potentialAction\":[{\"@type\":\"SearchAction\",\"target\":{\"@type\":\"EntryPoint\",\"urlTemplate\":\"https:\\\/\\\/talcomosoy.com.ar\\\/?s={search_term_string}\"},\"query-input\":{\"@type\":\"PropertyValueSpecification\",\"valueRequired\":true,\"valueName\":\"search_term_string\"}}],\"inLanguage\":\"es\"},{\"@type\":\"Organization\",\"@id\":\"https:\\\/\\\/talcomosoy.com.ar\\\/#organization\",\"name\":\"Tal Como Soy\",\"url\":\"https:\\\/\\\/talcomosoy.com.ar\\\/\",\"logo\":{\"@type\":\"ImageObject\",\"inLanguage\":\"es\",\"@id\":\"https:\\\/\\\/talcomosoy.com.ar\\\/#\\\/schema\\\/logo\\\/image\\\/\",\"url\":\"https:\\\/\\\/i0.wp.com\\\/talcomosoy.com.ar\\\/wp-content\\\/uploads\\\/2020\\\/02\\\/PUA-2020-TRANSPARENTE.png?fit=570%2C382&ssl=1\",\"contentUrl\":\"https:\\\/\\\/i0.wp.com\\\/talcomosoy.com.ar\\\/wp-content\\\/uploads\\\/2020\\\/02\\\/PUA-2020-TRANSPARENTE.png?fit=570%2C382&ssl=1\",\"width\":570,\"height\":382,\"caption\":\"Tal Como Soy\"},\"image\":{\"@id\":\"https:\\\/\\\/talcomosoy.com.ar\\\/#\\\/schema\\\/logo\\\/image\\\/\"},\"sameAs\":[\"https:\\\/\\\/www.facebook.com\\\/talcomosoyok\",\"https:\\\/\\\/x.com\\\/talcomosoyok\",\"https:\\\/\\\/www.instagram.com\\\/talcomosoyok\",\"https:\\\/\\\/www.youtube.com\\\/channel\\\/UCrutZzYQmd9Fe8pEm5wqsiw\"]},{\"@type\":\"Person\",\"@id\":\"https:\\\/\\\/talcomosoy.com.ar\\\/#\\\/schema\\\/person\\\/496b3561bd436afcf2be92147ff855c9\",\"name\":\"Sinda Miranda\",\"image\":{\"@type\":\"ImageObject\",\"inLanguage\":\"es\",\"@id\":\"https:\\\/\\\/secure.gravatar.com\\\/avatar\\\/ab0e992fc0b7117fe730d00fb0e44073b1fd6e28d69de8e7ac3103f1396f445e?s=96&d=mm&r=g\",\"url\":\"https:\\\/\\\/secure.gravatar.com\\\/avatar\\\/ab0e992fc0b7117fe730d00fb0e44073b1fd6e28d69de8e7ac3103f1396f445e?s=96&d=mm&r=g\",\"contentUrl\":\"https:\\\/\\\/secure.gravatar.com\\\/avatar\\\/ab0e992fc0b7117fe730d00fb0e44073b1fd6e28d69de8e7ac3103f1396f445e?s=96&d=mm&r=g\",\"caption\":\"Sinda Miranda\"},\"description\":\"Escritora, Fot\u00f3grafa, Agente de Prensa\",\"sameAs\":[\"https:\\\/\\\/www.facebook.com\\\/sindamiranda\",\"https:\\\/\\\/www.instagram.com\\\/sindamiranda\",\"https:\\\/\\\/x.com\\\/sindamiranda\"],\"url\":\"https:\\\/\\\/talcomosoy.com.ar\\\/index.php\\\/author\\\/sindamirandatcs\\\/\"}]}<\/script>\n<!-- \/ Yoast SEO plugin. -->","yoast_head_json":{"title":"2\u00b0 Feria de Mascotas en el Parque de la Familia - Tal Como Soy","robots":{"index":"index","follow":"follow","max-snippet":"max-snippet:-1","max-image-preview":"max-image-preview:large","max-video-preview":"max-video-preview:-1"},"canonical":"https:\/\/talcomosoy.com.ar\/index.php\/2-feria-de-mascotas-en-el-parque-de-la-familia\/","og_locale":"es_ES","og_type":"article","og_title":"2\u00b0 Feria de Mascotas en el Parque de la Familia - Tal Como Soy","og_description":"Con el objetivo de seguir concientizando sobre el cuidado y la tenencia responsable de los","og_url":"https:\/\/talcomosoy.com.ar\/index.php\/2-feria-de-mascotas-en-el-parque-de-la-familia\/","og_site_name":"Tal Como Soy","article_publisher":"https:\/\/www.facebook.com\/talcomosoyok","article_author":"https:\/\/www.facebook.com\/sindamiranda","article_published_time":"2024-07-30T16:34:23+00:00","og_image":[{"width":966,"height":525,"url":"https:\/\/i0.wp.com\/talcomosoy.com.ar\/wp-content\/uploads\/2024\/07\/2daferiamascotas-31.jpg?fit=966%2C525&ssl=1","type":"image\/jpeg"}],"author":"Sinda Miranda","twitter_card":"summary_large_image","twitter_creator":"@sindamiranda","twitter_site":"@talcomosoyok","twitter_misc":{"Escrito por":"Sinda Miranda","Tiempo de lectura":"2 minutos"},"schema":{"@context":"https:\/\/schema.org","@graph":[{"@type":"Article","@id":"https:\/\/talcomosoy.com.ar\/index.php\/2-feria-de-mascotas-en-el-parque-de-la-familia\/#article","isPartOf":{"@id":"https:\/\/talcomosoy.com.ar\/index.php\/2-feria-de-mascotas-en-el-parque-de-la-familia\/"},"author":{"name":"Sinda Miranda","@id":"https:\/\/talcomosoy.com.ar\/#\/schema\/person\/496b3561bd436afcf2be92147ff855c9"},"headline":"2\u00b0 Feria de Mascotas en el Parque de la Familia","datePublished":"2024-07-30T16:34:23+00:00","mainEntityOfPage":{"@id":"https:\/\/talcomosoy.com.ar\/index.php\/2-feria-de-mascotas-en-el-parque-de-la-familia\/"},"wordCount":310,"publisher":{"@id":"https:\/\/talcomosoy.com.ar\/#organization"},"image":{"@id":"https:\/\/talcomosoy.com.ar\/index.php\/2-feria-de-mascotas-en-el-parque-de-la-familia\/#primaryimage"},"thumbnailUrl":"https:\/\/i0.wp.com\/talcomosoy.com.ar\/wp-content\/uploads\/2024\/07\/2daferiamascotas-31.jpg?fit=966%2C525&ssl=1","articleSection":["#Gratis","Las Heras"],"inLanguage":"es"},{"@type":"WebPage","@id":"https:\/\/talcomosoy.com.ar\/index.php\/2-feria-de-mascotas-en-el-parque-de-la-familia\/","url":"https:\/\/talcomosoy.com.ar\/index.php\/2-feria-de-mascotas-en-el-parque-de-la-familia\/","name":"2\u00b0 Feria de Mascotas en el Parque de la Familia - Tal Como Soy","isPartOf":{"@id":"https:\/\/talcomosoy.com.ar\/#website"},"primaryImageOfPage":{"@id":"https:\/\/talcomosoy.com.ar\/index.php\/2-feria-de-mascotas-en-el-parque-de-la-familia\/#primaryimage"},"image":{"@id":"https:\/\/talcomosoy.com.ar\/index.php\/2-feria-de-mascotas-en-el-parque-de-la-familia\/#primaryimage"},"thumbnailUrl":"https:\/\/i0.wp.com\/talcomosoy.com.ar\/wp-content\/uploads\/2024\/07\/2daferiamascotas-31.jpg?fit=966%2C525&ssl=1","datePublished":"2024-07-30T16:34:23+00:00","inLanguage":"es","potentialAction":[{"@type":"ReadAction","target":["https:\/\/talcomosoy.com.ar\/index.php\/2-feria-de-mascotas-en-el-parque-de-la-familia\/"]}]},{"@type":"ImageObject","inLanguage":"es","@id":"https:\/\/talcomosoy.com.ar\/index.php\/2-feria-de-mascotas-en-el-parque-de-la-familia\/#primaryimage","url":"https:\/\/i0.wp.com\/talcomosoy.com.ar\/wp-content\/uploads\/2024\/07\/2daferiamascotas-31.jpg?fit=966%2C525&ssl=1","contentUrl":"https:\/\/i0.wp.com\/talcomosoy.com.ar\/wp-content\/uploads\/2024\/07\/2daferiamascotas-31.jpg?fit=966%2C525&ssl=1","width":966,"height":525},{"@type":"WebSite","@id":"https:\/\/talcomosoy.com.ar\/#website","url":"https:\/\/talcomosoy.com.ar\/","name":"Tal Como Soy","description":"Magazine Musical Digital","publisher":{"@id":"https:\/\/talcomosoy.com.ar\/#organization"},"potentialAction":[{"@type":"SearchAction","target":{"@type":"EntryPoint","urlTemplate":"https:\/\/talcomosoy.com.ar\/?s={search_term_string}"},"query-input":{"@type":"PropertyValueSpecification","valueRequired":true,"valueName":"search_term_string"}}],"inLanguage":"es"},{"@type":"Organization","@id":"https:\/\/talcomosoy.com.ar\/#organization","name":"Tal Como Soy","url":"https:\/\/talcomosoy.com.ar\/","logo":{"@type":"ImageObject","inLanguage":"es","@id":"https:\/\/talcomosoy.com.ar\/#\/schema\/logo\/image\/","url":"https:\/\/i0.wp.com\/talcomosoy.com.ar\/wp-content\/uploads\/2020\/02\/PUA-2020-TRANSPARENTE.png?fit=570%2C382&ssl=1","contentUrl":"https:\/\/i0.wp.com\/talcomosoy.com.ar\/wp-content\/uploads\/2020\/02\/PUA-2020-TRANSPARENTE.png?fit=570%2C382&ssl=1","width":570,"height":382,"caption":"Tal Como Soy"},"image":{"@id":"https:\/\/talcomosoy.com.ar\/#\/schema\/logo\/image\/"},"sameAs":["https:\/\/www.facebook.com\/talcomosoyok","https:\/\/x.com\/talcomosoyok","https:\/\/www.instagram.com\/talcomosoyok","https:\/\/www.youtube.com\/channel\/UCrutZzYQmd9Fe8pEm5wqsiw"]},{"@type":"Person","@id":"https:\/\/talcomosoy.com.ar\/#\/schema\/person\/496b3561bd436afcf2be92147ff855c9","name":"Sinda Miranda","image":{"@type":"ImageObject","inLanguage":"es","@id":"https:\/\/secure.gravatar.com\/avatar\/ab0e992fc0b7117fe730d00fb0e44073b1fd6e28d69de8e7ac3103f1396f445e?s=96&d=mm&r=g","url":"https:\/\/secure.gravatar.com\/avatar\/ab0e992fc0b7117fe730d00fb0e44073b1fd6e28d69de8e7ac3103f1396f445e?s=96&d=mm&r=g","contentUrl":"https:\/\/secure.gravatar.com\/avatar\/ab0e992fc0b7117fe730d00fb0e44073b1fd6e28d69de8e7ac3103f1396f445e?s=96&d=mm&r=g","caption":"Sinda Miranda"},"description":"Escritora, Fot\u00f3grafa, Agente de Prensa","sameAs":["https:\/\/www.facebook.com\/sindamiranda","https:\/\/www.instagram.com\/sindamiranda","https:\/\/x.com\/sindamiranda"],"url":"https:\/\/talcomosoy.com.ar\/index.php\/author\/sindamirandatcs\/"}]}},"jetpack_publicize_connections":[],"jetpack_featured_media_url":"https:\/\/i0.wp.com\/talcomosoy.com.ar\/wp-content\/uploads\/2024\/07\/2daferiamascotas-31.jpg?fit=966%2C525&ssl=1","jetpack_sharing_enabled":true,"jetpack_likes_enabled":true,"_links":{"self":[{"href":"https:\/\/talcomosoy.com.ar\/index.php\/wp-json\/wp\/v2\/posts\/17336","targetHints":{"allow":["GET"]}}],"collection":[{"href":"https:\/\/talcomosoy.com.ar\/index.php\/wp-json\/wp\/v2\/posts"}],"about":[{"href":"https:\/\/talcomosoy.com.ar\/index.php\/wp-json\/wp\/v2\/types\/post"}],"author":[{"embeddable":true,"href":"https:\/\/talcomosoy.com.ar\/index.php\/wp-json\/wp\/v2\/users\/1"}],"replies":[{"embeddable":true,"href":"https:\/\/talcomosoy.com.ar\/index.php\/wp-json\/wp\/v2\/comments?post=17336"}],"version-history":[{"count":1,"href":"https:\/\/talcomosoy.com.ar\/index.php\/wp-json\/wp\/v2\/posts\/17336\/revisions"}],"predecessor-version":[{"id":17339,"href":"https:\/\/talcomosoy.com.ar\/index.php\/wp-json\/wp\/v2\/posts\/17336\/revisions\/17339"}],"wp:featuredmedia":[{"embeddable":true,"href":"https:\/\/talcomosoy.com.ar\/index.php\/wp-json\/wp\/v2\/media\/17337"}],"wp:attachment":[{"href":"https:\/\/talcomosoy.com.ar\/index.php\/wp-json\/wp\/v2\/media?parent=17336"}],"wp:term":[{"taxonomy":"category","embeddable":true,"href":"https:\/\/talcomosoy.com.ar\/index.php\/wp-json\/wp\/v2\/categories?post=17336"},{"taxonomy":"post_tag","embeddable":true,"href":"https:\/\/talcomosoy.com.ar\/index.php\/wp-json\/wp\/v2\/tags?post=17336"}],"curies":[{"name":"wp","href":"https:\/\/api.w.org\/{rel}","templated":true}]}}