{"id":16477,"date":"2024-02-07T18:32:28","date_gmt":"2024-02-07T21:32:28","guid":{"rendered":"https:\/\/talcomosoy.com.ar\/?p=16477"},"modified":"2024-02-07T18:32:28","modified_gmt":"2024-02-07T21:32:28","slug":"vuelve-el-paseo-de-las-burbujas-y-sabores-del-mundo-al-boulevard-dorrego","status":"publish","type":"post","link":"https:\/\/talcomosoy.com.ar\/index.php\/vuelve-el-paseo-de-las-burbujas-y-sabores-del-mundo-al-boulevard-dorrego\/","title":{"rendered":"Vuelve el\u00a0\u00a0Paseo de las Burbujas y Sabores del Mundo al Boulevard Dorrego"},"content":{"rendered":"<h3>Los vecinos podr\u00e1n disfrutar de tres d\u00edas de celebraciones con m\u00e1s de 50 puestos gastron\u00f3micos, stand con juegos para ni\u00f1os y un paseo de artesanos.<\/h3>\n<p>&nbsp;<\/p>\n<p>Este fin de semana, vuelve el\u00a0Paseo de las Burbujas y Sabores del Mundo, un evento ya conocido por los vecinos del Boulevard Dorrego y por toda la comunidad, en el que empresarios y emprendedores de Guaymall\u00e9n pueden dar a conocer y comerciar sus productos. Adem\u00e1s, se dispondr\u00e1n espacios para referentes de las artes visuales y las letras.<\/p>\n<p>As\u00ed, <strong>entre el viernes\u00a09 de febrero y el domingo 11<\/strong>, diez cuadras del boulevard servir\u00e1n para alojar a los vecinos, emprendedores y artistas.<\/p>\n<p>Habr\u00e1 un patio con propuestas culinarias internacionales, food trucks, stands de bodegas locales, juegos para ni\u00f1os y una extensa oferta de artesanos. Este a\u00f1o, habr\u00e1\u00a0m\u00e1s de 50 propuestas gastron\u00f3micas.<\/p>\n<p>Tambi\u00e9n, estar\u00e1n presentes empresas, emprendedores de la incubadora del municipio, la carpa de la Capital del Espumante con actividades l\u00fadicas y recorridos por el proceso productivo vitivin\u00edcola, la de cultura con referentes de las artes visuales y las letras, y la educaci\u00f3n y conciencia vial.<\/p>\n<p>El \u00e1rea de Ambiente promover\u00e1 el reciclaje inclusivo y el ecocanje: aquellos que acerquen sus residuos secos reciclables recibir\u00e1n\u00a0l\u00e1pices plantables, semillas, calendarios de siembra y bolsas ecol\u00f3gicas.<\/p>\n<p>Por su parte, la Direcci\u00f3n de Turismo participar\u00e1 con degustaciones y otras actividades para promover a Guaymall\u00e9n como un atractivo para los visitantes.<\/p>\n<p>&nbsp;<\/p>\n<h4>Tres escenarios con presentaciones de todo tipo<\/h4>\n<p>&nbsp;<\/p>\n<p>Durante las tres noches, se podr\u00e1 escuchar buena m\u00fasica, con los m\u00e1s variados estilos. Las presentaciones se suceder\u00e1n en tres escenarios dispuestos en distintos puntos de las 10 cuadras (Dorrego y Castellanos; Dorrego y Comandante Espora; Francisco \u00c1lvarez y Amado Nervo).<\/p>\n<p>La <strong>primera noche<\/strong>, se presentar\u00e1n: la <strong>Escuela de Rock de Guaymall\u00e9n; Alina Rodr\u00edguez<\/strong>, <strong>Las Flores; la Banda Viajera;\u00a0\u00a0Chi-cle;<\/strong> <strong>ESPE; el mariachi Facundo Salas; Brian con su m\u00fasica Pop; y Gypsy<\/strong> <strong>Jazz<\/strong>, <strong>con la orquesta de Guitarra Tito Francia<\/strong>. Tambi\u00e9n estar\u00e1n <strong>Yuli Circus<\/strong>, y el d\u00fao de Rock <strong>Yam\u00edn Gonz\u00e1lez.<\/strong><\/p>\n<p>La buena m\u00fasica continuar\u00e1 el s\u00e1bado con la presencia de reconocidos Djs, y <strong>el domingo<\/strong>, se presentar\u00e1 un quintento de tango, ensambles de m\u00fasica latinoamericana y cuyana, y se podr\u00e1 disfrutar de <strong>Araca Aires Urbanos<\/strong>, as\u00ed como de la m\u00fasica de \u201c<strong>Cuarto Creciente<\/strong>\u201d.\u00a0\u00a0Tambi\u00e9n el domingo, actuar\u00e1n el taller de folclore de <strong>Cristian Baigorria, Erica Ritman, el d\u00fao Torino Reynoso<\/strong>, <strong>Os Patetas, el Ballet Municipal<\/strong> con una intervenci\u00f3n de tango y otra de folclore, el <strong>Ballet de la Federaci\u00f3n Gaucha y el Ballet Celeste.\u00a0\u00a0\u00a0\u00a0\u00a0\u00a0\u00a0<\/strong><\/p>\n<p><strong>\u00a0\u00a0\u00a0\u00a0\u00a0\u00a0\u00a0\u00a0<\/strong><\/p>\n<h4>M\u00e1s artistas en\u00a0Burbujas y Sabores del Mundo<\/h4>\n<p>&nbsp;<\/p>\n<p>Los artistas visuales tambi\u00e9n tendr\u00e1n un espacio en el evento: El <strong>viernes 9<\/strong> estar\u00e1 <strong>Roxi Gonz\u00e1lez<\/strong>, el d\u00eda <strong>s\u00e1bado 10<\/strong>, <strong>Pablo David Gonz\u00e1lez<\/strong> y el <strong>domingo<\/strong>, <strong>Nancy Celayez.<\/strong><\/p>\n<p>Asimismo, habr\u00e1 una carpa de Cultura, para mostrar a artistas literarios de Guaymall\u00e9n, <strong>Santiago Navarra (viernes) Alexis Deblasis y Mariana Moya (s\u00e1bado) y Sergio Mart\u00ednez (domingo).<\/strong><\/p>\n<p>&nbsp;<\/p>\n<p><span style=\"color: #ff6600;\">Atenci\u00f3n: evento sujeto a las condiciones clim\u00e1ticas (se suspende por lluvia)\u00a0<\/span><\/p>\n","protected":false},"excerpt":{"rendered":"<p>Los vecinos podr\u00e1n disfrutar de tres d\u00edas de celebraciones con m\u00e1s de 50 puestos gastron\u00f3micos,<\/p>\n","protected":false},"author":1,"featured_media":16478,"comment_status":"closed","ping_status":"closed","sticky":false,"template":"","format":"standard","meta":{"_jetpack_memberships_contains_paid_content":false,"footnotes":"","jetpack_publicize_message":"","jetpack_publicize_feature_enabled":true,"jetpack_social_post_already_shared":true,"jetpack_social_options":{"image_generator_settings":{"template":"highway","default_image_id":0,"font":"","enabled":false},"version":2}},"categories":[201,38,2],"tags":[],"class_list":["post-16477","post","type-post","status-publish","format-standard","has-post-thumbnail","hentry","category-artistas-visuales","category-literatura","category-musica"],"yoast_head":"<!-- This site is optimized with the Yoast SEO plugin v27.5 - https:\/\/yoast.com\/product\/yoast-seo-wordpress\/ -->\n<title>Vuelve el\u00a0\u00a0Paseo de las Burbujas y Sabores del Mundo al Boulevard Dorrego - Tal Como Soy<\/title>\n<meta name=\"robots\" content=\"index, follow, max-snippet:-1, max-image-preview:large, max-video-preview:-1\" \/>\n<link rel=\"canonical\" href=\"https:\/\/talcomosoy.com.ar\/index.php\/vuelve-el-paseo-de-las-burbujas-y-sabores-del-mundo-al-boulevard-dorrego\/\" \/>\n<meta property=\"og:locale\" content=\"es_ES\" \/>\n<meta property=\"og:type\" content=\"article\" \/>\n<meta property=\"og:title\" content=\"Vuelve el\u00a0\u00a0Paseo de las Burbujas y Sabores del Mundo al Boulevard Dorrego - Tal Como Soy\" \/>\n<meta property=\"og:description\" content=\"Los vecinos podr\u00e1n disfrutar de tres d\u00edas de celebraciones con m\u00e1s de 50 puestos gastron\u00f3micos,\" \/>\n<meta property=\"og:url\" content=\"https:\/\/talcomosoy.com.ar\/index.php\/vuelve-el-paseo-de-las-burbujas-y-sabores-del-mundo-al-boulevard-dorrego\/\" \/>\n<meta property=\"og:site_name\" content=\"Tal Como Soy\" \/>\n<meta property=\"article:publisher\" content=\"https:\/\/www.facebook.com\/talcomosoyok\" \/>\n<meta property=\"article:author\" content=\"https:\/\/www.facebook.com\/sindamiranda\" \/>\n<meta property=\"article:published_time\" content=\"2024-02-07T21:32:28+00:00\" \/>\n<meta property=\"og:image\" content=\"https:\/\/i0.wp.com\/talcomosoy.com.ar\/wp-content\/uploads\/2024\/02\/PLACA_paseo_burbujas_sab_mundo_03.jpg?fit=2251%2C2250&ssl=1\" \/>\n\t<meta property=\"og:image:width\" content=\"2251\" \/>\n\t<meta property=\"og:image:height\" content=\"2250\" \/>\n\t<meta property=\"og:image:type\" content=\"image\/jpeg\" \/>\n<meta name=\"author\" content=\"Sinda Miranda\" \/>\n<meta name=\"twitter:card\" content=\"summary_large_image\" \/>\n<meta name=\"twitter:creator\" content=\"@sindamiranda\" \/>\n<meta name=\"twitter:site\" content=\"@talcomosoyok\" \/>\n<meta name=\"twitter:label1\" content=\"Escrito por\" \/>\n\t<meta name=\"twitter:data1\" content=\"Sinda Miranda\" \/>\n\t<meta name=\"twitter:label2\" content=\"Tiempo de lectura\" \/>\n\t<meta name=\"twitter:data2\" content=\"3 minutos\" \/>\n<script type=\"application\/ld+json\" class=\"yoast-schema-graph\">{\"@context\":\"https:\\\/\\\/schema.org\",\"@graph\":[{\"@type\":\"Article\",\"@id\":\"https:\\\/\\\/talcomosoy.com.ar\\\/index.php\\\/vuelve-el-paseo-de-las-burbujas-y-sabores-del-mundo-al-boulevard-dorrego\\\/#article\",\"isPartOf\":{\"@id\":\"https:\\\/\\\/talcomosoy.com.ar\\\/index.php\\\/vuelve-el-paseo-de-las-burbujas-y-sabores-del-mundo-al-boulevard-dorrego\\\/\"},\"author\":{\"name\":\"Sinda Miranda\",\"@id\":\"https:\\\/\\\/talcomosoy.com.ar\\\/#\\\/schema\\\/person\\\/496b3561bd436afcf2be92147ff855c9\"},\"headline\":\"Vuelve el\u00a0\u00a0Paseo de las Burbujas y Sabores del Mundo al Boulevard Dorrego\",\"datePublished\":\"2024-02-07T21:32:28+00:00\",\"mainEntityOfPage\":{\"@id\":\"https:\\\/\\\/talcomosoy.com.ar\\\/index.php\\\/vuelve-el-paseo-de-las-burbujas-y-sabores-del-mundo-al-boulevard-dorrego\\\/\"},\"wordCount\":555,\"publisher\":{\"@id\":\"https:\\\/\\\/talcomosoy.com.ar\\\/#organization\"},\"image\":{\"@id\":\"https:\\\/\\\/talcomosoy.com.ar\\\/index.php\\\/vuelve-el-paseo-de-las-burbujas-y-sabores-del-mundo-al-boulevard-dorrego\\\/#primaryimage\"},\"thumbnailUrl\":\"https:\\\/\\\/i0.wp.com\\\/talcomosoy.com.ar\\\/wp-content\\\/uploads\\\/2024\\\/02\\\/PLACA_paseo_burbujas_sab_mundo_03.jpg?fit=2251%2C2250&ssl=1\",\"articleSection\":[\"Artistas Visuales\",\"Literatura\",\"M\u00fasica\"],\"inLanguage\":\"es\"},{\"@type\":\"WebPage\",\"@id\":\"https:\\\/\\\/talcomosoy.com.ar\\\/index.php\\\/vuelve-el-paseo-de-las-burbujas-y-sabores-del-mundo-al-boulevard-dorrego\\\/\",\"url\":\"https:\\\/\\\/talcomosoy.com.ar\\\/index.php\\\/vuelve-el-paseo-de-las-burbujas-y-sabores-del-mundo-al-boulevard-dorrego\\\/\",\"name\":\"Vuelve el\u00a0\u00a0Paseo de las Burbujas y Sabores del Mundo al Boulevard Dorrego - Tal Como Soy\",\"isPartOf\":{\"@id\":\"https:\\\/\\\/talcomosoy.com.ar\\\/#website\"},\"primaryImageOfPage\":{\"@id\":\"https:\\\/\\\/talcomosoy.com.ar\\\/index.php\\\/vuelve-el-paseo-de-las-burbujas-y-sabores-del-mundo-al-boulevard-dorrego\\\/#primaryimage\"},\"image\":{\"@id\":\"https:\\\/\\\/talcomosoy.com.ar\\\/index.php\\\/vuelve-el-paseo-de-las-burbujas-y-sabores-del-mundo-al-boulevard-dorrego\\\/#primaryimage\"},\"thumbnailUrl\":\"https:\\\/\\\/i0.wp.com\\\/talcomosoy.com.ar\\\/wp-content\\\/uploads\\\/2024\\\/02\\\/PLACA_paseo_burbujas_sab_mundo_03.jpg?fit=2251%2C2250&ssl=1\",\"datePublished\":\"2024-02-07T21:32:28+00:00\",\"inLanguage\":\"es\",\"potentialAction\":[{\"@type\":\"ReadAction\",\"target\":[\"https:\\\/\\\/talcomosoy.com.ar\\\/index.php\\\/vuelve-el-paseo-de-las-burbujas-y-sabores-del-mundo-al-boulevard-dorrego\\\/\"]}]},{\"@type\":\"ImageObject\",\"inLanguage\":\"es\",\"@id\":\"https:\\\/\\\/talcomosoy.com.ar\\\/index.php\\\/vuelve-el-paseo-de-las-burbujas-y-sabores-del-mundo-al-boulevard-dorrego\\\/#primaryimage\",\"url\":\"https:\\\/\\\/i0.wp.com\\\/talcomosoy.com.ar\\\/wp-content\\\/uploads\\\/2024\\\/02\\\/PLACA_paseo_burbujas_sab_mundo_03.jpg?fit=2251%2C2250&ssl=1\",\"contentUrl\":\"https:\\\/\\\/i0.wp.com\\\/talcomosoy.com.ar\\\/wp-content\\\/uploads\\\/2024\\\/02\\\/PLACA_paseo_burbujas_sab_mundo_03.jpg?fit=2251%2C2250&ssl=1\",\"width\":2251,\"height\":2250},{\"@type\":\"WebSite\",\"@id\":\"https:\\\/\\\/talcomosoy.com.ar\\\/#website\",\"url\":\"https:\\\/\\\/talcomosoy.com.ar\\\/\",\"name\":\"Tal Como Soy\",\"description\":\"Magazine Musical Digital\",\"publisher\":{\"@id\":\"https:\\\/\\\/talcomosoy.com.ar\\\/#organization\"},\"potentialAction\":[{\"@type\":\"SearchAction\",\"target\":{\"@type\":\"EntryPoint\",\"urlTemplate\":\"https:\\\/\\\/talcomosoy.com.ar\\\/?s={search_term_string}\"},\"query-input\":{\"@type\":\"PropertyValueSpecification\",\"valueRequired\":true,\"valueName\":\"search_term_string\"}}],\"inLanguage\":\"es\"},{\"@type\":\"Organization\",\"@id\":\"https:\\\/\\\/talcomosoy.com.ar\\\/#organization\",\"name\":\"Tal Como Soy\",\"url\":\"https:\\\/\\\/talcomosoy.com.ar\\\/\",\"logo\":{\"@type\":\"ImageObject\",\"inLanguage\":\"es\",\"@id\":\"https:\\\/\\\/talcomosoy.com.ar\\\/#\\\/schema\\\/logo\\\/image\\\/\",\"url\":\"https:\\\/\\\/i0.wp.com\\\/talcomosoy.com.ar\\\/wp-content\\\/uploads\\\/2020\\\/02\\\/PUA-2020-TRANSPARENTE.png?fit=570%2C382&ssl=1\",\"contentUrl\":\"https:\\\/\\\/i0.wp.com\\\/talcomosoy.com.ar\\\/wp-content\\\/uploads\\\/2020\\\/02\\\/PUA-2020-TRANSPARENTE.png?fit=570%2C382&ssl=1\",\"width\":570,\"height\":382,\"caption\":\"Tal Como Soy\"},\"image\":{\"@id\":\"https:\\\/\\\/talcomosoy.com.ar\\\/#\\\/schema\\\/logo\\\/image\\\/\"},\"sameAs\":[\"https:\\\/\\\/www.facebook.com\\\/talcomosoyok\",\"https:\\\/\\\/x.com\\\/talcomosoyok\",\"https:\\\/\\\/www.instagram.com\\\/talcomosoyok\",\"https:\\\/\\\/www.youtube.com\\\/channel\\\/UCrutZzYQmd9Fe8pEm5wqsiw\"]},{\"@type\":\"Person\",\"@id\":\"https:\\\/\\\/talcomosoy.com.ar\\\/#\\\/schema\\\/person\\\/496b3561bd436afcf2be92147ff855c9\",\"name\":\"Sinda Miranda\",\"image\":{\"@type\":\"ImageObject\",\"inLanguage\":\"es\",\"@id\":\"https:\\\/\\\/secure.gravatar.com\\\/avatar\\\/ab0e992fc0b7117fe730d00fb0e44073b1fd6e28d69de8e7ac3103f1396f445e?s=96&d=mm&r=g\",\"url\":\"https:\\\/\\\/secure.gravatar.com\\\/avatar\\\/ab0e992fc0b7117fe730d00fb0e44073b1fd6e28d69de8e7ac3103f1396f445e?s=96&d=mm&r=g\",\"contentUrl\":\"https:\\\/\\\/secure.gravatar.com\\\/avatar\\\/ab0e992fc0b7117fe730d00fb0e44073b1fd6e28d69de8e7ac3103f1396f445e?s=96&d=mm&r=g\",\"caption\":\"Sinda Miranda\"},\"description\":\"Escritora, Fot\u00f3grafa, Agente de Prensa\",\"sameAs\":[\"https:\\\/\\\/www.facebook.com\\\/sindamiranda\",\"https:\\\/\\\/www.instagram.com\\\/sindamiranda\",\"https:\\\/\\\/x.com\\\/sindamiranda\"],\"url\":\"https:\\\/\\\/talcomosoy.com.ar\\\/index.php\\\/author\\\/sindamirandatcs\\\/\"}]}<\/script>\n<!-- \/ Yoast SEO plugin. -->","yoast_head_json":{"title":"Vuelve el\u00a0\u00a0Paseo de las Burbujas y Sabores del Mundo al Boulevard Dorrego - Tal Como Soy","robots":{"index":"index","follow":"follow","max-snippet":"max-snippet:-1","max-image-preview":"max-image-preview:large","max-video-preview":"max-video-preview:-1"},"canonical":"https:\/\/talcomosoy.com.ar\/index.php\/vuelve-el-paseo-de-las-burbujas-y-sabores-del-mundo-al-boulevard-dorrego\/","og_locale":"es_ES","og_type":"article","og_title":"Vuelve el\u00a0\u00a0Paseo de las Burbujas y Sabores del Mundo al Boulevard Dorrego - Tal Como Soy","og_description":"Los vecinos podr\u00e1n disfrutar de tres d\u00edas de celebraciones con m\u00e1s de 50 puestos gastron\u00f3micos,","og_url":"https:\/\/talcomosoy.com.ar\/index.php\/vuelve-el-paseo-de-las-burbujas-y-sabores-del-mundo-al-boulevard-dorrego\/","og_site_name":"Tal Como Soy","article_publisher":"https:\/\/www.facebook.com\/talcomosoyok","article_author":"https:\/\/www.facebook.com\/sindamiranda","article_published_time":"2024-02-07T21:32:28+00:00","og_image":[{"width":2251,"height":2250,"url":"https:\/\/i0.wp.com\/talcomosoy.com.ar\/wp-content\/uploads\/2024\/02\/PLACA_paseo_burbujas_sab_mundo_03.jpg?fit=2251%2C2250&ssl=1","type":"image\/jpeg"}],"author":"Sinda Miranda","twitter_card":"summary_large_image","twitter_creator":"@sindamiranda","twitter_site":"@talcomosoyok","twitter_misc":{"Escrito por":"Sinda Miranda","Tiempo de lectura":"3 minutos"},"schema":{"@context":"https:\/\/schema.org","@graph":[{"@type":"Article","@id":"https:\/\/talcomosoy.com.ar\/index.php\/vuelve-el-paseo-de-las-burbujas-y-sabores-del-mundo-al-boulevard-dorrego\/#article","isPartOf":{"@id":"https:\/\/talcomosoy.com.ar\/index.php\/vuelve-el-paseo-de-las-burbujas-y-sabores-del-mundo-al-boulevard-dorrego\/"},"author":{"name":"Sinda Miranda","@id":"https:\/\/talcomosoy.com.ar\/#\/schema\/person\/496b3561bd436afcf2be92147ff855c9"},"headline":"Vuelve el\u00a0\u00a0Paseo de las Burbujas y Sabores del Mundo al Boulevard Dorrego","datePublished":"2024-02-07T21:32:28+00:00","mainEntityOfPage":{"@id":"https:\/\/talcomosoy.com.ar\/index.php\/vuelve-el-paseo-de-las-burbujas-y-sabores-del-mundo-al-boulevard-dorrego\/"},"wordCount":555,"publisher":{"@id":"https:\/\/talcomosoy.com.ar\/#organization"},"image":{"@id":"https:\/\/talcomosoy.com.ar\/index.php\/vuelve-el-paseo-de-las-burbujas-y-sabores-del-mundo-al-boulevard-dorrego\/#primaryimage"},"thumbnailUrl":"https:\/\/i0.wp.com\/talcomosoy.com.ar\/wp-content\/uploads\/2024\/02\/PLACA_paseo_burbujas_sab_mundo_03.jpg?fit=2251%2C2250&ssl=1","articleSection":["Artistas Visuales","Literatura","M\u00fasica"],"inLanguage":"es"},{"@type":"WebPage","@id":"https:\/\/talcomosoy.com.ar\/index.php\/vuelve-el-paseo-de-las-burbujas-y-sabores-del-mundo-al-boulevard-dorrego\/","url":"https:\/\/talcomosoy.com.ar\/index.php\/vuelve-el-paseo-de-las-burbujas-y-sabores-del-mundo-al-boulevard-dorrego\/","name":"Vuelve el\u00a0\u00a0Paseo de las Burbujas y Sabores del Mundo al Boulevard Dorrego - Tal Como Soy","isPartOf":{"@id":"https:\/\/talcomosoy.com.ar\/#website"},"primaryImageOfPage":{"@id":"https:\/\/talcomosoy.com.ar\/index.php\/vuelve-el-paseo-de-las-burbujas-y-sabores-del-mundo-al-boulevard-dorrego\/#primaryimage"},"image":{"@id":"https:\/\/talcomosoy.com.ar\/index.php\/vuelve-el-paseo-de-las-burbujas-y-sabores-del-mundo-al-boulevard-dorrego\/#primaryimage"},"thumbnailUrl":"https:\/\/i0.wp.com\/talcomosoy.com.ar\/wp-content\/uploads\/2024\/02\/PLACA_paseo_burbujas_sab_mundo_03.jpg?fit=2251%2C2250&ssl=1","datePublished":"2024-02-07T21:32:28+00:00","inLanguage":"es","potentialAction":[{"@type":"ReadAction","target":["https:\/\/talcomosoy.com.ar\/index.php\/vuelve-el-paseo-de-las-burbujas-y-sabores-del-mundo-al-boulevard-dorrego\/"]}]},{"@type":"ImageObject","inLanguage":"es","@id":"https:\/\/talcomosoy.com.ar\/index.php\/vuelve-el-paseo-de-las-burbujas-y-sabores-del-mundo-al-boulevard-dorrego\/#primaryimage","url":"https:\/\/i0.wp.com\/talcomosoy.com.ar\/wp-content\/uploads\/2024\/02\/PLACA_paseo_burbujas_sab_mundo_03.jpg?fit=2251%2C2250&ssl=1","contentUrl":"https:\/\/i0.wp.com\/talcomosoy.com.ar\/wp-content\/uploads\/2024\/02\/PLACA_paseo_burbujas_sab_mundo_03.jpg?fit=2251%2C2250&ssl=1","width":2251,"height":2250},{"@type":"WebSite","@id":"https:\/\/talcomosoy.com.ar\/#website","url":"https:\/\/talcomosoy.com.ar\/","name":"Tal Como Soy","description":"Magazine Musical Digital","publisher":{"@id":"https:\/\/talcomosoy.com.ar\/#organization"},"potentialAction":[{"@type":"SearchAction","target":{"@type":"EntryPoint","urlTemplate":"https:\/\/talcomosoy.com.ar\/?s={search_term_string}"},"query-input":{"@type":"PropertyValueSpecification","valueRequired":true,"valueName":"search_term_string"}}],"inLanguage":"es"},{"@type":"Organization","@id":"https:\/\/talcomosoy.com.ar\/#organization","name":"Tal Como Soy","url":"https:\/\/talcomosoy.com.ar\/","logo":{"@type":"ImageObject","inLanguage":"es","@id":"https:\/\/talcomosoy.com.ar\/#\/schema\/logo\/image\/","url":"https:\/\/i0.wp.com\/talcomosoy.com.ar\/wp-content\/uploads\/2020\/02\/PUA-2020-TRANSPARENTE.png?fit=570%2C382&ssl=1","contentUrl":"https:\/\/i0.wp.com\/talcomosoy.com.ar\/wp-content\/uploads\/2020\/02\/PUA-2020-TRANSPARENTE.png?fit=570%2C382&ssl=1","width":570,"height":382,"caption":"Tal Como Soy"},"image":{"@id":"https:\/\/talcomosoy.com.ar\/#\/schema\/logo\/image\/"},"sameAs":["https:\/\/www.facebook.com\/talcomosoyok","https:\/\/x.com\/talcomosoyok","https:\/\/www.instagram.com\/talcomosoyok","https:\/\/www.youtube.com\/channel\/UCrutZzYQmd9Fe8pEm5wqsiw"]},{"@type":"Person","@id":"https:\/\/talcomosoy.com.ar\/#\/schema\/person\/496b3561bd436afcf2be92147ff855c9","name":"Sinda Miranda","image":{"@type":"ImageObject","inLanguage":"es","@id":"https:\/\/secure.gravatar.com\/avatar\/ab0e992fc0b7117fe730d00fb0e44073b1fd6e28d69de8e7ac3103f1396f445e?s=96&d=mm&r=g","url":"https:\/\/secure.gravatar.com\/avatar\/ab0e992fc0b7117fe730d00fb0e44073b1fd6e28d69de8e7ac3103f1396f445e?s=96&d=mm&r=g","contentUrl":"https:\/\/secure.gravatar.com\/avatar\/ab0e992fc0b7117fe730d00fb0e44073b1fd6e28d69de8e7ac3103f1396f445e?s=96&d=mm&r=g","caption":"Sinda Miranda"},"description":"Escritora, Fot\u00f3grafa, Agente de Prensa","sameAs":["https:\/\/www.facebook.com\/sindamiranda","https:\/\/www.instagram.com\/sindamiranda","https:\/\/x.com\/sindamiranda"],"url":"https:\/\/talcomosoy.com.ar\/index.php\/author\/sindamirandatcs\/"}]}},"jetpack_publicize_connections":[],"jetpack_featured_media_url":"https:\/\/i0.wp.com\/talcomosoy.com.ar\/wp-content\/uploads\/2024\/02\/PLACA_paseo_burbujas_sab_mundo_03.jpg?fit=2251%2C2250&ssl=1","jetpack_sharing_enabled":true,"jetpack_likes_enabled":true,"_links":{"self":[{"href":"https:\/\/talcomosoy.com.ar\/index.php\/wp-json\/wp\/v2\/posts\/16477","targetHints":{"allow":["GET"]}}],"collection":[{"href":"https:\/\/talcomosoy.com.ar\/index.php\/wp-json\/wp\/v2\/posts"}],"about":[{"href":"https:\/\/talcomosoy.com.ar\/index.php\/wp-json\/wp\/v2\/types\/post"}],"author":[{"embeddable":true,"href":"https:\/\/talcomosoy.com.ar\/index.php\/wp-json\/wp\/v2\/users\/1"}],"replies":[{"embeddable":true,"href":"https:\/\/talcomosoy.com.ar\/index.php\/wp-json\/wp\/v2\/comments?post=16477"}],"version-history":[{"count":1,"href":"https:\/\/talcomosoy.com.ar\/index.php\/wp-json\/wp\/v2\/posts\/16477\/revisions"}],"predecessor-version":[{"id":16479,"href":"https:\/\/talcomosoy.com.ar\/index.php\/wp-json\/wp\/v2\/posts\/16477\/revisions\/16479"}],"wp:featuredmedia":[{"embeddable":true,"href":"https:\/\/talcomosoy.com.ar\/index.php\/wp-json\/wp\/v2\/media\/16478"}],"wp:attachment":[{"href":"https:\/\/talcomosoy.com.ar\/index.php\/wp-json\/wp\/v2\/media?parent=16477"}],"wp:term":[{"taxonomy":"category","embeddable":true,"href":"https:\/\/talcomosoy.com.ar\/index.php\/wp-json\/wp\/v2\/categories?post=16477"},{"taxonomy":"post_tag","embeddable":true,"href":"https:\/\/talcomosoy.com.ar\/index.php\/wp-json\/wp\/v2\/tags?post=16477"}],"curies":[{"name":"wp","href":"https:\/\/api.w.org\/{rel}","templated":true}]}}