{"id":16240,"date":"2023-11-16T10:49:54","date_gmt":"2023-11-16T13:49:54","guid":{"rendered":"https:\/\/talcomosoy.com.ar\/?p=16240"},"modified":"2023-11-16T10:53:48","modified_gmt":"2023-11-16T13:53:48","slug":"maxi-pachecoy-y-nuevo-encuentro-con-su-publico","status":"publish","type":"post","link":"https:\/\/talcomosoy.com.ar\/index.php\/maxi-pachecoy-y-nuevo-encuentro-con-su-publico\/","title":{"rendered":"MAXI PACHECOY y nuevo encuentro con su p\u00fablico"},"content":{"rendered":"<h3>S\u00e1bado 25 de Noviembre en la terraza del Teatro El Picadero (Pasaje Santos Disc\u00e9polo 1857). Apertura 20:30 hs. Show 21:00hs. <a href=\"https:\/\/www.plateanet.com\/teatro\/30?teatro=AUDITORIUM\">Entradas a la venta por Plateanet. <\/a>Abre la noche con hermosos textos Mar\u00eda Areces. Acompa\u00f1an Alina Gandini, Daniela Herrero, Florencia D\u00e1valos y Guadalupe Farias G\u00f3mez<\/h3>\n<p>&nbsp;<\/p>\n<p><strong>MAXI PACHECOY<\/strong> no se detiene, luego de su exitosa presentaci\u00f3n en La Tangente, en el mes de Septiembre a sala llena, con la participaci\u00f3n de Alina Gandini, Leo Garc\u00eda y Willi Piancioli, se lo pudo ver en la Usina del arte, donde ofreci\u00f3 un concierto delicioso, dentro del marco de la diversidad cultural, que cont\u00f3 con la presencia de Marina Will.<\/p>\n<p>Noviembre llega con una nueva fecha, en la que el cantautor chaque\u00f1o se presentar\u00e1 en Buenos Aires; la cita ser\u00e1 en la Terraza del Picadero en un formato \u00edntimo y ac\u00fastico, para seguir encontr\u00e1ndonos en la m\u00fasica!<\/p>\n<p>&nbsp;<\/p>\n<h3>M\u00e1s sobre Maxi Pachecoy<\/h3>\n<p>&nbsp;<\/p>\n<p>Es cantautor originario de Resistencia, Chaco.<\/p>\n<p>Maxi trae consigo un esp\u00edritu fresco y renovador que se refleja en cada una de sus canciones dedicadas a las cosas simples de la vida que nos emocionan. En cada nueva composici\u00f3n incorpora ritmos con influencias de diversos g\u00e9neros; zambas, candombes, pop, rock, ritmos latinoamericanos, a los que les deja sellado su estilo indiscutible, porque podemos decir que es un m\u00fasico sin etiquetas.<\/p>\n<p>Un artista con una visi\u00f3n musical sorprendente y una presencia esc\u00e9nica que conecta inmediatamente cautivando al p\u00fablico presente.<\/p>\n<p>Participar en un show de Maxi Pachecoy es una experiencia transformadora.<\/p>\n<p>&nbsp;<\/p>\n<h3>Dale Play<\/h3>\n<div class=\"jetpack-video-wrapper\"><iframe loading=\"lazy\" title=\"Maxi Pachecoy Ft Alina Gandini - Un Buen Amor - ( Video Oficial )\" width=\"640\" height=\"360\" src=\"https:\/\/www.youtube.com\/embed\/mxD-YuTE3qg?feature=oembed\" frameborder=\"0\" allow=\"accelerometer; autoplay; clipboard-write; encrypted-media; gyroscope; picture-in-picture; web-share\" referrerpolicy=\"strict-origin-when-cross-origin\" allowfullscreen><\/iframe><\/div>\n<p>&nbsp;<\/p>\n<p>&nbsp;<\/p>\n<p>&nbsp;<\/p>\n<p>&nbsp;<\/p>\n<p>&nbsp;<\/p>\n<p>&nbsp;<\/p>\n","protected":false},"excerpt":{"rendered":"<p>S\u00e1bado 25 de Noviembre en la terraza del Teatro El Picadero (Pasaje Santos Disc\u00e9polo 1857).<\/p>\n","protected":false},"author":1,"featured_media":16241,"comment_status":"closed","ping_status":"closed","sticky":false,"template":"","format":"standard","meta":{"_jetpack_memberships_contains_paid_content":false,"footnotes":"","jetpack_publicize_message":"","jetpack_publicize_feature_enabled":true,"jetpack_social_post_already_shared":true,"jetpack_social_options":{"image_generator_settings":{"template":"highway","default_image_id":0,"font":"","enabled":false},"version":2}},"categories":[153,280],"tags":[],"class_list":["post-16240","post","type-post","status-publish","format-standard","has-post-thumbnail","hentry","category-conciertos","category-tcs-federal"],"yoast_head":"<!-- This site is optimized with the Yoast SEO plugin v27.5 - https:\/\/yoast.com\/product\/yoast-seo-wordpress\/ -->\n<title>MAXI PACHECOY y nuevo encuentro con su p\u00fablico - Tal Como Soy<\/title>\n<meta name=\"robots\" content=\"index, follow, max-snippet:-1, max-image-preview:large, max-video-preview:-1\" \/>\n<link rel=\"canonical\" href=\"https:\/\/talcomosoy.com.ar\/index.php\/maxi-pachecoy-y-nuevo-encuentro-con-su-publico\/\" \/>\n<meta property=\"og:locale\" content=\"es_ES\" \/>\n<meta property=\"og:type\" content=\"article\" \/>\n<meta property=\"og:title\" content=\"MAXI PACHECOY y nuevo encuentro con su p\u00fablico - Tal Como Soy\" \/>\n<meta property=\"og:description\" content=\"S\u00e1bado 25 de Noviembre en la terraza del Teatro El Picadero (Pasaje Santos Disc\u00e9polo 1857).\" \/>\n<meta property=\"og:url\" content=\"https:\/\/talcomosoy.com.ar\/index.php\/maxi-pachecoy-y-nuevo-encuentro-con-su-publico\/\" \/>\n<meta property=\"og:site_name\" content=\"Tal Como Soy\" \/>\n<meta property=\"article:publisher\" content=\"https:\/\/www.facebook.com\/talcomosoyok\" \/>\n<meta property=\"article:author\" content=\"https:\/\/www.facebook.com\/sindamiranda\" \/>\n<meta property=\"article:published_time\" content=\"2023-11-16T13:49:54+00:00\" \/>\n<meta property=\"article:modified_time\" content=\"2023-11-16T13:53:48+00:00\" \/>\n<meta property=\"og:image\" content=\"https:\/\/i0.wp.com\/talcomosoy.com.ar\/wp-content\/uploads\/2023\/11\/unnamed-5-1.jpg?fit=700%2C697&ssl=1\" \/>\n\t<meta property=\"og:image:width\" content=\"700\" \/>\n\t<meta property=\"og:image:height\" content=\"697\" \/>\n\t<meta property=\"og:image:type\" content=\"image\/jpeg\" \/>\n<meta name=\"author\" content=\"Sinda Miranda\" \/>\n<meta name=\"twitter:card\" content=\"summary_large_image\" \/>\n<meta name=\"twitter:creator\" content=\"@sindamiranda\" \/>\n<meta name=\"twitter:site\" content=\"@talcomosoyok\" \/>\n<meta name=\"twitter:label1\" content=\"Escrito por\" \/>\n\t<meta name=\"twitter:data1\" content=\"Sinda Miranda\" \/>\n\t<meta name=\"twitter:label2\" content=\"Tiempo de lectura\" \/>\n\t<meta name=\"twitter:data2\" content=\"2 minutos\" \/>\n<script type=\"application\/ld+json\" class=\"yoast-schema-graph\">{\"@context\":\"https:\\\/\\\/schema.org\",\"@graph\":[{\"@type\":\"Article\",\"@id\":\"https:\\\/\\\/talcomosoy.com.ar\\\/index.php\\\/maxi-pachecoy-y-nuevo-encuentro-con-su-publico\\\/#article\",\"isPartOf\":{\"@id\":\"https:\\\/\\\/talcomosoy.com.ar\\\/index.php\\\/maxi-pachecoy-y-nuevo-encuentro-con-su-publico\\\/\"},\"author\":{\"name\":\"Sinda Miranda\",\"@id\":\"https:\\\/\\\/talcomosoy.com.ar\\\/#\\\/schema\\\/person\\\/496b3561bd436afcf2be92147ff855c9\"},\"headline\":\"MAXI PACHECOY y nuevo encuentro con su p\u00fablico\",\"datePublished\":\"2023-11-16T13:49:54+00:00\",\"dateModified\":\"2023-11-16T13:53:48+00:00\",\"mainEntityOfPage\":{\"@id\":\"https:\\\/\\\/talcomosoy.com.ar\\\/index.php\\\/maxi-pachecoy-y-nuevo-encuentro-con-su-publico\\\/\"},\"wordCount\":292,\"publisher\":{\"@id\":\"https:\\\/\\\/talcomosoy.com.ar\\\/#organization\"},\"image\":{\"@id\":\"https:\\\/\\\/talcomosoy.com.ar\\\/index.php\\\/maxi-pachecoy-y-nuevo-encuentro-con-su-publico\\\/#primaryimage\"},\"thumbnailUrl\":\"https:\\\/\\\/i0.wp.com\\\/talcomosoy.com.ar\\\/wp-content\\\/uploads\\\/2023\\\/11\\\/unnamed-5-1.jpg?fit=700%2C697&ssl=1\",\"articleSection\":[\"Conciertos\",\"TCS Federal\"],\"inLanguage\":\"es\"},{\"@type\":\"WebPage\",\"@id\":\"https:\\\/\\\/talcomosoy.com.ar\\\/index.php\\\/maxi-pachecoy-y-nuevo-encuentro-con-su-publico\\\/\",\"url\":\"https:\\\/\\\/talcomosoy.com.ar\\\/index.php\\\/maxi-pachecoy-y-nuevo-encuentro-con-su-publico\\\/\",\"name\":\"MAXI PACHECOY y nuevo encuentro con su p\u00fablico - Tal Como Soy\",\"isPartOf\":{\"@id\":\"https:\\\/\\\/talcomosoy.com.ar\\\/#website\"},\"primaryImageOfPage\":{\"@id\":\"https:\\\/\\\/talcomosoy.com.ar\\\/index.php\\\/maxi-pachecoy-y-nuevo-encuentro-con-su-publico\\\/#primaryimage\"},\"image\":{\"@id\":\"https:\\\/\\\/talcomosoy.com.ar\\\/index.php\\\/maxi-pachecoy-y-nuevo-encuentro-con-su-publico\\\/#primaryimage\"},\"thumbnailUrl\":\"https:\\\/\\\/i0.wp.com\\\/talcomosoy.com.ar\\\/wp-content\\\/uploads\\\/2023\\\/11\\\/unnamed-5-1.jpg?fit=700%2C697&ssl=1\",\"datePublished\":\"2023-11-16T13:49:54+00:00\",\"dateModified\":\"2023-11-16T13:53:48+00:00\",\"inLanguage\":\"es\",\"potentialAction\":[{\"@type\":\"ReadAction\",\"target\":[\"https:\\\/\\\/talcomosoy.com.ar\\\/index.php\\\/maxi-pachecoy-y-nuevo-encuentro-con-su-publico\\\/\"]}]},{\"@type\":\"ImageObject\",\"inLanguage\":\"es\",\"@id\":\"https:\\\/\\\/talcomosoy.com.ar\\\/index.php\\\/maxi-pachecoy-y-nuevo-encuentro-con-su-publico\\\/#primaryimage\",\"url\":\"https:\\\/\\\/i0.wp.com\\\/talcomosoy.com.ar\\\/wp-content\\\/uploads\\\/2023\\\/11\\\/unnamed-5-1.jpg?fit=700%2C697&ssl=1\",\"contentUrl\":\"https:\\\/\\\/i0.wp.com\\\/talcomosoy.com.ar\\\/wp-content\\\/uploads\\\/2023\\\/11\\\/unnamed-5-1.jpg?fit=700%2C697&ssl=1\",\"width\":700,\"height\":697},{\"@type\":\"WebSite\",\"@id\":\"https:\\\/\\\/talcomosoy.com.ar\\\/#website\",\"url\":\"https:\\\/\\\/talcomosoy.com.ar\\\/\",\"name\":\"Tal Como Soy\",\"description\":\"Magazine Musical Digital\",\"publisher\":{\"@id\":\"https:\\\/\\\/talcomosoy.com.ar\\\/#organization\"},\"potentialAction\":[{\"@type\":\"SearchAction\",\"target\":{\"@type\":\"EntryPoint\",\"urlTemplate\":\"https:\\\/\\\/talcomosoy.com.ar\\\/?s={search_term_string}\"},\"query-input\":{\"@type\":\"PropertyValueSpecification\",\"valueRequired\":true,\"valueName\":\"search_term_string\"}}],\"inLanguage\":\"es\"},{\"@type\":\"Organization\",\"@id\":\"https:\\\/\\\/talcomosoy.com.ar\\\/#organization\",\"name\":\"Tal Como Soy\",\"url\":\"https:\\\/\\\/talcomosoy.com.ar\\\/\",\"logo\":{\"@type\":\"ImageObject\",\"inLanguage\":\"es\",\"@id\":\"https:\\\/\\\/talcomosoy.com.ar\\\/#\\\/schema\\\/logo\\\/image\\\/\",\"url\":\"https:\\\/\\\/i0.wp.com\\\/talcomosoy.com.ar\\\/wp-content\\\/uploads\\\/2020\\\/02\\\/PUA-2020-TRANSPARENTE.png?fit=570%2C382&ssl=1\",\"contentUrl\":\"https:\\\/\\\/i0.wp.com\\\/talcomosoy.com.ar\\\/wp-content\\\/uploads\\\/2020\\\/02\\\/PUA-2020-TRANSPARENTE.png?fit=570%2C382&ssl=1\",\"width\":570,\"height\":382,\"caption\":\"Tal Como Soy\"},\"image\":{\"@id\":\"https:\\\/\\\/talcomosoy.com.ar\\\/#\\\/schema\\\/logo\\\/image\\\/\"},\"sameAs\":[\"https:\\\/\\\/www.facebook.com\\\/talcomosoyok\",\"https:\\\/\\\/x.com\\\/talcomosoyok\",\"https:\\\/\\\/www.instagram.com\\\/talcomosoyok\",\"https:\\\/\\\/www.youtube.com\\\/channel\\\/UCrutZzYQmd9Fe8pEm5wqsiw\"]},{\"@type\":\"Person\",\"@id\":\"https:\\\/\\\/talcomosoy.com.ar\\\/#\\\/schema\\\/person\\\/496b3561bd436afcf2be92147ff855c9\",\"name\":\"Sinda Miranda\",\"image\":{\"@type\":\"ImageObject\",\"inLanguage\":\"es\",\"@id\":\"https:\\\/\\\/secure.gravatar.com\\\/avatar\\\/ab0e992fc0b7117fe730d00fb0e44073b1fd6e28d69de8e7ac3103f1396f445e?s=96&d=mm&r=g\",\"url\":\"https:\\\/\\\/secure.gravatar.com\\\/avatar\\\/ab0e992fc0b7117fe730d00fb0e44073b1fd6e28d69de8e7ac3103f1396f445e?s=96&d=mm&r=g\",\"contentUrl\":\"https:\\\/\\\/secure.gravatar.com\\\/avatar\\\/ab0e992fc0b7117fe730d00fb0e44073b1fd6e28d69de8e7ac3103f1396f445e?s=96&d=mm&r=g\",\"caption\":\"Sinda Miranda\"},\"description\":\"Escritora, Fot\u00f3grafa, Agente de Prensa\",\"sameAs\":[\"https:\\\/\\\/www.facebook.com\\\/sindamiranda\",\"https:\\\/\\\/www.instagram.com\\\/sindamiranda\",\"https:\\\/\\\/x.com\\\/sindamiranda\"],\"url\":\"https:\\\/\\\/talcomosoy.com.ar\\\/index.php\\\/author\\\/sindamirandatcs\\\/\"}]}<\/script>\n<!-- \/ Yoast SEO plugin. -->","yoast_head_json":{"title":"MAXI PACHECOY y nuevo encuentro con su p\u00fablico - Tal Como Soy","robots":{"index":"index","follow":"follow","max-snippet":"max-snippet:-1","max-image-preview":"max-image-preview:large","max-video-preview":"max-video-preview:-1"},"canonical":"https:\/\/talcomosoy.com.ar\/index.php\/maxi-pachecoy-y-nuevo-encuentro-con-su-publico\/","og_locale":"es_ES","og_type":"article","og_title":"MAXI PACHECOY y nuevo encuentro con su p\u00fablico - Tal Como Soy","og_description":"S\u00e1bado 25 de Noviembre en la terraza del Teatro El Picadero (Pasaje Santos Disc\u00e9polo 1857).","og_url":"https:\/\/talcomosoy.com.ar\/index.php\/maxi-pachecoy-y-nuevo-encuentro-con-su-publico\/","og_site_name":"Tal Como Soy","article_publisher":"https:\/\/www.facebook.com\/talcomosoyok","article_author":"https:\/\/www.facebook.com\/sindamiranda","article_published_time":"2023-11-16T13:49:54+00:00","article_modified_time":"2023-11-16T13:53:48+00:00","og_image":[{"width":700,"height":697,"url":"https:\/\/i0.wp.com\/talcomosoy.com.ar\/wp-content\/uploads\/2023\/11\/unnamed-5-1.jpg?fit=700%2C697&ssl=1","type":"image\/jpeg"}],"author":"Sinda Miranda","twitter_card":"summary_large_image","twitter_creator":"@sindamiranda","twitter_site":"@talcomosoyok","twitter_misc":{"Escrito por":"Sinda Miranda","Tiempo de lectura":"2 minutos"},"schema":{"@context":"https:\/\/schema.org","@graph":[{"@type":"Article","@id":"https:\/\/talcomosoy.com.ar\/index.php\/maxi-pachecoy-y-nuevo-encuentro-con-su-publico\/#article","isPartOf":{"@id":"https:\/\/talcomosoy.com.ar\/index.php\/maxi-pachecoy-y-nuevo-encuentro-con-su-publico\/"},"author":{"name":"Sinda Miranda","@id":"https:\/\/talcomosoy.com.ar\/#\/schema\/person\/496b3561bd436afcf2be92147ff855c9"},"headline":"MAXI PACHECOY y nuevo encuentro con su p\u00fablico","datePublished":"2023-11-16T13:49:54+00:00","dateModified":"2023-11-16T13:53:48+00:00","mainEntityOfPage":{"@id":"https:\/\/talcomosoy.com.ar\/index.php\/maxi-pachecoy-y-nuevo-encuentro-con-su-publico\/"},"wordCount":292,"publisher":{"@id":"https:\/\/talcomosoy.com.ar\/#organization"},"image":{"@id":"https:\/\/talcomosoy.com.ar\/index.php\/maxi-pachecoy-y-nuevo-encuentro-con-su-publico\/#primaryimage"},"thumbnailUrl":"https:\/\/i0.wp.com\/talcomosoy.com.ar\/wp-content\/uploads\/2023\/11\/unnamed-5-1.jpg?fit=700%2C697&ssl=1","articleSection":["Conciertos","TCS Federal"],"inLanguage":"es"},{"@type":"WebPage","@id":"https:\/\/talcomosoy.com.ar\/index.php\/maxi-pachecoy-y-nuevo-encuentro-con-su-publico\/","url":"https:\/\/talcomosoy.com.ar\/index.php\/maxi-pachecoy-y-nuevo-encuentro-con-su-publico\/","name":"MAXI PACHECOY y nuevo encuentro con su p\u00fablico - Tal Como Soy","isPartOf":{"@id":"https:\/\/talcomosoy.com.ar\/#website"},"primaryImageOfPage":{"@id":"https:\/\/talcomosoy.com.ar\/index.php\/maxi-pachecoy-y-nuevo-encuentro-con-su-publico\/#primaryimage"},"image":{"@id":"https:\/\/talcomosoy.com.ar\/index.php\/maxi-pachecoy-y-nuevo-encuentro-con-su-publico\/#primaryimage"},"thumbnailUrl":"https:\/\/i0.wp.com\/talcomosoy.com.ar\/wp-content\/uploads\/2023\/11\/unnamed-5-1.jpg?fit=700%2C697&ssl=1","datePublished":"2023-11-16T13:49:54+00:00","dateModified":"2023-11-16T13:53:48+00:00","inLanguage":"es","potentialAction":[{"@type":"ReadAction","target":["https:\/\/talcomosoy.com.ar\/index.php\/maxi-pachecoy-y-nuevo-encuentro-con-su-publico\/"]}]},{"@type":"ImageObject","inLanguage":"es","@id":"https:\/\/talcomosoy.com.ar\/index.php\/maxi-pachecoy-y-nuevo-encuentro-con-su-publico\/#primaryimage","url":"https:\/\/i0.wp.com\/talcomosoy.com.ar\/wp-content\/uploads\/2023\/11\/unnamed-5-1.jpg?fit=700%2C697&ssl=1","contentUrl":"https:\/\/i0.wp.com\/talcomosoy.com.ar\/wp-content\/uploads\/2023\/11\/unnamed-5-1.jpg?fit=700%2C697&ssl=1","width":700,"height":697},{"@type":"WebSite","@id":"https:\/\/talcomosoy.com.ar\/#website","url":"https:\/\/talcomosoy.com.ar\/","name":"Tal Como Soy","description":"Magazine Musical Digital","publisher":{"@id":"https:\/\/talcomosoy.com.ar\/#organization"},"potentialAction":[{"@type":"SearchAction","target":{"@type":"EntryPoint","urlTemplate":"https:\/\/talcomosoy.com.ar\/?s={search_term_string}"},"query-input":{"@type":"PropertyValueSpecification","valueRequired":true,"valueName":"search_term_string"}}],"inLanguage":"es"},{"@type":"Organization","@id":"https:\/\/talcomosoy.com.ar\/#organization","name":"Tal Como Soy","url":"https:\/\/talcomosoy.com.ar\/","logo":{"@type":"ImageObject","inLanguage":"es","@id":"https:\/\/talcomosoy.com.ar\/#\/schema\/logo\/image\/","url":"https:\/\/i0.wp.com\/talcomosoy.com.ar\/wp-content\/uploads\/2020\/02\/PUA-2020-TRANSPARENTE.png?fit=570%2C382&ssl=1","contentUrl":"https:\/\/i0.wp.com\/talcomosoy.com.ar\/wp-content\/uploads\/2020\/02\/PUA-2020-TRANSPARENTE.png?fit=570%2C382&ssl=1","width":570,"height":382,"caption":"Tal Como Soy"},"image":{"@id":"https:\/\/talcomosoy.com.ar\/#\/schema\/logo\/image\/"},"sameAs":["https:\/\/www.facebook.com\/talcomosoyok","https:\/\/x.com\/talcomosoyok","https:\/\/www.instagram.com\/talcomosoyok","https:\/\/www.youtube.com\/channel\/UCrutZzYQmd9Fe8pEm5wqsiw"]},{"@type":"Person","@id":"https:\/\/talcomosoy.com.ar\/#\/schema\/person\/496b3561bd436afcf2be92147ff855c9","name":"Sinda Miranda","image":{"@type":"ImageObject","inLanguage":"es","@id":"https:\/\/secure.gravatar.com\/avatar\/ab0e992fc0b7117fe730d00fb0e44073b1fd6e28d69de8e7ac3103f1396f445e?s=96&d=mm&r=g","url":"https:\/\/secure.gravatar.com\/avatar\/ab0e992fc0b7117fe730d00fb0e44073b1fd6e28d69de8e7ac3103f1396f445e?s=96&d=mm&r=g","contentUrl":"https:\/\/secure.gravatar.com\/avatar\/ab0e992fc0b7117fe730d00fb0e44073b1fd6e28d69de8e7ac3103f1396f445e?s=96&d=mm&r=g","caption":"Sinda Miranda"},"description":"Escritora, Fot\u00f3grafa, Agente de Prensa","sameAs":["https:\/\/www.facebook.com\/sindamiranda","https:\/\/www.instagram.com\/sindamiranda","https:\/\/x.com\/sindamiranda"],"url":"https:\/\/talcomosoy.com.ar\/index.php\/author\/sindamirandatcs\/"}]}},"jetpack_publicize_connections":[],"jetpack_featured_media_url":"https:\/\/i0.wp.com\/talcomosoy.com.ar\/wp-content\/uploads\/2023\/11\/unnamed-5-1.jpg?fit=700%2C697&ssl=1","jetpack_sharing_enabled":true,"jetpack_likes_enabled":true,"_links":{"self":[{"href":"https:\/\/talcomosoy.com.ar\/index.php\/wp-json\/wp\/v2\/posts\/16240","targetHints":{"allow":["GET"]}}],"collection":[{"href":"https:\/\/talcomosoy.com.ar\/index.php\/wp-json\/wp\/v2\/posts"}],"about":[{"href":"https:\/\/talcomosoy.com.ar\/index.php\/wp-json\/wp\/v2\/types\/post"}],"author":[{"embeddable":true,"href":"https:\/\/talcomosoy.com.ar\/index.php\/wp-json\/wp\/v2\/users\/1"}],"replies":[{"embeddable":true,"href":"https:\/\/talcomosoy.com.ar\/index.php\/wp-json\/wp\/v2\/comments?post=16240"}],"version-history":[{"count":2,"href":"https:\/\/talcomosoy.com.ar\/index.php\/wp-json\/wp\/v2\/posts\/16240\/revisions"}],"predecessor-version":[{"id":16243,"href":"https:\/\/talcomosoy.com.ar\/index.php\/wp-json\/wp\/v2\/posts\/16240\/revisions\/16243"}],"wp:featuredmedia":[{"embeddable":true,"href":"https:\/\/talcomosoy.com.ar\/index.php\/wp-json\/wp\/v2\/media\/16241"}],"wp:attachment":[{"href":"https:\/\/talcomosoy.com.ar\/index.php\/wp-json\/wp\/v2\/media?parent=16240"}],"wp:term":[{"taxonomy":"category","embeddable":true,"href":"https:\/\/talcomosoy.com.ar\/index.php\/wp-json\/wp\/v2\/categories?post=16240"},{"taxonomy":"post_tag","embeddable":true,"href":"https:\/\/talcomosoy.com.ar\/index.php\/wp-json\/wp\/v2\/tags?post=16240"}],"curies":[{"name":"wp","href":"https:\/\/api.w.org\/{rel}","templated":true}]}}