{"id":16223,"date":"2023-11-16T10:11:17","date_gmt":"2023-11-16T13:11:17","guid":{"rendered":"https:\/\/talcomosoy.com.ar\/?p=16223"},"modified":"2023-11-16T10:11:17","modified_gmt":"2023-11-16T13:11:17","slug":"al7er-anuncia-su-7-live-session","status":"publish","type":"post","link":"https:\/\/talcomosoy.com.ar\/index.php\/al7er-anuncia-su-7-live-session\/","title":{"rendered":"AL7ER anuncia su \u201c7 Live Session\u201d"},"content":{"rendered":"<h3>La banda de Baradero se prepara para lanzar el registro audiovisual \u201c7 Live Session\u201d. Este show es un viaje a trav\u00e9s algunas de las canciones de su reciente \u00e1lbum \u201c7\u201d.<\/h3>\n<p>&nbsp;<\/p>\n<p>En este episodio, los miembros de la banda se revelan en su m\u00e1xima expresi\u00f3n, en una din\u00e1mica constante al comp\u00e1s de las canciones de su nuevo disco.<\/p>\n<p>El lanzamiento se har\u00e1 por partida doble. Como es de costumbre, <a href=\"https:\/\/www.facebook.com\/ALTERarg\">AL7ER<\/a> siempre da un paso m\u00e1s all\u00e1 y el jueves 14 de diciembre, a las 20.45, se presentar\u00e1 este material audiovisual en el Cine Teatro Col\u00f3n de Baradero. Y el viernes 15 de diciembre, a las 21, se har\u00e1 el lanzamiento en formato streaming a trav\u00e9s del canal de YouTube de la banda.<\/p>\n<p><strong><a href=\"https:\/\/www.facebook.com\/ALTERarg\">AL7ER<\/a><\/strong> es una banda de rock nacida en Baradero, Buenos Aires, Argentina. En abril de 2017 sus integrantes, que se conoc\u00edan de proyectos anteriores, decidieron unirse y darle forma a esta nueva idea. <strong>AL7ER<\/strong> est\u00e1 conformado por <strong>Leonardo Sassone<\/strong> (voz y guitarra), <strong>Mauro Bahu\u00f3n<\/strong> (guitarra), <strong>Luciano Acu\u00f1a<\/strong> (bajo) y <strong>Aldo Parell\u00f3n<\/strong> (bater\u00eda).<\/p>\n<p style=\"padding-left: 40px;\">El mensaje es claro: en sus canciones son optimistas, mencionan al destino y la capacidad de las personas de controlarlo. En la din\u00e1mica de la composici\u00f3n no hay roles definidos, sino que todos aportan desde su estilo, sus influencias, y principalmente su instrumento. Sus canciones tienen una fuerza cargada de riff, con una bater\u00eda poderosa y un bajo que no es limpio.<\/p>\n<p><img data-recalc-dims=\"1\" loading=\"lazy\" decoding=\"async\" class=\"alignright size-medium wp-image-16224\" src=\"https:\/\/i0.wp.com\/talcomosoy.com.ar\/wp-content\/uploads\/2023\/11\/unnamed-3-1.jpg?resize=225%2C300&#038;ssl=1\" alt=\"\" width=\"225\" height=\"300\" srcset=\"https:\/\/i0.wp.com\/talcomosoy.com.ar\/wp-content\/uploads\/2023\/11\/unnamed-3-1.jpg?resize=225%2C300&amp;ssl=1 225w, https:\/\/i0.wp.com\/talcomosoy.com.ar\/wp-content\/uploads\/2023\/11\/unnamed-3-1.jpg?w=660&amp;ssl=1 660w\" sizes=\"auto, (max-width: 225px) 100vw, 225px\" \/>Desde sus inicios hasta la actualidad su trabajo es constante. En 2019 grabaron dos singles. Con un claro perfil rockero, poderoso y precis\u00f3, sali\u00f3 \u201cParanoico\u201d. Para compensar, le dieron luz a \u201cEs tiempo de los dos\u201d, una balada de rock y pop. Ambas canciones fueron grabadas, mezcladas y masterizadas en los estudios Delta Music Group de la mano de Aldo Parell\u00f3n y Luciano Mora.<\/p>\n<p>Al a\u00f1o siguiente fueron los encargados de abrir el escenario principal del festival Rock en Baradero y en abril lanzaron \u201cMi secreto, mi verdad\u201d. Una parte de este tema surgi\u00f3 en 2005 en el marco de un proyecto que compart\u00edan Leo y Lucho. Uno puso la letra, otro la l\u00ednea, pero no le terminaron de dar forma sino hasta AL7ER, donde a\u00f1os despu\u00e9s, ya siendo otras personas y junto a nuevos compa\u00f1eros, se convirti\u00f3 en esta gran canci\u00f3n.<br \/>\nLa grabaci\u00f3n del streaming \u201cBajo un mismo cielo\u201d fue la primera aventura de 2021: Ocho temas entre propios y covers se transmitieron desde Baradero en vivo el 9 de enero y se estren\u00f3 en YouTube el 22 de febrero de ese a\u00f1o.<\/p>\n<p>2022 fue un a\u00f1o de escenarios. Participaron en el Oktoberfest de Z\u00e1rate, en el festival San Nicol\u00e1s Rock y fueron teloneros de La Renga en su presentaci\u00f3n en Baradero. Tambi\u00e9n lanzaron lo que hasta ahora es su \u00faltimo single: \u201cJuego para dos\u201d.<\/p>\n<p>Durante este 2023, <a href=\"https:\/\/www.facebook.com\/ALTERarg\">AL7ER<\/a> present\u00f3 \u201c7\u201d, su primer trabajo discogr\u00e1fico de estudio. Un \u00e1lbum cuyo repertorio transita el rock, el pop y el funk entre otros estilos, y que son canciones que pretenden conectar a quien las escuche con la mejor versi\u00f3n de s\u00ed mismo.<\/p>\n<p>&nbsp;<\/p>\n<p>&nbsp;<\/p>\n<p>&nbsp;<\/p>\n","protected":false},"excerpt":{"rendered":"<p>La banda de Baradero se prepara para lanzar el registro audiovisual \u201c7 Live Session\u201d. Este<\/p>\n","protected":false},"author":1,"featured_media":16226,"comment_status":"closed","ping_status":"closed","sticky":false,"template":"","format":"standard","meta":{"_jetpack_memberships_contains_paid_content":false,"footnotes":"","jetpack_publicize_message":"","jetpack_publicize_feature_enabled":true,"jetpack_social_post_already_shared":true,"jetpack_social_options":{"image_generator_settings":{"template":"highway","default_image_id":0,"font":"","enabled":false},"version":2}},"categories":[153,354,280],"tags":[],"class_list":["post-16223","post","type-post","status-publish","format-standard","has-post-thumbnail","hentry","category-conciertos","category-rock-en-baradero","category-tcs-federal"],"yoast_head":"<!-- This site is optimized with the Yoast SEO plugin v27.5 - https:\/\/yoast.com\/product\/yoast-seo-wordpress\/ -->\n<title>AL7ER anuncia su \u201c7 Live Session\u201d - Tal Como Soy<\/title>\n<meta name=\"robots\" content=\"index, follow, max-snippet:-1, max-image-preview:large, max-video-preview:-1\" \/>\n<link rel=\"canonical\" href=\"https:\/\/talcomosoy.com.ar\/index.php\/al7er-anuncia-su-7-live-session\/\" \/>\n<meta property=\"og:locale\" content=\"es_ES\" \/>\n<meta property=\"og:type\" content=\"article\" \/>\n<meta property=\"og:title\" content=\"AL7ER anuncia su \u201c7 Live Session\u201d - Tal Como Soy\" \/>\n<meta property=\"og:description\" content=\"La banda de Baradero se prepara para lanzar el registro audiovisual \u201c7 Live Session\u201d. Este\" \/>\n<meta property=\"og:url\" content=\"https:\/\/talcomosoy.com.ar\/index.php\/al7er-anuncia-su-7-live-session\/\" \/>\n<meta property=\"og:site_name\" content=\"Tal Como Soy\" \/>\n<meta property=\"article:publisher\" content=\"https:\/\/www.facebook.com\/talcomosoyok\" \/>\n<meta property=\"article:author\" content=\"https:\/\/www.facebook.com\/sindamiranda\" \/>\n<meta property=\"article:published_time\" content=\"2023-11-16T13:11:17+00:00\" \/>\n<meta property=\"og:image\" content=\"https:\/\/i0.wp.com\/talcomosoy.com.ar\/wp-content\/uploads\/2023\/11\/unnamed-2-2.jpg?fit=660%2C395&ssl=1\" \/>\n\t<meta property=\"og:image:width\" content=\"660\" \/>\n\t<meta property=\"og:image:height\" content=\"395\" \/>\n\t<meta property=\"og:image:type\" content=\"image\/jpeg\" \/>\n<meta name=\"author\" content=\"Sinda Miranda\" \/>\n<meta name=\"twitter:card\" content=\"summary_large_image\" \/>\n<meta name=\"twitter:creator\" content=\"@sindamiranda\" \/>\n<meta name=\"twitter:site\" content=\"@talcomosoyok\" \/>\n<meta name=\"twitter:label1\" content=\"Escrito por\" \/>\n\t<meta name=\"twitter:data1\" content=\"Sinda Miranda\" \/>\n\t<meta name=\"twitter:label2\" content=\"Tiempo de lectura\" \/>\n\t<meta name=\"twitter:data2\" content=\"3 minutos\" \/>\n<script type=\"application\/ld+json\" class=\"yoast-schema-graph\">{\"@context\":\"https:\\\/\\\/schema.org\",\"@graph\":[{\"@type\":\"Article\",\"@id\":\"https:\\\/\\\/talcomosoy.com.ar\\\/index.php\\\/al7er-anuncia-su-7-live-session\\\/#article\",\"isPartOf\":{\"@id\":\"https:\\\/\\\/talcomosoy.com.ar\\\/index.php\\\/al7er-anuncia-su-7-live-session\\\/\"},\"author\":{\"name\":\"Sinda Miranda\",\"@id\":\"https:\\\/\\\/talcomosoy.com.ar\\\/#\\\/schema\\\/person\\\/496b3561bd436afcf2be92147ff855c9\"},\"headline\":\"AL7ER anuncia su \u201c7 Live Session\u201d\",\"datePublished\":\"2023-11-16T13:11:17+00:00\",\"mainEntityOfPage\":{\"@id\":\"https:\\\/\\\/talcomosoy.com.ar\\\/index.php\\\/al7er-anuncia-su-7-live-session\\\/\"},\"wordCount\":539,\"publisher\":{\"@id\":\"https:\\\/\\\/talcomosoy.com.ar\\\/#organization\"},\"image\":{\"@id\":\"https:\\\/\\\/talcomosoy.com.ar\\\/index.php\\\/al7er-anuncia-su-7-live-session\\\/#primaryimage\"},\"thumbnailUrl\":\"https:\\\/\\\/i0.wp.com\\\/talcomosoy.com.ar\\\/wp-content\\\/uploads\\\/2023\\\/11\\\/unnamed-2-2.jpg?fit=660%2C395&ssl=1\",\"articleSection\":[\"Conciertos\",\"Rock en Baradero\",\"TCS Federal\"],\"inLanguage\":\"es\"},{\"@type\":\"WebPage\",\"@id\":\"https:\\\/\\\/talcomosoy.com.ar\\\/index.php\\\/al7er-anuncia-su-7-live-session\\\/\",\"url\":\"https:\\\/\\\/talcomosoy.com.ar\\\/index.php\\\/al7er-anuncia-su-7-live-session\\\/\",\"name\":\"AL7ER anuncia su \u201c7 Live Session\u201d - Tal Como Soy\",\"isPartOf\":{\"@id\":\"https:\\\/\\\/talcomosoy.com.ar\\\/#website\"},\"primaryImageOfPage\":{\"@id\":\"https:\\\/\\\/talcomosoy.com.ar\\\/index.php\\\/al7er-anuncia-su-7-live-session\\\/#primaryimage\"},\"image\":{\"@id\":\"https:\\\/\\\/talcomosoy.com.ar\\\/index.php\\\/al7er-anuncia-su-7-live-session\\\/#primaryimage\"},\"thumbnailUrl\":\"https:\\\/\\\/i0.wp.com\\\/talcomosoy.com.ar\\\/wp-content\\\/uploads\\\/2023\\\/11\\\/unnamed-2-2.jpg?fit=660%2C395&ssl=1\",\"datePublished\":\"2023-11-16T13:11:17+00:00\",\"inLanguage\":\"es\",\"potentialAction\":[{\"@type\":\"ReadAction\",\"target\":[\"https:\\\/\\\/talcomosoy.com.ar\\\/index.php\\\/al7er-anuncia-su-7-live-session\\\/\"]}]},{\"@type\":\"ImageObject\",\"inLanguage\":\"es\",\"@id\":\"https:\\\/\\\/talcomosoy.com.ar\\\/index.php\\\/al7er-anuncia-su-7-live-session\\\/#primaryimage\",\"url\":\"https:\\\/\\\/i0.wp.com\\\/talcomosoy.com.ar\\\/wp-content\\\/uploads\\\/2023\\\/11\\\/unnamed-2-2.jpg?fit=660%2C395&ssl=1\",\"contentUrl\":\"https:\\\/\\\/i0.wp.com\\\/talcomosoy.com.ar\\\/wp-content\\\/uploads\\\/2023\\\/11\\\/unnamed-2-2.jpg?fit=660%2C395&ssl=1\",\"width\":660,\"height\":395},{\"@type\":\"WebSite\",\"@id\":\"https:\\\/\\\/talcomosoy.com.ar\\\/#website\",\"url\":\"https:\\\/\\\/talcomosoy.com.ar\\\/\",\"name\":\"Tal Como Soy\",\"description\":\"Magazine Musical Digital\",\"publisher\":{\"@id\":\"https:\\\/\\\/talcomosoy.com.ar\\\/#organization\"},\"potentialAction\":[{\"@type\":\"SearchAction\",\"target\":{\"@type\":\"EntryPoint\",\"urlTemplate\":\"https:\\\/\\\/talcomosoy.com.ar\\\/?s={search_term_string}\"},\"query-input\":{\"@type\":\"PropertyValueSpecification\",\"valueRequired\":true,\"valueName\":\"search_term_string\"}}],\"inLanguage\":\"es\"},{\"@type\":\"Organization\",\"@id\":\"https:\\\/\\\/talcomosoy.com.ar\\\/#organization\",\"name\":\"Tal Como Soy\",\"url\":\"https:\\\/\\\/talcomosoy.com.ar\\\/\",\"logo\":{\"@type\":\"ImageObject\",\"inLanguage\":\"es\",\"@id\":\"https:\\\/\\\/talcomosoy.com.ar\\\/#\\\/schema\\\/logo\\\/image\\\/\",\"url\":\"https:\\\/\\\/i0.wp.com\\\/talcomosoy.com.ar\\\/wp-content\\\/uploads\\\/2020\\\/02\\\/PUA-2020-TRANSPARENTE.png?fit=570%2C382&ssl=1\",\"contentUrl\":\"https:\\\/\\\/i0.wp.com\\\/talcomosoy.com.ar\\\/wp-content\\\/uploads\\\/2020\\\/02\\\/PUA-2020-TRANSPARENTE.png?fit=570%2C382&ssl=1\",\"width\":570,\"height\":382,\"caption\":\"Tal Como Soy\"},\"image\":{\"@id\":\"https:\\\/\\\/talcomosoy.com.ar\\\/#\\\/schema\\\/logo\\\/image\\\/\"},\"sameAs\":[\"https:\\\/\\\/www.facebook.com\\\/talcomosoyok\",\"https:\\\/\\\/x.com\\\/talcomosoyok\",\"https:\\\/\\\/www.instagram.com\\\/talcomosoyok\",\"https:\\\/\\\/www.youtube.com\\\/channel\\\/UCrutZzYQmd9Fe8pEm5wqsiw\"]},{\"@type\":\"Person\",\"@id\":\"https:\\\/\\\/talcomosoy.com.ar\\\/#\\\/schema\\\/person\\\/496b3561bd436afcf2be92147ff855c9\",\"name\":\"Sinda Miranda\",\"image\":{\"@type\":\"ImageObject\",\"inLanguage\":\"es\",\"@id\":\"https:\\\/\\\/secure.gravatar.com\\\/avatar\\\/ab0e992fc0b7117fe730d00fb0e44073b1fd6e28d69de8e7ac3103f1396f445e?s=96&d=mm&r=g\",\"url\":\"https:\\\/\\\/secure.gravatar.com\\\/avatar\\\/ab0e992fc0b7117fe730d00fb0e44073b1fd6e28d69de8e7ac3103f1396f445e?s=96&d=mm&r=g\",\"contentUrl\":\"https:\\\/\\\/secure.gravatar.com\\\/avatar\\\/ab0e992fc0b7117fe730d00fb0e44073b1fd6e28d69de8e7ac3103f1396f445e?s=96&d=mm&r=g\",\"caption\":\"Sinda Miranda\"},\"description\":\"Escritora, Fot\u00f3grafa, Agente de Prensa\",\"sameAs\":[\"https:\\\/\\\/www.facebook.com\\\/sindamiranda\",\"https:\\\/\\\/www.instagram.com\\\/sindamiranda\",\"https:\\\/\\\/x.com\\\/sindamiranda\"],\"url\":\"https:\\\/\\\/talcomosoy.com.ar\\\/index.php\\\/author\\\/sindamirandatcs\\\/\"}]}<\/script>\n<!-- \/ Yoast SEO plugin. -->","yoast_head_json":{"title":"AL7ER anuncia su \u201c7 Live Session\u201d - Tal Como Soy","robots":{"index":"index","follow":"follow","max-snippet":"max-snippet:-1","max-image-preview":"max-image-preview:large","max-video-preview":"max-video-preview:-1"},"canonical":"https:\/\/talcomosoy.com.ar\/index.php\/al7er-anuncia-su-7-live-session\/","og_locale":"es_ES","og_type":"article","og_title":"AL7ER anuncia su \u201c7 Live Session\u201d - Tal Como Soy","og_description":"La banda de Baradero se prepara para lanzar el registro audiovisual \u201c7 Live Session\u201d. Este","og_url":"https:\/\/talcomosoy.com.ar\/index.php\/al7er-anuncia-su-7-live-session\/","og_site_name":"Tal Como Soy","article_publisher":"https:\/\/www.facebook.com\/talcomosoyok","article_author":"https:\/\/www.facebook.com\/sindamiranda","article_published_time":"2023-11-16T13:11:17+00:00","og_image":[{"width":660,"height":395,"url":"https:\/\/i0.wp.com\/talcomosoy.com.ar\/wp-content\/uploads\/2023\/11\/unnamed-2-2.jpg?fit=660%2C395&ssl=1","type":"image\/jpeg"}],"author":"Sinda Miranda","twitter_card":"summary_large_image","twitter_creator":"@sindamiranda","twitter_site":"@talcomosoyok","twitter_misc":{"Escrito por":"Sinda Miranda","Tiempo de lectura":"3 minutos"},"schema":{"@context":"https:\/\/schema.org","@graph":[{"@type":"Article","@id":"https:\/\/talcomosoy.com.ar\/index.php\/al7er-anuncia-su-7-live-session\/#article","isPartOf":{"@id":"https:\/\/talcomosoy.com.ar\/index.php\/al7er-anuncia-su-7-live-session\/"},"author":{"name":"Sinda Miranda","@id":"https:\/\/talcomosoy.com.ar\/#\/schema\/person\/496b3561bd436afcf2be92147ff855c9"},"headline":"AL7ER anuncia su \u201c7 Live Session\u201d","datePublished":"2023-11-16T13:11:17+00:00","mainEntityOfPage":{"@id":"https:\/\/talcomosoy.com.ar\/index.php\/al7er-anuncia-su-7-live-session\/"},"wordCount":539,"publisher":{"@id":"https:\/\/talcomosoy.com.ar\/#organization"},"image":{"@id":"https:\/\/talcomosoy.com.ar\/index.php\/al7er-anuncia-su-7-live-session\/#primaryimage"},"thumbnailUrl":"https:\/\/i0.wp.com\/talcomosoy.com.ar\/wp-content\/uploads\/2023\/11\/unnamed-2-2.jpg?fit=660%2C395&ssl=1","articleSection":["Conciertos","Rock en Baradero","TCS Federal"],"inLanguage":"es"},{"@type":"WebPage","@id":"https:\/\/talcomosoy.com.ar\/index.php\/al7er-anuncia-su-7-live-session\/","url":"https:\/\/talcomosoy.com.ar\/index.php\/al7er-anuncia-su-7-live-session\/","name":"AL7ER anuncia su \u201c7 Live Session\u201d - Tal Como Soy","isPartOf":{"@id":"https:\/\/talcomosoy.com.ar\/#website"},"primaryImageOfPage":{"@id":"https:\/\/talcomosoy.com.ar\/index.php\/al7er-anuncia-su-7-live-session\/#primaryimage"},"image":{"@id":"https:\/\/talcomosoy.com.ar\/index.php\/al7er-anuncia-su-7-live-session\/#primaryimage"},"thumbnailUrl":"https:\/\/i0.wp.com\/talcomosoy.com.ar\/wp-content\/uploads\/2023\/11\/unnamed-2-2.jpg?fit=660%2C395&ssl=1","datePublished":"2023-11-16T13:11:17+00:00","inLanguage":"es","potentialAction":[{"@type":"ReadAction","target":["https:\/\/talcomosoy.com.ar\/index.php\/al7er-anuncia-su-7-live-session\/"]}]},{"@type":"ImageObject","inLanguage":"es","@id":"https:\/\/talcomosoy.com.ar\/index.php\/al7er-anuncia-su-7-live-session\/#primaryimage","url":"https:\/\/i0.wp.com\/talcomosoy.com.ar\/wp-content\/uploads\/2023\/11\/unnamed-2-2.jpg?fit=660%2C395&ssl=1","contentUrl":"https:\/\/i0.wp.com\/talcomosoy.com.ar\/wp-content\/uploads\/2023\/11\/unnamed-2-2.jpg?fit=660%2C395&ssl=1","width":660,"height":395},{"@type":"WebSite","@id":"https:\/\/talcomosoy.com.ar\/#website","url":"https:\/\/talcomosoy.com.ar\/","name":"Tal Como Soy","description":"Magazine Musical Digital","publisher":{"@id":"https:\/\/talcomosoy.com.ar\/#organization"},"potentialAction":[{"@type":"SearchAction","target":{"@type":"EntryPoint","urlTemplate":"https:\/\/talcomosoy.com.ar\/?s={search_term_string}"},"query-input":{"@type":"PropertyValueSpecification","valueRequired":true,"valueName":"search_term_string"}}],"inLanguage":"es"},{"@type":"Organization","@id":"https:\/\/talcomosoy.com.ar\/#organization","name":"Tal Como Soy","url":"https:\/\/talcomosoy.com.ar\/","logo":{"@type":"ImageObject","inLanguage":"es","@id":"https:\/\/talcomosoy.com.ar\/#\/schema\/logo\/image\/","url":"https:\/\/i0.wp.com\/talcomosoy.com.ar\/wp-content\/uploads\/2020\/02\/PUA-2020-TRANSPARENTE.png?fit=570%2C382&ssl=1","contentUrl":"https:\/\/i0.wp.com\/talcomosoy.com.ar\/wp-content\/uploads\/2020\/02\/PUA-2020-TRANSPARENTE.png?fit=570%2C382&ssl=1","width":570,"height":382,"caption":"Tal Como Soy"},"image":{"@id":"https:\/\/talcomosoy.com.ar\/#\/schema\/logo\/image\/"},"sameAs":["https:\/\/www.facebook.com\/talcomosoyok","https:\/\/x.com\/talcomosoyok","https:\/\/www.instagram.com\/talcomosoyok","https:\/\/www.youtube.com\/channel\/UCrutZzYQmd9Fe8pEm5wqsiw"]},{"@type":"Person","@id":"https:\/\/talcomosoy.com.ar\/#\/schema\/person\/496b3561bd436afcf2be92147ff855c9","name":"Sinda Miranda","image":{"@type":"ImageObject","inLanguage":"es","@id":"https:\/\/secure.gravatar.com\/avatar\/ab0e992fc0b7117fe730d00fb0e44073b1fd6e28d69de8e7ac3103f1396f445e?s=96&d=mm&r=g","url":"https:\/\/secure.gravatar.com\/avatar\/ab0e992fc0b7117fe730d00fb0e44073b1fd6e28d69de8e7ac3103f1396f445e?s=96&d=mm&r=g","contentUrl":"https:\/\/secure.gravatar.com\/avatar\/ab0e992fc0b7117fe730d00fb0e44073b1fd6e28d69de8e7ac3103f1396f445e?s=96&d=mm&r=g","caption":"Sinda Miranda"},"description":"Escritora, Fot\u00f3grafa, Agente de Prensa","sameAs":["https:\/\/www.facebook.com\/sindamiranda","https:\/\/www.instagram.com\/sindamiranda","https:\/\/x.com\/sindamiranda"],"url":"https:\/\/talcomosoy.com.ar\/index.php\/author\/sindamirandatcs\/"}]}},"jetpack_publicize_connections":[],"jetpack_featured_media_url":"https:\/\/i0.wp.com\/talcomosoy.com.ar\/wp-content\/uploads\/2023\/11\/unnamed-2-2.jpg?fit=660%2C395&ssl=1","jetpack_sharing_enabled":true,"jetpack_likes_enabled":true,"_links":{"self":[{"href":"https:\/\/talcomosoy.com.ar\/index.php\/wp-json\/wp\/v2\/posts\/16223","targetHints":{"allow":["GET"]}}],"collection":[{"href":"https:\/\/talcomosoy.com.ar\/index.php\/wp-json\/wp\/v2\/posts"}],"about":[{"href":"https:\/\/talcomosoy.com.ar\/index.php\/wp-json\/wp\/v2\/types\/post"}],"author":[{"embeddable":true,"href":"https:\/\/talcomosoy.com.ar\/index.php\/wp-json\/wp\/v2\/users\/1"}],"replies":[{"embeddable":true,"href":"https:\/\/talcomosoy.com.ar\/index.php\/wp-json\/wp\/v2\/comments?post=16223"}],"version-history":[{"count":1,"href":"https:\/\/talcomosoy.com.ar\/index.php\/wp-json\/wp\/v2\/posts\/16223\/revisions"}],"predecessor-version":[{"id":16225,"href":"https:\/\/talcomosoy.com.ar\/index.php\/wp-json\/wp\/v2\/posts\/16223\/revisions\/16225"}],"wp:featuredmedia":[{"embeddable":true,"href":"https:\/\/talcomosoy.com.ar\/index.php\/wp-json\/wp\/v2\/media\/16226"}],"wp:attachment":[{"href":"https:\/\/talcomosoy.com.ar\/index.php\/wp-json\/wp\/v2\/media?parent=16223"}],"wp:term":[{"taxonomy":"category","embeddable":true,"href":"https:\/\/talcomosoy.com.ar\/index.php\/wp-json\/wp\/v2\/categories?post=16223"},{"taxonomy":"post_tag","embeddable":true,"href":"https:\/\/talcomosoy.com.ar\/index.php\/wp-json\/wp\/v2\/tags?post=16223"}],"curies":[{"name":"wp","href":"https:\/\/api.w.org\/{rel}","templated":true}]}}