{"id":15959,"date":"2023-10-19T10:28:40","date_gmt":"2023-10-19T13:28:40","guid":{"rendered":"https:\/\/talcomosoy.com.ar\/?p=15959"},"modified":"2023-10-19T10:28:40","modified_gmt":"2023-10-19T13:28:40","slug":"el-5-de-noviembre-la-ciudad-rinde-homenaje-a-charly-garcia-y-los-40-anos-de-clics-modernos","status":"publish","type":"post","link":"https:\/\/talcomosoy.com.ar\/index.php\/el-5-de-noviembre-la-ciudad-rinde-homenaje-a-charly-garcia-y-los-40-anos-de-clics-modernos\/","title":{"rendered":"El 5 de noviembre la Ciudad rinde homenaje a Charly Garc\u00eda y los 40 a\u00f1os de \u201cClics Modernos\u201d"},"content":{"rendered":"<h3>\u00a0I\u00f1aki Rojas ser\u00e1 el maestro de ceremonias y guionista del evento.<\/h3>\n<p>&nbsp;<\/p>\n<p><strong>El 5 de noviembre, la Ciudad de Mendoza festeja los 40 a\u00f1os de \u201cClics Modernos\u201d, de Charly Garc\u00eda, con una gran celebraci\u00f3n gratuita en el teatro Gabriela Mistral. <\/strong><\/p>\n<p><em>\u201cTengo que volverte a ver\u201d<\/em> ser\u00e1 el encuentro que contar\u00e1 con la participaci\u00f3n de referentes de nuestra provincia y ya se conocen los invitados que estar\u00e1n presentes en este homenaje, con una destacada presencia en el staff.<\/p>\n<p>El show musical ser\u00e1 dirigido nada menos que por <strong>Juan Emilio Cuchiarelli<\/strong> (piano y sintetizadores) y<strong> Joaqu\u00edn Guevara<\/strong> (bajo). La banda estable estar\u00e1 completada por <strong>Exequiel Stocco<\/strong> (voz), <strong>Yoyo Sevilla<\/strong> (guitarra), <strong>Mat\u00edas Gorordo<\/strong> (percusi\u00f3n electr\u00f3nica) y <strong>Gonzalo Gorordo<\/strong> (bater\u00eda).<\/p>\n<p>A ellos se sumar\u00e1n como invitadas las voces de <strong>Aluh\u00e9 Dum\u00e9, Francisca Figueroa<\/strong> de Spaghetti Western y <strong>Guille Levis<\/strong> de La Skandalosa Tripulaci\u00f3n, en voz y saxo.<strong> I\u00f1aki de la Rosa<\/strong> ser\u00e1 otro de los presentes que se lucir\u00e1 en el escenario con su saxo, en un encuentro que recrear\u00e1 en vivo el disco completo y canciones de otras etapas de la prol\u00edfica obra de Charly.<\/p>\n<p>Adem\u00e1s, <strong>I\u00f1aki Rojas<\/strong>, quien se desempe\u00f1a como periodista, escritor, comediante y es el reciente ganador del Certamen Vendimia 2023 en categor\u00eda Novela, ser\u00e1 el maestro de ceremonias y guionista del evento.<\/p>\n<p><strong>La propuesta tendr\u00e1, tambi\u00e9n, una puesta audiovisual de importancia que ilustrar\u00e1 con im\u00e1genes estos 40 a\u00f1os de \u201cClics Modernos\u201d. Y, para que la jornada sea una verdadera fiesta, se sumar\u00e1n foodtrucks, ilustradores, habr\u00e1 exposici\u00f3n y venta de vinilos con la participaci\u00f3n especial de Club del Vinilo Mendoza y muchos artistas m\u00e1s.<\/strong><\/p>\n<p>Esta iniciativa es el resultado de una articulaci\u00f3n p\u00fablico-privada que cuenta con el auspicio de Banco Galicia y una producci\u00f3n conjunta entre la Ciudad de Mendoza y Tayo Producciones.<\/p>\n<p>&nbsp;<\/p>\n<h3>Sobre el Club del Vinilo Mendoza<\/h3>\n<p>&nbsp;<\/p>\n<p>Es un cl\u00e1sico para mel\u00f3manos, m\u00fasicos, coleccionistas y p\u00fablico en general, que ya cuenta con m\u00e1s de 50 ediciones. Desde la primera, en febrero de 2016, Mendoza tiene un espacio para amantes de la m\u00fasica en formato de vinilo.<\/p>\n<p>Centros culturales, bares, restaurantes, bibliotecas, museos de diversos departamentos, el festival La Nueva Generaci\u00f3n y la Feria del Libro provincial han sido sede de los numerosos encuentros del club.<\/p>\n<p>Cada evento incluye una feria de venta y canje de vinilos y cds, junto a la presentaci\u00f3n de exclusivos djs sets. Todos ellos han contado siempre con una excelente convocatoria.<\/p>\n<p>&nbsp;<\/p>\n<p>&nbsp;<\/p>\n<p>&nbsp;<\/p>\n<p>&nbsp;<\/p>\n<p>&nbsp;<\/p>\n<p>&nbsp;<\/p>\n","protected":false},"excerpt":{"rendered":"<p>\u00a0I\u00f1aki Rojas ser\u00e1 el maestro de ceremonias y guionista del evento. &nbsp; El 5 de<\/p>\n","protected":false},"author":1,"featured_media":15960,"comment_status":"closed","ping_status":"closed","sticky":false,"template":"","format":"standard","meta":{"_jetpack_memberships_contains_paid_content":false,"footnotes":"","jetpack_publicize_message":"","jetpack_publicize_feature_enabled":true,"jetpack_social_post_already_shared":true,"jetpack_social_options":{"image_generator_settings":{"template":"highway","default_image_id":0,"font":"","enabled":false},"version":2}},"categories":[142,2,87],"tags":[],"class_list":["post-15959","post","type-post","status-publish","format-standard","has-post-thumbnail","hentry","category-homenajes","category-musica","category-rock-argentino"],"yoast_head":"<!-- This site is optimized with the Yoast SEO plugin v27.5 - https:\/\/yoast.com\/product\/yoast-seo-wordpress\/ -->\n<title>El 5 de noviembre la Ciudad rinde homenaje a Charly Garc\u00eda y los 40 a\u00f1os de \u201cClics Modernos\u201d - Tal Como Soy<\/title>\n<meta name=\"robots\" content=\"index, follow, max-snippet:-1, max-image-preview:large, max-video-preview:-1\" \/>\n<link rel=\"canonical\" href=\"https:\/\/talcomosoy.com.ar\/index.php\/el-5-de-noviembre-la-ciudad-rinde-homenaje-a-charly-garcia-y-los-40-anos-de-clics-modernos\/\" \/>\n<meta property=\"og:locale\" content=\"es_ES\" \/>\n<meta property=\"og:type\" content=\"article\" \/>\n<meta property=\"og:title\" content=\"El 5 de noviembre la Ciudad rinde homenaje a Charly Garc\u00eda y los 40 a\u00f1os de \u201cClics Modernos\u201d - Tal Como Soy\" \/>\n<meta property=\"og:description\" content=\"\u00a0I\u00f1aki Rojas ser\u00e1 el maestro de ceremonias y guionista del evento. &nbsp; El 5 de\" \/>\n<meta property=\"og:url\" content=\"https:\/\/talcomosoy.com.ar\/index.php\/el-5-de-noviembre-la-ciudad-rinde-homenaje-a-charly-garcia-y-los-40-anos-de-clics-modernos\/\" \/>\n<meta property=\"og:site_name\" content=\"Tal Como Soy\" \/>\n<meta property=\"article:publisher\" content=\"https:\/\/www.facebook.com\/talcomosoyok\" \/>\n<meta property=\"article:author\" content=\"https:\/\/www.facebook.com\/sindamiranda\" \/>\n<meta property=\"article:published_time\" content=\"2023-10-19T13:28:40+00:00\" \/>\n<meta property=\"og:image\" content=\"https:\/\/i0.wp.com\/talcomosoy.com.ar\/wp-content\/uploads\/2023\/10\/unnamed-9.jpg?fit=1920%2C1080&ssl=1\" \/>\n\t<meta property=\"og:image:width\" content=\"1920\" \/>\n\t<meta property=\"og:image:height\" content=\"1080\" \/>\n\t<meta property=\"og:image:type\" content=\"image\/jpeg\" \/>\n<meta name=\"author\" content=\"Sinda Miranda\" \/>\n<meta name=\"twitter:card\" content=\"summary_large_image\" \/>\n<meta name=\"twitter:creator\" content=\"@sindamiranda\" \/>\n<meta name=\"twitter:site\" content=\"@talcomosoyok\" \/>\n<meta name=\"twitter:label1\" content=\"Escrito por\" \/>\n\t<meta name=\"twitter:data1\" content=\"Sinda Miranda\" \/>\n\t<meta name=\"twitter:label2\" content=\"Tiempo de lectura\" \/>\n\t<meta name=\"twitter:data2\" content=\"2 minutos\" \/>\n<script type=\"application\/ld+json\" class=\"yoast-schema-graph\">{\"@context\":\"https:\\\/\\\/schema.org\",\"@graph\":[{\"@type\":\"Article\",\"@id\":\"https:\\\/\\\/talcomosoy.com.ar\\\/index.php\\\/el-5-de-noviembre-la-ciudad-rinde-homenaje-a-charly-garcia-y-los-40-anos-de-clics-modernos\\\/#article\",\"isPartOf\":{\"@id\":\"https:\\\/\\\/talcomosoy.com.ar\\\/index.php\\\/el-5-de-noviembre-la-ciudad-rinde-homenaje-a-charly-garcia-y-los-40-anos-de-clics-modernos\\\/\"},\"author\":{\"name\":\"Sinda Miranda\",\"@id\":\"https:\\\/\\\/talcomosoy.com.ar\\\/#\\\/schema\\\/person\\\/496b3561bd436afcf2be92147ff855c9\"},\"headline\":\"El 5 de noviembre la Ciudad rinde homenaje a Charly Garc\u00eda y los 40 a\u00f1os de \u201cClics Modernos\u201d\",\"datePublished\":\"2023-10-19T13:28:40+00:00\",\"mainEntityOfPage\":{\"@id\":\"https:\\\/\\\/talcomosoy.com.ar\\\/index.php\\\/el-5-de-noviembre-la-ciudad-rinde-homenaje-a-charly-garcia-y-los-40-anos-de-clics-modernos\\\/\"},\"wordCount\":454,\"publisher\":{\"@id\":\"https:\\\/\\\/talcomosoy.com.ar\\\/#organization\"},\"image\":{\"@id\":\"https:\\\/\\\/talcomosoy.com.ar\\\/index.php\\\/el-5-de-noviembre-la-ciudad-rinde-homenaje-a-charly-garcia-y-los-40-anos-de-clics-modernos\\\/#primaryimage\"},\"thumbnailUrl\":\"https:\\\/\\\/i0.wp.com\\\/talcomosoy.com.ar\\\/wp-content\\\/uploads\\\/2023\\\/10\\\/unnamed-9.jpg?fit=1920%2C1080&ssl=1\",\"articleSection\":[\"Homenajes\",\"M\u00fasica\",\"Rock Argentino\"],\"inLanguage\":\"es\"},{\"@type\":\"WebPage\",\"@id\":\"https:\\\/\\\/talcomosoy.com.ar\\\/index.php\\\/el-5-de-noviembre-la-ciudad-rinde-homenaje-a-charly-garcia-y-los-40-anos-de-clics-modernos\\\/\",\"url\":\"https:\\\/\\\/talcomosoy.com.ar\\\/index.php\\\/el-5-de-noviembre-la-ciudad-rinde-homenaje-a-charly-garcia-y-los-40-anos-de-clics-modernos\\\/\",\"name\":\"El 5 de noviembre la Ciudad rinde homenaje a Charly Garc\u00eda y los 40 a\u00f1os de \u201cClics Modernos\u201d - Tal Como Soy\",\"isPartOf\":{\"@id\":\"https:\\\/\\\/talcomosoy.com.ar\\\/#website\"},\"primaryImageOfPage\":{\"@id\":\"https:\\\/\\\/talcomosoy.com.ar\\\/index.php\\\/el-5-de-noviembre-la-ciudad-rinde-homenaje-a-charly-garcia-y-los-40-anos-de-clics-modernos\\\/#primaryimage\"},\"image\":{\"@id\":\"https:\\\/\\\/talcomosoy.com.ar\\\/index.php\\\/el-5-de-noviembre-la-ciudad-rinde-homenaje-a-charly-garcia-y-los-40-anos-de-clics-modernos\\\/#primaryimage\"},\"thumbnailUrl\":\"https:\\\/\\\/i0.wp.com\\\/talcomosoy.com.ar\\\/wp-content\\\/uploads\\\/2023\\\/10\\\/unnamed-9.jpg?fit=1920%2C1080&ssl=1\",\"datePublished\":\"2023-10-19T13:28:40+00:00\",\"inLanguage\":\"es\",\"potentialAction\":[{\"@type\":\"ReadAction\",\"target\":[\"https:\\\/\\\/talcomosoy.com.ar\\\/index.php\\\/el-5-de-noviembre-la-ciudad-rinde-homenaje-a-charly-garcia-y-los-40-anos-de-clics-modernos\\\/\"]}]},{\"@type\":\"ImageObject\",\"inLanguage\":\"es\",\"@id\":\"https:\\\/\\\/talcomosoy.com.ar\\\/index.php\\\/el-5-de-noviembre-la-ciudad-rinde-homenaje-a-charly-garcia-y-los-40-anos-de-clics-modernos\\\/#primaryimage\",\"url\":\"https:\\\/\\\/i0.wp.com\\\/talcomosoy.com.ar\\\/wp-content\\\/uploads\\\/2023\\\/10\\\/unnamed-9.jpg?fit=1920%2C1080&ssl=1\",\"contentUrl\":\"https:\\\/\\\/i0.wp.com\\\/talcomosoy.com.ar\\\/wp-content\\\/uploads\\\/2023\\\/10\\\/unnamed-9.jpg?fit=1920%2C1080&ssl=1\",\"width\":1920,\"height\":1080},{\"@type\":\"WebSite\",\"@id\":\"https:\\\/\\\/talcomosoy.com.ar\\\/#website\",\"url\":\"https:\\\/\\\/talcomosoy.com.ar\\\/\",\"name\":\"Tal Como Soy\",\"description\":\"Magazine Musical Digital\",\"publisher\":{\"@id\":\"https:\\\/\\\/talcomosoy.com.ar\\\/#organization\"},\"potentialAction\":[{\"@type\":\"SearchAction\",\"target\":{\"@type\":\"EntryPoint\",\"urlTemplate\":\"https:\\\/\\\/talcomosoy.com.ar\\\/?s={search_term_string}\"},\"query-input\":{\"@type\":\"PropertyValueSpecification\",\"valueRequired\":true,\"valueName\":\"search_term_string\"}}],\"inLanguage\":\"es\"},{\"@type\":\"Organization\",\"@id\":\"https:\\\/\\\/talcomosoy.com.ar\\\/#organization\",\"name\":\"Tal Como Soy\",\"url\":\"https:\\\/\\\/talcomosoy.com.ar\\\/\",\"logo\":{\"@type\":\"ImageObject\",\"inLanguage\":\"es\",\"@id\":\"https:\\\/\\\/talcomosoy.com.ar\\\/#\\\/schema\\\/logo\\\/image\\\/\",\"url\":\"https:\\\/\\\/i0.wp.com\\\/talcomosoy.com.ar\\\/wp-content\\\/uploads\\\/2020\\\/02\\\/PUA-2020-TRANSPARENTE.png?fit=570%2C382&ssl=1\",\"contentUrl\":\"https:\\\/\\\/i0.wp.com\\\/talcomosoy.com.ar\\\/wp-content\\\/uploads\\\/2020\\\/02\\\/PUA-2020-TRANSPARENTE.png?fit=570%2C382&ssl=1\",\"width\":570,\"height\":382,\"caption\":\"Tal Como Soy\"},\"image\":{\"@id\":\"https:\\\/\\\/talcomosoy.com.ar\\\/#\\\/schema\\\/logo\\\/image\\\/\"},\"sameAs\":[\"https:\\\/\\\/www.facebook.com\\\/talcomosoyok\",\"https:\\\/\\\/x.com\\\/talcomosoyok\",\"https:\\\/\\\/www.instagram.com\\\/talcomosoyok\",\"https:\\\/\\\/www.youtube.com\\\/channel\\\/UCrutZzYQmd9Fe8pEm5wqsiw\"]},{\"@type\":\"Person\",\"@id\":\"https:\\\/\\\/talcomosoy.com.ar\\\/#\\\/schema\\\/person\\\/496b3561bd436afcf2be92147ff855c9\",\"name\":\"Sinda Miranda\",\"image\":{\"@type\":\"ImageObject\",\"inLanguage\":\"es\",\"@id\":\"https:\\\/\\\/secure.gravatar.com\\\/avatar\\\/ab0e992fc0b7117fe730d00fb0e44073b1fd6e28d69de8e7ac3103f1396f445e?s=96&d=mm&r=g\",\"url\":\"https:\\\/\\\/secure.gravatar.com\\\/avatar\\\/ab0e992fc0b7117fe730d00fb0e44073b1fd6e28d69de8e7ac3103f1396f445e?s=96&d=mm&r=g\",\"contentUrl\":\"https:\\\/\\\/secure.gravatar.com\\\/avatar\\\/ab0e992fc0b7117fe730d00fb0e44073b1fd6e28d69de8e7ac3103f1396f445e?s=96&d=mm&r=g\",\"caption\":\"Sinda Miranda\"},\"description\":\"Escritora, Fot\u00f3grafa, Agente de Prensa\",\"sameAs\":[\"https:\\\/\\\/www.facebook.com\\\/sindamiranda\",\"https:\\\/\\\/www.instagram.com\\\/sindamiranda\",\"https:\\\/\\\/x.com\\\/sindamiranda\"],\"url\":\"https:\\\/\\\/talcomosoy.com.ar\\\/index.php\\\/author\\\/sindamirandatcs\\\/\"}]}<\/script>\n<!-- \/ Yoast SEO plugin. -->","yoast_head_json":{"title":"El 5 de noviembre la Ciudad rinde homenaje a Charly Garc\u00eda y los 40 a\u00f1os de \u201cClics Modernos\u201d - Tal Como Soy","robots":{"index":"index","follow":"follow","max-snippet":"max-snippet:-1","max-image-preview":"max-image-preview:large","max-video-preview":"max-video-preview:-1"},"canonical":"https:\/\/talcomosoy.com.ar\/index.php\/el-5-de-noviembre-la-ciudad-rinde-homenaje-a-charly-garcia-y-los-40-anos-de-clics-modernos\/","og_locale":"es_ES","og_type":"article","og_title":"El 5 de noviembre la Ciudad rinde homenaje a Charly Garc\u00eda y los 40 a\u00f1os de \u201cClics Modernos\u201d - Tal Como Soy","og_description":"\u00a0I\u00f1aki Rojas ser\u00e1 el maestro de ceremonias y guionista del evento. &nbsp; El 5 de","og_url":"https:\/\/talcomosoy.com.ar\/index.php\/el-5-de-noviembre-la-ciudad-rinde-homenaje-a-charly-garcia-y-los-40-anos-de-clics-modernos\/","og_site_name":"Tal Como Soy","article_publisher":"https:\/\/www.facebook.com\/talcomosoyok","article_author":"https:\/\/www.facebook.com\/sindamiranda","article_published_time":"2023-10-19T13:28:40+00:00","og_image":[{"width":1920,"height":1080,"url":"https:\/\/i0.wp.com\/talcomosoy.com.ar\/wp-content\/uploads\/2023\/10\/unnamed-9.jpg?fit=1920%2C1080&ssl=1","type":"image\/jpeg"}],"author":"Sinda Miranda","twitter_card":"summary_large_image","twitter_creator":"@sindamiranda","twitter_site":"@talcomosoyok","twitter_misc":{"Escrito por":"Sinda Miranda","Tiempo de lectura":"2 minutos"},"schema":{"@context":"https:\/\/schema.org","@graph":[{"@type":"Article","@id":"https:\/\/talcomosoy.com.ar\/index.php\/el-5-de-noviembre-la-ciudad-rinde-homenaje-a-charly-garcia-y-los-40-anos-de-clics-modernos\/#article","isPartOf":{"@id":"https:\/\/talcomosoy.com.ar\/index.php\/el-5-de-noviembre-la-ciudad-rinde-homenaje-a-charly-garcia-y-los-40-anos-de-clics-modernos\/"},"author":{"name":"Sinda Miranda","@id":"https:\/\/talcomosoy.com.ar\/#\/schema\/person\/496b3561bd436afcf2be92147ff855c9"},"headline":"El 5 de noviembre la Ciudad rinde homenaje a Charly Garc\u00eda y los 40 a\u00f1os de \u201cClics Modernos\u201d","datePublished":"2023-10-19T13:28:40+00:00","mainEntityOfPage":{"@id":"https:\/\/talcomosoy.com.ar\/index.php\/el-5-de-noviembre-la-ciudad-rinde-homenaje-a-charly-garcia-y-los-40-anos-de-clics-modernos\/"},"wordCount":454,"publisher":{"@id":"https:\/\/talcomosoy.com.ar\/#organization"},"image":{"@id":"https:\/\/talcomosoy.com.ar\/index.php\/el-5-de-noviembre-la-ciudad-rinde-homenaje-a-charly-garcia-y-los-40-anos-de-clics-modernos\/#primaryimage"},"thumbnailUrl":"https:\/\/i0.wp.com\/talcomosoy.com.ar\/wp-content\/uploads\/2023\/10\/unnamed-9.jpg?fit=1920%2C1080&ssl=1","articleSection":["Homenajes","M\u00fasica","Rock Argentino"],"inLanguage":"es"},{"@type":"WebPage","@id":"https:\/\/talcomosoy.com.ar\/index.php\/el-5-de-noviembre-la-ciudad-rinde-homenaje-a-charly-garcia-y-los-40-anos-de-clics-modernos\/","url":"https:\/\/talcomosoy.com.ar\/index.php\/el-5-de-noviembre-la-ciudad-rinde-homenaje-a-charly-garcia-y-los-40-anos-de-clics-modernos\/","name":"El 5 de noviembre la Ciudad rinde homenaje a Charly Garc\u00eda y los 40 a\u00f1os de \u201cClics Modernos\u201d - Tal Como Soy","isPartOf":{"@id":"https:\/\/talcomosoy.com.ar\/#website"},"primaryImageOfPage":{"@id":"https:\/\/talcomosoy.com.ar\/index.php\/el-5-de-noviembre-la-ciudad-rinde-homenaje-a-charly-garcia-y-los-40-anos-de-clics-modernos\/#primaryimage"},"image":{"@id":"https:\/\/talcomosoy.com.ar\/index.php\/el-5-de-noviembre-la-ciudad-rinde-homenaje-a-charly-garcia-y-los-40-anos-de-clics-modernos\/#primaryimage"},"thumbnailUrl":"https:\/\/i0.wp.com\/talcomosoy.com.ar\/wp-content\/uploads\/2023\/10\/unnamed-9.jpg?fit=1920%2C1080&ssl=1","datePublished":"2023-10-19T13:28:40+00:00","inLanguage":"es","potentialAction":[{"@type":"ReadAction","target":["https:\/\/talcomosoy.com.ar\/index.php\/el-5-de-noviembre-la-ciudad-rinde-homenaje-a-charly-garcia-y-los-40-anos-de-clics-modernos\/"]}]},{"@type":"ImageObject","inLanguage":"es","@id":"https:\/\/talcomosoy.com.ar\/index.php\/el-5-de-noviembre-la-ciudad-rinde-homenaje-a-charly-garcia-y-los-40-anos-de-clics-modernos\/#primaryimage","url":"https:\/\/i0.wp.com\/talcomosoy.com.ar\/wp-content\/uploads\/2023\/10\/unnamed-9.jpg?fit=1920%2C1080&ssl=1","contentUrl":"https:\/\/i0.wp.com\/talcomosoy.com.ar\/wp-content\/uploads\/2023\/10\/unnamed-9.jpg?fit=1920%2C1080&ssl=1","width":1920,"height":1080},{"@type":"WebSite","@id":"https:\/\/talcomosoy.com.ar\/#website","url":"https:\/\/talcomosoy.com.ar\/","name":"Tal Como Soy","description":"Magazine Musical Digital","publisher":{"@id":"https:\/\/talcomosoy.com.ar\/#organization"},"potentialAction":[{"@type":"SearchAction","target":{"@type":"EntryPoint","urlTemplate":"https:\/\/talcomosoy.com.ar\/?s={search_term_string}"},"query-input":{"@type":"PropertyValueSpecification","valueRequired":true,"valueName":"search_term_string"}}],"inLanguage":"es"},{"@type":"Organization","@id":"https:\/\/talcomosoy.com.ar\/#organization","name":"Tal Como Soy","url":"https:\/\/talcomosoy.com.ar\/","logo":{"@type":"ImageObject","inLanguage":"es","@id":"https:\/\/talcomosoy.com.ar\/#\/schema\/logo\/image\/","url":"https:\/\/i0.wp.com\/talcomosoy.com.ar\/wp-content\/uploads\/2020\/02\/PUA-2020-TRANSPARENTE.png?fit=570%2C382&ssl=1","contentUrl":"https:\/\/i0.wp.com\/talcomosoy.com.ar\/wp-content\/uploads\/2020\/02\/PUA-2020-TRANSPARENTE.png?fit=570%2C382&ssl=1","width":570,"height":382,"caption":"Tal Como Soy"},"image":{"@id":"https:\/\/talcomosoy.com.ar\/#\/schema\/logo\/image\/"},"sameAs":["https:\/\/www.facebook.com\/talcomosoyok","https:\/\/x.com\/talcomosoyok","https:\/\/www.instagram.com\/talcomosoyok","https:\/\/www.youtube.com\/channel\/UCrutZzYQmd9Fe8pEm5wqsiw"]},{"@type":"Person","@id":"https:\/\/talcomosoy.com.ar\/#\/schema\/person\/496b3561bd436afcf2be92147ff855c9","name":"Sinda Miranda","image":{"@type":"ImageObject","inLanguage":"es","@id":"https:\/\/secure.gravatar.com\/avatar\/ab0e992fc0b7117fe730d00fb0e44073b1fd6e28d69de8e7ac3103f1396f445e?s=96&d=mm&r=g","url":"https:\/\/secure.gravatar.com\/avatar\/ab0e992fc0b7117fe730d00fb0e44073b1fd6e28d69de8e7ac3103f1396f445e?s=96&d=mm&r=g","contentUrl":"https:\/\/secure.gravatar.com\/avatar\/ab0e992fc0b7117fe730d00fb0e44073b1fd6e28d69de8e7ac3103f1396f445e?s=96&d=mm&r=g","caption":"Sinda Miranda"},"description":"Escritora, Fot\u00f3grafa, Agente de Prensa","sameAs":["https:\/\/www.facebook.com\/sindamiranda","https:\/\/www.instagram.com\/sindamiranda","https:\/\/x.com\/sindamiranda"],"url":"https:\/\/talcomosoy.com.ar\/index.php\/author\/sindamirandatcs\/"}]}},"jetpack_publicize_connections":[],"jetpack_featured_media_url":"https:\/\/i0.wp.com\/talcomosoy.com.ar\/wp-content\/uploads\/2023\/10\/unnamed-9.jpg?fit=1920%2C1080&ssl=1","jetpack_sharing_enabled":true,"jetpack_likes_enabled":true,"_links":{"self":[{"href":"https:\/\/talcomosoy.com.ar\/index.php\/wp-json\/wp\/v2\/posts\/15959","targetHints":{"allow":["GET"]}}],"collection":[{"href":"https:\/\/talcomosoy.com.ar\/index.php\/wp-json\/wp\/v2\/posts"}],"about":[{"href":"https:\/\/talcomosoy.com.ar\/index.php\/wp-json\/wp\/v2\/types\/post"}],"author":[{"embeddable":true,"href":"https:\/\/talcomosoy.com.ar\/index.php\/wp-json\/wp\/v2\/users\/1"}],"replies":[{"embeddable":true,"href":"https:\/\/talcomosoy.com.ar\/index.php\/wp-json\/wp\/v2\/comments?post=15959"}],"version-history":[{"count":1,"href":"https:\/\/talcomosoy.com.ar\/index.php\/wp-json\/wp\/v2\/posts\/15959\/revisions"}],"predecessor-version":[{"id":15961,"href":"https:\/\/talcomosoy.com.ar\/index.php\/wp-json\/wp\/v2\/posts\/15959\/revisions\/15961"}],"wp:featuredmedia":[{"embeddable":true,"href":"https:\/\/talcomosoy.com.ar\/index.php\/wp-json\/wp\/v2\/media\/15960"}],"wp:attachment":[{"href":"https:\/\/talcomosoy.com.ar\/index.php\/wp-json\/wp\/v2\/media?parent=15959"}],"wp:term":[{"taxonomy":"category","embeddable":true,"href":"https:\/\/talcomosoy.com.ar\/index.php\/wp-json\/wp\/v2\/categories?post=15959"},{"taxonomy":"post_tag","embeddable":true,"href":"https:\/\/talcomosoy.com.ar\/index.php\/wp-json\/wp\/v2\/tags?post=15959"}],"curies":[{"name":"wp","href":"https:\/\/api.w.org\/{rel}","templated":true}]}}